{"id":124236,"date":"2024-05-14T12:18:24","date_gmt":"2024-05-14T17:18:24","guid":{"rendered":"https:\/\/lospoliticosveracruz.com.mx\/?p=124236"},"modified":"2024-05-14T12:18:30","modified_gmt":"2024-05-14T17:18:30","slug":"a-20-dias","status":"publish","type":"post","link":"https:\/\/lospoliticosveracruz.com\/?p=124236","title":{"rendered":"A 20 D\u00cdAS\u2026"},"content":{"rendered":"\n<p><\/p>\n\n\n\n<p><strong>Jos\u00e9 Luis Ortega Vidal<\/strong><br><em>Claroscuros<\/em><br>(1)<br>Dentro de tres semanas -menos un d\u00eda- se realizar\u00e1n los comicios del proceso electoral 2024.<br>Ocurrir\u00e1 la elecci\u00f3n de la nueva presidenta de M\u00e9xico y los relevos en nueve gubernaturas.<br>Lo correcto ser\u00eda referir al nuevo mandatario nacional \u2013en masculino-, lo cual incluir\u00eda el posible arribo a la silla del \u00e1guila y la serpiente, de una mujer entre las dos que compiten.<\/p>\n\n\n<div class=\"wp-block-image\">\n<figure class=\"alignleft size-thumbnail\"><a href=\"https:\/\/lospoliticosveracruz.com.mx\/wp-content\/uploads\/2023\/02\/Vinissimo.jpg\"><img decoding=\"async\" src=\"https:\/\/lospoliticosveracruz.com.mx\/wp-content\/uploads\/2023\/02\/Vinissimo-150x150.jpg\" alt=\"\" class=\"wp-image-102752\"\/><\/a><\/figure>\n<\/div>\n\n\n<p><br>Sin embargo, el var\u00f3n que participa -un tal Jorge \u00c1lvarez M\u00e1ynez- en realidad es testaferro del partido y grupo en el poder, encabezados ambos por el presidente Andr\u00e9s Manuel L\u00f3pez Obrador.<br>La competencia real es entre X\u00f3chitl G\u00e1lvez y Claudia Sheinbaum, con el aparato de Estado al servicio de la primera \u2013como ha ocurrido a lo largo de la historia electoral del pa\u00eds-, mientras que la segunda participa desde la oposici\u00f3n, que en M\u00e9xico vive postrada por la m\u00e1xima juarista: a mis amigos la ley y la gracia, a mis enemigos la ley a secas.<br>No es para espantarse; estamos ante reglas viejas de un juego viejo de lucha por el poder: lo \u00fanico importante, en todo caso, es criticar el prurito discursivo, que no obstante ser falso obliga a todos a rascarse: eso de que nosotros no somos como los de antes\u2026<br>En realidad, todo sigue igual y los que hoy est\u00e1n, act\u00faan como los de siempre.<\/p>\n\n\n\n<p>(2)<br>En el caso de la elecci\u00f3n estatal veracruzana la picaz\u00f3n demag\u00f3gica tambi\u00e9n aplica: aunque nos digan que son m\u00e1s dem\u00f3cratas que la madre Teresa de Calcuta al momento de repartir el pan entre menesterosos, el partido y grupo en el poder estatal pecan como lo hicieron los de antes y los de endenantes\u2026<br>MORENA, a casi seis a\u00f1os en el poder, ejerce los mismos vicios que el PRI cre\u00f3 y consolid\u00f3, y el PAN repiti\u00f3 con todo cinismo\u2026<\/p>\n\n\n\n<p>(3)<br>En Veracruz, un tal Polo Deschamps juega el mismo papel que Dante Delgado negoci\u00f3 para M\u00e1ynez: el de distractor, de inc\u00f3moda presencia para el opositor a fin de abrir espacio a favor de la candidata oficial.<\/p>\n\n\n\n<p>(4)<br>Faltan veinte d\u00edas para los comicios y no existe garant\u00eda de triunfo para ninguno de los dos rivales veracruzanos.<br>Con diferencias extremas, hay encuestas que le dan ventaja a Roc\u00edo Nahle, como hay encuestas que otorgan ventaja a Pepe Yunes.<br>Hay empresas demosc\u00f3picas que dan a conocer el resultado de sus trabajos de forma gratuita, como hay empresas cuyos estudios se entregan de forma privada a quien les pague.<br>Como espectadores tenemos acceso a informaci\u00f3n dudosa, porque algunos resultados necesariamente son falsos y su misi\u00f3n es confundir al electorado\u2026<br>Habr\u00e1 informaci\u00f3n de encuestas que resulte certera pero s\u00f3lo podremos corroborarlo el dos de junio.<\/p>\n\n\n\n<p>(5)<br>Fuentes de los primeros c\u00edrculos de Roc\u00edo Nahle y Jos\u00e9 Yunes, revelaron a este reportero los siguientes datos: s\u00ed, existen encuestas privadas pagadas por cada equipo; una encuesta coloca a Jos\u00e9 Yunes Zorrilla al frente, por dos puntos; una m\u00e1s lo ubica con una ventaja mayor; por otra parte, dos encuestas colocan a Roc\u00edo Nahle en primer lugar; por un punto en una encuesta y por dos puntos en la otra.<br>No hay, de acuerdo a esta informaci\u00f3n, encuestas con ventajas de dos d\u00edgitos.<br>Las encuestas que colocaron a Nahle con veinte puntos de ventaja ocurrieron en diciembre y sus n\u00fameros se fueron disminuyendo entre enero, febrero y marzo, primero por debajo de los veinte y luego por debajo de los diez puntos\u2026<br>En abril, empezaron las diferencias de nueve, ocho, siete puntos hasta arribar al empate t\u00e9cnico en el mes de mayo y ocurrir, tambi\u00e9n en este mes, el cruce de preferencias a favor de Yunes Zorrilla en encuestas que -lo sabemos- siempre son retratos de momento y pueden cambiar en forma repentina.<br>Eso s\u00ed, en el equipo del candidato de Fuerza y Coraz\u00f3n por Veracruz, del PAN\/PRI\/PRD, hay entusiasmo por la tendencia al alza de su abanderado durante los \u00faltimos meses.<br>Por el lado de Roc\u00edo Nahle hay nerviosismo. No lo admiten ni lo admitir\u00e1n, lo cual se entiende, pero hay gente de MORENA preocupada por el cierre de la competencia.<\/p>\n\n\n\n<p>(6)<br>Ocurre en la alianza Seguimos Haciendo Historia, de MORENA\/PT\/PVEM, un fen\u00f3meno que dio inicio desde diciembre, pero no se le prest\u00f3 atenci\u00f3n: la divisi\u00f3n interna morenista.<br>Empez\u00f3 como un choque entre grupos de poder, a causa de la contienda interna por la candidatura al gobierno estatal, entregada finalmente a Roc\u00edo Nahle.<br>Se calcul\u00f3 que la entrega de la candidatura senatorial a Manuel Ladr\u00f3n de Guevara calmar\u00eda los \u00e1nimos entre los promotores -son miles- de BIENESTAR en la entidad, a quienes Huerta encabez\u00f3 durante cinco a\u00f1os; pero no se midieron adecuadamente la lucha por diputaciones y los celos por otorgar posiciones a gente que lleg\u00f3 de otros partidos.<br>Por otra parte, eliminar toda posibilidad de un cargo importante en Veracruz al ex secretario de Gobierno Erick Patrocinio Cisneros Burgos, se observ\u00f3 como una decisi\u00f3n plausible\u2026<br>Esto, por el negro historial ligado a dicho personaje desde su control de la Fiscal\u00eda, la Secretaria de Seguridad Publica y el Poder Judicial, lo cual convirti\u00f3 su oficina en una gubernatura paralela y a veces m\u00e1s influyente que la oficial\u2026<br>Pero, con el transcurrir del tiempo y el incremento en las preferencias para Yunes Zorrilla, se extra\u00f1\u00f3 a Erick Patrocinio Cisneros Burgos porque el mes de abril arroj\u00f3 una condici\u00f3n no prevista: el esc\u00e1ndalo estatal y nacional por las denuncias de Arturo Castagn\u00e9 Couturier, el empresario que coloc\u00f3 en manos de la Fiscal\u00eda General de la Rep\u00fablica -pero sobre todo, en el imaginario colectivo veracruzano- el se\u00f1alamiento de Roc\u00edo Nahle Garc\u00eda como una mujer corrupta.<br>La ingeniera y ex secretaria de Energ\u00eda es inocente mientras no se demuestre lo contrario y quien acusa tiene la obligaci\u00f3n de probar, de acuerdo a principios b\u00e1sicos de la ley; sin embargo, las presuntas pruebas mostradas semana tras semana por el tambi\u00e9n pol\u00edtico vecino de San Rafael, cumplieron el objetivo de golpear con dureza el muro pol\u00edtico defensivo de MORENA en Veracruz y abrieron espacio para el referido crecimiento de Jos\u00e9 \u201cPepe\u201d Yunes Zorrilla.<br>No se puede explicar el empate t\u00e9cnico entre los contendientes sin el efecto de las denuncias de Arturo Castagn\u00e9.<br>Tambi\u00e9n contribuy\u00f3 a lo anterior la reacci\u00f3n tard\u00eda, lenta, d\u00e9bil, de Roc\u00edo Nahle Garc\u00eda que al inicio minimiz\u00f3 los se\u00f1alamientos sobre su patrimonio familiar, y al final opt\u00f3 por acudir a medios de comunicaci\u00f3n nacionales, al tiempo de continuar su desd\u00e9n a la prensa estatal, regional y local de Veracruz.<br>Erick Patrocinio Cisneros Burgos re\u00fane el perfil para una defensa como la que MORENA requiri\u00f3 en Veracruz durante el mes de abril.<br>Empero, fue desde\u00f1ado, no lo valoraron como el p\u00fagil ma\u00f1oso y golpeador con sa\u00f1a que es, y no lo treparon al ring donde, durante cuatro semanas de abril, el proselitismo de Seguimos Haciendo Historia result\u00f3 gravemente vapuleado.<\/p>\n\n\n\n<p>(7)<br>El mes de mayo marca nuevos derroteros.<br>Ya ocurri\u00f3 el segundo debate que estuvo para dormirse y donde, de nueva cuenta, la ingeniera mostr\u00f3 un car\u00e1cter impetuoso.<br>Nadie cuestiona la inteligencia de Roc\u00edo Nahle y de Jos\u00e9 Yunes, pero en pol\u00edtica la forma es fondo y esa verdad no tiene que ver con izquierdas ni derechas, con ricos o pobres, con utop\u00edas y distop\u00edas.<br>Si eres pol\u00edtico est\u00e1s obligado a ocultar tu pensamiento y mostrar un rostro diferente al de tus intenciones y estrategias.<br>Lo \u00faltimo que debe hacer un pol\u00edtico es mostrar sus cartas al enemigo.<br>Y bueno, en el segundo debate donde nada extraordinario pas\u00f3 a favor o en contra de nadie, los reporteros de a pie resultaron desde\u00f1ados por la candidata de MORENA\/PT\/PVEM.<br>Roc\u00edo Nahle no se present\u00f3 a la fotograf\u00eda protocolaria y no ofreci\u00f3 la rueda de prensa comprometida, a diferencia de sus rivales: Polo Deschamps y Pepe Yunes.<br>Y no, no se trata de que los reporteros de a pie o periodistas seamos importantes y estemos por encima de la agenda de cualquier personaje pol\u00edtico.<br>No es por ah\u00ed el asunto, as\u00ed que todos quienes nos lanzan ep\u00edtetos de toda \u00edndole, se los pueden guardar para otra ocasi\u00f3n.<br>Ocurre que el OPLE organiz\u00f3 un debate; hubo acuerdos con los partidos y candidatos; y todos ellos se movilizan con recursos p\u00fablicos, pretenden manejar dinero p\u00fablico y tomar decisiones de Estado\u2026<br>Ese mismo OPLE convoca a los reporteros de a pie y a los periodistas bajo reglas estrictas y muy claras: acreditaci\u00f3n, horario de arribo, zonas con acceso y \u00e1reas cerradas, l\u00edmite de preguntas en las ruedas de prensa y tomas de fotograf\u00eda y video, etc\u00e9tera\u2026<br>Y esa cobertura, cada uno la realiza con sus recursos; nadie nos pag\u00f3 vi\u00e1ticos; el que cumpli\u00f3 su labor la atendi\u00f3 como pudo y como quiso, o bien respaldado por la empresa para la cual trabaja, en el caso de quienes operan bajo ese esquema escaso.<br>El caso es que Roc\u00edo Nahle Garc\u00eda no respet\u00f3 protocolos ni acuerdos y simplemente sali\u00f3 con rapidez desde la zona del debate ante la mirada de OPLE y periodistas, y mientras -tomados por sorpresa- personajes como Manuel Huerta y Claudia Tello, sal\u00edan disparados detr\u00e1s suyo\u2026<\/p>\n\n\n\n<p>(8)<br>Los d\u00edas que restan de la campa\u00f1a los dos punteros ir\u00e1n por los electores indecisos.<br>Roc\u00edo Nahle cuenta con una base de seguidores ubicada desde diciembre pasado y montada desde dos frentes: el de la marca de MORENA y el del presidente L\u00f3pez Obrador, su impulsor y respaldo pol\u00edtico.<br>Jos\u00e9 Yunes Zorrilla sorprendi\u00f3 en enero, luego de un diciembre \u00e1lgido para su causa, rodeado por un conjunto de partidos opositores dispersos y divididos.<br>Entre enero y marzo, el PAN, PRI, PRD se unieron y se mostr\u00f3 un tejido pol\u00edtico fino y de alto nivel por parte de Yunes Zorrilla, que gener\u00f3 una competitividad no esperada por Nahle, ni por AMLO, ni por MORENA nacional; pues en Veracruz el comit\u00e9 estatal guinda es un adorno.<\/p>\n\n\n\n<p>(9)<br>He consultado fuentes en ambos bandos.<br>Accesibles en el PAN\/PRI\/PRD, cerrados en MORENA\/PVEM\/PT, hay una coincidencia: el triunfo o derrota en los comicios del pr\u00f3ximo dos de junio dependen, en buena medida, de la cantidad de votantes que acudan a las urnas.<br>No s\u00f3lo eso, sino del perfil de votantes que decida sufragar, sumado a quienes sean movilizados desde la capacidad de operaci\u00f3n de cada equipo o frente partidista.<br>La clase popular, apoyada por los programas de Bienestar dar\u00eda m\u00e1s votos a Roc\u00edo Nahle.<br>La clase media y la clase alta, decepcionadas, cr\u00edticas o insatisfechas con los seis a\u00f1os de MORENA en el poder, se inclinar\u00eda por Pepe Yunes.<\/p>\n\n\n\n<p>(10)<br>Faltan quince d\u00edas de campa\u00f1a; no habr\u00e1 m\u00e1s debates\u2026<br>Una elecci\u00f3n que en diciembre se pensaba definida a favor de Roc\u00edo Nahle, surge en mayo como una contienda cerrada, dif\u00edcil, consecuencia de factores diversos, cuyo andamiaje incluye errores de un lado, aciertos del rival y el hecho de que Andr\u00e9s Manuel L\u00f3pez Obrador, si bien goza de un alto nivel de aprobaci\u00f3n, topa con la cruda realidad de su partida y su nombre no estar\u00e1 m\u00e1s en las boletas.<\/p>\n\n\n\n<p>(11)<br>En Veracruz, entonces, se guisa un arroz que luce lejos de estar cocido y un factor esencial es y ser\u00e1 la capacidad de operar por parte de los contendientes.<br>Operatividad, en el terreno pol\u00edtico mexicano, implica actuar desde semanas previas al d\u00eda de las elecciones y de forma particular durante la jornada del 2 de junio, en el armado y manejo de ej\u00e9rcitos de l\u00edderes, jefes de grupos, autoridades comunitarias o de colonos, que animen, muevan, terminen de convencer a cientos de miles de votantes para que acudan a la urna y coloquen su boleta a favor de quien han decidido -o acordaron- apoyar.<br>La mayor\u00eda ya decidi\u00f3 por qui\u00e9n votar, pero la lucha es contra el abstencionismo, am\u00e9n del trabajo con los pocos indecisos\u2026<br>La democracia mexicana est\u00e1 en pa\u00f1ales; es una democracia muy joven, casi ni\u00f1a\u2026<br>Dadas esas condiciones, las viejas pr\u00e1cticas de acarrear gente el d\u00eda de los comicios sigue vigente y se va a realizar desde ambos bandos\u2026<br>Quien opere con mayor eficacia, astucia, inteligencia pol\u00edtica, y con recursos financieros, humanos, econ\u00f3micos suficientes, tendr\u00e1 m\u00e1s puntos a favor de su potencial triunfo\u2026<br>Aquel, a quien le convenga una votaci\u00f3n masiva, debe impulsarla\u2026<br>Aquel, a quien le convenga una votaci\u00f3n masiva pero controlada en torno a sectores espec\u00edficos -como las clases baja y media- debe operarla\u2026<\/p>\n\n\n\n<p>(12)<br>A veinte d\u00edas de la elecci\u00f3n por la gubernatura veracruzana, ganar\u00e1 quien haya le\u00eddo e interpretado mejor a Nicol\u00e1s Maquiavelo.<\/p>\n","protected":false},"excerpt":{"rendered":"<p>Jos\u00e9 Luis Ortega VidalClaroscuros(1)Dentro de tres semanas -menos un d\u00eda- se realizar\u00e1n los comicios del proceso electoral 2024.Ocurrir\u00e1 la elecci\u00f3n de la nueva presidenta de M\u00e9xico y los relevos en nueve gubernaturas.Lo correcto ser\u00eda referir al nuevo mandatario nacional \u2013en masculino-, lo cual incluir\u00eda el posible arribo a la silla del \u00e1guila y la serpiente, [&hellip;]<\/p>\n","protected":false},"author":2,"featured_media":119931,"comment_status":"closed","ping_status":"closed","sticky":false,"template":"","format":"standard","meta":{"tdm_status":"","tdm_grid_status":"","footnotes":""},"categories":[70],"tags":[2769,3578],"class_list":{"0":"post-124236","1":"post","2":"type-post","3":"status-publish","4":"format-standard","5":"has-post-thumbnail","7":"category-de-opinion","8":"tag-jose-luis-ortega-vidal","9":"tag-rocio-nahle"},"yoast_head":"<!-- This site is optimized with the Yoast SEO plugin v27.4 - https:\/\/yoast.com\/product\/yoast-seo-wordpress\/ -->\n<title>A 20 D\u00cdAS\u2026 - Los pol\u00edticos Veracruz<\/title>\n<meta name=\"robots\" content=\"index, follow, max-snippet:-1, max-image-preview:large, max-video-preview:-1\" \/>\n<link rel=\"canonical\" href=\"https:\/\/lospoliticosveracruz.com\/?p=124236\" \/>\n<meta property=\"og:locale\" content=\"es_ES\" \/>\n<meta property=\"og:type\" content=\"article\" \/>\n<meta property=\"og:title\" content=\"A 20 D\u00cdAS\u2026 - Los pol\u00edticos Veracruz\" \/>\n<meta property=\"og:description\" content=\"Jos\u00e9 Luis Ortega VidalClaroscuros(1)Dentro de tres semanas -menos un d\u00eda- se realizar\u00e1n los comicios del proceso electoral 2024.Ocurrir\u00e1 la elecci\u00f3n de la nueva presidenta de M\u00e9xico y los relevos en nueve gubernaturas.Lo correcto ser\u00eda referir al nuevo mandatario nacional \u2013en masculino-, lo cual incluir\u00eda el posible arribo a la silla del \u00e1guila y la serpiente, [&hellip;]\" \/>\n<meta property=\"og:url\" content=\"https:\/\/lospoliticosveracruz.com\/?p=124236\" \/>\n<meta property=\"og:site_name\" content=\"Los pol\u00edticos Veracruz\" \/>\n<meta property=\"article:publisher\" content=\"https:\/\/www.facebook.com\/people\/Notimemes-de-los-Polticos\/61565672886568\/\" \/>\n<meta property=\"article:published_time\" content=\"2024-05-14T17:18:24+00:00\" \/>\n<meta property=\"article:modified_time\" content=\"2024-05-14T17:18:30+00:00\" \/>\n<meta property=\"og:image\" content=\"https:\/\/lospoliticosveracruz.com\/wp-content\/uploads\/2024\/03\/Jose-Luis-Ortega-Vidal.jpg\" \/>\n\t<meta property=\"og:image:width\" content=\"1250\" \/>\n\t<meta property=\"og:image:height\" content=\"667\" \/>\n\t<meta property=\"og:image:type\" content=\"image\/jpeg\" \/>\n<meta name=\"author\" content=\"Lo viste en Los Pol\u00edticos\" \/>\n<meta name=\"twitter:card\" content=\"summary_large_image\" \/>\n<meta name=\"twitter:creator\" content=\"@LosPoliticosVer\" \/>\n<meta name=\"twitter:site\" content=\"@LosPoliticosVer\" \/>\n<meta name=\"twitter:label1\" content=\"Escrito por\" \/>\n\t<meta name=\"twitter:data1\" content=\"Lo viste en Los Pol\u00edticos\" \/>\n\t<meta name=\"twitter:label2\" content=\"Tiempo de lectura\" \/>\n\t<meta name=\"twitter:data2\" content=\"11 minutos\" \/>\n<script type=\"application\/ld+json\" class=\"yoast-schema-graph\">{\"@context\":\"https:\\\/\\\/schema.org\",\"@graph\":[{\"@type\":\"Article\",\"@id\":\"https:\\\/\\\/lospoliticosveracruz.com\\\/?p=124236#article\",\"isPartOf\":{\"@id\":\"https:\\\/\\\/lospoliticosveracruz.com\\\/?p=124236\"},\"author\":{\"name\":\"Lo viste en Los Pol\u00edticos\",\"@id\":\"https:\\\/\\\/lospoliticosveracruz.com\\\/#\\\/schema\\\/person\\\/b8702bb0e538456e6efd07080bf2a4a2\"},\"headline\":\"A 20 D\u00cdAS\u2026\",\"datePublished\":\"2024-05-14T17:18:24+00:00\",\"dateModified\":\"2024-05-14T17:18:30+00:00\",\"mainEntityOfPage\":{\"@id\":\"https:\\\/\\\/lospoliticosveracruz.com\\\/?p=124236\"},\"wordCount\":2218,\"publisher\":{\"@id\":\"https:\\\/\\\/lospoliticosveracruz.com\\\/#organization\"},\"image\":{\"@id\":\"https:\\\/\\\/lospoliticosveracruz.com\\\/?p=124236#primaryimage\"},\"thumbnailUrl\":\"https:\\\/\\\/lospoliticosveracruz.com\\\/wp-content\\\/uploads\\\/2024\\\/03\\\/Jose-Luis-Ortega-Vidal.jpg\",\"keywords\":[\"Jos\u00e9 Luis Ortega Vidal\",\"Roc\u00edo Nahle\"],\"articleSection\":[\"De Opini\u00f3n\"],\"inLanguage\":\"es\"},{\"@type\":\"WebPage\",\"@id\":\"https:\\\/\\\/lospoliticosveracruz.com\\\/?p=124236\",\"url\":\"https:\\\/\\\/lospoliticosveracruz.com\\\/?p=124236\",\"name\":\"A 20 D\u00cdAS\u2026 - Los pol\u00edticos Veracruz\",\"isPartOf\":{\"@id\":\"https:\\\/\\\/lospoliticosveracruz.com\\\/#website\"},\"primaryImageOfPage\":{\"@id\":\"https:\\\/\\\/lospoliticosveracruz.com\\\/?p=124236#primaryimage\"},\"image\":{\"@id\":\"https:\\\/\\\/lospoliticosveracruz.com\\\/?p=124236#primaryimage\"},\"thumbnailUrl\":\"https:\\\/\\\/lospoliticosveracruz.com\\\/wp-content\\\/uploads\\\/2024\\\/03\\\/Jose-Luis-Ortega-Vidal.jpg\",\"datePublished\":\"2024-05-14T17:18:24+00:00\",\"dateModified\":\"2024-05-14T17:18:30+00:00\",\"breadcrumb\":{\"@id\":\"https:\\\/\\\/lospoliticosveracruz.com\\\/?p=124236#breadcrumb\"},\"inLanguage\":\"es\",\"potentialAction\":[{\"@type\":\"ReadAction\",\"target\":[\"https:\\\/\\\/lospoliticosveracruz.com\\\/?p=124236\"]}]},{\"@type\":\"ImageObject\",\"inLanguage\":\"es\",\"@id\":\"https:\\\/\\\/lospoliticosveracruz.com\\\/?p=124236#primaryimage\",\"url\":\"https:\\\/\\\/lospoliticosveracruz.com\\\/wp-content\\\/uploads\\\/2024\\\/03\\\/Jose-Luis-Ortega-Vidal.jpg\",\"contentUrl\":\"https:\\\/\\\/lospoliticosveracruz.com\\\/wp-content\\\/uploads\\\/2024\\\/03\\\/Jose-Luis-Ortega-Vidal.jpg\",\"width\":1250,\"height\":667},{\"@type\":\"BreadcrumbList\",\"@id\":\"https:\\\/\\\/lospoliticosveracruz.com\\\/?p=124236#breadcrumb\",\"itemListElement\":[{\"@type\":\"ListItem\",\"position\":1,\"name\":\"Portada\",\"item\":\"https:\\\/\\\/lospoliticosveracruz.com\\\/\"},{\"@type\":\"ListItem\",\"position\":2,\"name\":\"A 20 D\u00cdAS\u2026\"}]},{\"@type\":\"WebSite\",\"@id\":\"https:\\\/\\\/lospoliticosveracruz.com\\\/#website\",\"url\":\"https:\\\/\\\/lospoliticosveracruz.com\\\/\",\"name\":\"Los pol\u00edticos Veracruz\",\"description\":\"\",\"publisher\":{\"@id\":\"https:\\\/\\\/lospoliticosveracruz.com\\\/#organization\"},\"potentialAction\":[{\"@type\":\"SearchAction\",\"target\":{\"@type\":\"EntryPoint\",\"urlTemplate\":\"https:\\\/\\\/lospoliticosveracruz.com\\\/?s={search_term_string}\"},\"query-input\":{\"@type\":\"PropertyValueSpecification\",\"valueRequired\":true,\"valueName\":\"search_term_string\"}}],\"inLanguage\":\"es\"},{\"@type\":\"Organization\",\"@id\":\"https:\\\/\\\/lospoliticosveracruz.com\\\/#organization\",\"name\":\"Los pol\u00edticos Veracruz\",\"url\":\"https:\\\/\\\/lospoliticosveracruz.com\\\/\",\"logo\":{\"@type\":\"ImageObject\",\"inLanguage\":\"es\",\"@id\":\"https:\\\/\\\/lospoliticosveracruz.com\\\/#\\\/schema\\\/logo\\\/image\\\/\",\"url\":\"https:\\\/\\\/lospoliticosveracruz.com\\\/wp-content\\\/uploads\\\/2025\\\/12\\\/Logo-Nuevo-LOS-POLITICOS-1.jpg\",\"contentUrl\":\"https:\\\/\\\/lospoliticosveracruz.com\\\/wp-content\\\/uploads\\\/2025\\\/12\\\/Logo-Nuevo-LOS-POLITICOS-1.jpg\",\"width\":260,\"height\":70,\"caption\":\"Los pol\u00edticos Veracruz\"},\"image\":{\"@id\":\"https:\\\/\\\/lospoliticosveracruz.com\\\/#\\\/schema\\\/logo\\\/image\\\/\"},\"sameAs\":[\"https:\\\/\\\/www.facebook.com\\\/people\\\/Notimemes-de-los-Polticos\\\/61565672886568\\\/\",\"https:\\\/\\\/x.com\\\/LosPoliticosVer\"]},{\"@type\":\"Person\",\"@id\":\"https:\\\/\\\/lospoliticosveracruz.com\\\/#\\\/schema\\\/person\\\/b8702bb0e538456e6efd07080bf2a4a2\",\"name\":\"Lo viste en Los Pol\u00edticos\",\"image\":{\"@type\":\"ImageObject\",\"inLanguage\":\"es\",\"@id\":\"https:\\\/\\\/secure.gravatar.com\\\/avatar\\\/3a8de04a2656d44082be478bd6c086daa447c4651605818287b9532d3d0bd435?s=96&d=mm&r=g\",\"url\":\"https:\\\/\\\/secure.gravatar.com\\\/avatar\\\/3a8de04a2656d44082be478bd6c086daa447c4651605818287b9532d3d0bd435?s=96&d=mm&r=g\",\"contentUrl\":\"https:\\\/\\\/secure.gravatar.com\\\/avatar\\\/3a8de04a2656d44082be478bd6c086daa447c4651605818287b9532d3d0bd435?s=96&d=mm&r=g\",\"caption\":\"Lo viste en Los Pol\u00edticos\"},\"url\":\"https:\\\/\\\/lospoliticosveracruz.com\\\/?author=2\"}]}<\/script>\n<!-- \/ Yoast SEO plugin. -->","yoast_head_json":{"title":"A 20 D\u00cdAS\u2026 - Los pol\u00edticos Veracruz","robots":{"index":"index","follow":"follow","max-snippet":"max-snippet:-1","max-image-preview":"max-image-preview:large","max-video-preview":"max-video-preview:-1"},"canonical":"https:\/\/lospoliticosveracruz.com\/?p=124236","og_locale":"es_ES","og_type":"article","og_title":"A 20 D\u00cdAS\u2026 - Los pol\u00edticos Veracruz","og_description":"Jos\u00e9 Luis Ortega VidalClaroscuros(1)Dentro de tres semanas -menos un d\u00eda- se realizar\u00e1n los comicios del proceso electoral 2024.Ocurrir\u00e1 la elecci\u00f3n de la nueva presidenta de M\u00e9xico y los relevos en nueve gubernaturas.Lo correcto ser\u00eda referir al nuevo mandatario nacional \u2013en masculino-, lo cual incluir\u00eda el posible arribo a la silla del \u00e1guila y la serpiente, [&hellip;]","og_url":"https:\/\/lospoliticosveracruz.com\/?p=124236","og_site_name":"Los pol\u00edticos Veracruz","article_publisher":"https:\/\/www.facebook.com\/people\/Notimemes-de-los-Polticos\/61565672886568\/","article_published_time":"2024-05-14T17:18:24+00:00","article_modified_time":"2024-05-14T17:18:30+00:00","og_image":[{"width":1250,"height":667,"url":"https:\/\/lospoliticosveracruz.com\/wp-content\/uploads\/2024\/03\/Jose-Luis-Ortega-Vidal.jpg","type":"image\/jpeg"}],"author":"Lo viste en Los Pol\u00edticos","twitter_card":"summary_large_image","twitter_creator":"@LosPoliticosVer","twitter_site":"@LosPoliticosVer","twitter_misc":{"Escrito por":"Lo viste en Los Pol\u00edticos","Tiempo de lectura":"11 minutos"},"schema":{"@context":"https:\/\/schema.org","@graph":[{"@type":"Article","@id":"https:\/\/lospoliticosveracruz.com\/?p=124236#article","isPartOf":{"@id":"https:\/\/lospoliticosveracruz.com\/?p=124236"},"author":{"name":"Lo viste en Los Pol\u00edticos","@id":"https:\/\/lospoliticosveracruz.com\/#\/schema\/person\/b8702bb0e538456e6efd07080bf2a4a2"},"headline":"A 20 D\u00cdAS\u2026","datePublished":"2024-05-14T17:18:24+00:00","dateModified":"2024-05-14T17:18:30+00:00","mainEntityOfPage":{"@id":"https:\/\/lospoliticosveracruz.com\/?p=124236"},"wordCount":2218,"publisher":{"@id":"https:\/\/lospoliticosveracruz.com\/#organization"},"image":{"@id":"https:\/\/lospoliticosveracruz.com\/?p=124236#primaryimage"},"thumbnailUrl":"https:\/\/lospoliticosveracruz.com\/wp-content\/uploads\/2024\/03\/Jose-Luis-Ortega-Vidal.jpg","keywords":["Jos\u00e9 Luis Ortega Vidal","Roc\u00edo Nahle"],"articleSection":["De Opini\u00f3n"],"inLanguage":"es"},{"@type":"WebPage","@id":"https:\/\/lospoliticosveracruz.com\/?p=124236","url":"https:\/\/lospoliticosveracruz.com\/?p=124236","name":"A 20 D\u00cdAS\u2026 - Los pol\u00edticos Veracruz","isPartOf":{"@id":"https:\/\/lospoliticosveracruz.com\/#website"},"primaryImageOfPage":{"@id":"https:\/\/lospoliticosveracruz.com\/?p=124236#primaryimage"},"image":{"@id":"https:\/\/lospoliticosveracruz.com\/?p=124236#primaryimage"},"thumbnailUrl":"https:\/\/lospoliticosveracruz.com\/wp-content\/uploads\/2024\/03\/Jose-Luis-Ortega-Vidal.jpg","datePublished":"2024-05-14T17:18:24+00:00","dateModified":"2024-05-14T17:18:30+00:00","breadcrumb":{"@id":"https:\/\/lospoliticosveracruz.com\/?p=124236#breadcrumb"},"inLanguage":"es","potentialAction":[{"@type":"ReadAction","target":["https:\/\/lospoliticosveracruz.com\/?p=124236"]}]},{"@type":"ImageObject","inLanguage":"es","@id":"https:\/\/lospoliticosveracruz.com\/?p=124236#primaryimage","url":"https:\/\/lospoliticosveracruz.com\/wp-content\/uploads\/2024\/03\/Jose-Luis-Ortega-Vidal.jpg","contentUrl":"https:\/\/lospoliticosveracruz.com\/wp-content\/uploads\/2024\/03\/Jose-Luis-Ortega-Vidal.jpg","width":1250,"height":667},{"@type":"BreadcrumbList","@id":"https:\/\/lospoliticosveracruz.com\/?p=124236#breadcrumb","itemListElement":[{"@type":"ListItem","position":1,"name":"Portada","item":"https:\/\/lospoliticosveracruz.com\/"},{"@type":"ListItem","position":2,"name":"A 20 D\u00cdAS\u2026"}]},{"@type":"WebSite","@id":"https:\/\/lospoliticosveracruz.com\/#website","url":"https:\/\/lospoliticosveracruz.com\/","name":"Los pol\u00edticos Veracruz","description":"","publisher":{"@id":"https:\/\/lospoliticosveracruz.com\/#organization"},"potentialAction":[{"@type":"SearchAction","target":{"@type":"EntryPoint","urlTemplate":"https:\/\/lospoliticosveracruz.com\/?s={search_term_string}"},"query-input":{"@type":"PropertyValueSpecification","valueRequired":true,"valueName":"search_term_string"}}],"inLanguage":"es"},{"@type":"Organization","@id":"https:\/\/lospoliticosveracruz.com\/#organization","name":"Los pol\u00edticos Veracruz","url":"https:\/\/lospoliticosveracruz.com\/","logo":{"@type":"ImageObject","inLanguage":"es","@id":"https:\/\/lospoliticosveracruz.com\/#\/schema\/logo\/image\/","url":"https:\/\/lospoliticosveracruz.com\/wp-content\/uploads\/2025\/12\/Logo-Nuevo-LOS-POLITICOS-1.jpg","contentUrl":"https:\/\/lospoliticosveracruz.com\/wp-content\/uploads\/2025\/12\/Logo-Nuevo-LOS-POLITICOS-1.jpg","width":260,"height":70,"caption":"Los pol\u00edticos Veracruz"},"image":{"@id":"https:\/\/lospoliticosveracruz.com\/#\/schema\/logo\/image\/"},"sameAs":["https:\/\/www.facebook.com\/people\/Notimemes-de-los-Polticos\/61565672886568\/","https:\/\/x.com\/LosPoliticosVer"]},{"@type":"Person","@id":"https:\/\/lospoliticosveracruz.com\/#\/schema\/person\/b8702bb0e538456e6efd07080bf2a4a2","name":"Lo viste en Los Pol\u00edticos","image":{"@type":"ImageObject","inLanguage":"es","@id":"https:\/\/secure.gravatar.com\/avatar\/3a8de04a2656d44082be478bd6c086daa447c4651605818287b9532d3d0bd435?s=96&d=mm&r=g","url":"https:\/\/secure.gravatar.com\/avatar\/3a8de04a2656d44082be478bd6c086daa447c4651605818287b9532d3d0bd435?s=96&d=mm&r=g","contentUrl":"https:\/\/secure.gravatar.com\/avatar\/3a8de04a2656d44082be478bd6c086daa447c4651605818287b9532d3d0bd435?s=96&d=mm&r=g","caption":"Lo viste en Los Pol\u00edticos"},"url":"https:\/\/lospoliticosveracruz.com\/?author=2"}]}},"_links":{"self":[{"href":"https:\/\/lospoliticosveracruz.com\/index.php?rest_route=\/wp\/v2\/posts\/124236","targetHints":{"allow":["GET"]}}],"collection":[{"href":"https:\/\/lospoliticosveracruz.com\/index.php?rest_route=\/wp\/v2\/posts"}],"about":[{"href":"https:\/\/lospoliticosveracruz.com\/index.php?rest_route=\/wp\/v2\/types\/post"}],"author":[{"embeddable":true,"href":"https:\/\/lospoliticosveracruz.com\/index.php?rest_route=\/wp\/v2\/users\/2"}],"replies":[{"embeddable":true,"href":"https:\/\/lospoliticosveracruz.com\/index.php?rest_route=%2Fwp%2Fv2%2Fcomments&post=124236"}],"version-history":[{"count":1,"href":"https:\/\/lospoliticosveracruz.com\/index.php?rest_route=\/wp\/v2\/posts\/124236\/revisions"}],"predecessor-version":[{"id":124237,"href":"https:\/\/lospoliticosveracruz.com\/index.php?rest_route=\/wp\/v2\/posts\/124236\/revisions\/124237"}],"wp:featuredmedia":[{"embeddable":true,"href":"https:\/\/lospoliticosveracruz.com\/index.php?rest_route=\/wp\/v2\/media\/119931"}],"wp:attachment":[{"href":"https:\/\/lospoliticosveracruz.com\/index.php?rest_route=%2Fwp%2Fv2%2Fmedia&parent=124236"}],"wp:term":[{"taxonomy":"category","embeddable":true,"href":"https:\/\/lospoliticosveracruz.com\/index.php?rest_route=%2Fwp%2Fv2%2Fcategories&post=124236"},{"taxonomy":"post_tag","embeddable":true,"href":"https:\/\/lospoliticosveracruz.com\/index.php?rest_route=%2Fwp%2Fv2%2Ftags&post=124236"}],"curies":[{"name":"wp","href":"https:\/\/api.w.org\/{rel}","templated":true}]}}