{"id":124238,"date":"2024-05-14T12:23:11","date_gmt":"2024-05-14T17:23:11","guid":{"rendered":"https:\/\/lospoliticosveracruz.com.mx\/?p=124238"},"modified":"2024-05-14T12:23:19","modified_gmt":"2024-05-14T17:23:19","slug":"le-soltaron-la-jauria-a-pepe","status":"publish","type":"post","link":"https:\/\/lospoliticosveracruz.com\/?p=124238","title":{"rendered":"LE SOLTARON LA JAUR\u00cdA A PEPE"},"content":{"rendered":"\n<p><strong>Inocencio Y\u00e1\u00f1ez Vicencio<\/strong><\/p>\n\n\n\n<p>Maquiavelo se hizo eco de una demanda de su \u00e9poca: no m\u00e1s tropas mercenarias.\u00a0\u00a0\u00danicamente con tropas propias se puede defender bien una Rep\u00fablica. Sin embargo parece que para algunos la rueda de la historia se detuvo. No obstante lo riesgoso que es reclutar mercenarios, insisten en contrariar al florentino, reclutando contingentes mercenarios para defender su fortaleza. Me hubiera gustado que las plumas de la vileza\u00a0\u00a0y los merolicos de pacotilla que contrat\u00f3 Roc\u00edo Nahle, tuvieran alg\u00fan nivell para que en lugar de vaciarse en adjetivos contra el candidato puntero, presentaran pruebas de descargo de las docimentales que ya abruman a su cliente de Zacatecas, porque deb\u00edan estar informados estos malechores que un tribunal no admite juicios sino s\u00f3lo hechos y probanzas.<\/p>\n\n\n<div class=\"wp-block-image\">\n<figure class=\"alignleft size-medium\"><a href=\"https:\/\/lospoliticosveracruz.com.mx\/wp-content\/uploads\/2021\/10\/WhatsApp-Image-2021-10-02-at-15.20.25.jpeg\"><img loading=\"lazy\" decoding=\"async\" width=\"212\" height=\"300\" src=\"https:\/\/lospoliticosveracruz.com.mx\/wp-content\/uploads\/2021\/10\/WhatsApp-Image-2021-10-02-at-15.20.25-212x300.jpeg\" alt=\"\" class=\"wp-image-80177\" srcset=\"https:\/\/lospoliticosveracruz.com\/wp-content\/uploads\/2021\/10\/WhatsApp-Image-2021-10-02-at-15.20.25-212x300.jpeg 212w, https:\/\/lospoliticosveracruz.com\/wp-content\/uploads\/2021\/10\/WhatsApp-Image-2021-10-02-at-15.20.25-724x1024.jpeg 724w, https:\/\/lospoliticosveracruz.com\/wp-content\/uploads\/2021\/10\/WhatsApp-Image-2021-10-02-at-15.20.25-768x1086.jpeg 768w, https:\/\/lospoliticosveracruz.com\/wp-content\/uploads\/2021\/10\/WhatsApp-Image-2021-10-02-at-15.20.25.jpeg 905w\" sizes=\"auto, (max-width: 212px) 100vw, 212px\" \/><\/a><\/figure>\n<\/div>\n\n\n<p>Yo no represento a nadie y ni soy nadie, detr\u00e1s de mi \u00fanicamente hay argumentos. Este domingo llegu\u00e9 a la mesa del WTC y como no tra\u00eda gafete me qued\u00e9 ah\u00ed viendo como pasaba la gente importante de mi partido, afuera, donde siempre he estado, a ver en mi celular el debate. Mi lealtad al partido la he pagado hasta con insultos por acetarle a Marlon una asesor\u00eda por salario m\u00ednimo.&nbsp;&nbsp;No es lo peor, fui coordinador y maestro del ICAP, gratis. Hoy , como les dec\u00eda, saco la cara por Pepe, sin esperar m\u00e1s recompensa que Veracruz, tenga como gobernador, al mejor.<\/p>\n\n\n\n<p>\u00bf Por qu\u00e9 no responden a las siguientes situaciones que le han sido reiteradamente se\u00f1aladas a la Zacatecana?<\/p>\n\n\n\n<p>1.Aprovech\u00f3 la pandemia para adjudicarle un contrato de compra en adjudicaci\u00f3n directa para ventiladores por 104 millones, a parientes suyos.<\/p>\n\n\n\n<p>2. Condon\u00f3 el pago de luz a usuarios de tabasco pero mantuvo las altas tarifas para Veracruz.&nbsp;<\/p>\n\n\n\n<p>3. La participaciones por ingresos petroleros siguen muy por encima las de Tabasco respecto a las de nuestro estado.&nbsp;<\/p>\n\n\n\n<p>4. Los apagones son resultado de las inversiones rid\u00edculas en generaci\u00f3n y suministro de energ\u00eda en la CFE.<\/p>\n\n\n\n<p>5. El PRI dej\u00f3 una cobertura de 95 por ciento de hogares, que pr\u00e1cticamente no se ha ampliado.6.&nbsp;&nbsp;Es evidente que la extracci\u00f3n de petr\u00f3leo de aguas profundas no es tan f\u00e1cil como utilizar un popote, como le hizo creer al presidente, porque la extracci\u00f3n&nbsp;&nbsp;y producci\u00f3n va en picada.<\/p>\n\n\n\n<p>7.Cuando&nbsp;&nbsp;la deuda de PEMEX es ya de 106 mil millones de d\u00f3lares, que supera al valor de sus activos, es evidente que Rocio la llev\u00f3 a la quiebra y no s\u00f3lo eso, muestra que quien menos le interesa la soberan\u00eda es quienes han presumido ser sus adalides.&nbsp;<\/p>\n\n\n\n<p>8.Que es falso que los 8 mil millones de d\u00f3lares de costo original de la Refiner\u00eda de Dos Bocas, haya sido parcial, no, cualquiera que entre a la p\u00e1gina de PEMEX y de Hacienda, ver\u00e1 que aparece como total y que si hoy algunas consultor\u00edas hablan de que ya lleg\u00f3 a los 27 mil millones de dolares, est\u00e1 claro que muchos millones de d\u00f3lares andan en para\u00edsos fiscales, redidencias, departamentos y terrenos.<\/p>\n\n\n\n<p>9.Esta es una buena oportunidad para que nos muestren que las escrituras y contratos que se han exhibido como pruebas de los bienes de Roc\u00edo, no aparecen en el Registro P\u00fablico respectivo.<\/p>\n\n\n\n<p>10.La opini\u00f3n p\u00fablica est\u00e1 \u00e1vida por saber de d\u00f3nde sac\u00f3 su sobrina tanto dinero, porque es un hecho que tambi\u00e9n estar\u00e1n involucrados en lavado de dinero.<\/p>\n\n\n\n<p>11.El apoyo de Roc\u00edo a las mujeres, dado que se suma a la obra de Cuitlahuac, consistir\u00e1 en continuar encarcelando alcaldesas, juezas, consejeras y hasta quemando simb\u00f3licamente a ministras, por el s\u00f3lo hecho de pensar diferente a Morena.<\/p>\n\n\n\n<p>12. Sumarse a la obra de Cuitlahuac, significa que Roc\u00edo, se rendir\u00e1 tambien al crimen organizado.&nbsp;<\/p>\n\n\n\n<p>13. Comprometerse a continuar la obra de Cuitlahuac, significa que seguir\u00e1 la persecuci\u00f3n de cr\u00edticos y opositores.&nbsp;<\/p>\n\n\n\n<p>14. Como candidata de Morena, su estrategia para combatir la inseguridad es la de abrasos para la delincuencia y balazos para los inocentes.&nbsp;<\/p>\n\n\n\n<p>15. Continuar\u00e1, con Roc\u00edo, como estandarte de Morena, las leyes facciosas que no permiten que las inociativas del Ejecutivo, les cambien ni una coma y la demanda penal, para los diputados que voten contra Morena.<\/p>\n\n\n\n<p>16. Replicar\u00e1 la Mesa de Judicializaci\u00f3n donde el Titular del Ejecutivo, denuncia y juzga.<\/p>\n\n\n\n<p>17. Implantar\u00e1 su Ma\u00f1anera, donde se calumnie, se difame, se degrade, se despoje de su dignidad a los que no se le sometan, antes de que se le fabriquen alg\u00fan delito para encarcelarlos o que se encargue un quedabien de su aniquilaci\u00f3n.&nbsp;<\/p>\n\n\n\n<p>En todo el pa\u00eds, por fortuna, hay comunicadores que han preferido renunciar a las empresas donde colaboraban, antes que aceptar hacerla de sicarios de la pluma o el micr\u00f3fono, para ellos todo el respeto. No as\u00ed para esas lacras que aqu\u00ed no han tenido un \u00e1pice de verg\u00fcenza para alquilarse para atacar a Pepe, que, repito , pase lo que pase, seguir\u00e1 siendo un pol\u00edtico honorable, de quien los que lo apoyamos, siempre nos sentiremos orgullosos.&nbsp;&nbsp;<\/p>\n\n\n\n<p>Como pueden ver en estos 17 puntos demuestro que la escoria que ataca a Pepe, no descarga ni una sola prueba, lo que hace es insultar por insultar , sin tan siquiera explicar una sola de las desviaciones de su cliente, con lo que prueban que hasta para eso son in\u00fatiles. \u00a1 Me est\u00e1s oyendo&#8230;!<\/p>\n\n\n\n<p>Lo cierto es que estos rastreros que hoy, por unas cuantas monedas, lanzan infamias, no podr\u00e1n justificar, ma\u00f1ana o pasado, que secundaron una candidatas y una obra destructora de la Rep\u00fablica y de las instituciones y libertades democr\u00e1ticas.<\/p>\n","protected":false},"excerpt":{"rendered":"<p>Inocencio Y\u00e1\u00f1ez Vicencio Maquiavelo se hizo eco de una demanda de su \u00e9poca: no m\u00e1s tropas mercenarias.\u00a0\u00a0\u00danicamente con tropas propias se puede defender bien una Rep\u00fablica. Sin embargo parece que para algunos la rueda de la historia se detuvo. No obstante lo riesgoso que es reclutar mercenarios, insisten en contrariar al florentino, reclutando contingentes mercenarios [&hellip;]<\/p>\n","protected":false},"author":2,"featured_media":120033,"comment_status":"closed","ping_status":"closed","sticky":false,"template":"","format":"standard","meta":{"tdm_status":"","tdm_grid_status":"","footnotes":""},"categories":[70],"tags":[8256,1026,3578,195],"class_list":{"0":"post-124238","1":"post","2":"type-post","3":"status-publish","4":"format-standard","5":"has-post-thumbnail","7":"category-de-opinion","8":"tag-inocencio-yanez-vicencio","9":"tag-morena","10":"tag-rocio-nahle","11":"tag-veracruz"},"yoast_head":"<!-- This site is optimized with the Yoast SEO plugin v27.4 - https:\/\/yoast.com\/product\/yoast-seo-wordpress\/ -->\n<title>LE SOLTARON LA JAUR\u00cdA A PEPE - Los pol\u00edticos Veracruz<\/title>\n<meta name=\"robots\" content=\"index, follow, max-snippet:-1, max-image-preview:large, max-video-preview:-1\" \/>\n<link rel=\"canonical\" href=\"https:\/\/lospoliticosveracruz.com\/?p=124238\" \/>\n<meta property=\"og:locale\" content=\"es_ES\" \/>\n<meta property=\"og:type\" content=\"article\" \/>\n<meta property=\"og:title\" content=\"LE SOLTARON LA JAUR\u00cdA A PEPE - Los pol\u00edticos Veracruz\" \/>\n<meta property=\"og:description\" content=\"Inocencio Y\u00e1\u00f1ez Vicencio Maquiavelo se hizo eco de una demanda de su \u00e9poca: no m\u00e1s tropas mercenarias.\u00a0\u00a0\u00danicamente con tropas propias se puede defender bien una Rep\u00fablica. Sin embargo parece que para algunos la rueda de la historia se detuvo. No obstante lo riesgoso que es reclutar mercenarios, insisten en contrariar al florentino, reclutando contingentes mercenarios [&hellip;]\" \/>\n<meta property=\"og:url\" content=\"https:\/\/lospoliticosveracruz.com\/?p=124238\" \/>\n<meta property=\"og:site_name\" content=\"Los pol\u00edticos Veracruz\" \/>\n<meta property=\"article:publisher\" content=\"https:\/\/www.facebook.com\/people\/Notimemes-de-los-Polticos\/61565672886568\/\" \/>\n<meta property=\"article:published_time\" content=\"2024-05-14T17:23:11+00:00\" \/>\n<meta property=\"article:modified_time\" content=\"2024-05-14T17:23:19+00:00\" \/>\n<meta property=\"og:image\" content=\"https:\/\/lospoliticosveracruz.com\/wp-content\/uploads\/2024\/03\/Inocencio-Yanez-Vicencio.jpg\" \/>\n\t<meta property=\"og:image:width\" content=\"1250\" \/>\n\t<meta property=\"og:image:height\" content=\"667\" \/>\n\t<meta property=\"og:image:type\" content=\"image\/jpeg\" \/>\n<meta name=\"author\" content=\"Lo viste en Los Pol\u00edticos\" \/>\n<meta name=\"twitter:card\" content=\"summary_large_image\" \/>\n<meta name=\"twitter:creator\" content=\"@LosPoliticosVer\" \/>\n<meta name=\"twitter:site\" content=\"@LosPoliticosVer\" \/>\n<meta name=\"twitter:label1\" content=\"Escrito por\" \/>\n\t<meta name=\"twitter:data1\" content=\"Lo viste en Los Pol\u00edticos\" \/>\n\t<meta name=\"twitter:label2\" content=\"Tiempo de lectura\" \/>\n\t<meta name=\"twitter:data2\" content=\"5 minutos\" \/>\n<script type=\"application\/ld+json\" class=\"yoast-schema-graph\">{\"@context\":\"https:\\\/\\\/schema.org\",\"@graph\":[{\"@type\":\"Article\",\"@id\":\"https:\\\/\\\/lospoliticosveracruz.com\\\/?p=124238#article\",\"isPartOf\":{\"@id\":\"https:\\\/\\\/lospoliticosveracruz.com\\\/?p=124238\"},\"author\":{\"name\":\"Lo viste en Los Pol\u00edticos\",\"@id\":\"https:\\\/\\\/lospoliticosveracruz.com\\\/#\\\/schema\\\/person\\\/b8702bb0e538456e6efd07080bf2a4a2\"},\"headline\":\"LE SOLTARON LA JAUR\u00cdA A PEPE\",\"datePublished\":\"2024-05-14T17:23:11+00:00\",\"dateModified\":\"2024-05-14T17:23:19+00:00\",\"mainEntityOfPage\":{\"@id\":\"https:\\\/\\\/lospoliticosveracruz.com\\\/?p=124238\"},\"wordCount\":966,\"publisher\":{\"@id\":\"https:\\\/\\\/lospoliticosveracruz.com\\\/#organization\"},\"image\":{\"@id\":\"https:\\\/\\\/lospoliticosveracruz.com\\\/?p=124238#primaryimage\"},\"thumbnailUrl\":\"https:\\\/\\\/lospoliticosveracruz.com\\\/wp-content\\\/uploads\\\/2024\\\/03\\\/Inocencio-Yanez-Vicencio.jpg\",\"keywords\":[\"Inocencio Y\u00e1\u00f1ez Vicencio\",\"Morena\",\"Roc\u00edo Nahle\",\"Veracruz\"],\"articleSection\":[\"De Opini\u00f3n\"],\"inLanguage\":\"es\"},{\"@type\":\"WebPage\",\"@id\":\"https:\\\/\\\/lospoliticosveracruz.com\\\/?p=124238\",\"url\":\"https:\\\/\\\/lospoliticosveracruz.com\\\/?p=124238\",\"name\":\"LE SOLTARON LA JAUR\u00cdA A PEPE - Los pol\u00edticos Veracruz\",\"isPartOf\":{\"@id\":\"https:\\\/\\\/lospoliticosveracruz.com\\\/#website\"},\"primaryImageOfPage\":{\"@id\":\"https:\\\/\\\/lospoliticosveracruz.com\\\/?p=124238#primaryimage\"},\"image\":{\"@id\":\"https:\\\/\\\/lospoliticosveracruz.com\\\/?p=124238#primaryimage\"},\"thumbnailUrl\":\"https:\\\/\\\/lospoliticosveracruz.com\\\/wp-content\\\/uploads\\\/2024\\\/03\\\/Inocencio-Yanez-Vicencio.jpg\",\"datePublished\":\"2024-05-14T17:23:11+00:00\",\"dateModified\":\"2024-05-14T17:23:19+00:00\",\"breadcrumb\":{\"@id\":\"https:\\\/\\\/lospoliticosveracruz.com\\\/?p=124238#breadcrumb\"},\"inLanguage\":\"es\",\"potentialAction\":[{\"@type\":\"ReadAction\",\"target\":[\"https:\\\/\\\/lospoliticosveracruz.com\\\/?p=124238\"]}]},{\"@type\":\"ImageObject\",\"inLanguage\":\"es\",\"@id\":\"https:\\\/\\\/lospoliticosveracruz.com\\\/?p=124238#primaryimage\",\"url\":\"https:\\\/\\\/lospoliticosveracruz.com\\\/wp-content\\\/uploads\\\/2024\\\/03\\\/Inocencio-Yanez-Vicencio.jpg\",\"contentUrl\":\"https:\\\/\\\/lospoliticosveracruz.com\\\/wp-content\\\/uploads\\\/2024\\\/03\\\/Inocencio-Yanez-Vicencio.jpg\",\"width\":1250,\"height\":667},{\"@type\":\"BreadcrumbList\",\"@id\":\"https:\\\/\\\/lospoliticosveracruz.com\\\/?p=124238#breadcrumb\",\"itemListElement\":[{\"@type\":\"ListItem\",\"position\":1,\"name\":\"Portada\",\"item\":\"https:\\\/\\\/lospoliticosveracruz.com\\\/\"},{\"@type\":\"ListItem\",\"position\":2,\"name\":\"LE SOLTARON LA JAUR\u00cdA A PEPE\"}]},{\"@type\":\"WebSite\",\"@id\":\"https:\\\/\\\/lospoliticosveracruz.com\\\/#website\",\"url\":\"https:\\\/\\\/lospoliticosveracruz.com\\\/\",\"name\":\"Los pol\u00edticos Veracruz\",\"description\":\"\",\"publisher\":{\"@id\":\"https:\\\/\\\/lospoliticosveracruz.com\\\/#organization\"},\"potentialAction\":[{\"@type\":\"SearchAction\",\"target\":{\"@type\":\"EntryPoint\",\"urlTemplate\":\"https:\\\/\\\/lospoliticosveracruz.com\\\/?s={search_term_string}\"},\"query-input\":{\"@type\":\"PropertyValueSpecification\",\"valueRequired\":true,\"valueName\":\"search_term_string\"}}],\"inLanguage\":\"es\"},{\"@type\":\"Organization\",\"@id\":\"https:\\\/\\\/lospoliticosveracruz.com\\\/#organization\",\"name\":\"Los pol\u00edticos Veracruz\",\"url\":\"https:\\\/\\\/lospoliticosveracruz.com\\\/\",\"logo\":{\"@type\":\"ImageObject\",\"inLanguage\":\"es\",\"@id\":\"https:\\\/\\\/lospoliticosveracruz.com\\\/#\\\/schema\\\/logo\\\/image\\\/\",\"url\":\"https:\\\/\\\/lospoliticosveracruz.com\\\/wp-content\\\/uploads\\\/2025\\\/12\\\/Logo-Nuevo-LOS-POLITICOS-1.jpg\",\"contentUrl\":\"https:\\\/\\\/lospoliticosveracruz.com\\\/wp-content\\\/uploads\\\/2025\\\/12\\\/Logo-Nuevo-LOS-POLITICOS-1.jpg\",\"width\":260,\"height\":70,\"caption\":\"Los pol\u00edticos Veracruz\"},\"image\":{\"@id\":\"https:\\\/\\\/lospoliticosveracruz.com\\\/#\\\/schema\\\/logo\\\/image\\\/\"},\"sameAs\":[\"https:\\\/\\\/www.facebook.com\\\/people\\\/Notimemes-de-los-Polticos\\\/61565672886568\\\/\",\"https:\\\/\\\/x.com\\\/LosPoliticosVer\"]},{\"@type\":\"Person\",\"@id\":\"https:\\\/\\\/lospoliticosveracruz.com\\\/#\\\/schema\\\/person\\\/b8702bb0e538456e6efd07080bf2a4a2\",\"name\":\"Lo viste en Los Pol\u00edticos\",\"image\":{\"@type\":\"ImageObject\",\"inLanguage\":\"es\",\"@id\":\"https:\\\/\\\/secure.gravatar.com\\\/avatar\\\/3a8de04a2656d44082be478bd6c086daa447c4651605818287b9532d3d0bd435?s=96&d=mm&r=g\",\"url\":\"https:\\\/\\\/secure.gravatar.com\\\/avatar\\\/3a8de04a2656d44082be478bd6c086daa447c4651605818287b9532d3d0bd435?s=96&d=mm&r=g\",\"contentUrl\":\"https:\\\/\\\/secure.gravatar.com\\\/avatar\\\/3a8de04a2656d44082be478bd6c086daa447c4651605818287b9532d3d0bd435?s=96&d=mm&r=g\",\"caption\":\"Lo viste en Los Pol\u00edticos\"},\"url\":\"https:\\\/\\\/lospoliticosveracruz.com\\\/?author=2\"}]}<\/script>\n<!-- \/ Yoast SEO plugin. -->","yoast_head_json":{"title":"LE SOLTARON LA JAUR\u00cdA A PEPE - Los pol\u00edticos Veracruz","robots":{"index":"index","follow":"follow","max-snippet":"max-snippet:-1","max-image-preview":"max-image-preview:large","max-video-preview":"max-video-preview:-1"},"canonical":"https:\/\/lospoliticosveracruz.com\/?p=124238","og_locale":"es_ES","og_type":"article","og_title":"LE SOLTARON LA JAUR\u00cdA A PEPE - Los pol\u00edticos Veracruz","og_description":"Inocencio Y\u00e1\u00f1ez Vicencio Maquiavelo se hizo eco de una demanda de su \u00e9poca: no m\u00e1s tropas mercenarias.\u00a0\u00a0\u00danicamente con tropas propias se puede defender bien una Rep\u00fablica. Sin embargo parece que para algunos la rueda de la historia se detuvo. No obstante lo riesgoso que es reclutar mercenarios, insisten en contrariar al florentino, reclutando contingentes mercenarios [&hellip;]","og_url":"https:\/\/lospoliticosveracruz.com\/?p=124238","og_site_name":"Los pol\u00edticos Veracruz","article_publisher":"https:\/\/www.facebook.com\/people\/Notimemes-de-los-Polticos\/61565672886568\/","article_published_time":"2024-05-14T17:23:11+00:00","article_modified_time":"2024-05-14T17:23:19+00:00","og_image":[{"width":1250,"height":667,"url":"https:\/\/lospoliticosveracruz.com\/wp-content\/uploads\/2024\/03\/Inocencio-Yanez-Vicencio.jpg","type":"image\/jpeg"}],"author":"Lo viste en Los Pol\u00edticos","twitter_card":"summary_large_image","twitter_creator":"@LosPoliticosVer","twitter_site":"@LosPoliticosVer","twitter_misc":{"Escrito por":"Lo viste en Los Pol\u00edticos","Tiempo de lectura":"5 minutos"},"schema":{"@context":"https:\/\/schema.org","@graph":[{"@type":"Article","@id":"https:\/\/lospoliticosveracruz.com\/?p=124238#article","isPartOf":{"@id":"https:\/\/lospoliticosveracruz.com\/?p=124238"},"author":{"name":"Lo viste en Los Pol\u00edticos","@id":"https:\/\/lospoliticosveracruz.com\/#\/schema\/person\/b8702bb0e538456e6efd07080bf2a4a2"},"headline":"LE SOLTARON LA JAUR\u00cdA A PEPE","datePublished":"2024-05-14T17:23:11+00:00","dateModified":"2024-05-14T17:23:19+00:00","mainEntityOfPage":{"@id":"https:\/\/lospoliticosveracruz.com\/?p=124238"},"wordCount":966,"publisher":{"@id":"https:\/\/lospoliticosveracruz.com\/#organization"},"image":{"@id":"https:\/\/lospoliticosveracruz.com\/?p=124238#primaryimage"},"thumbnailUrl":"https:\/\/lospoliticosveracruz.com\/wp-content\/uploads\/2024\/03\/Inocencio-Yanez-Vicencio.jpg","keywords":["Inocencio Y\u00e1\u00f1ez Vicencio","Morena","Roc\u00edo Nahle","Veracruz"],"articleSection":["De Opini\u00f3n"],"inLanguage":"es"},{"@type":"WebPage","@id":"https:\/\/lospoliticosveracruz.com\/?p=124238","url":"https:\/\/lospoliticosveracruz.com\/?p=124238","name":"LE SOLTARON LA JAUR\u00cdA A PEPE - Los pol\u00edticos Veracruz","isPartOf":{"@id":"https:\/\/lospoliticosveracruz.com\/#website"},"primaryImageOfPage":{"@id":"https:\/\/lospoliticosveracruz.com\/?p=124238#primaryimage"},"image":{"@id":"https:\/\/lospoliticosveracruz.com\/?p=124238#primaryimage"},"thumbnailUrl":"https:\/\/lospoliticosveracruz.com\/wp-content\/uploads\/2024\/03\/Inocencio-Yanez-Vicencio.jpg","datePublished":"2024-05-14T17:23:11+00:00","dateModified":"2024-05-14T17:23:19+00:00","breadcrumb":{"@id":"https:\/\/lospoliticosveracruz.com\/?p=124238#breadcrumb"},"inLanguage":"es","potentialAction":[{"@type":"ReadAction","target":["https:\/\/lospoliticosveracruz.com\/?p=124238"]}]},{"@type":"ImageObject","inLanguage":"es","@id":"https:\/\/lospoliticosveracruz.com\/?p=124238#primaryimage","url":"https:\/\/lospoliticosveracruz.com\/wp-content\/uploads\/2024\/03\/Inocencio-Yanez-Vicencio.jpg","contentUrl":"https:\/\/lospoliticosveracruz.com\/wp-content\/uploads\/2024\/03\/Inocencio-Yanez-Vicencio.jpg","width":1250,"height":667},{"@type":"BreadcrumbList","@id":"https:\/\/lospoliticosveracruz.com\/?p=124238#breadcrumb","itemListElement":[{"@type":"ListItem","position":1,"name":"Portada","item":"https:\/\/lospoliticosveracruz.com\/"},{"@type":"ListItem","position":2,"name":"LE SOLTARON LA JAUR\u00cdA A PEPE"}]},{"@type":"WebSite","@id":"https:\/\/lospoliticosveracruz.com\/#website","url":"https:\/\/lospoliticosveracruz.com\/","name":"Los pol\u00edticos Veracruz","description":"","publisher":{"@id":"https:\/\/lospoliticosveracruz.com\/#organization"},"potentialAction":[{"@type":"SearchAction","target":{"@type":"EntryPoint","urlTemplate":"https:\/\/lospoliticosveracruz.com\/?s={search_term_string}"},"query-input":{"@type":"PropertyValueSpecification","valueRequired":true,"valueName":"search_term_string"}}],"inLanguage":"es"},{"@type":"Organization","@id":"https:\/\/lospoliticosveracruz.com\/#organization","name":"Los pol\u00edticos Veracruz","url":"https:\/\/lospoliticosveracruz.com\/","logo":{"@type":"ImageObject","inLanguage":"es","@id":"https:\/\/lospoliticosveracruz.com\/#\/schema\/logo\/image\/","url":"https:\/\/lospoliticosveracruz.com\/wp-content\/uploads\/2025\/12\/Logo-Nuevo-LOS-POLITICOS-1.jpg","contentUrl":"https:\/\/lospoliticosveracruz.com\/wp-content\/uploads\/2025\/12\/Logo-Nuevo-LOS-POLITICOS-1.jpg","width":260,"height":70,"caption":"Los pol\u00edticos Veracruz"},"image":{"@id":"https:\/\/lospoliticosveracruz.com\/#\/schema\/logo\/image\/"},"sameAs":["https:\/\/www.facebook.com\/people\/Notimemes-de-los-Polticos\/61565672886568\/","https:\/\/x.com\/LosPoliticosVer"]},{"@type":"Person","@id":"https:\/\/lospoliticosveracruz.com\/#\/schema\/person\/b8702bb0e538456e6efd07080bf2a4a2","name":"Lo viste en Los Pol\u00edticos","image":{"@type":"ImageObject","inLanguage":"es","@id":"https:\/\/secure.gravatar.com\/avatar\/3a8de04a2656d44082be478bd6c086daa447c4651605818287b9532d3d0bd435?s=96&d=mm&r=g","url":"https:\/\/secure.gravatar.com\/avatar\/3a8de04a2656d44082be478bd6c086daa447c4651605818287b9532d3d0bd435?s=96&d=mm&r=g","contentUrl":"https:\/\/secure.gravatar.com\/avatar\/3a8de04a2656d44082be478bd6c086daa447c4651605818287b9532d3d0bd435?s=96&d=mm&r=g","caption":"Lo viste en Los Pol\u00edticos"},"url":"https:\/\/lospoliticosveracruz.com\/?author=2"}]}},"_links":{"self":[{"href":"https:\/\/lospoliticosveracruz.com\/index.php?rest_route=\/wp\/v2\/posts\/124238","targetHints":{"allow":["GET"]}}],"collection":[{"href":"https:\/\/lospoliticosveracruz.com\/index.php?rest_route=\/wp\/v2\/posts"}],"about":[{"href":"https:\/\/lospoliticosveracruz.com\/index.php?rest_route=\/wp\/v2\/types\/post"}],"author":[{"embeddable":true,"href":"https:\/\/lospoliticosveracruz.com\/index.php?rest_route=\/wp\/v2\/users\/2"}],"replies":[{"embeddable":true,"href":"https:\/\/lospoliticosveracruz.com\/index.php?rest_route=%2Fwp%2Fv2%2Fcomments&post=124238"}],"version-history":[{"count":1,"href":"https:\/\/lospoliticosveracruz.com\/index.php?rest_route=\/wp\/v2\/posts\/124238\/revisions"}],"predecessor-version":[{"id":124239,"href":"https:\/\/lospoliticosveracruz.com\/index.php?rest_route=\/wp\/v2\/posts\/124238\/revisions\/124239"}],"wp:featuredmedia":[{"embeddable":true,"href":"https:\/\/lospoliticosveracruz.com\/index.php?rest_route=\/wp\/v2\/media\/120033"}],"wp:attachment":[{"href":"https:\/\/lospoliticosveracruz.com\/index.php?rest_route=%2Fwp%2Fv2%2Fmedia&parent=124238"}],"wp:term":[{"taxonomy":"category","embeddable":true,"href":"https:\/\/lospoliticosveracruz.com\/index.php?rest_route=%2Fwp%2Fv2%2Fcategories&post=124238"},{"taxonomy":"post_tag","embeddable":true,"href":"https:\/\/lospoliticosveracruz.com\/index.php?rest_route=%2Fwp%2Fv2%2Ftags&post=124238"}],"curies":[{"name":"wp","href":"https:\/\/api.w.org\/{rel}","templated":true}]}}