{"id":124269,"date":"2024-05-14T17:32:47","date_gmt":"2024-05-14T22:32:47","guid":{"rendered":"https:\/\/lospoliticosveracruz.com.mx\/?p=124269"},"modified":"2024-05-14T17:33:05","modified_gmt":"2024-05-14T22:33:05","slug":"revento-a-la-gorda","status":"publish","type":"post","link":"https:\/\/lospoliticosveracruz.com\/?p=124269","title":{"rendered":"REVENT\u00d3 A LA GORDA!"},"content":{"rendered":"\n<p><\/p>\n\n\n\n<p><\/p>\n\n\n\n<p>Veracruz<br>Durante su participaci\u00f3n en el debate realizado por el Organismo P\u00fablico Local Electoral de Veracruz (OPLE), el candidato a diputado local por el Distrito 14 de la coalici\u00f3n Fuerza y Coraz\u00f3n por Veracruz, Gerardo Loya, evidenci\u00f3 a la candidata de MORENA, Bertha Ahued Malpica, de recibir 138 millones de pesos de Javier Duarte.<\/p>\n\n\n\n<p>Loya present\u00f3 documentos, adem\u00e1s de exhibir fotos de la candidata morenista (quien no se present\u00f3 al debate), aplaudiendo a Duarte y en cercan\u00eda con Karime Mac\u00edas, pues entre ellos existe compadrazgo.<\/p>\n\n\n\n<p>Fueron 3 los temas que se trataron en el debate: Derechos humanos, pol\u00edtica migratoria y pol\u00edtica, gobierno y cultura democr\u00e1tica.<\/p>\n\n\n\n<p>En materia de derechos humanos, Gerardo Loya abord\u00f3 la problem\u00e1tica del acceso al agua, denunciando la obstrucci\u00f3n de proyectos por parte de MORENA y comprometi\u00e9ndose a velar por la resoluci\u00f3n de estas necesidades b\u00e1sicas de la comunidad.<\/p>\n\n\n\n<p>Dijo que en todo el pa\u00eds, la escasez de agua ya es un factor que afecta la vida de las personas, sin embargo, contrario a la inercia nacional, aqu\u00ed en la ciudad de Veracruz s\u00ed se encontr\u00f3 una soluci\u00f3n pues la alcaldesa Paty Lobeira de Yunes gestion\u00f3 que Grupo MAS realizara un inversi\u00f3n de 100 millones de pesos para construir la Tercera Captaci\u00f3n de la Planta Potabilizadora, desde el R\u00edo Cotaxtla hasta la Planta El Tejar, sin embargo el exalcalde Marcos Isle\u00f1o, ahora candidato de MORENA, bloque\u00f3 este proyecto usando la violencia.<\/p>\n\n\n\n<p>Subray\u00f3 Loya que a MORENA no le import\u00f3 que 450 mil personas sufrieran escasez de agua un a\u00f1o m\u00e1s, lo \u00fanico que les interes\u00f3 fue que pudieran sacar raja pol\u00edtica. \u201cLos de Morena bloquean la obra de la tercera captaci\u00f3n de agua porque saben que es la soluci\u00f3n al problema del estiaje en la zona conurbada Veracruz, Boca del R\u00edo, Medell\u00edn y tan lo saben que hasta el peri\u00f3dico El Dictamen lo reconoci\u00f3 en su primera plana. Hoy MORENA est\u00e1 postulando a la candidata comadre de Javier Duarte\u201d, expres\u00f3.<\/p>\n\n\n\n<p>\u201cMiren como le aplaud\u00eda, pero sobre todo le aplaud\u00eda todos los d\u00edas en las portadas de su peri\u00f3dico El Dictamen. Hoy sabemos que esos aplausos ten\u00edan un precio, Duarte le pag\u00f3 138 millones para que El Dictamen sostuviera en primera plana todas sus mentiras. \u00a1138 millones que hubieran servido para repavimentar gran parte de R\u00edo Medio! \u00a1Aqu\u00ed est\u00e1n todas sus facturas!\u201d, a\u00f1adi\u00f3.<\/p>\n\n\n\n<p>Afirm\u00f3 que hoy MORENA postula a una candidata a diputada local que no busca representar con dignidad a los veracruzanos sino que s\u00f3lo quiere quedar bien con la nueva mafia del poder. \u201cPara que ahora MORENA le siga dando la misma cantidad de dinero que Duarte le dio\u201d, dijo.<\/p>\n\n\n\n<p>\u201cNo se dejen enga\u00f1ar, Morena le fall\u00f3 y quiere seguir fall\u00e1ndole a los veracruzanos puso a Cuitl\u00e1huac Garcia que se convirti\u00f3 en el peor gobernador de la historia de Veracruz y hoy postula como candidata a la comadre de Javier Duarte para que las demandas de los jarochas sean ignoradas, no lo podemos permitir\u201d, sostuvo Loya.<\/p>\n\n\n\n<p>En el tema de pol\u00edtica migratoria, el candidato destac\u00f3 la necesidad de brindar apoyo a los trabajadores migrantes, comprometi\u00e9ndose a luchar por programas de asistencia que faciliten su integraci\u00f3n y desarrollo en Veracruz.<\/p>\n\n\n\n<p>\u201cEl r\u00e9gimen de MORENA no ha trabajado en nada para darles a las familias veracruzanas las herramientas necesarias para que les vaya mejor, sino todo lo contrario, eliminaron programas importantes que ayudaban a los veracruzanos\u201d, dijo.<\/p>\n\n\n\n<p>Loya resalt\u00f3 la importancia de retener el talento local mediante la creaci\u00f3n de oportunidades laborales y educativas, proponiendo incentivos para empresas que contraten a j\u00f3venes reci\u00e9n egresados.<\/p>\n\n\n\n<p>En materia de pol\u00edtica, gobierno y cultura democr\u00e1tica, el candidato critic\u00f3 la falta de representaci\u00f3n efectiva en el distrito, se\u00f1alando la inacci\u00f3n del gobierno estatal y la necesidad de un cambio en la gesti\u00f3n p\u00fablica para responder a las demandas ciudadanas.<\/p>\n\n\n\n<p>\u201cHoy por hoy, en el distrito 14 parece no haber diputado, MORENA lo impuso pero nadie lo conoce, jam\u00e1s se le ha visto, y al igual que Cuitl\u00e1huac Garc\u00eda le fall\u00f3 a los veracruzanos. Por ende, los jarochos no fueron bien representados y sus demandas fueron ignoradas\u201d, se\u00f1al\u00f3.<\/p>\n\n\n\n<p>Resalt\u00f3 que MORENA est\u00e1 cayendo en las mismas pr\u00e1cticas que el Duartismo, pues los candidatos de MORENA est\u00e1n amenazando a los beneficiarios de los programas sociales de que si no votan por ellos les quitar\u00e1n la ayuda del gobierno.<\/p>\n\n\n\n<p>\u201cEsto es mentira, no dejes que te enga\u00f1en y a quien lo intente hacer, den\u00fancialo porque es un delito. Nadie puede condicionarte la ayuda del gobierno \u00a1Que no te amenacen! \u00a1Morena se va pero los programas sociales se quedan!. Los apoyos del gobierno, nadie te los puede quitar, es tu derecho\u201d, afirm\u00f3.<\/p>\n\n\n\n<p>Loya destac\u00f3 que los veracruzanos tienen en sus manos la oportunidad de tomar un camino distinto, en el que los ciudadanos tengan acceso a la informaci\u00f3n p\u00fablica, en el que puedan opinar y diferir de las voces oficiales, en el que sentir colectivo sea escuchado y que sea el que gu\u00ede la toma de decisiones p\u00fablicas.<\/p>\n\n\n\n<p>Veracruz y M\u00e9xico merecen instituciones s\u00f3lidas que no obedezcan a los deseos de un gobernante sino que velen por el inter\u00e9s popular, por las necesidades de las personas, subray\u00f3.<\/p>\n\n\n\n<p>Manifest\u00f3 que esto s\u00f3lo se puede lograr con representantes y gobernantes comprometidos con la ciudadan\u00eda y con la democracia. \u201cPor eso te pedimos que votes el 2 de junio por los candidatos del PAN, PRI y PRD. Con X\u00f3chitl Galvez, Pepe Yunes y Miguel \u00c1ngel Yunes lograremos que Veracruz y M\u00e9xico recuperen su rumbo hacia la rendici\u00f3n de cuentas\u201d, enfatiz\u00f3.<\/p>\n\n\n\n<p>Gerardo Loya destac\u00f3 su origen veracruzano y su experiencia tanto en el sector privado como en el servicio p\u00fablico, subrayando su compromiso con los valores de trabajo, cercan\u00eda y de escuchar y atender los problemas de los ciudadanos. \u201cLuchar\u00e9 para que el gobierno estatal haga su parte en el apoyo a los m\u00e1s vulnerables, que respalde a las madres solteras, a los adultos mayores y que promueva el desarrollo de nuestros ni\u00f1os y j\u00f3venes\u201d, dijo.<\/p>\n\n\n\n<p>Expres\u00f3 que MORENA elimin\u00f3 los fondos para infraestructura, destruy\u00f3 el sistema de salud y dej\u00f3 en el abandono a todas las escuelas. \u201cPor eso te pedimos que votes por los candidatos del PAN, PRI y PRD, juntos trabajaremos para que todos los veracruzanos vivan mejor, con equidad, con igualdad de oportunidades; para que el sue\u00f1o de alcanzar la justicia social, sea por fin una realidad\u201d, concluy\u00f3.<\/p>\n","protected":false},"excerpt":{"rendered":"<p>VeracruzDurante su participaci\u00f3n en el debate realizado por el Organismo P\u00fablico Local Electoral de Veracruz (OPLE), el candidato a diputado local por el Distrito 14 de la coalici\u00f3n Fuerza y Coraz\u00f3n por Veracruz, Gerardo Loya, evidenci\u00f3 a la candidata de MORENA, Bertha Ahued Malpica, de recibir 138 millones de pesos de Javier Duarte. Loya present\u00f3 [&hellip;]<\/p>\n","protected":false},"author":2,"featured_media":0,"comment_status":"closed","ping_status":"closed","sticky":false,"template":"","format":"standard","meta":{"tdm_status":"","tdm_grid_status":"","footnotes":""},"categories":[73],"tags":[26942],"class_list":{"0":"post-124269","1":"post","2":"type-post","3":"status-publish","4":"format-standard","6":"category-de-boleto","7":"tag-gerardo-loya"},"yoast_head":"<!-- This site is optimized with the Yoast SEO plugin v27.4 - https:\/\/yoast.com\/product\/yoast-seo-wordpress\/ -->\n<title>REVENT\u00d3 A LA GORDA! - Los pol\u00edticos Veracruz<\/title>\n<meta name=\"robots\" content=\"index, follow, max-snippet:-1, max-image-preview:large, max-video-preview:-1\" \/>\n<link rel=\"canonical\" href=\"https:\/\/lospoliticosveracruz.com\/?p=124269\" \/>\n<meta property=\"og:locale\" content=\"es_ES\" \/>\n<meta property=\"og:type\" content=\"article\" \/>\n<meta property=\"og:title\" content=\"REVENT\u00d3 A LA GORDA! - Los pol\u00edticos Veracruz\" \/>\n<meta property=\"og:description\" content=\"VeracruzDurante su participaci\u00f3n en el debate realizado por el Organismo P\u00fablico Local Electoral de Veracruz (OPLE), el candidato a diputado local por el Distrito 14 de la coalici\u00f3n Fuerza y Coraz\u00f3n por Veracruz, Gerardo Loya, evidenci\u00f3 a la candidata de MORENA, Bertha Ahued Malpica, de recibir 138 millones de pesos de Javier Duarte. Loya present\u00f3 [&hellip;]\" \/>\n<meta property=\"og:url\" content=\"https:\/\/lospoliticosveracruz.com\/?p=124269\" \/>\n<meta property=\"og:site_name\" content=\"Los pol\u00edticos Veracruz\" \/>\n<meta property=\"article:publisher\" content=\"https:\/\/www.facebook.com\/people\/Notimemes-de-los-Polticos\/61565672886568\/\" \/>\n<meta property=\"article:published_time\" content=\"2024-05-14T22:32:47+00:00\" \/>\n<meta property=\"article:modified_time\" content=\"2024-05-14T22:33:05+00:00\" \/>\n<meta property=\"og:image\" content=\"https:\/\/lospoliticosveracruz.com\/wp-content\/uploads\/2016\/07\/Logo-Dor.jpg\" \/>\n\t<meta property=\"og:image:width\" content=\"200\" \/>\n\t<meta property=\"og:image:height\" content=\"200\" \/>\n\t<meta property=\"og:image:type\" content=\"image\/jpeg\" \/>\n<meta name=\"author\" content=\"Lo viste en Los Pol\u00edticos\" \/>\n<meta name=\"twitter:card\" content=\"summary_large_image\" \/>\n<meta name=\"twitter:creator\" content=\"@LosPoliticosVer\" \/>\n<meta name=\"twitter:site\" content=\"@LosPoliticosVer\" \/>\n<meta name=\"twitter:label1\" content=\"Escrito por\" \/>\n\t<meta name=\"twitter:data1\" content=\"Lo viste en Los Pol\u00edticos\" \/>\n\t<meta name=\"twitter:label2\" content=\"Tiempo de lectura\" \/>\n\t<meta name=\"twitter:data2\" content=\"6 minutos\" \/>\n<script type=\"application\/ld+json\" class=\"yoast-schema-graph\">{\"@context\":\"https:\\\/\\\/schema.org\",\"@graph\":[{\"@type\":\"Article\",\"@id\":\"https:\\\/\\\/lospoliticosveracruz.com\\\/?p=124269#article\",\"isPartOf\":{\"@id\":\"https:\\\/\\\/lospoliticosveracruz.com\\\/?p=124269\"},\"author\":{\"name\":\"Lo viste en Los Pol\u00edticos\",\"@id\":\"https:\\\/\\\/lospoliticosveracruz.com\\\/#\\\/schema\\\/person\\\/b8702bb0e538456e6efd07080bf2a4a2\"},\"headline\":\"REVENT\u00d3 A LA GORDA!\",\"datePublished\":\"2024-05-14T22:32:47+00:00\",\"dateModified\":\"2024-05-14T22:33:05+00:00\",\"mainEntityOfPage\":{\"@id\":\"https:\\\/\\\/lospoliticosveracruz.com\\\/?p=124269\"},\"wordCount\":1128,\"publisher\":{\"@id\":\"https:\\\/\\\/lospoliticosveracruz.com\\\/#organization\"},\"keywords\":[\"Gerardo Loya\"],\"articleSection\":[\"De Boleto\"],\"inLanguage\":\"es\"},{\"@type\":\"WebPage\",\"@id\":\"https:\\\/\\\/lospoliticosveracruz.com\\\/?p=124269\",\"url\":\"https:\\\/\\\/lospoliticosveracruz.com\\\/?p=124269\",\"name\":\"REVENT\u00d3 A LA GORDA! - Los pol\u00edticos Veracruz\",\"isPartOf\":{\"@id\":\"https:\\\/\\\/lospoliticosveracruz.com\\\/#website\"},\"datePublished\":\"2024-05-14T22:32:47+00:00\",\"dateModified\":\"2024-05-14T22:33:05+00:00\",\"breadcrumb\":{\"@id\":\"https:\\\/\\\/lospoliticosveracruz.com\\\/?p=124269#breadcrumb\"},\"inLanguage\":\"es\",\"potentialAction\":[{\"@type\":\"ReadAction\",\"target\":[\"https:\\\/\\\/lospoliticosveracruz.com\\\/?p=124269\"]}]},{\"@type\":\"BreadcrumbList\",\"@id\":\"https:\\\/\\\/lospoliticosveracruz.com\\\/?p=124269#breadcrumb\",\"itemListElement\":[{\"@type\":\"ListItem\",\"position\":1,\"name\":\"Portada\",\"item\":\"https:\\\/\\\/lospoliticosveracruz.com\\\/\"},{\"@type\":\"ListItem\",\"position\":2,\"name\":\"REVENT\u00d3 A LA GORDA!\"}]},{\"@type\":\"WebSite\",\"@id\":\"https:\\\/\\\/lospoliticosveracruz.com\\\/#website\",\"url\":\"https:\\\/\\\/lospoliticosveracruz.com\\\/\",\"name\":\"Los pol\u00edticos Veracruz\",\"description\":\"\",\"publisher\":{\"@id\":\"https:\\\/\\\/lospoliticosveracruz.com\\\/#organization\"},\"potentialAction\":[{\"@type\":\"SearchAction\",\"target\":{\"@type\":\"EntryPoint\",\"urlTemplate\":\"https:\\\/\\\/lospoliticosveracruz.com\\\/?s={search_term_string}\"},\"query-input\":{\"@type\":\"PropertyValueSpecification\",\"valueRequired\":true,\"valueName\":\"search_term_string\"}}],\"inLanguage\":\"es\"},{\"@type\":\"Organization\",\"@id\":\"https:\\\/\\\/lospoliticosveracruz.com\\\/#organization\",\"name\":\"Los pol\u00edticos Veracruz\",\"url\":\"https:\\\/\\\/lospoliticosveracruz.com\\\/\",\"logo\":{\"@type\":\"ImageObject\",\"inLanguage\":\"es\",\"@id\":\"https:\\\/\\\/lospoliticosveracruz.com\\\/#\\\/schema\\\/logo\\\/image\\\/\",\"url\":\"https:\\\/\\\/lospoliticosveracruz.com\\\/wp-content\\\/uploads\\\/2025\\\/12\\\/Logo-Nuevo-LOS-POLITICOS-1.jpg\",\"contentUrl\":\"https:\\\/\\\/lospoliticosveracruz.com\\\/wp-content\\\/uploads\\\/2025\\\/12\\\/Logo-Nuevo-LOS-POLITICOS-1.jpg\",\"width\":260,\"height\":70,\"caption\":\"Los pol\u00edticos Veracruz\"},\"image\":{\"@id\":\"https:\\\/\\\/lospoliticosveracruz.com\\\/#\\\/schema\\\/logo\\\/image\\\/\"},\"sameAs\":[\"https:\\\/\\\/www.facebook.com\\\/people\\\/Notimemes-de-los-Polticos\\\/61565672886568\\\/\",\"https:\\\/\\\/x.com\\\/LosPoliticosVer\"]},{\"@type\":\"Person\",\"@id\":\"https:\\\/\\\/lospoliticosveracruz.com\\\/#\\\/schema\\\/person\\\/b8702bb0e538456e6efd07080bf2a4a2\",\"name\":\"Lo viste en Los Pol\u00edticos\",\"image\":{\"@type\":\"ImageObject\",\"inLanguage\":\"es\",\"@id\":\"https:\\\/\\\/secure.gravatar.com\\\/avatar\\\/3a8de04a2656d44082be478bd6c086daa447c4651605818287b9532d3d0bd435?s=96&d=mm&r=g\",\"url\":\"https:\\\/\\\/secure.gravatar.com\\\/avatar\\\/3a8de04a2656d44082be478bd6c086daa447c4651605818287b9532d3d0bd435?s=96&d=mm&r=g\",\"contentUrl\":\"https:\\\/\\\/secure.gravatar.com\\\/avatar\\\/3a8de04a2656d44082be478bd6c086daa447c4651605818287b9532d3d0bd435?s=96&d=mm&r=g\",\"caption\":\"Lo viste en Los Pol\u00edticos\"},\"url\":\"https:\\\/\\\/lospoliticosveracruz.com\\\/?author=2\"}]}<\/script>\n<!-- \/ Yoast SEO plugin. -->","yoast_head_json":{"title":"REVENT\u00d3 A LA GORDA! - Los pol\u00edticos Veracruz","robots":{"index":"index","follow":"follow","max-snippet":"max-snippet:-1","max-image-preview":"max-image-preview:large","max-video-preview":"max-video-preview:-1"},"canonical":"https:\/\/lospoliticosveracruz.com\/?p=124269","og_locale":"es_ES","og_type":"article","og_title":"REVENT\u00d3 A LA GORDA! - Los pol\u00edticos Veracruz","og_description":"VeracruzDurante su participaci\u00f3n en el debate realizado por el Organismo P\u00fablico Local Electoral de Veracruz (OPLE), el candidato a diputado local por el Distrito 14 de la coalici\u00f3n Fuerza y Coraz\u00f3n por Veracruz, Gerardo Loya, evidenci\u00f3 a la candidata de MORENA, Bertha Ahued Malpica, de recibir 138 millones de pesos de Javier Duarte. Loya present\u00f3 [&hellip;]","og_url":"https:\/\/lospoliticosveracruz.com\/?p=124269","og_site_name":"Los pol\u00edticos Veracruz","article_publisher":"https:\/\/www.facebook.com\/people\/Notimemes-de-los-Polticos\/61565672886568\/","article_published_time":"2024-05-14T22:32:47+00:00","article_modified_time":"2024-05-14T22:33:05+00:00","og_image":[{"width":200,"height":200,"url":"https:\/\/lospoliticosveracruz.com\/wp-content\/uploads\/2016\/07\/Logo-Dor.jpg","type":"image\/jpeg"}],"author":"Lo viste en Los Pol\u00edticos","twitter_card":"summary_large_image","twitter_creator":"@LosPoliticosVer","twitter_site":"@LosPoliticosVer","twitter_misc":{"Escrito por":"Lo viste en Los Pol\u00edticos","Tiempo de lectura":"6 minutos"},"schema":{"@context":"https:\/\/schema.org","@graph":[{"@type":"Article","@id":"https:\/\/lospoliticosveracruz.com\/?p=124269#article","isPartOf":{"@id":"https:\/\/lospoliticosveracruz.com\/?p=124269"},"author":{"name":"Lo viste en Los Pol\u00edticos","@id":"https:\/\/lospoliticosveracruz.com\/#\/schema\/person\/b8702bb0e538456e6efd07080bf2a4a2"},"headline":"REVENT\u00d3 A LA GORDA!","datePublished":"2024-05-14T22:32:47+00:00","dateModified":"2024-05-14T22:33:05+00:00","mainEntityOfPage":{"@id":"https:\/\/lospoliticosveracruz.com\/?p=124269"},"wordCount":1128,"publisher":{"@id":"https:\/\/lospoliticosveracruz.com\/#organization"},"keywords":["Gerardo Loya"],"articleSection":["De Boleto"],"inLanguage":"es"},{"@type":"WebPage","@id":"https:\/\/lospoliticosveracruz.com\/?p=124269","url":"https:\/\/lospoliticosveracruz.com\/?p=124269","name":"REVENT\u00d3 A LA GORDA! - Los pol\u00edticos Veracruz","isPartOf":{"@id":"https:\/\/lospoliticosveracruz.com\/#website"},"datePublished":"2024-05-14T22:32:47+00:00","dateModified":"2024-05-14T22:33:05+00:00","breadcrumb":{"@id":"https:\/\/lospoliticosveracruz.com\/?p=124269#breadcrumb"},"inLanguage":"es","potentialAction":[{"@type":"ReadAction","target":["https:\/\/lospoliticosveracruz.com\/?p=124269"]}]},{"@type":"BreadcrumbList","@id":"https:\/\/lospoliticosveracruz.com\/?p=124269#breadcrumb","itemListElement":[{"@type":"ListItem","position":1,"name":"Portada","item":"https:\/\/lospoliticosveracruz.com\/"},{"@type":"ListItem","position":2,"name":"REVENT\u00d3 A LA GORDA!"}]},{"@type":"WebSite","@id":"https:\/\/lospoliticosveracruz.com\/#website","url":"https:\/\/lospoliticosveracruz.com\/","name":"Los pol\u00edticos Veracruz","description":"","publisher":{"@id":"https:\/\/lospoliticosveracruz.com\/#organization"},"potentialAction":[{"@type":"SearchAction","target":{"@type":"EntryPoint","urlTemplate":"https:\/\/lospoliticosveracruz.com\/?s={search_term_string}"},"query-input":{"@type":"PropertyValueSpecification","valueRequired":true,"valueName":"search_term_string"}}],"inLanguage":"es"},{"@type":"Organization","@id":"https:\/\/lospoliticosveracruz.com\/#organization","name":"Los pol\u00edticos Veracruz","url":"https:\/\/lospoliticosveracruz.com\/","logo":{"@type":"ImageObject","inLanguage":"es","@id":"https:\/\/lospoliticosveracruz.com\/#\/schema\/logo\/image\/","url":"https:\/\/lospoliticosveracruz.com\/wp-content\/uploads\/2025\/12\/Logo-Nuevo-LOS-POLITICOS-1.jpg","contentUrl":"https:\/\/lospoliticosveracruz.com\/wp-content\/uploads\/2025\/12\/Logo-Nuevo-LOS-POLITICOS-1.jpg","width":260,"height":70,"caption":"Los pol\u00edticos Veracruz"},"image":{"@id":"https:\/\/lospoliticosveracruz.com\/#\/schema\/logo\/image\/"},"sameAs":["https:\/\/www.facebook.com\/people\/Notimemes-de-los-Polticos\/61565672886568\/","https:\/\/x.com\/LosPoliticosVer"]},{"@type":"Person","@id":"https:\/\/lospoliticosveracruz.com\/#\/schema\/person\/b8702bb0e538456e6efd07080bf2a4a2","name":"Lo viste en Los Pol\u00edticos","image":{"@type":"ImageObject","inLanguage":"es","@id":"https:\/\/secure.gravatar.com\/avatar\/3a8de04a2656d44082be478bd6c086daa447c4651605818287b9532d3d0bd435?s=96&d=mm&r=g","url":"https:\/\/secure.gravatar.com\/avatar\/3a8de04a2656d44082be478bd6c086daa447c4651605818287b9532d3d0bd435?s=96&d=mm&r=g","contentUrl":"https:\/\/secure.gravatar.com\/avatar\/3a8de04a2656d44082be478bd6c086daa447c4651605818287b9532d3d0bd435?s=96&d=mm&r=g","caption":"Lo viste en Los Pol\u00edticos"},"url":"https:\/\/lospoliticosveracruz.com\/?author=2"}]}},"_links":{"self":[{"href":"https:\/\/lospoliticosveracruz.com\/index.php?rest_route=\/wp\/v2\/posts\/124269","targetHints":{"allow":["GET"]}}],"collection":[{"href":"https:\/\/lospoliticosveracruz.com\/index.php?rest_route=\/wp\/v2\/posts"}],"about":[{"href":"https:\/\/lospoliticosveracruz.com\/index.php?rest_route=\/wp\/v2\/types\/post"}],"author":[{"embeddable":true,"href":"https:\/\/lospoliticosveracruz.com\/index.php?rest_route=\/wp\/v2\/users\/2"}],"replies":[{"embeddable":true,"href":"https:\/\/lospoliticosveracruz.com\/index.php?rest_route=%2Fwp%2Fv2%2Fcomments&post=124269"}],"version-history":[{"count":1,"href":"https:\/\/lospoliticosveracruz.com\/index.php?rest_route=\/wp\/v2\/posts\/124269\/revisions"}],"predecessor-version":[{"id":124271,"href":"https:\/\/lospoliticosveracruz.com\/index.php?rest_route=\/wp\/v2\/posts\/124269\/revisions\/124271"}],"wp:attachment":[{"href":"https:\/\/lospoliticosveracruz.com\/index.php?rest_route=%2Fwp%2Fv2%2Fmedia&parent=124269"}],"wp:term":[{"taxonomy":"category","embeddable":true,"href":"https:\/\/lospoliticosveracruz.com\/index.php?rest_route=%2Fwp%2Fv2%2Fcategories&post=124269"},{"taxonomy":"post_tag","embeddable":true,"href":"https:\/\/lospoliticosveracruz.com\/index.php?rest_route=%2Fwp%2Fv2%2Ftags&post=124269"}],"curies":[{"name":"wp","href":"https:\/\/api.w.org\/{rel}","templated":true}]}}