{"id":12430,"date":"2014-10-09T16:19:00","date_gmt":"2014-10-09T16:19:00","guid":{"rendered":"http:\/\/www.lospoliticosveracruz.com.mx\/se-volo-la-barda-el-chendo\/"},"modified":"2014-10-10T02:59:44","modified_gmt":"2014-10-10T02:59:44","slug":"se-volo-la-barda-el-chendo","status":"publish","type":"post","link":"https:\/\/lospoliticosveracruz.com\/?p=12430","title":{"rendered":"Se vol\u00f3 la barda el Chendo"},"content":{"rendered":"<p><a href=\"http:\/\/www.lospoliticosveracruz.com.mx\/wp-content\/uploads\/2014\/10\/pelayo1.jpg\"><img decoding=\"async\" border=\"0\" src=\"http:\/\/www.lospoliticosveracruz.com.mx\/wp-content\/uploads\/2014\/10\/pelayo1-300x300.jpg\" \/><\/a><\/p>\n<div><b>Miguel Angel Cristiani Gonz\u00e1lez<\/b><\/div>\n<div><i>Bit\u00e1cora Veracruz<\/i><\/div>\n<div>Uno de los 212 presidentes municipales en funciones en el estado de Veracruz, acaba de literalmente volarse la barda, para decirlo en t\u00e9rminos beisboleros, conect\u00f3 de hit, con casa llena y en la \u00faltima entrada, al conseguir lo que ning\u00fan otro alcalde ha ni siquiera tratado de lograr, que el embajador de los Estados Unidos, Anthony Wayne lo recibiera en audiencia para abrir nuevas rutas de comercializaci\u00f3n hacia ese important\u00edsimo mercado de los productos de su localidad.<br \/>Se vol\u00f3 la barda, no solo del estadio de beisbol, sino que la lanz\u00f3 hasta el otro lado de la frontera con el vecino pa\u00eds.<a name='more'><\/a><br \/>Se trata del presidente municipal de San Andr\u00e9s Tuxtla, Manuel Rosendo Pelayo quien acaba de dar a conocer en su cuenta de facebook lo siguiente:<br \/>\u201cEn un hecho hist\u00f3rico, fui recibido por el embajador Anthony Wayne, la comercializaci\u00f3n de nuestros productos nos obliga a ser vanguardistas. Debemos poner a San Andr\u00e9s Tuxtla en mercados internacionales para un mejor futuro.<br \/>Para crear nuevas rutas de comercializaci\u00f3n de nuestros productos me he reunido con el embajador de Estados Unidos en nuestro pa\u00eds, Anthony Wayne. Los totopostes, las salsas caseras, miel, puros y dulces t\u00edpicos tendr\u00e1n oportunidad de ser exportados\u201d.<br \/>Apenas hace unos d\u00edas, el presidente municipal de San Andr\u00e9s Tuxtla, Manuel Rosendo Pelayo realiz\u00f3 exitosamente, un evento internacional, el Primer Festival Internacional de Globos de Papel, que cont\u00f3 con la participaci\u00f3n de globeros de otras entidades del pa\u00eds, de Colombia y de Brasil, en un evento que logr\u00f3 la asistencia de 60 mil personas.<br \/>Mientras que hay otros alcaldes veracruzanos, que brillan por su ausencia, es decir que son Ni Nis.<br \/>Ni se les ve por ning\u00fan lado, ni tampoco se les conoce trabajo alguno en favor de su municipio, el presidente municipal de San Andr\u00e9s Tuxtla, Manuel Rosendo Pelayo es un ejemplo de dedicaci\u00f3n y esfuerzo por crear nuevas e imaginativas formas de generar turismo y comercializaci\u00f3n de los productos tradicionales que elaboran sus paisanos.<br \/>Cumple con una apretada agenda de trabajo, que desarrolla lo mismo en el palacio de gobierno municipal, que en las comunidades del municipio de San Andr\u00e9s Tuxtla.<br \/>Mientras que hay otros, que como si fuera un gran logro, suben a su cuenta de facebook, que se tiraron un \u201cpalomazo\u201d como el burro que toc\u00f3 la flauta, porque se subieron al estrado a tocar el g\u00fciro con alg\u00fan grupo musical de estudiantes.<br \/>Pero a la mayor\u00eda de los presidentes municipales, con el pretexto de que no tienen recursos, se tiran a la milonga, haciendo como que est\u00e1n trabajando, aunque ese cuento ya nadie se los cree, sobre todos sus vecinos, que los conocen bien y que sufren por su falta de experiencia pol\u00edtica para atender y dar respuesta a sus conciudadanos.<br \/>Por eso es que es digno de llamar la atenci\u00f3n en la Bit\u00e1cora Veracruzana, el hecho de que un presidente municipal, no permanezca encerrado en su despacho de palacio municipal, esperando que le vayan a resolver los problemas, sino que al contrario, como lo est\u00e1 haciendo Manuel Rosendo Pelayo abra nuevos horizontes de comercializaci\u00f3n para los productos que se generan en su municipio y los conecte con el mercado m\u00e1s importante del mundo, el de los Estados Unidos.<\/div>\n","protected":false},"excerpt":{"rendered":"<p>Miguel Angel Cristiani Gonz\u00e1lez Bit\u00e1cora Veracruz Uno de los 212 presidentes municipales en funciones en el estado de Veracruz, acaba de literalmente volarse la barda, para decirlo en t\u00e9rminos beisboleros, conect\u00f3 de hit, con casa llena y en la \u00faltima entrada, al conseguir lo que ning\u00fan otro alcalde ha ni siquiera tratado de lograr, que [&hellip;]<\/p>\n","protected":false},"author":2,"featured_media":0,"comment_status":"open","ping_status":"open","sticky":false,"template":"","format":"standard","meta":{"tdm_status":"","tdm_grid_status":"","footnotes":""},"categories":[70],"tags":[123,120,122],"class_list":{"0":"post-12430","1":"post","2":"type-post","3":"status-publish","4":"format-standard","6":"category-de-opinion","7":"tag-estados-unidos","8":"tag-rosendo","9":"tag-san-andres-tuxtla"},"yoast_head":"<!-- This site is optimized with the Yoast SEO plugin v27.4 - https:\/\/yoast.com\/product\/yoast-seo-wordpress\/ -->\n<title>Se vol\u00f3 la barda el Chendo - Los pol\u00edticos Veracruz<\/title>\n<meta name=\"robots\" content=\"index, follow, max-snippet:-1, max-image-preview:large, max-video-preview:-1\" \/>\n<link rel=\"canonical\" href=\"https:\/\/lospoliticosveracruz.com\/?p=12430\" \/>\n<meta property=\"og:locale\" content=\"es_ES\" \/>\n<meta property=\"og:type\" content=\"article\" \/>\n<meta property=\"og:title\" content=\"Se vol\u00f3 la barda el Chendo - Los pol\u00edticos Veracruz\" \/>\n<meta property=\"og:description\" content=\"Miguel Angel Cristiani Gonz\u00e1lez Bit\u00e1cora Veracruz Uno de los 212 presidentes municipales en funciones en el estado de Veracruz, acaba de literalmente volarse la barda, para decirlo en t\u00e9rminos beisboleros, conect\u00f3 de hit, con casa llena y en la \u00faltima entrada, al conseguir lo que ning\u00fan otro alcalde ha ni siquiera tratado de lograr, que [&hellip;]\" \/>\n<meta property=\"og:url\" content=\"https:\/\/lospoliticosveracruz.com\/?p=12430\" \/>\n<meta property=\"og:site_name\" content=\"Los pol\u00edticos Veracruz\" \/>\n<meta property=\"article:publisher\" content=\"https:\/\/www.facebook.com\/people\/Notimemes-de-los-Polticos\/61565672886568\/\" \/>\n<meta property=\"article:published_time\" content=\"2014-10-09T16:19:00+00:00\" \/>\n<meta property=\"article:modified_time\" content=\"2014-10-10T02:59:44+00:00\" \/>\n<meta property=\"og:image\" content=\"http:\/\/www.lospoliticosveracruz.com.mx\/wp-content\/uploads\/2014\/10\/pelayo1-300x300.jpg\" \/>\n<meta name=\"author\" content=\"Lo viste en Los Pol\u00edticos\" \/>\n<meta name=\"twitter:card\" content=\"summary_large_image\" \/>\n<meta name=\"twitter:creator\" content=\"@LosPoliticosVer\" \/>\n<meta name=\"twitter:site\" content=\"@LosPoliticosVer\" \/>\n<meta name=\"twitter:label1\" content=\"Escrito por\" \/>\n\t<meta name=\"twitter:data1\" content=\"Lo viste en Los Pol\u00edticos\" \/>\n\t<meta name=\"twitter:label2\" content=\"Tiempo de lectura\" \/>\n\t<meta name=\"twitter:data2\" content=\"3 minutos\" \/>\n<script type=\"application\/ld+json\" class=\"yoast-schema-graph\">{\"@context\":\"https:\\\/\\\/schema.org\",\"@graph\":[{\"@type\":\"Article\",\"@id\":\"https:\\\/\\\/lospoliticosveracruz.com\\\/?p=12430#article\",\"isPartOf\":{\"@id\":\"https:\\\/\\\/lospoliticosveracruz.com\\\/?p=12430\"},\"author\":{\"name\":\"Lo viste en Los Pol\u00edticos\",\"@id\":\"https:\\\/\\\/lospoliticosveracruz.com\\\/#\\\/schema\\\/person\\\/b8702bb0e538456e6efd07080bf2a4a2\"},\"headline\":\"Se vol\u00f3 la barda el Chendo\",\"datePublished\":\"2014-10-09T16:19:00+00:00\",\"dateModified\":\"2014-10-10T02:59:44+00:00\",\"mainEntityOfPage\":{\"@id\":\"https:\\\/\\\/lospoliticosveracruz.com\\\/?p=12430\"},\"wordCount\":577,\"commentCount\":0,\"publisher\":{\"@id\":\"https:\\\/\\\/lospoliticosveracruz.com\\\/#organization\"},\"image\":{\"@id\":\"https:\\\/\\\/lospoliticosveracruz.com\\\/?p=12430#primaryimage\"},\"thumbnailUrl\":\"http:\\\/\\\/www.lospoliticosveracruz.com.mx\\\/wp-content\\\/uploads\\\/2014\\\/10\\\/pelayo1-300x300.jpg\",\"keywords\":[\"Estados Unidos\",\"Rosendo\",\"San Andr\u00e9s Tuxtla\"],\"articleSection\":[\"De Opini\u00f3n\"],\"inLanguage\":\"es\",\"potentialAction\":[{\"@type\":\"CommentAction\",\"name\":\"Comment\",\"target\":[\"https:\\\/\\\/lospoliticosveracruz.com\\\/?p=12430#respond\"]}]},{\"@type\":\"WebPage\",\"@id\":\"https:\\\/\\\/lospoliticosveracruz.com\\\/?p=12430\",\"url\":\"https:\\\/\\\/lospoliticosveracruz.com\\\/?p=12430\",\"name\":\"Se vol\u00f3 la barda el Chendo - Los pol\u00edticos Veracruz\",\"isPartOf\":{\"@id\":\"https:\\\/\\\/lospoliticosveracruz.com\\\/#website\"},\"primaryImageOfPage\":{\"@id\":\"https:\\\/\\\/lospoliticosveracruz.com\\\/?p=12430#primaryimage\"},\"image\":{\"@id\":\"https:\\\/\\\/lospoliticosveracruz.com\\\/?p=12430#primaryimage\"},\"thumbnailUrl\":\"http:\\\/\\\/www.lospoliticosveracruz.com.mx\\\/wp-content\\\/uploads\\\/2014\\\/10\\\/pelayo1-300x300.jpg\",\"datePublished\":\"2014-10-09T16:19:00+00:00\",\"dateModified\":\"2014-10-10T02:59:44+00:00\",\"breadcrumb\":{\"@id\":\"https:\\\/\\\/lospoliticosveracruz.com\\\/?p=12430#breadcrumb\"},\"inLanguage\":\"es\",\"potentialAction\":[{\"@type\":\"ReadAction\",\"target\":[\"https:\\\/\\\/lospoliticosveracruz.com\\\/?p=12430\"]}]},{\"@type\":\"ImageObject\",\"inLanguage\":\"es\",\"@id\":\"https:\\\/\\\/lospoliticosveracruz.com\\\/?p=12430#primaryimage\",\"url\":\"http:\\\/\\\/www.lospoliticosveracruz.com.mx\\\/wp-content\\\/uploads\\\/2014\\\/10\\\/pelayo1-300x300.jpg\",\"contentUrl\":\"http:\\\/\\\/www.lospoliticosveracruz.com.mx\\\/wp-content\\\/uploads\\\/2014\\\/10\\\/pelayo1-300x300.jpg\"},{\"@type\":\"BreadcrumbList\",\"@id\":\"https:\\\/\\\/lospoliticosveracruz.com\\\/?p=12430#breadcrumb\",\"itemListElement\":[{\"@type\":\"ListItem\",\"position\":1,\"name\":\"Portada\",\"item\":\"https:\\\/\\\/lospoliticosveracruz.com\\\/\"},{\"@type\":\"ListItem\",\"position\":2,\"name\":\"Se vol\u00f3 la barda el Chendo\"}]},{\"@type\":\"WebSite\",\"@id\":\"https:\\\/\\\/lospoliticosveracruz.com\\\/#website\",\"url\":\"https:\\\/\\\/lospoliticosveracruz.com\\\/\",\"name\":\"Los pol\u00edticos Veracruz\",\"description\":\"\",\"publisher\":{\"@id\":\"https:\\\/\\\/lospoliticosveracruz.com\\\/#organization\"},\"potentialAction\":[{\"@type\":\"SearchAction\",\"target\":{\"@type\":\"EntryPoint\",\"urlTemplate\":\"https:\\\/\\\/lospoliticosveracruz.com\\\/?s={search_term_string}\"},\"query-input\":{\"@type\":\"PropertyValueSpecification\",\"valueRequired\":true,\"valueName\":\"search_term_string\"}}],\"inLanguage\":\"es\"},{\"@type\":\"Organization\",\"@id\":\"https:\\\/\\\/lospoliticosveracruz.com\\\/#organization\",\"name\":\"Los pol\u00edticos Veracruz\",\"url\":\"https:\\\/\\\/lospoliticosveracruz.com\\\/\",\"logo\":{\"@type\":\"ImageObject\",\"inLanguage\":\"es\",\"@id\":\"https:\\\/\\\/lospoliticosveracruz.com\\\/#\\\/schema\\\/logo\\\/image\\\/\",\"url\":\"https:\\\/\\\/lospoliticosveracruz.com\\\/wp-content\\\/uploads\\\/2025\\\/12\\\/Logo-Nuevo-LOS-POLITICOS-1.jpg\",\"contentUrl\":\"https:\\\/\\\/lospoliticosveracruz.com\\\/wp-content\\\/uploads\\\/2025\\\/12\\\/Logo-Nuevo-LOS-POLITICOS-1.jpg\",\"width\":260,\"height\":70,\"caption\":\"Los pol\u00edticos Veracruz\"},\"image\":{\"@id\":\"https:\\\/\\\/lospoliticosveracruz.com\\\/#\\\/schema\\\/logo\\\/image\\\/\"},\"sameAs\":[\"https:\\\/\\\/www.facebook.com\\\/people\\\/Notimemes-de-los-Polticos\\\/61565672886568\\\/\",\"https:\\\/\\\/x.com\\\/LosPoliticosVer\"]},{\"@type\":\"Person\",\"@id\":\"https:\\\/\\\/lospoliticosveracruz.com\\\/#\\\/schema\\\/person\\\/b8702bb0e538456e6efd07080bf2a4a2\",\"name\":\"Lo viste en Los Pol\u00edticos\",\"image\":{\"@type\":\"ImageObject\",\"inLanguage\":\"es\",\"@id\":\"https:\\\/\\\/secure.gravatar.com\\\/avatar\\\/3a8de04a2656d44082be478bd6c086daa447c4651605818287b9532d3d0bd435?s=96&d=mm&r=g\",\"url\":\"https:\\\/\\\/secure.gravatar.com\\\/avatar\\\/3a8de04a2656d44082be478bd6c086daa447c4651605818287b9532d3d0bd435?s=96&d=mm&r=g\",\"contentUrl\":\"https:\\\/\\\/secure.gravatar.com\\\/avatar\\\/3a8de04a2656d44082be478bd6c086daa447c4651605818287b9532d3d0bd435?s=96&d=mm&r=g\",\"caption\":\"Lo viste en Los Pol\u00edticos\"},\"url\":\"https:\\\/\\\/lospoliticosveracruz.com\\\/?author=2\"}]}<\/script>\n<!-- \/ Yoast SEO plugin. -->","yoast_head_json":{"title":"Se vol\u00f3 la barda el Chendo - Los pol\u00edticos Veracruz","robots":{"index":"index","follow":"follow","max-snippet":"max-snippet:-1","max-image-preview":"max-image-preview:large","max-video-preview":"max-video-preview:-1"},"canonical":"https:\/\/lospoliticosveracruz.com\/?p=12430","og_locale":"es_ES","og_type":"article","og_title":"Se vol\u00f3 la barda el Chendo - Los pol\u00edticos Veracruz","og_description":"Miguel Angel Cristiani Gonz\u00e1lez Bit\u00e1cora Veracruz Uno de los 212 presidentes municipales en funciones en el estado de Veracruz, acaba de literalmente volarse la barda, para decirlo en t\u00e9rminos beisboleros, conect\u00f3 de hit, con casa llena y en la \u00faltima entrada, al conseguir lo que ning\u00fan otro alcalde ha ni siquiera tratado de lograr, que [&hellip;]","og_url":"https:\/\/lospoliticosveracruz.com\/?p=12430","og_site_name":"Los pol\u00edticos Veracruz","article_publisher":"https:\/\/www.facebook.com\/people\/Notimemes-de-los-Polticos\/61565672886568\/","article_published_time":"2014-10-09T16:19:00+00:00","article_modified_time":"2014-10-10T02:59:44+00:00","og_image":[{"url":"http:\/\/www.lospoliticosveracruz.com.mx\/wp-content\/uploads\/2014\/10\/pelayo1-300x300.jpg","type":"","width":"","height":""}],"author":"Lo viste en Los Pol\u00edticos","twitter_card":"summary_large_image","twitter_creator":"@LosPoliticosVer","twitter_site":"@LosPoliticosVer","twitter_misc":{"Escrito por":"Lo viste en Los Pol\u00edticos","Tiempo de lectura":"3 minutos"},"schema":{"@context":"https:\/\/schema.org","@graph":[{"@type":"Article","@id":"https:\/\/lospoliticosveracruz.com\/?p=12430#article","isPartOf":{"@id":"https:\/\/lospoliticosveracruz.com\/?p=12430"},"author":{"name":"Lo viste en Los Pol\u00edticos","@id":"https:\/\/lospoliticosveracruz.com\/#\/schema\/person\/b8702bb0e538456e6efd07080bf2a4a2"},"headline":"Se vol\u00f3 la barda el Chendo","datePublished":"2014-10-09T16:19:00+00:00","dateModified":"2014-10-10T02:59:44+00:00","mainEntityOfPage":{"@id":"https:\/\/lospoliticosveracruz.com\/?p=12430"},"wordCount":577,"commentCount":0,"publisher":{"@id":"https:\/\/lospoliticosveracruz.com\/#organization"},"image":{"@id":"https:\/\/lospoliticosveracruz.com\/?p=12430#primaryimage"},"thumbnailUrl":"http:\/\/www.lospoliticosveracruz.com.mx\/wp-content\/uploads\/2014\/10\/pelayo1-300x300.jpg","keywords":["Estados Unidos","Rosendo","San Andr\u00e9s Tuxtla"],"articleSection":["De Opini\u00f3n"],"inLanguage":"es","potentialAction":[{"@type":"CommentAction","name":"Comment","target":["https:\/\/lospoliticosveracruz.com\/?p=12430#respond"]}]},{"@type":"WebPage","@id":"https:\/\/lospoliticosveracruz.com\/?p=12430","url":"https:\/\/lospoliticosveracruz.com\/?p=12430","name":"Se vol\u00f3 la barda el Chendo - Los pol\u00edticos Veracruz","isPartOf":{"@id":"https:\/\/lospoliticosveracruz.com\/#website"},"primaryImageOfPage":{"@id":"https:\/\/lospoliticosveracruz.com\/?p=12430#primaryimage"},"image":{"@id":"https:\/\/lospoliticosveracruz.com\/?p=12430#primaryimage"},"thumbnailUrl":"http:\/\/www.lospoliticosveracruz.com.mx\/wp-content\/uploads\/2014\/10\/pelayo1-300x300.jpg","datePublished":"2014-10-09T16:19:00+00:00","dateModified":"2014-10-10T02:59:44+00:00","breadcrumb":{"@id":"https:\/\/lospoliticosveracruz.com\/?p=12430#breadcrumb"},"inLanguage":"es","potentialAction":[{"@type":"ReadAction","target":["https:\/\/lospoliticosveracruz.com\/?p=12430"]}]},{"@type":"ImageObject","inLanguage":"es","@id":"https:\/\/lospoliticosveracruz.com\/?p=12430#primaryimage","url":"http:\/\/www.lospoliticosveracruz.com.mx\/wp-content\/uploads\/2014\/10\/pelayo1-300x300.jpg","contentUrl":"http:\/\/www.lospoliticosveracruz.com.mx\/wp-content\/uploads\/2014\/10\/pelayo1-300x300.jpg"},{"@type":"BreadcrumbList","@id":"https:\/\/lospoliticosveracruz.com\/?p=12430#breadcrumb","itemListElement":[{"@type":"ListItem","position":1,"name":"Portada","item":"https:\/\/lospoliticosveracruz.com\/"},{"@type":"ListItem","position":2,"name":"Se vol\u00f3 la barda el Chendo"}]},{"@type":"WebSite","@id":"https:\/\/lospoliticosveracruz.com\/#website","url":"https:\/\/lospoliticosveracruz.com\/","name":"Los pol\u00edticos Veracruz","description":"","publisher":{"@id":"https:\/\/lospoliticosveracruz.com\/#organization"},"potentialAction":[{"@type":"SearchAction","target":{"@type":"EntryPoint","urlTemplate":"https:\/\/lospoliticosveracruz.com\/?s={search_term_string}"},"query-input":{"@type":"PropertyValueSpecification","valueRequired":true,"valueName":"search_term_string"}}],"inLanguage":"es"},{"@type":"Organization","@id":"https:\/\/lospoliticosveracruz.com\/#organization","name":"Los pol\u00edticos Veracruz","url":"https:\/\/lospoliticosveracruz.com\/","logo":{"@type":"ImageObject","inLanguage":"es","@id":"https:\/\/lospoliticosveracruz.com\/#\/schema\/logo\/image\/","url":"https:\/\/lospoliticosveracruz.com\/wp-content\/uploads\/2025\/12\/Logo-Nuevo-LOS-POLITICOS-1.jpg","contentUrl":"https:\/\/lospoliticosveracruz.com\/wp-content\/uploads\/2025\/12\/Logo-Nuevo-LOS-POLITICOS-1.jpg","width":260,"height":70,"caption":"Los pol\u00edticos Veracruz"},"image":{"@id":"https:\/\/lospoliticosveracruz.com\/#\/schema\/logo\/image\/"},"sameAs":["https:\/\/www.facebook.com\/people\/Notimemes-de-los-Polticos\/61565672886568\/","https:\/\/x.com\/LosPoliticosVer"]},{"@type":"Person","@id":"https:\/\/lospoliticosveracruz.com\/#\/schema\/person\/b8702bb0e538456e6efd07080bf2a4a2","name":"Lo viste en Los Pol\u00edticos","image":{"@type":"ImageObject","inLanguage":"es","@id":"https:\/\/secure.gravatar.com\/avatar\/3a8de04a2656d44082be478bd6c086daa447c4651605818287b9532d3d0bd435?s=96&d=mm&r=g","url":"https:\/\/secure.gravatar.com\/avatar\/3a8de04a2656d44082be478bd6c086daa447c4651605818287b9532d3d0bd435?s=96&d=mm&r=g","contentUrl":"https:\/\/secure.gravatar.com\/avatar\/3a8de04a2656d44082be478bd6c086daa447c4651605818287b9532d3d0bd435?s=96&d=mm&r=g","caption":"Lo viste en Los Pol\u00edticos"},"url":"https:\/\/lospoliticosveracruz.com\/?author=2"}]}},"_links":{"self":[{"href":"https:\/\/lospoliticosveracruz.com\/index.php?rest_route=\/wp\/v2\/posts\/12430","targetHints":{"allow":["GET"]}}],"collection":[{"href":"https:\/\/lospoliticosveracruz.com\/index.php?rest_route=\/wp\/v2\/posts"}],"about":[{"href":"https:\/\/lospoliticosveracruz.com\/index.php?rest_route=\/wp\/v2\/types\/post"}],"author":[{"embeddable":true,"href":"https:\/\/lospoliticosveracruz.com\/index.php?rest_route=\/wp\/v2\/users\/2"}],"replies":[{"embeddable":true,"href":"https:\/\/lospoliticosveracruz.com\/index.php?rest_route=%2Fwp%2Fv2%2Fcomments&post=12430"}],"version-history":[{"count":1,"href":"https:\/\/lospoliticosveracruz.com\/index.php?rest_route=\/wp\/v2\/posts\/12430\/revisions"}],"predecessor-version":[{"id":12431,"href":"https:\/\/lospoliticosveracruz.com\/index.php?rest_route=\/wp\/v2\/posts\/12430\/revisions\/12431"}],"wp:attachment":[{"href":"https:\/\/lospoliticosveracruz.com\/index.php?rest_route=%2Fwp%2Fv2%2Fmedia&parent=12430"}],"wp:term":[{"taxonomy":"category","embeddable":true,"href":"https:\/\/lospoliticosveracruz.com\/index.php?rest_route=%2Fwp%2Fv2%2Fcategories&post=12430"},{"taxonomy":"post_tag","embeddable":true,"href":"https:\/\/lospoliticosveracruz.com\/index.php?rest_route=%2Fwp%2Fv2%2Ftags&post=12430"}],"curies":[{"name":"wp","href":"https:\/\/api.w.org\/{rel}","templated":true}]}}