{"id":124814,"date":"2024-05-21T21:25:30","date_gmt":"2024-05-22T02:25:30","guid":{"rendered":"https:\/\/lospoliticosveracruz.com.mx\/?p=124814"},"modified":"2024-05-21T21:25:47","modified_gmt":"2024-05-22T02:25:47","slug":"preguntas-para-desapendejar-la-mente","status":"publish","type":"post","link":"https:\/\/lospoliticosveracruz.com\/?p=124814","title":{"rendered":"PREGUNTAS PARA DESAPENDEJAR LA MENTE"},"content":{"rendered":"\n<p><strong>Luis Guillermo Franco<br><\/strong><em>Pr\u00edncipes y Bufones<\/em><\/p>\n\n\n\n<p>En el ambiente de la pol\u00edtica mexicana, la incoherencia y la obstinaci\u00f3n a menudo caminan de la mano. Nos encontramos en un momento cr\u00edtico donde una base social, que hace apenas seis a\u00f1os clamaba por un cambio, ahora se aferra a un l\u00edder cuya gesti\u00f3n ha sembrado m\u00e1s dudas que soluciones. \u00bfC\u00f3mo es posible que aquellos que una vez denunciaron la corrupci\u00f3n y el autoritarismo, hoy se nieguen a ver los evidentes fracasos del populismo encabezado por L\u00f3pez Obrador y sigan respaldando ciegamente a un partido que ha demostrado ser m\u00e1s de lo mismo?<\/p>\n\n\n\n<figure class=\"wp-block-image size-large\"><a href=\"https:\/\/lospoliticosveracruz.com.mx\/wp-content\/uploads\/2016\/07\/Seguro-Julio-Cerecedo-2.jpg\"><img decoding=\"async\" src=\"https:\/\/lospoliticosveracruz.com.mx\/wp-content\/uploads\/2016\/07\/Seguro-Julio-Cerecedo-2-1024x381.jpg\" alt=\"\" class=\"wp-image-105879\"\/><\/a><\/figure>\n\n\n\n<p><br>La llegada al poder de L\u00f3pez Obrador estaba envuelta en promesas de combatir la corrupci\u00f3n y el enriquecimiento il\u00edcito de los gobernantes. Sin embargo, \u00bfc\u00f3mo explicar entonces las m\u00faltiples se\u00f1ales de corrupci\u00f3n y nepotismo que han empa\u00f1ado su gobierno? \u00bfD\u00f3nde queda la indignaci\u00f3n ante los esc\u00e1ndalos de corrupci\u00f3n que involucran a funcionarios de Morena y a personas cercanas al presidente?<br>\u00bfC\u00f3mo pueden aquellos que una vez exigieron transparencia y rendici\u00f3n de cuentas justificar ahora la opacidad y la falta de claridad en las acciones del gobierno? \u00bfQu\u00e9 pas\u00f3 con el discurso de austeridad cuando vemos c\u00f3mo se derrochan recursos en proyectos fara\u00f3nicos y consultas populares manipuladas?<br>\u00bfQu\u00e9 ha sucedido con la cr\u00edtica a la concentraci\u00f3n de poder cuando vemos c\u00f3mo L\u00f3pez Obrador busca debilitar las instituciones aut\u00f3nomas y acumula cada vez m\u00e1s poder en la figura presidencial? \u00bfD\u00f3nde est\u00e1 el respeto a la divisi\u00f3n de poderes y al Estado de derecho cuando se ataca constantemente a jueces y \u00f3rganos reguladores que intentan hacer su trabajo de manera independiente?<br>\u00bfC\u00f3mo pueden justificar su apoyo a un l\u00edder que desprecia a la prensa libre y la tacha de \u00abprensa fif\u00ed\u00bb solo por hacer su trabajo de informar y cuestionar al poder? \u00bfD\u00f3nde queda la defensa de la libertad de expresi\u00f3n y el derecho a la cr\u00edtica en un gobierno que busca silenciar a quienes no est\u00e1n de acuerdo con sus pol\u00edticas?<br>\u00bfC\u00f3mo pueden seguir respaldando a un partido que ha demostrado ser ineficaz en la gesti\u00f3n de crisis como la pandemia de COVID-19, con decisiones tard\u00edas e improvisadas que han costado vidas y han dejado al pa\u00eds en una situaci\u00f3n precaria? \u00bfD\u00f3nde est\u00e1 la responsabilidad pol\u00edtica cuando se minimizan los riesgos y se desestiman las recomendaciones de expertos?<br>\u00bfC\u00f3mo pueden justificar su apoyo a un partido cuyos l\u00edderes se enriquecen mientras el pa\u00eds sufre las consecuencias de pol\u00edticas econ\u00f3micas err\u00e1ticas y decisiones que ahuyentan la inversi\u00f3n y el crecimiento? \u00bfD\u00f3nde est\u00e1 la solidaridad con los m\u00e1s vulnerables cuando vemos c\u00f3mo se recortan programas sociales y se favorece a los grandes empresarios?<br>\u00bfC\u00f3mo pueden seguir defendiendo a un gobierno que prometi\u00f3 poner fin a la violencia y la inseguridad, pero que ha sido incapaz de contener la ola de violencia y los altos \u00edndices de homicidios? \u00bfD\u00f3nde est\u00e1 la indignaci\u00f3n ante la falta de estrategias efectivas y la persistencia de la impunidad?<br>\u00bfC\u00f3mo pueden seguir creyendo en un l\u00edder que se erige como el \u00fanico salvador del pa\u00eds, descalificando a cualquier voz cr\u00edtica y polarizando a la sociedad? \u00bfD\u00f3nde est\u00e1 la voluntad de dialogar y buscar consensos en un pa\u00eds tan diverso y plural como M\u00e9xico?<br>\u00bfC\u00f3mo pueden seguir ignorando las advertencias de aquellos que ven con preocupaci\u00f3n el rumbo que est\u00e1 tomando el pa\u00eds y que alertan sobre los peligros del populismo autoritario? \u00bfD\u00f3nde est\u00e1 la humildad para reconocer que todos podemos equivocarnos y que es necesario rectificar el rumbo antes de que sea demasiado tarde?<br>En la antesala de una nueva elecci\u00f3n presidencial, es momento de hacer una pausa y reflexionar sobre el camino que hemos recorrido y hacia d\u00f3nde queremos dirigirnos como sociedad. Es momento de dejar de lado la complacencia y la ceguera ideol\u00f3gica y actuar con responsabilidad y lucidez. Es momento de votar por la oposici\u00f3n que representa una verdadera alternativa al populismo autoritario de Morena. Es momento de poner a M\u00e9xico por encima de intereses partidistas y personales. La historia nos juzgar\u00e1 por nuestras acciones o nuestra inacci\u00f3n.<br>\u00bfDe qu\u00e9 lado elegir\u00e1s estar cuando se escriba el cap\u00edtulo de nuestro futuro?<br>@luisguifranco<\/p>\n","protected":false},"excerpt":{"rendered":"<p>Luis Guillermo FrancoPr\u00edncipes y Bufones En el ambiente de la pol\u00edtica mexicana, la incoherencia y la obstinaci\u00f3n a menudo caminan de la mano. Nos encontramos en un momento cr\u00edtico donde una base social, que hace apenas seis a\u00f1os clamaba por un cambio, ahora se aferra a un l\u00edder cuya gesti\u00f3n ha sembrado m\u00e1s dudas que [&hellip;]<\/p>\n","protected":false},"author":2,"featured_media":123050,"comment_status":"closed","ping_status":"closed","sticky":false,"template":"","format":"standard","meta":{"tdm_status":"","tdm_grid_status":"","footnotes":""},"categories":[70],"tags":[618,5128,1026],"class_list":{"0":"post-124814","1":"post","2":"type-post","3":"status-publish","4":"format-standard","5":"has-post-thumbnail","7":"category-de-opinion","8":"tag-andres-manuel-lopez-obrador","9":"tag-luis-guillermo-franco","10":"tag-morena"},"yoast_head":"<!-- This site is optimized with the Yoast SEO plugin v27.4 - https:\/\/yoast.com\/product\/yoast-seo-wordpress\/ -->\n<title>PREGUNTAS PARA DESAPENDEJAR LA MENTE - Los pol\u00edticos Veracruz<\/title>\n<meta name=\"robots\" content=\"index, follow, max-snippet:-1, max-image-preview:large, max-video-preview:-1\" \/>\n<link rel=\"canonical\" href=\"https:\/\/lospoliticosveracruz.com\/?p=124814\" \/>\n<meta property=\"og:locale\" content=\"es_ES\" \/>\n<meta property=\"og:type\" content=\"article\" \/>\n<meta property=\"og:title\" content=\"PREGUNTAS PARA DESAPENDEJAR LA MENTE - Los pol\u00edticos Veracruz\" \/>\n<meta property=\"og:description\" content=\"Luis Guillermo FrancoPr\u00edncipes y Bufones En el ambiente de la pol\u00edtica mexicana, la incoherencia y la obstinaci\u00f3n a menudo caminan de la mano. Nos encontramos en un momento cr\u00edtico donde una base social, que hace apenas seis a\u00f1os clamaba por un cambio, ahora se aferra a un l\u00edder cuya gesti\u00f3n ha sembrado m\u00e1s dudas que [&hellip;]\" \/>\n<meta property=\"og:url\" content=\"https:\/\/lospoliticosveracruz.com\/?p=124814\" \/>\n<meta property=\"og:site_name\" content=\"Los pol\u00edticos Veracruz\" \/>\n<meta property=\"article:publisher\" content=\"https:\/\/www.facebook.com\/people\/Notimemes-de-los-Polticos\/61565672886568\/\" \/>\n<meta property=\"article:published_time\" content=\"2024-05-22T02:25:30+00:00\" \/>\n<meta property=\"article:modified_time\" content=\"2024-05-22T02:25:47+00:00\" \/>\n<meta property=\"og:image\" content=\"https:\/\/lospoliticosveracruz.com\/wp-content\/uploads\/2024\/04\/Luis-Guillermo-Franco.jpg\" \/>\n\t<meta property=\"og:image:width\" content=\"1250\" \/>\n\t<meta property=\"og:image:height\" content=\"667\" \/>\n\t<meta property=\"og:image:type\" content=\"image\/jpeg\" \/>\n<meta name=\"author\" content=\"Lo viste en Los Pol\u00edticos\" \/>\n<meta name=\"twitter:card\" content=\"summary_large_image\" \/>\n<meta name=\"twitter:creator\" content=\"@LosPoliticosVer\" \/>\n<meta name=\"twitter:site\" content=\"@LosPoliticosVer\" \/>\n<meta name=\"twitter:label1\" content=\"Escrito por\" \/>\n\t<meta name=\"twitter:data1\" content=\"Lo viste en Los Pol\u00edticos\" \/>\n\t<meta name=\"twitter:label2\" content=\"Tiempo de lectura\" \/>\n\t<meta name=\"twitter:data2\" content=\"4 minutos\" \/>\n<script type=\"application\/ld+json\" class=\"yoast-schema-graph\">{\"@context\":\"https:\\\/\\\/schema.org\",\"@graph\":[{\"@type\":\"Article\",\"@id\":\"https:\\\/\\\/lospoliticosveracruz.com\\\/?p=124814#article\",\"isPartOf\":{\"@id\":\"https:\\\/\\\/lospoliticosveracruz.com\\\/?p=124814\"},\"author\":{\"name\":\"Lo viste en Los Pol\u00edticos\",\"@id\":\"https:\\\/\\\/lospoliticosveracruz.com\\\/#\\\/schema\\\/person\\\/b8702bb0e538456e6efd07080bf2a4a2\"},\"headline\":\"PREGUNTAS PARA DESAPENDEJAR LA MENTE\",\"datePublished\":\"2024-05-22T02:25:30+00:00\",\"dateModified\":\"2024-05-22T02:25:47+00:00\",\"mainEntityOfPage\":{\"@id\":\"https:\\\/\\\/lospoliticosveracruz.com\\\/?p=124814\"},\"wordCount\":772,\"publisher\":{\"@id\":\"https:\\\/\\\/lospoliticosveracruz.com\\\/#organization\"},\"image\":{\"@id\":\"https:\\\/\\\/lospoliticosveracruz.com\\\/?p=124814#primaryimage\"},\"thumbnailUrl\":\"https:\\\/\\\/lospoliticosveracruz.com\\\/wp-content\\\/uploads\\\/2024\\\/04\\\/Luis-Guillermo-Franco.jpg\",\"keywords\":[\"Andr\u00e9s Manuel L\u00f3pez Obrador\",\"Luis Guillermo Franco\",\"Morena\"],\"articleSection\":[\"De Opini\u00f3n\"],\"inLanguage\":\"es\"},{\"@type\":\"WebPage\",\"@id\":\"https:\\\/\\\/lospoliticosveracruz.com\\\/?p=124814\",\"url\":\"https:\\\/\\\/lospoliticosveracruz.com\\\/?p=124814\",\"name\":\"PREGUNTAS PARA DESAPENDEJAR LA MENTE - Los pol\u00edticos Veracruz\",\"isPartOf\":{\"@id\":\"https:\\\/\\\/lospoliticosveracruz.com\\\/#website\"},\"primaryImageOfPage\":{\"@id\":\"https:\\\/\\\/lospoliticosveracruz.com\\\/?p=124814#primaryimage\"},\"image\":{\"@id\":\"https:\\\/\\\/lospoliticosveracruz.com\\\/?p=124814#primaryimage\"},\"thumbnailUrl\":\"https:\\\/\\\/lospoliticosveracruz.com\\\/wp-content\\\/uploads\\\/2024\\\/04\\\/Luis-Guillermo-Franco.jpg\",\"datePublished\":\"2024-05-22T02:25:30+00:00\",\"dateModified\":\"2024-05-22T02:25:47+00:00\",\"breadcrumb\":{\"@id\":\"https:\\\/\\\/lospoliticosveracruz.com\\\/?p=124814#breadcrumb\"},\"inLanguage\":\"es\",\"potentialAction\":[{\"@type\":\"ReadAction\",\"target\":[\"https:\\\/\\\/lospoliticosveracruz.com\\\/?p=124814\"]}]},{\"@type\":\"ImageObject\",\"inLanguage\":\"es\",\"@id\":\"https:\\\/\\\/lospoliticosveracruz.com\\\/?p=124814#primaryimage\",\"url\":\"https:\\\/\\\/lospoliticosveracruz.com\\\/wp-content\\\/uploads\\\/2024\\\/04\\\/Luis-Guillermo-Franco.jpg\",\"contentUrl\":\"https:\\\/\\\/lospoliticosveracruz.com\\\/wp-content\\\/uploads\\\/2024\\\/04\\\/Luis-Guillermo-Franco.jpg\",\"width\":1250,\"height\":667},{\"@type\":\"BreadcrumbList\",\"@id\":\"https:\\\/\\\/lospoliticosveracruz.com\\\/?p=124814#breadcrumb\",\"itemListElement\":[{\"@type\":\"ListItem\",\"position\":1,\"name\":\"Portada\",\"item\":\"https:\\\/\\\/lospoliticosveracruz.com\\\/\"},{\"@type\":\"ListItem\",\"position\":2,\"name\":\"PREGUNTAS PARA DESAPENDEJAR LA MENTE\"}]},{\"@type\":\"WebSite\",\"@id\":\"https:\\\/\\\/lospoliticosveracruz.com\\\/#website\",\"url\":\"https:\\\/\\\/lospoliticosveracruz.com\\\/\",\"name\":\"Los pol\u00edticos Veracruz\",\"description\":\"\",\"publisher\":{\"@id\":\"https:\\\/\\\/lospoliticosveracruz.com\\\/#organization\"},\"potentialAction\":[{\"@type\":\"SearchAction\",\"target\":{\"@type\":\"EntryPoint\",\"urlTemplate\":\"https:\\\/\\\/lospoliticosveracruz.com\\\/?s={search_term_string}\"},\"query-input\":{\"@type\":\"PropertyValueSpecification\",\"valueRequired\":true,\"valueName\":\"search_term_string\"}}],\"inLanguage\":\"es\"},{\"@type\":\"Organization\",\"@id\":\"https:\\\/\\\/lospoliticosveracruz.com\\\/#organization\",\"name\":\"Los pol\u00edticos Veracruz\",\"url\":\"https:\\\/\\\/lospoliticosveracruz.com\\\/\",\"logo\":{\"@type\":\"ImageObject\",\"inLanguage\":\"es\",\"@id\":\"https:\\\/\\\/lospoliticosveracruz.com\\\/#\\\/schema\\\/logo\\\/image\\\/\",\"url\":\"https:\\\/\\\/lospoliticosveracruz.com\\\/wp-content\\\/uploads\\\/2025\\\/12\\\/Logo-Nuevo-LOS-POLITICOS-1.jpg\",\"contentUrl\":\"https:\\\/\\\/lospoliticosveracruz.com\\\/wp-content\\\/uploads\\\/2025\\\/12\\\/Logo-Nuevo-LOS-POLITICOS-1.jpg\",\"width\":260,\"height\":70,\"caption\":\"Los pol\u00edticos Veracruz\"},\"image\":{\"@id\":\"https:\\\/\\\/lospoliticosveracruz.com\\\/#\\\/schema\\\/logo\\\/image\\\/\"},\"sameAs\":[\"https:\\\/\\\/www.facebook.com\\\/people\\\/Notimemes-de-los-Polticos\\\/61565672886568\\\/\",\"https:\\\/\\\/x.com\\\/LosPoliticosVer\"]},{\"@type\":\"Person\",\"@id\":\"https:\\\/\\\/lospoliticosveracruz.com\\\/#\\\/schema\\\/person\\\/b8702bb0e538456e6efd07080bf2a4a2\",\"name\":\"Lo viste en Los Pol\u00edticos\",\"image\":{\"@type\":\"ImageObject\",\"inLanguage\":\"es\",\"@id\":\"https:\\\/\\\/secure.gravatar.com\\\/avatar\\\/3a8de04a2656d44082be478bd6c086daa447c4651605818287b9532d3d0bd435?s=96&d=mm&r=g\",\"url\":\"https:\\\/\\\/secure.gravatar.com\\\/avatar\\\/3a8de04a2656d44082be478bd6c086daa447c4651605818287b9532d3d0bd435?s=96&d=mm&r=g\",\"contentUrl\":\"https:\\\/\\\/secure.gravatar.com\\\/avatar\\\/3a8de04a2656d44082be478bd6c086daa447c4651605818287b9532d3d0bd435?s=96&d=mm&r=g\",\"caption\":\"Lo viste en Los Pol\u00edticos\"},\"url\":\"https:\\\/\\\/lospoliticosveracruz.com\\\/?author=2\"}]}<\/script>\n<!-- \/ Yoast SEO plugin. -->","yoast_head_json":{"title":"PREGUNTAS PARA DESAPENDEJAR LA MENTE - Los pol\u00edticos Veracruz","robots":{"index":"index","follow":"follow","max-snippet":"max-snippet:-1","max-image-preview":"max-image-preview:large","max-video-preview":"max-video-preview:-1"},"canonical":"https:\/\/lospoliticosveracruz.com\/?p=124814","og_locale":"es_ES","og_type":"article","og_title":"PREGUNTAS PARA DESAPENDEJAR LA MENTE - Los pol\u00edticos Veracruz","og_description":"Luis Guillermo FrancoPr\u00edncipes y Bufones En el ambiente de la pol\u00edtica mexicana, la incoherencia y la obstinaci\u00f3n a menudo caminan de la mano. Nos encontramos en un momento cr\u00edtico donde una base social, que hace apenas seis a\u00f1os clamaba por un cambio, ahora se aferra a un l\u00edder cuya gesti\u00f3n ha sembrado m\u00e1s dudas que [&hellip;]","og_url":"https:\/\/lospoliticosveracruz.com\/?p=124814","og_site_name":"Los pol\u00edticos Veracruz","article_publisher":"https:\/\/www.facebook.com\/people\/Notimemes-de-los-Polticos\/61565672886568\/","article_published_time":"2024-05-22T02:25:30+00:00","article_modified_time":"2024-05-22T02:25:47+00:00","og_image":[{"width":1250,"height":667,"url":"https:\/\/lospoliticosveracruz.com\/wp-content\/uploads\/2024\/04\/Luis-Guillermo-Franco.jpg","type":"image\/jpeg"}],"author":"Lo viste en Los Pol\u00edticos","twitter_card":"summary_large_image","twitter_creator":"@LosPoliticosVer","twitter_site":"@LosPoliticosVer","twitter_misc":{"Escrito por":"Lo viste en Los Pol\u00edticos","Tiempo de lectura":"4 minutos"},"schema":{"@context":"https:\/\/schema.org","@graph":[{"@type":"Article","@id":"https:\/\/lospoliticosveracruz.com\/?p=124814#article","isPartOf":{"@id":"https:\/\/lospoliticosveracruz.com\/?p=124814"},"author":{"name":"Lo viste en Los Pol\u00edticos","@id":"https:\/\/lospoliticosveracruz.com\/#\/schema\/person\/b8702bb0e538456e6efd07080bf2a4a2"},"headline":"PREGUNTAS PARA DESAPENDEJAR LA MENTE","datePublished":"2024-05-22T02:25:30+00:00","dateModified":"2024-05-22T02:25:47+00:00","mainEntityOfPage":{"@id":"https:\/\/lospoliticosveracruz.com\/?p=124814"},"wordCount":772,"publisher":{"@id":"https:\/\/lospoliticosveracruz.com\/#organization"},"image":{"@id":"https:\/\/lospoliticosveracruz.com\/?p=124814#primaryimage"},"thumbnailUrl":"https:\/\/lospoliticosveracruz.com\/wp-content\/uploads\/2024\/04\/Luis-Guillermo-Franco.jpg","keywords":["Andr\u00e9s Manuel L\u00f3pez Obrador","Luis Guillermo Franco","Morena"],"articleSection":["De Opini\u00f3n"],"inLanguage":"es"},{"@type":"WebPage","@id":"https:\/\/lospoliticosveracruz.com\/?p=124814","url":"https:\/\/lospoliticosveracruz.com\/?p=124814","name":"PREGUNTAS PARA DESAPENDEJAR LA MENTE - Los pol\u00edticos Veracruz","isPartOf":{"@id":"https:\/\/lospoliticosveracruz.com\/#website"},"primaryImageOfPage":{"@id":"https:\/\/lospoliticosveracruz.com\/?p=124814#primaryimage"},"image":{"@id":"https:\/\/lospoliticosveracruz.com\/?p=124814#primaryimage"},"thumbnailUrl":"https:\/\/lospoliticosveracruz.com\/wp-content\/uploads\/2024\/04\/Luis-Guillermo-Franco.jpg","datePublished":"2024-05-22T02:25:30+00:00","dateModified":"2024-05-22T02:25:47+00:00","breadcrumb":{"@id":"https:\/\/lospoliticosveracruz.com\/?p=124814#breadcrumb"},"inLanguage":"es","potentialAction":[{"@type":"ReadAction","target":["https:\/\/lospoliticosveracruz.com\/?p=124814"]}]},{"@type":"ImageObject","inLanguage":"es","@id":"https:\/\/lospoliticosveracruz.com\/?p=124814#primaryimage","url":"https:\/\/lospoliticosveracruz.com\/wp-content\/uploads\/2024\/04\/Luis-Guillermo-Franco.jpg","contentUrl":"https:\/\/lospoliticosveracruz.com\/wp-content\/uploads\/2024\/04\/Luis-Guillermo-Franco.jpg","width":1250,"height":667},{"@type":"BreadcrumbList","@id":"https:\/\/lospoliticosveracruz.com\/?p=124814#breadcrumb","itemListElement":[{"@type":"ListItem","position":1,"name":"Portada","item":"https:\/\/lospoliticosveracruz.com\/"},{"@type":"ListItem","position":2,"name":"PREGUNTAS PARA DESAPENDEJAR LA MENTE"}]},{"@type":"WebSite","@id":"https:\/\/lospoliticosveracruz.com\/#website","url":"https:\/\/lospoliticosveracruz.com\/","name":"Los pol\u00edticos Veracruz","description":"","publisher":{"@id":"https:\/\/lospoliticosveracruz.com\/#organization"},"potentialAction":[{"@type":"SearchAction","target":{"@type":"EntryPoint","urlTemplate":"https:\/\/lospoliticosveracruz.com\/?s={search_term_string}"},"query-input":{"@type":"PropertyValueSpecification","valueRequired":true,"valueName":"search_term_string"}}],"inLanguage":"es"},{"@type":"Organization","@id":"https:\/\/lospoliticosveracruz.com\/#organization","name":"Los pol\u00edticos Veracruz","url":"https:\/\/lospoliticosveracruz.com\/","logo":{"@type":"ImageObject","inLanguage":"es","@id":"https:\/\/lospoliticosveracruz.com\/#\/schema\/logo\/image\/","url":"https:\/\/lospoliticosveracruz.com\/wp-content\/uploads\/2025\/12\/Logo-Nuevo-LOS-POLITICOS-1.jpg","contentUrl":"https:\/\/lospoliticosveracruz.com\/wp-content\/uploads\/2025\/12\/Logo-Nuevo-LOS-POLITICOS-1.jpg","width":260,"height":70,"caption":"Los pol\u00edticos Veracruz"},"image":{"@id":"https:\/\/lospoliticosveracruz.com\/#\/schema\/logo\/image\/"},"sameAs":["https:\/\/www.facebook.com\/people\/Notimemes-de-los-Polticos\/61565672886568\/","https:\/\/x.com\/LosPoliticosVer"]},{"@type":"Person","@id":"https:\/\/lospoliticosveracruz.com\/#\/schema\/person\/b8702bb0e538456e6efd07080bf2a4a2","name":"Lo viste en Los Pol\u00edticos","image":{"@type":"ImageObject","inLanguage":"es","@id":"https:\/\/secure.gravatar.com\/avatar\/3a8de04a2656d44082be478bd6c086daa447c4651605818287b9532d3d0bd435?s=96&d=mm&r=g","url":"https:\/\/secure.gravatar.com\/avatar\/3a8de04a2656d44082be478bd6c086daa447c4651605818287b9532d3d0bd435?s=96&d=mm&r=g","contentUrl":"https:\/\/secure.gravatar.com\/avatar\/3a8de04a2656d44082be478bd6c086daa447c4651605818287b9532d3d0bd435?s=96&d=mm&r=g","caption":"Lo viste en Los Pol\u00edticos"},"url":"https:\/\/lospoliticosveracruz.com\/?author=2"}]}},"_links":{"self":[{"href":"https:\/\/lospoliticosveracruz.com\/index.php?rest_route=\/wp\/v2\/posts\/124814","targetHints":{"allow":["GET"]}}],"collection":[{"href":"https:\/\/lospoliticosveracruz.com\/index.php?rest_route=\/wp\/v2\/posts"}],"about":[{"href":"https:\/\/lospoliticosveracruz.com\/index.php?rest_route=\/wp\/v2\/types\/post"}],"author":[{"embeddable":true,"href":"https:\/\/lospoliticosveracruz.com\/index.php?rest_route=\/wp\/v2\/users\/2"}],"replies":[{"embeddable":true,"href":"https:\/\/lospoliticosveracruz.com\/index.php?rest_route=%2Fwp%2Fv2%2Fcomments&post=124814"}],"version-history":[{"count":1,"href":"https:\/\/lospoliticosveracruz.com\/index.php?rest_route=\/wp\/v2\/posts\/124814\/revisions"}],"predecessor-version":[{"id":124815,"href":"https:\/\/lospoliticosveracruz.com\/index.php?rest_route=\/wp\/v2\/posts\/124814\/revisions\/124815"}],"wp:featuredmedia":[{"embeddable":true,"href":"https:\/\/lospoliticosveracruz.com\/index.php?rest_route=\/wp\/v2\/media\/123050"}],"wp:attachment":[{"href":"https:\/\/lospoliticosveracruz.com\/index.php?rest_route=%2Fwp%2Fv2%2Fmedia&parent=124814"}],"wp:term":[{"taxonomy":"category","embeddable":true,"href":"https:\/\/lospoliticosveracruz.com\/index.php?rest_route=%2Fwp%2Fv2%2Fcategories&post=124814"},{"taxonomy":"post_tag","embeddable":true,"href":"https:\/\/lospoliticosveracruz.com\/index.php?rest_route=%2Fwp%2Fv2%2Ftags&post=124814"}],"curies":[{"name":"wp","href":"https:\/\/api.w.org\/{rel}","templated":true}]}}