{"id":124820,"date":"2024-05-21T21:58:55","date_gmt":"2024-05-22T02:58:55","guid":{"rendered":"https:\/\/lospoliticosveracruz.com.mx\/?p=124820"},"modified":"2024-05-21T21:59:02","modified_gmt":"2024-05-22T02:59:02","slug":"mas-respaldos-a-pepe","status":"publish","type":"post","link":"https:\/\/lospoliticosveracruz.com\/?p=124820","title":{"rendered":"M\u00c1S RESPALDOS A PEPE!"},"content":{"rendered":"\n<p><\/p>\n\n\n\n<p><strong>Jos\u00e9 Luis Ortega Vidal<br><\/strong><em>Claroscuros<br><\/em>(1)<\/p>\n\n\n\n<p>Le pregunt\u00e9 la ma\u00f1ana de este martes, al diputado local por el distrito XXVII con cabecera en Acayucan, Marco Antonio Mart\u00ednez Amador, si renunciar\u00eda a la bancada de MORENA y me respondi\u00f3 con un link sobre la noticia de la l\u00edder juvenil morenista Guadalupe Porras Mar\u00edn sum\u00e1ndose a la causa de Jos\u00e9 Yunes Zorrilla por la gubernatura.<\/p>\n\n\n\n<figure class=\"wp-block-image size-large\"><a href=\"https:\/\/lospoliticosveracruz.com.mx\/wp-content\/uploads\/2016\/07\/Seguro-Julio-Cerecedo-2.jpg\"><img decoding=\"async\" src=\"https:\/\/lospoliticosveracruz.com.mx\/wp-content\/uploads\/2016\/07\/Seguro-Julio-Cerecedo-2-1024x381.jpg\" alt=\"\" class=\"wp-image-105879\"\/><\/a><\/figure>\n\n\n\n<p><br>Hacia el medio d\u00eda circul\u00f3 el comunicado sobre la creaci\u00f3n de la bancada mixta entre Bonifacio Castillo Cruz, Fernando \u00abEl huevo\u00bb Arteaga Aponte, Cecilia Guevara Guembe y Marco Antonio Mart\u00ednez Amador, diputados por Papantla, Veracruz, Poza Rica y Acayucan. Hay otro legislador morenista, Jos\u00e9 Magdaleno Rosales, que tambi\u00e9n ha manifestado su inconformidad con el accionar de los liderazgos en su aun partido, MORENA.<br>Nadie de los enlistados ha renunciado al partido morenista; s\u00f3lo se han separado de la bancada que lidera Juan Javier G\u00f3mez Cazar\u00edn.<br>No hace falta, sin embargo, que se tomen la fotograf\u00eda con Pepe Yunes Zorrilla y rompan alguna imagen donde aparezcan a lado de Roc\u00edo Nahle Garc\u00eda.<br>Es muy obvia la suma de este grupo de legisladores al equipo de Fuerza y Coraz\u00f3n por Veracruz.<\/p>\n\n\n\n<p>(2)<br>El pasado cinco de mayo, Miguel \u00c1ngel Yunes Linares ofreci\u00f3 una conferencia en el hotel Poza Rica Inn, propiedad de la familia de la diputada Cecilia Guevara Guembe, esposa de Francisco El\u00edas Benignos.<br>Los El\u00edas conforman un poderoso e influyente grupo pol\u00edtico y empresarial en el norte de Veracruz, incluyendo Tuxpan, Poza Rica y la regi\u00f3n.<br>Fernando El\u00edas Guevara, hijo de la diputada Cecilia Guevara, fue subsecretario de Infraestructura y Obras P\u00fablicas con el gobernador Cuitl\u00e1huac Garc\u00eda Jim\u00e9nez.<br>En marzo pasado renunci\u00f3 al cargo luego de buscar una diputaci\u00f3n que no le fue otorgada.<br>Hay un rompimiento obvio, no con Cuitl\u00e1huac Garc\u00eda, que ya se va, sino con Roc\u00edo Nahle, que intenta llegar al poder y en su camino ha roto tejidos pol\u00edticos con l\u00edderes de norte a sur\u2026<\/p>\n\n\n\n<p>(3)<br>En Poza Rica, el trabajo de Fernando Luis \u00abEl pulpo\u00bb Remes Garza, como alcalde, es calificado de p\u00e9simo y corrupto, desde las redes sociales y al interior de un Cabildo donde incluso fue denunciado -y castigado- por acoso sexual.<br>En Poza Rica, la secci\u00f3n 30 del sindicato petrolero, encabezado durante d\u00e9cadas por Sergio Lorenzo Quiroz Cruz, juega a la \u00ablibertad\u00bb del voto, o al voto cruzado: apoyar a Claudia Sheinbaum al mismo tiempo de respaldar a Jos\u00e9 Yunes Zorrilla.<br>En Poza Rica, la influencia de Roc\u00edo Nahle coloc\u00f3 como oficial del Registro Civil a su cu\u00f1ada Luc\u00eda Pe\u00f1a Pe\u00f1a, quien ocupaba el mismo cargo en Coatzintla.<br>En Poza Rica, la marca MORENA es la apuesta de Roc\u00edo Nahle para ganar la plaza petrolera cuya poblaci\u00f3n ha disminuido por falta de empleo y ya no es la cuarta ciudad con m\u00e1s ciudadanos, posici\u00f3n que le arrebat\u00f3 C\u00f3rdoba\u2026<br>En Poza Rica, otrora capital petrolera de M\u00e9xico, no hay tejido fino morenista\u2026<br>En Poza Rica, es notoria la ausencia de un liderazgo local que refuerce pol\u00edticamente a la candidata de la alianza Seguimos Haciendo Historia\u2026<br>En Poza Rica, el rompimiento con la familia El\u00edas Guevara incrementa el riesgo de una derrota total o parcial para la causa guinda\u2026<br>En Poza Rica, \u00abEl pulpo\u00bb Remes consigui\u00f3 la candidatura de MORENA a la diputaci\u00f3n local para su Coordinadora de Comunicaci\u00f3n Social, Adanely Rodr\u00edguez Rodr\u00edguez\u2026<br>En Poza Rica, la hija del \u00abPulpo\u00bb Remes y presidenta del DIF municipal, Diana Remes Oropeza, se molest\u00f3 con la decisi\u00f3n de su pap\u00e1, y el domingo pasado se sum\u00f3 a la causa de Jos\u00e9 \u00abPepe\u00bb Yunes Zorrilla\u2026<\/p>\n\n\n\n<p>(4)<br>En el hotel Poza Rica Inn, este viernes, la diputada Cecilia Guevara Guembe y su familia ofrecer\u00e1n una reuni\u00f3n a Pepe Yunes para mostrarle el apoyo de los pozarricenses\u2026<\/p>\n\n\n\n<p>(5)<br>Muy cerca de Poza Rica, por cierto, est\u00e1 Papantla\u2026<br>CONTINUAR\u00c1\u2026<\/p>\n","protected":false},"excerpt":{"rendered":"<p>Jos\u00e9 Luis Ortega VidalClaroscuros(1) Le pregunt\u00e9 la ma\u00f1ana de este martes, al diputado local por el distrito XXVII con cabecera en Acayucan, Marco Antonio Mart\u00ednez Amador, si renunciar\u00eda a la bancada de MORENA y me respondi\u00f3 con un link sobre la noticia de la l\u00edder juvenil morenista Guadalupe Porras Mar\u00edn sum\u00e1ndose a la causa de [&hellip;]<\/p>\n","protected":false},"author":2,"featured_media":119931,"comment_status":"closed","ping_status":"closed","sticky":false,"template":"","format":"standard","meta":{"tdm_status":"","tdm_grid_status":"","footnotes":""},"categories":[70],"tags":[2769],"class_list":{"0":"post-124820","1":"post","2":"type-post","3":"status-publish","4":"format-standard","5":"has-post-thumbnail","7":"category-de-opinion","8":"tag-jose-luis-ortega-vidal"},"yoast_head":"<!-- This site is optimized with the Yoast SEO plugin v27.4 - https:\/\/yoast.com\/product\/yoast-seo-wordpress\/ -->\n<title>M\u00c1S RESPALDOS A PEPE! - Los pol\u00edticos Veracruz<\/title>\n<meta name=\"robots\" content=\"index, follow, max-snippet:-1, max-image-preview:large, max-video-preview:-1\" \/>\n<link rel=\"canonical\" href=\"https:\/\/lospoliticosveracruz.com\/?p=124820\" \/>\n<meta property=\"og:locale\" content=\"es_ES\" \/>\n<meta property=\"og:type\" content=\"article\" \/>\n<meta property=\"og:title\" content=\"M\u00c1S RESPALDOS A PEPE! - Los pol\u00edticos Veracruz\" \/>\n<meta property=\"og:description\" content=\"Jos\u00e9 Luis Ortega VidalClaroscuros(1) Le pregunt\u00e9 la ma\u00f1ana de este martes, al diputado local por el distrito XXVII con cabecera en Acayucan, Marco Antonio Mart\u00ednez Amador, si renunciar\u00eda a la bancada de MORENA y me respondi\u00f3 con un link sobre la noticia de la l\u00edder juvenil morenista Guadalupe Porras Mar\u00edn sum\u00e1ndose a la causa de [&hellip;]\" \/>\n<meta property=\"og:url\" content=\"https:\/\/lospoliticosveracruz.com\/?p=124820\" \/>\n<meta property=\"og:site_name\" content=\"Los pol\u00edticos Veracruz\" \/>\n<meta property=\"article:publisher\" content=\"https:\/\/www.facebook.com\/people\/Notimemes-de-los-Polticos\/61565672886568\/\" \/>\n<meta property=\"article:published_time\" content=\"2024-05-22T02:58:55+00:00\" \/>\n<meta property=\"article:modified_time\" content=\"2024-05-22T02:59:02+00:00\" \/>\n<meta property=\"og:image\" content=\"https:\/\/lospoliticosveracruz.com\/wp-content\/uploads\/2024\/03\/Jose-Luis-Ortega-Vidal.jpg\" \/>\n\t<meta property=\"og:image:width\" content=\"1250\" \/>\n\t<meta property=\"og:image:height\" content=\"667\" \/>\n\t<meta property=\"og:image:type\" content=\"image\/jpeg\" \/>\n<meta name=\"author\" content=\"Lo viste en Los Pol\u00edticos\" \/>\n<meta name=\"twitter:card\" content=\"summary_large_image\" \/>\n<meta name=\"twitter:creator\" content=\"@LosPoliticosVer\" \/>\n<meta name=\"twitter:site\" content=\"@LosPoliticosVer\" \/>\n<meta name=\"twitter:label1\" content=\"Escrito por\" \/>\n\t<meta name=\"twitter:data1\" content=\"Lo viste en Los Pol\u00edticos\" \/>\n\t<meta name=\"twitter:label2\" content=\"Tiempo de lectura\" \/>\n\t<meta name=\"twitter:data2\" content=\"3 minutos\" \/>\n<script type=\"application\/ld+json\" class=\"yoast-schema-graph\">{\"@context\":\"https:\\\/\\\/schema.org\",\"@graph\":[{\"@type\":\"Article\",\"@id\":\"https:\\\/\\\/lospoliticosveracruz.com\\\/?p=124820#article\",\"isPartOf\":{\"@id\":\"https:\\\/\\\/lospoliticosveracruz.com\\\/?p=124820\"},\"author\":{\"name\":\"Lo viste en Los Pol\u00edticos\",\"@id\":\"https:\\\/\\\/lospoliticosveracruz.com\\\/#\\\/schema\\\/person\\\/b8702bb0e538456e6efd07080bf2a4a2\"},\"headline\":\"M\u00c1S RESPALDOS A PEPE!\",\"datePublished\":\"2024-05-22T02:58:55+00:00\",\"dateModified\":\"2024-05-22T02:59:02+00:00\",\"mainEntityOfPage\":{\"@id\":\"https:\\\/\\\/lospoliticosveracruz.com\\\/?p=124820\"},\"wordCount\":685,\"publisher\":{\"@id\":\"https:\\\/\\\/lospoliticosveracruz.com\\\/#organization\"},\"image\":{\"@id\":\"https:\\\/\\\/lospoliticosveracruz.com\\\/?p=124820#primaryimage\"},\"thumbnailUrl\":\"https:\\\/\\\/lospoliticosveracruz.com\\\/wp-content\\\/uploads\\\/2024\\\/03\\\/Jose-Luis-Ortega-Vidal.jpg\",\"keywords\":[\"Jos\u00e9 Luis Ortega Vidal\"],\"articleSection\":[\"De Opini\u00f3n\"],\"inLanguage\":\"es\"},{\"@type\":\"WebPage\",\"@id\":\"https:\\\/\\\/lospoliticosveracruz.com\\\/?p=124820\",\"url\":\"https:\\\/\\\/lospoliticosveracruz.com\\\/?p=124820\",\"name\":\"M\u00c1S RESPALDOS A PEPE! - Los pol\u00edticos Veracruz\",\"isPartOf\":{\"@id\":\"https:\\\/\\\/lospoliticosveracruz.com\\\/#website\"},\"primaryImageOfPage\":{\"@id\":\"https:\\\/\\\/lospoliticosveracruz.com\\\/?p=124820#primaryimage\"},\"image\":{\"@id\":\"https:\\\/\\\/lospoliticosveracruz.com\\\/?p=124820#primaryimage\"},\"thumbnailUrl\":\"https:\\\/\\\/lospoliticosveracruz.com\\\/wp-content\\\/uploads\\\/2024\\\/03\\\/Jose-Luis-Ortega-Vidal.jpg\",\"datePublished\":\"2024-05-22T02:58:55+00:00\",\"dateModified\":\"2024-05-22T02:59:02+00:00\",\"breadcrumb\":{\"@id\":\"https:\\\/\\\/lospoliticosveracruz.com\\\/?p=124820#breadcrumb\"},\"inLanguage\":\"es\",\"potentialAction\":[{\"@type\":\"ReadAction\",\"target\":[\"https:\\\/\\\/lospoliticosveracruz.com\\\/?p=124820\"]}]},{\"@type\":\"ImageObject\",\"inLanguage\":\"es\",\"@id\":\"https:\\\/\\\/lospoliticosveracruz.com\\\/?p=124820#primaryimage\",\"url\":\"https:\\\/\\\/lospoliticosveracruz.com\\\/wp-content\\\/uploads\\\/2024\\\/03\\\/Jose-Luis-Ortega-Vidal.jpg\",\"contentUrl\":\"https:\\\/\\\/lospoliticosveracruz.com\\\/wp-content\\\/uploads\\\/2024\\\/03\\\/Jose-Luis-Ortega-Vidal.jpg\",\"width\":1250,\"height\":667},{\"@type\":\"BreadcrumbList\",\"@id\":\"https:\\\/\\\/lospoliticosveracruz.com\\\/?p=124820#breadcrumb\",\"itemListElement\":[{\"@type\":\"ListItem\",\"position\":1,\"name\":\"Portada\",\"item\":\"https:\\\/\\\/lospoliticosveracruz.com\\\/\"},{\"@type\":\"ListItem\",\"position\":2,\"name\":\"M\u00c1S RESPALDOS A PEPE!\"}]},{\"@type\":\"WebSite\",\"@id\":\"https:\\\/\\\/lospoliticosveracruz.com\\\/#website\",\"url\":\"https:\\\/\\\/lospoliticosveracruz.com\\\/\",\"name\":\"Los pol\u00edticos Veracruz\",\"description\":\"\",\"publisher\":{\"@id\":\"https:\\\/\\\/lospoliticosveracruz.com\\\/#organization\"},\"potentialAction\":[{\"@type\":\"SearchAction\",\"target\":{\"@type\":\"EntryPoint\",\"urlTemplate\":\"https:\\\/\\\/lospoliticosveracruz.com\\\/?s={search_term_string}\"},\"query-input\":{\"@type\":\"PropertyValueSpecification\",\"valueRequired\":true,\"valueName\":\"search_term_string\"}}],\"inLanguage\":\"es\"},{\"@type\":\"Organization\",\"@id\":\"https:\\\/\\\/lospoliticosveracruz.com\\\/#organization\",\"name\":\"Los pol\u00edticos Veracruz\",\"url\":\"https:\\\/\\\/lospoliticosveracruz.com\\\/\",\"logo\":{\"@type\":\"ImageObject\",\"inLanguage\":\"es\",\"@id\":\"https:\\\/\\\/lospoliticosveracruz.com\\\/#\\\/schema\\\/logo\\\/image\\\/\",\"url\":\"https:\\\/\\\/lospoliticosveracruz.com\\\/wp-content\\\/uploads\\\/2025\\\/12\\\/Logo-Nuevo-LOS-POLITICOS-1.jpg\",\"contentUrl\":\"https:\\\/\\\/lospoliticosveracruz.com\\\/wp-content\\\/uploads\\\/2025\\\/12\\\/Logo-Nuevo-LOS-POLITICOS-1.jpg\",\"width\":260,\"height\":70,\"caption\":\"Los pol\u00edticos Veracruz\"},\"image\":{\"@id\":\"https:\\\/\\\/lospoliticosveracruz.com\\\/#\\\/schema\\\/logo\\\/image\\\/\"},\"sameAs\":[\"https:\\\/\\\/www.facebook.com\\\/people\\\/Notimemes-de-los-Polticos\\\/61565672886568\\\/\",\"https:\\\/\\\/x.com\\\/LosPoliticosVer\"]},{\"@type\":\"Person\",\"@id\":\"https:\\\/\\\/lospoliticosveracruz.com\\\/#\\\/schema\\\/person\\\/b8702bb0e538456e6efd07080bf2a4a2\",\"name\":\"Lo viste en Los Pol\u00edticos\",\"image\":{\"@type\":\"ImageObject\",\"inLanguage\":\"es\",\"@id\":\"https:\\\/\\\/secure.gravatar.com\\\/avatar\\\/3a8de04a2656d44082be478bd6c086daa447c4651605818287b9532d3d0bd435?s=96&d=mm&r=g\",\"url\":\"https:\\\/\\\/secure.gravatar.com\\\/avatar\\\/3a8de04a2656d44082be478bd6c086daa447c4651605818287b9532d3d0bd435?s=96&d=mm&r=g\",\"contentUrl\":\"https:\\\/\\\/secure.gravatar.com\\\/avatar\\\/3a8de04a2656d44082be478bd6c086daa447c4651605818287b9532d3d0bd435?s=96&d=mm&r=g\",\"caption\":\"Lo viste en Los Pol\u00edticos\"},\"url\":\"https:\\\/\\\/lospoliticosveracruz.com\\\/?author=2\"}]}<\/script>\n<!-- \/ Yoast SEO plugin. -->","yoast_head_json":{"title":"M\u00c1S RESPALDOS A PEPE! - Los pol\u00edticos Veracruz","robots":{"index":"index","follow":"follow","max-snippet":"max-snippet:-1","max-image-preview":"max-image-preview:large","max-video-preview":"max-video-preview:-1"},"canonical":"https:\/\/lospoliticosveracruz.com\/?p=124820","og_locale":"es_ES","og_type":"article","og_title":"M\u00c1S RESPALDOS A PEPE! - Los pol\u00edticos Veracruz","og_description":"Jos\u00e9 Luis Ortega VidalClaroscuros(1) Le pregunt\u00e9 la ma\u00f1ana de este martes, al diputado local por el distrito XXVII con cabecera en Acayucan, Marco Antonio Mart\u00ednez Amador, si renunciar\u00eda a la bancada de MORENA y me respondi\u00f3 con un link sobre la noticia de la l\u00edder juvenil morenista Guadalupe Porras Mar\u00edn sum\u00e1ndose a la causa de [&hellip;]","og_url":"https:\/\/lospoliticosveracruz.com\/?p=124820","og_site_name":"Los pol\u00edticos Veracruz","article_publisher":"https:\/\/www.facebook.com\/people\/Notimemes-de-los-Polticos\/61565672886568\/","article_published_time":"2024-05-22T02:58:55+00:00","article_modified_time":"2024-05-22T02:59:02+00:00","og_image":[{"width":1250,"height":667,"url":"https:\/\/lospoliticosveracruz.com\/wp-content\/uploads\/2024\/03\/Jose-Luis-Ortega-Vidal.jpg","type":"image\/jpeg"}],"author":"Lo viste en Los Pol\u00edticos","twitter_card":"summary_large_image","twitter_creator":"@LosPoliticosVer","twitter_site":"@LosPoliticosVer","twitter_misc":{"Escrito por":"Lo viste en Los Pol\u00edticos","Tiempo de lectura":"3 minutos"},"schema":{"@context":"https:\/\/schema.org","@graph":[{"@type":"Article","@id":"https:\/\/lospoliticosveracruz.com\/?p=124820#article","isPartOf":{"@id":"https:\/\/lospoliticosveracruz.com\/?p=124820"},"author":{"name":"Lo viste en Los Pol\u00edticos","@id":"https:\/\/lospoliticosveracruz.com\/#\/schema\/person\/b8702bb0e538456e6efd07080bf2a4a2"},"headline":"M\u00c1S RESPALDOS A PEPE!","datePublished":"2024-05-22T02:58:55+00:00","dateModified":"2024-05-22T02:59:02+00:00","mainEntityOfPage":{"@id":"https:\/\/lospoliticosveracruz.com\/?p=124820"},"wordCount":685,"publisher":{"@id":"https:\/\/lospoliticosveracruz.com\/#organization"},"image":{"@id":"https:\/\/lospoliticosveracruz.com\/?p=124820#primaryimage"},"thumbnailUrl":"https:\/\/lospoliticosveracruz.com\/wp-content\/uploads\/2024\/03\/Jose-Luis-Ortega-Vidal.jpg","keywords":["Jos\u00e9 Luis Ortega Vidal"],"articleSection":["De Opini\u00f3n"],"inLanguage":"es"},{"@type":"WebPage","@id":"https:\/\/lospoliticosveracruz.com\/?p=124820","url":"https:\/\/lospoliticosveracruz.com\/?p=124820","name":"M\u00c1S RESPALDOS A PEPE! - Los pol\u00edticos Veracruz","isPartOf":{"@id":"https:\/\/lospoliticosveracruz.com\/#website"},"primaryImageOfPage":{"@id":"https:\/\/lospoliticosveracruz.com\/?p=124820#primaryimage"},"image":{"@id":"https:\/\/lospoliticosveracruz.com\/?p=124820#primaryimage"},"thumbnailUrl":"https:\/\/lospoliticosveracruz.com\/wp-content\/uploads\/2024\/03\/Jose-Luis-Ortega-Vidal.jpg","datePublished":"2024-05-22T02:58:55+00:00","dateModified":"2024-05-22T02:59:02+00:00","breadcrumb":{"@id":"https:\/\/lospoliticosveracruz.com\/?p=124820#breadcrumb"},"inLanguage":"es","potentialAction":[{"@type":"ReadAction","target":["https:\/\/lospoliticosveracruz.com\/?p=124820"]}]},{"@type":"ImageObject","inLanguage":"es","@id":"https:\/\/lospoliticosveracruz.com\/?p=124820#primaryimage","url":"https:\/\/lospoliticosveracruz.com\/wp-content\/uploads\/2024\/03\/Jose-Luis-Ortega-Vidal.jpg","contentUrl":"https:\/\/lospoliticosveracruz.com\/wp-content\/uploads\/2024\/03\/Jose-Luis-Ortega-Vidal.jpg","width":1250,"height":667},{"@type":"BreadcrumbList","@id":"https:\/\/lospoliticosveracruz.com\/?p=124820#breadcrumb","itemListElement":[{"@type":"ListItem","position":1,"name":"Portada","item":"https:\/\/lospoliticosveracruz.com\/"},{"@type":"ListItem","position":2,"name":"M\u00c1S RESPALDOS A PEPE!"}]},{"@type":"WebSite","@id":"https:\/\/lospoliticosveracruz.com\/#website","url":"https:\/\/lospoliticosveracruz.com\/","name":"Los pol\u00edticos Veracruz","description":"","publisher":{"@id":"https:\/\/lospoliticosveracruz.com\/#organization"},"potentialAction":[{"@type":"SearchAction","target":{"@type":"EntryPoint","urlTemplate":"https:\/\/lospoliticosveracruz.com\/?s={search_term_string}"},"query-input":{"@type":"PropertyValueSpecification","valueRequired":true,"valueName":"search_term_string"}}],"inLanguage":"es"},{"@type":"Organization","@id":"https:\/\/lospoliticosveracruz.com\/#organization","name":"Los pol\u00edticos Veracruz","url":"https:\/\/lospoliticosveracruz.com\/","logo":{"@type":"ImageObject","inLanguage":"es","@id":"https:\/\/lospoliticosveracruz.com\/#\/schema\/logo\/image\/","url":"https:\/\/lospoliticosveracruz.com\/wp-content\/uploads\/2025\/12\/Logo-Nuevo-LOS-POLITICOS-1.jpg","contentUrl":"https:\/\/lospoliticosveracruz.com\/wp-content\/uploads\/2025\/12\/Logo-Nuevo-LOS-POLITICOS-1.jpg","width":260,"height":70,"caption":"Los pol\u00edticos Veracruz"},"image":{"@id":"https:\/\/lospoliticosveracruz.com\/#\/schema\/logo\/image\/"},"sameAs":["https:\/\/www.facebook.com\/people\/Notimemes-de-los-Polticos\/61565672886568\/","https:\/\/x.com\/LosPoliticosVer"]},{"@type":"Person","@id":"https:\/\/lospoliticosveracruz.com\/#\/schema\/person\/b8702bb0e538456e6efd07080bf2a4a2","name":"Lo viste en Los Pol\u00edticos","image":{"@type":"ImageObject","inLanguage":"es","@id":"https:\/\/secure.gravatar.com\/avatar\/3a8de04a2656d44082be478bd6c086daa447c4651605818287b9532d3d0bd435?s=96&d=mm&r=g","url":"https:\/\/secure.gravatar.com\/avatar\/3a8de04a2656d44082be478bd6c086daa447c4651605818287b9532d3d0bd435?s=96&d=mm&r=g","contentUrl":"https:\/\/secure.gravatar.com\/avatar\/3a8de04a2656d44082be478bd6c086daa447c4651605818287b9532d3d0bd435?s=96&d=mm&r=g","caption":"Lo viste en Los Pol\u00edticos"},"url":"https:\/\/lospoliticosveracruz.com\/?author=2"}]}},"_links":{"self":[{"href":"https:\/\/lospoliticosveracruz.com\/index.php?rest_route=\/wp\/v2\/posts\/124820","targetHints":{"allow":["GET"]}}],"collection":[{"href":"https:\/\/lospoliticosveracruz.com\/index.php?rest_route=\/wp\/v2\/posts"}],"about":[{"href":"https:\/\/lospoliticosveracruz.com\/index.php?rest_route=\/wp\/v2\/types\/post"}],"author":[{"embeddable":true,"href":"https:\/\/lospoliticosveracruz.com\/index.php?rest_route=\/wp\/v2\/users\/2"}],"replies":[{"embeddable":true,"href":"https:\/\/lospoliticosveracruz.com\/index.php?rest_route=%2Fwp%2Fv2%2Fcomments&post=124820"}],"version-history":[{"count":1,"href":"https:\/\/lospoliticosveracruz.com\/index.php?rest_route=\/wp\/v2\/posts\/124820\/revisions"}],"predecessor-version":[{"id":124821,"href":"https:\/\/lospoliticosveracruz.com\/index.php?rest_route=\/wp\/v2\/posts\/124820\/revisions\/124821"}],"wp:featuredmedia":[{"embeddable":true,"href":"https:\/\/lospoliticosveracruz.com\/index.php?rest_route=\/wp\/v2\/media\/119931"}],"wp:attachment":[{"href":"https:\/\/lospoliticosveracruz.com\/index.php?rest_route=%2Fwp%2Fv2%2Fmedia&parent=124820"}],"wp:term":[{"taxonomy":"category","embeddable":true,"href":"https:\/\/lospoliticosveracruz.com\/index.php?rest_route=%2Fwp%2Fv2%2Fcategories&post=124820"},{"taxonomy":"post_tag","embeddable":true,"href":"https:\/\/lospoliticosveracruz.com\/index.php?rest_route=%2Fwp%2Fv2%2Ftags&post=124820"}],"curies":[{"name":"wp","href":"https:\/\/api.w.org\/{rel}","templated":true}]}}