{"id":124833,"date":"2024-05-22T08:15:06","date_gmt":"2024-05-22T13:15:06","guid":{"rendered":"https:\/\/lospoliticosveracruz.com.mx\/?p=124833"},"modified":"2024-05-22T08:15:16","modified_gmt":"2024-05-22T13:15:16","slug":"morena-los-quiebres","status":"publish","type":"post","link":"https:\/\/lospoliticosveracruz.com\/?p=124833","title":{"rendered":"MORENA, LOS QUIEBRES"},"content":{"rendered":"\n<p><strong>Ricardo Chua<\/strong><\/p>\n\n\n\n<p><em>Sale y Vale<\/em><\/p>\n\n\n\n<p>\u00abGarganta Profunda\u00bb se\u00f1ala que el tema de los 4 diputados locales de MORENA.. Que dejaron la bancada del partido para ir a crear un Grupo Mixto en el Congreso del Estado, junto con la salida de la l\u00edder juvenil \u00abMorenista\u00bb para irse a la campa\u00f1a priista de Pepe Yunes.. Se puede decir que es un \u00abcobro de facturas\u00bb contra Roc\u00edo Nahle, Juan Javier G\u00f3mez Cazar\u00edn y Esteban Ram\u00edrez.. Pero la realidad es otra.. Es una \u00abfactura\u00bb a Cuitl\u00e1huac Garc\u00eda y se fueron, no los tomaron en cuenta para esta elecci\u00f3n local..<\/p>\n\n\n\n<p>Los 4 diputados que salen de MORENA: Marcos Martinez, Fernando Arteaga, Bonifacio Castillo y Cecilia Guevara. Todos ellos ganaron su distrito en 2021 por elecci\u00f3n.. Por eso, se puede decir que su salida es un \u00abgolpe\u00bb pol\u00edtico-medi\u00e1tico a la campa\u00f1a a gobernador de Roc\u00edo Nahle.. Y como en pol\u00edtica, las coincidencias no existen.. Los legisladores se fueron hoy para que se \u00abtambaleara\u00bb el proyecto de la 4T en Veracruz.. Si eso pasa, habr\u00e1n triunfado y desquitado.. Caso contrario, se tendr\u00e1n que ir de Veracruz.. \u00bfQui\u00e9n los va a arropar pol\u00edticamente?..<\/p>\n\n\n\n<p>Pero el tema real es Cuitl\u00e1huac Garc\u00eda porque despu\u00e9s de 5 a\u00f1os de \u00abturismo\u00bb electoral.. Su administraci\u00f3n estatal y su \u00abs\u00e9quito de aplaudidores\u00bb, que mand\u00f3 y lo traslad\u00f3 a un partido que no existe (MORENA) que es un movimiento, que lo sostiene el afecto y cari\u00f1o que le tienen al l\u00edder social.. Que desapareci\u00f3 llegando a Palacio Nacional (Andr\u00e9s Manuel L\u00f3pez Obrador).. Hoy los grupos que fueron excluidos por el c\u00edrculo cercano a Palacio de Gobierno en Xalapa.. Se rebelan porque no les dieron \u00abparte del pastel\u00bb y se van..<\/p>\n\n\n\n<p>Dice \u00abGarganta Profunda\u00bb que por esta situaci\u00f3n, todos esos grupos hoy le pasan la \u00abfactura\u00bb, que fueron \u00abdiscriminados\u00bb desde la elecci\u00f3n interna de MORENA porque apoyaron a otros candidatos, distintos a Claudia Shienbaum y Roc\u00edo Nahle.. Y como no tienen cabida con los \u00abMorenos\u00bb, les es m\u00e1s f\u00e1cil irse que quedarse.. Y sin querer y a lo mejor, no de manera oficial pero s\u00ed de \u00abfacto\u00bb se unen a la contienda que encabeza Pepe Yunes y Xochilt Galv\u00e9z en Veracruz.. Algunos de ellos vuelven (Regresar nunca) a sus antiguos partidos..<\/p>\n\n\n\n<p>A muchos les pueden decir.. Que estos diputados locales que ahora quieren ser grupo Mixto.. Est\u00e1n \u00abdespertando de este torbellino\u00bb de locura, soberbia y arrogancia que era MORENA.. Pero cuando a sus intereses conven\u00eda.. Ellos mismos eran \u00abciegos, sordos y mudos\u00bb.. No escuchaban o ve\u00edan al pueblo.. Tampoco eran los interlocutores de la sociedad.. Simplemente hac\u00edan lo que les ped\u00eda su l\u00edder y eran recompensados pol\u00edticamente por eso.. Ahora que no les toc\u00f3.. SE VAN..<\/p>\n\n\n\n<p>Ahora \u00abGarganta Profunda\u00bb menciona que al interior de MORENA, se est\u00e1 \u00abcosechando lo que se sembr\u00f3\u00bb.. Se les olvid\u00f3 que en su mayor\u00eda no ten\u00edan oficio pol\u00edtico cuando tomaron el poder.. Pensaron gobernar sin una agenda social.. S\u00f3lo siguiendo lo que les dictan de Palacio Nacional o Palacio de Gobierno.. Pero no se prepararon para crear una percepci\u00f3n social, de que estaban actuando bien y no s\u00f3lo a favor de un sector de la sociedad.. Ahora 4 diputados se sintieron desplazados y se van porque no hay un proyecto real s\u00f3lo personal..<\/p>\n\n\n\n<p>Estos ahora \u00abconversos\u00bb en su momento, se olvidaron de las bases, de los que les ayudaron a lograr los triunfos.. Que ven\u00edan de otros grupos.. Hoy estos diputados de MORENA sintieron la misma \u00abinyecci\u00f3n\u00bb que ellos aplicaban y como en esta vida, \u00abEl que las hace, no las tolera\u00bb.. Mejor se fueron a buscar acomodo como grupo legislativo y presuntamente a operar con la oposici\u00f3n.. Pero bien dec\u00eda Fernando Guti\u00e9rrez Barrios: \u00abQuien traiciona una vez, lo hace dos\u00bb.. AGUAS PEP\u00c9.. Si vas arriba.. \u00bfYa pa qu\u00e9?.. EL QUE ENTENDI\u00d3, ENTENDI\u00d3..<\/p>\n\n\n\n<p>REFLEXI\u00d3N.. Pese a haber renunciado a MORENA y la bancada de ese partido en el Congreso Local.. Ni Fernando \u00abEl Huevo\u00bb Arteaga, Bonific io Castillo, Marcos Mart\u00ednez, menos Cecilia Guevara.. NO se podr\u00e1n QUITAR de encima, el haber sido parte de una legislatura improductiva.. De haber apoyado como diputados de MORENA para que se realizar\u00e1n 22 reformas constitucionales en Veracruz, que fueron INVALIDADAS en la Suprema Corte de Justicia de la Naci\u00f3n por su incapacidad, arrogancia e ignorancia de ellos 4..<\/p>\n\n\n\n<p>Esos que ahora buscan ser una bancada mixta.. Tambi\u00e9n fueron culpables por lo que pas\u00f3 en Lerdo y su ingobernabilidad.. De no haber levantado la voz cuando acusaron que en Veracruz presuntamente hab\u00eda presos pol\u00edticos.. Tampoco dijeron nada cuando en MORENA en su elecci\u00f3n interna a candidatos a gobernador y presidente presuntamente hab\u00eda apoyos para unos y otros no.. Ahora se quieren \u00abpurificar\u00bb con su salida.. Ojal\u00e1 eso no signifique PERD\u00d3N Y OLVIDO..<\/p>\n\n\n\n<p>En su momento, todos ellos fueron \u00abaplaudidores\u00bb de Cuitl\u00e1huac Garc\u00eda, Roc\u00edo Nahle, la 4T y de lo que les propon\u00eda Juan Javier G\u00f3mez Cazar\u00edn.. Al cual, ahora acusan del \u00abquiebre\u00bb pero cuando tomaban sus acuerdos de poder.. No dec\u00edan nada.. Pero como la traici\u00f3n siempre llega porque no hay convicci\u00f3n.. Apenas vieron sus intereses personales afectados.. Dijeron Bye. Ojal\u00e1 los \u00abconversos\u00bb pasen primero al \u00abPurgatorio\u00bb, antes del gabinete de Pepe Yunes, si es que el priista gana la elecci\u00f3n\u2026 LOS JUGADORES CAMBIAN, EL JUEGO NO..<\/p>\n","protected":false},"excerpt":{"rendered":"<p>Ricardo Chua Sale y Vale \u00abGarganta Profunda\u00bb se\u00f1ala que el tema de los 4 diputados locales de MORENA.. Que dejaron la bancada del partido para ir a crear un Grupo Mixto en el Congreso del Estado, junto con la salida de la l\u00edder juvenil \u00abMorenista\u00bb para irse a la campa\u00f1a priista de Pepe Yunes.. Se [&hellip;]<\/p>\n","protected":false},"author":2,"featured_media":119817,"comment_status":"closed","ping_status":"closed","sticky":false,"template":"","format":"standard","meta":{"tdm_status":"","tdm_grid_status":"","footnotes":""},"categories":[70],"tags":[618,41026,31097,1563,20129,12695,4624,1026,3578,195],"class_list":{"0":"post-124833","1":"post","2":"type-post","3":"status-publish","4":"format-standard","5":"has-post-thumbnail","7":"category-de-opinion","8":"tag-andres-manuel-lopez-obrador","9":"tag-bonifacio-castillo","10":"tag-cecilia-guevara-guembe","11":"tag-cuitlahuac-garcia-jimenez","12":"tag-fernando-arteaga","13":"tag-juan-javier-gomez-cazarin","14":"tag-marco-antonio-martinez-amador","15":"tag-morena","16":"tag-rocio-nahle","17":"tag-veracruz"},"yoast_head":"<!-- This site is optimized with the Yoast SEO plugin v27.4 - https:\/\/yoast.com\/product\/yoast-seo-wordpress\/ -->\n<title>MORENA, LOS QUIEBRES - Los pol\u00edticos Veracruz<\/title>\n<meta name=\"robots\" content=\"index, follow, max-snippet:-1, max-image-preview:large, max-video-preview:-1\" \/>\n<link rel=\"canonical\" href=\"https:\/\/lospoliticosveracruz.com\/?p=124833\" \/>\n<meta property=\"og:locale\" content=\"es_ES\" \/>\n<meta property=\"og:type\" content=\"article\" \/>\n<meta property=\"og:title\" content=\"MORENA, LOS QUIEBRES - Los pol\u00edticos Veracruz\" \/>\n<meta property=\"og:description\" content=\"Ricardo Chua Sale y Vale \u00abGarganta Profunda\u00bb se\u00f1ala que el tema de los 4 diputados locales de MORENA.. Que dejaron la bancada del partido para ir a crear un Grupo Mixto en el Congreso del Estado, junto con la salida de la l\u00edder juvenil \u00abMorenista\u00bb para irse a la campa\u00f1a priista de Pepe Yunes.. Se [&hellip;]\" \/>\n<meta property=\"og:url\" content=\"https:\/\/lospoliticosveracruz.com\/?p=124833\" \/>\n<meta property=\"og:site_name\" content=\"Los pol\u00edticos Veracruz\" \/>\n<meta property=\"article:publisher\" content=\"https:\/\/www.facebook.com\/people\/Notimemes-de-los-Polticos\/61565672886568\/\" \/>\n<meta property=\"article:published_time\" content=\"2024-05-22T13:15:06+00:00\" \/>\n<meta property=\"article:modified_time\" content=\"2024-05-22T13:15:16+00:00\" \/>\n<meta property=\"og:image\" content=\"https:\/\/lospoliticosveracruz.com\/wp-content\/uploads\/2024\/03\/Ricardo-Chua.jpg\" \/>\n\t<meta property=\"og:image:width\" content=\"1250\" \/>\n\t<meta property=\"og:image:height\" content=\"667\" \/>\n\t<meta property=\"og:image:type\" content=\"image\/jpeg\" \/>\n<meta name=\"author\" content=\"Lo viste en Los Pol\u00edticos\" \/>\n<meta name=\"twitter:card\" content=\"summary_large_image\" \/>\n<meta name=\"twitter:creator\" content=\"@LosPoliticosVer\" \/>\n<meta name=\"twitter:site\" content=\"@LosPoliticosVer\" \/>\n<meta name=\"twitter:label1\" content=\"Escrito por\" \/>\n\t<meta name=\"twitter:data1\" content=\"Lo viste en Los Pol\u00edticos\" \/>\n\t<meta name=\"twitter:label2\" content=\"Tiempo de lectura\" \/>\n\t<meta name=\"twitter:data2\" content=\"5 minutos\" \/>\n<script type=\"application\/ld+json\" class=\"yoast-schema-graph\">{\"@context\":\"https:\\\/\\\/schema.org\",\"@graph\":[{\"@type\":\"Article\",\"@id\":\"https:\\\/\\\/lospoliticosveracruz.com\\\/?p=124833#article\",\"isPartOf\":{\"@id\":\"https:\\\/\\\/lospoliticosveracruz.com\\\/?p=124833\"},\"author\":{\"name\":\"Lo viste en Los Pol\u00edticos\",\"@id\":\"https:\\\/\\\/lospoliticosveracruz.com\\\/#\\\/schema\\\/person\\\/b8702bb0e538456e6efd07080bf2a4a2\"},\"headline\":\"MORENA, LOS QUIEBRES\",\"datePublished\":\"2024-05-22T13:15:06+00:00\",\"dateModified\":\"2024-05-22T13:15:16+00:00\",\"mainEntityOfPage\":{\"@id\":\"https:\\\/\\\/lospoliticosveracruz.com\\\/?p=124833\"},\"wordCount\":935,\"publisher\":{\"@id\":\"https:\\\/\\\/lospoliticosveracruz.com\\\/#organization\"},\"image\":{\"@id\":\"https:\\\/\\\/lospoliticosveracruz.com\\\/?p=124833#primaryimage\"},\"thumbnailUrl\":\"https:\\\/\\\/lospoliticosveracruz.com\\\/wp-content\\\/uploads\\\/2024\\\/03\\\/Ricardo-Chua.jpg\",\"keywords\":[\"Andr\u00e9s Manuel L\u00f3pez Obrador\",\"Bonifacio Castillo\",\"Cecilia Guevara Guembe\",\"Cuitl\u00e1huac Garc\u00eda Jim\u00e9nez\",\"Fernando Arteaga\",\"Juan Javier G\u00f3mez Cazar\u00edn\",\"Marco Antonio Mart\u00ednez Amador\",\"Morena\",\"Roc\u00edo Nahle\",\"Veracruz\"],\"articleSection\":[\"De Opini\u00f3n\"],\"inLanguage\":\"es\"},{\"@type\":\"WebPage\",\"@id\":\"https:\\\/\\\/lospoliticosveracruz.com\\\/?p=124833\",\"url\":\"https:\\\/\\\/lospoliticosveracruz.com\\\/?p=124833\",\"name\":\"MORENA, LOS QUIEBRES - Los pol\u00edticos Veracruz\",\"isPartOf\":{\"@id\":\"https:\\\/\\\/lospoliticosveracruz.com\\\/#website\"},\"primaryImageOfPage\":{\"@id\":\"https:\\\/\\\/lospoliticosveracruz.com\\\/?p=124833#primaryimage\"},\"image\":{\"@id\":\"https:\\\/\\\/lospoliticosveracruz.com\\\/?p=124833#primaryimage\"},\"thumbnailUrl\":\"https:\\\/\\\/lospoliticosveracruz.com\\\/wp-content\\\/uploads\\\/2024\\\/03\\\/Ricardo-Chua.jpg\",\"datePublished\":\"2024-05-22T13:15:06+00:00\",\"dateModified\":\"2024-05-22T13:15:16+00:00\",\"breadcrumb\":{\"@id\":\"https:\\\/\\\/lospoliticosveracruz.com\\\/?p=124833#breadcrumb\"},\"inLanguage\":\"es\",\"potentialAction\":[{\"@type\":\"ReadAction\",\"target\":[\"https:\\\/\\\/lospoliticosveracruz.com\\\/?p=124833\"]}]},{\"@type\":\"ImageObject\",\"inLanguage\":\"es\",\"@id\":\"https:\\\/\\\/lospoliticosveracruz.com\\\/?p=124833#primaryimage\",\"url\":\"https:\\\/\\\/lospoliticosveracruz.com\\\/wp-content\\\/uploads\\\/2024\\\/03\\\/Ricardo-Chua.jpg\",\"contentUrl\":\"https:\\\/\\\/lospoliticosveracruz.com\\\/wp-content\\\/uploads\\\/2024\\\/03\\\/Ricardo-Chua.jpg\",\"width\":1250,\"height\":667},{\"@type\":\"BreadcrumbList\",\"@id\":\"https:\\\/\\\/lospoliticosveracruz.com\\\/?p=124833#breadcrumb\",\"itemListElement\":[{\"@type\":\"ListItem\",\"position\":1,\"name\":\"Portada\",\"item\":\"https:\\\/\\\/lospoliticosveracruz.com\\\/\"},{\"@type\":\"ListItem\",\"position\":2,\"name\":\"MORENA, LOS QUIEBRES\"}]},{\"@type\":\"WebSite\",\"@id\":\"https:\\\/\\\/lospoliticosveracruz.com\\\/#website\",\"url\":\"https:\\\/\\\/lospoliticosveracruz.com\\\/\",\"name\":\"Los pol\u00edticos Veracruz\",\"description\":\"\",\"publisher\":{\"@id\":\"https:\\\/\\\/lospoliticosveracruz.com\\\/#organization\"},\"potentialAction\":[{\"@type\":\"SearchAction\",\"target\":{\"@type\":\"EntryPoint\",\"urlTemplate\":\"https:\\\/\\\/lospoliticosveracruz.com\\\/?s={search_term_string}\"},\"query-input\":{\"@type\":\"PropertyValueSpecification\",\"valueRequired\":true,\"valueName\":\"search_term_string\"}}],\"inLanguage\":\"es\"},{\"@type\":\"Organization\",\"@id\":\"https:\\\/\\\/lospoliticosveracruz.com\\\/#organization\",\"name\":\"Los pol\u00edticos Veracruz\",\"url\":\"https:\\\/\\\/lospoliticosveracruz.com\\\/\",\"logo\":{\"@type\":\"ImageObject\",\"inLanguage\":\"es\",\"@id\":\"https:\\\/\\\/lospoliticosveracruz.com\\\/#\\\/schema\\\/logo\\\/image\\\/\",\"url\":\"https:\\\/\\\/lospoliticosveracruz.com\\\/wp-content\\\/uploads\\\/2025\\\/12\\\/Logo-Nuevo-LOS-POLITICOS-1.jpg\",\"contentUrl\":\"https:\\\/\\\/lospoliticosveracruz.com\\\/wp-content\\\/uploads\\\/2025\\\/12\\\/Logo-Nuevo-LOS-POLITICOS-1.jpg\",\"width\":260,\"height\":70,\"caption\":\"Los pol\u00edticos Veracruz\"},\"image\":{\"@id\":\"https:\\\/\\\/lospoliticosveracruz.com\\\/#\\\/schema\\\/logo\\\/image\\\/\"},\"sameAs\":[\"https:\\\/\\\/www.facebook.com\\\/people\\\/Notimemes-de-los-Polticos\\\/61565672886568\\\/\",\"https:\\\/\\\/x.com\\\/LosPoliticosVer\"]},{\"@type\":\"Person\",\"@id\":\"https:\\\/\\\/lospoliticosveracruz.com\\\/#\\\/schema\\\/person\\\/b8702bb0e538456e6efd07080bf2a4a2\",\"name\":\"Lo viste en Los Pol\u00edticos\",\"image\":{\"@type\":\"ImageObject\",\"inLanguage\":\"es\",\"@id\":\"https:\\\/\\\/secure.gravatar.com\\\/avatar\\\/3a8de04a2656d44082be478bd6c086daa447c4651605818287b9532d3d0bd435?s=96&d=mm&r=g\",\"url\":\"https:\\\/\\\/secure.gravatar.com\\\/avatar\\\/3a8de04a2656d44082be478bd6c086daa447c4651605818287b9532d3d0bd435?s=96&d=mm&r=g\",\"contentUrl\":\"https:\\\/\\\/secure.gravatar.com\\\/avatar\\\/3a8de04a2656d44082be478bd6c086daa447c4651605818287b9532d3d0bd435?s=96&d=mm&r=g\",\"caption\":\"Lo viste en Los Pol\u00edticos\"},\"url\":\"https:\\\/\\\/lospoliticosveracruz.com\\\/?author=2\"}]}<\/script>\n<!-- \/ Yoast SEO plugin. -->","yoast_head_json":{"title":"MORENA, LOS QUIEBRES - Los pol\u00edticos Veracruz","robots":{"index":"index","follow":"follow","max-snippet":"max-snippet:-1","max-image-preview":"max-image-preview:large","max-video-preview":"max-video-preview:-1"},"canonical":"https:\/\/lospoliticosveracruz.com\/?p=124833","og_locale":"es_ES","og_type":"article","og_title":"MORENA, LOS QUIEBRES - Los pol\u00edticos Veracruz","og_description":"Ricardo Chua Sale y Vale \u00abGarganta Profunda\u00bb se\u00f1ala que el tema de los 4 diputados locales de MORENA.. Que dejaron la bancada del partido para ir a crear un Grupo Mixto en el Congreso del Estado, junto con la salida de la l\u00edder juvenil \u00abMorenista\u00bb para irse a la campa\u00f1a priista de Pepe Yunes.. Se [&hellip;]","og_url":"https:\/\/lospoliticosveracruz.com\/?p=124833","og_site_name":"Los pol\u00edticos Veracruz","article_publisher":"https:\/\/www.facebook.com\/people\/Notimemes-de-los-Polticos\/61565672886568\/","article_published_time":"2024-05-22T13:15:06+00:00","article_modified_time":"2024-05-22T13:15:16+00:00","og_image":[{"width":1250,"height":667,"url":"https:\/\/lospoliticosveracruz.com\/wp-content\/uploads\/2024\/03\/Ricardo-Chua.jpg","type":"image\/jpeg"}],"author":"Lo viste en Los Pol\u00edticos","twitter_card":"summary_large_image","twitter_creator":"@LosPoliticosVer","twitter_site":"@LosPoliticosVer","twitter_misc":{"Escrito por":"Lo viste en Los Pol\u00edticos","Tiempo de lectura":"5 minutos"},"schema":{"@context":"https:\/\/schema.org","@graph":[{"@type":"Article","@id":"https:\/\/lospoliticosveracruz.com\/?p=124833#article","isPartOf":{"@id":"https:\/\/lospoliticosveracruz.com\/?p=124833"},"author":{"name":"Lo viste en Los Pol\u00edticos","@id":"https:\/\/lospoliticosveracruz.com\/#\/schema\/person\/b8702bb0e538456e6efd07080bf2a4a2"},"headline":"MORENA, LOS QUIEBRES","datePublished":"2024-05-22T13:15:06+00:00","dateModified":"2024-05-22T13:15:16+00:00","mainEntityOfPage":{"@id":"https:\/\/lospoliticosveracruz.com\/?p=124833"},"wordCount":935,"publisher":{"@id":"https:\/\/lospoliticosveracruz.com\/#organization"},"image":{"@id":"https:\/\/lospoliticosveracruz.com\/?p=124833#primaryimage"},"thumbnailUrl":"https:\/\/lospoliticosveracruz.com\/wp-content\/uploads\/2024\/03\/Ricardo-Chua.jpg","keywords":["Andr\u00e9s Manuel L\u00f3pez Obrador","Bonifacio Castillo","Cecilia Guevara Guembe","Cuitl\u00e1huac Garc\u00eda Jim\u00e9nez","Fernando Arteaga","Juan Javier G\u00f3mez Cazar\u00edn","Marco Antonio Mart\u00ednez Amador","Morena","Roc\u00edo Nahle","Veracruz"],"articleSection":["De Opini\u00f3n"],"inLanguage":"es"},{"@type":"WebPage","@id":"https:\/\/lospoliticosveracruz.com\/?p=124833","url":"https:\/\/lospoliticosveracruz.com\/?p=124833","name":"MORENA, LOS QUIEBRES - Los pol\u00edticos Veracruz","isPartOf":{"@id":"https:\/\/lospoliticosveracruz.com\/#website"},"primaryImageOfPage":{"@id":"https:\/\/lospoliticosveracruz.com\/?p=124833#primaryimage"},"image":{"@id":"https:\/\/lospoliticosveracruz.com\/?p=124833#primaryimage"},"thumbnailUrl":"https:\/\/lospoliticosveracruz.com\/wp-content\/uploads\/2024\/03\/Ricardo-Chua.jpg","datePublished":"2024-05-22T13:15:06+00:00","dateModified":"2024-05-22T13:15:16+00:00","breadcrumb":{"@id":"https:\/\/lospoliticosveracruz.com\/?p=124833#breadcrumb"},"inLanguage":"es","potentialAction":[{"@type":"ReadAction","target":["https:\/\/lospoliticosveracruz.com\/?p=124833"]}]},{"@type":"ImageObject","inLanguage":"es","@id":"https:\/\/lospoliticosveracruz.com\/?p=124833#primaryimage","url":"https:\/\/lospoliticosveracruz.com\/wp-content\/uploads\/2024\/03\/Ricardo-Chua.jpg","contentUrl":"https:\/\/lospoliticosveracruz.com\/wp-content\/uploads\/2024\/03\/Ricardo-Chua.jpg","width":1250,"height":667},{"@type":"BreadcrumbList","@id":"https:\/\/lospoliticosveracruz.com\/?p=124833#breadcrumb","itemListElement":[{"@type":"ListItem","position":1,"name":"Portada","item":"https:\/\/lospoliticosveracruz.com\/"},{"@type":"ListItem","position":2,"name":"MORENA, LOS QUIEBRES"}]},{"@type":"WebSite","@id":"https:\/\/lospoliticosveracruz.com\/#website","url":"https:\/\/lospoliticosveracruz.com\/","name":"Los pol\u00edticos Veracruz","description":"","publisher":{"@id":"https:\/\/lospoliticosveracruz.com\/#organization"},"potentialAction":[{"@type":"SearchAction","target":{"@type":"EntryPoint","urlTemplate":"https:\/\/lospoliticosveracruz.com\/?s={search_term_string}"},"query-input":{"@type":"PropertyValueSpecification","valueRequired":true,"valueName":"search_term_string"}}],"inLanguage":"es"},{"@type":"Organization","@id":"https:\/\/lospoliticosveracruz.com\/#organization","name":"Los pol\u00edticos Veracruz","url":"https:\/\/lospoliticosveracruz.com\/","logo":{"@type":"ImageObject","inLanguage":"es","@id":"https:\/\/lospoliticosveracruz.com\/#\/schema\/logo\/image\/","url":"https:\/\/lospoliticosveracruz.com\/wp-content\/uploads\/2025\/12\/Logo-Nuevo-LOS-POLITICOS-1.jpg","contentUrl":"https:\/\/lospoliticosveracruz.com\/wp-content\/uploads\/2025\/12\/Logo-Nuevo-LOS-POLITICOS-1.jpg","width":260,"height":70,"caption":"Los pol\u00edticos Veracruz"},"image":{"@id":"https:\/\/lospoliticosveracruz.com\/#\/schema\/logo\/image\/"},"sameAs":["https:\/\/www.facebook.com\/people\/Notimemes-de-los-Polticos\/61565672886568\/","https:\/\/x.com\/LosPoliticosVer"]},{"@type":"Person","@id":"https:\/\/lospoliticosveracruz.com\/#\/schema\/person\/b8702bb0e538456e6efd07080bf2a4a2","name":"Lo viste en Los Pol\u00edticos","image":{"@type":"ImageObject","inLanguage":"es","@id":"https:\/\/secure.gravatar.com\/avatar\/3a8de04a2656d44082be478bd6c086daa447c4651605818287b9532d3d0bd435?s=96&d=mm&r=g","url":"https:\/\/secure.gravatar.com\/avatar\/3a8de04a2656d44082be478bd6c086daa447c4651605818287b9532d3d0bd435?s=96&d=mm&r=g","contentUrl":"https:\/\/secure.gravatar.com\/avatar\/3a8de04a2656d44082be478bd6c086daa447c4651605818287b9532d3d0bd435?s=96&d=mm&r=g","caption":"Lo viste en Los Pol\u00edticos"},"url":"https:\/\/lospoliticosveracruz.com\/?author=2"}]}},"_links":{"self":[{"href":"https:\/\/lospoliticosveracruz.com\/index.php?rest_route=\/wp\/v2\/posts\/124833","targetHints":{"allow":["GET"]}}],"collection":[{"href":"https:\/\/lospoliticosveracruz.com\/index.php?rest_route=\/wp\/v2\/posts"}],"about":[{"href":"https:\/\/lospoliticosveracruz.com\/index.php?rest_route=\/wp\/v2\/types\/post"}],"author":[{"embeddable":true,"href":"https:\/\/lospoliticosveracruz.com\/index.php?rest_route=\/wp\/v2\/users\/2"}],"replies":[{"embeddable":true,"href":"https:\/\/lospoliticosveracruz.com\/index.php?rest_route=%2Fwp%2Fv2%2Fcomments&post=124833"}],"version-history":[{"count":1,"href":"https:\/\/lospoliticosveracruz.com\/index.php?rest_route=\/wp\/v2\/posts\/124833\/revisions"}],"predecessor-version":[{"id":124834,"href":"https:\/\/lospoliticosveracruz.com\/index.php?rest_route=\/wp\/v2\/posts\/124833\/revisions\/124834"}],"wp:featuredmedia":[{"embeddable":true,"href":"https:\/\/lospoliticosveracruz.com\/index.php?rest_route=\/wp\/v2\/media\/119817"}],"wp:attachment":[{"href":"https:\/\/lospoliticosveracruz.com\/index.php?rest_route=%2Fwp%2Fv2%2Fmedia&parent=124833"}],"wp:term":[{"taxonomy":"category","embeddable":true,"href":"https:\/\/lospoliticosveracruz.com\/index.php?rest_route=%2Fwp%2Fv2%2Fcategories&post=124833"},{"taxonomy":"post_tag","embeddable":true,"href":"https:\/\/lospoliticosveracruz.com\/index.php?rest_route=%2Fwp%2Fv2%2Ftags&post=124833"}],"curies":[{"name":"wp","href":"https:\/\/api.w.org\/{rel}","templated":true}]}}