{"id":125045,"date":"2024-05-24T18:37:00","date_gmt":"2024-05-24T23:37:00","guid":{"rendered":"https:\/\/lospoliticosveracruz.com.mx\/?p=125045"},"modified":"2024-05-24T18:37:25","modified_gmt":"2024-05-24T23:37:25","slug":"sergio-gana-el-debate","status":"publish","type":"post","link":"https:\/\/lospoliticosveracruz.com\/?p=125045","title":{"rendered":"SERGIO GANA EL DEBATE!"},"content":{"rendered":"\n<p><br><strong>Xalapa<\/strong><br>Sergio Hern\u00e1ndez, candidato de la coalici\u00f3n Fuerza y Coraz\u00f3n por Veracruz, se impuso claramente en el debate del distrito 10 al presentar propuestas contundentes y enfocadas en las necesidades m\u00e1s urgentes para las familias xalape\u00f1as, como son la falta de agua y la inseguridad.<\/p>\n\n\n\n<p>En su presentaci\u00f3n, el candidato del PAN, PRI, PRD, reconoci\u00f3 los problemas que se viven a diario y culp\u00f3 a Morena de no dar resultados. \u00abComparto tu preocupaci\u00f3n por los problemas que enfrentamos a diario: la falta de agua, la inseguridad, el dinero que alcanza para menos, el tr\u00e1fico y la falta de oportunidades. Todo esto es consecuencia de la incapacidad de Morena para gobernar y legislar,\u00bb afirm\u00f3.<\/p>\n\n\n\n<p>Los temas del debate se enfocaron en el desarrollo social, atenci\u00f3n a grupos vulnerables y el acceso a servicios b\u00e1sicos. Para lo cual el candidato de \u201cFuerza y Coraz\u00f3n por Veracruz\u201d propuso impulsar la colaboraci\u00f3n entre autoridades para trabajar en la modernizaci\u00f3n de la infraestructura h\u00eddrica que permita asegurar el suministro constante de agua potable, as\u00ed como proyectos de captaci\u00f3n de agua de lluvia. Adem\u00e1s, prometi\u00f3 recuperar y mejorar el programa de Casas de Enlace, promoviendo la capacitaci\u00f3n y el empleo, especialmente para mujeres y j\u00f3venes. Estas acciones, seg\u00fan Sergio Hern\u00e1ndez, son esenciales para mejorar la calidad de vida y asegurar un mejor desarrollo social para Xalapa.<\/p>\n\n\n\n<p>Sobre la ausencia del candidato de Morena, Sergio Hern\u00e1ndez, coment\u00f3: \u00abDesde 2015 han ganado todas las elecciones, pero han traicionado la confianza de la gente al no dar resultados. Por eso entiendo la ausencia de su candidato en este debate; no tienen cara para ver a la ciudadan\u00eda. Deber\u00edan pedir perd\u00f3n en lugar de pedir el voto,\u00bb subrayando la falta de responsabilidad y compromiso de sus oponentes.<\/p>\n\n\n\n<p>Sergio Hern\u00e1ndez cerr\u00f3 su intervenci\u00f3n lanzando un llamado: \u00abXalapa tiene dos opciones: continuar con la corrupci\u00f3n, la incompetencia y el abandono, o elegir la opci\u00f3n que yo te ofrezco, un diputado de verdad que trabaje incansablemente en mejorar tu seguridad, tu salud, tu econom\u00eda y la educaci\u00f3n que reciben tus hijos. Este domingo 2 de junio te pido que votes por un cambio para mejorar.\u00bb<\/p>\n","protected":false},"excerpt":{"rendered":"<p>XalapaSergio Hern\u00e1ndez, candidato de la coalici\u00f3n Fuerza y Coraz\u00f3n por Veracruz, se impuso claramente en el debate del distrito 10 al presentar propuestas contundentes y enfocadas en las necesidades m\u00e1s urgentes para las familias xalape\u00f1as, como son la falta de agua y la inseguridad. En su presentaci\u00f3n, el candidato del PAN, PRI, PRD, reconoci\u00f3 los [&hellip;]<\/p>\n","protected":false},"author":2,"featured_media":0,"comment_status":"closed","ping_status":"closed","sticky":false,"template":"","format":"standard","meta":{"tdm_status":"","tdm_grid_status":"","footnotes":""},"categories":[73],"tags":[6142],"class_list":{"0":"post-125045","1":"post","2":"type-post","3":"status-publish","4":"format-standard","6":"category-de-boleto","7":"tag-sergio-hernandez"},"yoast_head":"<!-- This site is optimized with the Yoast SEO plugin v27.4 - https:\/\/yoast.com\/product\/yoast-seo-wordpress\/ -->\n<title>SERGIO GANA EL DEBATE! - Los pol\u00edticos Veracruz<\/title>\n<meta name=\"robots\" content=\"index, follow, max-snippet:-1, max-image-preview:large, max-video-preview:-1\" \/>\n<link rel=\"canonical\" href=\"https:\/\/lospoliticosveracruz.com\/?p=125045\" \/>\n<meta property=\"og:locale\" content=\"es_ES\" \/>\n<meta property=\"og:type\" content=\"article\" \/>\n<meta property=\"og:title\" content=\"SERGIO GANA EL DEBATE! - Los pol\u00edticos Veracruz\" \/>\n<meta property=\"og:description\" content=\"XalapaSergio Hern\u00e1ndez, candidato de la coalici\u00f3n Fuerza y Coraz\u00f3n por Veracruz, se impuso claramente en el debate del distrito 10 al presentar propuestas contundentes y enfocadas en las necesidades m\u00e1s urgentes para las familias xalape\u00f1as, como son la falta de agua y la inseguridad. En su presentaci\u00f3n, el candidato del PAN, PRI, PRD, reconoci\u00f3 los [&hellip;]\" \/>\n<meta property=\"og:url\" content=\"https:\/\/lospoliticosveracruz.com\/?p=125045\" \/>\n<meta property=\"og:site_name\" content=\"Los pol\u00edticos Veracruz\" \/>\n<meta property=\"article:publisher\" content=\"https:\/\/www.facebook.com\/people\/Notimemes-de-los-Polticos\/61565672886568\/\" \/>\n<meta property=\"article:published_time\" content=\"2024-05-24T23:37:00+00:00\" \/>\n<meta property=\"article:modified_time\" content=\"2024-05-24T23:37:25+00:00\" \/>\n<meta property=\"og:image\" content=\"https:\/\/lospoliticosveracruz.com\/wp-content\/uploads\/2016\/07\/Logo-Dor.jpg\" \/>\n\t<meta property=\"og:image:width\" content=\"200\" \/>\n\t<meta property=\"og:image:height\" content=\"200\" \/>\n\t<meta property=\"og:image:type\" content=\"image\/jpeg\" \/>\n<meta name=\"author\" content=\"Lo viste en Los Pol\u00edticos\" \/>\n<meta name=\"twitter:card\" content=\"summary_large_image\" \/>\n<meta name=\"twitter:creator\" content=\"@LosPoliticosVer\" \/>\n<meta name=\"twitter:site\" content=\"@LosPoliticosVer\" \/>\n<meta name=\"twitter:label1\" content=\"Escrito por\" \/>\n\t<meta name=\"twitter:data1\" content=\"Lo viste en Los Pol\u00edticos\" \/>\n\t<meta name=\"twitter:label2\" content=\"Tiempo de lectura\" \/>\n\t<meta name=\"twitter:data2\" content=\"2 minutos\" \/>\n<script type=\"application\/ld+json\" class=\"yoast-schema-graph\">{\"@context\":\"https:\\\/\\\/schema.org\",\"@graph\":[{\"@type\":\"Article\",\"@id\":\"https:\\\/\\\/lospoliticosveracruz.com\\\/?p=125045#article\",\"isPartOf\":{\"@id\":\"https:\\\/\\\/lospoliticosveracruz.com\\\/?p=125045\"},\"author\":{\"name\":\"Lo viste en Los Pol\u00edticos\",\"@id\":\"https:\\\/\\\/lospoliticosveracruz.com\\\/#\\\/schema\\\/person\\\/b8702bb0e538456e6efd07080bf2a4a2\"},\"headline\":\"SERGIO GANA EL DEBATE!\",\"datePublished\":\"2024-05-24T23:37:00+00:00\",\"dateModified\":\"2024-05-24T23:37:25+00:00\",\"mainEntityOfPage\":{\"@id\":\"https:\\\/\\\/lospoliticosveracruz.com\\\/?p=125045\"},\"wordCount\":383,\"publisher\":{\"@id\":\"https:\\\/\\\/lospoliticosveracruz.com\\\/#organization\"},\"keywords\":[\"Sergio Hern\u00e1ndez\"],\"articleSection\":[\"De Boleto\"],\"inLanguage\":\"es\"},{\"@type\":\"WebPage\",\"@id\":\"https:\\\/\\\/lospoliticosveracruz.com\\\/?p=125045\",\"url\":\"https:\\\/\\\/lospoliticosveracruz.com\\\/?p=125045\",\"name\":\"SERGIO GANA EL DEBATE! - Los pol\u00edticos Veracruz\",\"isPartOf\":{\"@id\":\"https:\\\/\\\/lospoliticosveracruz.com\\\/#website\"},\"datePublished\":\"2024-05-24T23:37:00+00:00\",\"dateModified\":\"2024-05-24T23:37:25+00:00\",\"breadcrumb\":{\"@id\":\"https:\\\/\\\/lospoliticosveracruz.com\\\/?p=125045#breadcrumb\"},\"inLanguage\":\"es\",\"potentialAction\":[{\"@type\":\"ReadAction\",\"target\":[\"https:\\\/\\\/lospoliticosveracruz.com\\\/?p=125045\"]}]},{\"@type\":\"BreadcrumbList\",\"@id\":\"https:\\\/\\\/lospoliticosveracruz.com\\\/?p=125045#breadcrumb\",\"itemListElement\":[{\"@type\":\"ListItem\",\"position\":1,\"name\":\"Portada\",\"item\":\"https:\\\/\\\/lospoliticosveracruz.com\\\/\"},{\"@type\":\"ListItem\",\"position\":2,\"name\":\"SERGIO GANA EL DEBATE!\"}]},{\"@type\":\"WebSite\",\"@id\":\"https:\\\/\\\/lospoliticosveracruz.com\\\/#website\",\"url\":\"https:\\\/\\\/lospoliticosveracruz.com\\\/\",\"name\":\"Los pol\u00edticos Veracruz\",\"description\":\"\",\"publisher\":{\"@id\":\"https:\\\/\\\/lospoliticosveracruz.com\\\/#organization\"},\"potentialAction\":[{\"@type\":\"SearchAction\",\"target\":{\"@type\":\"EntryPoint\",\"urlTemplate\":\"https:\\\/\\\/lospoliticosveracruz.com\\\/?s={search_term_string}\"},\"query-input\":{\"@type\":\"PropertyValueSpecification\",\"valueRequired\":true,\"valueName\":\"search_term_string\"}}],\"inLanguage\":\"es\"},{\"@type\":\"Organization\",\"@id\":\"https:\\\/\\\/lospoliticosveracruz.com\\\/#organization\",\"name\":\"Los pol\u00edticos Veracruz\",\"url\":\"https:\\\/\\\/lospoliticosveracruz.com\\\/\",\"logo\":{\"@type\":\"ImageObject\",\"inLanguage\":\"es\",\"@id\":\"https:\\\/\\\/lospoliticosveracruz.com\\\/#\\\/schema\\\/logo\\\/image\\\/\",\"url\":\"https:\\\/\\\/lospoliticosveracruz.com\\\/wp-content\\\/uploads\\\/2025\\\/12\\\/Logo-Nuevo-LOS-POLITICOS-1.jpg\",\"contentUrl\":\"https:\\\/\\\/lospoliticosveracruz.com\\\/wp-content\\\/uploads\\\/2025\\\/12\\\/Logo-Nuevo-LOS-POLITICOS-1.jpg\",\"width\":260,\"height\":70,\"caption\":\"Los pol\u00edticos Veracruz\"},\"image\":{\"@id\":\"https:\\\/\\\/lospoliticosveracruz.com\\\/#\\\/schema\\\/logo\\\/image\\\/\"},\"sameAs\":[\"https:\\\/\\\/www.facebook.com\\\/people\\\/Notimemes-de-los-Polticos\\\/61565672886568\\\/\",\"https:\\\/\\\/x.com\\\/LosPoliticosVer\"]},{\"@type\":\"Person\",\"@id\":\"https:\\\/\\\/lospoliticosveracruz.com\\\/#\\\/schema\\\/person\\\/b8702bb0e538456e6efd07080bf2a4a2\",\"name\":\"Lo viste en Los Pol\u00edticos\",\"image\":{\"@type\":\"ImageObject\",\"inLanguage\":\"es\",\"@id\":\"https:\\\/\\\/secure.gravatar.com\\\/avatar\\\/3a8de04a2656d44082be478bd6c086daa447c4651605818287b9532d3d0bd435?s=96&d=mm&r=g\",\"url\":\"https:\\\/\\\/secure.gravatar.com\\\/avatar\\\/3a8de04a2656d44082be478bd6c086daa447c4651605818287b9532d3d0bd435?s=96&d=mm&r=g\",\"contentUrl\":\"https:\\\/\\\/secure.gravatar.com\\\/avatar\\\/3a8de04a2656d44082be478bd6c086daa447c4651605818287b9532d3d0bd435?s=96&d=mm&r=g\",\"caption\":\"Lo viste en Los Pol\u00edticos\"},\"url\":\"https:\\\/\\\/lospoliticosveracruz.com\\\/?author=2\"}]}<\/script>\n<!-- \/ Yoast SEO plugin. -->","yoast_head_json":{"title":"SERGIO GANA EL DEBATE! - Los pol\u00edticos Veracruz","robots":{"index":"index","follow":"follow","max-snippet":"max-snippet:-1","max-image-preview":"max-image-preview:large","max-video-preview":"max-video-preview:-1"},"canonical":"https:\/\/lospoliticosveracruz.com\/?p=125045","og_locale":"es_ES","og_type":"article","og_title":"SERGIO GANA EL DEBATE! - Los pol\u00edticos Veracruz","og_description":"XalapaSergio Hern\u00e1ndez, candidato de la coalici\u00f3n Fuerza y Coraz\u00f3n por Veracruz, se impuso claramente en el debate del distrito 10 al presentar propuestas contundentes y enfocadas en las necesidades m\u00e1s urgentes para las familias xalape\u00f1as, como son la falta de agua y la inseguridad. En su presentaci\u00f3n, el candidato del PAN, PRI, PRD, reconoci\u00f3 los [&hellip;]","og_url":"https:\/\/lospoliticosveracruz.com\/?p=125045","og_site_name":"Los pol\u00edticos Veracruz","article_publisher":"https:\/\/www.facebook.com\/people\/Notimemes-de-los-Polticos\/61565672886568\/","article_published_time":"2024-05-24T23:37:00+00:00","article_modified_time":"2024-05-24T23:37:25+00:00","og_image":[{"width":200,"height":200,"url":"https:\/\/lospoliticosveracruz.com\/wp-content\/uploads\/2016\/07\/Logo-Dor.jpg","type":"image\/jpeg"}],"author":"Lo viste en Los Pol\u00edticos","twitter_card":"summary_large_image","twitter_creator":"@LosPoliticosVer","twitter_site":"@LosPoliticosVer","twitter_misc":{"Escrito por":"Lo viste en Los Pol\u00edticos","Tiempo de lectura":"2 minutos"},"schema":{"@context":"https:\/\/schema.org","@graph":[{"@type":"Article","@id":"https:\/\/lospoliticosveracruz.com\/?p=125045#article","isPartOf":{"@id":"https:\/\/lospoliticosveracruz.com\/?p=125045"},"author":{"name":"Lo viste en Los Pol\u00edticos","@id":"https:\/\/lospoliticosveracruz.com\/#\/schema\/person\/b8702bb0e538456e6efd07080bf2a4a2"},"headline":"SERGIO GANA EL DEBATE!","datePublished":"2024-05-24T23:37:00+00:00","dateModified":"2024-05-24T23:37:25+00:00","mainEntityOfPage":{"@id":"https:\/\/lospoliticosveracruz.com\/?p=125045"},"wordCount":383,"publisher":{"@id":"https:\/\/lospoliticosveracruz.com\/#organization"},"keywords":["Sergio Hern\u00e1ndez"],"articleSection":["De Boleto"],"inLanguage":"es"},{"@type":"WebPage","@id":"https:\/\/lospoliticosveracruz.com\/?p=125045","url":"https:\/\/lospoliticosveracruz.com\/?p=125045","name":"SERGIO GANA EL DEBATE! - Los pol\u00edticos Veracruz","isPartOf":{"@id":"https:\/\/lospoliticosveracruz.com\/#website"},"datePublished":"2024-05-24T23:37:00+00:00","dateModified":"2024-05-24T23:37:25+00:00","breadcrumb":{"@id":"https:\/\/lospoliticosveracruz.com\/?p=125045#breadcrumb"},"inLanguage":"es","potentialAction":[{"@type":"ReadAction","target":["https:\/\/lospoliticosveracruz.com\/?p=125045"]}]},{"@type":"BreadcrumbList","@id":"https:\/\/lospoliticosveracruz.com\/?p=125045#breadcrumb","itemListElement":[{"@type":"ListItem","position":1,"name":"Portada","item":"https:\/\/lospoliticosveracruz.com\/"},{"@type":"ListItem","position":2,"name":"SERGIO GANA EL DEBATE!"}]},{"@type":"WebSite","@id":"https:\/\/lospoliticosveracruz.com\/#website","url":"https:\/\/lospoliticosveracruz.com\/","name":"Los pol\u00edticos Veracruz","description":"","publisher":{"@id":"https:\/\/lospoliticosveracruz.com\/#organization"},"potentialAction":[{"@type":"SearchAction","target":{"@type":"EntryPoint","urlTemplate":"https:\/\/lospoliticosveracruz.com\/?s={search_term_string}"},"query-input":{"@type":"PropertyValueSpecification","valueRequired":true,"valueName":"search_term_string"}}],"inLanguage":"es"},{"@type":"Organization","@id":"https:\/\/lospoliticosveracruz.com\/#organization","name":"Los pol\u00edticos Veracruz","url":"https:\/\/lospoliticosveracruz.com\/","logo":{"@type":"ImageObject","inLanguage":"es","@id":"https:\/\/lospoliticosveracruz.com\/#\/schema\/logo\/image\/","url":"https:\/\/lospoliticosveracruz.com\/wp-content\/uploads\/2025\/12\/Logo-Nuevo-LOS-POLITICOS-1.jpg","contentUrl":"https:\/\/lospoliticosveracruz.com\/wp-content\/uploads\/2025\/12\/Logo-Nuevo-LOS-POLITICOS-1.jpg","width":260,"height":70,"caption":"Los pol\u00edticos Veracruz"},"image":{"@id":"https:\/\/lospoliticosveracruz.com\/#\/schema\/logo\/image\/"},"sameAs":["https:\/\/www.facebook.com\/people\/Notimemes-de-los-Polticos\/61565672886568\/","https:\/\/x.com\/LosPoliticosVer"]},{"@type":"Person","@id":"https:\/\/lospoliticosveracruz.com\/#\/schema\/person\/b8702bb0e538456e6efd07080bf2a4a2","name":"Lo viste en Los Pol\u00edticos","image":{"@type":"ImageObject","inLanguage":"es","@id":"https:\/\/secure.gravatar.com\/avatar\/3a8de04a2656d44082be478bd6c086daa447c4651605818287b9532d3d0bd435?s=96&d=mm&r=g","url":"https:\/\/secure.gravatar.com\/avatar\/3a8de04a2656d44082be478bd6c086daa447c4651605818287b9532d3d0bd435?s=96&d=mm&r=g","contentUrl":"https:\/\/secure.gravatar.com\/avatar\/3a8de04a2656d44082be478bd6c086daa447c4651605818287b9532d3d0bd435?s=96&d=mm&r=g","caption":"Lo viste en Los Pol\u00edticos"},"url":"https:\/\/lospoliticosveracruz.com\/?author=2"}]}},"_links":{"self":[{"href":"https:\/\/lospoliticosveracruz.com\/index.php?rest_route=\/wp\/v2\/posts\/125045","targetHints":{"allow":["GET"]}}],"collection":[{"href":"https:\/\/lospoliticosveracruz.com\/index.php?rest_route=\/wp\/v2\/posts"}],"about":[{"href":"https:\/\/lospoliticosveracruz.com\/index.php?rest_route=\/wp\/v2\/types\/post"}],"author":[{"embeddable":true,"href":"https:\/\/lospoliticosveracruz.com\/index.php?rest_route=\/wp\/v2\/users\/2"}],"replies":[{"embeddable":true,"href":"https:\/\/lospoliticosveracruz.com\/index.php?rest_route=%2Fwp%2Fv2%2Fcomments&post=125045"}],"version-history":[{"count":1,"href":"https:\/\/lospoliticosveracruz.com\/index.php?rest_route=\/wp\/v2\/posts\/125045\/revisions"}],"predecessor-version":[{"id":125047,"href":"https:\/\/lospoliticosveracruz.com\/index.php?rest_route=\/wp\/v2\/posts\/125045\/revisions\/125047"}],"wp:attachment":[{"href":"https:\/\/lospoliticosveracruz.com\/index.php?rest_route=%2Fwp%2Fv2%2Fmedia&parent=125045"}],"wp:term":[{"taxonomy":"category","embeddable":true,"href":"https:\/\/lospoliticosveracruz.com\/index.php?rest_route=%2Fwp%2Fv2%2Fcategories&post=125045"},{"taxonomy":"post_tag","embeddable":true,"href":"https:\/\/lospoliticosveracruz.com\/index.php?rest_route=%2Fwp%2Fv2%2Ftags&post=125045"}],"curies":[{"name":"wp","href":"https:\/\/api.w.org\/{rel}","templated":true}]}}