{"id":125048,"date":"2024-05-24T19:33:33","date_gmt":"2024-05-25T00:33:33","guid":{"rendered":"https:\/\/lospoliticosveracruz.com.mx\/?p=125048"},"modified":"2024-05-24T19:33:44","modified_gmt":"2024-05-25T00:33:44","slug":"eleccion-calurosa","status":"publish","type":"post","link":"https:\/\/lospoliticosveracruz.com\/?p=125048","title":{"rendered":"ELECCI\u00d3N CALUROSA"},"content":{"rendered":"\n<p><strong>Miguel \u00c1ngel G\u00f3mez Ruiz<\/strong><\/p>\n\n\n\n<p><em>Contrapunto<\/em><\/p>\n\n\n\n<p>\u00a0Estamos a nueve d\u00edas de la elecci\u00f3n y para algunos es la elecci\u00f3n del continuismo, pues hay quien sigue rasg\u00e1ndose las vestiduras por este gobierno y una esperanza basada \u2013supuestamente- en darle a la poblaci\u00f3n (al pueblo) un mejor nivel de vida que no ha sido posible. Otros tienen sembrada su esperanza en un M\u00e9xico m\u00e1s din\u00e1mico, con oportunidades de empleo y con un crecimiento sostenido que nos lleve al bienestar, basado en mejores oportunidades de estudio y obvio, lograr un mejor nivel de vida.<\/p>\n\n\n<div class=\"wp-block-image\">\n<figure class=\"alignleft size-thumbnail\"><a href=\"https:\/\/lospoliticosveracruz.com.mx\/wp-content\/uploads\/2023\/02\/Vinissimo.jpg\"><img decoding=\"async\" src=\"https:\/\/lospoliticosveracruz.com.mx\/wp-content\/uploads\/2023\/02\/Vinissimo-150x150.jpg\" alt=\"\" class=\"wp-image-102752\"\/><\/a><\/figure>\n<\/div>\n\n\n<p>Ya los dados est\u00e1n lanzados, ya se ver\u00e1 si los mexicanos quieren seguir expectantes si habr\u00e1 m\u00e1s recursos otorgados por el gobierno, si contin\u00faa ese discurso de vivir modestamente y los resultados de un gobierno que no fue capaz de brindar seguridad, buena atenci\u00f3n m\u00e9dica y una mejor oportunidad de tener un mejor nivel de vida.<\/p>\n\n\n\n<p>En cambio, la adversaria y para unos, favorita, X\u00f3chitl G\u00e1lvez, ofrece m\u00e1s seguridad, un combate franco contra la delincuencia, mejores programas sociales y mejores oportunidades de empleo para lograr no s\u00f3lo estabilidad econ\u00f3mica, sino un crecimiento sostenido que repercutir\u00e1 no s\u00f3lo en mejores salarios, sino en la oportunidad de adquirir una vivienda.<\/p>\n\n\n\n<p>Son dos propuestas distintas, una para lograr que la sociedad se quede donde est\u00e1, sin muchas oportunidades y otra de obtener mejores logros.<\/p>\n\n\n\n<p>Quiz\u00e1 un ejemplo muy claro de que la izquierda que se pretende imponer en M\u00e9xico es desigual, pues mientras hay un presidente, su familia, gobernadores y representantes populares que han logrado un crecimiento inusitado en sus cuentas bancarias, existe una poblaci\u00f3n muy pobre a la que apenas le alcanza para comprar una parte de su despensa y mal comer. Hoy vemos a diputadas e integrantes de Morena comprar en tiendas de lujo, con su familia y guardaespaldas y por otro lado, mucha gente que tiene que sortear el peligro y precios altos, sin control, para comprar lo que se puede.<\/p>\n\n\n\n<p>Yo creo que ese no es el M\u00e9xico que queremos. La izquierda, comenzando por el presidente, jam\u00e1s logr\u00f3 probar que hab\u00eda corrupci\u00f3n en el aeropuerto de Texcoco y los fideicomisos, con todo y su esc\u00e1ndalo de que llevar\u00eda a la c\u00e1rcel a los corruptos, siendo que entre los inversores de ese aeropuerto se encontraba Carlos Slim, uno de los m\u00e1s beneficiados con ello.<\/p>\n\n\n\n<p>En cambio, tuvimos a un m\u00e9dico al que muchos le cargan miles de muertos a causa del Covid-19, un Tren Maya cuya construcci\u00f3n destruy\u00f3 verdaderas joyas y provoc\u00f3 tambi\u00e9n la tala de decenas de miles de \u00e1rboles cuya venta de madera, seguramente, les trajo un beneficio absoluto.<\/p>\n\n\n\n<p>Tuvimos a Segalmex, cuyo fraude, seg\u00fan extrabajadores, ascendi\u00f3 a los 12 mil millones de pesos y all\u00ed, el presidente L\u00f3pez guard\u00f3 silencio, pues el afectado era su querido Echeverrista, Ignacio Ovalle, quien estuvo en el PRI con \u00e9l.<\/p>\n\n\n\n<p>Tambi\u00e9n tuvimos un mal servicio m\u00e9dico, con j\u00f3venes madres atendidas a la entrada de hospitales y que no recibieron buen trato. O pacientes con Covid-19 que eran hacinados en un cuarto o simplemente, con personas desesperadas exigiendo una medicina que, en estos seis a\u00f1os, nunca tuvieron. Lo m\u00e1s grave es que en la caricatura de pa\u00eds que so\u00f1aron los izquierdistas, se aseguraba que todo exist\u00eda. Quiz\u00e1 por ello y en tiempos electorales se cre\u00f3 la S\u00faper farmacia qu\u00e9, a la fecha, desde su creaci\u00f3n no ha surtido ni el 10 por ciento de los medicamentos requeridos. M\u00e1s grave fue la denuncia de que los medicamentos que ofrece ese bodrio fueron extra\u00eddos del IMSS, ISSSTE o de los hospitales generales.<\/p>\n\n\n\n<p>No me figuro un M\u00e9xico de izquierda, siendo que nuestro principal vecino, quiz\u00e1 el pa\u00eds m\u00e1s poderoso del mundo, Estados Unidos, es nuestro principal socio comercial y que ha exigido un freno a la producci\u00f3n de fentanilo a fin de que sus ciudadanos no lo consuman. Es cierto, M\u00e9xico es l\u00edder mundial en la producci\u00f3n de fentanilo.<\/p>\n\n\n\n<p>As\u00ed es, viene una elecci\u00f3n muy complicada, no s\u00f3lo en lo federal, sino en nueve estados en donde habr\u00e1 renovaci\u00f3n de gubernaturas y congresos locales. Los ciudadanos tienen ante s\u00ed, la gran oportunidad de lograr una mejora para el pa\u00eds y eso no ocurrir\u00e1, lo digo en serio, si permiten que Morena siga ganando espacios. Ya vimos las tragedias y la ineptitud de gobernadores morenistas en Michoac\u00e1n, Colima, Guerrero, Baja California Norte, Sonora, Ciudad de M\u00e9xico, Tamaulipas, Veracruz, Tabasco y Chiapas. Por amor de Dios, esperamos que despierten de ese letargo, si no, no quiero imaginar en qu\u00e9 se convertir\u00e1 el pa\u00eds con estos ineptos en sus cargos, incluido el gobierno federal en manos de Claudia Sheinbaum.<\/p>\n\n\n\n<p>Por lo menos, algunos analistas creen que en los estados habr\u00e1 buenos resultados para la oposici\u00f3n, sobre todo en Yucat\u00e1n, Guanajuato, Ciudad de M\u00e9xico, Morelos y quiz\u00e1 en Puebla y Veracruz, pero se requiere un pa\u00eds, por lo menos, con pluralidad y no con mayor\u00edas en los Congresos de morenistas, sobre todo para que no se aprueben leyes est\u00fapidas que perjudiquen a la poblaci\u00f3n, como el caso de las Afores.<\/p>\n\n\n\n<p>PD El estado de Veracruz est\u00e1 muy polarizado. Pese a los signos de corrupci\u00f3n que ha mostrado Roc\u00edo Nahle con la compra de casas y departamentos tras su paso en Dos Bocas, a\u00fan hay gente que votar\u00eda por ella pese a que la rodea una asquerosa corrupci\u00f3n. En cambio, Jos\u00e9 Yunes Zorrilla, auspiciado por el PAN, PRI y PRD ha crecido mucho y se espera que tenga tan buen resultado y que al final, gane la elecci\u00f3n. \u00c9l es veracruzano y eso da confianza al ciudadano. Malo que ya est\u00e1n inmiscuidos el gobernador y sus amigos, que tratar\u00e1n por todos los medios, de que gane la zacatecana en un territorio en el que no naci\u00f3.<\/p>\n","protected":false},"excerpt":{"rendered":"<p>Miguel \u00c1ngel G\u00f3mez Ruiz Contrapunto \u00a0Estamos a nueve d\u00edas de la elecci\u00f3n y para algunos es la elecci\u00f3n del continuismo, pues hay quien sigue rasg\u00e1ndose las vestiduras por este gobierno y una esperanza basada \u2013supuestamente- en darle a la poblaci\u00f3n (al pueblo) un mejor nivel de vida que no ha sido posible. Otros tienen sembrada [&hellip;]<\/p>\n","protected":false},"author":2,"featured_media":0,"comment_status":"closed","ping_status":"closed","sticky":false,"template":"","format":"standard","meta":{"tdm_status":"","tdm_grid_status":"","footnotes":""},"categories":[70],"tags":[17531],"class_list":{"0":"post-125048","1":"post","2":"type-post","3":"status-publish","4":"format-standard","6":"category-de-opinion","7":"tag-xochitl-galvez"},"yoast_head":"<!-- This site is optimized with the Yoast SEO plugin v27.4 - https:\/\/yoast.com\/product\/yoast-seo-wordpress\/ -->\n<title>ELECCI\u00d3N CALUROSA - Los pol\u00edticos Veracruz<\/title>\n<meta name=\"robots\" content=\"index, follow, max-snippet:-1, max-image-preview:large, max-video-preview:-1\" \/>\n<link rel=\"canonical\" href=\"https:\/\/lospoliticosveracruz.com\/?p=125048\" \/>\n<meta property=\"og:locale\" content=\"es_ES\" \/>\n<meta property=\"og:type\" content=\"article\" \/>\n<meta property=\"og:title\" content=\"ELECCI\u00d3N CALUROSA - Los pol\u00edticos Veracruz\" \/>\n<meta property=\"og:description\" content=\"Miguel \u00c1ngel G\u00f3mez Ruiz Contrapunto \u00a0Estamos a nueve d\u00edas de la elecci\u00f3n y para algunos es la elecci\u00f3n del continuismo, pues hay quien sigue rasg\u00e1ndose las vestiduras por este gobierno y una esperanza basada \u2013supuestamente- en darle a la poblaci\u00f3n (al pueblo) un mejor nivel de vida que no ha sido posible. Otros tienen sembrada [&hellip;]\" \/>\n<meta property=\"og:url\" content=\"https:\/\/lospoliticosveracruz.com\/?p=125048\" \/>\n<meta property=\"og:site_name\" content=\"Los pol\u00edticos Veracruz\" \/>\n<meta property=\"article:publisher\" content=\"https:\/\/www.facebook.com\/people\/Notimemes-de-los-Polticos\/61565672886568\/\" \/>\n<meta property=\"article:published_time\" content=\"2024-05-25T00:33:33+00:00\" \/>\n<meta property=\"article:modified_time\" content=\"2024-05-25T00:33:44+00:00\" \/>\n<meta property=\"og:image\" content=\"https:\/\/lospoliticosveracruz.com.mx\/wp-content\/uploads\/2023\/02\/Vinissimo-150x150.jpg\" \/>\n<meta name=\"author\" content=\"Lo viste en Los Pol\u00edticos\" \/>\n<meta name=\"twitter:card\" content=\"summary_large_image\" \/>\n<meta name=\"twitter:creator\" content=\"@LosPoliticosVer\" \/>\n<meta name=\"twitter:site\" content=\"@LosPoliticosVer\" \/>\n<meta name=\"twitter:label1\" content=\"Escrito por\" \/>\n\t<meta name=\"twitter:data1\" content=\"Lo viste en Los Pol\u00edticos\" \/>\n\t<meta name=\"twitter:label2\" content=\"Tiempo de lectura\" \/>\n\t<meta name=\"twitter:data2\" content=\"5 minutos\" \/>\n<script type=\"application\/ld+json\" class=\"yoast-schema-graph\">{\"@context\":\"https:\\\/\\\/schema.org\",\"@graph\":[{\"@type\":\"Article\",\"@id\":\"https:\\\/\\\/lospoliticosveracruz.com\\\/?p=125048#article\",\"isPartOf\":{\"@id\":\"https:\\\/\\\/lospoliticosveracruz.com\\\/?p=125048\"},\"author\":{\"name\":\"Lo viste en Los Pol\u00edticos\",\"@id\":\"https:\\\/\\\/lospoliticosveracruz.com\\\/#\\\/schema\\\/person\\\/b8702bb0e538456e6efd07080bf2a4a2\"},\"headline\":\"ELECCI\u00d3N CALUROSA\",\"datePublished\":\"2024-05-25T00:33:33+00:00\",\"dateModified\":\"2024-05-25T00:33:44+00:00\",\"mainEntityOfPage\":{\"@id\":\"https:\\\/\\\/lospoliticosveracruz.com\\\/?p=125048\"},\"wordCount\":1024,\"publisher\":{\"@id\":\"https:\\\/\\\/lospoliticosveracruz.com\\\/#organization\"},\"image\":{\"@id\":\"https:\\\/\\\/lospoliticosveracruz.com\\\/?p=125048#primaryimage\"},\"thumbnailUrl\":\"https:\\\/\\\/lospoliticosveracruz.com.mx\\\/wp-content\\\/uploads\\\/2023\\\/02\\\/Vinissimo-150x150.jpg\",\"keywords\":[\"X\u00f3chitl G\u00e1lvez\"],\"articleSection\":[\"De Opini\u00f3n\"],\"inLanguage\":\"es\"},{\"@type\":\"WebPage\",\"@id\":\"https:\\\/\\\/lospoliticosveracruz.com\\\/?p=125048\",\"url\":\"https:\\\/\\\/lospoliticosveracruz.com\\\/?p=125048\",\"name\":\"ELECCI\u00d3N CALUROSA - Los pol\u00edticos Veracruz\",\"isPartOf\":{\"@id\":\"https:\\\/\\\/lospoliticosveracruz.com\\\/#website\"},\"primaryImageOfPage\":{\"@id\":\"https:\\\/\\\/lospoliticosveracruz.com\\\/?p=125048#primaryimage\"},\"image\":{\"@id\":\"https:\\\/\\\/lospoliticosveracruz.com\\\/?p=125048#primaryimage\"},\"thumbnailUrl\":\"https:\\\/\\\/lospoliticosveracruz.com.mx\\\/wp-content\\\/uploads\\\/2023\\\/02\\\/Vinissimo-150x150.jpg\",\"datePublished\":\"2024-05-25T00:33:33+00:00\",\"dateModified\":\"2024-05-25T00:33:44+00:00\",\"breadcrumb\":{\"@id\":\"https:\\\/\\\/lospoliticosveracruz.com\\\/?p=125048#breadcrumb\"},\"inLanguage\":\"es\",\"potentialAction\":[{\"@type\":\"ReadAction\",\"target\":[\"https:\\\/\\\/lospoliticosveracruz.com\\\/?p=125048\"]}]},{\"@type\":\"ImageObject\",\"inLanguage\":\"es\",\"@id\":\"https:\\\/\\\/lospoliticosveracruz.com\\\/?p=125048#primaryimage\",\"url\":\"https:\\\/\\\/lospoliticosveracruz.com.mx\\\/wp-content\\\/uploads\\\/2023\\\/02\\\/Vinissimo-150x150.jpg\",\"contentUrl\":\"https:\\\/\\\/lospoliticosveracruz.com.mx\\\/wp-content\\\/uploads\\\/2023\\\/02\\\/Vinissimo-150x150.jpg\"},{\"@type\":\"BreadcrumbList\",\"@id\":\"https:\\\/\\\/lospoliticosveracruz.com\\\/?p=125048#breadcrumb\",\"itemListElement\":[{\"@type\":\"ListItem\",\"position\":1,\"name\":\"Portada\",\"item\":\"https:\\\/\\\/lospoliticosveracruz.com\\\/\"},{\"@type\":\"ListItem\",\"position\":2,\"name\":\"ELECCI\u00d3N CALUROSA\"}]},{\"@type\":\"WebSite\",\"@id\":\"https:\\\/\\\/lospoliticosveracruz.com\\\/#website\",\"url\":\"https:\\\/\\\/lospoliticosveracruz.com\\\/\",\"name\":\"Los pol\u00edticos Veracruz\",\"description\":\"\",\"publisher\":{\"@id\":\"https:\\\/\\\/lospoliticosveracruz.com\\\/#organization\"},\"potentialAction\":[{\"@type\":\"SearchAction\",\"target\":{\"@type\":\"EntryPoint\",\"urlTemplate\":\"https:\\\/\\\/lospoliticosveracruz.com\\\/?s={search_term_string}\"},\"query-input\":{\"@type\":\"PropertyValueSpecification\",\"valueRequired\":true,\"valueName\":\"search_term_string\"}}],\"inLanguage\":\"es\"},{\"@type\":\"Organization\",\"@id\":\"https:\\\/\\\/lospoliticosveracruz.com\\\/#organization\",\"name\":\"Los pol\u00edticos Veracruz\",\"url\":\"https:\\\/\\\/lospoliticosveracruz.com\\\/\",\"logo\":{\"@type\":\"ImageObject\",\"inLanguage\":\"es\",\"@id\":\"https:\\\/\\\/lospoliticosveracruz.com\\\/#\\\/schema\\\/logo\\\/image\\\/\",\"url\":\"https:\\\/\\\/lospoliticosveracruz.com\\\/wp-content\\\/uploads\\\/2025\\\/12\\\/Logo-Nuevo-LOS-POLITICOS-1.jpg\",\"contentUrl\":\"https:\\\/\\\/lospoliticosveracruz.com\\\/wp-content\\\/uploads\\\/2025\\\/12\\\/Logo-Nuevo-LOS-POLITICOS-1.jpg\",\"width\":260,\"height\":70,\"caption\":\"Los pol\u00edticos Veracruz\"},\"image\":{\"@id\":\"https:\\\/\\\/lospoliticosveracruz.com\\\/#\\\/schema\\\/logo\\\/image\\\/\"},\"sameAs\":[\"https:\\\/\\\/www.facebook.com\\\/people\\\/Notimemes-de-los-Polticos\\\/61565672886568\\\/\",\"https:\\\/\\\/x.com\\\/LosPoliticosVer\"]},{\"@type\":\"Person\",\"@id\":\"https:\\\/\\\/lospoliticosveracruz.com\\\/#\\\/schema\\\/person\\\/b8702bb0e538456e6efd07080bf2a4a2\",\"name\":\"Lo viste en Los Pol\u00edticos\",\"image\":{\"@type\":\"ImageObject\",\"inLanguage\":\"es\",\"@id\":\"https:\\\/\\\/secure.gravatar.com\\\/avatar\\\/3a8de04a2656d44082be478bd6c086daa447c4651605818287b9532d3d0bd435?s=96&d=mm&r=g\",\"url\":\"https:\\\/\\\/secure.gravatar.com\\\/avatar\\\/3a8de04a2656d44082be478bd6c086daa447c4651605818287b9532d3d0bd435?s=96&d=mm&r=g\",\"contentUrl\":\"https:\\\/\\\/secure.gravatar.com\\\/avatar\\\/3a8de04a2656d44082be478bd6c086daa447c4651605818287b9532d3d0bd435?s=96&d=mm&r=g\",\"caption\":\"Lo viste en Los Pol\u00edticos\"},\"url\":\"https:\\\/\\\/lospoliticosveracruz.com\\\/?author=2\"}]}<\/script>\n<!-- \/ Yoast SEO plugin. -->","yoast_head_json":{"title":"ELECCI\u00d3N CALUROSA - Los pol\u00edticos Veracruz","robots":{"index":"index","follow":"follow","max-snippet":"max-snippet:-1","max-image-preview":"max-image-preview:large","max-video-preview":"max-video-preview:-1"},"canonical":"https:\/\/lospoliticosveracruz.com\/?p=125048","og_locale":"es_ES","og_type":"article","og_title":"ELECCI\u00d3N CALUROSA - Los pol\u00edticos Veracruz","og_description":"Miguel \u00c1ngel G\u00f3mez Ruiz Contrapunto \u00a0Estamos a nueve d\u00edas de la elecci\u00f3n y para algunos es la elecci\u00f3n del continuismo, pues hay quien sigue rasg\u00e1ndose las vestiduras por este gobierno y una esperanza basada \u2013supuestamente- en darle a la poblaci\u00f3n (al pueblo) un mejor nivel de vida que no ha sido posible. Otros tienen sembrada [&hellip;]","og_url":"https:\/\/lospoliticosveracruz.com\/?p=125048","og_site_name":"Los pol\u00edticos Veracruz","article_publisher":"https:\/\/www.facebook.com\/people\/Notimemes-de-los-Polticos\/61565672886568\/","article_published_time":"2024-05-25T00:33:33+00:00","article_modified_time":"2024-05-25T00:33:44+00:00","og_image":[{"url":"https:\/\/lospoliticosveracruz.com.mx\/wp-content\/uploads\/2023\/02\/Vinissimo-150x150.jpg","type":"","width":"","height":""}],"author":"Lo viste en Los Pol\u00edticos","twitter_card":"summary_large_image","twitter_creator":"@LosPoliticosVer","twitter_site":"@LosPoliticosVer","twitter_misc":{"Escrito por":"Lo viste en Los Pol\u00edticos","Tiempo de lectura":"5 minutos"},"schema":{"@context":"https:\/\/schema.org","@graph":[{"@type":"Article","@id":"https:\/\/lospoliticosveracruz.com\/?p=125048#article","isPartOf":{"@id":"https:\/\/lospoliticosveracruz.com\/?p=125048"},"author":{"name":"Lo viste en Los Pol\u00edticos","@id":"https:\/\/lospoliticosveracruz.com\/#\/schema\/person\/b8702bb0e538456e6efd07080bf2a4a2"},"headline":"ELECCI\u00d3N CALUROSA","datePublished":"2024-05-25T00:33:33+00:00","dateModified":"2024-05-25T00:33:44+00:00","mainEntityOfPage":{"@id":"https:\/\/lospoliticosveracruz.com\/?p=125048"},"wordCount":1024,"publisher":{"@id":"https:\/\/lospoliticosveracruz.com\/#organization"},"image":{"@id":"https:\/\/lospoliticosveracruz.com\/?p=125048#primaryimage"},"thumbnailUrl":"https:\/\/lospoliticosveracruz.com.mx\/wp-content\/uploads\/2023\/02\/Vinissimo-150x150.jpg","keywords":["X\u00f3chitl G\u00e1lvez"],"articleSection":["De Opini\u00f3n"],"inLanguage":"es"},{"@type":"WebPage","@id":"https:\/\/lospoliticosveracruz.com\/?p=125048","url":"https:\/\/lospoliticosveracruz.com\/?p=125048","name":"ELECCI\u00d3N CALUROSA - Los pol\u00edticos Veracruz","isPartOf":{"@id":"https:\/\/lospoliticosveracruz.com\/#website"},"primaryImageOfPage":{"@id":"https:\/\/lospoliticosveracruz.com\/?p=125048#primaryimage"},"image":{"@id":"https:\/\/lospoliticosveracruz.com\/?p=125048#primaryimage"},"thumbnailUrl":"https:\/\/lospoliticosveracruz.com.mx\/wp-content\/uploads\/2023\/02\/Vinissimo-150x150.jpg","datePublished":"2024-05-25T00:33:33+00:00","dateModified":"2024-05-25T00:33:44+00:00","breadcrumb":{"@id":"https:\/\/lospoliticosveracruz.com\/?p=125048#breadcrumb"},"inLanguage":"es","potentialAction":[{"@type":"ReadAction","target":["https:\/\/lospoliticosveracruz.com\/?p=125048"]}]},{"@type":"ImageObject","inLanguage":"es","@id":"https:\/\/lospoliticosveracruz.com\/?p=125048#primaryimage","url":"https:\/\/lospoliticosveracruz.com.mx\/wp-content\/uploads\/2023\/02\/Vinissimo-150x150.jpg","contentUrl":"https:\/\/lospoliticosveracruz.com.mx\/wp-content\/uploads\/2023\/02\/Vinissimo-150x150.jpg"},{"@type":"BreadcrumbList","@id":"https:\/\/lospoliticosveracruz.com\/?p=125048#breadcrumb","itemListElement":[{"@type":"ListItem","position":1,"name":"Portada","item":"https:\/\/lospoliticosveracruz.com\/"},{"@type":"ListItem","position":2,"name":"ELECCI\u00d3N CALUROSA"}]},{"@type":"WebSite","@id":"https:\/\/lospoliticosveracruz.com\/#website","url":"https:\/\/lospoliticosveracruz.com\/","name":"Los pol\u00edticos Veracruz","description":"","publisher":{"@id":"https:\/\/lospoliticosveracruz.com\/#organization"},"potentialAction":[{"@type":"SearchAction","target":{"@type":"EntryPoint","urlTemplate":"https:\/\/lospoliticosveracruz.com\/?s={search_term_string}"},"query-input":{"@type":"PropertyValueSpecification","valueRequired":true,"valueName":"search_term_string"}}],"inLanguage":"es"},{"@type":"Organization","@id":"https:\/\/lospoliticosveracruz.com\/#organization","name":"Los pol\u00edticos Veracruz","url":"https:\/\/lospoliticosveracruz.com\/","logo":{"@type":"ImageObject","inLanguage":"es","@id":"https:\/\/lospoliticosveracruz.com\/#\/schema\/logo\/image\/","url":"https:\/\/lospoliticosveracruz.com\/wp-content\/uploads\/2025\/12\/Logo-Nuevo-LOS-POLITICOS-1.jpg","contentUrl":"https:\/\/lospoliticosveracruz.com\/wp-content\/uploads\/2025\/12\/Logo-Nuevo-LOS-POLITICOS-1.jpg","width":260,"height":70,"caption":"Los pol\u00edticos Veracruz"},"image":{"@id":"https:\/\/lospoliticosveracruz.com\/#\/schema\/logo\/image\/"},"sameAs":["https:\/\/www.facebook.com\/people\/Notimemes-de-los-Polticos\/61565672886568\/","https:\/\/x.com\/LosPoliticosVer"]},{"@type":"Person","@id":"https:\/\/lospoliticosveracruz.com\/#\/schema\/person\/b8702bb0e538456e6efd07080bf2a4a2","name":"Lo viste en Los Pol\u00edticos","image":{"@type":"ImageObject","inLanguage":"es","@id":"https:\/\/secure.gravatar.com\/avatar\/3a8de04a2656d44082be478bd6c086daa447c4651605818287b9532d3d0bd435?s=96&d=mm&r=g","url":"https:\/\/secure.gravatar.com\/avatar\/3a8de04a2656d44082be478bd6c086daa447c4651605818287b9532d3d0bd435?s=96&d=mm&r=g","contentUrl":"https:\/\/secure.gravatar.com\/avatar\/3a8de04a2656d44082be478bd6c086daa447c4651605818287b9532d3d0bd435?s=96&d=mm&r=g","caption":"Lo viste en Los Pol\u00edticos"},"url":"https:\/\/lospoliticosveracruz.com\/?author=2"}]}},"_links":{"self":[{"href":"https:\/\/lospoliticosveracruz.com\/index.php?rest_route=\/wp\/v2\/posts\/125048","targetHints":{"allow":["GET"]}}],"collection":[{"href":"https:\/\/lospoliticosveracruz.com\/index.php?rest_route=\/wp\/v2\/posts"}],"about":[{"href":"https:\/\/lospoliticosveracruz.com\/index.php?rest_route=\/wp\/v2\/types\/post"}],"author":[{"embeddable":true,"href":"https:\/\/lospoliticosveracruz.com\/index.php?rest_route=\/wp\/v2\/users\/2"}],"replies":[{"embeddable":true,"href":"https:\/\/lospoliticosveracruz.com\/index.php?rest_route=%2Fwp%2Fv2%2Fcomments&post=125048"}],"version-history":[{"count":1,"href":"https:\/\/lospoliticosveracruz.com\/index.php?rest_route=\/wp\/v2\/posts\/125048\/revisions"}],"predecessor-version":[{"id":125049,"href":"https:\/\/lospoliticosveracruz.com\/index.php?rest_route=\/wp\/v2\/posts\/125048\/revisions\/125049"}],"wp:attachment":[{"href":"https:\/\/lospoliticosveracruz.com\/index.php?rest_route=%2Fwp%2Fv2%2Fmedia&parent=125048"}],"wp:term":[{"taxonomy":"category","embeddable":true,"href":"https:\/\/lospoliticosveracruz.com\/index.php?rest_route=%2Fwp%2Fv2%2Fcategories&post=125048"},{"taxonomy":"post_tag","embeddable":true,"href":"https:\/\/lospoliticosveracruz.com\/index.php?rest_route=%2Fwp%2Fv2%2Ftags&post=125048"}],"curies":[{"name":"wp","href":"https:\/\/api.w.org\/{rel}","templated":true}]}}