{"id":125050,"date":"2024-05-24T19:41:15","date_gmt":"2024-05-25T00:41:15","guid":{"rendered":"https:\/\/lospoliticosveracruz.com.mx\/?p=125050"},"modified":"2024-05-24T19:41:30","modified_gmt":"2024-05-25T00:41:30","slug":"aquarium-con-proyeccion-nacional-con-cuentamelo-ya","status":"publish","type":"post","link":"https:\/\/lospoliticosveracruz.com\/?p=125050","title":{"rendered":"AQUARIUM, CON PROYECCI\u00d3N NACIONAL CON \u2018CU\u00c9NTAMELO YA!\u2019"},"content":{"rendered":"\n<p><\/p>\n\n\n\n<p><strong>Veracruz<\/strong><br>El Aquarium del Puerto de Veracruz fue el escenario este viernes para la grabaci\u00f3n en vivo del programa de entretenimiento \u00a1Cu\u00e9ntamelo Ya!, mismo que se transmite a nivel nacional por el canal de Las Estrellas de Televisa.<\/p>\n\n\n\n<p>Las conductoras Carmen Mu\u00f1oz, Roxana Castellanos, Vielka Valenzuela y Ximena C\u00f3rdoba tuvieron la oportunidad de recorrer cada una de las \u00e1reas con las que cuenta el reci\u00e9n remodelado recinto acu\u00e1tico, mismo que busca posicionarse como el m\u00e1s vanguardista de toda Am\u00e9rica Latina.<\/p>\n\n\n\n<p>Durante la transmisi\u00f3n, la conductora Carmen Mu\u00f1oz destac\u00f3 la labor que el Aquarium lleva a cabo a favor de las especies marinas.<\/p>\n\n\n\n<p>\u201cLa funci\u00f3n social del Aquarium del Puerto de Veracruz es la conservaci\u00f3n de los sistemas marinos, lo que implica una enorme responsabilidad con el mantenimiento y el cuidado de los animales en cautiverio\u201d.<\/p>\n\n\n\n<p>En entrevista con Jos\u00e9 Angel Saucedo, reportero de Cu\u00e9ntamelo Ya!, Gerardo Ortiz, bi\u00f3logo del Aquarium del Puerto de Veracruz, detall\u00f3 que actualmente se cuenta con una exhibici\u00f3n especial de pinguinos humboldt, en la que los visitantes, en especial los ni\u00f1os y ni\u00f1as, pueden interactuar con los ejemplares para conocer m\u00e1s acerca de esta especie, la cual es end\u00e9mica de las costas de Per\u00fa y de Chile.<\/p>\n\n\n\n<p>Por su parte, el bi\u00f3logo marino Ra\u00fal Mar\u00edn, especialista en tiburones, explic\u00f3 que el Aquiarium del Puerto de Veracruz cuenta con tres diferentes especies: dos tiburones tigre, cinco tiburones gata y seis de la especie aleta de cart\u00f3n.<\/p>\n\n\n\n<p>Recalc\u00f3 que el Aquarium tiene orgullosamente el r\u00e9cord de longevidad en la especie de tibur\u00f3n tigre, y gracias al servicio de inmersi\u00f3n los visitantes pueden convivir de manera segura con estos ejemplares y hasta alimentarlos, lo que hace del momento una experiencia inolvidable.<\/p>\n\n\n\n<p>\u201cAqu\u00ed en el Aquarium atendemos las especies, las alimentamos, las observamos y damos el servicio de inmersi\u00f3n en el tiburonario que se realiza en condiciones controladas y seguras\u201d, indic\u00f3.<\/p>\n\n\n\n<p>Otra especie que llam\u00f3 la atenci\u00f3n durante el recorrido fueron los manat\u00edes, los cuales pertenecen al programa de rescate animal que lleva a cabo el Aquarium.<\/p>\n\n\n\n<p>Isabel Bernal, m\u00e9dico veterinaria de manat\u00edes, cont\u00f3 al programa televisivo que los manat\u00edes son considerados los mam\u00edferos marinos herb\u00edvoros m\u00e1s grandes del mundo y se caracterizan por poseer dos capas de m\u00fasculo y dos de grasa.<\/p>\n\n\n\n<p>En total el Aquarium del Puerto de Veracruz cuenta con ocho exhibiciones con m\u00e1s de 3 mil 500 ejemplares de especies acu\u00e1ticas y subacu\u00e1ticas.<\/p>\n\n\n\n<p>En cada una de ellas, los visitantes aprenden sobre el impacto favorable que tiene al medio ambiente el cuidado y la protecci\u00f3n de la vida submarina.<\/p>\n\n\n\n<p>Finalmente las conductoras invitaron a los televidentes de todo el pa\u00eds a vivir la experiencia \u00fanica que ofrece visitar el Aquarium de Veracruz.<\/p>\n","protected":false},"excerpt":{"rendered":"<p>VeracruzEl Aquarium del Puerto de Veracruz fue el escenario este viernes para la grabaci\u00f3n en vivo del programa de entretenimiento \u00a1Cu\u00e9ntamelo Ya!, mismo que se transmite a nivel nacional por el canal de Las Estrellas de Televisa. Las conductoras Carmen Mu\u00f1oz, Roxana Castellanos, Vielka Valenzuela y Ximena C\u00f3rdoba tuvieron la oportunidad de recorrer cada una [&hellip;]<\/p>\n","protected":false},"author":2,"featured_media":0,"comment_status":"closed","ping_status":"closed","sticky":false,"template":"","format":"standard","meta":{"tdm_status":"","tdm_grid_status":"","footnotes":""},"categories":[73],"tags":[],"class_list":{"0":"post-125050","1":"post","2":"type-post","3":"status-publish","4":"format-standard","6":"category-de-boleto"},"yoast_head":"<!-- This site is optimized with the Yoast SEO plugin v27.4 - https:\/\/yoast.com\/product\/yoast-seo-wordpress\/ -->\n<title>AQUARIUM, CON PROYECCI\u00d3N NACIONAL CON \u2018CU\u00c9NTAMELO YA!\u2019 - Los pol\u00edticos Veracruz<\/title>\n<meta name=\"robots\" content=\"index, follow, max-snippet:-1, max-image-preview:large, max-video-preview:-1\" \/>\n<link rel=\"canonical\" href=\"https:\/\/lospoliticosveracruz.com\/?p=125050\" \/>\n<meta property=\"og:locale\" content=\"es_ES\" \/>\n<meta property=\"og:type\" content=\"article\" \/>\n<meta property=\"og:title\" content=\"AQUARIUM, CON PROYECCI\u00d3N NACIONAL CON \u2018CU\u00c9NTAMELO YA!\u2019 - Los pol\u00edticos Veracruz\" \/>\n<meta property=\"og:description\" content=\"VeracruzEl Aquarium del Puerto de Veracruz fue el escenario este viernes para la grabaci\u00f3n en vivo del programa de entretenimiento \u00a1Cu\u00e9ntamelo Ya!, mismo que se transmite a nivel nacional por el canal de Las Estrellas de Televisa. Las conductoras Carmen Mu\u00f1oz, Roxana Castellanos, Vielka Valenzuela y Ximena C\u00f3rdoba tuvieron la oportunidad de recorrer cada una [&hellip;]\" \/>\n<meta property=\"og:url\" content=\"https:\/\/lospoliticosveracruz.com\/?p=125050\" \/>\n<meta property=\"og:site_name\" content=\"Los pol\u00edticos Veracruz\" \/>\n<meta property=\"article:publisher\" content=\"https:\/\/www.facebook.com\/people\/Notimemes-de-los-Polticos\/61565672886568\/\" \/>\n<meta property=\"article:published_time\" content=\"2024-05-25T00:41:15+00:00\" \/>\n<meta property=\"article:modified_time\" content=\"2024-05-25T00:41:30+00:00\" \/>\n<meta property=\"og:image\" content=\"https:\/\/lospoliticosveracruz.com\/wp-content\/uploads\/2016\/07\/Logo-Dor.jpg\" \/>\n\t<meta property=\"og:image:width\" content=\"200\" \/>\n\t<meta property=\"og:image:height\" content=\"200\" \/>\n\t<meta property=\"og:image:type\" content=\"image\/jpeg\" \/>\n<meta name=\"author\" content=\"Lo viste en Los Pol\u00edticos\" \/>\n<meta name=\"twitter:card\" content=\"summary_large_image\" \/>\n<meta name=\"twitter:creator\" content=\"@LosPoliticosVer\" \/>\n<meta name=\"twitter:site\" content=\"@LosPoliticosVer\" \/>\n<meta name=\"twitter:label1\" content=\"Escrito por\" \/>\n\t<meta name=\"twitter:data1\" content=\"Lo viste en Los Pol\u00edticos\" \/>\n\t<meta name=\"twitter:label2\" content=\"Tiempo de lectura\" \/>\n\t<meta name=\"twitter:data2\" content=\"2 minutos\" \/>\n<script type=\"application\/ld+json\" class=\"yoast-schema-graph\">{\"@context\":\"https:\\\/\\\/schema.org\",\"@graph\":[{\"@type\":\"Article\",\"@id\":\"https:\\\/\\\/lospoliticosveracruz.com\\\/?p=125050#article\",\"isPartOf\":{\"@id\":\"https:\\\/\\\/lospoliticosveracruz.com\\\/?p=125050\"},\"author\":{\"name\":\"Lo viste en Los Pol\u00edticos\",\"@id\":\"https:\\\/\\\/lospoliticosveracruz.com\\\/#\\\/schema\\\/person\\\/b8702bb0e538456e6efd07080bf2a4a2\"},\"headline\":\"AQUARIUM, CON PROYECCI\u00d3N NACIONAL CON \u2018CU\u00c9NTAMELO YA!\u2019\",\"datePublished\":\"2024-05-25T00:41:15+00:00\",\"dateModified\":\"2024-05-25T00:41:30+00:00\",\"mainEntityOfPage\":{\"@id\":\"https:\\\/\\\/lospoliticosveracruz.com\\\/?p=125050\"},\"wordCount\":494,\"publisher\":{\"@id\":\"https:\\\/\\\/lospoliticosveracruz.com\\\/#organization\"},\"articleSection\":[\"De Boleto\"],\"inLanguage\":\"es\"},{\"@type\":\"WebPage\",\"@id\":\"https:\\\/\\\/lospoliticosveracruz.com\\\/?p=125050\",\"url\":\"https:\\\/\\\/lospoliticosveracruz.com\\\/?p=125050\",\"name\":\"AQUARIUM, CON PROYECCI\u00d3N NACIONAL CON \u2018CU\u00c9NTAMELO YA!\u2019 - Los pol\u00edticos Veracruz\",\"isPartOf\":{\"@id\":\"https:\\\/\\\/lospoliticosveracruz.com\\\/#website\"},\"datePublished\":\"2024-05-25T00:41:15+00:00\",\"dateModified\":\"2024-05-25T00:41:30+00:00\",\"breadcrumb\":{\"@id\":\"https:\\\/\\\/lospoliticosveracruz.com\\\/?p=125050#breadcrumb\"},\"inLanguage\":\"es\",\"potentialAction\":[{\"@type\":\"ReadAction\",\"target\":[\"https:\\\/\\\/lospoliticosveracruz.com\\\/?p=125050\"]}]},{\"@type\":\"BreadcrumbList\",\"@id\":\"https:\\\/\\\/lospoliticosveracruz.com\\\/?p=125050#breadcrumb\",\"itemListElement\":[{\"@type\":\"ListItem\",\"position\":1,\"name\":\"Portada\",\"item\":\"https:\\\/\\\/lospoliticosveracruz.com\\\/\"},{\"@type\":\"ListItem\",\"position\":2,\"name\":\"AQUARIUM, CON PROYECCI\u00d3N NACIONAL CON \u2018CU\u00c9NTAMELO YA!\u2019\"}]},{\"@type\":\"WebSite\",\"@id\":\"https:\\\/\\\/lospoliticosveracruz.com\\\/#website\",\"url\":\"https:\\\/\\\/lospoliticosveracruz.com\\\/\",\"name\":\"Los pol\u00edticos Veracruz\",\"description\":\"\",\"publisher\":{\"@id\":\"https:\\\/\\\/lospoliticosveracruz.com\\\/#organization\"},\"potentialAction\":[{\"@type\":\"SearchAction\",\"target\":{\"@type\":\"EntryPoint\",\"urlTemplate\":\"https:\\\/\\\/lospoliticosveracruz.com\\\/?s={search_term_string}\"},\"query-input\":{\"@type\":\"PropertyValueSpecification\",\"valueRequired\":true,\"valueName\":\"search_term_string\"}}],\"inLanguage\":\"es\"},{\"@type\":\"Organization\",\"@id\":\"https:\\\/\\\/lospoliticosveracruz.com\\\/#organization\",\"name\":\"Los pol\u00edticos Veracruz\",\"url\":\"https:\\\/\\\/lospoliticosveracruz.com\\\/\",\"logo\":{\"@type\":\"ImageObject\",\"inLanguage\":\"es\",\"@id\":\"https:\\\/\\\/lospoliticosveracruz.com\\\/#\\\/schema\\\/logo\\\/image\\\/\",\"url\":\"https:\\\/\\\/lospoliticosveracruz.com\\\/wp-content\\\/uploads\\\/2025\\\/12\\\/Logo-Nuevo-LOS-POLITICOS-1.jpg\",\"contentUrl\":\"https:\\\/\\\/lospoliticosveracruz.com\\\/wp-content\\\/uploads\\\/2025\\\/12\\\/Logo-Nuevo-LOS-POLITICOS-1.jpg\",\"width\":260,\"height\":70,\"caption\":\"Los pol\u00edticos Veracruz\"},\"image\":{\"@id\":\"https:\\\/\\\/lospoliticosveracruz.com\\\/#\\\/schema\\\/logo\\\/image\\\/\"},\"sameAs\":[\"https:\\\/\\\/www.facebook.com\\\/people\\\/Notimemes-de-los-Polticos\\\/61565672886568\\\/\",\"https:\\\/\\\/x.com\\\/LosPoliticosVer\"]},{\"@type\":\"Person\",\"@id\":\"https:\\\/\\\/lospoliticosveracruz.com\\\/#\\\/schema\\\/person\\\/b8702bb0e538456e6efd07080bf2a4a2\",\"name\":\"Lo viste en Los Pol\u00edticos\",\"image\":{\"@type\":\"ImageObject\",\"inLanguage\":\"es\",\"@id\":\"https:\\\/\\\/secure.gravatar.com\\\/avatar\\\/3a8de04a2656d44082be478bd6c086daa447c4651605818287b9532d3d0bd435?s=96&d=mm&r=g\",\"url\":\"https:\\\/\\\/secure.gravatar.com\\\/avatar\\\/3a8de04a2656d44082be478bd6c086daa447c4651605818287b9532d3d0bd435?s=96&d=mm&r=g\",\"contentUrl\":\"https:\\\/\\\/secure.gravatar.com\\\/avatar\\\/3a8de04a2656d44082be478bd6c086daa447c4651605818287b9532d3d0bd435?s=96&d=mm&r=g\",\"caption\":\"Lo viste en Los Pol\u00edticos\"},\"url\":\"https:\\\/\\\/lospoliticosveracruz.com\\\/?author=2\"}]}<\/script>\n<!-- \/ Yoast SEO plugin. -->","yoast_head_json":{"title":"AQUARIUM, CON PROYECCI\u00d3N NACIONAL CON \u2018CU\u00c9NTAMELO YA!\u2019 - Los pol\u00edticos Veracruz","robots":{"index":"index","follow":"follow","max-snippet":"max-snippet:-1","max-image-preview":"max-image-preview:large","max-video-preview":"max-video-preview:-1"},"canonical":"https:\/\/lospoliticosveracruz.com\/?p=125050","og_locale":"es_ES","og_type":"article","og_title":"AQUARIUM, CON PROYECCI\u00d3N NACIONAL CON \u2018CU\u00c9NTAMELO YA!\u2019 - Los pol\u00edticos Veracruz","og_description":"VeracruzEl Aquarium del Puerto de Veracruz fue el escenario este viernes para la grabaci\u00f3n en vivo del programa de entretenimiento \u00a1Cu\u00e9ntamelo Ya!, mismo que se transmite a nivel nacional por el canal de Las Estrellas de Televisa. Las conductoras Carmen Mu\u00f1oz, Roxana Castellanos, Vielka Valenzuela y Ximena C\u00f3rdoba tuvieron la oportunidad de recorrer cada una [&hellip;]","og_url":"https:\/\/lospoliticosveracruz.com\/?p=125050","og_site_name":"Los pol\u00edticos Veracruz","article_publisher":"https:\/\/www.facebook.com\/people\/Notimemes-de-los-Polticos\/61565672886568\/","article_published_time":"2024-05-25T00:41:15+00:00","article_modified_time":"2024-05-25T00:41:30+00:00","og_image":[{"width":200,"height":200,"url":"https:\/\/lospoliticosveracruz.com\/wp-content\/uploads\/2016\/07\/Logo-Dor.jpg","type":"image\/jpeg"}],"author":"Lo viste en Los Pol\u00edticos","twitter_card":"summary_large_image","twitter_creator":"@LosPoliticosVer","twitter_site":"@LosPoliticosVer","twitter_misc":{"Escrito por":"Lo viste en Los Pol\u00edticos","Tiempo de lectura":"2 minutos"},"schema":{"@context":"https:\/\/schema.org","@graph":[{"@type":"Article","@id":"https:\/\/lospoliticosveracruz.com\/?p=125050#article","isPartOf":{"@id":"https:\/\/lospoliticosveracruz.com\/?p=125050"},"author":{"name":"Lo viste en Los Pol\u00edticos","@id":"https:\/\/lospoliticosveracruz.com\/#\/schema\/person\/b8702bb0e538456e6efd07080bf2a4a2"},"headline":"AQUARIUM, CON PROYECCI\u00d3N NACIONAL CON \u2018CU\u00c9NTAMELO YA!\u2019","datePublished":"2024-05-25T00:41:15+00:00","dateModified":"2024-05-25T00:41:30+00:00","mainEntityOfPage":{"@id":"https:\/\/lospoliticosveracruz.com\/?p=125050"},"wordCount":494,"publisher":{"@id":"https:\/\/lospoliticosveracruz.com\/#organization"},"articleSection":["De Boleto"],"inLanguage":"es"},{"@type":"WebPage","@id":"https:\/\/lospoliticosveracruz.com\/?p=125050","url":"https:\/\/lospoliticosveracruz.com\/?p=125050","name":"AQUARIUM, CON PROYECCI\u00d3N NACIONAL CON \u2018CU\u00c9NTAMELO YA!\u2019 - Los pol\u00edticos Veracruz","isPartOf":{"@id":"https:\/\/lospoliticosveracruz.com\/#website"},"datePublished":"2024-05-25T00:41:15+00:00","dateModified":"2024-05-25T00:41:30+00:00","breadcrumb":{"@id":"https:\/\/lospoliticosveracruz.com\/?p=125050#breadcrumb"},"inLanguage":"es","potentialAction":[{"@type":"ReadAction","target":["https:\/\/lospoliticosveracruz.com\/?p=125050"]}]},{"@type":"BreadcrumbList","@id":"https:\/\/lospoliticosveracruz.com\/?p=125050#breadcrumb","itemListElement":[{"@type":"ListItem","position":1,"name":"Portada","item":"https:\/\/lospoliticosveracruz.com\/"},{"@type":"ListItem","position":2,"name":"AQUARIUM, CON PROYECCI\u00d3N NACIONAL CON \u2018CU\u00c9NTAMELO YA!\u2019"}]},{"@type":"WebSite","@id":"https:\/\/lospoliticosveracruz.com\/#website","url":"https:\/\/lospoliticosveracruz.com\/","name":"Los pol\u00edticos Veracruz","description":"","publisher":{"@id":"https:\/\/lospoliticosveracruz.com\/#organization"},"potentialAction":[{"@type":"SearchAction","target":{"@type":"EntryPoint","urlTemplate":"https:\/\/lospoliticosveracruz.com\/?s={search_term_string}"},"query-input":{"@type":"PropertyValueSpecification","valueRequired":true,"valueName":"search_term_string"}}],"inLanguage":"es"},{"@type":"Organization","@id":"https:\/\/lospoliticosveracruz.com\/#organization","name":"Los pol\u00edticos Veracruz","url":"https:\/\/lospoliticosveracruz.com\/","logo":{"@type":"ImageObject","inLanguage":"es","@id":"https:\/\/lospoliticosveracruz.com\/#\/schema\/logo\/image\/","url":"https:\/\/lospoliticosveracruz.com\/wp-content\/uploads\/2025\/12\/Logo-Nuevo-LOS-POLITICOS-1.jpg","contentUrl":"https:\/\/lospoliticosveracruz.com\/wp-content\/uploads\/2025\/12\/Logo-Nuevo-LOS-POLITICOS-1.jpg","width":260,"height":70,"caption":"Los pol\u00edticos Veracruz"},"image":{"@id":"https:\/\/lospoliticosveracruz.com\/#\/schema\/logo\/image\/"},"sameAs":["https:\/\/www.facebook.com\/people\/Notimemes-de-los-Polticos\/61565672886568\/","https:\/\/x.com\/LosPoliticosVer"]},{"@type":"Person","@id":"https:\/\/lospoliticosveracruz.com\/#\/schema\/person\/b8702bb0e538456e6efd07080bf2a4a2","name":"Lo viste en Los Pol\u00edticos","image":{"@type":"ImageObject","inLanguage":"es","@id":"https:\/\/secure.gravatar.com\/avatar\/3a8de04a2656d44082be478bd6c086daa447c4651605818287b9532d3d0bd435?s=96&d=mm&r=g","url":"https:\/\/secure.gravatar.com\/avatar\/3a8de04a2656d44082be478bd6c086daa447c4651605818287b9532d3d0bd435?s=96&d=mm&r=g","contentUrl":"https:\/\/secure.gravatar.com\/avatar\/3a8de04a2656d44082be478bd6c086daa447c4651605818287b9532d3d0bd435?s=96&d=mm&r=g","caption":"Lo viste en Los Pol\u00edticos"},"url":"https:\/\/lospoliticosveracruz.com\/?author=2"}]}},"_links":{"self":[{"href":"https:\/\/lospoliticosveracruz.com\/index.php?rest_route=\/wp\/v2\/posts\/125050","targetHints":{"allow":["GET"]}}],"collection":[{"href":"https:\/\/lospoliticosveracruz.com\/index.php?rest_route=\/wp\/v2\/posts"}],"about":[{"href":"https:\/\/lospoliticosveracruz.com\/index.php?rest_route=\/wp\/v2\/types\/post"}],"author":[{"embeddable":true,"href":"https:\/\/lospoliticosveracruz.com\/index.php?rest_route=\/wp\/v2\/users\/2"}],"replies":[{"embeddable":true,"href":"https:\/\/lospoliticosveracruz.com\/index.php?rest_route=%2Fwp%2Fv2%2Fcomments&post=125050"}],"version-history":[{"count":1,"href":"https:\/\/lospoliticosveracruz.com\/index.php?rest_route=\/wp\/v2\/posts\/125050\/revisions"}],"predecessor-version":[{"id":125052,"href":"https:\/\/lospoliticosveracruz.com\/index.php?rest_route=\/wp\/v2\/posts\/125050\/revisions\/125052"}],"wp:attachment":[{"href":"https:\/\/lospoliticosveracruz.com\/index.php?rest_route=%2Fwp%2Fv2%2Fmedia&parent=125050"}],"wp:term":[{"taxonomy":"category","embeddable":true,"href":"https:\/\/lospoliticosveracruz.com\/index.php?rest_route=%2Fwp%2Fv2%2Fcategories&post=125050"},{"taxonomy":"post_tag","embeddable":true,"href":"https:\/\/lospoliticosveracruz.com\/index.php?rest_route=%2Fwp%2Fv2%2Ftags&post=125050"}],"curies":[{"name":"wp","href":"https:\/\/api.w.org\/{rel}","templated":true}]}}