{"id":125067,"date":"2024-05-25T11:41:50","date_gmt":"2024-05-25T16:41:50","guid":{"rendered":"https:\/\/lospoliticosveracruz.com.mx\/?p=125067"},"modified":"2024-05-25T11:48:26","modified_gmt":"2024-05-25T16:48:26","slug":"coatepec-casi-sin-agua","status":"publish","type":"post","link":"https:\/\/lospoliticosveracruz.com\/?p=125067","title":{"rendered":"COATEPEC, CASI SIN AGUA"},"content":{"rendered":"\n<p><strong>Miguel \u00c1ngel G\u00f3mez Ruiz<\/strong><\/p>\n\n\n\n<p>Esta semana, a partir del jueves, los habitantes de Coatepec se llevaron la sorpresa de que en sus zonas no habr\u00eda agua durante doce horas y todo porque as\u00ed lo decidieron en la Comisi\u00f3n Municipal de Agua (CMAS).<\/p>\n\n\n\n<p>Es decir, casi sin avisar, pues en esa oficina decidieron publicar sus acciones un d\u00eda antes en las redes sociales, quiz\u00e1 olvidaron que un poco m\u00e1s de la mitad de la poblaci\u00f3n no maneja redes sociales y cuando quisieron hacer uso del vital l\u00edquido, no hab\u00eda.<\/p>\n\n\n\n<p>La se\u00f1ora Marta Celis, cuyo domicilio se encuentra en la calla de Lerdo, recuerda que eran alrededor de las 10 de la ma\u00f1ana y se dispon\u00eda a lavar su ropa y la de su familia pues aprovechar\u00eda el descanso que le dan en su empresa para hacerlo, pero cu\u00e1l ser\u00eda su sorpresa de que no hubo agua.<\/p>\n\n\n\n<p>De inmediato fue a revisar sus recibos y apenas le hab\u00eda llegado el recibo de su consumo en mayo, pero aun as\u00ed, dispuso que un vecino fuera a checar si no le hab\u00edan cortado el servicio, pues ahora en la CMAS de Coatepec, aunque uno deba un mes, llegan los empleados y se llevan piezas para evitar que las mismas personas se reconecten.<\/p>\n\n\n\n<p>Viuda y con tres hijas que no tiene idea c\u00f3mo se reconecte uno, tuvo que aguantarse todo el d\u00eda, hasta que m\u00e1s o menos alrededor de las 7 de la noche de ese mismo jueves, tuviera agua de nueva cuenta.<\/p>\n\n\n\n<p>Y as\u00ed, las personas \u2013que ni enteradas estaban- han tenido que soportar el corte del servicio, pues seg\u00fan el argumento de la CMAS en escuetos comunicados, se informa que se dota de agua a otras colonias.<\/p>\n\n\n\n<p>\u201cEl detalle es que cortaron el servicio sin avisar, yo no tengo esas ridiculeces de redes sociales, yo trabajo y no me enter\u00e9 de nada, simplemente me qued\u00e9 sin agua todo el d\u00eda, ni para ba\u00f1arnos con este calor, ni para la comida, ni para lavar, nada\u201d, dijo.<\/p>\n\n\n\n<p>Inclusive, otros lanzaron su molestia hacia el alcalde de la ciudad, Raymundo Andrade, al que ni conocen y no creen que tenga el mando de la ciudad: \u201cEl alcalde bien gracias, a \u00e9l no le preocupa pues ni ha de pagar el agua, pero nosotros s\u00ed somos cumplidos y no merecemos que nos hagan esto. Cuidamos el agua\u201d, a\u00f1adi\u00f3 la se\u00f1ora Celis.<\/p>\n\n\n\n<p>El alcalde, auspiciado por Morena, seg\u00fan los vecinos no ha tenido control de la ciudad, pues varias obras que orden\u00f3 que se realizaran tardaron m\u00e1s tiempo del debido, no ha tenido reuni\u00f3n con autoridades de Tr\u00e1nsito para tratar de reducir el tr\u00e1fico vehicular y la ciudad, en ocasiones se ha convertido en un caos.<\/p>\n\n\n\n<p>De acuerdo a la opini\u00f3n de vecinos, el mun\u00edcipe tampoco ha puesto orden en el servicio de Limpia P\u00fablica, pues en ocasiones, el servicio demora hasta tres d\u00edas, a pesar de que \u2013con suerte- la ciudad es todav\u00eda Pueblo M\u00e1gico.<\/p>\n\n\n\n<p>El detalle es el siguiente, con mal servicio, nula vigilancia y ahora casi sin agua, Coatepec no parece un pueblo m\u00e1gico.<\/p>\n","protected":false},"excerpt":{"rendered":"<p>Miguel \u00c1ngel G\u00f3mez Ruiz Esta semana, a partir del jueves, los habitantes de Coatepec se llevaron la sorpresa de que en sus zonas no habr\u00eda agua durante doce horas y todo porque as\u00ed lo decidieron en la Comisi\u00f3n Municipal de Agua (CMAS). Es decir, casi sin avisar, pues en esa oficina decidieron publicar sus acciones [&hellip;]<\/p>\n","protected":false},"author":2,"featured_media":0,"comment_status":"closed","ping_status":"closed","sticky":false,"template":"","format":"standard","meta":{"tdm_status":"","tdm_grid_status":"","footnotes":""},"categories":[6446],"tags":[786,277,3497,13124],"class_list":{"0":"post-125067","1":"post","2":"type-post","3":"status-publish","4":"format-standard","6":"category-la-nota","7":"tag-cmas","8":"tag-coatepec","9":"tag-pueblo-magico","10":"tag-raymundo-andrade"},"yoast_head":"<!-- This site is optimized with the Yoast SEO plugin v27.4 - https:\/\/yoast.com\/product\/yoast-seo-wordpress\/ -->\n<title>COATEPEC, CASI SIN AGUA - Los pol\u00edticos Veracruz<\/title>\n<meta name=\"robots\" content=\"index, follow, max-snippet:-1, max-image-preview:large, max-video-preview:-1\" \/>\n<link rel=\"canonical\" href=\"https:\/\/lospoliticosveracruz.com\/?p=125067\" \/>\n<meta property=\"og:locale\" content=\"es_ES\" \/>\n<meta property=\"og:type\" content=\"article\" \/>\n<meta property=\"og:title\" content=\"COATEPEC, CASI SIN AGUA - Los pol\u00edticos Veracruz\" \/>\n<meta property=\"og:description\" content=\"Miguel \u00c1ngel G\u00f3mez Ruiz Esta semana, a partir del jueves, los habitantes de Coatepec se llevaron la sorpresa de que en sus zonas no habr\u00eda agua durante doce horas y todo porque as\u00ed lo decidieron en la Comisi\u00f3n Municipal de Agua (CMAS). Es decir, casi sin avisar, pues en esa oficina decidieron publicar sus acciones [&hellip;]\" \/>\n<meta property=\"og:url\" content=\"https:\/\/lospoliticosveracruz.com\/?p=125067\" \/>\n<meta property=\"og:site_name\" content=\"Los pol\u00edticos Veracruz\" \/>\n<meta property=\"article:publisher\" content=\"https:\/\/www.facebook.com\/people\/Notimemes-de-los-Polticos\/61565672886568\/\" \/>\n<meta property=\"article:published_time\" content=\"2024-05-25T16:41:50+00:00\" \/>\n<meta property=\"article:modified_time\" content=\"2024-05-25T16:48:26+00:00\" \/>\n<meta property=\"og:image\" content=\"https:\/\/lospoliticosveracruz.com\/wp-content\/uploads\/2016\/07\/Logo-Dor.jpg\" \/>\n\t<meta property=\"og:image:width\" content=\"200\" \/>\n\t<meta property=\"og:image:height\" content=\"200\" \/>\n\t<meta property=\"og:image:type\" content=\"image\/jpeg\" \/>\n<meta name=\"author\" content=\"Lo viste en Los Pol\u00edticos\" \/>\n<meta name=\"twitter:card\" content=\"summary_large_image\" \/>\n<meta name=\"twitter:creator\" content=\"@LosPoliticosVer\" \/>\n<meta name=\"twitter:site\" content=\"@LosPoliticosVer\" \/>\n<meta name=\"twitter:label1\" content=\"Escrito por\" \/>\n\t<meta name=\"twitter:data1\" content=\"Lo viste en Los Pol\u00edticos\" \/>\n\t<meta name=\"twitter:label2\" content=\"Tiempo de lectura\" \/>\n\t<meta name=\"twitter:data2\" content=\"3 minutos\" \/>\n<script type=\"application\/ld+json\" class=\"yoast-schema-graph\">{\"@context\":\"https:\\\/\\\/schema.org\",\"@graph\":[{\"@type\":\"Article\",\"@id\":\"https:\\\/\\\/lospoliticosveracruz.com\\\/?p=125067#article\",\"isPartOf\":{\"@id\":\"https:\\\/\\\/lospoliticosveracruz.com\\\/?p=125067\"},\"author\":{\"name\":\"Lo viste en Los Pol\u00edticos\",\"@id\":\"https:\\\/\\\/lospoliticosveracruz.com\\\/#\\\/schema\\\/person\\\/b8702bb0e538456e6efd07080bf2a4a2\"},\"headline\":\"COATEPEC, CASI SIN AGUA\",\"datePublished\":\"2024-05-25T16:41:50+00:00\",\"dateModified\":\"2024-05-25T16:48:26+00:00\",\"mainEntityOfPage\":{\"@id\":\"https:\\\/\\\/lospoliticosveracruz.com\\\/?p=125067\"},\"wordCount\":547,\"publisher\":{\"@id\":\"https:\\\/\\\/lospoliticosveracruz.com\\\/#organization\"},\"keywords\":[\"CMAS\",\"Coatepec\",\"Pueblo M\u00e1gico\",\"Raymundo Andrade\"],\"articleSection\":[\"La Nota\"],\"inLanguage\":\"es\"},{\"@type\":\"WebPage\",\"@id\":\"https:\\\/\\\/lospoliticosveracruz.com\\\/?p=125067\",\"url\":\"https:\\\/\\\/lospoliticosveracruz.com\\\/?p=125067\",\"name\":\"COATEPEC, CASI SIN AGUA - Los pol\u00edticos Veracruz\",\"isPartOf\":{\"@id\":\"https:\\\/\\\/lospoliticosveracruz.com\\\/#website\"},\"datePublished\":\"2024-05-25T16:41:50+00:00\",\"dateModified\":\"2024-05-25T16:48:26+00:00\",\"breadcrumb\":{\"@id\":\"https:\\\/\\\/lospoliticosveracruz.com\\\/?p=125067#breadcrumb\"},\"inLanguage\":\"es\",\"potentialAction\":[{\"@type\":\"ReadAction\",\"target\":[\"https:\\\/\\\/lospoliticosveracruz.com\\\/?p=125067\"]}]},{\"@type\":\"BreadcrumbList\",\"@id\":\"https:\\\/\\\/lospoliticosveracruz.com\\\/?p=125067#breadcrumb\",\"itemListElement\":[{\"@type\":\"ListItem\",\"position\":1,\"name\":\"Portada\",\"item\":\"https:\\\/\\\/lospoliticosveracruz.com\\\/\"},{\"@type\":\"ListItem\",\"position\":2,\"name\":\"COATEPEC, CASI SIN AGUA\"}]},{\"@type\":\"WebSite\",\"@id\":\"https:\\\/\\\/lospoliticosveracruz.com\\\/#website\",\"url\":\"https:\\\/\\\/lospoliticosveracruz.com\\\/\",\"name\":\"Los pol\u00edticos Veracruz\",\"description\":\"\",\"publisher\":{\"@id\":\"https:\\\/\\\/lospoliticosveracruz.com\\\/#organization\"},\"potentialAction\":[{\"@type\":\"SearchAction\",\"target\":{\"@type\":\"EntryPoint\",\"urlTemplate\":\"https:\\\/\\\/lospoliticosveracruz.com\\\/?s={search_term_string}\"},\"query-input\":{\"@type\":\"PropertyValueSpecification\",\"valueRequired\":true,\"valueName\":\"search_term_string\"}}],\"inLanguage\":\"es\"},{\"@type\":\"Organization\",\"@id\":\"https:\\\/\\\/lospoliticosveracruz.com\\\/#organization\",\"name\":\"Los pol\u00edticos Veracruz\",\"url\":\"https:\\\/\\\/lospoliticosveracruz.com\\\/\",\"logo\":{\"@type\":\"ImageObject\",\"inLanguage\":\"es\",\"@id\":\"https:\\\/\\\/lospoliticosveracruz.com\\\/#\\\/schema\\\/logo\\\/image\\\/\",\"url\":\"https:\\\/\\\/lospoliticosveracruz.com\\\/wp-content\\\/uploads\\\/2025\\\/12\\\/Logo-Nuevo-LOS-POLITICOS-1.jpg\",\"contentUrl\":\"https:\\\/\\\/lospoliticosveracruz.com\\\/wp-content\\\/uploads\\\/2025\\\/12\\\/Logo-Nuevo-LOS-POLITICOS-1.jpg\",\"width\":260,\"height\":70,\"caption\":\"Los pol\u00edticos Veracruz\"},\"image\":{\"@id\":\"https:\\\/\\\/lospoliticosveracruz.com\\\/#\\\/schema\\\/logo\\\/image\\\/\"},\"sameAs\":[\"https:\\\/\\\/www.facebook.com\\\/people\\\/Notimemes-de-los-Polticos\\\/61565672886568\\\/\",\"https:\\\/\\\/x.com\\\/LosPoliticosVer\"]},{\"@type\":\"Person\",\"@id\":\"https:\\\/\\\/lospoliticosveracruz.com\\\/#\\\/schema\\\/person\\\/b8702bb0e538456e6efd07080bf2a4a2\",\"name\":\"Lo viste en Los Pol\u00edticos\",\"image\":{\"@type\":\"ImageObject\",\"inLanguage\":\"es\",\"@id\":\"https:\\\/\\\/secure.gravatar.com\\\/avatar\\\/3a8de04a2656d44082be478bd6c086daa447c4651605818287b9532d3d0bd435?s=96&d=mm&r=g\",\"url\":\"https:\\\/\\\/secure.gravatar.com\\\/avatar\\\/3a8de04a2656d44082be478bd6c086daa447c4651605818287b9532d3d0bd435?s=96&d=mm&r=g\",\"contentUrl\":\"https:\\\/\\\/secure.gravatar.com\\\/avatar\\\/3a8de04a2656d44082be478bd6c086daa447c4651605818287b9532d3d0bd435?s=96&d=mm&r=g\",\"caption\":\"Lo viste en Los Pol\u00edticos\"},\"url\":\"https:\\\/\\\/lospoliticosveracruz.com\\\/?author=2\"}]}<\/script>\n<!-- \/ Yoast SEO plugin. -->","yoast_head_json":{"title":"COATEPEC, CASI SIN AGUA - Los pol\u00edticos Veracruz","robots":{"index":"index","follow":"follow","max-snippet":"max-snippet:-1","max-image-preview":"max-image-preview:large","max-video-preview":"max-video-preview:-1"},"canonical":"https:\/\/lospoliticosveracruz.com\/?p=125067","og_locale":"es_ES","og_type":"article","og_title":"COATEPEC, CASI SIN AGUA - Los pol\u00edticos Veracruz","og_description":"Miguel \u00c1ngel G\u00f3mez Ruiz Esta semana, a partir del jueves, los habitantes de Coatepec se llevaron la sorpresa de que en sus zonas no habr\u00eda agua durante doce horas y todo porque as\u00ed lo decidieron en la Comisi\u00f3n Municipal de Agua (CMAS). Es decir, casi sin avisar, pues en esa oficina decidieron publicar sus acciones [&hellip;]","og_url":"https:\/\/lospoliticosveracruz.com\/?p=125067","og_site_name":"Los pol\u00edticos Veracruz","article_publisher":"https:\/\/www.facebook.com\/people\/Notimemes-de-los-Polticos\/61565672886568\/","article_published_time":"2024-05-25T16:41:50+00:00","article_modified_time":"2024-05-25T16:48:26+00:00","og_image":[{"width":200,"height":200,"url":"https:\/\/lospoliticosveracruz.com\/wp-content\/uploads\/2016\/07\/Logo-Dor.jpg","type":"image\/jpeg"}],"author":"Lo viste en Los Pol\u00edticos","twitter_card":"summary_large_image","twitter_creator":"@LosPoliticosVer","twitter_site":"@LosPoliticosVer","twitter_misc":{"Escrito por":"Lo viste en Los Pol\u00edticos","Tiempo de lectura":"3 minutos"},"schema":{"@context":"https:\/\/schema.org","@graph":[{"@type":"Article","@id":"https:\/\/lospoliticosveracruz.com\/?p=125067#article","isPartOf":{"@id":"https:\/\/lospoliticosveracruz.com\/?p=125067"},"author":{"name":"Lo viste en Los Pol\u00edticos","@id":"https:\/\/lospoliticosveracruz.com\/#\/schema\/person\/b8702bb0e538456e6efd07080bf2a4a2"},"headline":"COATEPEC, CASI SIN AGUA","datePublished":"2024-05-25T16:41:50+00:00","dateModified":"2024-05-25T16:48:26+00:00","mainEntityOfPage":{"@id":"https:\/\/lospoliticosveracruz.com\/?p=125067"},"wordCount":547,"publisher":{"@id":"https:\/\/lospoliticosveracruz.com\/#organization"},"keywords":["CMAS","Coatepec","Pueblo M\u00e1gico","Raymundo Andrade"],"articleSection":["La Nota"],"inLanguage":"es"},{"@type":"WebPage","@id":"https:\/\/lospoliticosveracruz.com\/?p=125067","url":"https:\/\/lospoliticosveracruz.com\/?p=125067","name":"COATEPEC, CASI SIN AGUA - Los pol\u00edticos Veracruz","isPartOf":{"@id":"https:\/\/lospoliticosveracruz.com\/#website"},"datePublished":"2024-05-25T16:41:50+00:00","dateModified":"2024-05-25T16:48:26+00:00","breadcrumb":{"@id":"https:\/\/lospoliticosveracruz.com\/?p=125067#breadcrumb"},"inLanguage":"es","potentialAction":[{"@type":"ReadAction","target":["https:\/\/lospoliticosveracruz.com\/?p=125067"]}]},{"@type":"BreadcrumbList","@id":"https:\/\/lospoliticosveracruz.com\/?p=125067#breadcrumb","itemListElement":[{"@type":"ListItem","position":1,"name":"Portada","item":"https:\/\/lospoliticosveracruz.com\/"},{"@type":"ListItem","position":2,"name":"COATEPEC, CASI SIN AGUA"}]},{"@type":"WebSite","@id":"https:\/\/lospoliticosveracruz.com\/#website","url":"https:\/\/lospoliticosveracruz.com\/","name":"Los pol\u00edticos Veracruz","description":"","publisher":{"@id":"https:\/\/lospoliticosveracruz.com\/#organization"},"potentialAction":[{"@type":"SearchAction","target":{"@type":"EntryPoint","urlTemplate":"https:\/\/lospoliticosveracruz.com\/?s={search_term_string}"},"query-input":{"@type":"PropertyValueSpecification","valueRequired":true,"valueName":"search_term_string"}}],"inLanguage":"es"},{"@type":"Organization","@id":"https:\/\/lospoliticosveracruz.com\/#organization","name":"Los pol\u00edticos Veracruz","url":"https:\/\/lospoliticosveracruz.com\/","logo":{"@type":"ImageObject","inLanguage":"es","@id":"https:\/\/lospoliticosveracruz.com\/#\/schema\/logo\/image\/","url":"https:\/\/lospoliticosveracruz.com\/wp-content\/uploads\/2025\/12\/Logo-Nuevo-LOS-POLITICOS-1.jpg","contentUrl":"https:\/\/lospoliticosveracruz.com\/wp-content\/uploads\/2025\/12\/Logo-Nuevo-LOS-POLITICOS-1.jpg","width":260,"height":70,"caption":"Los pol\u00edticos Veracruz"},"image":{"@id":"https:\/\/lospoliticosveracruz.com\/#\/schema\/logo\/image\/"},"sameAs":["https:\/\/www.facebook.com\/people\/Notimemes-de-los-Polticos\/61565672886568\/","https:\/\/x.com\/LosPoliticosVer"]},{"@type":"Person","@id":"https:\/\/lospoliticosveracruz.com\/#\/schema\/person\/b8702bb0e538456e6efd07080bf2a4a2","name":"Lo viste en Los Pol\u00edticos","image":{"@type":"ImageObject","inLanguage":"es","@id":"https:\/\/secure.gravatar.com\/avatar\/3a8de04a2656d44082be478bd6c086daa447c4651605818287b9532d3d0bd435?s=96&d=mm&r=g","url":"https:\/\/secure.gravatar.com\/avatar\/3a8de04a2656d44082be478bd6c086daa447c4651605818287b9532d3d0bd435?s=96&d=mm&r=g","contentUrl":"https:\/\/secure.gravatar.com\/avatar\/3a8de04a2656d44082be478bd6c086daa447c4651605818287b9532d3d0bd435?s=96&d=mm&r=g","caption":"Lo viste en Los Pol\u00edticos"},"url":"https:\/\/lospoliticosveracruz.com\/?author=2"}]}},"_links":{"self":[{"href":"https:\/\/lospoliticosveracruz.com\/index.php?rest_route=\/wp\/v2\/posts\/125067","targetHints":{"allow":["GET"]}}],"collection":[{"href":"https:\/\/lospoliticosveracruz.com\/index.php?rest_route=\/wp\/v2\/posts"}],"about":[{"href":"https:\/\/lospoliticosveracruz.com\/index.php?rest_route=\/wp\/v2\/types\/post"}],"author":[{"embeddable":true,"href":"https:\/\/lospoliticosveracruz.com\/index.php?rest_route=\/wp\/v2\/users\/2"}],"replies":[{"embeddable":true,"href":"https:\/\/lospoliticosveracruz.com\/index.php?rest_route=%2Fwp%2Fv2%2Fcomments&post=125067"}],"version-history":[{"count":1,"href":"https:\/\/lospoliticosveracruz.com\/index.php?rest_route=\/wp\/v2\/posts\/125067\/revisions"}],"predecessor-version":[{"id":125068,"href":"https:\/\/lospoliticosveracruz.com\/index.php?rest_route=\/wp\/v2\/posts\/125067\/revisions\/125068"}],"wp:attachment":[{"href":"https:\/\/lospoliticosveracruz.com\/index.php?rest_route=%2Fwp%2Fv2%2Fmedia&parent=125067"}],"wp:term":[{"taxonomy":"category","embeddable":true,"href":"https:\/\/lospoliticosveracruz.com\/index.php?rest_route=%2Fwp%2Fv2%2Fcategories&post=125067"},{"taxonomy":"post_tag","embeddable":true,"href":"https:\/\/lospoliticosveracruz.com\/index.php?rest_route=%2Fwp%2Fv2%2Ftags&post=125067"}],"curies":[{"name":"wp","href":"https:\/\/api.w.org\/{rel}","templated":true}]}}