{"id":125070,"date":"2024-05-25T12:46:12","date_gmt":"2024-05-25T17:46:12","guid":{"rendered":"https:\/\/lospoliticosveracruz.com.mx\/?p=125070"},"modified":"2024-05-25T12:46:38","modified_gmt":"2024-05-25T17:46:38","slug":"balconea-al-clan-garcia","status":"publish","type":"post","link":"https:\/\/lospoliticosveracruz.com\/?p=125070","title":{"rendered":"BALCONEA AL CLAN GARC\u00cdA!"},"content":{"rendered":"\n<p><em>Xalapa<\/em><br>En el debate realizado en las instalaciones del Hotel HB, se presentaron las candidaturas a la diputaci\u00f3n local distrito 11 Agust\u00edn Arcos Gamboa de Movimiento Ciudadano, Dorheny Garc\u00eda Cayetano de la coalici\u00f3n \u00abSigamos Haciendo Historia en Veracruz\u00bb, Adriana Rojano Pazzi candidata de la coalici\u00f3n \u00abFuerza y Coraz\u00f3n por Veracruz\u00bb, y Rafael P\u00e9rez S\u00e1nchez del partido \u00abFuerza por M\u00e9xico Veracruz\u00bb.<\/p>\n\n\n\n<p>Al iniciar el debate el candidato Arcos mencion\u00f3 ser orgullosamente xalape\u00f1o y egresado de la Universidad Veracruzana, al mismo tiempo invit\u00f3 a la ciudadan\u00eda para que conozcan las propuestas que con el apoyo en las urnas el pr\u00f3ximo 2 de junio ser\u00e1n una realidad; agua, movilidad y fortalecimiento al estado de derecho.<\/p>\n\n\n\n<p>\u201cNosotros no podemos hablar de desarrollo social y sustentable para Xalapa, si no tomamos en consideraci\u00f3n dos temas fundamentales, el primero tiene que ver con el agua y el segundo con la movilidad inclusiva. Por lo que nuestra candidatura est\u00e1 proponiendo realizar las legislaciones necesarias, para alinear la Ley General de Movilidad y la Ley Estatal de Aguas\u201d, mencion\u00f3 en su participaci\u00f3n, argumentando que se buscar\u00e1 impulsar la creaci\u00f3n del captador pluvial m\u00e1s importante no solo del Estado de Veracruz, sino de toda Am\u00e9rica Latina.<\/p>\n\n\n\n<p>Para los xalape\u00f1os es importante contar con un transporte incluyente, por lo que el candidato Arcos mencion\u00f3 que dentro de su plan de trabajo se encuentra considerando.<\/p>\n\n\n\n<p>\u201cLa ley debe respetar a los ciudadanos y los ciudadanos a la ley\u201d, mencion\u00f3 durante su participaci\u00f3n, dejando claro que el pr\u00f3ximo domingo 2 de junio, los ciudadanos deben salir a ejercer su derecho para elegir a quien los va a represar en el Congreso del Estado. Durante sus intervenciones mencion\u00f3 los fat\u00eddicos esfuerzos de gobiernos y legisladores anteriores, quienes solo se han dedicado a saquear a Veracruz y Xalapa, es tiempo de contar con un digno representante que se preocupe y ocupe de las problem\u00e1ticas actuales, as\u00ed lo mencion\u00f3.<\/p>\n","protected":false},"excerpt":{"rendered":"<p>XalapaEn el debate realizado en las instalaciones del Hotel HB, se presentaron las candidaturas a la diputaci\u00f3n local distrito 11 Agust\u00edn Arcos Gamboa de Movimiento Ciudadano, Dorheny Garc\u00eda Cayetano de la coalici\u00f3n \u00abSigamos Haciendo Historia en Veracruz\u00bb, Adriana Rojano Pazzi candidata de la coalici\u00f3n \u00abFuerza y Coraz\u00f3n por Veracruz\u00bb, y Rafael P\u00e9rez S\u00e1nchez del partido [&hellip;]<\/p>\n","protected":false},"author":2,"featured_media":0,"comment_status":"closed","ping_status":"closed","sticky":false,"template":"","format":"standard","meta":{"tdm_status":"","tdm_grid_status":"","footnotes":""},"categories":[73],"tags":[13952,2423,195,96],"class_list":{"0":"post-125070","1":"post","2":"type-post","3":"status-publish","4":"format-standard","6":"category-de-boleto","7":"tag-dorheny-garcia-cayetano","8":"tag-rafael-perez-sanchez","9":"tag-veracruz","10":"tag-xalapa"},"yoast_head":"<!-- This site is optimized with the Yoast SEO plugin v27.4 - https:\/\/yoast.com\/product\/yoast-seo-wordpress\/ -->\n<title>BALCONEA AL CLAN GARC\u00cdA! - Los pol\u00edticos Veracruz<\/title>\n<meta name=\"robots\" content=\"index, follow, max-snippet:-1, max-image-preview:large, max-video-preview:-1\" \/>\n<link rel=\"canonical\" href=\"https:\/\/lospoliticosveracruz.com\/?p=125070\" \/>\n<meta property=\"og:locale\" content=\"es_ES\" \/>\n<meta property=\"og:type\" content=\"article\" \/>\n<meta property=\"og:title\" content=\"BALCONEA AL CLAN GARC\u00cdA! - Los pol\u00edticos Veracruz\" \/>\n<meta property=\"og:description\" content=\"XalapaEn el debate realizado en las instalaciones del Hotel HB, se presentaron las candidaturas a la diputaci\u00f3n local distrito 11 Agust\u00edn Arcos Gamboa de Movimiento Ciudadano, Dorheny Garc\u00eda Cayetano de la coalici\u00f3n \u00abSigamos Haciendo Historia en Veracruz\u00bb, Adriana Rojano Pazzi candidata de la coalici\u00f3n \u00abFuerza y Coraz\u00f3n por Veracruz\u00bb, y Rafael P\u00e9rez S\u00e1nchez del partido [&hellip;]\" \/>\n<meta property=\"og:url\" content=\"https:\/\/lospoliticosveracruz.com\/?p=125070\" \/>\n<meta property=\"og:site_name\" content=\"Los pol\u00edticos Veracruz\" \/>\n<meta property=\"article:publisher\" content=\"https:\/\/www.facebook.com\/people\/Notimemes-de-los-Polticos\/61565672886568\/\" \/>\n<meta property=\"article:published_time\" content=\"2024-05-25T17:46:12+00:00\" \/>\n<meta property=\"article:modified_time\" content=\"2024-05-25T17:46:38+00:00\" \/>\n<meta property=\"og:image\" content=\"https:\/\/lospoliticosveracruz.com\/wp-content\/uploads\/2016\/07\/Logo-Dor.jpg\" \/>\n\t<meta property=\"og:image:width\" content=\"200\" \/>\n\t<meta property=\"og:image:height\" content=\"200\" \/>\n\t<meta property=\"og:image:type\" content=\"image\/jpeg\" \/>\n<meta name=\"author\" content=\"Lo viste en Los Pol\u00edticos\" \/>\n<meta name=\"twitter:card\" content=\"summary_large_image\" \/>\n<meta name=\"twitter:creator\" content=\"@LosPoliticosVer\" \/>\n<meta name=\"twitter:site\" content=\"@LosPoliticosVer\" \/>\n<meta name=\"twitter:label1\" content=\"Escrito por\" \/>\n\t<meta name=\"twitter:data1\" content=\"Lo viste en Los Pol\u00edticos\" \/>\n\t<meta name=\"twitter:label2\" content=\"Tiempo de lectura\" \/>\n\t<meta name=\"twitter:data2\" content=\"2 minutos\" \/>\n<script type=\"application\/ld+json\" class=\"yoast-schema-graph\">{\"@context\":\"https:\\\/\\\/schema.org\",\"@graph\":[{\"@type\":\"Article\",\"@id\":\"https:\\\/\\\/lospoliticosveracruz.com\\\/?p=125070#article\",\"isPartOf\":{\"@id\":\"https:\\\/\\\/lospoliticosveracruz.com\\\/?p=125070\"},\"author\":{\"name\":\"Lo viste en Los Pol\u00edticos\",\"@id\":\"https:\\\/\\\/lospoliticosveracruz.com\\\/#\\\/schema\\\/person\\\/b8702bb0e538456e6efd07080bf2a4a2\"},\"headline\":\"BALCONEA AL CLAN GARC\u00cdA!\",\"datePublished\":\"2024-05-25T17:46:12+00:00\",\"dateModified\":\"2024-05-25T17:46:38+00:00\",\"mainEntityOfPage\":{\"@id\":\"https:\\\/\\\/lospoliticosveracruz.com\\\/?p=125070\"},\"wordCount\":339,\"publisher\":{\"@id\":\"https:\\\/\\\/lospoliticosveracruz.com\\\/#organization\"},\"keywords\":[\"Dorheny Garc\u00eda Cayetano\",\"Rafael P\u00e9rez S\u00e1nchez\",\"Veracruz\",\"Xalapa\"],\"articleSection\":[\"De Boleto\"],\"inLanguage\":\"es\"},{\"@type\":\"WebPage\",\"@id\":\"https:\\\/\\\/lospoliticosveracruz.com\\\/?p=125070\",\"url\":\"https:\\\/\\\/lospoliticosveracruz.com\\\/?p=125070\",\"name\":\"BALCONEA AL CLAN GARC\u00cdA! - Los pol\u00edticos Veracruz\",\"isPartOf\":{\"@id\":\"https:\\\/\\\/lospoliticosveracruz.com\\\/#website\"},\"datePublished\":\"2024-05-25T17:46:12+00:00\",\"dateModified\":\"2024-05-25T17:46:38+00:00\",\"breadcrumb\":{\"@id\":\"https:\\\/\\\/lospoliticosveracruz.com\\\/?p=125070#breadcrumb\"},\"inLanguage\":\"es\",\"potentialAction\":[{\"@type\":\"ReadAction\",\"target\":[\"https:\\\/\\\/lospoliticosveracruz.com\\\/?p=125070\"]}]},{\"@type\":\"BreadcrumbList\",\"@id\":\"https:\\\/\\\/lospoliticosveracruz.com\\\/?p=125070#breadcrumb\",\"itemListElement\":[{\"@type\":\"ListItem\",\"position\":1,\"name\":\"Portada\",\"item\":\"https:\\\/\\\/lospoliticosveracruz.com\\\/\"},{\"@type\":\"ListItem\",\"position\":2,\"name\":\"BALCONEA AL CLAN GARC\u00cdA!\"}]},{\"@type\":\"WebSite\",\"@id\":\"https:\\\/\\\/lospoliticosveracruz.com\\\/#website\",\"url\":\"https:\\\/\\\/lospoliticosveracruz.com\\\/\",\"name\":\"Los pol\u00edticos Veracruz\",\"description\":\"\",\"publisher\":{\"@id\":\"https:\\\/\\\/lospoliticosveracruz.com\\\/#organization\"},\"potentialAction\":[{\"@type\":\"SearchAction\",\"target\":{\"@type\":\"EntryPoint\",\"urlTemplate\":\"https:\\\/\\\/lospoliticosveracruz.com\\\/?s={search_term_string}\"},\"query-input\":{\"@type\":\"PropertyValueSpecification\",\"valueRequired\":true,\"valueName\":\"search_term_string\"}}],\"inLanguage\":\"es\"},{\"@type\":\"Organization\",\"@id\":\"https:\\\/\\\/lospoliticosveracruz.com\\\/#organization\",\"name\":\"Los pol\u00edticos Veracruz\",\"url\":\"https:\\\/\\\/lospoliticosveracruz.com\\\/\",\"logo\":{\"@type\":\"ImageObject\",\"inLanguage\":\"es\",\"@id\":\"https:\\\/\\\/lospoliticosveracruz.com\\\/#\\\/schema\\\/logo\\\/image\\\/\",\"url\":\"https:\\\/\\\/lospoliticosveracruz.com\\\/wp-content\\\/uploads\\\/2025\\\/12\\\/Logo-Nuevo-LOS-POLITICOS-1.jpg\",\"contentUrl\":\"https:\\\/\\\/lospoliticosveracruz.com\\\/wp-content\\\/uploads\\\/2025\\\/12\\\/Logo-Nuevo-LOS-POLITICOS-1.jpg\",\"width\":260,\"height\":70,\"caption\":\"Los pol\u00edticos Veracruz\"},\"image\":{\"@id\":\"https:\\\/\\\/lospoliticosveracruz.com\\\/#\\\/schema\\\/logo\\\/image\\\/\"},\"sameAs\":[\"https:\\\/\\\/www.facebook.com\\\/people\\\/Notimemes-de-los-Polticos\\\/61565672886568\\\/\",\"https:\\\/\\\/x.com\\\/LosPoliticosVer\"]},{\"@type\":\"Person\",\"@id\":\"https:\\\/\\\/lospoliticosveracruz.com\\\/#\\\/schema\\\/person\\\/b8702bb0e538456e6efd07080bf2a4a2\",\"name\":\"Lo viste en Los Pol\u00edticos\",\"image\":{\"@type\":\"ImageObject\",\"inLanguage\":\"es\",\"@id\":\"https:\\\/\\\/secure.gravatar.com\\\/avatar\\\/3a8de04a2656d44082be478bd6c086daa447c4651605818287b9532d3d0bd435?s=96&d=mm&r=g\",\"url\":\"https:\\\/\\\/secure.gravatar.com\\\/avatar\\\/3a8de04a2656d44082be478bd6c086daa447c4651605818287b9532d3d0bd435?s=96&d=mm&r=g\",\"contentUrl\":\"https:\\\/\\\/secure.gravatar.com\\\/avatar\\\/3a8de04a2656d44082be478bd6c086daa447c4651605818287b9532d3d0bd435?s=96&d=mm&r=g\",\"caption\":\"Lo viste en Los Pol\u00edticos\"},\"url\":\"https:\\\/\\\/lospoliticosveracruz.com\\\/?author=2\"}]}<\/script>\n<!-- \/ Yoast SEO plugin. -->","yoast_head_json":{"title":"BALCONEA AL CLAN GARC\u00cdA! - Los pol\u00edticos Veracruz","robots":{"index":"index","follow":"follow","max-snippet":"max-snippet:-1","max-image-preview":"max-image-preview:large","max-video-preview":"max-video-preview:-1"},"canonical":"https:\/\/lospoliticosveracruz.com\/?p=125070","og_locale":"es_ES","og_type":"article","og_title":"BALCONEA AL CLAN GARC\u00cdA! - Los pol\u00edticos Veracruz","og_description":"XalapaEn el debate realizado en las instalaciones del Hotel HB, se presentaron las candidaturas a la diputaci\u00f3n local distrito 11 Agust\u00edn Arcos Gamboa de Movimiento Ciudadano, Dorheny Garc\u00eda Cayetano de la coalici\u00f3n \u00abSigamos Haciendo Historia en Veracruz\u00bb, Adriana Rojano Pazzi candidata de la coalici\u00f3n \u00abFuerza y Coraz\u00f3n por Veracruz\u00bb, y Rafael P\u00e9rez S\u00e1nchez del partido [&hellip;]","og_url":"https:\/\/lospoliticosveracruz.com\/?p=125070","og_site_name":"Los pol\u00edticos Veracruz","article_publisher":"https:\/\/www.facebook.com\/people\/Notimemes-de-los-Polticos\/61565672886568\/","article_published_time":"2024-05-25T17:46:12+00:00","article_modified_time":"2024-05-25T17:46:38+00:00","og_image":[{"width":200,"height":200,"url":"https:\/\/lospoliticosveracruz.com\/wp-content\/uploads\/2016\/07\/Logo-Dor.jpg","type":"image\/jpeg"}],"author":"Lo viste en Los Pol\u00edticos","twitter_card":"summary_large_image","twitter_creator":"@LosPoliticosVer","twitter_site":"@LosPoliticosVer","twitter_misc":{"Escrito por":"Lo viste en Los Pol\u00edticos","Tiempo de lectura":"2 minutos"},"schema":{"@context":"https:\/\/schema.org","@graph":[{"@type":"Article","@id":"https:\/\/lospoliticosveracruz.com\/?p=125070#article","isPartOf":{"@id":"https:\/\/lospoliticosveracruz.com\/?p=125070"},"author":{"name":"Lo viste en Los Pol\u00edticos","@id":"https:\/\/lospoliticosveracruz.com\/#\/schema\/person\/b8702bb0e538456e6efd07080bf2a4a2"},"headline":"BALCONEA AL CLAN GARC\u00cdA!","datePublished":"2024-05-25T17:46:12+00:00","dateModified":"2024-05-25T17:46:38+00:00","mainEntityOfPage":{"@id":"https:\/\/lospoliticosveracruz.com\/?p=125070"},"wordCount":339,"publisher":{"@id":"https:\/\/lospoliticosveracruz.com\/#organization"},"keywords":["Dorheny Garc\u00eda Cayetano","Rafael P\u00e9rez S\u00e1nchez","Veracruz","Xalapa"],"articleSection":["De Boleto"],"inLanguage":"es"},{"@type":"WebPage","@id":"https:\/\/lospoliticosveracruz.com\/?p=125070","url":"https:\/\/lospoliticosveracruz.com\/?p=125070","name":"BALCONEA AL CLAN GARC\u00cdA! - Los pol\u00edticos Veracruz","isPartOf":{"@id":"https:\/\/lospoliticosveracruz.com\/#website"},"datePublished":"2024-05-25T17:46:12+00:00","dateModified":"2024-05-25T17:46:38+00:00","breadcrumb":{"@id":"https:\/\/lospoliticosveracruz.com\/?p=125070#breadcrumb"},"inLanguage":"es","potentialAction":[{"@type":"ReadAction","target":["https:\/\/lospoliticosveracruz.com\/?p=125070"]}]},{"@type":"BreadcrumbList","@id":"https:\/\/lospoliticosveracruz.com\/?p=125070#breadcrumb","itemListElement":[{"@type":"ListItem","position":1,"name":"Portada","item":"https:\/\/lospoliticosveracruz.com\/"},{"@type":"ListItem","position":2,"name":"BALCONEA AL CLAN GARC\u00cdA!"}]},{"@type":"WebSite","@id":"https:\/\/lospoliticosveracruz.com\/#website","url":"https:\/\/lospoliticosveracruz.com\/","name":"Los pol\u00edticos Veracruz","description":"","publisher":{"@id":"https:\/\/lospoliticosveracruz.com\/#organization"},"potentialAction":[{"@type":"SearchAction","target":{"@type":"EntryPoint","urlTemplate":"https:\/\/lospoliticosveracruz.com\/?s={search_term_string}"},"query-input":{"@type":"PropertyValueSpecification","valueRequired":true,"valueName":"search_term_string"}}],"inLanguage":"es"},{"@type":"Organization","@id":"https:\/\/lospoliticosveracruz.com\/#organization","name":"Los pol\u00edticos Veracruz","url":"https:\/\/lospoliticosveracruz.com\/","logo":{"@type":"ImageObject","inLanguage":"es","@id":"https:\/\/lospoliticosveracruz.com\/#\/schema\/logo\/image\/","url":"https:\/\/lospoliticosveracruz.com\/wp-content\/uploads\/2025\/12\/Logo-Nuevo-LOS-POLITICOS-1.jpg","contentUrl":"https:\/\/lospoliticosveracruz.com\/wp-content\/uploads\/2025\/12\/Logo-Nuevo-LOS-POLITICOS-1.jpg","width":260,"height":70,"caption":"Los pol\u00edticos Veracruz"},"image":{"@id":"https:\/\/lospoliticosveracruz.com\/#\/schema\/logo\/image\/"},"sameAs":["https:\/\/www.facebook.com\/people\/Notimemes-de-los-Polticos\/61565672886568\/","https:\/\/x.com\/LosPoliticosVer"]},{"@type":"Person","@id":"https:\/\/lospoliticosveracruz.com\/#\/schema\/person\/b8702bb0e538456e6efd07080bf2a4a2","name":"Lo viste en Los Pol\u00edticos","image":{"@type":"ImageObject","inLanguage":"es","@id":"https:\/\/secure.gravatar.com\/avatar\/3a8de04a2656d44082be478bd6c086daa447c4651605818287b9532d3d0bd435?s=96&d=mm&r=g","url":"https:\/\/secure.gravatar.com\/avatar\/3a8de04a2656d44082be478bd6c086daa447c4651605818287b9532d3d0bd435?s=96&d=mm&r=g","contentUrl":"https:\/\/secure.gravatar.com\/avatar\/3a8de04a2656d44082be478bd6c086daa447c4651605818287b9532d3d0bd435?s=96&d=mm&r=g","caption":"Lo viste en Los Pol\u00edticos"},"url":"https:\/\/lospoliticosveracruz.com\/?author=2"}]}},"_links":{"self":[{"href":"https:\/\/lospoliticosveracruz.com\/index.php?rest_route=\/wp\/v2\/posts\/125070","targetHints":{"allow":["GET"]}}],"collection":[{"href":"https:\/\/lospoliticosveracruz.com\/index.php?rest_route=\/wp\/v2\/posts"}],"about":[{"href":"https:\/\/lospoliticosveracruz.com\/index.php?rest_route=\/wp\/v2\/types\/post"}],"author":[{"embeddable":true,"href":"https:\/\/lospoliticosveracruz.com\/index.php?rest_route=\/wp\/v2\/users\/2"}],"replies":[{"embeddable":true,"href":"https:\/\/lospoliticosveracruz.com\/index.php?rest_route=%2Fwp%2Fv2%2Fcomments&post=125070"}],"version-history":[{"count":1,"href":"https:\/\/lospoliticosveracruz.com\/index.php?rest_route=\/wp\/v2\/posts\/125070\/revisions"}],"predecessor-version":[{"id":125071,"href":"https:\/\/lospoliticosveracruz.com\/index.php?rest_route=\/wp\/v2\/posts\/125070\/revisions\/125071"}],"wp:attachment":[{"href":"https:\/\/lospoliticosveracruz.com\/index.php?rest_route=%2Fwp%2Fv2%2Fmedia&parent=125070"}],"wp:term":[{"taxonomy":"category","embeddable":true,"href":"https:\/\/lospoliticosveracruz.com\/index.php?rest_route=%2Fwp%2Fv2%2Fcategories&post=125070"},{"taxonomy":"post_tag","embeddable":true,"href":"https:\/\/lospoliticosveracruz.com\/index.php?rest_route=%2Fwp%2Fv2%2Ftags&post=125070"}],"curies":[{"name":"wp","href":"https:\/\/api.w.org\/{rel}","templated":true}]}}