{"id":125290,"date":"2024-05-28T11:51:39","date_gmt":"2024-05-28T16:51:39","guid":{"rendered":"https:\/\/lospoliticosveracruz.com.mx\/?p=125290"},"modified":"2024-05-28T11:51:51","modified_gmt":"2024-05-28T16:51:51","slug":"claudia-y-dilma-paralelismos-entre-mexico-y-brasil","status":"publish","type":"post","link":"https:\/\/lospoliticosveracruz.com\/?p=125290","title":{"rendered":"CLAUDIA Y DILMA: PARALELISMOS ENTRE M\u00c9XICO Y BRASIL"},"content":{"rendered":"\n<p><strong>Alejandro Bustos<\/strong><\/p>\n\n\n\n<p><em>Sinapsis<\/em><\/p>\n\n\n\n<p>Cada vez se comprueba que el dicho \u201cNo podemos estar peor\u201d es una falacia: s\u00ed se puede estar -mucho- peor. Y es que, en 2018, los antipriistas se llenaron la boca de repetir ese mantra como loros hasta que el tiempo se encarg\u00f3 de ponerlos en su lugar y desmentirlos. En aquel entonces, la mayor\u00eda de los mexicanos votaron enojados en contra del sistema y, como resultado, hemos tenido que padecer al peor gobierno de la historia moderna de este pa\u00eds, que es el que ha encabezado L\u00f3pez Obrador. Sin embargo, aunque parezca dif\u00edcil de creer, en caso de que Claudia Sheinbaum se imponga en las elecciones del pr\u00f3ximo domingo, su gobierno va a ser, estimo, 3 veces peor que el de Obrador. Y ah\u00ed recae la fortaleza de la oposici\u00f3n a largo plazo.<\/p>\n\n\n<div class=\"wp-block-image\">\n<figure class=\"alignleft size-medium\"><a href=\"https:\/\/lospoliticosveracruz.com.mx\/wp-content\/uploads\/2021\/10\/Zacauilt.jpg\"><img decoding=\"async\" src=\"https:\/\/lospoliticosveracruz.com.mx\/wp-content\/uploads\/2021\/10\/Zacauilt-150x300.jpg\" alt=\"\" class=\"wp-image-80558\"\/><\/a><\/figure>\n<\/div>\n\n\n<p>En t\u00e9rminos pol\u00edticos, el actual sexenio agonizante, se podr\u00eda considerar como un periodo perdido, ya que los partidos no oficialistas -PAN, PRI y PRD- se encargaron de todo menos de formar una figura verdaderamente disruptiva que pudiera poner siquiera en aprietos al gobierno. Que nadie los enga\u00f1e: las plataformas presidenciales no surgen de la noche a la ma\u00f1ana; se preparan con un sexenio de anticipaci\u00f3n (en el caso de Obrador fueron 3). Por lo que, si las estimaciones de las casas encuestadoras resultan ser ciertas, la lectura positiva del resultado del pr\u00f3ximo domingo es que, aun perdiendo, la oposici\u00f3n va a empezar su resurgimiento y va a experimentar un crecimiento paulatino durante los pr\u00f3ximos 6 a\u00f1os. Pero es crucial que oficialismo guinda no consolide nuevamente la mayor\u00eda legislativa en ambas c\u00e1maras del Congreso de la Uni\u00f3n. Adem\u00e1s de que en la boleta ya no va a estar L\u00f3pez Obrador, por lo que se antoja como una misi\u00f3n imposible que su candidata emule una votaci\u00f3n tan amplia como la del 2018.<\/p>\n\n\n\n<p><strong>Paralelismos entre Brasil 2011 y M\u00e9xico 2024&nbsp;<\/strong><\/p>\n\n\n\n<p>El escenario pol\u00edtico de la actualidad me recuerda much\u00edsimo al Brasil de la d\u00e9cada pasada. En aquel entonces, el expresidente brasile\u00f1o ultraizquierdista, Lula Da Silva, al igual que AMLO, conclu\u00eda su primer periodo con much\u00edsima popularidad. Lleg\u00f3 a tener tal control que pudo imponer a su sucesora, Dilma Rousseff, quien gan\u00f3 las elecciones c\u00f3modamente recibiendo un total de 55,752,529 votos en la segunda vuelta. Su sexenio arranc\u00f3 m\u00e1s o menos tranquilo, sin embargo, al pasar de los meses, el pa\u00eds se le sali\u00f3 de las manos y ya no hab\u00eda paz social, al mismo tiempo que el efecto Lula se iba desvaneciendo.&nbsp;<\/p>\n\n\n\n<p>Dilma no pudo evitar que le tronara en las manos el esc\u00e1ndalo de Pretrobas, en el que se se\u00f1alaba a pol\u00edticos cercanos a ella, ejecutivos de empresas y altos funcionarios de participar en una red de sobornos y desv\u00edo de fondos. Por si fuera poco, tiempo despu\u00e9s fue acusada de manipulaci\u00f3n fiscal para maquillar el d\u00e9ficit presupuestario de su gobierno en 2014, lo cual es ilegal seg\u00fan la ley brasile\u00f1a.<\/p>\n\n\n\n<p>Durante su segundo mandato, Brasil entr\u00f3 en una profunda recesi\u00f3n econ\u00f3mica, con altos niveles de desempleo e inflaci\u00f3n. Esto aument\u00f3 la insatisfacci\u00f3n popular, las recurrentes marchas por la desigualdad y la presi\u00f3n pol\u00edtica sobre su gobierno.<\/p>\n\n\n\n<p>Por lo que, en un intento desesperado por recuperar popularidad, sac\u00f3 del retiro a su jefe pol\u00edtico, el expresidente Lula, nombr\u00e1ndolo Ministro Jefe de la Casa Civil en marzo de 2016. Sin embargo, esta medida fue vista por muchos como un intento de proteger a Lula de las investigaciones de corrupci\u00f3n en su contra, ya que el cargo le otorgaba inmunidad parcial. Al poco tiempo, ella ser\u00eda destituida por el senado brasile\u00f1o y el expresidente Da Silva terminar\u00eda en prisi\u00f3n en 2018 debido a cargos de corrupci\u00f3n y lavado de dinero en el marco de la operaci\u00f3n Lava Jato. \u00bfVa sonando familiar?<\/p>\n\n\n\n<p>Durante ese periodo, surgi\u00f3 la inesperada figura del exmilitar Jahir Bolsonaro, un combativo opositor que se erig\u00eda como un outsider y al que subestimaron. Con una ret\u00f3rica incendiaria y que algunos ubican dentro del espectro pol\u00edtico derechista, se centr\u00f3 en promesas de mano dura contra el crimen, la liberalizaci\u00f3n econ\u00f3mica del pa\u00eds y la lucha contra la corrupci\u00f3n. Sus discursos empezaron a retumbar en cada rinc\u00f3n del pa\u00eds suramericano y logr\u00f3 consolidar su movimiento. Posteriormente, durante un acto de campa\u00f1a en la ciudad de Juiz de Fora, en el estado de Minas Gerais, el 6 de septiembre de 2018 fue apu\u00f1alado en el abdomen. Sobrevivi\u00f3 pero el ataque le caus\u00f3 lesiones graves y requiri\u00f3 varias cirug\u00edas que hasta la fecha le han tra\u00eddo secuelas.&nbsp;<\/p>\n\n\n\n<p>Como establec\u00ed desde las primeras l\u00edneas de esta entrega, es un hecho objetivo que M\u00e9xico est\u00e1 atravesando el peor momento de su historia moderna pero creo que, como mexicanos, a\u00fan no hemos tocado fondo. Si Morena se llegase a imponer en las elecciones del pr\u00f3ximo domingo, tal cual le pas\u00f3 a Dilma en Brasil, M\u00e9xico se va a convertir al poco tiempo en un polvor\u00edn en las manos de Sheinbaum. Y es que si bien es una hip\u00f3tesis, no es nada descartable: ha asegurado que va a continuar la militarizaci\u00f3n de la mano de la Guardia Nacional, no ha explicado el motivo por el cual familiares suyos presuntamente tienen cuentas bancarias en para\u00edsos fiscales y no ha mostrado tener una m\u00ednima intenci\u00f3n por llevar a cabo la procuraci\u00f3n de justicia respecto al derrumbe de la L\u00ednea 12 del metro que caus\u00f3 la muerte de 26 personas durante su negligente administraci\u00f3n al frente de la Ciudad de M\u00e9xico. En cualquier pa\u00eds m\u00e1s o menos normal, esa tragedia le hubiera costado sus aspiraciones pol\u00edticas al instante.<\/p>\n\n\n\n<p>En fin, teniendo en cuenta que la l\u00ednea pol\u00edtica de la exregenta de la CDMX es completamente continuista, es f\u00e1cil anticipar que este pa\u00eds no aguantar\u00e1 mucho m\u00e1s tiempo seguir bajo el yugo de la 4T. Por no decir que no me parece que ella sea una l\u00edder competente y s\u00ed bastante temperamental e intolerante.&nbsp;<\/p>\n\n\n\n<p>Hoy por hoy, no veo una voz revolucionaria que critique duramente a las \u00e9lites pol\u00edticas y a los partidos tradicionales, como en su momento hiciera Bolsonaro o en la actualidad el presidente de Argentina, Javier Milei, pero seguro debe estar por ah\u00ed. Despu\u00e9s de todo, en tiempos de necesidad surge la innovaci\u00f3n.<\/p>\n\n\n\n<p><strong>El Remate:<\/strong><\/p>\n\n\n\n<p>Si ya lleg\u00f3 hasta aqu\u00ed, estimado lector, le pido que no se desincentive. Si usted quiere un M\u00e9xico distinto, salga a votar acompa\u00f1ado de su familia y amigos. Como le\u00ed en redes sociales, si no le convence de todo X\u00f3chitl, t\u00e1pese la nariz, dele el beneficio de la duda y vote por ella. Es eso o continuar con este r\u00e9gimen regresivo y que tiene estancado a M\u00e9xico en la m\u00e1s pat\u00e9tica mediocridad. Quiz\u00e1s X\u00f3chitl (a quien yo he criticado en este mismo espacio) no sea 100% lo que quiero pero Claudia Sheinbaum es 100% lo que no quiero. As\u00ed que si se siente identificado con mis palabras, acudamos el domingo a nuestra casilla a reflejarlo en la boleta electoral y confiemos en un milagro a nivel federal.&nbsp;<\/p>\n\n\n\n<p>P.D: Veracruz, con Pepe Yunes, va bien pero no hay que confiarnos.<\/p>\n\n\n\n<p>Comentarios:<\/p>\n\n\n\n<p>X\/Twitter: @alecbustos<\/p>\n\n\n\n<p>Mail: alejandrobistosf@gmail.com<\/p>\n","protected":false},"excerpt":{"rendered":"<p>Alejandro Bustos Sinapsis Cada vez se comprueba que el dicho \u201cNo podemos estar peor\u201d es una falacia: s\u00ed se puede estar -mucho- peor. Y es que, en 2018, los antipriistas se llenaron la boca de repetir ese mantra como loros hasta que el tiempo se encarg\u00f3 de ponerlos en su lugar y desmentirlos. En aquel [&hellip;]<\/p>\n","protected":false},"author":2,"featured_media":0,"comment_status":"closed","ping_status":"closed","sticky":false,"template":"","format":"standard","meta":{"tdm_status":"","tdm_grid_status":"","footnotes":""},"categories":[70],"tags":[9627],"class_list":{"0":"post-125290","1":"post","2":"type-post","3":"status-publish","4":"format-standard","6":"category-de-opinion","7":"tag-claudia-sheinbaum"},"yoast_head":"<!-- This site is optimized with the Yoast SEO plugin v27.4 - https:\/\/yoast.com\/product\/yoast-seo-wordpress\/ -->\n<title>CLAUDIA Y DILMA: PARALELISMOS ENTRE M\u00c9XICO Y BRASIL - Los pol\u00edticos Veracruz<\/title>\n<meta name=\"robots\" content=\"index, follow, max-snippet:-1, max-image-preview:large, max-video-preview:-1\" \/>\n<link rel=\"canonical\" href=\"https:\/\/lospoliticosveracruz.com\/?p=125290\" \/>\n<meta property=\"og:locale\" content=\"es_ES\" \/>\n<meta property=\"og:type\" content=\"article\" \/>\n<meta property=\"og:title\" content=\"CLAUDIA Y DILMA: PARALELISMOS ENTRE M\u00c9XICO Y BRASIL - Los pol\u00edticos Veracruz\" \/>\n<meta property=\"og:description\" content=\"Alejandro Bustos Sinapsis Cada vez se comprueba que el dicho \u201cNo podemos estar peor\u201d es una falacia: s\u00ed se puede estar -mucho- peor. Y es que, en 2018, los antipriistas se llenaron la boca de repetir ese mantra como loros hasta que el tiempo se encarg\u00f3 de ponerlos en su lugar y desmentirlos. En aquel [&hellip;]\" \/>\n<meta property=\"og:url\" content=\"https:\/\/lospoliticosveracruz.com\/?p=125290\" \/>\n<meta property=\"og:site_name\" content=\"Los pol\u00edticos Veracruz\" \/>\n<meta property=\"article:publisher\" content=\"https:\/\/www.facebook.com\/people\/Notimemes-de-los-Polticos\/61565672886568\/\" \/>\n<meta property=\"article:published_time\" content=\"2024-05-28T16:51:39+00:00\" \/>\n<meta property=\"article:modified_time\" content=\"2024-05-28T16:51:51+00:00\" \/>\n<meta property=\"og:image\" content=\"https:\/\/lospoliticosveracruz.com.mx\/wp-content\/uploads\/2021\/10\/Zacauilt-150x300.jpg\" \/>\n<meta name=\"author\" content=\"Lo viste en Los Pol\u00edticos\" \/>\n<meta name=\"twitter:card\" content=\"summary_large_image\" \/>\n<meta name=\"twitter:creator\" content=\"@LosPoliticosVer\" \/>\n<meta name=\"twitter:site\" content=\"@LosPoliticosVer\" \/>\n<meta name=\"twitter:label1\" content=\"Escrito por\" \/>\n\t<meta name=\"twitter:data1\" content=\"Lo viste en Los Pol\u00edticos\" \/>\n\t<meta name=\"twitter:label2\" content=\"Tiempo de lectura\" \/>\n\t<meta name=\"twitter:data2\" content=\"6 minutos\" \/>\n<script type=\"application\/ld+json\" class=\"yoast-schema-graph\">{\"@context\":\"https:\\\/\\\/schema.org\",\"@graph\":[{\"@type\":\"Article\",\"@id\":\"https:\\\/\\\/lospoliticosveracruz.com\\\/?p=125290#article\",\"isPartOf\":{\"@id\":\"https:\\\/\\\/lospoliticosveracruz.com\\\/?p=125290\"},\"author\":{\"name\":\"Lo viste en Los Pol\u00edticos\",\"@id\":\"https:\\\/\\\/lospoliticosveracruz.com\\\/#\\\/schema\\\/person\\\/b8702bb0e538456e6efd07080bf2a4a2\"},\"headline\":\"CLAUDIA Y DILMA: PARALELISMOS ENTRE M\u00c9XICO Y BRASIL\",\"datePublished\":\"2024-05-28T16:51:39+00:00\",\"dateModified\":\"2024-05-28T16:51:51+00:00\",\"mainEntityOfPage\":{\"@id\":\"https:\\\/\\\/lospoliticosveracruz.com\\\/?p=125290\"},\"wordCount\":1284,\"publisher\":{\"@id\":\"https:\\\/\\\/lospoliticosveracruz.com\\\/#organization\"},\"image\":{\"@id\":\"https:\\\/\\\/lospoliticosveracruz.com\\\/?p=125290#primaryimage\"},\"thumbnailUrl\":\"https:\\\/\\\/lospoliticosveracruz.com.mx\\\/wp-content\\\/uploads\\\/2021\\\/10\\\/Zacauilt-150x300.jpg\",\"keywords\":[\"Claudia Sheinbaum\"],\"articleSection\":[\"De Opini\u00f3n\"],\"inLanguage\":\"es\"},{\"@type\":\"WebPage\",\"@id\":\"https:\\\/\\\/lospoliticosveracruz.com\\\/?p=125290\",\"url\":\"https:\\\/\\\/lospoliticosveracruz.com\\\/?p=125290\",\"name\":\"CLAUDIA Y DILMA: PARALELISMOS ENTRE M\u00c9XICO Y BRASIL - Los pol\u00edticos Veracruz\",\"isPartOf\":{\"@id\":\"https:\\\/\\\/lospoliticosveracruz.com\\\/#website\"},\"primaryImageOfPage\":{\"@id\":\"https:\\\/\\\/lospoliticosveracruz.com\\\/?p=125290#primaryimage\"},\"image\":{\"@id\":\"https:\\\/\\\/lospoliticosveracruz.com\\\/?p=125290#primaryimage\"},\"thumbnailUrl\":\"https:\\\/\\\/lospoliticosveracruz.com.mx\\\/wp-content\\\/uploads\\\/2021\\\/10\\\/Zacauilt-150x300.jpg\",\"datePublished\":\"2024-05-28T16:51:39+00:00\",\"dateModified\":\"2024-05-28T16:51:51+00:00\",\"breadcrumb\":{\"@id\":\"https:\\\/\\\/lospoliticosveracruz.com\\\/?p=125290#breadcrumb\"},\"inLanguage\":\"es\",\"potentialAction\":[{\"@type\":\"ReadAction\",\"target\":[\"https:\\\/\\\/lospoliticosveracruz.com\\\/?p=125290\"]}]},{\"@type\":\"ImageObject\",\"inLanguage\":\"es\",\"@id\":\"https:\\\/\\\/lospoliticosveracruz.com\\\/?p=125290#primaryimage\",\"url\":\"https:\\\/\\\/lospoliticosveracruz.com.mx\\\/wp-content\\\/uploads\\\/2021\\\/10\\\/Zacauilt-150x300.jpg\",\"contentUrl\":\"https:\\\/\\\/lospoliticosveracruz.com.mx\\\/wp-content\\\/uploads\\\/2021\\\/10\\\/Zacauilt-150x300.jpg\"},{\"@type\":\"BreadcrumbList\",\"@id\":\"https:\\\/\\\/lospoliticosveracruz.com\\\/?p=125290#breadcrumb\",\"itemListElement\":[{\"@type\":\"ListItem\",\"position\":1,\"name\":\"Portada\",\"item\":\"https:\\\/\\\/lospoliticosveracruz.com\\\/\"},{\"@type\":\"ListItem\",\"position\":2,\"name\":\"CLAUDIA Y DILMA: PARALELISMOS ENTRE M\u00c9XICO Y BRASIL\"}]},{\"@type\":\"WebSite\",\"@id\":\"https:\\\/\\\/lospoliticosveracruz.com\\\/#website\",\"url\":\"https:\\\/\\\/lospoliticosveracruz.com\\\/\",\"name\":\"Los pol\u00edticos Veracruz\",\"description\":\"\",\"publisher\":{\"@id\":\"https:\\\/\\\/lospoliticosveracruz.com\\\/#organization\"},\"potentialAction\":[{\"@type\":\"SearchAction\",\"target\":{\"@type\":\"EntryPoint\",\"urlTemplate\":\"https:\\\/\\\/lospoliticosveracruz.com\\\/?s={search_term_string}\"},\"query-input\":{\"@type\":\"PropertyValueSpecification\",\"valueRequired\":true,\"valueName\":\"search_term_string\"}}],\"inLanguage\":\"es\"},{\"@type\":\"Organization\",\"@id\":\"https:\\\/\\\/lospoliticosveracruz.com\\\/#organization\",\"name\":\"Los pol\u00edticos Veracruz\",\"url\":\"https:\\\/\\\/lospoliticosveracruz.com\\\/\",\"logo\":{\"@type\":\"ImageObject\",\"inLanguage\":\"es\",\"@id\":\"https:\\\/\\\/lospoliticosveracruz.com\\\/#\\\/schema\\\/logo\\\/image\\\/\",\"url\":\"https:\\\/\\\/lospoliticosveracruz.com\\\/wp-content\\\/uploads\\\/2025\\\/12\\\/Logo-Nuevo-LOS-POLITICOS-1.jpg\",\"contentUrl\":\"https:\\\/\\\/lospoliticosveracruz.com\\\/wp-content\\\/uploads\\\/2025\\\/12\\\/Logo-Nuevo-LOS-POLITICOS-1.jpg\",\"width\":260,\"height\":70,\"caption\":\"Los pol\u00edticos Veracruz\"},\"image\":{\"@id\":\"https:\\\/\\\/lospoliticosveracruz.com\\\/#\\\/schema\\\/logo\\\/image\\\/\"},\"sameAs\":[\"https:\\\/\\\/www.facebook.com\\\/people\\\/Notimemes-de-los-Polticos\\\/61565672886568\\\/\",\"https:\\\/\\\/x.com\\\/LosPoliticosVer\"]},{\"@type\":\"Person\",\"@id\":\"https:\\\/\\\/lospoliticosveracruz.com\\\/#\\\/schema\\\/person\\\/b8702bb0e538456e6efd07080bf2a4a2\",\"name\":\"Lo viste en Los Pol\u00edticos\",\"image\":{\"@type\":\"ImageObject\",\"inLanguage\":\"es\",\"@id\":\"https:\\\/\\\/secure.gravatar.com\\\/avatar\\\/3a8de04a2656d44082be478bd6c086daa447c4651605818287b9532d3d0bd435?s=96&d=mm&r=g\",\"url\":\"https:\\\/\\\/secure.gravatar.com\\\/avatar\\\/3a8de04a2656d44082be478bd6c086daa447c4651605818287b9532d3d0bd435?s=96&d=mm&r=g\",\"contentUrl\":\"https:\\\/\\\/secure.gravatar.com\\\/avatar\\\/3a8de04a2656d44082be478bd6c086daa447c4651605818287b9532d3d0bd435?s=96&d=mm&r=g\",\"caption\":\"Lo viste en Los Pol\u00edticos\"},\"url\":\"https:\\\/\\\/lospoliticosveracruz.com\\\/?author=2\"}]}<\/script>\n<!-- \/ Yoast SEO plugin. -->","yoast_head_json":{"title":"CLAUDIA Y DILMA: PARALELISMOS ENTRE M\u00c9XICO Y BRASIL - Los pol\u00edticos Veracruz","robots":{"index":"index","follow":"follow","max-snippet":"max-snippet:-1","max-image-preview":"max-image-preview:large","max-video-preview":"max-video-preview:-1"},"canonical":"https:\/\/lospoliticosveracruz.com\/?p=125290","og_locale":"es_ES","og_type":"article","og_title":"CLAUDIA Y DILMA: PARALELISMOS ENTRE M\u00c9XICO Y BRASIL - Los pol\u00edticos Veracruz","og_description":"Alejandro Bustos Sinapsis Cada vez se comprueba que el dicho \u201cNo podemos estar peor\u201d es una falacia: s\u00ed se puede estar -mucho- peor. Y es que, en 2018, los antipriistas se llenaron la boca de repetir ese mantra como loros hasta que el tiempo se encarg\u00f3 de ponerlos en su lugar y desmentirlos. En aquel [&hellip;]","og_url":"https:\/\/lospoliticosveracruz.com\/?p=125290","og_site_name":"Los pol\u00edticos Veracruz","article_publisher":"https:\/\/www.facebook.com\/people\/Notimemes-de-los-Polticos\/61565672886568\/","article_published_time":"2024-05-28T16:51:39+00:00","article_modified_time":"2024-05-28T16:51:51+00:00","og_image":[{"url":"https:\/\/lospoliticosveracruz.com.mx\/wp-content\/uploads\/2021\/10\/Zacauilt-150x300.jpg","type":"","width":"","height":""}],"author":"Lo viste en Los Pol\u00edticos","twitter_card":"summary_large_image","twitter_creator":"@LosPoliticosVer","twitter_site":"@LosPoliticosVer","twitter_misc":{"Escrito por":"Lo viste en Los Pol\u00edticos","Tiempo de lectura":"6 minutos"},"schema":{"@context":"https:\/\/schema.org","@graph":[{"@type":"Article","@id":"https:\/\/lospoliticosveracruz.com\/?p=125290#article","isPartOf":{"@id":"https:\/\/lospoliticosveracruz.com\/?p=125290"},"author":{"name":"Lo viste en Los Pol\u00edticos","@id":"https:\/\/lospoliticosveracruz.com\/#\/schema\/person\/b8702bb0e538456e6efd07080bf2a4a2"},"headline":"CLAUDIA Y DILMA: PARALELISMOS ENTRE M\u00c9XICO Y BRASIL","datePublished":"2024-05-28T16:51:39+00:00","dateModified":"2024-05-28T16:51:51+00:00","mainEntityOfPage":{"@id":"https:\/\/lospoliticosveracruz.com\/?p=125290"},"wordCount":1284,"publisher":{"@id":"https:\/\/lospoliticosveracruz.com\/#organization"},"image":{"@id":"https:\/\/lospoliticosveracruz.com\/?p=125290#primaryimage"},"thumbnailUrl":"https:\/\/lospoliticosveracruz.com.mx\/wp-content\/uploads\/2021\/10\/Zacauilt-150x300.jpg","keywords":["Claudia Sheinbaum"],"articleSection":["De Opini\u00f3n"],"inLanguage":"es"},{"@type":"WebPage","@id":"https:\/\/lospoliticosveracruz.com\/?p=125290","url":"https:\/\/lospoliticosveracruz.com\/?p=125290","name":"CLAUDIA Y DILMA: PARALELISMOS ENTRE M\u00c9XICO Y BRASIL - Los pol\u00edticos Veracruz","isPartOf":{"@id":"https:\/\/lospoliticosveracruz.com\/#website"},"primaryImageOfPage":{"@id":"https:\/\/lospoliticosveracruz.com\/?p=125290#primaryimage"},"image":{"@id":"https:\/\/lospoliticosveracruz.com\/?p=125290#primaryimage"},"thumbnailUrl":"https:\/\/lospoliticosveracruz.com.mx\/wp-content\/uploads\/2021\/10\/Zacauilt-150x300.jpg","datePublished":"2024-05-28T16:51:39+00:00","dateModified":"2024-05-28T16:51:51+00:00","breadcrumb":{"@id":"https:\/\/lospoliticosveracruz.com\/?p=125290#breadcrumb"},"inLanguage":"es","potentialAction":[{"@type":"ReadAction","target":["https:\/\/lospoliticosveracruz.com\/?p=125290"]}]},{"@type":"ImageObject","inLanguage":"es","@id":"https:\/\/lospoliticosveracruz.com\/?p=125290#primaryimage","url":"https:\/\/lospoliticosveracruz.com.mx\/wp-content\/uploads\/2021\/10\/Zacauilt-150x300.jpg","contentUrl":"https:\/\/lospoliticosveracruz.com.mx\/wp-content\/uploads\/2021\/10\/Zacauilt-150x300.jpg"},{"@type":"BreadcrumbList","@id":"https:\/\/lospoliticosveracruz.com\/?p=125290#breadcrumb","itemListElement":[{"@type":"ListItem","position":1,"name":"Portada","item":"https:\/\/lospoliticosveracruz.com\/"},{"@type":"ListItem","position":2,"name":"CLAUDIA Y DILMA: PARALELISMOS ENTRE M\u00c9XICO Y BRASIL"}]},{"@type":"WebSite","@id":"https:\/\/lospoliticosveracruz.com\/#website","url":"https:\/\/lospoliticosveracruz.com\/","name":"Los pol\u00edticos Veracruz","description":"","publisher":{"@id":"https:\/\/lospoliticosveracruz.com\/#organization"},"potentialAction":[{"@type":"SearchAction","target":{"@type":"EntryPoint","urlTemplate":"https:\/\/lospoliticosveracruz.com\/?s={search_term_string}"},"query-input":{"@type":"PropertyValueSpecification","valueRequired":true,"valueName":"search_term_string"}}],"inLanguage":"es"},{"@type":"Organization","@id":"https:\/\/lospoliticosveracruz.com\/#organization","name":"Los pol\u00edticos Veracruz","url":"https:\/\/lospoliticosveracruz.com\/","logo":{"@type":"ImageObject","inLanguage":"es","@id":"https:\/\/lospoliticosveracruz.com\/#\/schema\/logo\/image\/","url":"https:\/\/lospoliticosveracruz.com\/wp-content\/uploads\/2025\/12\/Logo-Nuevo-LOS-POLITICOS-1.jpg","contentUrl":"https:\/\/lospoliticosveracruz.com\/wp-content\/uploads\/2025\/12\/Logo-Nuevo-LOS-POLITICOS-1.jpg","width":260,"height":70,"caption":"Los pol\u00edticos Veracruz"},"image":{"@id":"https:\/\/lospoliticosveracruz.com\/#\/schema\/logo\/image\/"},"sameAs":["https:\/\/www.facebook.com\/people\/Notimemes-de-los-Polticos\/61565672886568\/","https:\/\/x.com\/LosPoliticosVer"]},{"@type":"Person","@id":"https:\/\/lospoliticosveracruz.com\/#\/schema\/person\/b8702bb0e538456e6efd07080bf2a4a2","name":"Lo viste en Los Pol\u00edticos","image":{"@type":"ImageObject","inLanguage":"es","@id":"https:\/\/secure.gravatar.com\/avatar\/3a8de04a2656d44082be478bd6c086daa447c4651605818287b9532d3d0bd435?s=96&d=mm&r=g","url":"https:\/\/secure.gravatar.com\/avatar\/3a8de04a2656d44082be478bd6c086daa447c4651605818287b9532d3d0bd435?s=96&d=mm&r=g","contentUrl":"https:\/\/secure.gravatar.com\/avatar\/3a8de04a2656d44082be478bd6c086daa447c4651605818287b9532d3d0bd435?s=96&d=mm&r=g","caption":"Lo viste en Los Pol\u00edticos"},"url":"https:\/\/lospoliticosveracruz.com\/?author=2"}]}},"_links":{"self":[{"href":"https:\/\/lospoliticosveracruz.com\/index.php?rest_route=\/wp\/v2\/posts\/125290","targetHints":{"allow":["GET"]}}],"collection":[{"href":"https:\/\/lospoliticosveracruz.com\/index.php?rest_route=\/wp\/v2\/posts"}],"about":[{"href":"https:\/\/lospoliticosveracruz.com\/index.php?rest_route=\/wp\/v2\/types\/post"}],"author":[{"embeddable":true,"href":"https:\/\/lospoliticosveracruz.com\/index.php?rest_route=\/wp\/v2\/users\/2"}],"replies":[{"embeddable":true,"href":"https:\/\/lospoliticosveracruz.com\/index.php?rest_route=%2Fwp%2Fv2%2Fcomments&post=125290"}],"version-history":[{"count":1,"href":"https:\/\/lospoliticosveracruz.com\/index.php?rest_route=\/wp\/v2\/posts\/125290\/revisions"}],"predecessor-version":[{"id":125291,"href":"https:\/\/lospoliticosveracruz.com\/index.php?rest_route=\/wp\/v2\/posts\/125290\/revisions\/125291"}],"wp:attachment":[{"href":"https:\/\/lospoliticosveracruz.com\/index.php?rest_route=%2Fwp%2Fv2%2Fmedia&parent=125290"}],"wp:term":[{"taxonomy":"category","embeddable":true,"href":"https:\/\/lospoliticosveracruz.com\/index.php?rest_route=%2Fwp%2Fv2%2Fcategories&post=125290"},{"taxonomy":"post_tag","embeddable":true,"href":"https:\/\/lospoliticosveracruz.com\/index.php?rest_route=%2Fwp%2Fv2%2Ftags&post=125290"}],"curies":[{"name":"wp","href":"https:\/\/api.w.org\/{rel}","templated":true}]}}