{"id":12532,"date":"2014-10-11T01:00:00","date_gmt":"2014-10-11T01:00:00","guid":{"rendered":"http:\/\/www.lospoliticosveracruz.com.mx\/transito-sexo-y-mordidas\/"},"modified":"2014-10-11T01:10:57","modified_gmt":"2014-10-11T01:10:57","slug":"transito-sexo-y-mordidas","status":"publish","type":"post","link":"https:\/\/lospoliticosveracruz.com\/?p=12532","title":{"rendered":"Tr\u00e1nsito, sexo y mordidas"},"content":{"rendered":"<div style=\"clear: both; text-align: center;\"><a href=\"http:\/\/www.lospoliticosveracruz.com.mx\/wp-content\/uploads\/2014\/10\/Di\u00f3genes.jpg\"><img loading=\"lazy\" decoding=\"async\" class=\"alignnone size-medium wp-image-12536\" src=\"http:\/\/www.lospoliticosveracruz.com.mx\/wp-content\/uploads\/2014\/10\/Di\u00f3genes-243x300.jpg\" alt=\"Di\u00f3genes\" width=\"243\" height=\"300\" \/><\/a><\/div>\n<div><b>\u00a0<\/b><\/div>\n<p><b>Brenda Caballero<\/b><br \/>\n<i>N\u00fameros Rojos<\/i><\/p>\n<p>La foto de portada de mi p\u00e1gina de facebook es una de mis favoritas. Para los que no la han visto la describo: Su servidora se encuentra en tubo haciendo la posici\u00f3n de silla con piernas estiradas, un short de licra corto, sosteniendo el equilibrio con mi mano derecha. Sobre mi abdomen est\u00e1 Santiago, mi sobrino de casi tres a\u00f1os. El trae tenis, se sostiene con mano derecha del tubo y su manita izquierda recae en la m\u00eda. Su sonrisa dice m\u00e1s que mil palabras. Le encanta el pole y subirse al tubo.<br \/>\n\u00bfA qu\u00e9 voy con todo esto? Simple: esa foto que tengo en mi p\u00e1gina de red social y que es motivo de orgullo para m\u00ed, para muchos otros significa tantas cosas, como que hasta teibolera soy.<a name=\"more\"><\/a><br \/>\nEso es lo m\u00e1s chistoso de todo, pues una gran parte de la sociedad sataniza al pole, lo ve pecaminoso y sucio.<br \/>\nRealmente, despu\u00e9s de practicarlo casi nueve meses, puedo decir que es una actividad f\u00edsica que te da mucha seguridad, te da condici\u00f3n f\u00edsica, fuerza en brazos y piernas y tonificaci\u00f3n de m\u00fasculo\u2026 l\u00e1stima que algunos lo vean como sin\u00f3nimo de prostituci\u00f3n.<br \/>\nEste es un ejemplo de c\u00f3mo una foto puede cambiar la manera de pensar de las personas hacia cada uno de nosotros, de que se tenga una opini\u00f3n err\u00f3nea, incluso en casos m\u00e1s dr\u00e1sticos hasta nos puede afectar en nuestra vida personal y laboral.<br \/>\nAs\u00ed fue el caso de Di\u00f3genes Luciano Rodr\u00edguez, ex delegado de tr\u00e1nsito del municipio de \u00c1lamo Temapache, y digo \u201cex delegado\u201d, porque despu\u00e9s de que se filtrara una foto personal de \u00e9l en las redes sociales, lo cesaron de su puesto.<br \/>\nLe cuento. En d\u00edas pasados apareci\u00f3 una foto de Di\u00f3genes circulando por facebook y whatsaap en el que aparece postrada su boca sobre el pecho de una dama que lo acompa\u00f1a, y que al parecer es la que toma el selfie. Se entiende que alguien filtr\u00f3 la foto por error (pudo ser \u00e9l o su acompa\u00f1ante) y de all\u00ed empez\u00f3 a circular y circular terminando con el despido de su trabajo.<br \/>\n\u00bfEstuvo bien o mal esa decisi\u00f3n? Realmente se han dividido opiniones al respecto.<br \/>\nEn lo particular, considero injusto su despido por una foto personal que, al parecer, s\u00f3lo afectaba a los que estaban en ella. Tratando de encontrar una justificaci\u00f3n, observo la foto y no creo que est\u00e9 en su oficina, en horario de trabajo o usando recursos p\u00fablicos por los que amerite una sanci\u00f3n. Desde luego que s\u00f3lo ellos saben el c\u00f3mo, cu\u00e1ndo y d\u00f3nde ejercen su intimidad.<br \/>\nBuscando m\u00e1s informaci\u00f3n al respecto, le\u00eda en alg\u00fan portal que no era la primera vez que el delegado de tr\u00e1nsito era noticia, pues era del dominio p\u00fablico que el se\u00f1or era \u201calcoh\u00f3lico asiduo a pagar por recibir placer\u201d. Adem\u00e1s de que algunos taxistas le daban mordida para circular sin placas o para no ser reubicados; incluso comentaron que hab\u00eda chocado la camioneta de tr\u00e1nsito.<br \/>\nCreo que si la ciudadan\u00eda o sus superiores ten\u00edan conocimiento de estos \u00faltimos datos relacionados con su trabajo, era motivo suficiente para que lo despidieran y no una foto en la que aparece semidesnudo haciendo lo que una pareja puede hacer en la intimidad. Eso s\u00ed me parece totalmente moralino.<br \/>\nY bueno, realmente creo \u00e9sa fue la causa de despido, ya que en la actualidad muchos de los usuarios de las redes sociales nos convertimos en jueces, criticamos, tachamos y denunciamos todo lo nos parece mal, aunque por desgracia, muchas veces sin argumentos y sin raz\u00f3n.<br \/>\nCreemos que si alguien est\u00e1 desnudo es pecaminoso y debe ser mal visto por la sociedad y quien m\u00e1s que nosotros para denunciarlo y compartirlo en la red para que todos lo juzguemos y lo condenemos en una falsa moralina.<br \/>\nAunque me pregunto \u00bflos que condenan a Di\u00f3genes nunca han hecho eso? lo dudo, tal vez la diferencia sea que no se tomaron la foto, porque de que hacemos cosas peores \u00a1las hacemos!<br \/>\nAunque con todo esto, Di\u00f3genes puede decir que lo corrieron no por recibir mordidas, \u00a1sino por darlas!<\/p>\n<p>Email: <a href=\"mailto:caballero_brenda@hotmail.com\">caballero_brenda@hotmail.com<\/a><\/p>\n","protected":false},"excerpt":{"rendered":"<p>\u00a0 Brenda Caballero N\u00fameros Rojos La foto de portada de mi p\u00e1gina de facebook es una de mis favoritas. Para los que no la han visto la describo: Su servidora se encuentra en tubo haciendo la posici\u00f3n de silla con piernas estiradas, un short de licra corto, sosteniendo el equilibrio con mi mano derecha. Sobre [&hellip;]<\/p>\n","protected":false},"author":2,"featured_media":0,"comment_status":"open","ping_status":"open","sticky":false,"template":"","format":"standard","meta":{"tdm_status":"","tdm_grid_status":"","footnotes":""},"categories":[70],"tags":[243,242,244,192],"class_list":{"0":"post-12532","1":"post","2":"type-post","3":"status-publish","4":"format-standard","6":"category-de-opinion","7":"tag-diogenes-luciano-rodriguez","8":"tag-facebook","9":"tag-mordidas","10":"tag-transito"},"yoast_head":"<!-- This site is optimized with the Yoast SEO plugin v27.4 - https:\/\/yoast.com\/product\/yoast-seo-wordpress\/ -->\n<title>Tr\u00e1nsito, sexo y mordidas - Los pol\u00edticos Veracruz<\/title>\n<meta name=\"robots\" content=\"index, follow, max-snippet:-1, max-image-preview:large, max-video-preview:-1\" \/>\n<link rel=\"canonical\" href=\"https:\/\/lospoliticosveracruz.com\/?p=12532\" \/>\n<meta property=\"og:locale\" content=\"es_ES\" \/>\n<meta property=\"og:type\" content=\"article\" \/>\n<meta property=\"og:title\" content=\"Tr\u00e1nsito, sexo y mordidas - Los pol\u00edticos Veracruz\" \/>\n<meta property=\"og:description\" content=\"\u00a0 Brenda Caballero N\u00fameros Rojos La foto de portada de mi p\u00e1gina de facebook es una de mis favoritas. Para los que no la han visto la describo: Su servidora se encuentra en tubo haciendo la posici\u00f3n de silla con piernas estiradas, un short de licra corto, sosteniendo el equilibrio con mi mano derecha. Sobre [&hellip;]\" \/>\n<meta property=\"og:url\" content=\"https:\/\/lospoliticosveracruz.com\/?p=12532\" \/>\n<meta property=\"og:site_name\" content=\"Los pol\u00edticos Veracruz\" \/>\n<meta property=\"article:publisher\" content=\"https:\/\/www.facebook.com\/people\/Notimemes-de-los-Polticos\/61565672886568\/\" \/>\n<meta property=\"article:published_time\" content=\"2014-10-11T01:00:00+00:00\" \/>\n<meta property=\"article:modified_time\" content=\"2014-10-11T01:10:57+00:00\" \/>\n<meta property=\"og:image\" content=\"https:\/\/lospoliticosveracruz.com\/wp-content\/uploads\/2016\/07\/Logo-Dor.jpg\" \/>\n\t<meta property=\"og:image:width\" content=\"200\" \/>\n\t<meta property=\"og:image:height\" content=\"200\" \/>\n\t<meta property=\"og:image:type\" content=\"image\/jpeg\" \/>\n<meta name=\"author\" content=\"Lo viste en Los Pol\u00edticos\" \/>\n<meta name=\"twitter:card\" content=\"summary_large_image\" \/>\n<meta name=\"twitter:creator\" content=\"@LosPoliticosVer\" \/>\n<meta name=\"twitter:site\" content=\"@LosPoliticosVer\" \/>\n<meta name=\"twitter:label1\" content=\"Escrito por\" \/>\n\t<meta name=\"twitter:data1\" content=\"Lo viste en Los Pol\u00edticos\" \/>\n\t<meta name=\"twitter:label2\" content=\"Tiempo de lectura\" \/>\n\t<meta name=\"twitter:data2\" content=\"4 minutos\" \/>\n<script type=\"application\/ld+json\" class=\"yoast-schema-graph\">{\"@context\":\"https:\\\/\\\/schema.org\",\"@graph\":[{\"@type\":\"Article\",\"@id\":\"https:\\\/\\\/lospoliticosveracruz.com\\\/?p=12532#article\",\"isPartOf\":{\"@id\":\"https:\\\/\\\/lospoliticosveracruz.com\\\/?p=12532\"},\"author\":{\"name\":\"Lo viste en Los Pol\u00edticos\",\"@id\":\"https:\\\/\\\/lospoliticosveracruz.com\\\/#\\\/schema\\\/person\\\/b8702bb0e538456e6efd07080bf2a4a2\"},\"headline\":\"Tr\u00e1nsito, sexo y mordidas\",\"datePublished\":\"2014-10-11T01:00:00+00:00\",\"dateModified\":\"2014-10-11T01:10:57+00:00\",\"mainEntityOfPage\":{\"@id\":\"https:\\\/\\\/lospoliticosveracruz.com\\\/?p=12532\"},\"wordCount\":747,\"commentCount\":0,\"publisher\":{\"@id\":\"https:\\\/\\\/lospoliticosveracruz.com\\\/#organization\"},\"keywords\":[\"Di\u00f3genes Luciano Rodr\u00edguez\",\"facebook\",\"mordidas\",\"Tr\u00e1nsito\"],\"articleSection\":[\"De Opini\u00f3n\"],\"inLanguage\":\"es\",\"potentialAction\":[{\"@type\":\"CommentAction\",\"name\":\"Comment\",\"target\":[\"https:\\\/\\\/lospoliticosveracruz.com\\\/?p=12532#respond\"]}]},{\"@type\":\"WebPage\",\"@id\":\"https:\\\/\\\/lospoliticosveracruz.com\\\/?p=12532\",\"url\":\"https:\\\/\\\/lospoliticosveracruz.com\\\/?p=12532\",\"name\":\"Tr\u00e1nsito, sexo y mordidas - Los pol\u00edticos Veracruz\",\"isPartOf\":{\"@id\":\"https:\\\/\\\/lospoliticosveracruz.com\\\/#website\"},\"datePublished\":\"2014-10-11T01:00:00+00:00\",\"dateModified\":\"2014-10-11T01:10:57+00:00\",\"breadcrumb\":{\"@id\":\"https:\\\/\\\/lospoliticosveracruz.com\\\/?p=12532#breadcrumb\"},\"inLanguage\":\"es\",\"potentialAction\":[{\"@type\":\"ReadAction\",\"target\":[\"https:\\\/\\\/lospoliticosveracruz.com\\\/?p=12532\"]}]},{\"@type\":\"BreadcrumbList\",\"@id\":\"https:\\\/\\\/lospoliticosveracruz.com\\\/?p=12532#breadcrumb\",\"itemListElement\":[{\"@type\":\"ListItem\",\"position\":1,\"name\":\"Portada\",\"item\":\"https:\\\/\\\/lospoliticosveracruz.com\\\/\"},{\"@type\":\"ListItem\",\"position\":2,\"name\":\"Tr\u00e1nsito, sexo y mordidas\"}]},{\"@type\":\"WebSite\",\"@id\":\"https:\\\/\\\/lospoliticosveracruz.com\\\/#website\",\"url\":\"https:\\\/\\\/lospoliticosveracruz.com\\\/\",\"name\":\"Los pol\u00edticos Veracruz\",\"description\":\"\",\"publisher\":{\"@id\":\"https:\\\/\\\/lospoliticosveracruz.com\\\/#organization\"},\"potentialAction\":[{\"@type\":\"SearchAction\",\"target\":{\"@type\":\"EntryPoint\",\"urlTemplate\":\"https:\\\/\\\/lospoliticosveracruz.com\\\/?s={search_term_string}\"},\"query-input\":{\"@type\":\"PropertyValueSpecification\",\"valueRequired\":true,\"valueName\":\"search_term_string\"}}],\"inLanguage\":\"es\"},{\"@type\":\"Organization\",\"@id\":\"https:\\\/\\\/lospoliticosveracruz.com\\\/#organization\",\"name\":\"Los pol\u00edticos Veracruz\",\"url\":\"https:\\\/\\\/lospoliticosveracruz.com\\\/\",\"logo\":{\"@type\":\"ImageObject\",\"inLanguage\":\"es\",\"@id\":\"https:\\\/\\\/lospoliticosveracruz.com\\\/#\\\/schema\\\/logo\\\/image\\\/\",\"url\":\"https:\\\/\\\/lospoliticosveracruz.com\\\/wp-content\\\/uploads\\\/2025\\\/12\\\/Logo-Nuevo-LOS-POLITICOS-1.jpg\",\"contentUrl\":\"https:\\\/\\\/lospoliticosveracruz.com\\\/wp-content\\\/uploads\\\/2025\\\/12\\\/Logo-Nuevo-LOS-POLITICOS-1.jpg\",\"width\":260,\"height\":70,\"caption\":\"Los pol\u00edticos Veracruz\"},\"image\":{\"@id\":\"https:\\\/\\\/lospoliticosveracruz.com\\\/#\\\/schema\\\/logo\\\/image\\\/\"},\"sameAs\":[\"https:\\\/\\\/www.facebook.com\\\/people\\\/Notimemes-de-los-Polticos\\\/61565672886568\\\/\",\"https:\\\/\\\/x.com\\\/LosPoliticosVer\"]},{\"@type\":\"Person\",\"@id\":\"https:\\\/\\\/lospoliticosveracruz.com\\\/#\\\/schema\\\/person\\\/b8702bb0e538456e6efd07080bf2a4a2\",\"name\":\"Lo viste en Los Pol\u00edticos\",\"image\":{\"@type\":\"ImageObject\",\"inLanguage\":\"es\",\"@id\":\"https:\\\/\\\/secure.gravatar.com\\\/avatar\\\/3a8de04a2656d44082be478bd6c086daa447c4651605818287b9532d3d0bd435?s=96&d=mm&r=g\",\"url\":\"https:\\\/\\\/secure.gravatar.com\\\/avatar\\\/3a8de04a2656d44082be478bd6c086daa447c4651605818287b9532d3d0bd435?s=96&d=mm&r=g\",\"contentUrl\":\"https:\\\/\\\/secure.gravatar.com\\\/avatar\\\/3a8de04a2656d44082be478bd6c086daa447c4651605818287b9532d3d0bd435?s=96&d=mm&r=g\",\"caption\":\"Lo viste en Los Pol\u00edticos\"},\"url\":\"https:\\\/\\\/lospoliticosveracruz.com\\\/?author=2\"}]}<\/script>\n<!-- \/ Yoast SEO plugin. -->","yoast_head_json":{"title":"Tr\u00e1nsito, sexo y mordidas - Los pol\u00edticos Veracruz","robots":{"index":"index","follow":"follow","max-snippet":"max-snippet:-1","max-image-preview":"max-image-preview:large","max-video-preview":"max-video-preview:-1"},"canonical":"https:\/\/lospoliticosveracruz.com\/?p=12532","og_locale":"es_ES","og_type":"article","og_title":"Tr\u00e1nsito, sexo y mordidas - Los pol\u00edticos Veracruz","og_description":"\u00a0 Brenda Caballero N\u00fameros Rojos La foto de portada de mi p\u00e1gina de facebook es una de mis favoritas. Para los que no la han visto la describo: Su servidora se encuentra en tubo haciendo la posici\u00f3n de silla con piernas estiradas, un short de licra corto, sosteniendo el equilibrio con mi mano derecha. Sobre [&hellip;]","og_url":"https:\/\/lospoliticosveracruz.com\/?p=12532","og_site_name":"Los pol\u00edticos Veracruz","article_publisher":"https:\/\/www.facebook.com\/people\/Notimemes-de-los-Polticos\/61565672886568\/","article_published_time":"2014-10-11T01:00:00+00:00","article_modified_time":"2014-10-11T01:10:57+00:00","og_image":[{"width":200,"height":200,"url":"https:\/\/lospoliticosveracruz.com\/wp-content\/uploads\/2016\/07\/Logo-Dor.jpg","type":"image\/jpeg"}],"author":"Lo viste en Los Pol\u00edticos","twitter_card":"summary_large_image","twitter_creator":"@LosPoliticosVer","twitter_site":"@LosPoliticosVer","twitter_misc":{"Escrito por":"Lo viste en Los Pol\u00edticos","Tiempo de lectura":"4 minutos"},"schema":{"@context":"https:\/\/schema.org","@graph":[{"@type":"Article","@id":"https:\/\/lospoliticosveracruz.com\/?p=12532#article","isPartOf":{"@id":"https:\/\/lospoliticosveracruz.com\/?p=12532"},"author":{"name":"Lo viste en Los Pol\u00edticos","@id":"https:\/\/lospoliticosveracruz.com\/#\/schema\/person\/b8702bb0e538456e6efd07080bf2a4a2"},"headline":"Tr\u00e1nsito, sexo y mordidas","datePublished":"2014-10-11T01:00:00+00:00","dateModified":"2014-10-11T01:10:57+00:00","mainEntityOfPage":{"@id":"https:\/\/lospoliticosveracruz.com\/?p=12532"},"wordCount":747,"commentCount":0,"publisher":{"@id":"https:\/\/lospoliticosveracruz.com\/#organization"},"keywords":["Di\u00f3genes Luciano Rodr\u00edguez","facebook","mordidas","Tr\u00e1nsito"],"articleSection":["De Opini\u00f3n"],"inLanguage":"es","potentialAction":[{"@type":"CommentAction","name":"Comment","target":["https:\/\/lospoliticosveracruz.com\/?p=12532#respond"]}]},{"@type":"WebPage","@id":"https:\/\/lospoliticosveracruz.com\/?p=12532","url":"https:\/\/lospoliticosveracruz.com\/?p=12532","name":"Tr\u00e1nsito, sexo y mordidas - Los pol\u00edticos Veracruz","isPartOf":{"@id":"https:\/\/lospoliticosveracruz.com\/#website"},"datePublished":"2014-10-11T01:00:00+00:00","dateModified":"2014-10-11T01:10:57+00:00","breadcrumb":{"@id":"https:\/\/lospoliticosveracruz.com\/?p=12532#breadcrumb"},"inLanguage":"es","potentialAction":[{"@type":"ReadAction","target":["https:\/\/lospoliticosveracruz.com\/?p=12532"]}]},{"@type":"BreadcrumbList","@id":"https:\/\/lospoliticosveracruz.com\/?p=12532#breadcrumb","itemListElement":[{"@type":"ListItem","position":1,"name":"Portada","item":"https:\/\/lospoliticosveracruz.com\/"},{"@type":"ListItem","position":2,"name":"Tr\u00e1nsito, sexo y mordidas"}]},{"@type":"WebSite","@id":"https:\/\/lospoliticosveracruz.com\/#website","url":"https:\/\/lospoliticosveracruz.com\/","name":"Los pol\u00edticos Veracruz","description":"","publisher":{"@id":"https:\/\/lospoliticosveracruz.com\/#organization"},"potentialAction":[{"@type":"SearchAction","target":{"@type":"EntryPoint","urlTemplate":"https:\/\/lospoliticosveracruz.com\/?s={search_term_string}"},"query-input":{"@type":"PropertyValueSpecification","valueRequired":true,"valueName":"search_term_string"}}],"inLanguage":"es"},{"@type":"Organization","@id":"https:\/\/lospoliticosveracruz.com\/#organization","name":"Los pol\u00edticos Veracruz","url":"https:\/\/lospoliticosveracruz.com\/","logo":{"@type":"ImageObject","inLanguage":"es","@id":"https:\/\/lospoliticosveracruz.com\/#\/schema\/logo\/image\/","url":"https:\/\/lospoliticosveracruz.com\/wp-content\/uploads\/2025\/12\/Logo-Nuevo-LOS-POLITICOS-1.jpg","contentUrl":"https:\/\/lospoliticosveracruz.com\/wp-content\/uploads\/2025\/12\/Logo-Nuevo-LOS-POLITICOS-1.jpg","width":260,"height":70,"caption":"Los pol\u00edticos Veracruz"},"image":{"@id":"https:\/\/lospoliticosveracruz.com\/#\/schema\/logo\/image\/"},"sameAs":["https:\/\/www.facebook.com\/people\/Notimemes-de-los-Polticos\/61565672886568\/","https:\/\/x.com\/LosPoliticosVer"]},{"@type":"Person","@id":"https:\/\/lospoliticosveracruz.com\/#\/schema\/person\/b8702bb0e538456e6efd07080bf2a4a2","name":"Lo viste en Los Pol\u00edticos","image":{"@type":"ImageObject","inLanguage":"es","@id":"https:\/\/secure.gravatar.com\/avatar\/3a8de04a2656d44082be478bd6c086daa447c4651605818287b9532d3d0bd435?s=96&d=mm&r=g","url":"https:\/\/secure.gravatar.com\/avatar\/3a8de04a2656d44082be478bd6c086daa447c4651605818287b9532d3d0bd435?s=96&d=mm&r=g","contentUrl":"https:\/\/secure.gravatar.com\/avatar\/3a8de04a2656d44082be478bd6c086daa447c4651605818287b9532d3d0bd435?s=96&d=mm&r=g","caption":"Lo viste en Los Pol\u00edticos"},"url":"https:\/\/lospoliticosveracruz.com\/?author=2"}]}},"_links":{"self":[{"href":"https:\/\/lospoliticosveracruz.com\/index.php?rest_route=\/wp\/v2\/posts\/12532","targetHints":{"allow":["GET"]}}],"collection":[{"href":"https:\/\/lospoliticosveracruz.com\/index.php?rest_route=\/wp\/v2\/posts"}],"about":[{"href":"https:\/\/lospoliticosveracruz.com\/index.php?rest_route=\/wp\/v2\/types\/post"}],"author":[{"embeddable":true,"href":"https:\/\/lospoliticosveracruz.com\/index.php?rest_route=\/wp\/v2\/users\/2"}],"replies":[{"embeddable":true,"href":"https:\/\/lospoliticosveracruz.com\/index.php?rest_route=%2Fwp%2Fv2%2Fcomments&post=12532"}],"version-history":[{"count":2,"href":"https:\/\/lospoliticosveracruz.com\/index.php?rest_route=\/wp\/v2\/posts\/12532\/revisions"}],"predecessor-version":[{"id":12537,"href":"https:\/\/lospoliticosveracruz.com\/index.php?rest_route=\/wp\/v2\/posts\/12532\/revisions\/12537"}],"wp:attachment":[{"href":"https:\/\/lospoliticosveracruz.com\/index.php?rest_route=%2Fwp%2Fv2%2Fmedia&parent=12532"}],"wp:term":[{"taxonomy":"category","embeddable":true,"href":"https:\/\/lospoliticosveracruz.com\/index.php?rest_route=%2Fwp%2Fv2%2Fcategories&post=12532"},{"taxonomy":"post_tag","embeddable":true,"href":"https:\/\/lospoliticosveracruz.com\/index.php?rest_route=%2Fwp%2Fv2%2Ftags&post=12532"}],"curies":[{"name":"wp","href":"https:\/\/api.w.org\/{rel}","templated":true}]}}