{"id":125368,"date":"2024-05-29T12:30:14","date_gmt":"2024-05-29T17:30:14","guid":{"rendered":"https:\/\/lospoliticosveracruz.com.mx\/?p=125368"},"modified":"2024-05-29T12:34:41","modified_gmt":"2024-05-29T17:34:41","slug":"castagne-uso-documentos-falsos-contra-candidata-uif","status":"publish","type":"post","link":"https:\/\/lospoliticosveracruz.com\/?p=125368","title":{"rendered":"CASTAGN\u00c9 US\u00d3 DOCUMENTOS FALSOS CONTRA CANDIDATA: UIF"},"content":{"rendered":"\n<p><\/p>\n\n\n\n<p><\/p>\n\n\n\n<p>La Unidad de Inteligencia Financiera (UIF) desech\u00f3 la solicitud de investigaci\u00f3n de Arturo Castagn\u00e9 Curier contra la candidata de Morena al gobierno de la ciudad de M\u00e9xico, Clara Brugada, por considerar falsos los documentos presentados, por lo que el empresario veracruzano enfrentar\u00e1 una denuncia m\u00e1s que se suma a la de la aspirante morenista en Veracruz, Roc\u00edo Nahle por da\u00f1o moral y difamaci\u00f3n.<\/p>\n\n\n\n<p>Medios nacionales, como Grupo F\u00f3rmula y Proceso, informaron que la UIF desestim\u00f3 la querella contra Brugada al detectar que Castagn\u00e9 us\u00f3 documentos falsos al cotejar los c\u00f3digos Swift -una serie de 8 a 11 n\u00fameros para identificar al banco receptor de una transferencia internacional-, los que no pertenecen al Seychelles Commercial Bank, como lo se\u00f1al\u00f3 el empresario.<\/p>\n\n\n\n<p>Al acusar a Clara Brugada de tener supuestos fondos bancarios en dicha instituci\u00f3n financiera y resultar falso, la candidata procedio a denunciar por las difamaciones en su contra y con lo obtenido como reparaci\u00f3n por da\u00f1o moral se destinar\u00e1 a construir una \u201cUTOPIA en nuestra ciudad de M\u00e9xico\u201d, particularmente en Iztapalapa.<\/p>\n\n\n\n<p>La candidata de Morena, Roc\u00edo Nahle Garc\u00eda hab\u00eda anunciado ante la misma situaci\u00f3n emprendida en su contra por Castagn\u00e9 que su denuncia considera la reparaci\u00f3n de da\u00f1o moral por 100 millones de pesos, lo que ser\u00e1 destinado a su vez a la regi\u00f3n de Huayacocotla en la zona norte del estado de Veracruz.<\/p>\n\n\n\n<p>Anoche Nahle Garc\u00eda emiti\u00f3 en su cuenta X (twitter) el siguiente mensaje: \u201cBien, ahora al Pati\u00f1o se le suma otra demanda, ac\u00e1 en Veracruz tarde que temprano tendr\u00e1 que pagar 100 millones de pesos que van a ir a Huayacocotla y a @ClaraBrugadaM otros m\u00e1s que van a ir a las utopias de Iztapalapa, justamente lo que m\u00e1s desprecia este acosador y mentiroso.\u201d<\/p>\n\n\n\n<p>Castagn\u00e9 Garc\u00eda asegur\u00f3 en d\u00edas pasados tener ahora denuncia de cuentas bancarias de la candidata en la ciudad de M\u00e9xico: \u201caqu\u00ed est\u00e1n las pruebas, datos bancarios y de inversi\u00f3n en para\u00edsos fiscales de la se\u00f1ora @ClaraBrugadaM<br>Clara M. Brugada Molina por $2,683,530.00 millones de d\u00f3lares, esta secta lleg\u00f3 al poder para robarse nuestro pa\u00eds, est\u00e1 en nosotros Votar para botarlos este 2 de Junio\u201d.<\/p>\n\n\n\n<p>Lo que fue desmentido por la UIF y posteriormente se hizo el anuncio de la candidata que presentar\u00e1 denuncia contra el empresario, de igual forma como ocurri\u00f3 con Roc\u00edo Nahle en Veracruz, por lo que Castagn\u00e9 qued\u00f3 evidenciado en su falsedad.<\/p>\n","protected":false},"excerpt":{"rendered":"<p>La Unidad de Inteligencia Financiera (UIF) desech\u00f3 la solicitud de investigaci\u00f3n de Arturo Castagn\u00e9 Curier contra la candidata de Morena al gobierno de la ciudad de M\u00e9xico, Clara Brugada, por considerar falsos los documentos presentados, por lo que el empresario veracruzano enfrentar\u00e1 una denuncia m\u00e1s que se suma a la de la aspirante morenista en [&hellip;]<\/p>\n","protected":false},"author":2,"featured_media":0,"comment_status":"closed","ping_status":"closed","sticky":false,"template":"","format":"standard","meta":{"tdm_status":"","tdm_grid_status":"","footnotes":""},"categories":[6446],"tags":[14697],"class_list":{"0":"post-125368","1":"post","2":"type-post","3":"status-publish","4":"format-standard","6":"category-la-nota","7":"tag-unidad-de-inteligencia-financiera"},"yoast_head":"<!-- This site is optimized with the Yoast SEO plugin v27.4 - https:\/\/yoast.com\/product\/yoast-seo-wordpress\/ -->\n<title>CASTAGN\u00c9 US\u00d3 DOCUMENTOS FALSOS CONTRA CANDIDATA: UIF - Los pol\u00edticos Veracruz<\/title>\n<meta name=\"robots\" content=\"index, follow, max-snippet:-1, max-image-preview:large, max-video-preview:-1\" \/>\n<link rel=\"canonical\" href=\"https:\/\/lospoliticosveracruz.com\/?p=125368\" \/>\n<meta property=\"og:locale\" content=\"es_ES\" \/>\n<meta property=\"og:type\" content=\"article\" \/>\n<meta property=\"og:title\" content=\"CASTAGN\u00c9 US\u00d3 DOCUMENTOS FALSOS CONTRA CANDIDATA: UIF - Los pol\u00edticos Veracruz\" \/>\n<meta property=\"og:description\" content=\"La Unidad de Inteligencia Financiera (UIF) desech\u00f3 la solicitud de investigaci\u00f3n de Arturo Castagn\u00e9 Curier contra la candidata de Morena al gobierno de la ciudad de M\u00e9xico, Clara Brugada, por considerar falsos los documentos presentados, por lo que el empresario veracruzano enfrentar\u00e1 una denuncia m\u00e1s que se suma a la de la aspirante morenista en [&hellip;]\" \/>\n<meta property=\"og:url\" content=\"https:\/\/lospoliticosveracruz.com\/?p=125368\" \/>\n<meta property=\"og:site_name\" content=\"Los pol\u00edticos Veracruz\" \/>\n<meta property=\"article:publisher\" content=\"https:\/\/www.facebook.com\/people\/Notimemes-de-los-Polticos\/61565672886568\/\" \/>\n<meta property=\"article:published_time\" content=\"2024-05-29T17:30:14+00:00\" \/>\n<meta property=\"article:modified_time\" content=\"2024-05-29T17:34:41+00:00\" \/>\n<meta property=\"og:image\" content=\"https:\/\/lospoliticosveracruz.com\/wp-content\/uploads\/2016\/07\/Logo-Dor.jpg\" \/>\n\t<meta property=\"og:image:width\" content=\"200\" \/>\n\t<meta property=\"og:image:height\" content=\"200\" \/>\n\t<meta property=\"og:image:type\" content=\"image\/jpeg\" \/>\n<meta name=\"author\" content=\"Lo viste en Los Pol\u00edticos\" \/>\n<meta name=\"twitter:card\" content=\"summary_large_image\" \/>\n<meta name=\"twitter:creator\" content=\"@LosPoliticosVer\" \/>\n<meta name=\"twitter:site\" content=\"@LosPoliticosVer\" \/>\n<meta name=\"twitter:label1\" content=\"Escrito por\" \/>\n\t<meta name=\"twitter:data1\" content=\"Lo viste en Los Pol\u00edticos\" \/>\n\t<meta name=\"twitter:label2\" content=\"Tiempo de lectura\" \/>\n\t<meta name=\"twitter:data2\" content=\"2 minutos\" \/>\n<script type=\"application\/ld+json\" class=\"yoast-schema-graph\">{\"@context\":\"https:\\\/\\\/schema.org\",\"@graph\":[{\"@type\":\"Article\",\"@id\":\"https:\\\/\\\/lospoliticosveracruz.com\\\/?p=125368#article\",\"isPartOf\":{\"@id\":\"https:\\\/\\\/lospoliticosveracruz.com\\\/?p=125368\"},\"author\":{\"name\":\"Lo viste en Los Pol\u00edticos\",\"@id\":\"https:\\\/\\\/lospoliticosveracruz.com\\\/#\\\/schema\\\/person\\\/b8702bb0e538456e6efd07080bf2a4a2\"},\"headline\":\"CASTAGN\u00c9 US\u00d3 DOCUMENTOS FALSOS CONTRA CANDIDATA: UIF\",\"datePublished\":\"2024-05-29T17:30:14+00:00\",\"dateModified\":\"2024-05-29T17:34:41+00:00\",\"mainEntityOfPage\":{\"@id\":\"https:\\\/\\\/lospoliticosveracruz.com\\\/?p=125368\"},\"wordCount\":427,\"publisher\":{\"@id\":\"https:\\\/\\\/lospoliticosveracruz.com\\\/#organization\"},\"keywords\":[\"Unidad de Inteligencia Financiera\"],\"articleSection\":[\"La Nota\"],\"inLanguage\":\"es\"},{\"@type\":\"WebPage\",\"@id\":\"https:\\\/\\\/lospoliticosveracruz.com\\\/?p=125368\",\"url\":\"https:\\\/\\\/lospoliticosveracruz.com\\\/?p=125368\",\"name\":\"CASTAGN\u00c9 US\u00d3 DOCUMENTOS FALSOS CONTRA CANDIDATA: UIF - Los pol\u00edticos Veracruz\",\"isPartOf\":{\"@id\":\"https:\\\/\\\/lospoliticosveracruz.com\\\/#website\"},\"datePublished\":\"2024-05-29T17:30:14+00:00\",\"dateModified\":\"2024-05-29T17:34:41+00:00\",\"breadcrumb\":{\"@id\":\"https:\\\/\\\/lospoliticosveracruz.com\\\/?p=125368#breadcrumb\"},\"inLanguage\":\"es\",\"potentialAction\":[{\"@type\":\"ReadAction\",\"target\":[\"https:\\\/\\\/lospoliticosveracruz.com\\\/?p=125368\"]}]},{\"@type\":\"BreadcrumbList\",\"@id\":\"https:\\\/\\\/lospoliticosveracruz.com\\\/?p=125368#breadcrumb\",\"itemListElement\":[{\"@type\":\"ListItem\",\"position\":1,\"name\":\"Portada\",\"item\":\"https:\\\/\\\/lospoliticosveracruz.com\\\/\"},{\"@type\":\"ListItem\",\"position\":2,\"name\":\"CASTAGN\u00c9 US\u00d3 DOCUMENTOS FALSOS CONTRA CANDIDATA: UIF\"}]},{\"@type\":\"WebSite\",\"@id\":\"https:\\\/\\\/lospoliticosveracruz.com\\\/#website\",\"url\":\"https:\\\/\\\/lospoliticosveracruz.com\\\/\",\"name\":\"Los pol\u00edticos Veracruz\",\"description\":\"\",\"publisher\":{\"@id\":\"https:\\\/\\\/lospoliticosveracruz.com\\\/#organization\"},\"potentialAction\":[{\"@type\":\"SearchAction\",\"target\":{\"@type\":\"EntryPoint\",\"urlTemplate\":\"https:\\\/\\\/lospoliticosveracruz.com\\\/?s={search_term_string}\"},\"query-input\":{\"@type\":\"PropertyValueSpecification\",\"valueRequired\":true,\"valueName\":\"search_term_string\"}}],\"inLanguage\":\"es\"},{\"@type\":\"Organization\",\"@id\":\"https:\\\/\\\/lospoliticosveracruz.com\\\/#organization\",\"name\":\"Los pol\u00edticos Veracruz\",\"url\":\"https:\\\/\\\/lospoliticosveracruz.com\\\/\",\"logo\":{\"@type\":\"ImageObject\",\"inLanguage\":\"es\",\"@id\":\"https:\\\/\\\/lospoliticosveracruz.com\\\/#\\\/schema\\\/logo\\\/image\\\/\",\"url\":\"https:\\\/\\\/lospoliticosveracruz.com\\\/wp-content\\\/uploads\\\/2025\\\/12\\\/Logo-Nuevo-LOS-POLITICOS-1.jpg\",\"contentUrl\":\"https:\\\/\\\/lospoliticosveracruz.com\\\/wp-content\\\/uploads\\\/2025\\\/12\\\/Logo-Nuevo-LOS-POLITICOS-1.jpg\",\"width\":260,\"height\":70,\"caption\":\"Los pol\u00edticos Veracruz\"},\"image\":{\"@id\":\"https:\\\/\\\/lospoliticosveracruz.com\\\/#\\\/schema\\\/logo\\\/image\\\/\"},\"sameAs\":[\"https:\\\/\\\/www.facebook.com\\\/people\\\/Notimemes-de-los-Polticos\\\/61565672886568\\\/\",\"https:\\\/\\\/x.com\\\/LosPoliticosVer\"]},{\"@type\":\"Person\",\"@id\":\"https:\\\/\\\/lospoliticosveracruz.com\\\/#\\\/schema\\\/person\\\/b8702bb0e538456e6efd07080bf2a4a2\",\"name\":\"Lo viste en Los Pol\u00edticos\",\"image\":{\"@type\":\"ImageObject\",\"inLanguage\":\"es\",\"@id\":\"https:\\\/\\\/secure.gravatar.com\\\/avatar\\\/3a8de04a2656d44082be478bd6c086daa447c4651605818287b9532d3d0bd435?s=96&d=mm&r=g\",\"url\":\"https:\\\/\\\/secure.gravatar.com\\\/avatar\\\/3a8de04a2656d44082be478bd6c086daa447c4651605818287b9532d3d0bd435?s=96&d=mm&r=g\",\"contentUrl\":\"https:\\\/\\\/secure.gravatar.com\\\/avatar\\\/3a8de04a2656d44082be478bd6c086daa447c4651605818287b9532d3d0bd435?s=96&d=mm&r=g\",\"caption\":\"Lo viste en Los Pol\u00edticos\"},\"url\":\"https:\\\/\\\/lospoliticosveracruz.com\\\/?author=2\"}]}<\/script>\n<!-- \/ Yoast SEO plugin. -->","yoast_head_json":{"title":"CASTAGN\u00c9 US\u00d3 DOCUMENTOS FALSOS CONTRA CANDIDATA: UIF - Los pol\u00edticos Veracruz","robots":{"index":"index","follow":"follow","max-snippet":"max-snippet:-1","max-image-preview":"max-image-preview:large","max-video-preview":"max-video-preview:-1"},"canonical":"https:\/\/lospoliticosveracruz.com\/?p=125368","og_locale":"es_ES","og_type":"article","og_title":"CASTAGN\u00c9 US\u00d3 DOCUMENTOS FALSOS CONTRA CANDIDATA: UIF - Los pol\u00edticos Veracruz","og_description":"La Unidad de Inteligencia Financiera (UIF) desech\u00f3 la solicitud de investigaci\u00f3n de Arturo Castagn\u00e9 Curier contra la candidata de Morena al gobierno de la ciudad de M\u00e9xico, Clara Brugada, por considerar falsos los documentos presentados, por lo que el empresario veracruzano enfrentar\u00e1 una denuncia m\u00e1s que se suma a la de la aspirante morenista en [&hellip;]","og_url":"https:\/\/lospoliticosveracruz.com\/?p=125368","og_site_name":"Los pol\u00edticos Veracruz","article_publisher":"https:\/\/www.facebook.com\/people\/Notimemes-de-los-Polticos\/61565672886568\/","article_published_time":"2024-05-29T17:30:14+00:00","article_modified_time":"2024-05-29T17:34:41+00:00","og_image":[{"width":200,"height":200,"url":"https:\/\/lospoliticosveracruz.com\/wp-content\/uploads\/2016\/07\/Logo-Dor.jpg","type":"image\/jpeg"}],"author":"Lo viste en Los Pol\u00edticos","twitter_card":"summary_large_image","twitter_creator":"@LosPoliticosVer","twitter_site":"@LosPoliticosVer","twitter_misc":{"Escrito por":"Lo viste en Los Pol\u00edticos","Tiempo de lectura":"2 minutos"},"schema":{"@context":"https:\/\/schema.org","@graph":[{"@type":"Article","@id":"https:\/\/lospoliticosveracruz.com\/?p=125368#article","isPartOf":{"@id":"https:\/\/lospoliticosveracruz.com\/?p=125368"},"author":{"name":"Lo viste en Los Pol\u00edticos","@id":"https:\/\/lospoliticosveracruz.com\/#\/schema\/person\/b8702bb0e538456e6efd07080bf2a4a2"},"headline":"CASTAGN\u00c9 US\u00d3 DOCUMENTOS FALSOS CONTRA CANDIDATA: UIF","datePublished":"2024-05-29T17:30:14+00:00","dateModified":"2024-05-29T17:34:41+00:00","mainEntityOfPage":{"@id":"https:\/\/lospoliticosveracruz.com\/?p=125368"},"wordCount":427,"publisher":{"@id":"https:\/\/lospoliticosveracruz.com\/#organization"},"keywords":["Unidad de Inteligencia Financiera"],"articleSection":["La Nota"],"inLanguage":"es"},{"@type":"WebPage","@id":"https:\/\/lospoliticosveracruz.com\/?p=125368","url":"https:\/\/lospoliticosveracruz.com\/?p=125368","name":"CASTAGN\u00c9 US\u00d3 DOCUMENTOS FALSOS CONTRA CANDIDATA: UIF - Los pol\u00edticos Veracruz","isPartOf":{"@id":"https:\/\/lospoliticosveracruz.com\/#website"},"datePublished":"2024-05-29T17:30:14+00:00","dateModified":"2024-05-29T17:34:41+00:00","breadcrumb":{"@id":"https:\/\/lospoliticosveracruz.com\/?p=125368#breadcrumb"},"inLanguage":"es","potentialAction":[{"@type":"ReadAction","target":["https:\/\/lospoliticosveracruz.com\/?p=125368"]}]},{"@type":"BreadcrumbList","@id":"https:\/\/lospoliticosveracruz.com\/?p=125368#breadcrumb","itemListElement":[{"@type":"ListItem","position":1,"name":"Portada","item":"https:\/\/lospoliticosveracruz.com\/"},{"@type":"ListItem","position":2,"name":"CASTAGN\u00c9 US\u00d3 DOCUMENTOS FALSOS CONTRA CANDIDATA: UIF"}]},{"@type":"WebSite","@id":"https:\/\/lospoliticosveracruz.com\/#website","url":"https:\/\/lospoliticosveracruz.com\/","name":"Los pol\u00edticos Veracruz","description":"","publisher":{"@id":"https:\/\/lospoliticosveracruz.com\/#organization"},"potentialAction":[{"@type":"SearchAction","target":{"@type":"EntryPoint","urlTemplate":"https:\/\/lospoliticosveracruz.com\/?s={search_term_string}"},"query-input":{"@type":"PropertyValueSpecification","valueRequired":true,"valueName":"search_term_string"}}],"inLanguage":"es"},{"@type":"Organization","@id":"https:\/\/lospoliticosveracruz.com\/#organization","name":"Los pol\u00edticos Veracruz","url":"https:\/\/lospoliticosveracruz.com\/","logo":{"@type":"ImageObject","inLanguage":"es","@id":"https:\/\/lospoliticosveracruz.com\/#\/schema\/logo\/image\/","url":"https:\/\/lospoliticosveracruz.com\/wp-content\/uploads\/2025\/12\/Logo-Nuevo-LOS-POLITICOS-1.jpg","contentUrl":"https:\/\/lospoliticosveracruz.com\/wp-content\/uploads\/2025\/12\/Logo-Nuevo-LOS-POLITICOS-1.jpg","width":260,"height":70,"caption":"Los pol\u00edticos Veracruz"},"image":{"@id":"https:\/\/lospoliticosveracruz.com\/#\/schema\/logo\/image\/"},"sameAs":["https:\/\/www.facebook.com\/people\/Notimemes-de-los-Polticos\/61565672886568\/","https:\/\/x.com\/LosPoliticosVer"]},{"@type":"Person","@id":"https:\/\/lospoliticosveracruz.com\/#\/schema\/person\/b8702bb0e538456e6efd07080bf2a4a2","name":"Lo viste en Los Pol\u00edticos","image":{"@type":"ImageObject","inLanguage":"es","@id":"https:\/\/secure.gravatar.com\/avatar\/3a8de04a2656d44082be478bd6c086daa447c4651605818287b9532d3d0bd435?s=96&d=mm&r=g","url":"https:\/\/secure.gravatar.com\/avatar\/3a8de04a2656d44082be478bd6c086daa447c4651605818287b9532d3d0bd435?s=96&d=mm&r=g","contentUrl":"https:\/\/secure.gravatar.com\/avatar\/3a8de04a2656d44082be478bd6c086daa447c4651605818287b9532d3d0bd435?s=96&d=mm&r=g","caption":"Lo viste en Los Pol\u00edticos"},"url":"https:\/\/lospoliticosveracruz.com\/?author=2"}]}},"_links":{"self":[{"href":"https:\/\/lospoliticosveracruz.com\/index.php?rest_route=\/wp\/v2\/posts\/125368","targetHints":{"allow":["GET"]}}],"collection":[{"href":"https:\/\/lospoliticosveracruz.com\/index.php?rest_route=\/wp\/v2\/posts"}],"about":[{"href":"https:\/\/lospoliticosveracruz.com\/index.php?rest_route=\/wp\/v2\/types\/post"}],"author":[{"embeddable":true,"href":"https:\/\/lospoliticosveracruz.com\/index.php?rest_route=\/wp\/v2\/users\/2"}],"replies":[{"embeddable":true,"href":"https:\/\/lospoliticosveracruz.com\/index.php?rest_route=%2Fwp%2Fv2%2Fcomments&post=125368"}],"version-history":[{"count":2,"href":"https:\/\/lospoliticosveracruz.com\/index.php?rest_route=\/wp\/v2\/posts\/125368\/revisions"}],"predecessor-version":[{"id":125372,"href":"https:\/\/lospoliticosveracruz.com\/index.php?rest_route=\/wp\/v2\/posts\/125368\/revisions\/125372"}],"wp:attachment":[{"href":"https:\/\/lospoliticosveracruz.com\/index.php?rest_route=%2Fwp%2Fv2%2Fmedia&parent=125368"}],"wp:term":[{"taxonomy":"category","embeddable":true,"href":"https:\/\/lospoliticosveracruz.com\/index.php?rest_route=%2Fwp%2Fv2%2Fcategories&post=125368"},{"taxonomy":"post_tag","embeddable":true,"href":"https:\/\/lospoliticosveracruz.com\/index.php?rest_route=%2Fwp%2Fv2%2Ftags&post=125368"}],"curies":[{"name":"wp","href":"https:\/\/api.w.org\/{rel}","templated":true}]}}