{"id":125415,"date":"2024-05-29T21:45:42","date_gmt":"2024-05-30T02:45:42","guid":{"rendered":"https:\/\/lospoliticosveracruz.com.mx\/?p=125415"},"modified":"2024-05-29T21:46:08","modified_gmt":"2024-05-30T02:46:08","slug":"gracias-xalapa-vamos-a-ganar-americo","status":"publish","type":"post","link":"https:\/\/lospoliticosveracruz.com\/?p=125415","title":{"rendered":"\u00a1GRACIAS XALAPA, VAMOS A GANAR!: AM\u00c9RICO"},"content":{"rendered":"\n<p><\/p>\n\n\n\n<p><\/p>\n\n\n\n<p><strong>Xalapa<\/strong><br>Amigas y amigos de Xalapa, en este \u00faltimo d\u00eda de campa\u00f1a quiero reiterarles mi agradecimiento por todas las muestras de apoyo y cari\u00f1o que me brindaron, expuso Am\u00e9rico Z\u00fa\u00f1iga Mart\u00ednez, candidato a la diputaci\u00f3n federal por Xalapa.<\/p>\n\n\n<div class=\"wp-block-image\">\n<figure class=\"alignleft size-thumbnail\"><a href=\"https:\/\/lospoliticosveracruz.com.mx\/wp-content\/uploads\/2023\/08\/Alex.jpg\"><img decoding=\"async\" src=\"https:\/\/lospoliticosveracruz.com.mx\/wp-content\/uploads\/2023\/08\/Alex-150x150.jpg\" alt=\"\" class=\"wp-image-110522\"\/><\/a><\/figure>\n<\/div>\n\n\n<p>\u00abHa sido un gusto recorrer las calles de Xalapa y sus congregaciones, tocar puertas y tocar corazones\u00bb, agreg\u00f3 el abanderado de la coalici\u00f3n Fuerza y Coraz\u00f3n por M\u00e9xico.<\/p>\n\n\n\n<p>Este mi\u00e9rcoles fue el cierre de campa\u00f1a del candidato a la gubernatura de Veracruz, Pepe Yunes en el Deportivo Ferrocarrilero, quien estuvo acompa\u00f1ado por Am\u00e9rico Z\u00fa\u00f1iga Mart\u00ednez y su compa\u00f1ero de f\u00f3rmula, Rom\u00e1n Moreno Hern\u00e1ndez.<\/p>\n\n\n\n<p>Asimismo, acudieron los candidatos a las diputaciones locales por Xalapa, Adriana Rojano Pazzi y Sergio Hern\u00e1ndez Hern\u00e1ndez; los candidatos al Senado, Miguel Yunes M\u00e1rquez y Sara Ladr\u00f3n de Guevara. As\u00ed como liderazgos nacionales, regionales y locales del PRI, PAN y PRD.<\/p>\n\n\n\n<p>Tambi\u00e9n Beatriz Paredes Rangel, Miguel \u00c1ngel Yunes Linares, as\u00ed como miles de veracruzanos.<\/p>\n\n\n\n<p>\u00abGracias por permitirme entrar a sus hogares, por compartirme sus necesidades, quejas e inquietudes\u00bb, acot\u00f3 Z\u00fa\u00f1iga Mart\u00ednez.<\/p>\n\n\n\n<p>Con su apoyo, dijo, cada petici\u00f3n y cada propuesta que le hacen, las va a atender y hacer realidad desde la C\u00e1mara de Diputados.<\/p>\n\n\n\n<p>Xalapa volver\u00e1 a tener un diputado federal presente, que s\u00ed trabaje, que s\u00ed gestione, que s\u00ed legisle, un diputado de verdad, manifest\u00f3.<\/p>\n\n\n\n<p>\u00abEste 2 de junio les pido que me contraten para representarlos en el Congreso, defender\u00e9 lo que les preocupa, sus derechos, sus libertades, su patrimonio\u00bb.<\/p>\n\n\n\n<p>Am\u00e9rico Z\u00fa\u00f1iga subray\u00f3 que va a trabajar para devolver lo que nos han quitado: las medicinas, la atenci\u00f3n m\u00e9dica, los apoyos a emprendedores, al campo, las becas a estudiantes de posgrado, las escuelas de tiempo completo y las estancias infantiles.<\/p>\n\n\n\n<p>\u00abEste 2 de junio reflexiona muy bien a quien quieres como diputado federal, a alguien que conoce Xalapa, que tiene experiencia, que ha dado resultados o a alguien que ya te fall\u00f3, que siempre estuvo ausente\u00bb, plante\u00f3.<\/p>\n\n\n\n<p>Al se\u00f1alar que van por la victoria este 2 de junio, destac\u00f3 a X\u00f3chitl G\u00e1lvez, como la primera presidenta de M\u00e9xico y a Pepe Yunes, pr\u00f3ximo gobernador de Veracruz.<\/p>\n\n\n\n<p>Finalmente, indic\u00f3 que inicia la cuenta regresiva, \u00abcontamos contigo para que votes por las y los candidatos de Fuerza y Coraz\u00f3n por M\u00e9xico. Vota por Am\u00e9rico Z\u00fa\u00f1iga para diputado federal por el distrito de Xalapa. \u00a1Vamos a ganar!\u00bb.<\/p>\n","protected":false},"excerpt":{"rendered":"<p>XalapaAmigas y amigos de Xalapa, en este \u00faltimo d\u00eda de campa\u00f1a quiero reiterarles mi agradecimiento por todas las muestras de apoyo y cari\u00f1o que me brindaron, expuso Am\u00e9rico Z\u00fa\u00f1iga Mart\u00ednez, candidato a la diputaci\u00f3n federal por Xalapa. \u00abHa sido un gusto recorrer las calles de Xalapa y sus congregaciones, tocar puertas y tocar corazones\u00bb, agreg\u00f3 [&hellip;]<\/p>\n","protected":false},"author":2,"featured_media":0,"comment_status":"closed","ping_status":"closed","sticky":false,"template":"","format":"standard","meta":{"tdm_status":"","tdm_grid_status":"","footnotes":""},"categories":[73],"tags":[],"class_list":{"0":"post-125415","1":"post","2":"type-post","3":"status-publish","4":"format-standard","6":"category-de-boleto"},"yoast_head":"<!-- This site is optimized with the Yoast SEO plugin v27.4 - https:\/\/yoast.com\/product\/yoast-seo-wordpress\/ -->\n<title>\u00a1GRACIAS XALAPA, VAMOS A GANAR!: AM\u00c9RICO - Los pol\u00edticos Veracruz<\/title>\n<meta name=\"robots\" content=\"index, follow, max-snippet:-1, max-image-preview:large, max-video-preview:-1\" \/>\n<link rel=\"canonical\" href=\"https:\/\/lospoliticosveracruz.com\/?p=125415\" \/>\n<meta property=\"og:locale\" content=\"es_ES\" \/>\n<meta property=\"og:type\" content=\"article\" \/>\n<meta property=\"og:title\" content=\"\u00a1GRACIAS XALAPA, VAMOS A GANAR!: AM\u00c9RICO - Los pol\u00edticos Veracruz\" \/>\n<meta property=\"og:description\" content=\"XalapaAmigas y amigos de Xalapa, en este \u00faltimo d\u00eda de campa\u00f1a quiero reiterarles mi agradecimiento por todas las muestras de apoyo y cari\u00f1o que me brindaron, expuso Am\u00e9rico Z\u00fa\u00f1iga Mart\u00ednez, candidato a la diputaci\u00f3n federal por Xalapa. \u00abHa sido un gusto recorrer las calles de Xalapa y sus congregaciones, tocar puertas y tocar corazones\u00bb, agreg\u00f3 [&hellip;]\" \/>\n<meta property=\"og:url\" content=\"https:\/\/lospoliticosveracruz.com\/?p=125415\" \/>\n<meta property=\"og:site_name\" content=\"Los pol\u00edticos Veracruz\" \/>\n<meta property=\"article:publisher\" content=\"https:\/\/www.facebook.com\/people\/Notimemes-de-los-Polticos\/61565672886568\/\" \/>\n<meta property=\"article:published_time\" content=\"2024-05-30T02:45:42+00:00\" \/>\n<meta property=\"article:modified_time\" content=\"2024-05-30T02:46:08+00:00\" \/>\n<meta property=\"og:image\" content=\"https:\/\/lospoliticosveracruz.com.mx\/wp-content\/uploads\/2023\/08\/Alex-150x150.jpg\" \/>\n<meta name=\"author\" content=\"Lo viste en Los Pol\u00edticos\" \/>\n<meta name=\"twitter:card\" content=\"summary_large_image\" \/>\n<meta name=\"twitter:creator\" content=\"@LosPoliticosVer\" \/>\n<meta name=\"twitter:site\" content=\"@LosPoliticosVer\" \/>\n<meta name=\"twitter:label1\" content=\"Escrito por\" \/>\n\t<meta name=\"twitter:data1\" content=\"Lo viste en Los Pol\u00edticos\" \/>\n\t<meta name=\"twitter:label2\" content=\"Tiempo de lectura\" \/>\n\t<meta name=\"twitter:data2\" content=\"2 minutos\" \/>\n<script type=\"application\/ld+json\" class=\"yoast-schema-graph\">{\"@context\":\"https:\\\/\\\/schema.org\",\"@graph\":[{\"@type\":\"Article\",\"@id\":\"https:\\\/\\\/lospoliticosveracruz.com\\\/?p=125415#article\",\"isPartOf\":{\"@id\":\"https:\\\/\\\/lospoliticosveracruz.com\\\/?p=125415\"},\"author\":{\"name\":\"Lo viste en Los Pol\u00edticos\",\"@id\":\"https:\\\/\\\/lospoliticosveracruz.com\\\/#\\\/schema\\\/person\\\/b8702bb0e538456e6efd07080bf2a4a2\"},\"headline\":\"\u00a1GRACIAS XALAPA, VAMOS A GANAR!: AM\u00c9RICO\",\"datePublished\":\"2024-05-30T02:45:42+00:00\",\"dateModified\":\"2024-05-30T02:46:08+00:00\",\"mainEntityOfPage\":{\"@id\":\"https:\\\/\\\/lospoliticosveracruz.com\\\/?p=125415\"},\"wordCount\":433,\"publisher\":{\"@id\":\"https:\\\/\\\/lospoliticosveracruz.com\\\/#organization\"},\"image\":{\"@id\":\"https:\\\/\\\/lospoliticosveracruz.com\\\/?p=125415#primaryimage\"},\"thumbnailUrl\":\"https:\\\/\\\/lospoliticosveracruz.com.mx\\\/wp-content\\\/uploads\\\/2023\\\/08\\\/Alex-150x150.jpg\",\"articleSection\":[\"De Boleto\"],\"inLanguage\":\"es\"},{\"@type\":\"WebPage\",\"@id\":\"https:\\\/\\\/lospoliticosveracruz.com\\\/?p=125415\",\"url\":\"https:\\\/\\\/lospoliticosveracruz.com\\\/?p=125415\",\"name\":\"\u00a1GRACIAS XALAPA, VAMOS A GANAR!: AM\u00c9RICO - Los pol\u00edticos Veracruz\",\"isPartOf\":{\"@id\":\"https:\\\/\\\/lospoliticosveracruz.com\\\/#website\"},\"primaryImageOfPage\":{\"@id\":\"https:\\\/\\\/lospoliticosveracruz.com\\\/?p=125415#primaryimage\"},\"image\":{\"@id\":\"https:\\\/\\\/lospoliticosveracruz.com\\\/?p=125415#primaryimage\"},\"thumbnailUrl\":\"https:\\\/\\\/lospoliticosveracruz.com.mx\\\/wp-content\\\/uploads\\\/2023\\\/08\\\/Alex-150x150.jpg\",\"datePublished\":\"2024-05-30T02:45:42+00:00\",\"dateModified\":\"2024-05-30T02:46:08+00:00\",\"breadcrumb\":{\"@id\":\"https:\\\/\\\/lospoliticosveracruz.com\\\/?p=125415#breadcrumb\"},\"inLanguage\":\"es\",\"potentialAction\":[{\"@type\":\"ReadAction\",\"target\":[\"https:\\\/\\\/lospoliticosveracruz.com\\\/?p=125415\"]}]},{\"@type\":\"ImageObject\",\"inLanguage\":\"es\",\"@id\":\"https:\\\/\\\/lospoliticosveracruz.com\\\/?p=125415#primaryimage\",\"url\":\"https:\\\/\\\/lospoliticosveracruz.com.mx\\\/wp-content\\\/uploads\\\/2023\\\/08\\\/Alex-150x150.jpg\",\"contentUrl\":\"https:\\\/\\\/lospoliticosveracruz.com.mx\\\/wp-content\\\/uploads\\\/2023\\\/08\\\/Alex-150x150.jpg\"},{\"@type\":\"BreadcrumbList\",\"@id\":\"https:\\\/\\\/lospoliticosveracruz.com\\\/?p=125415#breadcrumb\",\"itemListElement\":[{\"@type\":\"ListItem\",\"position\":1,\"name\":\"Portada\",\"item\":\"https:\\\/\\\/lospoliticosveracruz.com\\\/\"},{\"@type\":\"ListItem\",\"position\":2,\"name\":\"\u00a1GRACIAS XALAPA, VAMOS A GANAR!: AM\u00c9RICO\"}]},{\"@type\":\"WebSite\",\"@id\":\"https:\\\/\\\/lospoliticosveracruz.com\\\/#website\",\"url\":\"https:\\\/\\\/lospoliticosveracruz.com\\\/\",\"name\":\"Los pol\u00edticos Veracruz\",\"description\":\"\",\"publisher\":{\"@id\":\"https:\\\/\\\/lospoliticosveracruz.com\\\/#organization\"},\"potentialAction\":[{\"@type\":\"SearchAction\",\"target\":{\"@type\":\"EntryPoint\",\"urlTemplate\":\"https:\\\/\\\/lospoliticosveracruz.com\\\/?s={search_term_string}\"},\"query-input\":{\"@type\":\"PropertyValueSpecification\",\"valueRequired\":true,\"valueName\":\"search_term_string\"}}],\"inLanguage\":\"es\"},{\"@type\":\"Organization\",\"@id\":\"https:\\\/\\\/lospoliticosveracruz.com\\\/#organization\",\"name\":\"Los pol\u00edticos Veracruz\",\"url\":\"https:\\\/\\\/lospoliticosveracruz.com\\\/\",\"logo\":{\"@type\":\"ImageObject\",\"inLanguage\":\"es\",\"@id\":\"https:\\\/\\\/lospoliticosveracruz.com\\\/#\\\/schema\\\/logo\\\/image\\\/\",\"url\":\"https:\\\/\\\/lospoliticosveracruz.com\\\/wp-content\\\/uploads\\\/2025\\\/12\\\/Logo-Nuevo-LOS-POLITICOS-1.jpg\",\"contentUrl\":\"https:\\\/\\\/lospoliticosveracruz.com\\\/wp-content\\\/uploads\\\/2025\\\/12\\\/Logo-Nuevo-LOS-POLITICOS-1.jpg\",\"width\":260,\"height\":70,\"caption\":\"Los pol\u00edticos Veracruz\"},\"image\":{\"@id\":\"https:\\\/\\\/lospoliticosveracruz.com\\\/#\\\/schema\\\/logo\\\/image\\\/\"},\"sameAs\":[\"https:\\\/\\\/www.facebook.com\\\/people\\\/Notimemes-de-los-Polticos\\\/61565672886568\\\/\",\"https:\\\/\\\/x.com\\\/LosPoliticosVer\"]},{\"@type\":\"Person\",\"@id\":\"https:\\\/\\\/lospoliticosveracruz.com\\\/#\\\/schema\\\/person\\\/b8702bb0e538456e6efd07080bf2a4a2\",\"name\":\"Lo viste en Los Pol\u00edticos\",\"image\":{\"@type\":\"ImageObject\",\"inLanguage\":\"es\",\"@id\":\"https:\\\/\\\/secure.gravatar.com\\\/avatar\\\/3a8de04a2656d44082be478bd6c086daa447c4651605818287b9532d3d0bd435?s=96&d=mm&r=g\",\"url\":\"https:\\\/\\\/secure.gravatar.com\\\/avatar\\\/3a8de04a2656d44082be478bd6c086daa447c4651605818287b9532d3d0bd435?s=96&d=mm&r=g\",\"contentUrl\":\"https:\\\/\\\/secure.gravatar.com\\\/avatar\\\/3a8de04a2656d44082be478bd6c086daa447c4651605818287b9532d3d0bd435?s=96&d=mm&r=g\",\"caption\":\"Lo viste en Los Pol\u00edticos\"},\"url\":\"https:\\\/\\\/lospoliticosveracruz.com\\\/?author=2\"}]}<\/script>\n<!-- \/ Yoast SEO plugin. -->","yoast_head_json":{"title":"\u00a1GRACIAS XALAPA, VAMOS A GANAR!: AM\u00c9RICO - Los pol\u00edticos Veracruz","robots":{"index":"index","follow":"follow","max-snippet":"max-snippet:-1","max-image-preview":"max-image-preview:large","max-video-preview":"max-video-preview:-1"},"canonical":"https:\/\/lospoliticosveracruz.com\/?p=125415","og_locale":"es_ES","og_type":"article","og_title":"\u00a1GRACIAS XALAPA, VAMOS A GANAR!: AM\u00c9RICO - Los pol\u00edticos Veracruz","og_description":"XalapaAmigas y amigos de Xalapa, en este \u00faltimo d\u00eda de campa\u00f1a quiero reiterarles mi agradecimiento por todas las muestras de apoyo y cari\u00f1o que me brindaron, expuso Am\u00e9rico Z\u00fa\u00f1iga Mart\u00ednez, candidato a la diputaci\u00f3n federal por Xalapa. \u00abHa sido un gusto recorrer las calles de Xalapa y sus congregaciones, tocar puertas y tocar corazones\u00bb, agreg\u00f3 [&hellip;]","og_url":"https:\/\/lospoliticosveracruz.com\/?p=125415","og_site_name":"Los pol\u00edticos Veracruz","article_publisher":"https:\/\/www.facebook.com\/people\/Notimemes-de-los-Polticos\/61565672886568\/","article_published_time":"2024-05-30T02:45:42+00:00","article_modified_time":"2024-05-30T02:46:08+00:00","og_image":[{"url":"https:\/\/lospoliticosveracruz.com.mx\/wp-content\/uploads\/2023\/08\/Alex-150x150.jpg","type":"","width":"","height":""}],"author":"Lo viste en Los Pol\u00edticos","twitter_card":"summary_large_image","twitter_creator":"@LosPoliticosVer","twitter_site":"@LosPoliticosVer","twitter_misc":{"Escrito por":"Lo viste en Los Pol\u00edticos","Tiempo de lectura":"2 minutos"},"schema":{"@context":"https:\/\/schema.org","@graph":[{"@type":"Article","@id":"https:\/\/lospoliticosveracruz.com\/?p=125415#article","isPartOf":{"@id":"https:\/\/lospoliticosveracruz.com\/?p=125415"},"author":{"name":"Lo viste en Los Pol\u00edticos","@id":"https:\/\/lospoliticosveracruz.com\/#\/schema\/person\/b8702bb0e538456e6efd07080bf2a4a2"},"headline":"\u00a1GRACIAS XALAPA, VAMOS A GANAR!: AM\u00c9RICO","datePublished":"2024-05-30T02:45:42+00:00","dateModified":"2024-05-30T02:46:08+00:00","mainEntityOfPage":{"@id":"https:\/\/lospoliticosveracruz.com\/?p=125415"},"wordCount":433,"publisher":{"@id":"https:\/\/lospoliticosveracruz.com\/#organization"},"image":{"@id":"https:\/\/lospoliticosveracruz.com\/?p=125415#primaryimage"},"thumbnailUrl":"https:\/\/lospoliticosveracruz.com.mx\/wp-content\/uploads\/2023\/08\/Alex-150x150.jpg","articleSection":["De Boleto"],"inLanguage":"es"},{"@type":"WebPage","@id":"https:\/\/lospoliticosveracruz.com\/?p=125415","url":"https:\/\/lospoliticosveracruz.com\/?p=125415","name":"\u00a1GRACIAS XALAPA, VAMOS A GANAR!: AM\u00c9RICO - Los pol\u00edticos Veracruz","isPartOf":{"@id":"https:\/\/lospoliticosveracruz.com\/#website"},"primaryImageOfPage":{"@id":"https:\/\/lospoliticosveracruz.com\/?p=125415#primaryimage"},"image":{"@id":"https:\/\/lospoliticosveracruz.com\/?p=125415#primaryimage"},"thumbnailUrl":"https:\/\/lospoliticosveracruz.com.mx\/wp-content\/uploads\/2023\/08\/Alex-150x150.jpg","datePublished":"2024-05-30T02:45:42+00:00","dateModified":"2024-05-30T02:46:08+00:00","breadcrumb":{"@id":"https:\/\/lospoliticosveracruz.com\/?p=125415#breadcrumb"},"inLanguage":"es","potentialAction":[{"@type":"ReadAction","target":["https:\/\/lospoliticosveracruz.com\/?p=125415"]}]},{"@type":"ImageObject","inLanguage":"es","@id":"https:\/\/lospoliticosveracruz.com\/?p=125415#primaryimage","url":"https:\/\/lospoliticosveracruz.com.mx\/wp-content\/uploads\/2023\/08\/Alex-150x150.jpg","contentUrl":"https:\/\/lospoliticosveracruz.com.mx\/wp-content\/uploads\/2023\/08\/Alex-150x150.jpg"},{"@type":"BreadcrumbList","@id":"https:\/\/lospoliticosveracruz.com\/?p=125415#breadcrumb","itemListElement":[{"@type":"ListItem","position":1,"name":"Portada","item":"https:\/\/lospoliticosveracruz.com\/"},{"@type":"ListItem","position":2,"name":"\u00a1GRACIAS XALAPA, VAMOS A GANAR!: AM\u00c9RICO"}]},{"@type":"WebSite","@id":"https:\/\/lospoliticosveracruz.com\/#website","url":"https:\/\/lospoliticosveracruz.com\/","name":"Los pol\u00edticos Veracruz","description":"","publisher":{"@id":"https:\/\/lospoliticosveracruz.com\/#organization"},"potentialAction":[{"@type":"SearchAction","target":{"@type":"EntryPoint","urlTemplate":"https:\/\/lospoliticosveracruz.com\/?s={search_term_string}"},"query-input":{"@type":"PropertyValueSpecification","valueRequired":true,"valueName":"search_term_string"}}],"inLanguage":"es"},{"@type":"Organization","@id":"https:\/\/lospoliticosveracruz.com\/#organization","name":"Los pol\u00edticos Veracruz","url":"https:\/\/lospoliticosveracruz.com\/","logo":{"@type":"ImageObject","inLanguage":"es","@id":"https:\/\/lospoliticosveracruz.com\/#\/schema\/logo\/image\/","url":"https:\/\/lospoliticosveracruz.com\/wp-content\/uploads\/2025\/12\/Logo-Nuevo-LOS-POLITICOS-1.jpg","contentUrl":"https:\/\/lospoliticosveracruz.com\/wp-content\/uploads\/2025\/12\/Logo-Nuevo-LOS-POLITICOS-1.jpg","width":260,"height":70,"caption":"Los pol\u00edticos Veracruz"},"image":{"@id":"https:\/\/lospoliticosveracruz.com\/#\/schema\/logo\/image\/"},"sameAs":["https:\/\/www.facebook.com\/people\/Notimemes-de-los-Polticos\/61565672886568\/","https:\/\/x.com\/LosPoliticosVer"]},{"@type":"Person","@id":"https:\/\/lospoliticosveracruz.com\/#\/schema\/person\/b8702bb0e538456e6efd07080bf2a4a2","name":"Lo viste en Los Pol\u00edticos","image":{"@type":"ImageObject","inLanguage":"es","@id":"https:\/\/secure.gravatar.com\/avatar\/3a8de04a2656d44082be478bd6c086daa447c4651605818287b9532d3d0bd435?s=96&d=mm&r=g","url":"https:\/\/secure.gravatar.com\/avatar\/3a8de04a2656d44082be478bd6c086daa447c4651605818287b9532d3d0bd435?s=96&d=mm&r=g","contentUrl":"https:\/\/secure.gravatar.com\/avatar\/3a8de04a2656d44082be478bd6c086daa447c4651605818287b9532d3d0bd435?s=96&d=mm&r=g","caption":"Lo viste en Los Pol\u00edticos"},"url":"https:\/\/lospoliticosveracruz.com\/?author=2"}]}},"_links":{"self":[{"href":"https:\/\/lospoliticosveracruz.com\/index.php?rest_route=\/wp\/v2\/posts\/125415","targetHints":{"allow":["GET"]}}],"collection":[{"href":"https:\/\/lospoliticosveracruz.com\/index.php?rest_route=\/wp\/v2\/posts"}],"about":[{"href":"https:\/\/lospoliticosveracruz.com\/index.php?rest_route=\/wp\/v2\/types\/post"}],"author":[{"embeddable":true,"href":"https:\/\/lospoliticosveracruz.com\/index.php?rest_route=\/wp\/v2\/users\/2"}],"replies":[{"embeddable":true,"href":"https:\/\/lospoliticosveracruz.com\/index.php?rest_route=%2Fwp%2Fv2%2Fcomments&post=125415"}],"version-history":[{"count":2,"href":"https:\/\/lospoliticosveracruz.com\/index.php?rest_route=\/wp\/v2\/posts\/125415\/revisions"}],"predecessor-version":[{"id":125418,"href":"https:\/\/lospoliticosveracruz.com\/index.php?rest_route=\/wp\/v2\/posts\/125415\/revisions\/125418"}],"wp:attachment":[{"href":"https:\/\/lospoliticosveracruz.com\/index.php?rest_route=%2Fwp%2Fv2%2Fmedia&parent=125415"}],"wp:term":[{"taxonomy":"category","embeddable":true,"href":"https:\/\/lospoliticosveracruz.com\/index.php?rest_route=%2Fwp%2Fv2%2Fcategories&post=125415"},{"taxonomy":"post_tag","embeddable":true,"href":"https:\/\/lospoliticosveracruz.com\/index.php?rest_route=%2Fwp%2Fv2%2Ftags&post=125415"}],"curies":[{"name":"wp","href":"https:\/\/api.w.org\/{rel}","templated":true}]}}