{"id":125424,"date":"2024-05-29T22:21:31","date_gmt":"2024-05-30T03:21:31","guid":{"rendered":"https:\/\/lospoliticosveracruz.com.mx\/?p=125424"},"modified":"2024-05-29T22:22:05","modified_gmt":"2024-05-30T03:22:05","slug":"cierra-campana-ahora-por-la-gubernatura","status":"publish","type":"post","link":"https:\/\/lospoliticosveracruz.com\/?p=125424","title":{"rendered":"CIERRA CAMPA\u00d1A; AHORA, POR LA GUBERNATURA!"},"content":{"rendered":"\n<p><\/p>\n\n\n\n<p><strong>Xalapa<\/strong><br>Con un amplio y fuerte llamado a la unidad y a la participaci\u00f3n activa, Pepe Yunes cerr\u00f3 su campa\u00f1a rumbo a la gubernatura del estado ante m\u00e1s de 30 mil personas, y asegur\u00f3 que este domingo \u201c\u00a1vamos a ganar! \u00a1Estamos a cuatro d\u00edas de sacudir al estado de esta pesadilla que ha significado rezago, m\u00e1s pobreza y m\u00e1s abandono!\u201d.<\/p>\n\n\n<div class=\"wp-block-image\">\n<figure class=\"alignleft size-thumbnail\"><a href=\"https:\/\/lospoliticosveracruz.com.mx\/wp-content\/uploads\/2023\/08\/Alex.jpg\"><img decoding=\"async\" src=\"https:\/\/lospoliticosveracruz.com.mx\/wp-content\/uploads\/2023\/08\/Alex-150x150.jpg\" alt=\"\" class=\"wp-image-110522\"\/><\/a><\/figure>\n<\/div>\n\n\n<p>En el Centro Deportivo Ferrocarrilero de esta ciudad, acompa\u00f1ado por las candidatas y los candidatos al Senado y a las diputaciones federales y locales, el candidato a gobernador dio la bienvenida y distingui\u00f3 la presencia de los miles de veracruzanas y veracruzanos venidos desde las diversas regiones del estado.<\/p>\n\n\n\n<p>En un ambiente de fiesta, Pepe Yunes dirigi\u00f3 un contundente llamado a la unidad, agradeciendo y reconociendo a la militancia y dirigencia de los tres partidos que hicieron posible y han consolidado la coalici\u00f3n Fuerza y Coraz\u00f3n por Veracruz, el Revolucionario Institucional (PRI), Acci\u00f3n Nacional (PAN) y De la Revoluci\u00f3n Democr\u00e1tica (PRD), y de igual manera a la sociedad civil organizada y a las organizaciones civiles, cuyo compromiso y madurez, dijo, han dado cohesi\u00f3n al proyecto de recuperar Veracruz.<\/p>\n\n\n\n<p>Con determinaci\u00f3n, el candidato refrend\u00f3 su compromiso de encabezar un gobierno cercano a la gente y a sus causas, que le cumpla al magisterio, a quienes trabajan en el servicio p\u00fablico y en los hospitales, a las mujeres, a los j\u00f3venes, a los campesinos, ca\u00f1eros, cafeticultores, citricultores, pi\u00f1eros y ganaderos.<\/p>\n\n\n\n<p>Al manifestar que desde el gobierno le cumplir\u00e1n con resultados a la confianza del voto de todas y todos los ciudadanos, Pepe Yunes hizo especial hincapi\u00e9 en el compromiso con las mujeres y expres\u00f3 que concentrar\u00e1 todas las fuerzas para disminuir la brecha de g\u00e9nero. \u00abVamos acompa\u00f1ar con toda la fuerza del estado a las mujeres para que se puedan incluir en la fuerza productiva con trabajo digno\u00bb, dijo.<\/p>\n\n\n\n<p>Luego de tres meses de una intensa campa\u00f1a a lo largo y ancho de la entidad, asever\u00f3 que Veracruz est\u00e1 resuelto a generar desde el gobierno un verdadero cambio de rumbo. Por eso, insisti\u00f3 en la necesidad de salir a votar por X\u00f3chitl G\u00e1lvez y por las candidatas y los candidatos de la coalici\u00f3n a los Congresos federal y local.<\/p>\n\n\n\n<p>\u201cVamos a ganar esta elecci\u00f3n. Vamos a ganarle terreno a la pobreza. Vamos a hacer nuestra sociedad mucho m\u00e1s igualitaria, con oportunidades y sin discriminaci\u00f3n. Este voto tiene rostro, nombre y apellido, tiene destinatario, tiene que ver con los seres queridos que nos siguen\u201d, indic\u00f3 el candidato y asegur\u00f3 que Veracruz se recuperar\u00e1 y desde el gobierno responder\u00e1 a los grandes retos de presente y futuro.<\/p>\n\n\n\n<p>Pepe Yunes concluy\u00f3 su mensaje \u201ccon el coraz\u00f3n en la mano, dici\u00e9ndoles que no les fallar\u00e9, que para Veracruz vienen tiempos mejores. Estamos a cuatro d\u00edas de cambiar y retomar el rumbo con un Gobierno de Verdad que se aplique a resolver los problemas y que, sin excusas ni pretextos, d\u00e9 resultados a los veracruzanos.<\/p>\n\n\n\n<p>\u201c\u00a1Este domingo tenemos una cita con la historia! \u00a1Hasta la victoria este 2 de junio! \u00a1A ganar, a convencer y a trabajar todos juntos por Veracruz!\u201d.<\/p>\n","protected":false},"excerpt":{"rendered":"<p>XalapaCon un amplio y fuerte llamado a la unidad y a la participaci\u00f3n activa, Pepe Yunes cerr\u00f3 su campa\u00f1a rumbo a la gubernatura del estado ante m\u00e1s de 30 mil personas, y asegur\u00f3 que este domingo \u201c\u00a1vamos a ganar! \u00a1Estamos a cuatro d\u00edas de sacudir al estado de esta pesadilla que ha significado rezago, m\u00e1s [&hellip;]<\/p>\n","protected":false},"author":2,"featured_media":0,"comment_status":"closed","ping_status":"closed","sticky":false,"template":"","format":"standard","meta":{"tdm_status":"","tdm_grid_status":"","footnotes":""},"categories":[73],"tags":[618,266,251,195,96],"class_list":{"0":"post-125424","1":"post","2":"type-post","3":"status-publish","4":"format-standard","6":"category-de-boleto","7":"tag-andres-manuel-lopez-obrador","8":"tag-pan","9":"tag-pri","10":"tag-veracruz","11":"tag-xalapa"},"yoast_head":"<!-- This site is optimized with the Yoast SEO plugin v27.4 - https:\/\/yoast.com\/product\/yoast-seo-wordpress\/ -->\n<title>CIERRA CAMPA\u00d1A; AHORA, POR LA GUBERNATURA! - Los pol\u00edticos Veracruz<\/title>\n<meta name=\"robots\" content=\"index, follow, max-snippet:-1, max-image-preview:large, max-video-preview:-1\" \/>\n<link rel=\"canonical\" href=\"https:\/\/lospoliticosveracruz.com\/?p=125424\" \/>\n<meta property=\"og:locale\" content=\"es_ES\" \/>\n<meta property=\"og:type\" content=\"article\" \/>\n<meta property=\"og:title\" content=\"CIERRA CAMPA\u00d1A; AHORA, POR LA GUBERNATURA! - Los pol\u00edticos Veracruz\" \/>\n<meta property=\"og:description\" content=\"XalapaCon un amplio y fuerte llamado a la unidad y a la participaci\u00f3n activa, Pepe Yunes cerr\u00f3 su campa\u00f1a rumbo a la gubernatura del estado ante m\u00e1s de 30 mil personas, y asegur\u00f3 que este domingo \u201c\u00a1vamos a ganar! \u00a1Estamos a cuatro d\u00edas de sacudir al estado de esta pesadilla que ha significado rezago, m\u00e1s [&hellip;]\" \/>\n<meta property=\"og:url\" content=\"https:\/\/lospoliticosveracruz.com\/?p=125424\" \/>\n<meta property=\"og:site_name\" content=\"Los pol\u00edticos Veracruz\" \/>\n<meta property=\"article:publisher\" content=\"https:\/\/www.facebook.com\/people\/Notimemes-de-los-Polticos\/61565672886568\/\" \/>\n<meta property=\"article:published_time\" content=\"2024-05-30T03:21:31+00:00\" \/>\n<meta property=\"article:modified_time\" content=\"2024-05-30T03:22:05+00:00\" \/>\n<meta property=\"og:image\" content=\"https:\/\/lospoliticosveracruz.com.mx\/wp-content\/uploads\/2023\/08\/Alex-150x150.jpg\" \/>\n<meta name=\"author\" content=\"Lo viste en Los Pol\u00edticos\" \/>\n<meta name=\"twitter:card\" content=\"summary_large_image\" \/>\n<meta name=\"twitter:creator\" content=\"@LosPoliticosVer\" \/>\n<meta name=\"twitter:site\" content=\"@LosPoliticosVer\" \/>\n<meta name=\"twitter:label1\" content=\"Escrito por\" \/>\n\t<meta name=\"twitter:data1\" content=\"Lo viste en Los Pol\u00edticos\" \/>\n\t<meta name=\"twitter:label2\" content=\"Tiempo de lectura\" \/>\n\t<meta name=\"twitter:data2\" content=\"3 minutos\" \/>\n<script type=\"application\/ld+json\" class=\"yoast-schema-graph\">{\"@context\":\"https:\\\/\\\/schema.org\",\"@graph\":[{\"@type\":\"Article\",\"@id\":\"https:\\\/\\\/lospoliticosveracruz.com\\\/?p=125424#article\",\"isPartOf\":{\"@id\":\"https:\\\/\\\/lospoliticosveracruz.com\\\/?p=125424\"},\"author\":{\"name\":\"Lo viste en Los Pol\u00edticos\",\"@id\":\"https:\\\/\\\/lospoliticosveracruz.com\\\/#\\\/schema\\\/person\\\/b8702bb0e538456e6efd07080bf2a4a2\"},\"headline\":\"CIERRA CAMPA\u00d1A; AHORA, POR LA GUBERNATURA!\",\"datePublished\":\"2024-05-30T03:21:31+00:00\",\"dateModified\":\"2024-05-30T03:22:05+00:00\",\"mainEntityOfPage\":{\"@id\":\"https:\\\/\\\/lospoliticosveracruz.com\\\/?p=125424\"},\"wordCount\":550,\"publisher\":{\"@id\":\"https:\\\/\\\/lospoliticosveracruz.com\\\/#organization\"},\"image\":{\"@id\":\"https:\\\/\\\/lospoliticosveracruz.com\\\/?p=125424#primaryimage\"},\"thumbnailUrl\":\"https:\\\/\\\/lospoliticosveracruz.com.mx\\\/wp-content\\\/uploads\\\/2023\\\/08\\\/Alex-150x150.jpg\",\"keywords\":[\"Andr\u00e9s Manuel L\u00f3pez Obrador\",\"PAN\",\"PRI\",\"Veracruz\",\"Xalapa\"],\"articleSection\":[\"De Boleto\"],\"inLanguage\":\"es\"},{\"@type\":\"WebPage\",\"@id\":\"https:\\\/\\\/lospoliticosveracruz.com\\\/?p=125424\",\"url\":\"https:\\\/\\\/lospoliticosveracruz.com\\\/?p=125424\",\"name\":\"CIERRA CAMPA\u00d1A; AHORA, POR LA GUBERNATURA! - Los pol\u00edticos Veracruz\",\"isPartOf\":{\"@id\":\"https:\\\/\\\/lospoliticosveracruz.com\\\/#website\"},\"primaryImageOfPage\":{\"@id\":\"https:\\\/\\\/lospoliticosveracruz.com\\\/?p=125424#primaryimage\"},\"image\":{\"@id\":\"https:\\\/\\\/lospoliticosveracruz.com\\\/?p=125424#primaryimage\"},\"thumbnailUrl\":\"https:\\\/\\\/lospoliticosveracruz.com.mx\\\/wp-content\\\/uploads\\\/2023\\\/08\\\/Alex-150x150.jpg\",\"datePublished\":\"2024-05-30T03:21:31+00:00\",\"dateModified\":\"2024-05-30T03:22:05+00:00\",\"breadcrumb\":{\"@id\":\"https:\\\/\\\/lospoliticosveracruz.com\\\/?p=125424#breadcrumb\"},\"inLanguage\":\"es\",\"potentialAction\":[{\"@type\":\"ReadAction\",\"target\":[\"https:\\\/\\\/lospoliticosveracruz.com\\\/?p=125424\"]}]},{\"@type\":\"ImageObject\",\"inLanguage\":\"es\",\"@id\":\"https:\\\/\\\/lospoliticosveracruz.com\\\/?p=125424#primaryimage\",\"url\":\"https:\\\/\\\/lospoliticosveracruz.com.mx\\\/wp-content\\\/uploads\\\/2023\\\/08\\\/Alex-150x150.jpg\",\"contentUrl\":\"https:\\\/\\\/lospoliticosveracruz.com.mx\\\/wp-content\\\/uploads\\\/2023\\\/08\\\/Alex-150x150.jpg\"},{\"@type\":\"BreadcrumbList\",\"@id\":\"https:\\\/\\\/lospoliticosveracruz.com\\\/?p=125424#breadcrumb\",\"itemListElement\":[{\"@type\":\"ListItem\",\"position\":1,\"name\":\"Portada\",\"item\":\"https:\\\/\\\/lospoliticosveracruz.com\\\/\"},{\"@type\":\"ListItem\",\"position\":2,\"name\":\"CIERRA CAMPA\u00d1A; AHORA, POR LA GUBERNATURA!\"}]},{\"@type\":\"WebSite\",\"@id\":\"https:\\\/\\\/lospoliticosveracruz.com\\\/#website\",\"url\":\"https:\\\/\\\/lospoliticosveracruz.com\\\/\",\"name\":\"Los pol\u00edticos Veracruz\",\"description\":\"\",\"publisher\":{\"@id\":\"https:\\\/\\\/lospoliticosveracruz.com\\\/#organization\"},\"potentialAction\":[{\"@type\":\"SearchAction\",\"target\":{\"@type\":\"EntryPoint\",\"urlTemplate\":\"https:\\\/\\\/lospoliticosveracruz.com\\\/?s={search_term_string}\"},\"query-input\":{\"@type\":\"PropertyValueSpecification\",\"valueRequired\":true,\"valueName\":\"search_term_string\"}}],\"inLanguage\":\"es\"},{\"@type\":\"Organization\",\"@id\":\"https:\\\/\\\/lospoliticosveracruz.com\\\/#organization\",\"name\":\"Los pol\u00edticos Veracruz\",\"url\":\"https:\\\/\\\/lospoliticosveracruz.com\\\/\",\"logo\":{\"@type\":\"ImageObject\",\"inLanguage\":\"es\",\"@id\":\"https:\\\/\\\/lospoliticosveracruz.com\\\/#\\\/schema\\\/logo\\\/image\\\/\",\"url\":\"https:\\\/\\\/lospoliticosveracruz.com\\\/wp-content\\\/uploads\\\/2025\\\/12\\\/Logo-Nuevo-LOS-POLITICOS-1.jpg\",\"contentUrl\":\"https:\\\/\\\/lospoliticosveracruz.com\\\/wp-content\\\/uploads\\\/2025\\\/12\\\/Logo-Nuevo-LOS-POLITICOS-1.jpg\",\"width\":260,\"height\":70,\"caption\":\"Los pol\u00edticos Veracruz\"},\"image\":{\"@id\":\"https:\\\/\\\/lospoliticosveracruz.com\\\/#\\\/schema\\\/logo\\\/image\\\/\"},\"sameAs\":[\"https:\\\/\\\/www.facebook.com\\\/people\\\/Notimemes-de-los-Polticos\\\/61565672886568\\\/\",\"https:\\\/\\\/x.com\\\/LosPoliticosVer\"]},{\"@type\":\"Person\",\"@id\":\"https:\\\/\\\/lospoliticosveracruz.com\\\/#\\\/schema\\\/person\\\/b8702bb0e538456e6efd07080bf2a4a2\",\"name\":\"Lo viste en Los Pol\u00edticos\",\"image\":{\"@type\":\"ImageObject\",\"inLanguage\":\"es\",\"@id\":\"https:\\\/\\\/secure.gravatar.com\\\/avatar\\\/3a8de04a2656d44082be478bd6c086daa447c4651605818287b9532d3d0bd435?s=96&d=mm&r=g\",\"url\":\"https:\\\/\\\/secure.gravatar.com\\\/avatar\\\/3a8de04a2656d44082be478bd6c086daa447c4651605818287b9532d3d0bd435?s=96&d=mm&r=g\",\"contentUrl\":\"https:\\\/\\\/secure.gravatar.com\\\/avatar\\\/3a8de04a2656d44082be478bd6c086daa447c4651605818287b9532d3d0bd435?s=96&d=mm&r=g\",\"caption\":\"Lo viste en Los Pol\u00edticos\"},\"url\":\"https:\\\/\\\/lospoliticosveracruz.com\\\/?author=2\"}]}<\/script>\n<!-- \/ Yoast SEO plugin. -->","yoast_head_json":{"title":"CIERRA CAMPA\u00d1A; AHORA, POR LA GUBERNATURA! - Los pol\u00edticos Veracruz","robots":{"index":"index","follow":"follow","max-snippet":"max-snippet:-1","max-image-preview":"max-image-preview:large","max-video-preview":"max-video-preview:-1"},"canonical":"https:\/\/lospoliticosveracruz.com\/?p=125424","og_locale":"es_ES","og_type":"article","og_title":"CIERRA CAMPA\u00d1A; AHORA, POR LA GUBERNATURA! - Los pol\u00edticos Veracruz","og_description":"XalapaCon un amplio y fuerte llamado a la unidad y a la participaci\u00f3n activa, Pepe Yunes cerr\u00f3 su campa\u00f1a rumbo a la gubernatura del estado ante m\u00e1s de 30 mil personas, y asegur\u00f3 que este domingo \u201c\u00a1vamos a ganar! \u00a1Estamos a cuatro d\u00edas de sacudir al estado de esta pesadilla que ha significado rezago, m\u00e1s [&hellip;]","og_url":"https:\/\/lospoliticosveracruz.com\/?p=125424","og_site_name":"Los pol\u00edticos Veracruz","article_publisher":"https:\/\/www.facebook.com\/people\/Notimemes-de-los-Polticos\/61565672886568\/","article_published_time":"2024-05-30T03:21:31+00:00","article_modified_time":"2024-05-30T03:22:05+00:00","og_image":[{"url":"https:\/\/lospoliticosveracruz.com.mx\/wp-content\/uploads\/2023\/08\/Alex-150x150.jpg","type":"","width":"","height":""}],"author":"Lo viste en Los Pol\u00edticos","twitter_card":"summary_large_image","twitter_creator":"@LosPoliticosVer","twitter_site":"@LosPoliticosVer","twitter_misc":{"Escrito por":"Lo viste en Los Pol\u00edticos","Tiempo de lectura":"3 minutos"},"schema":{"@context":"https:\/\/schema.org","@graph":[{"@type":"Article","@id":"https:\/\/lospoliticosveracruz.com\/?p=125424#article","isPartOf":{"@id":"https:\/\/lospoliticosveracruz.com\/?p=125424"},"author":{"name":"Lo viste en Los Pol\u00edticos","@id":"https:\/\/lospoliticosveracruz.com\/#\/schema\/person\/b8702bb0e538456e6efd07080bf2a4a2"},"headline":"CIERRA CAMPA\u00d1A; AHORA, POR LA GUBERNATURA!","datePublished":"2024-05-30T03:21:31+00:00","dateModified":"2024-05-30T03:22:05+00:00","mainEntityOfPage":{"@id":"https:\/\/lospoliticosveracruz.com\/?p=125424"},"wordCount":550,"publisher":{"@id":"https:\/\/lospoliticosveracruz.com\/#organization"},"image":{"@id":"https:\/\/lospoliticosveracruz.com\/?p=125424#primaryimage"},"thumbnailUrl":"https:\/\/lospoliticosveracruz.com.mx\/wp-content\/uploads\/2023\/08\/Alex-150x150.jpg","keywords":["Andr\u00e9s Manuel L\u00f3pez Obrador","PAN","PRI","Veracruz","Xalapa"],"articleSection":["De Boleto"],"inLanguage":"es"},{"@type":"WebPage","@id":"https:\/\/lospoliticosveracruz.com\/?p=125424","url":"https:\/\/lospoliticosveracruz.com\/?p=125424","name":"CIERRA CAMPA\u00d1A; AHORA, POR LA GUBERNATURA! - Los pol\u00edticos Veracruz","isPartOf":{"@id":"https:\/\/lospoliticosveracruz.com\/#website"},"primaryImageOfPage":{"@id":"https:\/\/lospoliticosveracruz.com\/?p=125424#primaryimage"},"image":{"@id":"https:\/\/lospoliticosveracruz.com\/?p=125424#primaryimage"},"thumbnailUrl":"https:\/\/lospoliticosveracruz.com.mx\/wp-content\/uploads\/2023\/08\/Alex-150x150.jpg","datePublished":"2024-05-30T03:21:31+00:00","dateModified":"2024-05-30T03:22:05+00:00","breadcrumb":{"@id":"https:\/\/lospoliticosveracruz.com\/?p=125424#breadcrumb"},"inLanguage":"es","potentialAction":[{"@type":"ReadAction","target":["https:\/\/lospoliticosveracruz.com\/?p=125424"]}]},{"@type":"ImageObject","inLanguage":"es","@id":"https:\/\/lospoliticosveracruz.com\/?p=125424#primaryimage","url":"https:\/\/lospoliticosveracruz.com.mx\/wp-content\/uploads\/2023\/08\/Alex-150x150.jpg","contentUrl":"https:\/\/lospoliticosveracruz.com.mx\/wp-content\/uploads\/2023\/08\/Alex-150x150.jpg"},{"@type":"BreadcrumbList","@id":"https:\/\/lospoliticosveracruz.com\/?p=125424#breadcrumb","itemListElement":[{"@type":"ListItem","position":1,"name":"Portada","item":"https:\/\/lospoliticosveracruz.com\/"},{"@type":"ListItem","position":2,"name":"CIERRA CAMPA\u00d1A; AHORA, POR LA GUBERNATURA!"}]},{"@type":"WebSite","@id":"https:\/\/lospoliticosveracruz.com\/#website","url":"https:\/\/lospoliticosveracruz.com\/","name":"Los pol\u00edticos Veracruz","description":"","publisher":{"@id":"https:\/\/lospoliticosveracruz.com\/#organization"},"potentialAction":[{"@type":"SearchAction","target":{"@type":"EntryPoint","urlTemplate":"https:\/\/lospoliticosveracruz.com\/?s={search_term_string}"},"query-input":{"@type":"PropertyValueSpecification","valueRequired":true,"valueName":"search_term_string"}}],"inLanguage":"es"},{"@type":"Organization","@id":"https:\/\/lospoliticosveracruz.com\/#organization","name":"Los pol\u00edticos Veracruz","url":"https:\/\/lospoliticosveracruz.com\/","logo":{"@type":"ImageObject","inLanguage":"es","@id":"https:\/\/lospoliticosveracruz.com\/#\/schema\/logo\/image\/","url":"https:\/\/lospoliticosveracruz.com\/wp-content\/uploads\/2025\/12\/Logo-Nuevo-LOS-POLITICOS-1.jpg","contentUrl":"https:\/\/lospoliticosveracruz.com\/wp-content\/uploads\/2025\/12\/Logo-Nuevo-LOS-POLITICOS-1.jpg","width":260,"height":70,"caption":"Los pol\u00edticos Veracruz"},"image":{"@id":"https:\/\/lospoliticosveracruz.com\/#\/schema\/logo\/image\/"},"sameAs":["https:\/\/www.facebook.com\/people\/Notimemes-de-los-Polticos\/61565672886568\/","https:\/\/x.com\/LosPoliticosVer"]},{"@type":"Person","@id":"https:\/\/lospoliticosveracruz.com\/#\/schema\/person\/b8702bb0e538456e6efd07080bf2a4a2","name":"Lo viste en Los Pol\u00edticos","image":{"@type":"ImageObject","inLanguage":"es","@id":"https:\/\/secure.gravatar.com\/avatar\/3a8de04a2656d44082be478bd6c086daa447c4651605818287b9532d3d0bd435?s=96&d=mm&r=g","url":"https:\/\/secure.gravatar.com\/avatar\/3a8de04a2656d44082be478bd6c086daa447c4651605818287b9532d3d0bd435?s=96&d=mm&r=g","contentUrl":"https:\/\/secure.gravatar.com\/avatar\/3a8de04a2656d44082be478bd6c086daa447c4651605818287b9532d3d0bd435?s=96&d=mm&r=g","caption":"Lo viste en Los Pol\u00edticos"},"url":"https:\/\/lospoliticosveracruz.com\/?author=2"}]}},"_links":{"self":[{"href":"https:\/\/lospoliticosveracruz.com\/index.php?rest_route=\/wp\/v2\/posts\/125424","targetHints":{"allow":["GET"]}}],"collection":[{"href":"https:\/\/lospoliticosveracruz.com\/index.php?rest_route=\/wp\/v2\/posts"}],"about":[{"href":"https:\/\/lospoliticosveracruz.com\/index.php?rest_route=\/wp\/v2\/types\/post"}],"author":[{"embeddable":true,"href":"https:\/\/lospoliticosveracruz.com\/index.php?rest_route=\/wp\/v2\/users\/2"}],"replies":[{"embeddable":true,"href":"https:\/\/lospoliticosveracruz.com\/index.php?rest_route=%2Fwp%2Fv2%2Fcomments&post=125424"}],"version-history":[{"count":2,"href":"https:\/\/lospoliticosveracruz.com\/index.php?rest_route=\/wp\/v2\/posts\/125424\/revisions"}],"predecessor-version":[{"id":125426,"href":"https:\/\/lospoliticosveracruz.com\/index.php?rest_route=\/wp\/v2\/posts\/125424\/revisions\/125426"}],"wp:attachment":[{"href":"https:\/\/lospoliticosveracruz.com\/index.php?rest_route=%2Fwp%2Fv2%2Fmedia&parent=125424"}],"wp:term":[{"taxonomy":"category","embeddable":true,"href":"https:\/\/lospoliticosveracruz.com\/index.php?rest_route=%2Fwp%2Fv2%2Fcategories&post=125424"},{"taxonomy":"post_tag","embeddable":true,"href":"https:\/\/lospoliticosveracruz.com\/index.php?rest_route=%2Fwp%2Fv2%2Ftags&post=125424"}],"curies":[{"name":"wp","href":"https:\/\/api.w.org\/{rel}","templated":true}]}}