{"id":12551,"date":"2014-10-11T15:40:00","date_gmt":"2014-10-11T15:40:00","guid":{"rendered":"http:\/\/www.lospoliticosveracruz.com.mx\/las-espadas-de-tlataya\/"},"modified":"2014-10-11T15:43:32","modified_gmt":"2014-10-11T15:43:32","slug":"las-espadas-de-tlataya","status":"publish","type":"post","link":"https:\/\/lospoliticosveracruz.com\/?p=12551","title":{"rendered":"Las espadas de Tlataya"},"content":{"rendered":"<div style=\"clear: both; text-align: center;\"><a href=\"http:\/\/2.bp.blogspot.com\/-x41Ki5MSX2s\/VDlPTndCKeI\/AAAAAAAANmk\/FDFBaGpRkwg\/s1600\/Tlataya.jpg\" style=\"margin-left: 1em; margin-right: 1em;\"><img loading=\"lazy\" decoding=\"async\" border=\"0\" src=\"http:\/\/2.bp.blogspot.com\/-x41Ki5MSX2s\/VDlPTndCKeI\/AAAAAAAANmk\/FDFBaGpRkwg\/s1600\/Tlataya.jpg\" height=\"213\" width=\"320\" \/><\/a><\/div>\n<div><b><br \/><\/b><\/div>\n<p><b>Ernesto Viveros<\/b><\/p>\n<div><i>El Ojo Ilustrado<\/i><\/p>\n<p>El asesinato de 22 personas realizado por elementos del ej\u00e9rcito mexicano el pasado 30 de junio, en el municipio mexiquense de Tlatlaya, es tan solo una muestra m\u00e1s de la impreparaci\u00f3n de las fuerzas castrenses para ejercer tareas policiales.<br \/>Hace a\u00f1os que, ante la debacle operativa de las polic\u00edas ante el narcotr\u00e1fico, se utiliz\u00f3 al ej\u00e9rcito mexicano en tareas de inteligencia e investigaci\u00f3n, vigilancia, persecuci\u00f3n y apresamiento de estos criminales. <a name='more'><\/a>Tan solo durante el sexenio anterior, en m\u00faltiples ocasiones se discuti\u00f3 y propuso que el marco legal en el que actuaban dichas fuerzas armadas fuera actualizado para apoyar esta nueva funci\u00f3n con mayor certeza legal pero, una y otra vez,  la decisi\u00f3n no encontr\u00f3 suficientes consensos tanto en 2004 &#8211; 2005, cuando se discuti\u00f3  y promulg\u00f3 la ley vigente hoy d\u00eda; en 2010 y 2011, cuando se planteaban reformas a la misma, e incluso en 2014, cuando se trata de redefinir las tareas de los organismos de inteligencia policial en nuestro pa\u00eds.<br \/>As\u00ed las cosas. El ej\u00e9rcito y la marina armada acatan las instrucciones del presidente en turno conforme a su deber constitucional aunque no quede bien claro el marco legal de la ejecuci\u00f3n de esas \u00f3rdenes. En un proceso largo, complejo y doloroso, nuestras fuerzas armadas se adaptan a nuevas condiciones para desempe\u00f1ar su papel en el Estado mexicano; los errores, las imprecisiones, la incapacidad, las resistencias\u2026 todas ellas, tienen un costo pol\u00edtico que, lamentablemente, seguir\u00e1n pagando por mucho tiempo.<br \/>Ello porque dichas fuerzas armadas, al igual que las m\u00faltiples polic\u00edas mexicanas, est\u00e1n formadas en una cultura pol\u00edtica represiva, antidemocr\u00e1tica, opaca y con una relaci\u00f3n complejamente torcida con el estado de derecho y las \u00e9lites pol\u00edticas a las cuales responden. Sus mandos medios y superiores son hijos, en todos los sentidos de la palabra, de esa misma cultura pol\u00edtica y muchos de ellos garantizar\u00e1n que sus arbitrariedades y abusos contin\u00faen hasta su retiro en el transcurso de las pr\u00f3ximas tres d\u00e9cadas, cuando menos.<br \/>Por muy justificados o bien intencionados que parezcan, los apoyos a los efectivos del ej\u00e9rcito recluidos tras las investigaciones forzadas por la presi\u00f3n internacional, algunos expresados abiertamente en redes sociales, son una muestra fehaciente del largo camino que a\u00fan queda por recorrer: independientemente de las simpat\u00edas que generen los efectivos que exponen su vida ante los criminales y su disciplina ante sus mandos superiores, no podemos olvidar que ellos son parte de las instituciones que deben garantizar los derechos expresados en la Constituci\u00f3n, que debe ampararnos a todos y ellos han jurado defender, con su vida si es necesario.<br \/>Es informaci\u00f3n oficial la consignaci\u00f3n de un sargento y tres soldados rasos en el caso Tlatlaya pero, aunque versiones period\u00edsticas hablaban de un capit\u00e1n y un coronel implicados, a\u00fan no se consigna a ning\u00fan oficial. Y \u00e9sta es la clave del caso, en la estricta disciplina y jerarqu\u00eda del ej\u00e9rcito son los oficiales quienes son responsables de la tropa y muy dif\u00edcilmente habr\u00e1 sucedido algo como lo referido sin su conocimiento.<br \/>Ahora bien, lo m\u00e1s interesante e importante del asunto es que, dentro de estas generaciones militares formadas en esta cultura pol\u00edtica, est\u00e1n los cuadros que impulsan y dirigen una posible transici\u00f3n democr\u00e1tica en esas instituciones. Independientemente de su edad y rango actual, una nueva generaci\u00f3n de militares y polic\u00edas empuja desde dentro un cambio generacional, un reformulamiento del compromiso castrense y policial ante la sociedad que debe proteger. Esperemos que no tarden en ser la tendencia general en esas instituciones.<br \/>El ej\u00e9rcito es una espada, no un bistur\u00ed, parece ser la lecci\u00f3n de estos peligrosos a\u00f1os en que ha ejecutado labores policiales. Podemos y debemos criticarle cualquier exceso que cometan en tiempo pasado, presente y futuro pues la importancia de su labor as\u00ed lo exige.<br \/>Por lo pronto, sus oficiales, \u00fanicos efectivos que reciben un espad\u00edn cuando se grad\u00faan, deber\u00e1n recibir mayor atenci\u00f3n de nuestra parte. Su formaci\u00f3n es crucial para el \u00e9xito de esta transici\u00f3n democr\u00e1tica mexicana a\u00fan no consolidada y con serios riesgos de retroceso autoritario.<\/div>\n","protected":false},"excerpt":{"rendered":"<p>Ernesto Viveros El Ojo Ilustrado El asesinato de 22 personas realizado por elementos del ej\u00e9rcito mexicano el pasado 30 de junio, en el municipio mexiquense de Tlatlaya, es tan solo una muestra m\u00e1s de la impreparaci\u00f3n de las fuerzas castrenses para ejercer tareas policiales.Hace a\u00f1os que, ante la debacle operativa de las polic\u00edas ante el [&hellip;]<\/p>\n","protected":false},"author":2,"featured_media":0,"comment_status":"open","ping_status":"open","sticky":false,"template":"","format":"standard","meta":{"tdm_status":"","tdm_grid_status":"","footnotes":""},"categories":[70],"tags":[284,283],"class_list":{"0":"post-12551","1":"post","2":"type-post","3":"status-publish","4":"format-standard","6":"category-de-opinion","7":"tag-ejercito","8":"tag-tlataya"},"yoast_head":"<!-- This site is optimized with the Yoast SEO plugin v27.4 - https:\/\/yoast.com\/product\/yoast-seo-wordpress\/ -->\n<title>Las espadas de Tlataya - Los pol\u00edticos Veracruz<\/title>\n<meta name=\"robots\" content=\"index, follow, max-snippet:-1, max-image-preview:large, max-video-preview:-1\" \/>\n<link rel=\"canonical\" href=\"https:\/\/lospoliticosveracruz.com\/?p=12551\" \/>\n<meta property=\"og:locale\" content=\"es_ES\" \/>\n<meta property=\"og:type\" content=\"article\" \/>\n<meta property=\"og:title\" content=\"Las espadas de Tlataya - Los pol\u00edticos Veracruz\" \/>\n<meta property=\"og:description\" content=\"Ernesto Viveros El Ojo Ilustrado El asesinato de 22 personas realizado por elementos del ej\u00e9rcito mexicano el pasado 30 de junio, en el municipio mexiquense de Tlatlaya, es tan solo una muestra m\u00e1s de la impreparaci\u00f3n de las fuerzas castrenses para ejercer tareas policiales.Hace a\u00f1os que, ante la debacle operativa de las polic\u00edas ante el [&hellip;]\" \/>\n<meta property=\"og:url\" content=\"https:\/\/lospoliticosveracruz.com\/?p=12551\" \/>\n<meta property=\"og:site_name\" content=\"Los pol\u00edticos Veracruz\" \/>\n<meta property=\"article:publisher\" content=\"https:\/\/www.facebook.com\/people\/Notimemes-de-los-Polticos\/61565672886568\/\" \/>\n<meta property=\"article:published_time\" content=\"2014-10-11T15:40:00+00:00\" \/>\n<meta property=\"article:modified_time\" content=\"2014-10-11T15:43:32+00:00\" \/>\n<meta property=\"og:image\" content=\"http:\/\/2.bp.blogspot.com\/-x41Ki5MSX2s\/VDlPTndCKeI\/AAAAAAAANmk\/FDFBaGpRkwg\/s1600\/Tlataya.jpg\" \/>\n<meta name=\"author\" content=\"Lo viste en Los Pol\u00edticos\" \/>\n<meta name=\"twitter:card\" content=\"summary_large_image\" \/>\n<meta name=\"twitter:creator\" content=\"@LosPoliticosVer\" \/>\n<meta name=\"twitter:site\" content=\"@LosPoliticosVer\" \/>\n<meta name=\"twitter:label1\" content=\"Escrito por\" \/>\n\t<meta name=\"twitter:data1\" content=\"Lo viste en Los Pol\u00edticos\" \/>\n\t<meta name=\"twitter:label2\" content=\"Tiempo de lectura\" \/>\n\t<meta name=\"twitter:data2\" content=\"4 minutos\" \/>\n<script type=\"application\/ld+json\" class=\"yoast-schema-graph\">{\"@context\":\"https:\\\/\\\/schema.org\",\"@graph\":[{\"@type\":\"Article\",\"@id\":\"https:\\\/\\\/lospoliticosveracruz.com\\\/?p=12551#article\",\"isPartOf\":{\"@id\":\"https:\\\/\\\/lospoliticosveracruz.com\\\/?p=12551\"},\"author\":{\"name\":\"Lo viste en Los Pol\u00edticos\",\"@id\":\"https:\\\/\\\/lospoliticosveracruz.com\\\/#\\\/schema\\\/person\\\/b8702bb0e538456e6efd07080bf2a4a2\"},\"headline\":\"Las espadas de Tlataya\",\"datePublished\":\"2014-10-11T15:40:00+00:00\",\"dateModified\":\"2014-10-11T15:43:32+00:00\",\"mainEntityOfPage\":{\"@id\":\"https:\\\/\\\/lospoliticosveracruz.com\\\/?p=12551\"},\"wordCount\":727,\"commentCount\":0,\"publisher\":{\"@id\":\"https:\\\/\\\/lospoliticosveracruz.com\\\/#organization\"},\"image\":{\"@id\":\"https:\\\/\\\/lospoliticosveracruz.com\\\/?p=12551#primaryimage\"},\"thumbnailUrl\":\"http:\\\/\\\/2.bp.blogspot.com\\\/-x41Ki5MSX2s\\\/VDlPTndCKeI\\\/AAAAAAAANmk\\\/FDFBaGpRkwg\\\/s1600\\\/Tlataya.jpg\",\"keywords\":[\"Ej\u00e9rcito\",\"Tlataya\"],\"articleSection\":[\"De Opini\u00f3n\"],\"inLanguage\":\"es\",\"potentialAction\":[{\"@type\":\"CommentAction\",\"name\":\"Comment\",\"target\":[\"https:\\\/\\\/lospoliticosveracruz.com\\\/?p=12551#respond\"]}]},{\"@type\":\"WebPage\",\"@id\":\"https:\\\/\\\/lospoliticosveracruz.com\\\/?p=12551\",\"url\":\"https:\\\/\\\/lospoliticosveracruz.com\\\/?p=12551\",\"name\":\"Las espadas de Tlataya - Los pol\u00edticos Veracruz\",\"isPartOf\":{\"@id\":\"https:\\\/\\\/lospoliticosveracruz.com\\\/#website\"},\"primaryImageOfPage\":{\"@id\":\"https:\\\/\\\/lospoliticosveracruz.com\\\/?p=12551#primaryimage\"},\"image\":{\"@id\":\"https:\\\/\\\/lospoliticosveracruz.com\\\/?p=12551#primaryimage\"},\"thumbnailUrl\":\"http:\\\/\\\/2.bp.blogspot.com\\\/-x41Ki5MSX2s\\\/VDlPTndCKeI\\\/AAAAAAAANmk\\\/FDFBaGpRkwg\\\/s1600\\\/Tlataya.jpg\",\"datePublished\":\"2014-10-11T15:40:00+00:00\",\"dateModified\":\"2014-10-11T15:43:32+00:00\",\"breadcrumb\":{\"@id\":\"https:\\\/\\\/lospoliticosveracruz.com\\\/?p=12551#breadcrumb\"},\"inLanguage\":\"es\",\"potentialAction\":[{\"@type\":\"ReadAction\",\"target\":[\"https:\\\/\\\/lospoliticosveracruz.com\\\/?p=12551\"]}]},{\"@type\":\"ImageObject\",\"inLanguage\":\"es\",\"@id\":\"https:\\\/\\\/lospoliticosveracruz.com\\\/?p=12551#primaryimage\",\"url\":\"http:\\\/\\\/2.bp.blogspot.com\\\/-x41Ki5MSX2s\\\/VDlPTndCKeI\\\/AAAAAAAANmk\\\/FDFBaGpRkwg\\\/s1600\\\/Tlataya.jpg\",\"contentUrl\":\"http:\\\/\\\/2.bp.blogspot.com\\\/-x41Ki5MSX2s\\\/VDlPTndCKeI\\\/AAAAAAAANmk\\\/FDFBaGpRkwg\\\/s1600\\\/Tlataya.jpg\"},{\"@type\":\"BreadcrumbList\",\"@id\":\"https:\\\/\\\/lospoliticosveracruz.com\\\/?p=12551#breadcrumb\",\"itemListElement\":[{\"@type\":\"ListItem\",\"position\":1,\"name\":\"Portada\",\"item\":\"https:\\\/\\\/lospoliticosveracruz.com\\\/\"},{\"@type\":\"ListItem\",\"position\":2,\"name\":\"Las espadas de Tlataya\"}]},{\"@type\":\"WebSite\",\"@id\":\"https:\\\/\\\/lospoliticosveracruz.com\\\/#website\",\"url\":\"https:\\\/\\\/lospoliticosveracruz.com\\\/\",\"name\":\"Los pol\u00edticos Veracruz\",\"description\":\"\",\"publisher\":{\"@id\":\"https:\\\/\\\/lospoliticosveracruz.com\\\/#organization\"},\"potentialAction\":[{\"@type\":\"SearchAction\",\"target\":{\"@type\":\"EntryPoint\",\"urlTemplate\":\"https:\\\/\\\/lospoliticosveracruz.com\\\/?s={search_term_string}\"},\"query-input\":{\"@type\":\"PropertyValueSpecification\",\"valueRequired\":true,\"valueName\":\"search_term_string\"}}],\"inLanguage\":\"es\"},{\"@type\":\"Organization\",\"@id\":\"https:\\\/\\\/lospoliticosveracruz.com\\\/#organization\",\"name\":\"Los pol\u00edticos Veracruz\",\"url\":\"https:\\\/\\\/lospoliticosveracruz.com\\\/\",\"logo\":{\"@type\":\"ImageObject\",\"inLanguage\":\"es\",\"@id\":\"https:\\\/\\\/lospoliticosveracruz.com\\\/#\\\/schema\\\/logo\\\/image\\\/\",\"url\":\"https:\\\/\\\/lospoliticosveracruz.com\\\/wp-content\\\/uploads\\\/2025\\\/12\\\/Logo-Nuevo-LOS-POLITICOS-1.jpg\",\"contentUrl\":\"https:\\\/\\\/lospoliticosveracruz.com\\\/wp-content\\\/uploads\\\/2025\\\/12\\\/Logo-Nuevo-LOS-POLITICOS-1.jpg\",\"width\":260,\"height\":70,\"caption\":\"Los pol\u00edticos Veracruz\"},\"image\":{\"@id\":\"https:\\\/\\\/lospoliticosveracruz.com\\\/#\\\/schema\\\/logo\\\/image\\\/\"},\"sameAs\":[\"https:\\\/\\\/www.facebook.com\\\/people\\\/Notimemes-de-los-Polticos\\\/61565672886568\\\/\",\"https:\\\/\\\/x.com\\\/LosPoliticosVer\"]},{\"@type\":\"Person\",\"@id\":\"https:\\\/\\\/lospoliticosveracruz.com\\\/#\\\/schema\\\/person\\\/b8702bb0e538456e6efd07080bf2a4a2\",\"name\":\"Lo viste en Los Pol\u00edticos\",\"image\":{\"@type\":\"ImageObject\",\"inLanguage\":\"es\",\"@id\":\"https:\\\/\\\/secure.gravatar.com\\\/avatar\\\/3a8de04a2656d44082be478bd6c086daa447c4651605818287b9532d3d0bd435?s=96&d=mm&r=g\",\"url\":\"https:\\\/\\\/secure.gravatar.com\\\/avatar\\\/3a8de04a2656d44082be478bd6c086daa447c4651605818287b9532d3d0bd435?s=96&d=mm&r=g\",\"contentUrl\":\"https:\\\/\\\/secure.gravatar.com\\\/avatar\\\/3a8de04a2656d44082be478bd6c086daa447c4651605818287b9532d3d0bd435?s=96&d=mm&r=g\",\"caption\":\"Lo viste en Los Pol\u00edticos\"},\"url\":\"https:\\\/\\\/lospoliticosveracruz.com\\\/?author=2\"}]}<\/script>\n<!-- \/ Yoast SEO plugin. -->","yoast_head_json":{"title":"Las espadas de Tlataya - Los pol\u00edticos Veracruz","robots":{"index":"index","follow":"follow","max-snippet":"max-snippet:-1","max-image-preview":"max-image-preview:large","max-video-preview":"max-video-preview:-1"},"canonical":"https:\/\/lospoliticosveracruz.com\/?p=12551","og_locale":"es_ES","og_type":"article","og_title":"Las espadas de Tlataya - Los pol\u00edticos Veracruz","og_description":"Ernesto Viveros El Ojo Ilustrado El asesinato de 22 personas realizado por elementos del ej\u00e9rcito mexicano el pasado 30 de junio, en el municipio mexiquense de Tlatlaya, es tan solo una muestra m\u00e1s de la impreparaci\u00f3n de las fuerzas castrenses para ejercer tareas policiales.Hace a\u00f1os que, ante la debacle operativa de las polic\u00edas ante el [&hellip;]","og_url":"https:\/\/lospoliticosveracruz.com\/?p=12551","og_site_name":"Los pol\u00edticos Veracruz","article_publisher":"https:\/\/www.facebook.com\/people\/Notimemes-de-los-Polticos\/61565672886568\/","article_published_time":"2014-10-11T15:40:00+00:00","article_modified_time":"2014-10-11T15:43:32+00:00","og_image":[{"url":"http:\/\/2.bp.blogspot.com\/-x41Ki5MSX2s\/VDlPTndCKeI\/AAAAAAAANmk\/FDFBaGpRkwg\/s1600\/Tlataya.jpg","type":"","width":"","height":""}],"author":"Lo viste en Los Pol\u00edticos","twitter_card":"summary_large_image","twitter_creator":"@LosPoliticosVer","twitter_site":"@LosPoliticosVer","twitter_misc":{"Escrito por":"Lo viste en Los Pol\u00edticos","Tiempo de lectura":"4 minutos"},"schema":{"@context":"https:\/\/schema.org","@graph":[{"@type":"Article","@id":"https:\/\/lospoliticosveracruz.com\/?p=12551#article","isPartOf":{"@id":"https:\/\/lospoliticosveracruz.com\/?p=12551"},"author":{"name":"Lo viste en Los Pol\u00edticos","@id":"https:\/\/lospoliticosveracruz.com\/#\/schema\/person\/b8702bb0e538456e6efd07080bf2a4a2"},"headline":"Las espadas de Tlataya","datePublished":"2014-10-11T15:40:00+00:00","dateModified":"2014-10-11T15:43:32+00:00","mainEntityOfPage":{"@id":"https:\/\/lospoliticosveracruz.com\/?p=12551"},"wordCount":727,"commentCount":0,"publisher":{"@id":"https:\/\/lospoliticosveracruz.com\/#organization"},"image":{"@id":"https:\/\/lospoliticosveracruz.com\/?p=12551#primaryimage"},"thumbnailUrl":"http:\/\/2.bp.blogspot.com\/-x41Ki5MSX2s\/VDlPTndCKeI\/AAAAAAAANmk\/FDFBaGpRkwg\/s1600\/Tlataya.jpg","keywords":["Ej\u00e9rcito","Tlataya"],"articleSection":["De Opini\u00f3n"],"inLanguage":"es","potentialAction":[{"@type":"CommentAction","name":"Comment","target":["https:\/\/lospoliticosveracruz.com\/?p=12551#respond"]}]},{"@type":"WebPage","@id":"https:\/\/lospoliticosveracruz.com\/?p=12551","url":"https:\/\/lospoliticosveracruz.com\/?p=12551","name":"Las espadas de Tlataya - Los pol\u00edticos Veracruz","isPartOf":{"@id":"https:\/\/lospoliticosveracruz.com\/#website"},"primaryImageOfPage":{"@id":"https:\/\/lospoliticosveracruz.com\/?p=12551#primaryimage"},"image":{"@id":"https:\/\/lospoliticosveracruz.com\/?p=12551#primaryimage"},"thumbnailUrl":"http:\/\/2.bp.blogspot.com\/-x41Ki5MSX2s\/VDlPTndCKeI\/AAAAAAAANmk\/FDFBaGpRkwg\/s1600\/Tlataya.jpg","datePublished":"2014-10-11T15:40:00+00:00","dateModified":"2014-10-11T15:43:32+00:00","breadcrumb":{"@id":"https:\/\/lospoliticosveracruz.com\/?p=12551#breadcrumb"},"inLanguage":"es","potentialAction":[{"@type":"ReadAction","target":["https:\/\/lospoliticosveracruz.com\/?p=12551"]}]},{"@type":"ImageObject","inLanguage":"es","@id":"https:\/\/lospoliticosveracruz.com\/?p=12551#primaryimage","url":"http:\/\/2.bp.blogspot.com\/-x41Ki5MSX2s\/VDlPTndCKeI\/AAAAAAAANmk\/FDFBaGpRkwg\/s1600\/Tlataya.jpg","contentUrl":"http:\/\/2.bp.blogspot.com\/-x41Ki5MSX2s\/VDlPTndCKeI\/AAAAAAAANmk\/FDFBaGpRkwg\/s1600\/Tlataya.jpg"},{"@type":"BreadcrumbList","@id":"https:\/\/lospoliticosveracruz.com\/?p=12551#breadcrumb","itemListElement":[{"@type":"ListItem","position":1,"name":"Portada","item":"https:\/\/lospoliticosveracruz.com\/"},{"@type":"ListItem","position":2,"name":"Las espadas de Tlataya"}]},{"@type":"WebSite","@id":"https:\/\/lospoliticosveracruz.com\/#website","url":"https:\/\/lospoliticosveracruz.com\/","name":"Los pol\u00edticos Veracruz","description":"","publisher":{"@id":"https:\/\/lospoliticosveracruz.com\/#organization"},"potentialAction":[{"@type":"SearchAction","target":{"@type":"EntryPoint","urlTemplate":"https:\/\/lospoliticosveracruz.com\/?s={search_term_string}"},"query-input":{"@type":"PropertyValueSpecification","valueRequired":true,"valueName":"search_term_string"}}],"inLanguage":"es"},{"@type":"Organization","@id":"https:\/\/lospoliticosveracruz.com\/#organization","name":"Los pol\u00edticos Veracruz","url":"https:\/\/lospoliticosveracruz.com\/","logo":{"@type":"ImageObject","inLanguage":"es","@id":"https:\/\/lospoliticosveracruz.com\/#\/schema\/logo\/image\/","url":"https:\/\/lospoliticosveracruz.com\/wp-content\/uploads\/2025\/12\/Logo-Nuevo-LOS-POLITICOS-1.jpg","contentUrl":"https:\/\/lospoliticosveracruz.com\/wp-content\/uploads\/2025\/12\/Logo-Nuevo-LOS-POLITICOS-1.jpg","width":260,"height":70,"caption":"Los pol\u00edticos Veracruz"},"image":{"@id":"https:\/\/lospoliticosveracruz.com\/#\/schema\/logo\/image\/"},"sameAs":["https:\/\/www.facebook.com\/people\/Notimemes-de-los-Polticos\/61565672886568\/","https:\/\/x.com\/LosPoliticosVer"]},{"@type":"Person","@id":"https:\/\/lospoliticosveracruz.com\/#\/schema\/person\/b8702bb0e538456e6efd07080bf2a4a2","name":"Lo viste en Los Pol\u00edticos","image":{"@type":"ImageObject","inLanguage":"es","@id":"https:\/\/secure.gravatar.com\/avatar\/3a8de04a2656d44082be478bd6c086daa447c4651605818287b9532d3d0bd435?s=96&d=mm&r=g","url":"https:\/\/secure.gravatar.com\/avatar\/3a8de04a2656d44082be478bd6c086daa447c4651605818287b9532d3d0bd435?s=96&d=mm&r=g","contentUrl":"https:\/\/secure.gravatar.com\/avatar\/3a8de04a2656d44082be478bd6c086daa447c4651605818287b9532d3d0bd435?s=96&d=mm&r=g","caption":"Lo viste en Los Pol\u00edticos"},"url":"https:\/\/lospoliticosveracruz.com\/?author=2"}]}},"_links":{"self":[{"href":"https:\/\/lospoliticosveracruz.com\/index.php?rest_route=\/wp\/v2\/posts\/12551","targetHints":{"allow":["GET"]}}],"collection":[{"href":"https:\/\/lospoliticosveracruz.com\/index.php?rest_route=\/wp\/v2\/posts"}],"about":[{"href":"https:\/\/lospoliticosveracruz.com\/index.php?rest_route=\/wp\/v2\/types\/post"}],"author":[{"embeddable":true,"href":"https:\/\/lospoliticosveracruz.com\/index.php?rest_route=\/wp\/v2\/users\/2"}],"replies":[{"embeddable":true,"href":"https:\/\/lospoliticosveracruz.com\/index.php?rest_route=%2Fwp%2Fv2%2Fcomments&post=12551"}],"version-history":[{"count":1,"href":"https:\/\/lospoliticosveracruz.com\/index.php?rest_route=\/wp\/v2\/posts\/12551\/revisions"}],"predecessor-version":[{"id":12552,"href":"https:\/\/lospoliticosveracruz.com\/index.php?rest_route=\/wp\/v2\/posts\/12551\/revisions\/12552"}],"wp:attachment":[{"href":"https:\/\/lospoliticosveracruz.com\/index.php?rest_route=%2Fwp%2Fv2%2Fmedia&parent=12551"}],"wp:term":[{"taxonomy":"category","embeddable":true,"href":"https:\/\/lospoliticosveracruz.com\/index.php?rest_route=%2Fwp%2Fv2%2Fcategories&post=12551"},{"taxonomy":"post_tag","embeddable":true,"href":"https:\/\/lospoliticosveracruz.com\/index.php?rest_route=%2Fwp%2Fv2%2Ftags&post=12551"}],"curies":[{"name":"wp","href":"https:\/\/api.w.org\/{rel}","templated":true}]}}