{"id":12554,"date":"2014-10-13T02:55:00","date_gmt":"2014-10-13T02:55:00","guid":{"rendered":"http:\/\/www.lospoliticosveracruz.com.mx\/ficcion-vuelta-realidad\/"},"modified":"2014-10-13T03:16:06","modified_gmt":"2014-10-13T03:16:06","slug":"ficcion-vuelta-realidad","status":"publish","type":"post","link":"https:\/\/lospoliticosveracruz.com\/?p=12554","title":{"rendered":"\u00bfFicci\u00f3n vuelta realidad?"},"content":{"rendered":"<div style=\"clear: both; text-align: center;\"><a href=\"http:\/\/3.bp.blogspot.com\/-YXV2mtG0Mu4\/VDs-rKoSGqI\/AAAAAAAANn0\/NtXgtuxWwos\/s1600\/House-of-Cards-Boss.jpg\" style=\"margin-left: 1em; margin-right: 1em;\"><img loading=\"lazy\" decoding=\"async\" border=\"0\" src=\"http:\/\/3.bp.blogspot.com\/-YXV2mtG0Mu4\/VDs-rKoSGqI\/AAAAAAAANn0\/NtXgtuxWwos\/s1600\/House-of-Cards-Boss.jpg\" height=\"197\" width=\"320\" \/><\/a><\/div>\n<div><b><br \/><\/b><\/div>\n<p><b>Rodrigo Montoya Rivera<\/b><\/p>\n<div><i>Ideas<\/i><\/div>\n<div>Ya tiene alg\u00fan tiempo que me hecho seguidor de alguna series de televisi\u00f3n tanto nacionales como extranjeras, podemos decir que estos programas tienden a ser las telenovelas de los hombres y en efecto hay algunas muy buenas que d\u00eda a d\u00eda te atrapan por su contenido ya sea hist\u00f3rico, de ficci\u00f3n o realidad.<br \/>Si de pol\u00edtica hablamos dos series ampliamente recomendables son la de \u201cHouse of Cards\u201d o \u201cBoss\u201d ambas rodeadas de suspenso, ambici\u00f3n e intriga en la b\u00fasqueda del poder pol\u00edtico en 2 diferentes dimensiones. Aqu\u00ed el t\u00e9rmino \u201cMaquiav\u00e9lico\u201d aplica en todas sus vertientes debido a las formas de operatividad de los personajes centrales de estas historias.<a name='more'><\/a><br \/>En otros rubros como la acci\u00f3n o el narcotr\u00e1fico est\u00e1n la serie colombiana del Cartel de los Sapos, Pablo Escobar o la de El Se\u00f1or de los Cielos y La Reina del Sur. Estas dos \u00faltimas hablan sobre la vida de dos personajes que tristemente c\u00e9lebres han pasado a la historia y memoria de todos los mexicanos.<br \/>Aunque las series anteriormente se\u00f1aladas, reflejan hechos reales como el imperio del narcotraficante colombiano Pablo Emilio Escobar Gaviria por ejemplo, tambi\u00e9n llevan por parte de sus productores ciertos toques de ficci\u00f3n o situaciones que en realidad nunca pasaron. Sin embargo si usted lee los principales medios de comunicaci\u00f3n de circulaci\u00f3n nacional de los \u00faltimos d\u00edas podr\u00e1 ver que hay hombres y mujeres que seg\u00fan lo plasmado en diversos trabajos period\u00edsticos, se asemejan a los personajes de las televisoras mexicanas, estadounidenses o colombianas.<br \/>Uno de los ejemplos equiparable a la actriz Kate del Castillo, es Mar\u00eda de los \u00c1ngeles Pineda Villa quien en su car\u00e1cter de Presidenta del DIF de Iguala ha sido comparada por Reporte \u00cdndigo -al en el t\u00edtulo de su nota- con la famosa reina del sur, titul\u00e1ndola \u201cLa reina de Iguala\u201d. En este trabajo period\u00edstico de C\u00e9sar Cepeda se muestra de pies a cabeza a quien es la encargada de la asistencia social de dicho municipio, una mujer perfectamente arreglada con inter\u00e9s de ocupar la silla de su marido, aparentemente con \u00ednfulas de grandeza que la hicieron inclusive cortar el list\u00f3n inaugural de una escuela que hoy en d\u00eda lleva su nombre.<br \/>Y bueno, que decir de la serie de \u201cEl Se\u00f1or de los Cielos\u201d cuyo protagonista Rafael Amaya interpreta a uno de los hombres m\u00e1s pol\u00e9micos de este pa\u00eds y su historia. En la serie llamado Aurelio Casillas iniciales del extinto Amado Carrillo quien operaba seg\u00fan la serie televisiva con su hermano Victor Casillas como lugarteniente de su organizaci\u00f3n. Ahora, el viernes para ser exactos cay\u00f3 preso \u201cEl Viceroy\u201d Vicente Carrillo Fuentes, si el de verdad, quien fue aprehendido en Torre\u00f3n Coahuila en un ret\u00e9n y sin un solo disparo.<br \/>As\u00ed es como algunos personajes han pasado a ser estrellas de la pantalla chica y algunas estrellas de la pantalla chica se asimilan a muchos personajes de la vida cotidiana, que est\u00e1n entre nosotros no precisamente haciendo cosas buenas pero si conduci\u00e9ndose d\u00eda a d\u00eda como los que conocemos en televisi\u00f3n. Y usted \u00bfQui\u00e9n cree que sea en nuestra vida diaria un Frank Underwood o un Tom Kane? \u00bfEn Veracruz habr\u00e1 personajes equiparables a estos dos protagonistas de series estadounidenses de Netflix y de HBO respectivamente? Si cree que si, escr\u00edbamelo en un correo. Buen inicio de semana.<\/p>\n<p>Nota 1. El Hackaton rompe paradigmas. Gran iniciativa la del alcalde de Xalapa Am\u00e9rico Z\u00fa\u00f1iga Mart\u00ednez siguiendo el ejemplo del Presidente Enrique Pe\u00f1a Nieto con este evento el cual congreg\u00f3 a inform\u00e1ticos de varias partes del mundo con la finalidad de hacer una marat\u00f3n de desarrolladores de programas que impulsen el buen gobierno de manera digital. Una felicitaci\u00f3n muy afectuosa a Gerardo P\u00e9rez Gallardo quien con bajo perfil pero eficiencia ha demostrado que la discreci\u00f3n no est\u00e1 peleada con la efectividad, es decir, no es necesario contar con un reflector para hacer proyectos en Pro de su municipio. La apertura de datos es un ejemplo de transparencia en las administraciones como la federal. Un ejemplo as\u00ed debe ser retomado y Am\u00e9rico Z\u00fa\u00f1iga lo sabe a la perfecci\u00f3n.<\/p>\n<p>L\u00e9eme en: <a href=\"http:\/\/www.rodrigomontoya.com.mx\/\">www.rodrigomontoya.com.mx<\/a><\/p>\n<p>Twitter: @RodrigoMontoyaR<\/p>\n<p>Comentarios: <a href=\"mailto:rodrigomontoya91@hotmail.com\">rodrigomontoya91@hotmail.com<\/a><\/div>\n","protected":false},"excerpt":{"rendered":"<p>Rodrigo Montoya Rivera Ideas Ya tiene alg\u00fan tiempo que me hecho seguidor de alguna series de televisi\u00f3n tanto nacionales como extranjeras, podemos decir que estos programas tienden a ser las telenovelas de los hombres y en efecto hay algunas muy buenas que d\u00eda a d\u00eda te atrapan por su contenido ya sea hist\u00f3rico, de ficci\u00f3n [&hellip;]<\/p>\n","protected":false},"author":2,"featured_media":0,"comment_status":"open","ping_status":"open","sticky":false,"template":"","format":"standard","meta":{"tdm_status":"","tdm_grid_status":"","footnotes":""},"categories":[70],"tags":[286,289,285,288],"class_list":{"0":"post-12554","1":"post","2":"type-post","3":"status-publish","4":"format-standard","6":"category-de-opinion","7":"tag-boss","8":"tag-hbo","9":"tag-house-of-cards","10":"tag-netflix"},"yoast_head":"<!-- This site is optimized with the Yoast SEO plugin v27.4 - https:\/\/yoast.com\/product\/yoast-seo-wordpress\/ -->\n<title>\u00bfFicci\u00f3n vuelta realidad? - Los pol\u00edticos Veracruz<\/title>\n<meta name=\"robots\" content=\"index, follow, max-snippet:-1, max-image-preview:large, max-video-preview:-1\" \/>\n<link rel=\"canonical\" href=\"https:\/\/lospoliticosveracruz.com\/?p=12554\" \/>\n<meta property=\"og:locale\" content=\"es_ES\" \/>\n<meta property=\"og:type\" content=\"article\" \/>\n<meta property=\"og:title\" content=\"\u00bfFicci\u00f3n vuelta realidad? - Los pol\u00edticos Veracruz\" \/>\n<meta property=\"og:description\" content=\"Rodrigo Montoya Rivera Ideas Ya tiene alg\u00fan tiempo que me hecho seguidor de alguna series de televisi\u00f3n tanto nacionales como extranjeras, podemos decir que estos programas tienden a ser las telenovelas de los hombres y en efecto hay algunas muy buenas que d\u00eda a d\u00eda te atrapan por su contenido ya sea hist\u00f3rico, de ficci\u00f3n [&hellip;]\" \/>\n<meta property=\"og:url\" content=\"https:\/\/lospoliticosveracruz.com\/?p=12554\" \/>\n<meta property=\"og:site_name\" content=\"Los pol\u00edticos Veracruz\" \/>\n<meta property=\"article:publisher\" content=\"https:\/\/www.facebook.com\/people\/Notimemes-de-los-Polticos\/61565672886568\/\" \/>\n<meta property=\"article:published_time\" content=\"2014-10-13T02:55:00+00:00\" \/>\n<meta property=\"article:modified_time\" content=\"2014-10-13T03:16:06+00:00\" \/>\n<meta property=\"og:image\" content=\"http:\/\/3.bp.blogspot.com\/-YXV2mtG0Mu4\/VDs-rKoSGqI\/AAAAAAAANn0\/NtXgtuxWwos\/s1600\/House-of-Cards-Boss.jpg\" \/>\n<meta name=\"author\" content=\"Lo viste en Los Pol\u00edticos\" \/>\n<meta name=\"twitter:card\" content=\"summary_large_image\" \/>\n<meta name=\"twitter:creator\" content=\"@LosPoliticosVer\" \/>\n<meta name=\"twitter:site\" content=\"@LosPoliticosVer\" \/>\n<meta name=\"twitter:label1\" content=\"Escrito por\" \/>\n\t<meta name=\"twitter:data1\" content=\"Lo viste en Los Pol\u00edticos\" \/>\n\t<meta name=\"twitter:label2\" content=\"Tiempo de lectura\" \/>\n\t<meta name=\"twitter:data2\" content=\"4 minutos\" \/>\n<script type=\"application\/ld+json\" class=\"yoast-schema-graph\">{\"@context\":\"https:\\\/\\\/schema.org\",\"@graph\":[{\"@type\":\"Article\",\"@id\":\"https:\\\/\\\/lospoliticosveracruz.com\\\/?p=12554#article\",\"isPartOf\":{\"@id\":\"https:\\\/\\\/lospoliticosveracruz.com\\\/?p=12554\"},\"author\":{\"name\":\"Lo viste en Los Pol\u00edticos\",\"@id\":\"https:\\\/\\\/lospoliticosveracruz.com\\\/#\\\/schema\\\/person\\\/b8702bb0e538456e6efd07080bf2a4a2\"},\"headline\":\"\u00bfFicci\u00f3n vuelta realidad?\",\"datePublished\":\"2014-10-13T02:55:00+00:00\",\"dateModified\":\"2014-10-13T03:16:06+00:00\",\"mainEntityOfPage\":{\"@id\":\"https:\\\/\\\/lospoliticosveracruz.com\\\/?p=12554\"},\"wordCount\":754,\"commentCount\":0,\"publisher\":{\"@id\":\"https:\\\/\\\/lospoliticosveracruz.com\\\/#organization\"},\"image\":{\"@id\":\"https:\\\/\\\/lospoliticosveracruz.com\\\/?p=12554#primaryimage\"},\"thumbnailUrl\":\"http:\\\/\\\/3.bp.blogspot.com\\\/-YXV2mtG0Mu4\\\/VDs-rKoSGqI\\\/AAAAAAAANn0\\\/NtXgtuxWwos\\\/s1600\\\/House-of-Cards-Boss.jpg\",\"keywords\":[\"Boss\",\"HBO\",\"House of Cards\",\"Netflix\"],\"articleSection\":[\"De Opini\u00f3n\"],\"inLanguage\":\"es\",\"potentialAction\":[{\"@type\":\"CommentAction\",\"name\":\"Comment\",\"target\":[\"https:\\\/\\\/lospoliticosveracruz.com\\\/?p=12554#respond\"]}]},{\"@type\":\"WebPage\",\"@id\":\"https:\\\/\\\/lospoliticosveracruz.com\\\/?p=12554\",\"url\":\"https:\\\/\\\/lospoliticosveracruz.com\\\/?p=12554\",\"name\":\"\u00bfFicci\u00f3n vuelta realidad? - Los pol\u00edticos Veracruz\",\"isPartOf\":{\"@id\":\"https:\\\/\\\/lospoliticosveracruz.com\\\/#website\"},\"primaryImageOfPage\":{\"@id\":\"https:\\\/\\\/lospoliticosveracruz.com\\\/?p=12554#primaryimage\"},\"image\":{\"@id\":\"https:\\\/\\\/lospoliticosveracruz.com\\\/?p=12554#primaryimage\"},\"thumbnailUrl\":\"http:\\\/\\\/3.bp.blogspot.com\\\/-YXV2mtG0Mu4\\\/VDs-rKoSGqI\\\/AAAAAAAANn0\\\/NtXgtuxWwos\\\/s1600\\\/House-of-Cards-Boss.jpg\",\"datePublished\":\"2014-10-13T02:55:00+00:00\",\"dateModified\":\"2014-10-13T03:16:06+00:00\",\"breadcrumb\":{\"@id\":\"https:\\\/\\\/lospoliticosveracruz.com\\\/?p=12554#breadcrumb\"},\"inLanguage\":\"es\",\"potentialAction\":[{\"@type\":\"ReadAction\",\"target\":[\"https:\\\/\\\/lospoliticosveracruz.com\\\/?p=12554\"]}]},{\"@type\":\"ImageObject\",\"inLanguage\":\"es\",\"@id\":\"https:\\\/\\\/lospoliticosveracruz.com\\\/?p=12554#primaryimage\",\"url\":\"http:\\\/\\\/3.bp.blogspot.com\\\/-YXV2mtG0Mu4\\\/VDs-rKoSGqI\\\/AAAAAAAANn0\\\/NtXgtuxWwos\\\/s1600\\\/House-of-Cards-Boss.jpg\",\"contentUrl\":\"http:\\\/\\\/3.bp.blogspot.com\\\/-YXV2mtG0Mu4\\\/VDs-rKoSGqI\\\/AAAAAAAANn0\\\/NtXgtuxWwos\\\/s1600\\\/House-of-Cards-Boss.jpg\"},{\"@type\":\"BreadcrumbList\",\"@id\":\"https:\\\/\\\/lospoliticosveracruz.com\\\/?p=12554#breadcrumb\",\"itemListElement\":[{\"@type\":\"ListItem\",\"position\":1,\"name\":\"Portada\",\"item\":\"https:\\\/\\\/lospoliticosveracruz.com\\\/\"},{\"@type\":\"ListItem\",\"position\":2,\"name\":\"\u00bfFicci\u00f3n vuelta realidad?\"}]},{\"@type\":\"WebSite\",\"@id\":\"https:\\\/\\\/lospoliticosveracruz.com\\\/#website\",\"url\":\"https:\\\/\\\/lospoliticosveracruz.com\\\/\",\"name\":\"Los pol\u00edticos Veracruz\",\"description\":\"\",\"publisher\":{\"@id\":\"https:\\\/\\\/lospoliticosveracruz.com\\\/#organization\"},\"potentialAction\":[{\"@type\":\"SearchAction\",\"target\":{\"@type\":\"EntryPoint\",\"urlTemplate\":\"https:\\\/\\\/lospoliticosveracruz.com\\\/?s={search_term_string}\"},\"query-input\":{\"@type\":\"PropertyValueSpecification\",\"valueRequired\":true,\"valueName\":\"search_term_string\"}}],\"inLanguage\":\"es\"},{\"@type\":\"Organization\",\"@id\":\"https:\\\/\\\/lospoliticosveracruz.com\\\/#organization\",\"name\":\"Los pol\u00edticos Veracruz\",\"url\":\"https:\\\/\\\/lospoliticosveracruz.com\\\/\",\"logo\":{\"@type\":\"ImageObject\",\"inLanguage\":\"es\",\"@id\":\"https:\\\/\\\/lospoliticosveracruz.com\\\/#\\\/schema\\\/logo\\\/image\\\/\",\"url\":\"https:\\\/\\\/lospoliticosveracruz.com\\\/wp-content\\\/uploads\\\/2025\\\/12\\\/Logo-Nuevo-LOS-POLITICOS-1.jpg\",\"contentUrl\":\"https:\\\/\\\/lospoliticosveracruz.com\\\/wp-content\\\/uploads\\\/2025\\\/12\\\/Logo-Nuevo-LOS-POLITICOS-1.jpg\",\"width\":260,\"height\":70,\"caption\":\"Los pol\u00edticos Veracruz\"},\"image\":{\"@id\":\"https:\\\/\\\/lospoliticosveracruz.com\\\/#\\\/schema\\\/logo\\\/image\\\/\"},\"sameAs\":[\"https:\\\/\\\/www.facebook.com\\\/people\\\/Notimemes-de-los-Polticos\\\/61565672886568\\\/\",\"https:\\\/\\\/x.com\\\/LosPoliticosVer\"]},{\"@type\":\"Person\",\"@id\":\"https:\\\/\\\/lospoliticosveracruz.com\\\/#\\\/schema\\\/person\\\/b8702bb0e538456e6efd07080bf2a4a2\",\"name\":\"Lo viste en Los Pol\u00edticos\",\"image\":{\"@type\":\"ImageObject\",\"inLanguage\":\"es\",\"@id\":\"https:\\\/\\\/secure.gravatar.com\\\/avatar\\\/3a8de04a2656d44082be478bd6c086daa447c4651605818287b9532d3d0bd435?s=96&d=mm&r=g\",\"url\":\"https:\\\/\\\/secure.gravatar.com\\\/avatar\\\/3a8de04a2656d44082be478bd6c086daa447c4651605818287b9532d3d0bd435?s=96&d=mm&r=g\",\"contentUrl\":\"https:\\\/\\\/secure.gravatar.com\\\/avatar\\\/3a8de04a2656d44082be478bd6c086daa447c4651605818287b9532d3d0bd435?s=96&d=mm&r=g\",\"caption\":\"Lo viste en Los Pol\u00edticos\"},\"url\":\"https:\\\/\\\/lospoliticosveracruz.com\\\/?author=2\"}]}<\/script>\n<!-- \/ Yoast SEO plugin. -->","yoast_head_json":{"title":"\u00bfFicci\u00f3n vuelta realidad? - Los pol\u00edticos Veracruz","robots":{"index":"index","follow":"follow","max-snippet":"max-snippet:-1","max-image-preview":"max-image-preview:large","max-video-preview":"max-video-preview:-1"},"canonical":"https:\/\/lospoliticosveracruz.com\/?p=12554","og_locale":"es_ES","og_type":"article","og_title":"\u00bfFicci\u00f3n vuelta realidad? - Los pol\u00edticos Veracruz","og_description":"Rodrigo Montoya Rivera Ideas Ya tiene alg\u00fan tiempo que me hecho seguidor de alguna series de televisi\u00f3n tanto nacionales como extranjeras, podemos decir que estos programas tienden a ser las telenovelas de los hombres y en efecto hay algunas muy buenas que d\u00eda a d\u00eda te atrapan por su contenido ya sea hist\u00f3rico, de ficci\u00f3n [&hellip;]","og_url":"https:\/\/lospoliticosveracruz.com\/?p=12554","og_site_name":"Los pol\u00edticos Veracruz","article_publisher":"https:\/\/www.facebook.com\/people\/Notimemes-de-los-Polticos\/61565672886568\/","article_published_time":"2014-10-13T02:55:00+00:00","article_modified_time":"2014-10-13T03:16:06+00:00","og_image":[{"url":"http:\/\/3.bp.blogspot.com\/-YXV2mtG0Mu4\/VDs-rKoSGqI\/AAAAAAAANn0\/NtXgtuxWwos\/s1600\/House-of-Cards-Boss.jpg","type":"","width":"","height":""}],"author":"Lo viste en Los Pol\u00edticos","twitter_card":"summary_large_image","twitter_creator":"@LosPoliticosVer","twitter_site":"@LosPoliticosVer","twitter_misc":{"Escrito por":"Lo viste en Los Pol\u00edticos","Tiempo de lectura":"4 minutos"},"schema":{"@context":"https:\/\/schema.org","@graph":[{"@type":"Article","@id":"https:\/\/lospoliticosveracruz.com\/?p=12554#article","isPartOf":{"@id":"https:\/\/lospoliticosveracruz.com\/?p=12554"},"author":{"name":"Lo viste en Los Pol\u00edticos","@id":"https:\/\/lospoliticosveracruz.com\/#\/schema\/person\/b8702bb0e538456e6efd07080bf2a4a2"},"headline":"\u00bfFicci\u00f3n vuelta realidad?","datePublished":"2014-10-13T02:55:00+00:00","dateModified":"2014-10-13T03:16:06+00:00","mainEntityOfPage":{"@id":"https:\/\/lospoliticosveracruz.com\/?p=12554"},"wordCount":754,"commentCount":0,"publisher":{"@id":"https:\/\/lospoliticosveracruz.com\/#organization"},"image":{"@id":"https:\/\/lospoliticosveracruz.com\/?p=12554#primaryimage"},"thumbnailUrl":"http:\/\/3.bp.blogspot.com\/-YXV2mtG0Mu4\/VDs-rKoSGqI\/AAAAAAAANn0\/NtXgtuxWwos\/s1600\/House-of-Cards-Boss.jpg","keywords":["Boss","HBO","House of Cards","Netflix"],"articleSection":["De Opini\u00f3n"],"inLanguage":"es","potentialAction":[{"@type":"CommentAction","name":"Comment","target":["https:\/\/lospoliticosveracruz.com\/?p=12554#respond"]}]},{"@type":"WebPage","@id":"https:\/\/lospoliticosveracruz.com\/?p=12554","url":"https:\/\/lospoliticosveracruz.com\/?p=12554","name":"\u00bfFicci\u00f3n vuelta realidad? - Los pol\u00edticos Veracruz","isPartOf":{"@id":"https:\/\/lospoliticosveracruz.com\/#website"},"primaryImageOfPage":{"@id":"https:\/\/lospoliticosveracruz.com\/?p=12554#primaryimage"},"image":{"@id":"https:\/\/lospoliticosveracruz.com\/?p=12554#primaryimage"},"thumbnailUrl":"http:\/\/3.bp.blogspot.com\/-YXV2mtG0Mu4\/VDs-rKoSGqI\/AAAAAAAANn0\/NtXgtuxWwos\/s1600\/House-of-Cards-Boss.jpg","datePublished":"2014-10-13T02:55:00+00:00","dateModified":"2014-10-13T03:16:06+00:00","breadcrumb":{"@id":"https:\/\/lospoliticosveracruz.com\/?p=12554#breadcrumb"},"inLanguage":"es","potentialAction":[{"@type":"ReadAction","target":["https:\/\/lospoliticosveracruz.com\/?p=12554"]}]},{"@type":"ImageObject","inLanguage":"es","@id":"https:\/\/lospoliticosveracruz.com\/?p=12554#primaryimage","url":"http:\/\/3.bp.blogspot.com\/-YXV2mtG0Mu4\/VDs-rKoSGqI\/AAAAAAAANn0\/NtXgtuxWwos\/s1600\/House-of-Cards-Boss.jpg","contentUrl":"http:\/\/3.bp.blogspot.com\/-YXV2mtG0Mu4\/VDs-rKoSGqI\/AAAAAAAANn0\/NtXgtuxWwos\/s1600\/House-of-Cards-Boss.jpg"},{"@type":"BreadcrumbList","@id":"https:\/\/lospoliticosveracruz.com\/?p=12554#breadcrumb","itemListElement":[{"@type":"ListItem","position":1,"name":"Portada","item":"https:\/\/lospoliticosveracruz.com\/"},{"@type":"ListItem","position":2,"name":"\u00bfFicci\u00f3n vuelta realidad?"}]},{"@type":"WebSite","@id":"https:\/\/lospoliticosveracruz.com\/#website","url":"https:\/\/lospoliticosveracruz.com\/","name":"Los pol\u00edticos Veracruz","description":"","publisher":{"@id":"https:\/\/lospoliticosveracruz.com\/#organization"},"potentialAction":[{"@type":"SearchAction","target":{"@type":"EntryPoint","urlTemplate":"https:\/\/lospoliticosveracruz.com\/?s={search_term_string}"},"query-input":{"@type":"PropertyValueSpecification","valueRequired":true,"valueName":"search_term_string"}}],"inLanguage":"es"},{"@type":"Organization","@id":"https:\/\/lospoliticosveracruz.com\/#organization","name":"Los pol\u00edticos Veracruz","url":"https:\/\/lospoliticosveracruz.com\/","logo":{"@type":"ImageObject","inLanguage":"es","@id":"https:\/\/lospoliticosveracruz.com\/#\/schema\/logo\/image\/","url":"https:\/\/lospoliticosveracruz.com\/wp-content\/uploads\/2025\/12\/Logo-Nuevo-LOS-POLITICOS-1.jpg","contentUrl":"https:\/\/lospoliticosveracruz.com\/wp-content\/uploads\/2025\/12\/Logo-Nuevo-LOS-POLITICOS-1.jpg","width":260,"height":70,"caption":"Los pol\u00edticos Veracruz"},"image":{"@id":"https:\/\/lospoliticosveracruz.com\/#\/schema\/logo\/image\/"},"sameAs":["https:\/\/www.facebook.com\/people\/Notimemes-de-los-Polticos\/61565672886568\/","https:\/\/x.com\/LosPoliticosVer"]},{"@type":"Person","@id":"https:\/\/lospoliticosveracruz.com\/#\/schema\/person\/b8702bb0e538456e6efd07080bf2a4a2","name":"Lo viste en Los Pol\u00edticos","image":{"@type":"ImageObject","inLanguage":"es","@id":"https:\/\/secure.gravatar.com\/avatar\/3a8de04a2656d44082be478bd6c086daa447c4651605818287b9532d3d0bd435?s=96&d=mm&r=g","url":"https:\/\/secure.gravatar.com\/avatar\/3a8de04a2656d44082be478bd6c086daa447c4651605818287b9532d3d0bd435?s=96&d=mm&r=g","contentUrl":"https:\/\/secure.gravatar.com\/avatar\/3a8de04a2656d44082be478bd6c086daa447c4651605818287b9532d3d0bd435?s=96&d=mm&r=g","caption":"Lo viste en Los Pol\u00edticos"},"url":"https:\/\/lospoliticosveracruz.com\/?author=2"}]}},"_links":{"self":[{"href":"https:\/\/lospoliticosveracruz.com\/index.php?rest_route=\/wp\/v2\/posts\/12554","targetHints":{"allow":["GET"]}}],"collection":[{"href":"https:\/\/lospoliticosveracruz.com\/index.php?rest_route=\/wp\/v2\/posts"}],"about":[{"href":"https:\/\/lospoliticosveracruz.com\/index.php?rest_route=\/wp\/v2\/types\/post"}],"author":[{"embeddable":true,"href":"https:\/\/lospoliticosveracruz.com\/index.php?rest_route=\/wp\/v2\/users\/2"}],"replies":[{"embeddable":true,"href":"https:\/\/lospoliticosveracruz.com\/index.php?rest_route=%2Fwp%2Fv2%2Fcomments&post=12554"}],"version-history":[{"count":1,"href":"https:\/\/lospoliticosveracruz.com\/index.php?rest_route=\/wp\/v2\/posts\/12554\/revisions"}],"predecessor-version":[{"id":12555,"href":"https:\/\/lospoliticosveracruz.com\/index.php?rest_route=\/wp\/v2\/posts\/12554\/revisions\/12555"}],"wp:attachment":[{"href":"https:\/\/lospoliticosveracruz.com\/index.php?rest_route=%2Fwp%2Fv2%2Fmedia&parent=12554"}],"wp:term":[{"taxonomy":"category","embeddable":true,"href":"https:\/\/lospoliticosveracruz.com\/index.php?rest_route=%2Fwp%2Fv2%2Fcategories&post=12554"},{"taxonomy":"post_tag","embeddable":true,"href":"https:\/\/lospoliticosveracruz.com\/index.php?rest_route=%2Fwp%2Fv2%2Ftags&post=12554"}],"curies":[{"name":"wp","href":"https:\/\/api.w.org\/{rel}","templated":true}]}}