{"id":125548,"date":"2024-06-02T09:57:55","date_gmt":"2024-06-02T14:57:55","guid":{"rendered":"https:\/\/lospoliticosveracruz.com.mx\/?p=125548"},"modified":"2024-06-02T09:58:03","modified_gmt":"2024-06-02T14:58:03","slug":"andan-nerviosos","status":"publish","type":"post","link":"https:\/\/lospoliticosveracruz.com\/?p=125548","title":{"rendered":"ANDAN NERVIOSOS\u2026"},"content":{"rendered":"\n<p><strong>Oved Contreras<\/strong><\/p>\n\n\n\n<p>Secas mecas<\/p>\n\n\n\n<p>Algo no termina de cuadrar en las cuentas del r\u00e9gimen morenista: la candidata de Zacatecas y sus esbirros aseguran que \u201ceste arroz ya se coci\u00f3\u201d y que llevan 30 puntos de ventaja en las preferencias, pero el gobernador de Veracruz Cuitl\u00e1huac Garc\u00eda est\u00e1 interfiriendo en las elecciones ordenando el env\u00edo de polic\u00edas estatales a instalar retenes en municipios de la oposici\u00f3n para intimidar.<\/p>\n\n\n<div class=\"wp-block-image\">\n<figure class=\"alignleft size-thumbnail\"><a href=\"https:\/\/lospoliticosveracruz.com.mx\/wp-content\/uploads\/2023\/02\/Vinissimo.jpg\"><img decoding=\"async\" src=\"https:\/\/lospoliticosveracruz.com.mx\/wp-content\/uploads\/2023\/02\/Vinissimo-150x150.jpg\" alt=\"\" class=\"wp-image-102752\"\/><\/a><\/figure>\n<\/div>\n\n\n<p>En Santiago Tuxtla, instalaron uno y detuvieron al hijo de la alcaldesa Kristel Hern\u00e1ndez Topete, lo que desat\u00f3 una confrontaci\u00f3n y hasta ella result\u00f3 arrestada. Ambos ya fueron puestos en libertad. Hay otros municipios en donde tienen que realizar la misma operaci\u00f3n, como en los de la regi\u00f3n central: Ciudad Mendoza, Omealca, Tezonapa, Orizaba y C\u00f3rdoba.&nbsp;<\/p>\n\n\n\n<p>Tambi\u00e9n van a llegar o ya llegaron a la zona conurbada Veracruz-Boca del R\u00edo, San Andr\u00e9s Tuxtla y Acayucan. Otros grupos se trasladaron al norte: Poza Rica-Tihuatl\u00e1n y Coatzintla\u2026Hasta d\u00f3nde llega la desesperaci\u00f3n que en Hueyapan de Ocampo, tierra del presidente de la Junta de Coordinaci\u00f3n Pol\u00edtica del Congreso, Juan Javier G\u00f3mez Cazar\u00edn, mantienen sitiado con patrullas y helic\u00f3ptero para intimidar a un grupo pol\u00edtico contrario\u2026es la intimidaci\u00f3n en abierto para inhibir la participaci\u00f3n ciudadana en las elecci\u00f3n de este domingo, porque una alta participaci\u00f3n les traer\u00e1 problemas en las urnas.<\/p>\n\n\n\n<p>El PRI estatal exigi\u00f3 a trav\u00e9s de sus redes al Gobierno del Estado que deje de utilizar a la Polic\u00eda Estatal para intimidar a ciudadanos y generar un ambiente de violencia y temor a unas horas de que se realice la jornada electoral local y federal.<\/p>\n\n\n\n<p>Con listado nominal en mano, las redes sociales exhibieron a un fulano con escudo de SSP haciendo dep\u00f3sitos de mil 500 pesos en una sucursal bancaria ubicada en Murillo Vidal de Xalapa. A los adultos mayores los est\u00e1n bombardeando con mensajes v\u00eda whatsapp \u201crecord\u00e1ndoles\u201d que los apoyos federales seguir\u00e1n si gana Morena y que tienen taxis a su disposici\u00f3n por si requieren moverse para votar.<\/p>\n\n\n\n<p>No hagan caso cuando les digan que \u201ceste arroz ya se coci\u00f3\u201d o que la zacatecana y los dem\u00e1s candidatos guindas est\u00e1n 30 puntos arriba en las encuestas\u2026la verdadera encuesta es este domingo\u2026usted tiene la oportunidad de refrendar o desaprobar al gobierno\u2026si usted cree que se quedaron lejos de sus promesas de campa\u00f1a vaya a votar y h\u00e1gaselos saber\u2026no se quede en casa porque no votando les dar\u00e1 su respaldo a ellos.<\/p>\n\n\n\n<p><strong>NO DEJAN VOTAR A FRANCO<\/strong>\u2026 El gobierno de Cuitl\u00e1huac Garc\u00eda en contubernio con el Poder Judicial local priv\u00f3 de su derecho a votar a cinco mil presos sin sentencia en el estado\u2026entre ellos al ex dirigente estatal del PRD y ex secretario de Gobierno Rogelio Franco Cast\u00e1n, a quien tambi\u00e9n le fue negado su derecho constitucional a ejercer su sufragio.<\/p>\n\n\n\n<p>Franco Cast\u00e1n \u2013quien se encuentra bajo arraigo domiciliario- dio a conocer que fue notificado por un juez de control que \u201cde forma a todas luces inconstitucional, se me niega el derecho a ejercer el voto, esto, bajo un argumento subjetivo y personal\u201d\u2026seg\u00fan este juez, despu\u00e9s de realizar una interpretaci\u00f3n de la Fracci\u00f3n II del Art\u00edculo 38 constitucional, \u201cno es procedente permitir que ejerza mi derecho a votar, soslayando que existen criterios jurisprudenciales que respaldan que este derecho se suspende hasta que exista una sentencia condenatoria en firme\u201d.<\/p>\n\n\n\n<p>Destac\u00f3 que este argumento contraviene de forma flagrante el principio de presunci\u00f3n de inocencia, \u201clo cual hace evidente la consigna que existe en mi contra y por la cual, desde hace nueve meses, me encuentro bajo resguardo domiciliario, ni siquiera bajo prisi\u00f3n preventiva\u201d.<\/p>\n\n\n\n<p>\u201cEn mi caso ya no tengo prisi\u00f3n preventiva, estoy bajo la figura del resguardo domiciliario y acompa\u00f1ado por elementos de Seguridad P\u00fablica he hecho tr\u00e1mites en bancos, tramit\u00e9 mi credencial del INE, acudo a audiencias y desde el pasado 22 de mayo ped\u00ed al juez de control permiso para poder ir a mi casilla a votar. Simplemente el juez dej\u00f3 pasar los d\u00edas y ese derecho constitucional se le quit\u00f3 a todos los internos sin sentencia\u00bb, enfatiz\u00f3 Franco Cast\u00e1n.<\/p>\n\n\n\n<p>En penales federales ya votaron desde 2021, en penales estatales de otras entidades van a votar en este 2024, y nada m\u00e1s por una decisi\u00f3n pol\u00edtica de Cuitl\u00e1huac Garc\u00eda se neg\u00f3 el derecho a los internos de votar, argumentando que no hay condiciones para que voten cinco mil veracruzanos sin sentencia, cuando el gobierno firma el convenio con el INE para ejercer este derecho.<\/p>\n\n\n\n<p>El abogado Tom\u00e1s Mundo, quien forma parte del proyecto \u201cInocencia\u201d, que busca liberar a todas las personas que se encuentran presas de manera injusta en c\u00e1rceles veracruzanas, inform\u00f3 que por eso hizo un llamado a esas 5 mil familias de esos procesados a que salgan a votar; as\u00ed como a esas 5 mil v\u00edctimas directas, donde la autoridad simula justicia. Deben salir a votar, solo as\u00ed ayudar\u00e1n a que muchos de los funcionarios actuales terminen en la c\u00e1rcel.<\/p>\n","protected":false},"excerpt":{"rendered":"<p>Oved Contreras Secas mecas Algo no termina de cuadrar en las cuentas del r\u00e9gimen morenista: la candidata de Zacatecas y sus esbirros aseguran que \u201ceste arroz ya se coci\u00f3\u201d y que llevan 30 puntos de ventaja en las preferencias, pero el gobernador de Veracruz Cuitl\u00e1huac Garc\u00eda est\u00e1 interfiriendo en las elecciones ordenando el env\u00edo de [&hellip;]<\/p>\n","protected":false},"author":2,"featured_media":119816,"comment_status":"closed","ping_status":"closed","sticky":false,"template":"","format":"standard","meta":{"tdm_status":"","tdm_grid_status":"","footnotes":""},"categories":[70],"tags":[1563,1026,39715,195],"class_list":{"0":"post-125548","1":"post","2":"type-post","3":"status-publish","4":"format-standard","5":"has-post-thumbnail","7":"category-de-opinion","8":"tag-cuitlahuac-garcia-jimenez","9":"tag-morena","10":"tag-oved-contreras","11":"tag-veracruz"},"yoast_head":"<!-- This site is optimized with the Yoast SEO plugin v27.4 - https:\/\/yoast.com\/product\/yoast-seo-wordpress\/ -->\n<title>ANDAN NERVIOSOS\u2026 - Los pol\u00edticos Veracruz<\/title>\n<meta name=\"robots\" content=\"index, follow, max-snippet:-1, max-image-preview:large, max-video-preview:-1\" \/>\n<link rel=\"canonical\" href=\"https:\/\/lospoliticosveracruz.com\/?p=125548\" \/>\n<meta property=\"og:locale\" content=\"es_ES\" \/>\n<meta property=\"og:type\" content=\"article\" \/>\n<meta property=\"og:title\" content=\"ANDAN NERVIOSOS\u2026 - Los pol\u00edticos Veracruz\" \/>\n<meta property=\"og:description\" content=\"Oved Contreras Secas mecas Algo no termina de cuadrar en las cuentas del r\u00e9gimen morenista: la candidata de Zacatecas y sus esbirros aseguran que \u201ceste arroz ya se coci\u00f3\u201d y que llevan 30 puntos de ventaja en las preferencias, pero el gobernador de Veracruz Cuitl\u00e1huac Garc\u00eda est\u00e1 interfiriendo en las elecciones ordenando el env\u00edo de [&hellip;]\" \/>\n<meta property=\"og:url\" content=\"https:\/\/lospoliticosveracruz.com\/?p=125548\" \/>\n<meta property=\"og:site_name\" content=\"Los pol\u00edticos Veracruz\" \/>\n<meta property=\"article:publisher\" content=\"https:\/\/www.facebook.com\/people\/Notimemes-de-los-Polticos\/61565672886568\/\" \/>\n<meta property=\"article:published_time\" content=\"2024-06-02T14:57:55+00:00\" \/>\n<meta property=\"article:modified_time\" content=\"2024-06-02T14:58:03+00:00\" \/>\n<meta property=\"og:image\" content=\"https:\/\/lospoliticosveracruz.com\/wp-content\/uploads\/2024\/03\/Oved-Contreras.jpg\" \/>\n\t<meta property=\"og:image:width\" content=\"1250\" \/>\n\t<meta property=\"og:image:height\" content=\"667\" \/>\n\t<meta property=\"og:image:type\" content=\"image\/jpeg\" \/>\n<meta name=\"author\" content=\"Lo viste en Los Pol\u00edticos\" \/>\n<meta name=\"twitter:card\" content=\"summary_large_image\" \/>\n<meta name=\"twitter:creator\" content=\"@LosPoliticosVer\" \/>\n<meta name=\"twitter:site\" content=\"@LosPoliticosVer\" \/>\n<meta name=\"twitter:label1\" content=\"Escrito por\" \/>\n\t<meta name=\"twitter:data1\" content=\"Lo viste en Los Pol\u00edticos\" \/>\n\t<meta name=\"twitter:label2\" content=\"Tiempo de lectura\" \/>\n\t<meta name=\"twitter:data2\" content=\"4 minutos\" \/>\n<script type=\"application\/ld+json\" class=\"yoast-schema-graph\">{\"@context\":\"https:\\\/\\\/schema.org\",\"@graph\":[{\"@type\":\"Article\",\"@id\":\"https:\\\/\\\/lospoliticosveracruz.com\\\/?p=125548#article\",\"isPartOf\":{\"@id\":\"https:\\\/\\\/lospoliticosveracruz.com\\\/?p=125548\"},\"author\":{\"name\":\"Lo viste en Los Pol\u00edticos\",\"@id\":\"https:\\\/\\\/lospoliticosveracruz.com\\\/#\\\/schema\\\/person\\\/b8702bb0e538456e6efd07080bf2a4a2\"},\"headline\":\"ANDAN NERVIOSOS\u2026\",\"datePublished\":\"2024-06-02T14:57:55+00:00\",\"dateModified\":\"2024-06-02T14:58:03+00:00\",\"mainEntityOfPage\":{\"@id\":\"https:\\\/\\\/lospoliticosveracruz.com\\\/?p=125548\"},\"wordCount\":877,\"publisher\":{\"@id\":\"https:\\\/\\\/lospoliticosveracruz.com\\\/#organization\"},\"image\":{\"@id\":\"https:\\\/\\\/lospoliticosveracruz.com\\\/?p=125548#primaryimage\"},\"thumbnailUrl\":\"https:\\\/\\\/lospoliticosveracruz.com\\\/wp-content\\\/uploads\\\/2024\\\/03\\\/Oved-Contreras.jpg\",\"keywords\":[\"Cuitl\u00e1huac Garc\u00eda Jim\u00e9nez\",\"Morena\",\"Oved Contreras\",\"Veracruz\"],\"articleSection\":[\"De Opini\u00f3n\"],\"inLanguage\":\"es\"},{\"@type\":\"WebPage\",\"@id\":\"https:\\\/\\\/lospoliticosveracruz.com\\\/?p=125548\",\"url\":\"https:\\\/\\\/lospoliticosveracruz.com\\\/?p=125548\",\"name\":\"ANDAN NERVIOSOS\u2026 - Los pol\u00edticos Veracruz\",\"isPartOf\":{\"@id\":\"https:\\\/\\\/lospoliticosveracruz.com\\\/#website\"},\"primaryImageOfPage\":{\"@id\":\"https:\\\/\\\/lospoliticosveracruz.com\\\/?p=125548#primaryimage\"},\"image\":{\"@id\":\"https:\\\/\\\/lospoliticosveracruz.com\\\/?p=125548#primaryimage\"},\"thumbnailUrl\":\"https:\\\/\\\/lospoliticosveracruz.com\\\/wp-content\\\/uploads\\\/2024\\\/03\\\/Oved-Contreras.jpg\",\"datePublished\":\"2024-06-02T14:57:55+00:00\",\"dateModified\":\"2024-06-02T14:58:03+00:00\",\"breadcrumb\":{\"@id\":\"https:\\\/\\\/lospoliticosveracruz.com\\\/?p=125548#breadcrumb\"},\"inLanguage\":\"es\",\"potentialAction\":[{\"@type\":\"ReadAction\",\"target\":[\"https:\\\/\\\/lospoliticosveracruz.com\\\/?p=125548\"]}]},{\"@type\":\"ImageObject\",\"inLanguage\":\"es\",\"@id\":\"https:\\\/\\\/lospoliticosveracruz.com\\\/?p=125548#primaryimage\",\"url\":\"https:\\\/\\\/lospoliticosveracruz.com\\\/wp-content\\\/uploads\\\/2024\\\/03\\\/Oved-Contreras.jpg\",\"contentUrl\":\"https:\\\/\\\/lospoliticosveracruz.com\\\/wp-content\\\/uploads\\\/2024\\\/03\\\/Oved-Contreras.jpg\",\"width\":1250,\"height\":667},{\"@type\":\"BreadcrumbList\",\"@id\":\"https:\\\/\\\/lospoliticosveracruz.com\\\/?p=125548#breadcrumb\",\"itemListElement\":[{\"@type\":\"ListItem\",\"position\":1,\"name\":\"Portada\",\"item\":\"https:\\\/\\\/lospoliticosveracruz.com\\\/\"},{\"@type\":\"ListItem\",\"position\":2,\"name\":\"ANDAN NERVIOSOS\u2026\"}]},{\"@type\":\"WebSite\",\"@id\":\"https:\\\/\\\/lospoliticosveracruz.com\\\/#website\",\"url\":\"https:\\\/\\\/lospoliticosveracruz.com\\\/\",\"name\":\"Los pol\u00edticos Veracruz\",\"description\":\"\",\"publisher\":{\"@id\":\"https:\\\/\\\/lospoliticosveracruz.com\\\/#organization\"},\"potentialAction\":[{\"@type\":\"SearchAction\",\"target\":{\"@type\":\"EntryPoint\",\"urlTemplate\":\"https:\\\/\\\/lospoliticosveracruz.com\\\/?s={search_term_string}\"},\"query-input\":{\"@type\":\"PropertyValueSpecification\",\"valueRequired\":true,\"valueName\":\"search_term_string\"}}],\"inLanguage\":\"es\"},{\"@type\":\"Organization\",\"@id\":\"https:\\\/\\\/lospoliticosveracruz.com\\\/#organization\",\"name\":\"Los pol\u00edticos Veracruz\",\"url\":\"https:\\\/\\\/lospoliticosveracruz.com\\\/\",\"logo\":{\"@type\":\"ImageObject\",\"inLanguage\":\"es\",\"@id\":\"https:\\\/\\\/lospoliticosveracruz.com\\\/#\\\/schema\\\/logo\\\/image\\\/\",\"url\":\"https:\\\/\\\/lospoliticosveracruz.com\\\/wp-content\\\/uploads\\\/2025\\\/12\\\/Logo-Nuevo-LOS-POLITICOS-1.jpg\",\"contentUrl\":\"https:\\\/\\\/lospoliticosveracruz.com\\\/wp-content\\\/uploads\\\/2025\\\/12\\\/Logo-Nuevo-LOS-POLITICOS-1.jpg\",\"width\":260,\"height\":70,\"caption\":\"Los pol\u00edticos Veracruz\"},\"image\":{\"@id\":\"https:\\\/\\\/lospoliticosveracruz.com\\\/#\\\/schema\\\/logo\\\/image\\\/\"},\"sameAs\":[\"https:\\\/\\\/www.facebook.com\\\/people\\\/Notimemes-de-los-Polticos\\\/61565672886568\\\/\",\"https:\\\/\\\/x.com\\\/LosPoliticosVer\"]},{\"@type\":\"Person\",\"@id\":\"https:\\\/\\\/lospoliticosveracruz.com\\\/#\\\/schema\\\/person\\\/b8702bb0e538456e6efd07080bf2a4a2\",\"name\":\"Lo viste en Los Pol\u00edticos\",\"image\":{\"@type\":\"ImageObject\",\"inLanguage\":\"es\",\"@id\":\"https:\\\/\\\/secure.gravatar.com\\\/avatar\\\/3a8de04a2656d44082be478bd6c086daa447c4651605818287b9532d3d0bd435?s=96&d=mm&r=g\",\"url\":\"https:\\\/\\\/secure.gravatar.com\\\/avatar\\\/3a8de04a2656d44082be478bd6c086daa447c4651605818287b9532d3d0bd435?s=96&d=mm&r=g\",\"contentUrl\":\"https:\\\/\\\/secure.gravatar.com\\\/avatar\\\/3a8de04a2656d44082be478bd6c086daa447c4651605818287b9532d3d0bd435?s=96&d=mm&r=g\",\"caption\":\"Lo viste en Los Pol\u00edticos\"},\"url\":\"https:\\\/\\\/lospoliticosveracruz.com\\\/?author=2\"}]}<\/script>\n<!-- \/ Yoast SEO plugin. -->","yoast_head_json":{"title":"ANDAN NERVIOSOS\u2026 - Los pol\u00edticos Veracruz","robots":{"index":"index","follow":"follow","max-snippet":"max-snippet:-1","max-image-preview":"max-image-preview:large","max-video-preview":"max-video-preview:-1"},"canonical":"https:\/\/lospoliticosveracruz.com\/?p=125548","og_locale":"es_ES","og_type":"article","og_title":"ANDAN NERVIOSOS\u2026 - Los pol\u00edticos Veracruz","og_description":"Oved Contreras Secas mecas Algo no termina de cuadrar en las cuentas del r\u00e9gimen morenista: la candidata de Zacatecas y sus esbirros aseguran que \u201ceste arroz ya se coci\u00f3\u201d y que llevan 30 puntos de ventaja en las preferencias, pero el gobernador de Veracruz Cuitl\u00e1huac Garc\u00eda est\u00e1 interfiriendo en las elecciones ordenando el env\u00edo de [&hellip;]","og_url":"https:\/\/lospoliticosveracruz.com\/?p=125548","og_site_name":"Los pol\u00edticos Veracruz","article_publisher":"https:\/\/www.facebook.com\/people\/Notimemes-de-los-Polticos\/61565672886568\/","article_published_time":"2024-06-02T14:57:55+00:00","article_modified_time":"2024-06-02T14:58:03+00:00","og_image":[{"width":1250,"height":667,"url":"https:\/\/lospoliticosveracruz.com\/wp-content\/uploads\/2024\/03\/Oved-Contreras.jpg","type":"image\/jpeg"}],"author":"Lo viste en Los Pol\u00edticos","twitter_card":"summary_large_image","twitter_creator":"@LosPoliticosVer","twitter_site":"@LosPoliticosVer","twitter_misc":{"Escrito por":"Lo viste en Los Pol\u00edticos","Tiempo de lectura":"4 minutos"},"schema":{"@context":"https:\/\/schema.org","@graph":[{"@type":"Article","@id":"https:\/\/lospoliticosveracruz.com\/?p=125548#article","isPartOf":{"@id":"https:\/\/lospoliticosveracruz.com\/?p=125548"},"author":{"name":"Lo viste en Los Pol\u00edticos","@id":"https:\/\/lospoliticosveracruz.com\/#\/schema\/person\/b8702bb0e538456e6efd07080bf2a4a2"},"headline":"ANDAN NERVIOSOS\u2026","datePublished":"2024-06-02T14:57:55+00:00","dateModified":"2024-06-02T14:58:03+00:00","mainEntityOfPage":{"@id":"https:\/\/lospoliticosveracruz.com\/?p=125548"},"wordCount":877,"publisher":{"@id":"https:\/\/lospoliticosveracruz.com\/#organization"},"image":{"@id":"https:\/\/lospoliticosveracruz.com\/?p=125548#primaryimage"},"thumbnailUrl":"https:\/\/lospoliticosveracruz.com\/wp-content\/uploads\/2024\/03\/Oved-Contreras.jpg","keywords":["Cuitl\u00e1huac Garc\u00eda Jim\u00e9nez","Morena","Oved Contreras","Veracruz"],"articleSection":["De Opini\u00f3n"],"inLanguage":"es"},{"@type":"WebPage","@id":"https:\/\/lospoliticosveracruz.com\/?p=125548","url":"https:\/\/lospoliticosveracruz.com\/?p=125548","name":"ANDAN NERVIOSOS\u2026 - Los pol\u00edticos Veracruz","isPartOf":{"@id":"https:\/\/lospoliticosveracruz.com\/#website"},"primaryImageOfPage":{"@id":"https:\/\/lospoliticosveracruz.com\/?p=125548#primaryimage"},"image":{"@id":"https:\/\/lospoliticosveracruz.com\/?p=125548#primaryimage"},"thumbnailUrl":"https:\/\/lospoliticosveracruz.com\/wp-content\/uploads\/2024\/03\/Oved-Contreras.jpg","datePublished":"2024-06-02T14:57:55+00:00","dateModified":"2024-06-02T14:58:03+00:00","breadcrumb":{"@id":"https:\/\/lospoliticosveracruz.com\/?p=125548#breadcrumb"},"inLanguage":"es","potentialAction":[{"@type":"ReadAction","target":["https:\/\/lospoliticosveracruz.com\/?p=125548"]}]},{"@type":"ImageObject","inLanguage":"es","@id":"https:\/\/lospoliticosveracruz.com\/?p=125548#primaryimage","url":"https:\/\/lospoliticosveracruz.com\/wp-content\/uploads\/2024\/03\/Oved-Contreras.jpg","contentUrl":"https:\/\/lospoliticosveracruz.com\/wp-content\/uploads\/2024\/03\/Oved-Contreras.jpg","width":1250,"height":667},{"@type":"BreadcrumbList","@id":"https:\/\/lospoliticosveracruz.com\/?p=125548#breadcrumb","itemListElement":[{"@type":"ListItem","position":1,"name":"Portada","item":"https:\/\/lospoliticosveracruz.com\/"},{"@type":"ListItem","position":2,"name":"ANDAN NERVIOSOS\u2026"}]},{"@type":"WebSite","@id":"https:\/\/lospoliticosveracruz.com\/#website","url":"https:\/\/lospoliticosveracruz.com\/","name":"Los pol\u00edticos Veracruz","description":"","publisher":{"@id":"https:\/\/lospoliticosveracruz.com\/#organization"},"potentialAction":[{"@type":"SearchAction","target":{"@type":"EntryPoint","urlTemplate":"https:\/\/lospoliticosveracruz.com\/?s={search_term_string}"},"query-input":{"@type":"PropertyValueSpecification","valueRequired":true,"valueName":"search_term_string"}}],"inLanguage":"es"},{"@type":"Organization","@id":"https:\/\/lospoliticosveracruz.com\/#organization","name":"Los pol\u00edticos Veracruz","url":"https:\/\/lospoliticosveracruz.com\/","logo":{"@type":"ImageObject","inLanguage":"es","@id":"https:\/\/lospoliticosveracruz.com\/#\/schema\/logo\/image\/","url":"https:\/\/lospoliticosveracruz.com\/wp-content\/uploads\/2025\/12\/Logo-Nuevo-LOS-POLITICOS-1.jpg","contentUrl":"https:\/\/lospoliticosveracruz.com\/wp-content\/uploads\/2025\/12\/Logo-Nuevo-LOS-POLITICOS-1.jpg","width":260,"height":70,"caption":"Los pol\u00edticos Veracruz"},"image":{"@id":"https:\/\/lospoliticosveracruz.com\/#\/schema\/logo\/image\/"},"sameAs":["https:\/\/www.facebook.com\/people\/Notimemes-de-los-Polticos\/61565672886568\/","https:\/\/x.com\/LosPoliticosVer"]},{"@type":"Person","@id":"https:\/\/lospoliticosveracruz.com\/#\/schema\/person\/b8702bb0e538456e6efd07080bf2a4a2","name":"Lo viste en Los Pol\u00edticos","image":{"@type":"ImageObject","inLanguage":"es","@id":"https:\/\/secure.gravatar.com\/avatar\/3a8de04a2656d44082be478bd6c086daa447c4651605818287b9532d3d0bd435?s=96&d=mm&r=g","url":"https:\/\/secure.gravatar.com\/avatar\/3a8de04a2656d44082be478bd6c086daa447c4651605818287b9532d3d0bd435?s=96&d=mm&r=g","contentUrl":"https:\/\/secure.gravatar.com\/avatar\/3a8de04a2656d44082be478bd6c086daa447c4651605818287b9532d3d0bd435?s=96&d=mm&r=g","caption":"Lo viste en Los Pol\u00edticos"},"url":"https:\/\/lospoliticosveracruz.com\/?author=2"}]}},"_links":{"self":[{"href":"https:\/\/lospoliticosveracruz.com\/index.php?rest_route=\/wp\/v2\/posts\/125548","targetHints":{"allow":["GET"]}}],"collection":[{"href":"https:\/\/lospoliticosveracruz.com\/index.php?rest_route=\/wp\/v2\/posts"}],"about":[{"href":"https:\/\/lospoliticosveracruz.com\/index.php?rest_route=\/wp\/v2\/types\/post"}],"author":[{"embeddable":true,"href":"https:\/\/lospoliticosveracruz.com\/index.php?rest_route=\/wp\/v2\/users\/2"}],"replies":[{"embeddable":true,"href":"https:\/\/lospoliticosveracruz.com\/index.php?rest_route=%2Fwp%2Fv2%2Fcomments&post=125548"}],"version-history":[{"count":1,"href":"https:\/\/lospoliticosveracruz.com\/index.php?rest_route=\/wp\/v2\/posts\/125548\/revisions"}],"predecessor-version":[{"id":125549,"href":"https:\/\/lospoliticosveracruz.com\/index.php?rest_route=\/wp\/v2\/posts\/125548\/revisions\/125549"}],"wp:featuredmedia":[{"embeddable":true,"href":"https:\/\/lospoliticosveracruz.com\/index.php?rest_route=\/wp\/v2\/media\/119816"}],"wp:attachment":[{"href":"https:\/\/lospoliticosveracruz.com\/index.php?rest_route=%2Fwp%2Fv2%2Fmedia&parent=125548"}],"wp:term":[{"taxonomy":"category","embeddable":true,"href":"https:\/\/lospoliticosveracruz.com\/index.php?rest_route=%2Fwp%2Fv2%2Fcategories&post=125548"},{"taxonomy":"post_tag","embeddable":true,"href":"https:\/\/lospoliticosveracruz.com\/index.php?rest_route=%2Fwp%2Fv2%2Ftags&post=125548"}],"curies":[{"name":"wp","href":"https:\/\/api.w.org\/{rel}","templated":true}]}}