{"id":125577,"date":"2024-06-03T13:37:09","date_gmt":"2024-06-03T18:37:09","guid":{"rendered":"https:\/\/lospoliticosveracruz.com.mx\/?p=125577"},"modified":"2024-06-03T13:37:30","modified_gmt":"2024-06-03T18:37:30","slug":"el-dia-despues-2","status":"publish","type":"post","link":"https:\/\/lospoliticosveracruz.com\/?p=125577","title":{"rendered":"EL D\u00cdA DESPU\u00c9S"},"content":{"rendered":"\n<p><\/p>\n\n\n\n<p><strong>Manolo Victorio<\/strong><\/p>\n\n\n\n<p><em>Carpe Diem<\/em><br><\/p>\n\n\n\n<p>El dinosaurio ya no est\u00e1 ah\u00ed, dir\u00edase en contraposici\u00f3n del viejo r\u00e9gimen, a contrario sensu del cuento m\u00e1s corto del mundo.<br>La victoria aplastante del morenismo en la elecci\u00f3n de este domingo, es un latigazo de otro m\u00edtico dinosaurio, un pejelagarto, que se erige en la historia reciente como el hombre m\u00e1s poderoso en un pa\u00eds que volvi\u00f3 a entregarle masivamente el bono de la esperanza, un pagar\u00e9 de un futuro mejor, el recibo de una ilusi\u00f3n quim\u00e9rica que se perseguir\u00e1 otros seis a\u00f1os como un pueblo que sigue al patriarca hacia la tierra prometida.<\/p>\n\n\n\n<figure class=\"wp-block-image size-large\"><a href=\"https:\/\/lospoliticosveracruz.com.mx\/wp-content\/uploads\/2016\/07\/Seguro-Julio-Cerecedo-2.jpg\"><img decoding=\"async\" src=\"https:\/\/lospoliticosveracruz.com.mx\/wp-content\/uploads\/2016\/07\/Seguro-Julio-Cerecedo-2-1024x381.jpg\" alt=\"\" class=\"wp-image-105879\"\/><\/a><\/figure>\n\n\n\n<p><br>Seis de cada diez electores se volcaron a las urnas para extender en Claudia Sheinbaum Pardo la continuidad sexenal de un hombre llamado Andr\u00e9s Manuel L\u00f3pez Obrador quien maniobr\u00f3 como jefe nato de un ej\u00e9rcito que le obedece a pie juntillas, una carambola de dos bandas: heredarle con el modelo democr\u00e1tico del voto mayoritario a la primera mujer presidenta en 200 a\u00f1os de historia; pero tambi\u00e9n la trascendencia personal de una forma de hacer pol\u00edtica p\u00fablica, descansando un ideario pol\u00edtico en el pueblo.<br>El gran h\u00e9roe del pantano.<br>El pr\u00f3cer de los manglares que dijo otra vez: el sur tambi\u00e9n existe.<br>Aparejada a una victoria aplastante que se extender\u00e1 desde el ejecutivo al poder legislativo, sin contrapesos en una mayor\u00eda que podr\u00eda alcanzar los 380 legisladores en la LXVI Legislatura federal y s\u00f3lo dej\u00e1ndole entre 40 y 44 senadores a la oposici\u00f3n de una butaquer\u00eda de 128, el terreno ha sido rastrojado, rastrillado para un presidencialismo omn\u00edmodo y totalitario, sin el contrapeso del legislativo en las reformas constitucionales.<br>El espanto de las minor\u00edas, escribi\u00f3 alguna vez Ricardo Raphael al desmenuzar el voto de la mayor\u00eda de los mexicanos para darle todo el poder a un solo hombre.<br>La elecci\u00f3n presidencial del 2018 no fue un accidente de hartazgo de la gente hacia un viejo sistema dominado por el PRI; no. Fue el principio de una continuidad que se gest\u00f3 a\u00fan en los fragmentos rotos de un pa\u00eds lastimado por la delincuencia organizada, la carest\u00eda de la vida, inseguridad patrimonial y personal que son meros distractores en el esfuerzo colectivo de alcanzar una vida m\u00e1s plena.<br>El coletazo del dinosaurio que desplaza al otro, viejo, sangrante y enfrentado al repudio popular, habr\u00e1 de sepultar al Partido de la Revoluci\u00f3n Democr\u00e1tica del entramado pol\u00edtico de este pa\u00eds; pero tambi\u00e9n tendr\u00e1 que mover piedra sobre piedra en un pri\u00edsmo destinado a otra refundaci\u00f3n, en bucle interminable de renovarse o morir.<br>Dec\u00eda el gran Saramago que la derrota tiene algo positivo, nunca es definitiva. En cambio, la victoria tiene algo negativo, jam\u00e1s es definitiva.<br>En la soledad de la derrota, los partidos opositores, deber\u00e1n analizar, por su propia sobrevivencia en la partidocracia mexicana, porqu\u00e9 no pueden convencer a una poblaci\u00f3n que aguanta todo, que pierde todo, menos la esperanza, el Macondo id\u00edlico donde los problemas no existen.<br>El pueblo tiene memoria hist\u00f3rica, contra el pueblo nada, s\u00f3lo agradecimiento por patentizar un modelo de gobierno llamado Cuarta Transformaci\u00f3n, resumi\u00f3 un d\u00eda despu\u00e9s el presidente Andr\u00e9s Manuel L\u00f3pez Obrador.<br>El pa\u00eds de un solo hombre.<br>El pa\u00eds de una mujer que empez\u00f3 a escribir su propia hoja de ruta a partir de la voluntad de seis de cada diez mexicanos, en una democracia donde el consenso es la mitad m\u00e1s uno, dir\u00edan los puristas.<br>Se gana y se pierde por un solo voto.<br>La tarea de Claudia es recomponer al pa\u00eds, valorar a las mujeres que decidieron la elecci\u00f3n, trabajar de sol a sol como rastrillan las madres buscadoras el desierto, las parcelas, los cerros pelones, los manglares y los terrenos bald\u00edos con la \u00fanica esperanza de obtener un anclaje de huesos, ropa o ADN del hijo que no volvi\u00f3 a casa jam\u00e1s, con el leitmotiv del dolor cerrado en duelo por la hija que no regres\u00f3.<br>Este pa\u00eds quiere seguir en la ruta marcada por Andr\u00e9s Manuel L\u00f3pez Obrador.<br>No cabe duda.<br>Ir a contracorriente significa el suicidio.<br>\u2026 del mismo costal.<br>En concordancia con el panorama nacional, Veracruz tambi\u00e9n demostr\u00f3 una voluntad aplastante contra quienes construyeron un escenario de humo, vendieron espejitos en una guerra de lodo.<br>Una diferencia de 812,522 votos a favor de Norma Roc\u00edo Nahle Garc\u00eda, a la hora de escribir estas l\u00edneas, es un trecho abismal que arroja un blindaje insondable de 1 mill\u00f3n 837 mil 298 votos cosechados por la virtual primera mujer gobernadora del estado de Veracruz de Ignacio de la Llave, con una participaci\u00f3n del 58.7 por ciento de los 6 millones 80 mil 509 electores.<br>Tendr\u00e1 Nahle que escribir su propia historia, quiz\u00e1 basada en una vieja consigna izquierdista que, a los enemigos, ni perd\u00f3n, ni olvido.<br>A quienes intentaron empedrar el camino de la hoy gobernadora electa, habr\u00eda que repetirles la cita de Lucas 17:1-2; a quienes m\u00e1s les valdr\u00eda que se atasen al cuello una piedra de molino y se arrojasen al mar.<br>Y esto aplica a los enemigos y a los de casa.<br>Ya vendr\u00e1 el recuento de los da\u00f1os.<br>Claro, en la visi\u00f3n sanadora de la victoria aplastante, Norma Roc\u00edo Nahle pudiera leer la historia del gran Nelson Mandela, quien opt\u00f3 por el perd\u00f3n m\u00e1s que decantarse por la venganza y pas\u00f3 a escribir su nombre con letras de oro en la historia pol\u00edtica y human\u00edstica de la humanidad, gracias al estoicismo.<br>Sin embargo, algunos rode\u00f3logos le dir\u00e1n que el poder es para joder, en visi\u00f3n visceral de la pol\u00edtica p\u00fablica derivada en el ojo por ojo y todos acabaremos tuertos.<br>\u201clo que diga mi dedito\u201d, pensar\u00e1 Nahle en sus noches de insomnio provocado por el poder que ejercer\u00e1 a partir de hoy 03 de junio del 2024.<br>En el d\u00eda despu\u00e9s de la elecci\u00f3n, los futur\u00f3logos de la tragedia se jalar\u00e1n los cabellos ante un escenario que pinta el pa\u00eds de cuerpo entero en magenta.<br>El triunfo del pueblo bueno se manifest\u00f3.<br>columnacarpediem@gmail.com<\/p>\n","protected":false},"excerpt":{"rendered":"<p>Manolo Victorio Carpe Diem El dinosaurio ya no est\u00e1 ah\u00ed, dir\u00edase en contraposici\u00f3n del viejo r\u00e9gimen, a contrario sensu del cuento m\u00e1s corto del mundo.La victoria aplastante del morenismo en la elecci\u00f3n de este domingo, es un latigazo de otro m\u00edtico dinosaurio, un pejelagarto, que se erige en la historia reciente como el hombre m\u00e1s [&hellip;]<\/p>\n","protected":false},"author":2,"featured_media":119925,"comment_status":"closed","ping_status":"closed","sticky":false,"template":"","format":"standard","meta":{"tdm_status":"","tdm_grid_status":"","footnotes":""},"categories":[70],"tags":[266,251,195,96],"class_list":{"0":"post-125577","1":"post","2":"type-post","3":"status-publish","4":"format-standard","5":"has-post-thumbnail","7":"category-de-opinion","8":"tag-pan","9":"tag-pri","10":"tag-veracruz","11":"tag-xalapa"},"yoast_head":"<!-- This site is optimized with the Yoast SEO plugin v27.4 - https:\/\/yoast.com\/product\/yoast-seo-wordpress\/ -->\n<title>EL D\u00cdA DESPU\u00c9S - Los pol\u00edticos Veracruz<\/title>\n<meta name=\"robots\" content=\"index, follow, max-snippet:-1, max-image-preview:large, max-video-preview:-1\" \/>\n<link rel=\"canonical\" href=\"https:\/\/lospoliticosveracruz.com\/?p=125577\" \/>\n<meta property=\"og:locale\" content=\"es_ES\" \/>\n<meta property=\"og:type\" content=\"article\" \/>\n<meta property=\"og:title\" content=\"EL D\u00cdA DESPU\u00c9S - Los pol\u00edticos Veracruz\" \/>\n<meta property=\"og:description\" content=\"Manolo Victorio Carpe Diem El dinosaurio ya no est\u00e1 ah\u00ed, dir\u00edase en contraposici\u00f3n del viejo r\u00e9gimen, a contrario sensu del cuento m\u00e1s corto del mundo.La victoria aplastante del morenismo en la elecci\u00f3n de este domingo, es un latigazo de otro m\u00edtico dinosaurio, un pejelagarto, que se erige en la historia reciente como el hombre m\u00e1s [&hellip;]\" \/>\n<meta property=\"og:url\" content=\"https:\/\/lospoliticosveracruz.com\/?p=125577\" \/>\n<meta property=\"og:site_name\" content=\"Los pol\u00edticos Veracruz\" \/>\n<meta property=\"article:publisher\" content=\"https:\/\/www.facebook.com\/people\/Notimemes-de-los-Polticos\/61565672886568\/\" \/>\n<meta property=\"article:published_time\" content=\"2024-06-03T18:37:09+00:00\" \/>\n<meta property=\"article:modified_time\" content=\"2024-06-03T18:37:30+00:00\" \/>\n<meta property=\"og:image\" content=\"https:\/\/lospoliticosveracruz.com\/wp-content\/uploads\/2024\/03\/Manolo-Victorio.jpg\" \/>\n\t<meta property=\"og:image:width\" content=\"1250\" \/>\n\t<meta property=\"og:image:height\" content=\"667\" \/>\n\t<meta property=\"og:image:type\" content=\"image\/jpeg\" \/>\n<meta name=\"author\" content=\"Lo viste en Los Pol\u00edticos\" \/>\n<meta name=\"twitter:card\" content=\"summary_large_image\" \/>\n<meta name=\"twitter:creator\" content=\"@LosPoliticosVer\" \/>\n<meta name=\"twitter:site\" content=\"@LosPoliticosVer\" \/>\n<meta name=\"twitter:label1\" content=\"Escrito por\" \/>\n\t<meta name=\"twitter:data1\" content=\"Lo viste en Los Pol\u00edticos\" \/>\n\t<meta name=\"twitter:label2\" content=\"Tiempo de lectura\" \/>\n\t<meta name=\"twitter:data2\" content=\"5 minutos\" \/>\n<script type=\"application\/ld+json\" class=\"yoast-schema-graph\">{\"@context\":\"https:\\\/\\\/schema.org\",\"@graph\":[{\"@type\":\"Article\",\"@id\":\"https:\\\/\\\/lospoliticosveracruz.com\\\/?p=125577#article\",\"isPartOf\":{\"@id\":\"https:\\\/\\\/lospoliticosveracruz.com\\\/?p=125577\"},\"author\":{\"name\":\"Lo viste en Los Pol\u00edticos\",\"@id\":\"https:\\\/\\\/lospoliticosveracruz.com\\\/#\\\/schema\\\/person\\\/b8702bb0e538456e6efd07080bf2a4a2\"},\"headline\":\"EL D\u00cdA DESPU\u00c9S\",\"datePublished\":\"2024-06-03T18:37:09+00:00\",\"dateModified\":\"2024-06-03T18:37:30+00:00\",\"mainEntityOfPage\":{\"@id\":\"https:\\\/\\\/lospoliticosveracruz.com\\\/?p=125577\"},\"wordCount\":1066,\"publisher\":{\"@id\":\"https:\\\/\\\/lospoliticosveracruz.com\\\/#organization\"},\"image\":{\"@id\":\"https:\\\/\\\/lospoliticosveracruz.com\\\/?p=125577#primaryimage\"},\"thumbnailUrl\":\"https:\\\/\\\/lospoliticosveracruz.com\\\/wp-content\\\/uploads\\\/2024\\\/03\\\/Manolo-Victorio.jpg\",\"keywords\":[\"PAN\",\"PRI\",\"Veracruz\",\"Xalapa\"],\"articleSection\":[\"De Opini\u00f3n\"],\"inLanguage\":\"es\"},{\"@type\":\"WebPage\",\"@id\":\"https:\\\/\\\/lospoliticosveracruz.com\\\/?p=125577\",\"url\":\"https:\\\/\\\/lospoliticosveracruz.com\\\/?p=125577\",\"name\":\"EL D\u00cdA DESPU\u00c9S - Los pol\u00edticos Veracruz\",\"isPartOf\":{\"@id\":\"https:\\\/\\\/lospoliticosveracruz.com\\\/#website\"},\"primaryImageOfPage\":{\"@id\":\"https:\\\/\\\/lospoliticosveracruz.com\\\/?p=125577#primaryimage\"},\"image\":{\"@id\":\"https:\\\/\\\/lospoliticosveracruz.com\\\/?p=125577#primaryimage\"},\"thumbnailUrl\":\"https:\\\/\\\/lospoliticosveracruz.com\\\/wp-content\\\/uploads\\\/2024\\\/03\\\/Manolo-Victorio.jpg\",\"datePublished\":\"2024-06-03T18:37:09+00:00\",\"dateModified\":\"2024-06-03T18:37:30+00:00\",\"breadcrumb\":{\"@id\":\"https:\\\/\\\/lospoliticosveracruz.com\\\/?p=125577#breadcrumb\"},\"inLanguage\":\"es\",\"potentialAction\":[{\"@type\":\"ReadAction\",\"target\":[\"https:\\\/\\\/lospoliticosveracruz.com\\\/?p=125577\"]}]},{\"@type\":\"ImageObject\",\"inLanguage\":\"es\",\"@id\":\"https:\\\/\\\/lospoliticosveracruz.com\\\/?p=125577#primaryimage\",\"url\":\"https:\\\/\\\/lospoliticosveracruz.com\\\/wp-content\\\/uploads\\\/2024\\\/03\\\/Manolo-Victorio.jpg\",\"contentUrl\":\"https:\\\/\\\/lospoliticosveracruz.com\\\/wp-content\\\/uploads\\\/2024\\\/03\\\/Manolo-Victorio.jpg\",\"width\":1250,\"height\":667},{\"@type\":\"BreadcrumbList\",\"@id\":\"https:\\\/\\\/lospoliticosveracruz.com\\\/?p=125577#breadcrumb\",\"itemListElement\":[{\"@type\":\"ListItem\",\"position\":1,\"name\":\"Portada\",\"item\":\"https:\\\/\\\/lospoliticosveracruz.com\\\/\"},{\"@type\":\"ListItem\",\"position\":2,\"name\":\"EL D\u00cdA DESPU\u00c9S\"}]},{\"@type\":\"WebSite\",\"@id\":\"https:\\\/\\\/lospoliticosveracruz.com\\\/#website\",\"url\":\"https:\\\/\\\/lospoliticosveracruz.com\\\/\",\"name\":\"Los pol\u00edticos Veracruz\",\"description\":\"\",\"publisher\":{\"@id\":\"https:\\\/\\\/lospoliticosveracruz.com\\\/#organization\"},\"potentialAction\":[{\"@type\":\"SearchAction\",\"target\":{\"@type\":\"EntryPoint\",\"urlTemplate\":\"https:\\\/\\\/lospoliticosveracruz.com\\\/?s={search_term_string}\"},\"query-input\":{\"@type\":\"PropertyValueSpecification\",\"valueRequired\":true,\"valueName\":\"search_term_string\"}}],\"inLanguage\":\"es\"},{\"@type\":\"Organization\",\"@id\":\"https:\\\/\\\/lospoliticosveracruz.com\\\/#organization\",\"name\":\"Los pol\u00edticos Veracruz\",\"url\":\"https:\\\/\\\/lospoliticosveracruz.com\\\/\",\"logo\":{\"@type\":\"ImageObject\",\"inLanguage\":\"es\",\"@id\":\"https:\\\/\\\/lospoliticosveracruz.com\\\/#\\\/schema\\\/logo\\\/image\\\/\",\"url\":\"https:\\\/\\\/lospoliticosveracruz.com\\\/wp-content\\\/uploads\\\/2025\\\/12\\\/Logo-Nuevo-LOS-POLITICOS-1.jpg\",\"contentUrl\":\"https:\\\/\\\/lospoliticosveracruz.com\\\/wp-content\\\/uploads\\\/2025\\\/12\\\/Logo-Nuevo-LOS-POLITICOS-1.jpg\",\"width\":260,\"height\":70,\"caption\":\"Los pol\u00edticos Veracruz\"},\"image\":{\"@id\":\"https:\\\/\\\/lospoliticosveracruz.com\\\/#\\\/schema\\\/logo\\\/image\\\/\"},\"sameAs\":[\"https:\\\/\\\/www.facebook.com\\\/people\\\/Notimemes-de-los-Polticos\\\/61565672886568\\\/\",\"https:\\\/\\\/x.com\\\/LosPoliticosVer\"]},{\"@type\":\"Person\",\"@id\":\"https:\\\/\\\/lospoliticosveracruz.com\\\/#\\\/schema\\\/person\\\/b8702bb0e538456e6efd07080bf2a4a2\",\"name\":\"Lo viste en Los Pol\u00edticos\",\"image\":{\"@type\":\"ImageObject\",\"inLanguage\":\"es\",\"@id\":\"https:\\\/\\\/secure.gravatar.com\\\/avatar\\\/3a8de04a2656d44082be478bd6c086daa447c4651605818287b9532d3d0bd435?s=96&d=mm&r=g\",\"url\":\"https:\\\/\\\/secure.gravatar.com\\\/avatar\\\/3a8de04a2656d44082be478bd6c086daa447c4651605818287b9532d3d0bd435?s=96&d=mm&r=g\",\"contentUrl\":\"https:\\\/\\\/secure.gravatar.com\\\/avatar\\\/3a8de04a2656d44082be478bd6c086daa447c4651605818287b9532d3d0bd435?s=96&d=mm&r=g\",\"caption\":\"Lo viste en Los Pol\u00edticos\"},\"url\":\"https:\\\/\\\/lospoliticosveracruz.com\\\/?author=2\"}]}<\/script>\n<!-- \/ Yoast SEO plugin. -->","yoast_head_json":{"title":"EL D\u00cdA DESPU\u00c9S - Los pol\u00edticos Veracruz","robots":{"index":"index","follow":"follow","max-snippet":"max-snippet:-1","max-image-preview":"max-image-preview:large","max-video-preview":"max-video-preview:-1"},"canonical":"https:\/\/lospoliticosveracruz.com\/?p=125577","og_locale":"es_ES","og_type":"article","og_title":"EL D\u00cdA DESPU\u00c9S - Los pol\u00edticos Veracruz","og_description":"Manolo Victorio Carpe Diem El dinosaurio ya no est\u00e1 ah\u00ed, dir\u00edase en contraposici\u00f3n del viejo r\u00e9gimen, a contrario sensu del cuento m\u00e1s corto del mundo.La victoria aplastante del morenismo en la elecci\u00f3n de este domingo, es un latigazo de otro m\u00edtico dinosaurio, un pejelagarto, que se erige en la historia reciente como el hombre m\u00e1s [&hellip;]","og_url":"https:\/\/lospoliticosveracruz.com\/?p=125577","og_site_name":"Los pol\u00edticos Veracruz","article_publisher":"https:\/\/www.facebook.com\/people\/Notimemes-de-los-Polticos\/61565672886568\/","article_published_time":"2024-06-03T18:37:09+00:00","article_modified_time":"2024-06-03T18:37:30+00:00","og_image":[{"width":1250,"height":667,"url":"https:\/\/lospoliticosveracruz.com\/wp-content\/uploads\/2024\/03\/Manolo-Victorio.jpg","type":"image\/jpeg"}],"author":"Lo viste en Los Pol\u00edticos","twitter_card":"summary_large_image","twitter_creator":"@LosPoliticosVer","twitter_site":"@LosPoliticosVer","twitter_misc":{"Escrito por":"Lo viste en Los Pol\u00edticos","Tiempo de lectura":"5 minutos"},"schema":{"@context":"https:\/\/schema.org","@graph":[{"@type":"Article","@id":"https:\/\/lospoliticosveracruz.com\/?p=125577#article","isPartOf":{"@id":"https:\/\/lospoliticosveracruz.com\/?p=125577"},"author":{"name":"Lo viste en Los Pol\u00edticos","@id":"https:\/\/lospoliticosveracruz.com\/#\/schema\/person\/b8702bb0e538456e6efd07080bf2a4a2"},"headline":"EL D\u00cdA DESPU\u00c9S","datePublished":"2024-06-03T18:37:09+00:00","dateModified":"2024-06-03T18:37:30+00:00","mainEntityOfPage":{"@id":"https:\/\/lospoliticosveracruz.com\/?p=125577"},"wordCount":1066,"publisher":{"@id":"https:\/\/lospoliticosveracruz.com\/#organization"},"image":{"@id":"https:\/\/lospoliticosveracruz.com\/?p=125577#primaryimage"},"thumbnailUrl":"https:\/\/lospoliticosveracruz.com\/wp-content\/uploads\/2024\/03\/Manolo-Victorio.jpg","keywords":["PAN","PRI","Veracruz","Xalapa"],"articleSection":["De Opini\u00f3n"],"inLanguage":"es"},{"@type":"WebPage","@id":"https:\/\/lospoliticosveracruz.com\/?p=125577","url":"https:\/\/lospoliticosveracruz.com\/?p=125577","name":"EL D\u00cdA DESPU\u00c9S - Los pol\u00edticos Veracruz","isPartOf":{"@id":"https:\/\/lospoliticosveracruz.com\/#website"},"primaryImageOfPage":{"@id":"https:\/\/lospoliticosveracruz.com\/?p=125577#primaryimage"},"image":{"@id":"https:\/\/lospoliticosveracruz.com\/?p=125577#primaryimage"},"thumbnailUrl":"https:\/\/lospoliticosveracruz.com\/wp-content\/uploads\/2024\/03\/Manolo-Victorio.jpg","datePublished":"2024-06-03T18:37:09+00:00","dateModified":"2024-06-03T18:37:30+00:00","breadcrumb":{"@id":"https:\/\/lospoliticosveracruz.com\/?p=125577#breadcrumb"},"inLanguage":"es","potentialAction":[{"@type":"ReadAction","target":["https:\/\/lospoliticosveracruz.com\/?p=125577"]}]},{"@type":"ImageObject","inLanguage":"es","@id":"https:\/\/lospoliticosveracruz.com\/?p=125577#primaryimage","url":"https:\/\/lospoliticosveracruz.com\/wp-content\/uploads\/2024\/03\/Manolo-Victorio.jpg","contentUrl":"https:\/\/lospoliticosveracruz.com\/wp-content\/uploads\/2024\/03\/Manolo-Victorio.jpg","width":1250,"height":667},{"@type":"BreadcrumbList","@id":"https:\/\/lospoliticosveracruz.com\/?p=125577#breadcrumb","itemListElement":[{"@type":"ListItem","position":1,"name":"Portada","item":"https:\/\/lospoliticosveracruz.com\/"},{"@type":"ListItem","position":2,"name":"EL D\u00cdA DESPU\u00c9S"}]},{"@type":"WebSite","@id":"https:\/\/lospoliticosveracruz.com\/#website","url":"https:\/\/lospoliticosveracruz.com\/","name":"Los pol\u00edticos Veracruz","description":"","publisher":{"@id":"https:\/\/lospoliticosveracruz.com\/#organization"},"potentialAction":[{"@type":"SearchAction","target":{"@type":"EntryPoint","urlTemplate":"https:\/\/lospoliticosveracruz.com\/?s={search_term_string}"},"query-input":{"@type":"PropertyValueSpecification","valueRequired":true,"valueName":"search_term_string"}}],"inLanguage":"es"},{"@type":"Organization","@id":"https:\/\/lospoliticosveracruz.com\/#organization","name":"Los pol\u00edticos Veracruz","url":"https:\/\/lospoliticosveracruz.com\/","logo":{"@type":"ImageObject","inLanguage":"es","@id":"https:\/\/lospoliticosveracruz.com\/#\/schema\/logo\/image\/","url":"https:\/\/lospoliticosveracruz.com\/wp-content\/uploads\/2025\/12\/Logo-Nuevo-LOS-POLITICOS-1.jpg","contentUrl":"https:\/\/lospoliticosveracruz.com\/wp-content\/uploads\/2025\/12\/Logo-Nuevo-LOS-POLITICOS-1.jpg","width":260,"height":70,"caption":"Los pol\u00edticos Veracruz"},"image":{"@id":"https:\/\/lospoliticosveracruz.com\/#\/schema\/logo\/image\/"},"sameAs":["https:\/\/www.facebook.com\/people\/Notimemes-de-los-Polticos\/61565672886568\/","https:\/\/x.com\/LosPoliticosVer"]},{"@type":"Person","@id":"https:\/\/lospoliticosveracruz.com\/#\/schema\/person\/b8702bb0e538456e6efd07080bf2a4a2","name":"Lo viste en Los Pol\u00edticos","image":{"@type":"ImageObject","inLanguage":"es","@id":"https:\/\/secure.gravatar.com\/avatar\/3a8de04a2656d44082be478bd6c086daa447c4651605818287b9532d3d0bd435?s=96&d=mm&r=g","url":"https:\/\/secure.gravatar.com\/avatar\/3a8de04a2656d44082be478bd6c086daa447c4651605818287b9532d3d0bd435?s=96&d=mm&r=g","contentUrl":"https:\/\/secure.gravatar.com\/avatar\/3a8de04a2656d44082be478bd6c086daa447c4651605818287b9532d3d0bd435?s=96&d=mm&r=g","caption":"Lo viste en Los Pol\u00edticos"},"url":"https:\/\/lospoliticosveracruz.com\/?author=2"}]}},"_links":{"self":[{"href":"https:\/\/lospoliticosveracruz.com\/index.php?rest_route=\/wp\/v2\/posts\/125577","targetHints":{"allow":["GET"]}}],"collection":[{"href":"https:\/\/lospoliticosveracruz.com\/index.php?rest_route=\/wp\/v2\/posts"}],"about":[{"href":"https:\/\/lospoliticosveracruz.com\/index.php?rest_route=\/wp\/v2\/types\/post"}],"author":[{"embeddable":true,"href":"https:\/\/lospoliticosveracruz.com\/index.php?rest_route=\/wp\/v2\/users\/2"}],"replies":[{"embeddable":true,"href":"https:\/\/lospoliticosveracruz.com\/index.php?rest_route=%2Fwp%2Fv2%2Fcomments&post=125577"}],"version-history":[{"count":1,"href":"https:\/\/lospoliticosveracruz.com\/index.php?rest_route=\/wp\/v2\/posts\/125577\/revisions"}],"predecessor-version":[{"id":125578,"href":"https:\/\/lospoliticosveracruz.com\/index.php?rest_route=\/wp\/v2\/posts\/125577\/revisions\/125578"}],"wp:featuredmedia":[{"embeddable":true,"href":"https:\/\/lospoliticosveracruz.com\/index.php?rest_route=\/wp\/v2\/media\/119925"}],"wp:attachment":[{"href":"https:\/\/lospoliticosveracruz.com\/index.php?rest_route=%2Fwp%2Fv2%2Fmedia&parent=125577"}],"wp:term":[{"taxonomy":"category","embeddable":true,"href":"https:\/\/lospoliticosveracruz.com\/index.php?rest_route=%2Fwp%2Fv2%2Fcategories&post=125577"},{"taxonomy":"post_tag","embeddable":true,"href":"https:\/\/lospoliticosveracruz.com\/index.php?rest_route=%2Fwp%2Fv2%2Ftags&post=125577"}],"curies":[{"name":"wp","href":"https:\/\/api.w.org\/{rel}","templated":true}]}}