{"id":12559,"date":"2014-10-13T03:40:00","date_gmt":"2014-10-13T03:40:00","guid":{"rendered":"http:\/\/www.lospoliticosveracruz.com.mx\/alvarado-y-su-medalla\/"},"modified":"2014-10-13T03:58:02","modified_gmt":"2014-10-13T03:58:02","slug":"alvarado-y-su-medalla","status":"publish","type":"post","link":"https:\/\/lospoliticosveracruz.com\/?p=12559","title":{"rendered":"Alvarado y su medalla"},"content":{"rendered":"<div style=\"clear: both; text-align: center;\"><a href=\"http:\/\/www.lospoliticosveracruz.com.mx\/wp-content\/uploads\/2014\/10\/Enrique-Gonz\u00e1lez-Tiburcio.jpg\"><img loading=\"lazy\" decoding=\"async\" class=\"alignnone size-medium wp-image-12578\" src=\"http:\/\/www.lospoliticosveracruz.com.mx\/wp-content\/uploads\/2014\/10\/Enrique-Gonz\u00e1lez-Tiburcio-300x225.jpg\" alt=\"Enrique Gonz\u00e1lez Tiburcio\" width=\"300\" height=\"225\" \/><\/a><\/div>\n<div><b>\u00a0<\/b><\/div>\n<p><b>Salvador Mu\u00f1oz<\/b><br \/>\n<i>Los Pol\u00edticos<\/i><\/p>\n<p>Alvarado es sin lugar a dudas algo m\u00e1s que mentadas de madre, un clich\u00e9 con el que se ha marcado a este puerto. En lo particular, cuando pienso en Alvarado, recuerdo m\u00e1s sus nieves y su gastronom\u00eda\u2026 \u00a1Dios! \u00a1Qu\u00e9 rico se come en ese lugar! Sin embargo, Alvarado no es leperadas o comida, tiene mucho que aportar y es curioso, porque goza de historia, igual de valiosa que el Puerto de Veracruz, tan as\u00ed, que este mi\u00e9rcoles, se recuerda un evento que bien puede enmarcarse en letras de oro en cualquier recinto que se preste de reconocer a nuestros veracruzanos valientes.<br \/>\nLos alvarade\u00f1os de cepa, amantes de sus ra\u00edces, que respetan y hacen respetar su historia, tienen por estos d\u00edas, una fecha marcada en su coraz\u00f3n: el 15 de octubre de 1846\u2026 la batalla naval de Alvarado.<a name=\"more\"><\/a><\/p>\n<p>II<br \/>\nTal fecha fue retomada para que las autoridades locales, a trav\u00e9s de una convocatoria a la sociedad alvarade\u00f1a, hicieran un reconocimiento a un ciudadano por su apoyo filantr\u00f3pico, a la cultura, tradiciones, comercio o actividades productivas de esta localidad.<br \/>\nY este quince de octubre, la Medalla al M\u00e9rito \u201c15 de Octubre de 1846\u201d ser\u00e1 para Enrique Gonz\u00e1lez Tiburcio.<br \/>\nPor supuesto, un sector en las redes sociales se sorprendi\u00f3 en dos l\u00edneas: uno, extra\u00f1ado, porque no conoce al que ser\u00e1 galardonado; y otro, festivo, porque sabe qui\u00e9n es el Maestro Gonz\u00e1lez Tiburcio.<\/p>\n<p>III<br \/>\nExponer su curriculum simplemente romper\u00eda la cuartilla que se impone quien escribe estas l\u00edneas, pero en un ejercicio de s\u00edntesis, les va:<br \/>\nEs egresado de la UNAM en la licenciatura de Econom\u00eda y con Maestr\u00eda en Pol\u00edtica y Docencia Econ\u00f3mica con menci\u00f3n honor\u00edfica en ambas. En 1990, recibi\u00f3 el Premio Nacional de Administraci\u00f3n P\u00fablica por su investigaci\u00f3n \u201cReforma del Estado y Pol\u00edtica Social\u201d adem\u00e1s de ser distinguido con la Medalla al M\u00e9rito por 10, 15 y 20 a\u00f1os como Profesor de la UNAM.<br \/>\nDesde 1993 ocupa diversos cargos en la administraci\u00f3n p\u00fablica federal vinculados al desarrollo social y comunitario como son Solidaridad, el Instituto Nacional Indigenista, la secretar\u00eda de Desarrollo Social y ha sido consultor de diversos organismos internacionales como la Unicef, el Programa de Naciones Unidas para el Desarrollo y FAO, donde por cierto, ha sido conferencista y si eso fuera poco, hasta autor y coautor de libros adem\u00e1s de escribir art\u00edculos relacionados con pol\u00edtica econ\u00f3mica, desarrollo social, crisis econ\u00f3mica y combate a la pobreza en Exc\u00e9lsior, La Jornada, El D\u00eda, Nexos, entre otros\u2026 y nos quedamos muy cortos. \u00a1Ah! Se me olvidaba: actualmente es Coordinador de Asesores de la titular de Sedesol Rosario Robles y secretario t\u00e9cnico del Gabinete Especializado \u201cM\u00e9xico Incluyente\u201d&#8230;<\/p>\n<div>\n<p>IV<br \/>\nPero les dec\u00eda, en las redes sociales hubo quienes simplemente ven en el Maestro Gonz\u00e1lez Tiburcio a un desconocido y cuestionaban qu\u00e9 era lo que hab\u00eda hecho por Alvarado&#8230;<br \/>\nEsto es lo incre\u00edble\u2026 si bien trabaja en la pol\u00edtica, no es el pol\u00edtico com\u00fan que guste alzarse el cuello por cada obra, gesti\u00f3n, acci\u00f3n haga en pro de su pueblo.<br \/>\nHay una Asociaci\u00f3n Civil que se llama Patronato de Fomento a la Salud y Bienestar Alvarade\u00f1o\u2026 tiene 20 a\u00f1os (s\u00ed, 20 a\u00f1os) de que Enrique Gonz\u00e1lez la form\u00f3 y su nombre no figura como es habitual en quienes buscan m\u00e1s que ayudar, un inter\u00e9s pol\u00edtico tergiversando la filantrop\u00eda. Algunos la conocen como Pafosa y se enfoca m\u00e1s en el apoyo a las mujeres.<br \/>\n\u00bfCu\u00e1ntos pol\u00edticos conoce usted que gestionen programas y recursos y no s\u00f3lo rechacen la cl\u00e1sica foto en la entrega de los mismos, sino que no asistan a tal? Saber que llegan los apoyos y a las personas que lo necesitan, es la satisfacci\u00f3n m\u00e1s grande que puede tener el Maestro Enrique\u2026<br \/>\nGonz\u00e1lez Tiburcio es un funcionario que se aleja de los reflectores, porque es ajeno a cualquier \u201cinter\u00e9s pol\u00edtico\u201d o \u201cpartidista\u201d.<br \/>\n\u00bfNo lo conocen? Pues no\u2026 porque no se regodea como la mayor\u00eda exhibiendo fotos en las redes sociales ni alardeando amistades o m\u00e9ritos acad\u00e9micos\u2026 \u00bfhumildad? \u00bfsencillez? \u00bffilantrop\u00eda? O simplemente nos encontramos con un funcionario en miles que entiende realmente el verdadero concepto de la pol\u00edtica, que es el servir y no servirse.<br \/>\nBien por este reconocimiento al Maestro Enrique Gonz\u00e1lez Tiburcio que nos hace romper no s\u00f3lo esquemas de pol\u00edtica, sino clich\u00e9s, porque Alvarado es m\u00e1s que mentadas de madre\u2026 es historia, es su gente, tan valiosa y generosa como la de aquel 15 de octubre de 1846 que hizo retroceder al ej\u00e9rcito invasor norteamericano y pocas veces nos acordamos de ello.<\/p>\n<p>smcainito@gmail.com<\/p>\n<\/div>\n","protected":false},"excerpt":{"rendered":"<p>\u00a0 Salvador Mu\u00f1oz Los Pol\u00edticos Alvarado es sin lugar a dudas algo m\u00e1s que mentadas de madre, un clich\u00e9 con el que se ha marcado a este puerto. En lo particular, cuando pienso en Alvarado, recuerdo m\u00e1s sus nieves y su gastronom\u00eda\u2026 \u00a1Dios! \u00a1Qu\u00e9 rico se come en ese lugar! Sin embargo, Alvarado no es [&hellip;]<\/p>\n","protected":false},"author":2,"featured_media":0,"comment_status":"open","ping_status":"open","sticky":false,"template":"","format":"standard","meta":{"tdm_status":"","tdm_grid_status":"","footnotes":""},"categories":[70],"tags":[301,302,303,306,305,143,304],"class_list":{"0":"post-12559","1":"post","2":"type-post","3":"status-publish","4":"format-standard","6":"category-de-opinion","7":"tag-alvarado","8":"tag-enrique-gonzalez-tiburcio","9":"tag-fao","10":"tag-merito","11":"tag-nexos","12":"tag-unam","13":"tag-unicef"},"yoast_head":"<!-- This site is optimized with the Yoast SEO plugin v27.4 - https:\/\/yoast.com\/product\/yoast-seo-wordpress\/ -->\n<title>Alvarado y su medalla - Los pol\u00edticos Veracruz<\/title>\n<meta name=\"robots\" content=\"index, follow, max-snippet:-1, max-image-preview:large, max-video-preview:-1\" \/>\n<link rel=\"canonical\" href=\"https:\/\/lospoliticosveracruz.com\/?p=12559\" \/>\n<meta property=\"og:locale\" content=\"es_ES\" \/>\n<meta property=\"og:type\" content=\"article\" \/>\n<meta property=\"og:title\" content=\"Alvarado y su medalla - Los pol\u00edticos Veracruz\" \/>\n<meta property=\"og:description\" content=\"\u00a0 Salvador Mu\u00f1oz Los Pol\u00edticos Alvarado es sin lugar a dudas algo m\u00e1s que mentadas de madre, un clich\u00e9 con el que se ha marcado a este puerto. En lo particular, cuando pienso en Alvarado, recuerdo m\u00e1s sus nieves y su gastronom\u00eda\u2026 \u00a1Dios! \u00a1Qu\u00e9 rico se come en ese lugar! Sin embargo, Alvarado no es [&hellip;]\" \/>\n<meta property=\"og:url\" content=\"https:\/\/lospoliticosveracruz.com\/?p=12559\" \/>\n<meta property=\"og:site_name\" content=\"Los pol\u00edticos Veracruz\" \/>\n<meta property=\"article:publisher\" content=\"https:\/\/www.facebook.com\/people\/Notimemes-de-los-Polticos\/61565672886568\/\" \/>\n<meta property=\"article:published_time\" content=\"2014-10-13T03:40:00+00:00\" \/>\n<meta property=\"article:modified_time\" content=\"2014-10-13T03:58:02+00:00\" \/>\n<meta property=\"og:image\" content=\"https:\/\/lospoliticosveracruz.com\/wp-content\/uploads\/2016\/07\/Logo-Dor.jpg\" \/>\n\t<meta property=\"og:image:width\" content=\"200\" \/>\n\t<meta property=\"og:image:height\" content=\"200\" \/>\n\t<meta property=\"og:image:type\" content=\"image\/jpeg\" \/>\n<meta name=\"author\" content=\"Lo viste en Los Pol\u00edticos\" \/>\n<meta name=\"twitter:card\" content=\"summary_large_image\" \/>\n<meta name=\"twitter:creator\" content=\"@LosPoliticosVer\" \/>\n<meta name=\"twitter:site\" content=\"@LosPoliticosVer\" \/>\n<meta name=\"twitter:label1\" content=\"Escrito por\" \/>\n\t<meta name=\"twitter:data1\" content=\"Lo viste en Los Pol\u00edticos\" \/>\n\t<meta name=\"twitter:label2\" content=\"Tiempo de lectura\" \/>\n\t<meta name=\"twitter:data2\" content=\"4 minutos\" \/>\n<script type=\"application\/ld+json\" class=\"yoast-schema-graph\">{\"@context\":\"https:\\\/\\\/schema.org\",\"@graph\":[{\"@type\":\"Article\",\"@id\":\"https:\\\/\\\/lospoliticosveracruz.com\\\/?p=12559#article\",\"isPartOf\":{\"@id\":\"https:\\\/\\\/lospoliticosveracruz.com\\\/?p=12559\"},\"author\":{\"name\":\"Lo viste en Los Pol\u00edticos\",\"@id\":\"https:\\\/\\\/lospoliticosveracruz.com\\\/#\\\/schema\\\/person\\\/b8702bb0e538456e6efd07080bf2a4a2\"},\"headline\":\"Alvarado y su medalla\",\"datePublished\":\"2014-10-13T03:40:00+00:00\",\"dateModified\":\"2014-10-13T03:58:02+00:00\",\"mainEntityOfPage\":{\"@id\":\"https:\\\/\\\/lospoliticosveracruz.com\\\/?p=12559\"},\"wordCount\":825,\"commentCount\":0,\"publisher\":{\"@id\":\"https:\\\/\\\/lospoliticosveracruz.com\\\/#organization\"},\"keywords\":[\"Alvarado\",\"Enrique Gonz\u00e1lez Tiburcio\",\"FAO\",\"M\u00e9rito\",\"Nexos\",\"UNAM\",\"Unicef\"],\"articleSection\":[\"De Opini\u00f3n\"],\"inLanguage\":\"es\",\"potentialAction\":[{\"@type\":\"CommentAction\",\"name\":\"Comment\",\"target\":[\"https:\\\/\\\/lospoliticosveracruz.com\\\/?p=12559#respond\"]}]},{\"@type\":\"WebPage\",\"@id\":\"https:\\\/\\\/lospoliticosveracruz.com\\\/?p=12559\",\"url\":\"https:\\\/\\\/lospoliticosveracruz.com\\\/?p=12559\",\"name\":\"Alvarado y su medalla - Los pol\u00edticos Veracruz\",\"isPartOf\":{\"@id\":\"https:\\\/\\\/lospoliticosveracruz.com\\\/#website\"},\"datePublished\":\"2014-10-13T03:40:00+00:00\",\"dateModified\":\"2014-10-13T03:58:02+00:00\",\"breadcrumb\":{\"@id\":\"https:\\\/\\\/lospoliticosveracruz.com\\\/?p=12559#breadcrumb\"},\"inLanguage\":\"es\",\"potentialAction\":[{\"@type\":\"ReadAction\",\"target\":[\"https:\\\/\\\/lospoliticosveracruz.com\\\/?p=12559\"]}]},{\"@type\":\"BreadcrumbList\",\"@id\":\"https:\\\/\\\/lospoliticosveracruz.com\\\/?p=12559#breadcrumb\",\"itemListElement\":[{\"@type\":\"ListItem\",\"position\":1,\"name\":\"Portada\",\"item\":\"https:\\\/\\\/lospoliticosveracruz.com\\\/\"},{\"@type\":\"ListItem\",\"position\":2,\"name\":\"Alvarado y su medalla\"}]},{\"@type\":\"WebSite\",\"@id\":\"https:\\\/\\\/lospoliticosveracruz.com\\\/#website\",\"url\":\"https:\\\/\\\/lospoliticosveracruz.com\\\/\",\"name\":\"Los pol\u00edticos Veracruz\",\"description\":\"\",\"publisher\":{\"@id\":\"https:\\\/\\\/lospoliticosveracruz.com\\\/#organization\"},\"potentialAction\":[{\"@type\":\"SearchAction\",\"target\":{\"@type\":\"EntryPoint\",\"urlTemplate\":\"https:\\\/\\\/lospoliticosveracruz.com\\\/?s={search_term_string}\"},\"query-input\":{\"@type\":\"PropertyValueSpecification\",\"valueRequired\":true,\"valueName\":\"search_term_string\"}}],\"inLanguage\":\"es\"},{\"@type\":\"Organization\",\"@id\":\"https:\\\/\\\/lospoliticosveracruz.com\\\/#organization\",\"name\":\"Los pol\u00edticos Veracruz\",\"url\":\"https:\\\/\\\/lospoliticosveracruz.com\\\/\",\"logo\":{\"@type\":\"ImageObject\",\"inLanguage\":\"es\",\"@id\":\"https:\\\/\\\/lospoliticosveracruz.com\\\/#\\\/schema\\\/logo\\\/image\\\/\",\"url\":\"https:\\\/\\\/lospoliticosveracruz.com\\\/wp-content\\\/uploads\\\/2025\\\/12\\\/Logo-Nuevo-LOS-POLITICOS-1.jpg\",\"contentUrl\":\"https:\\\/\\\/lospoliticosveracruz.com\\\/wp-content\\\/uploads\\\/2025\\\/12\\\/Logo-Nuevo-LOS-POLITICOS-1.jpg\",\"width\":260,\"height\":70,\"caption\":\"Los pol\u00edticos Veracruz\"},\"image\":{\"@id\":\"https:\\\/\\\/lospoliticosveracruz.com\\\/#\\\/schema\\\/logo\\\/image\\\/\"},\"sameAs\":[\"https:\\\/\\\/www.facebook.com\\\/people\\\/Notimemes-de-los-Polticos\\\/61565672886568\\\/\",\"https:\\\/\\\/x.com\\\/LosPoliticosVer\"]},{\"@type\":\"Person\",\"@id\":\"https:\\\/\\\/lospoliticosveracruz.com\\\/#\\\/schema\\\/person\\\/b8702bb0e538456e6efd07080bf2a4a2\",\"name\":\"Lo viste en Los Pol\u00edticos\",\"image\":{\"@type\":\"ImageObject\",\"inLanguage\":\"es\",\"@id\":\"https:\\\/\\\/secure.gravatar.com\\\/avatar\\\/3a8de04a2656d44082be478bd6c086daa447c4651605818287b9532d3d0bd435?s=96&d=mm&r=g\",\"url\":\"https:\\\/\\\/secure.gravatar.com\\\/avatar\\\/3a8de04a2656d44082be478bd6c086daa447c4651605818287b9532d3d0bd435?s=96&d=mm&r=g\",\"contentUrl\":\"https:\\\/\\\/secure.gravatar.com\\\/avatar\\\/3a8de04a2656d44082be478bd6c086daa447c4651605818287b9532d3d0bd435?s=96&d=mm&r=g\",\"caption\":\"Lo viste en Los Pol\u00edticos\"},\"url\":\"https:\\\/\\\/lospoliticosveracruz.com\\\/?author=2\"}]}<\/script>\n<!-- \/ Yoast SEO plugin. -->","yoast_head_json":{"title":"Alvarado y su medalla - Los pol\u00edticos Veracruz","robots":{"index":"index","follow":"follow","max-snippet":"max-snippet:-1","max-image-preview":"max-image-preview:large","max-video-preview":"max-video-preview:-1"},"canonical":"https:\/\/lospoliticosveracruz.com\/?p=12559","og_locale":"es_ES","og_type":"article","og_title":"Alvarado y su medalla - Los pol\u00edticos Veracruz","og_description":"\u00a0 Salvador Mu\u00f1oz Los Pol\u00edticos Alvarado es sin lugar a dudas algo m\u00e1s que mentadas de madre, un clich\u00e9 con el que se ha marcado a este puerto. En lo particular, cuando pienso en Alvarado, recuerdo m\u00e1s sus nieves y su gastronom\u00eda\u2026 \u00a1Dios! \u00a1Qu\u00e9 rico se come en ese lugar! Sin embargo, Alvarado no es [&hellip;]","og_url":"https:\/\/lospoliticosveracruz.com\/?p=12559","og_site_name":"Los pol\u00edticos Veracruz","article_publisher":"https:\/\/www.facebook.com\/people\/Notimemes-de-los-Polticos\/61565672886568\/","article_published_time":"2014-10-13T03:40:00+00:00","article_modified_time":"2014-10-13T03:58:02+00:00","og_image":[{"width":200,"height":200,"url":"https:\/\/lospoliticosveracruz.com\/wp-content\/uploads\/2016\/07\/Logo-Dor.jpg","type":"image\/jpeg"}],"author":"Lo viste en Los Pol\u00edticos","twitter_card":"summary_large_image","twitter_creator":"@LosPoliticosVer","twitter_site":"@LosPoliticosVer","twitter_misc":{"Escrito por":"Lo viste en Los Pol\u00edticos","Tiempo de lectura":"4 minutos"},"schema":{"@context":"https:\/\/schema.org","@graph":[{"@type":"Article","@id":"https:\/\/lospoliticosveracruz.com\/?p=12559#article","isPartOf":{"@id":"https:\/\/lospoliticosveracruz.com\/?p=12559"},"author":{"name":"Lo viste en Los Pol\u00edticos","@id":"https:\/\/lospoliticosveracruz.com\/#\/schema\/person\/b8702bb0e538456e6efd07080bf2a4a2"},"headline":"Alvarado y su medalla","datePublished":"2014-10-13T03:40:00+00:00","dateModified":"2014-10-13T03:58:02+00:00","mainEntityOfPage":{"@id":"https:\/\/lospoliticosveracruz.com\/?p=12559"},"wordCount":825,"commentCount":0,"publisher":{"@id":"https:\/\/lospoliticosveracruz.com\/#organization"},"keywords":["Alvarado","Enrique Gonz\u00e1lez Tiburcio","FAO","M\u00e9rito","Nexos","UNAM","Unicef"],"articleSection":["De Opini\u00f3n"],"inLanguage":"es","potentialAction":[{"@type":"CommentAction","name":"Comment","target":["https:\/\/lospoliticosveracruz.com\/?p=12559#respond"]}]},{"@type":"WebPage","@id":"https:\/\/lospoliticosveracruz.com\/?p=12559","url":"https:\/\/lospoliticosveracruz.com\/?p=12559","name":"Alvarado y su medalla - Los pol\u00edticos Veracruz","isPartOf":{"@id":"https:\/\/lospoliticosveracruz.com\/#website"},"datePublished":"2014-10-13T03:40:00+00:00","dateModified":"2014-10-13T03:58:02+00:00","breadcrumb":{"@id":"https:\/\/lospoliticosveracruz.com\/?p=12559#breadcrumb"},"inLanguage":"es","potentialAction":[{"@type":"ReadAction","target":["https:\/\/lospoliticosveracruz.com\/?p=12559"]}]},{"@type":"BreadcrumbList","@id":"https:\/\/lospoliticosveracruz.com\/?p=12559#breadcrumb","itemListElement":[{"@type":"ListItem","position":1,"name":"Portada","item":"https:\/\/lospoliticosveracruz.com\/"},{"@type":"ListItem","position":2,"name":"Alvarado y su medalla"}]},{"@type":"WebSite","@id":"https:\/\/lospoliticosveracruz.com\/#website","url":"https:\/\/lospoliticosveracruz.com\/","name":"Los pol\u00edticos Veracruz","description":"","publisher":{"@id":"https:\/\/lospoliticosveracruz.com\/#organization"},"potentialAction":[{"@type":"SearchAction","target":{"@type":"EntryPoint","urlTemplate":"https:\/\/lospoliticosveracruz.com\/?s={search_term_string}"},"query-input":{"@type":"PropertyValueSpecification","valueRequired":true,"valueName":"search_term_string"}}],"inLanguage":"es"},{"@type":"Organization","@id":"https:\/\/lospoliticosveracruz.com\/#organization","name":"Los pol\u00edticos Veracruz","url":"https:\/\/lospoliticosveracruz.com\/","logo":{"@type":"ImageObject","inLanguage":"es","@id":"https:\/\/lospoliticosveracruz.com\/#\/schema\/logo\/image\/","url":"https:\/\/lospoliticosveracruz.com\/wp-content\/uploads\/2025\/12\/Logo-Nuevo-LOS-POLITICOS-1.jpg","contentUrl":"https:\/\/lospoliticosveracruz.com\/wp-content\/uploads\/2025\/12\/Logo-Nuevo-LOS-POLITICOS-1.jpg","width":260,"height":70,"caption":"Los pol\u00edticos Veracruz"},"image":{"@id":"https:\/\/lospoliticosveracruz.com\/#\/schema\/logo\/image\/"},"sameAs":["https:\/\/www.facebook.com\/people\/Notimemes-de-los-Polticos\/61565672886568\/","https:\/\/x.com\/LosPoliticosVer"]},{"@type":"Person","@id":"https:\/\/lospoliticosveracruz.com\/#\/schema\/person\/b8702bb0e538456e6efd07080bf2a4a2","name":"Lo viste en Los Pol\u00edticos","image":{"@type":"ImageObject","inLanguage":"es","@id":"https:\/\/secure.gravatar.com\/avatar\/3a8de04a2656d44082be478bd6c086daa447c4651605818287b9532d3d0bd435?s=96&d=mm&r=g","url":"https:\/\/secure.gravatar.com\/avatar\/3a8de04a2656d44082be478bd6c086daa447c4651605818287b9532d3d0bd435?s=96&d=mm&r=g","contentUrl":"https:\/\/secure.gravatar.com\/avatar\/3a8de04a2656d44082be478bd6c086daa447c4651605818287b9532d3d0bd435?s=96&d=mm&r=g","caption":"Lo viste en Los Pol\u00edticos"},"url":"https:\/\/lospoliticosveracruz.com\/?author=2"}]}},"_links":{"self":[{"href":"https:\/\/lospoliticosveracruz.com\/index.php?rest_route=\/wp\/v2\/posts\/12559","targetHints":{"allow":["GET"]}}],"collection":[{"href":"https:\/\/lospoliticosveracruz.com\/index.php?rest_route=\/wp\/v2\/posts"}],"about":[{"href":"https:\/\/lospoliticosveracruz.com\/index.php?rest_route=\/wp\/v2\/types\/post"}],"author":[{"embeddable":true,"href":"https:\/\/lospoliticosveracruz.com\/index.php?rest_route=\/wp\/v2\/users\/2"}],"replies":[{"embeddable":true,"href":"https:\/\/lospoliticosveracruz.com\/index.php?rest_route=%2Fwp%2Fv2%2Fcomments&post=12559"}],"version-history":[{"count":2,"href":"https:\/\/lospoliticosveracruz.com\/index.php?rest_route=\/wp\/v2\/posts\/12559\/revisions"}],"predecessor-version":[{"id":12582,"href":"https:\/\/lospoliticosveracruz.com\/index.php?rest_route=\/wp\/v2\/posts\/12559\/revisions\/12582"}],"wp:attachment":[{"href":"https:\/\/lospoliticosveracruz.com\/index.php?rest_route=%2Fwp%2Fv2%2Fmedia&parent=12559"}],"wp:term":[{"taxonomy":"category","embeddable":true,"href":"https:\/\/lospoliticosveracruz.com\/index.php?rest_route=%2Fwp%2Fv2%2Fcategories&post=12559"},{"taxonomy":"post_tag","embeddable":true,"href":"https:\/\/lospoliticosveracruz.com\/index.php?rest_route=%2Fwp%2Fv2%2Ftags&post=12559"}],"curies":[{"name":"wp","href":"https:\/\/api.w.org\/{rel}","templated":true}]}}