{"id":126018,"date":"2024-06-11T22:32:14","date_gmt":"2024-06-12T03:32:14","guid":{"rendered":"https:\/\/lospoliticosveracruz.com.mx\/?p=126018"},"modified":"2024-06-11T22:32:23","modified_gmt":"2024-06-12T03:32:23","slug":"no-rocio-los-votos-no-dan-poder","status":"publish","type":"post","link":"https:\/\/lospoliticosveracruz.com\/?p=126018","title":{"rendered":"NO ROC\u00cdO, LOS VOTOS NO DAN PODER"},"content":{"rendered":"\n<p><strong>Inocencio Y\u00e1\u00f1ez Vicencio<\/strong><\/p>\n\n\n\n<p>Si los votos dieran poder, t\u00fa tendr\u00edas tanto poder como votos te asignaron y tus contrincante tendr\u00edan un poder proporcional a los votos que les reconocieron. Los diputados se diferenciarlan por la cantidad devotos obtenidos, unos tendr\u00edan m\u00e1s poder que otros, de acuerdo a la distribuci\u00f3n de los votos, pero resulta que finges, porque no creo que una persona, como t\u00fa, que se prepara para asumir una gubernatura por voluntad del aut\u00f3crata mayor, no sepa que el poder en una sociedad constituida, organizado pol\u00edtica y jur\u00eddicamente, el poder viene de la Constituci\u00f3n y que lo que se disputa en una elecci\u00f3n es el t\u00edtulo que da derecho a ejercer la funci\u00f3n. De ese supuesto error se deriva que la banda morenista act\u00fae arbitrariamente. Claro que en una sociedad no constituida o que revolucionariamente ha roto con el orden jur\u00eddico, el poder viene de la aclamaci\u00f3n, la ovaci\u00f3n, el aplausos o una elecci\u00f3n, pero en una naci\u00f3n que tiene un Estatuto Jur\u00eddico, las potestades est\u00e1n ah\u00ed establecidas y los gobernantes no pueden ir m\u00e1s all\u00e1 de lo determinado jur\u00eddicamente. Te aclaro, conforme a la Constituci\u00f3n, el poder no radica en un s\u00f3lo \u00f3rgano. El poder para su ejercicio recae en tres \u00f3rganos, a fin de que , como sistema republicano, se equilibre. Si como lo anuncias con tu exclamaci\u00f3n de que la votaci\u00f3n te ha dado todo el poder, no s\u00f3lo te equivocas al decir que la votaci\u00f3n te ha dado el poder, porque lo que una elecci\u00f3n otorga al ganador el derecho a ocupar un cargo y tambien te equivocas porque lo otorga para que se ejerza dentro de los l\u00edmites y alcances que la Constituci\u00f3n fija. Constituciolmente el titular del poder ejecutivo, s\u00f3lo tiene bajo su encargo ejecutar la ley, organizar la administraci\u00f3n y realizar la funci\u00f3n de gobierno, es decir, la toma de decisiones en el \u00e1mbito de la ley. Hay cooperaci\u00f3n entre los poderes, pero sin invitaci\u00f3n arbitraria. T\u00fa exclamaci\u00f3n de que los votos que te dieron te otorga todo el poder, es propia de una dictadura.<br>Tiene raz\u00f3n mi amigo Alejandro Cosio, cuando expresa que su secretario de gobierno debiste ser un experto en derecho, porque no nos augura nada bueno que qui\u00e9n se dice que pr\u00f3ximamente asumir\u00e1 el gobierno de Veracruz, no sepa que un Estado liberal tiene, seg\u00fan Kant, la realizaci\u00f3n del derecho. Kant lo m\u00e1s que se acerc\u00f3 al esp\u00edritu democr\u00e1tico fue al decir, que la ley deb\u00eda ser como si el pueblo la hiciera, pero nada m\u00e1s, porque \u00e9l no era dem\u00f3crata, pero si republicano, partidario de limitar el poder por medio del derecho. Yo no creo que le falte dinero para contratar un buen constitucionalista, ni creo que no sepa que jurar\u00e1 una Constitucion y que la jurar\u00e1 cumplir, no ese no es el asunto, el asunto es que forma parte de una pandilla que no tiene el m\u00ednimo respero por la ley y menos ejercer el poder con l\u00edmites y contrapesos.<br>\u00bf Qu\u00e9 ha snunciado respeto por sus adversarios? Falso. Cuando alguien dice te respeto si me respetas. Te tolero si me toleras. Lo que est\u00e1 diciendo es que ni te va a respetar ni te va a tolerar, porque la condici\u00f3n queda a su arbitrio. Si ella considera que que no las respetas o no la toleras, va sobre ti. Lo que tenemos que esperar despu\u00e9s de que en cada pueblo fue abucheada y corrida. Quienes hoy escriben que Roc\u00edo fue objeto de una guerra sucia no nada m\u00e1s pretenden absolvela sino con ello , a la vez, est\u00e1n alentando vengsnza, como si le faltaran ganas. Lo he dicho y lo repito, las elecciones son un escrutinio. Dec\u00eda Castillo Peraza que si a una trabajadora dom\u00e9stica se le ped\u00edan cartas de recomendaci\u00f3n, por qu\u00e9 no hacer lo mismo con qui\u00e9n pretende un cargo p\u00fablicos. Las aves carro\u00f1eras se frotan las manos porque Roc\u00edo cobre venganza.<br>Los votos de Morena, lo ha reconocido Claudia, son producto de su pol\u00edtica clientelar, de chantajear que si no votan por los morenistas, pierden sus aloyos y becas, pero ya se les dilapidaron todo el dinero, pronto ya no tendr\u00e1n ni para robar m\u00e1s ni para dar m\u00e1s a sus \u00bb mascotas \u00ab, como llama Amlo, a los beneficiarios de los programas sociales y entonces esto colapsar\u00e1 y tendr\u00e1n que rendir cuentas de sus sinverg\u00fcenzadas.<br>Recuerdo que la vez en que Don Jes\u00fas Reyes Heroles, en su primera intervenci\u00f3n el la C\u00e1mara de Diputados, erigida en Colegio Electoral, cuando un adversario lo llam\u00f3 amigo, dijo si, mi amigo afectivo, porque mis amigos pol\u00edticos son mis correligionarios y compa\u00f1eros de causa. Hoy que se ha filtrado que Ricardo Ahued, ser\u00e1 el secretario de gobierno de Roc\u00edo, me provoc\u00f3 n\u00e1useas ver algunos que hace poco se dec\u00edan fervientes partidarios de Pepe y hasta reclamaban derechos de antig\u00fcedad, hayan estallado de j\u00fabilo, diciendo que siempre \u00bb era mejor tener un amigo en la secretaria de gobierno \u00ab. Cuando Pepe, est\u00e1 impugnando la elecci\u00f3n y Am\u00e9rico defendiendo su triunfo, esta es una pu\u00f1alada. En el segundo debate salud\u00e9 a Ricardo, pero en un gesto de caballerosidad, porque , como dijo mi paisano, mis amigos pol\u00edticos son mis correligionarios y compa\u00f1eros de causa y yo no me puedo alegrar que llegue al gobierno, alguien que se que me va a combatir, al menos que est\u00e9 pensando entregarle la causa.<br>En el chat de Carlos Dario, hay muchos que no est\u00e1n dispuestos a darle una pu\u00f1alada a Pepe, para ellos mi respeto, pero para los que han expresado sentirse abrigados con Ahued, s\u00f3lo les digo que con esa claudicaci\u00f3n no tienen cara para seguir criticando ni a Markos Cort\u00e9s ni a Alito.<br>En el giro de los partidos hacia el centro, hacia los partidos de todo el mundo, he visto como sacaros provecho indecidos y esquiditos, que con el cuento de que son apartidistas, se treparon y robaron sin sufrir el escarnio del descr\u00e9dito partidista, pero hoy toda esa lacra es acompa\u00f1ada de los buscachambas que con la derota, ven frustrados sus planes.<br>No obstante que en toda lucha pol\u00edtica y social, siempre hay traidores, no bajaremos la guardia quienes desinteresadamente apoyamos a Pepe.<br>Nuestra agenda republicana, tiene que salir de la discusi\u00f3n abierta, pero reglada, porque como dijera Weber, no pueden ponerse sobre la mesa principios finalistas, que bien sabemos que no son negociables. Las guerras de religiones ya nos ense\u00f1aron que los dogmas y los dogm\u00e1ticos son lo peor para la convivencia, asi se vistan o los vistan de patriotas, por eso al patriotismo nacional, Hsbermas le opone el patriotismo constitucional. Defender la Constituci\u00f3n, ante quienes hoy pretendenden eliminar la supremac\u00eda constitucional, es la causa m\u00e1s patriota que puede haber en nuestro tiempo.<\/p>\n","protected":false},"excerpt":{"rendered":"<p>Inocencio Y\u00e1\u00f1ez Vicencio Si los votos dieran poder, t\u00fa tendr\u00edas tanto poder como votos te asignaron y tus contrincante tendr\u00edan un poder proporcional a los votos que les reconocieron. Los diputados se diferenciarlan por la cantidad devotos obtenidos, unos tendr\u00edan m\u00e1s poder que otros, de acuerdo a la distribuci\u00f3n de los votos, pero resulta que [&hellip;]<\/p>\n","protected":false},"author":2,"featured_media":120033,"comment_status":"closed","ping_status":"closed","sticky":false,"template":"","format":"standard","meta":{"tdm_status":"","tdm_grid_status":"","footnotes":""},"categories":[70],"tags":[8256],"class_list":{"0":"post-126018","1":"post","2":"type-post","3":"status-publish","4":"format-standard","5":"has-post-thumbnail","7":"category-de-opinion","8":"tag-inocencio-yanez-vicencio"},"yoast_head":"<!-- This site is optimized with the Yoast SEO plugin v27.4 - https:\/\/yoast.com\/product\/yoast-seo-wordpress\/ -->\n<title>NO ROC\u00cdO, LOS VOTOS NO DAN PODER - Los pol\u00edticos Veracruz<\/title>\n<meta name=\"robots\" content=\"index, follow, max-snippet:-1, max-image-preview:large, max-video-preview:-1\" \/>\n<link rel=\"canonical\" href=\"https:\/\/lospoliticosveracruz.com\/?p=126018\" \/>\n<meta property=\"og:locale\" content=\"es_ES\" \/>\n<meta property=\"og:type\" content=\"article\" \/>\n<meta property=\"og:title\" content=\"NO ROC\u00cdO, LOS VOTOS NO DAN PODER - Los pol\u00edticos Veracruz\" \/>\n<meta property=\"og:description\" content=\"Inocencio Y\u00e1\u00f1ez Vicencio Si los votos dieran poder, t\u00fa tendr\u00edas tanto poder como votos te asignaron y tus contrincante tendr\u00edan un poder proporcional a los votos que les reconocieron. Los diputados se diferenciarlan por la cantidad devotos obtenidos, unos tendr\u00edan m\u00e1s poder que otros, de acuerdo a la distribuci\u00f3n de los votos, pero resulta que [&hellip;]\" \/>\n<meta property=\"og:url\" content=\"https:\/\/lospoliticosveracruz.com\/?p=126018\" \/>\n<meta property=\"og:site_name\" content=\"Los pol\u00edticos Veracruz\" \/>\n<meta property=\"article:publisher\" content=\"https:\/\/www.facebook.com\/people\/Notimemes-de-los-Polticos\/61565672886568\/\" \/>\n<meta property=\"article:published_time\" content=\"2024-06-12T03:32:14+00:00\" \/>\n<meta property=\"article:modified_time\" content=\"2024-06-12T03:32:23+00:00\" \/>\n<meta property=\"og:image\" content=\"https:\/\/lospoliticosveracruz.com\/wp-content\/uploads\/2024\/03\/Inocencio-Yanez-Vicencio.jpg\" \/>\n\t<meta property=\"og:image:width\" content=\"1250\" \/>\n\t<meta property=\"og:image:height\" content=\"667\" \/>\n\t<meta property=\"og:image:type\" content=\"image\/jpeg\" \/>\n<meta name=\"author\" content=\"Lo viste en Los Pol\u00edticos\" \/>\n<meta name=\"twitter:card\" content=\"summary_large_image\" \/>\n<meta name=\"twitter:creator\" content=\"@LosPoliticosVer\" \/>\n<meta name=\"twitter:site\" content=\"@LosPoliticosVer\" \/>\n<meta name=\"twitter:label1\" content=\"Escrito por\" \/>\n\t<meta name=\"twitter:data1\" content=\"Lo viste en Los Pol\u00edticos\" \/>\n\t<meta name=\"twitter:label2\" content=\"Tiempo de lectura\" \/>\n\t<meta name=\"twitter:data2\" content=\"6 minutos\" \/>\n<script type=\"application\/ld+json\" class=\"yoast-schema-graph\">{\"@context\":\"https:\\\/\\\/schema.org\",\"@graph\":[{\"@type\":\"Article\",\"@id\":\"https:\\\/\\\/lospoliticosveracruz.com\\\/?p=126018#article\",\"isPartOf\":{\"@id\":\"https:\\\/\\\/lospoliticosveracruz.com\\\/?p=126018\"},\"author\":{\"name\":\"Lo viste en Los Pol\u00edticos\",\"@id\":\"https:\\\/\\\/lospoliticosveracruz.com\\\/#\\\/schema\\\/person\\\/b8702bb0e538456e6efd07080bf2a4a2\"},\"headline\":\"NO ROC\u00cdO, LOS VOTOS NO DAN PODER\",\"datePublished\":\"2024-06-12T03:32:14+00:00\",\"dateModified\":\"2024-06-12T03:32:23+00:00\",\"mainEntityOfPage\":{\"@id\":\"https:\\\/\\\/lospoliticosveracruz.com\\\/?p=126018\"},\"wordCount\":1217,\"publisher\":{\"@id\":\"https:\\\/\\\/lospoliticosveracruz.com\\\/#organization\"},\"image\":{\"@id\":\"https:\\\/\\\/lospoliticosveracruz.com\\\/?p=126018#primaryimage\"},\"thumbnailUrl\":\"https:\\\/\\\/lospoliticosveracruz.com\\\/wp-content\\\/uploads\\\/2024\\\/03\\\/Inocencio-Yanez-Vicencio.jpg\",\"keywords\":[\"Inocencio Y\u00e1\u00f1ez Vicencio\"],\"articleSection\":[\"De Opini\u00f3n\"],\"inLanguage\":\"es\"},{\"@type\":\"WebPage\",\"@id\":\"https:\\\/\\\/lospoliticosveracruz.com\\\/?p=126018\",\"url\":\"https:\\\/\\\/lospoliticosveracruz.com\\\/?p=126018\",\"name\":\"NO ROC\u00cdO, LOS VOTOS NO DAN PODER - Los pol\u00edticos Veracruz\",\"isPartOf\":{\"@id\":\"https:\\\/\\\/lospoliticosveracruz.com\\\/#website\"},\"primaryImageOfPage\":{\"@id\":\"https:\\\/\\\/lospoliticosveracruz.com\\\/?p=126018#primaryimage\"},\"image\":{\"@id\":\"https:\\\/\\\/lospoliticosveracruz.com\\\/?p=126018#primaryimage\"},\"thumbnailUrl\":\"https:\\\/\\\/lospoliticosveracruz.com\\\/wp-content\\\/uploads\\\/2024\\\/03\\\/Inocencio-Yanez-Vicencio.jpg\",\"datePublished\":\"2024-06-12T03:32:14+00:00\",\"dateModified\":\"2024-06-12T03:32:23+00:00\",\"breadcrumb\":{\"@id\":\"https:\\\/\\\/lospoliticosveracruz.com\\\/?p=126018#breadcrumb\"},\"inLanguage\":\"es\",\"potentialAction\":[{\"@type\":\"ReadAction\",\"target\":[\"https:\\\/\\\/lospoliticosveracruz.com\\\/?p=126018\"]}]},{\"@type\":\"ImageObject\",\"inLanguage\":\"es\",\"@id\":\"https:\\\/\\\/lospoliticosveracruz.com\\\/?p=126018#primaryimage\",\"url\":\"https:\\\/\\\/lospoliticosveracruz.com\\\/wp-content\\\/uploads\\\/2024\\\/03\\\/Inocencio-Yanez-Vicencio.jpg\",\"contentUrl\":\"https:\\\/\\\/lospoliticosveracruz.com\\\/wp-content\\\/uploads\\\/2024\\\/03\\\/Inocencio-Yanez-Vicencio.jpg\",\"width\":1250,\"height\":667},{\"@type\":\"BreadcrumbList\",\"@id\":\"https:\\\/\\\/lospoliticosveracruz.com\\\/?p=126018#breadcrumb\",\"itemListElement\":[{\"@type\":\"ListItem\",\"position\":1,\"name\":\"Portada\",\"item\":\"https:\\\/\\\/lospoliticosveracruz.com\\\/\"},{\"@type\":\"ListItem\",\"position\":2,\"name\":\"NO ROC\u00cdO, LOS VOTOS NO DAN PODER\"}]},{\"@type\":\"WebSite\",\"@id\":\"https:\\\/\\\/lospoliticosveracruz.com\\\/#website\",\"url\":\"https:\\\/\\\/lospoliticosveracruz.com\\\/\",\"name\":\"Los pol\u00edticos Veracruz\",\"description\":\"\",\"publisher\":{\"@id\":\"https:\\\/\\\/lospoliticosveracruz.com\\\/#organization\"},\"potentialAction\":[{\"@type\":\"SearchAction\",\"target\":{\"@type\":\"EntryPoint\",\"urlTemplate\":\"https:\\\/\\\/lospoliticosveracruz.com\\\/?s={search_term_string}\"},\"query-input\":{\"@type\":\"PropertyValueSpecification\",\"valueRequired\":true,\"valueName\":\"search_term_string\"}}],\"inLanguage\":\"es\"},{\"@type\":\"Organization\",\"@id\":\"https:\\\/\\\/lospoliticosveracruz.com\\\/#organization\",\"name\":\"Los pol\u00edticos Veracruz\",\"url\":\"https:\\\/\\\/lospoliticosveracruz.com\\\/\",\"logo\":{\"@type\":\"ImageObject\",\"inLanguage\":\"es\",\"@id\":\"https:\\\/\\\/lospoliticosveracruz.com\\\/#\\\/schema\\\/logo\\\/image\\\/\",\"url\":\"https:\\\/\\\/lospoliticosveracruz.com\\\/wp-content\\\/uploads\\\/2025\\\/12\\\/Logo-Nuevo-LOS-POLITICOS-1.jpg\",\"contentUrl\":\"https:\\\/\\\/lospoliticosveracruz.com\\\/wp-content\\\/uploads\\\/2025\\\/12\\\/Logo-Nuevo-LOS-POLITICOS-1.jpg\",\"width\":260,\"height\":70,\"caption\":\"Los pol\u00edticos Veracruz\"},\"image\":{\"@id\":\"https:\\\/\\\/lospoliticosveracruz.com\\\/#\\\/schema\\\/logo\\\/image\\\/\"},\"sameAs\":[\"https:\\\/\\\/www.facebook.com\\\/people\\\/Notimemes-de-los-Polticos\\\/61565672886568\\\/\",\"https:\\\/\\\/x.com\\\/LosPoliticosVer\"]},{\"@type\":\"Person\",\"@id\":\"https:\\\/\\\/lospoliticosveracruz.com\\\/#\\\/schema\\\/person\\\/b8702bb0e538456e6efd07080bf2a4a2\",\"name\":\"Lo viste en Los Pol\u00edticos\",\"image\":{\"@type\":\"ImageObject\",\"inLanguage\":\"es\",\"@id\":\"https:\\\/\\\/secure.gravatar.com\\\/avatar\\\/3a8de04a2656d44082be478bd6c086daa447c4651605818287b9532d3d0bd435?s=96&d=mm&r=g\",\"url\":\"https:\\\/\\\/secure.gravatar.com\\\/avatar\\\/3a8de04a2656d44082be478bd6c086daa447c4651605818287b9532d3d0bd435?s=96&d=mm&r=g\",\"contentUrl\":\"https:\\\/\\\/secure.gravatar.com\\\/avatar\\\/3a8de04a2656d44082be478bd6c086daa447c4651605818287b9532d3d0bd435?s=96&d=mm&r=g\",\"caption\":\"Lo viste en Los Pol\u00edticos\"},\"url\":\"https:\\\/\\\/lospoliticosveracruz.com\\\/?author=2\"}]}<\/script>\n<!-- \/ Yoast SEO plugin. -->","yoast_head_json":{"title":"NO ROC\u00cdO, LOS VOTOS NO DAN PODER - Los pol\u00edticos Veracruz","robots":{"index":"index","follow":"follow","max-snippet":"max-snippet:-1","max-image-preview":"max-image-preview:large","max-video-preview":"max-video-preview:-1"},"canonical":"https:\/\/lospoliticosveracruz.com\/?p=126018","og_locale":"es_ES","og_type":"article","og_title":"NO ROC\u00cdO, LOS VOTOS NO DAN PODER - Los pol\u00edticos Veracruz","og_description":"Inocencio Y\u00e1\u00f1ez Vicencio Si los votos dieran poder, t\u00fa tendr\u00edas tanto poder como votos te asignaron y tus contrincante tendr\u00edan un poder proporcional a los votos que les reconocieron. Los diputados se diferenciarlan por la cantidad devotos obtenidos, unos tendr\u00edan m\u00e1s poder que otros, de acuerdo a la distribuci\u00f3n de los votos, pero resulta que [&hellip;]","og_url":"https:\/\/lospoliticosveracruz.com\/?p=126018","og_site_name":"Los pol\u00edticos Veracruz","article_publisher":"https:\/\/www.facebook.com\/people\/Notimemes-de-los-Polticos\/61565672886568\/","article_published_time":"2024-06-12T03:32:14+00:00","article_modified_time":"2024-06-12T03:32:23+00:00","og_image":[{"width":1250,"height":667,"url":"https:\/\/lospoliticosveracruz.com\/wp-content\/uploads\/2024\/03\/Inocencio-Yanez-Vicencio.jpg","type":"image\/jpeg"}],"author":"Lo viste en Los Pol\u00edticos","twitter_card":"summary_large_image","twitter_creator":"@LosPoliticosVer","twitter_site":"@LosPoliticosVer","twitter_misc":{"Escrito por":"Lo viste en Los Pol\u00edticos","Tiempo de lectura":"6 minutos"},"schema":{"@context":"https:\/\/schema.org","@graph":[{"@type":"Article","@id":"https:\/\/lospoliticosveracruz.com\/?p=126018#article","isPartOf":{"@id":"https:\/\/lospoliticosveracruz.com\/?p=126018"},"author":{"name":"Lo viste en Los Pol\u00edticos","@id":"https:\/\/lospoliticosveracruz.com\/#\/schema\/person\/b8702bb0e538456e6efd07080bf2a4a2"},"headline":"NO ROC\u00cdO, LOS VOTOS NO DAN PODER","datePublished":"2024-06-12T03:32:14+00:00","dateModified":"2024-06-12T03:32:23+00:00","mainEntityOfPage":{"@id":"https:\/\/lospoliticosveracruz.com\/?p=126018"},"wordCount":1217,"publisher":{"@id":"https:\/\/lospoliticosveracruz.com\/#organization"},"image":{"@id":"https:\/\/lospoliticosveracruz.com\/?p=126018#primaryimage"},"thumbnailUrl":"https:\/\/lospoliticosveracruz.com\/wp-content\/uploads\/2024\/03\/Inocencio-Yanez-Vicencio.jpg","keywords":["Inocencio Y\u00e1\u00f1ez Vicencio"],"articleSection":["De Opini\u00f3n"],"inLanguage":"es"},{"@type":"WebPage","@id":"https:\/\/lospoliticosveracruz.com\/?p=126018","url":"https:\/\/lospoliticosveracruz.com\/?p=126018","name":"NO ROC\u00cdO, LOS VOTOS NO DAN PODER - Los pol\u00edticos Veracruz","isPartOf":{"@id":"https:\/\/lospoliticosveracruz.com\/#website"},"primaryImageOfPage":{"@id":"https:\/\/lospoliticosveracruz.com\/?p=126018#primaryimage"},"image":{"@id":"https:\/\/lospoliticosveracruz.com\/?p=126018#primaryimage"},"thumbnailUrl":"https:\/\/lospoliticosveracruz.com\/wp-content\/uploads\/2024\/03\/Inocencio-Yanez-Vicencio.jpg","datePublished":"2024-06-12T03:32:14+00:00","dateModified":"2024-06-12T03:32:23+00:00","breadcrumb":{"@id":"https:\/\/lospoliticosveracruz.com\/?p=126018#breadcrumb"},"inLanguage":"es","potentialAction":[{"@type":"ReadAction","target":["https:\/\/lospoliticosveracruz.com\/?p=126018"]}]},{"@type":"ImageObject","inLanguage":"es","@id":"https:\/\/lospoliticosveracruz.com\/?p=126018#primaryimage","url":"https:\/\/lospoliticosveracruz.com\/wp-content\/uploads\/2024\/03\/Inocencio-Yanez-Vicencio.jpg","contentUrl":"https:\/\/lospoliticosveracruz.com\/wp-content\/uploads\/2024\/03\/Inocencio-Yanez-Vicencio.jpg","width":1250,"height":667},{"@type":"BreadcrumbList","@id":"https:\/\/lospoliticosveracruz.com\/?p=126018#breadcrumb","itemListElement":[{"@type":"ListItem","position":1,"name":"Portada","item":"https:\/\/lospoliticosveracruz.com\/"},{"@type":"ListItem","position":2,"name":"NO ROC\u00cdO, LOS VOTOS NO DAN PODER"}]},{"@type":"WebSite","@id":"https:\/\/lospoliticosveracruz.com\/#website","url":"https:\/\/lospoliticosveracruz.com\/","name":"Los pol\u00edticos Veracruz","description":"","publisher":{"@id":"https:\/\/lospoliticosveracruz.com\/#organization"},"potentialAction":[{"@type":"SearchAction","target":{"@type":"EntryPoint","urlTemplate":"https:\/\/lospoliticosveracruz.com\/?s={search_term_string}"},"query-input":{"@type":"PropertyValueSpecification","valueRequired":true,"valueName":"search_term_string"}}],"inLanguage":"es"},{"@type":"Organization","@id":"https:\/\/lospoliticosveracruz.com\/#organization","name":"Los pol\u00edticos Veracruz","url":"https:\/\/lospoliticosveracruz.com\/","logo":{"@type":"ImageObject","inLanguage":"es","@id":"https:\/\/lospoliticosveracruz.com\/#\/schema\/logo\/image\/","url":"https:\/\/lospoliticosveracruz.com\/wp-content\/uploads\/2025\/12\/Logo-Nuevo-LOS-POLITICOS-1.jpg","contentUrl":"https:\/\/lospoliticosveracruz.com\/wp-content\/uploads\/2025\/12\/Logo-Nuevo-LOS-POLITICOS-1.jpg","width":260,"height":70,"caption":"Los pol\u00edticos Veracruz"},"image":{"@id":"https:\/\/lospoliticosveracruz.com\/#\/schema\/logo\/image\/"},"sameAs":["https:\/\/www.facebook.com\/people\/Notimemes-de-los-Polticos\/61565672886568\/","https:\/\/x.com\/LosPoliticosVer"]},{"@type":"Person","@id":"https:\/\/lospoliticosveracruz.com\/#\/schema\/person\/b8702bb0e538456e6efd07080bf2a4a2","name":"Lo viste en Los Pol\u00edticos","image":{"@type":"ImageObject","inLanguage":"es","@id":"https:\/\/secure.gravatar.com\/avatar\/3a8de04a2656d44082be478bd6c086daa447c4651605818287b9532d3d0bd435?s=96&d=mm&r=g","url":"https:\/\/secure.gravatar.com\/avatar\/3a8de04a2656d44082be478bd6c086daa447c4651605818287b9532d3d0bd435?s=96&d=mm&r=g","contentUrl":"https:\/\/secure.gravatar.com\/avatar\/3a8de04a2656d44082be478bd6c086daa447c4651605818287b9532d3d0bd435?s=96&d=mm&r=g","caption":"Lo viste en Los Pol\u00edticos"},"url":"https:\/\/lospoliticosveracruz.com\/?author=2"}]}},"_links":{"self":[{"href":"https:\/\/lospoliticosveracruz.com\/index.php?rest_route=\/wp\/v2\/posts\/126018","targetHints":{"allow":["GET"]}}],"collection":[{"href":"https:\/\/lospoliticosveracruz.com\/index.php?rest_route=\/wp\/v2\/posts"}],"about":[{"href":"https:\/\/lospoliticosveracruz.com\/index.php?rest_route=\/wp\/v2\/types\/post"}],"author":[{"embeddable":true,"href":"https:\/\/lospoliticosveracruz.com\/index.php?rest_route=\/wp\/v2\/users\/2"}],"replies":[{"embeddable":true,"href":"https:\/\/lospoliticosveracruz.com\/index.php?rest_route=%2Fwp%2Fv2%2Fcomments&post=126018"}],"version-history":[{"count":1,"href":"https:\/\/lospoliticosveracruz.com\/index.php?rest_route=\/wp\/v2\/posts\/126018\/revisions"}],"predecessor-version":[{"id":126019,"href":"https:\/\/lospoliticosveracruz.com\/index.php?rest_route=\/wp\/v2\/posts\/126018\/revisions\/126019"}],"wp:featuredmedia":[{"embeddable":true,"href":"https:\/\/lospoliticosveracruz.com\/index.php?rest_route=\/wp\/v2\/media\/120033"}],"wp:attachment":[{"href":"https:\/\/lospoliticosveracruz.com\/index.php?rest_route=%2Fwp%2Fv2%2Fmedia&parent=126018"}],"wp:term":[{"taxonomy":"category","embeddable":true,"href":"https:\/\/lospoliticosveracruz.com\/index.php?rest_route=%2Fwp%2Fv2%2Fcategories&post=126018"},{"taxonomy":"post_tag","embeddable":true,"href":"https:\/\/lospoliticosveracruz.com\/index.php?rest_route=%2Fwp%2Fv2%2Ftags&post=126018"}],"curies":[{"name":"wp","href":"https:\/\/api.w.org\/{rel}","templated":true}]}}