{"id":126022,"date":"2024-06-12T04:13:07","date_gmt":"2024-06-12T09:13:07","guid":{"rendered":"https:\/\/lospoliticosveracruz.com.mx\/?p=126022"},"modified":"2024-06-12T04:13:20","modified_gmt":"2024-06-12T09:13:20","slug":"ahued-el-secretario-primor","status":"publish","type":"post","link":"https:\/\/lospoliticosveracruz.com\/?p=126022","title":{"rendered":"AHUED, EL SECRETARIO PRIMOR"},"content":{"rendered":"\n<p><strong>Ricardo Chua<\/strong><br><em>Sale y Vale<\/em><\/p>\n\n\n\n<p>Despu\u00e9s que la gobernadora electa, Roc\u00edo Nahle Garc\u00eda, anunci\u00f3 a trav\u00e9s de sus redes sociales, que hab\u00eda invitado al alcalde de Xalapa, Ricardo Ahued, para ser el secretario de Gobierno de su administraci\u00f3n.. No faltaron personajes al interior de MORENA.. Que no le gust\u00f3 nada el nombramiento.. El motivo que se\u00f1alan, es sencillo: Ahued nunca fue 4T.. Siempre se manej\u00f3 ciudadano como lo hizo con el PRI y nunca abraz\u00f3 las causas de su partido.. \u00c9l s\u00f3lo la \u00abjuega\u00bb para \u00e9l, no para un proyecto pol\u00edtico..<\/p>\n\n\n\n<p>Sin duda, al a\u00fan alcalde xalape\u00f1o lo recuerdan bien porque la primera vez que fue alcalde de la capital (2004-2007) le fue muy bien.. Y todo gracias a que Fidel Herrera Beltr\u00e1n, le \u00abinyect\u00f3\u00bb mucho recurso a la ciudad para ponerla a la altura con puentes.. Y eso visti\u00f3 mucho al \u00abRey del Pl\u00e1stico\u00bb en ese momento.. Ya que Fidel le dej\u00f3 caminar con \u00e9l para que el PRI se quedar\u00e1 con la capital porque ya ten\u00eda visto a David Velasco Chedraui como su sucesor.. Lo plane\u00f3 bien \u00abEl T\u00edo Fide\u00bb y Ahued se qued\u00f3 con esa buena fama p\u00fablica..<\/p>\n\n\n\n<p>Lo que los \u00abMorenos\u00bb que no est\u00e1n conformes con Ahued.. Se\u00f1alan que su figura creci\u00f3 porque Fidel le dio mucho dinero para la capital.. Pero ahora que para Cuitl\u00e1huac Garc\u00eda y su s\u00e9quito no era un pol\u00edtico \u00abaliado\u00bb.. No pudo hacer nada.. De esa manera, Ricardo Ahued tuvo que implementar el mismo modelo del que la oposici\u00f3n acusa a Andr\u00e9s Manuel L\u00f3pez Obrador.. El darle las obras a sus conocidos y le incumplieron.. Las obras se demoraron hasta un a\u00f1o para terminarla como la de la calle Revoluci\u00f3n en el centro de Xalapa..<\/p>\n\n\n\n<p>Ahora tambi\u00e9n no s\u00f3lo sus adversarios \u00abMorenos\u00bb sino tambi\u00e9n sectores de la ciudadan\u00eda.. Se\u00f1alan que su administraci\u00f3n es algo ineficiente porque hasta agua les falta.. El transporte p\u00fablico est\u00e1 con p\u00e9simo servicio a la sociedad y no le reclama al gobierno estatal para que quite los camiones \u00abdestartalados\u00bb sin clima, que hay en la capital.. A diferencia de Guadalajara que tienen un transporte p\u00fablico metropolitano con clima.. Es m\u00e1s, los xalape\u00f1os que recorren el Estado se\u00f1alan que los camiones est\u00e1n mejor en Tantoyuca que Xalapa..<\/p>\n\n\n\n<p>Pero a pesar de todo esto, la clase pol\u00edtica de MORENA si tiene calificado a Ricardo Ahued.. Como un DIGNO REPRESENTANTE del \u00abPRIMOR\u00bb.. Salt\u00f3 del PRI a MORENA.. Y la cultura pol\u00edtica que trae ahora en la 4T es la misma que ten\u00eda cuando era priista con Fidel Herrera y Javier Duarte.. Al final, es \u00abdisfraz\u00bb de ser un pol\u00edtico ciudadano le ha servido muy bien para llegar a donde est\u00e1 aunado a la de empresario.. Le da ese \u00abtoque\u00bb final de ser un alcalde \u00abPRIMOR\u00bb..<\/p>\n\n\n\n<p>Sin embargo, 20 a\u00f1os despu\u00e9s de que fue por primera vez alcalde de la capital de Veracruz y que ahora la gobierna por segunda ocasi\u00f3n.. Las agencias tur\u00edsticas del pa\u00eds tienen a Xalapa, compitiendo como una de las 3 PEORES capitales estatales del pa\u00eds, junto con Ciudad Victoria y Campeche.. Un poderoso pol\u00edtico veracruzano avecindado en CDMX, coment\u00f3: \u00abOye acabo de ir a Xalapa y est\u00e1 igual que en 1982, no tiene ni una sola nueva avenida, no tiene nada, s\u00f3lo m\u00e1s personas viviendo ah\u00ed\u00bb.. IMAGINEN QUI\u00c9N ES..<\/p>\n\n\n\n<p>Ya que la comparaci\u00f3n que hacen las agencias tur\u00edsticas.. Es que se\u00f1alan que si vas a Oaxaca est\u00e1 mil veces mejor que Xalapa, hay atractivos tur\u00edsticos.. Lo mismo pasa si vas Puebla o Villahermosa igual.. No se puede comparar con M\u00e9rida.. Con cualquier capital de alg\u00fan estado del pa\u00eds.. Monterrey, Cuernavaca o Guadalajara tienen atractivos comerciales y de otros tipos de diversi\u00f3n.. Y estas empresas se quejan de que Xalapa no.. Que ahora ni agua tienen.. Y eso que el gobernador es oriundo de Xalapa.. Pero Ahued fall\u00f3 en esta segunda ocasi\u00f3n..<\/p>\n\n\n\n<p>OJO.. De los serios reclamos que tienen en contra de Ahued en Palacio de Gobierno y en alg\u00fan sector de MORENA.. Es que es intolerante, que nunca explic\u00f3 el presunto fraude ocurrido en la elecci\u00f3n de agente municipal de \u00abEl Castillo\u00bb.. Le recuerdan cuando despidi\u00f3 (aunque \u00e9l asegura que renunci\u00f3) al cronista de la ciudad de Xalapa, Vicente Espino Jara por haber acudido como ciudadano, seg\u00fan el ex rector de la UV, Ra\u00fal Ar\u00edas Lovillo, a un evento de Pepe Yunes.. Y que por eso, Ahued tambi\u00e9n ocupa la \u00abVeta Autoritaria\u00bb..<\/p>\n\n\n\n<p>El hecho es, que dice \u00abGarganta Profunda\u00bb, de que a Ricardo Ahued lo nombr\u00f3 Roc\u00edo Nahle como su pr\u00f3ximo secretario de Gobierno en Veracruz.. Por dos razones fundamentales.. La primera porque Ahued no \u00abhuele\u00bb a nada que se parezca a Cuitl\u00e1huac Garc\u00eda.. Estuvo alejado de \u00e9l y eso fue su \u00e9xito.. El segundo es que el alcalde tiene que llegar a \u00abbarrer para atr\u00e1s\u00bb y \u00ablimpiar\u00bb todo lo que en SEGOB estatal a\u00fan tenga el \u00abaroma\u00bb a Eric Cisneros Burgos.. Eso para empezar.. M\u00e1s adelante habr\u00e1 otras tareas.. AMEN..<\/p>\n\n\n\n<p>REFLEXI\u00d3N.. Roc\u00edo Nahle sabe bien que muchos ataques en su contra en precampa\u00f1a y campa\u00f1a.. Salieron de varias oficinas del ayuntamiento de Xalapa.. Con personajes que a lo mejor ten\u00edan muy buena relaci\u00f3n con Ahued, pero con ella no.. Pero al final de cuentas.. Queda claro, que el verdadero poder de la segunda oficina m\u00e1s importante de Palacio de Gobierno, la tendr\u00e1 la Oficina del Gobernador.. Aqu\u00ed no habr\u00e1 2.. S\u00f3lo habr\u00e1 UNA.. Tal como gobern\u00f3 Fidel Herrera.. As\u00ed ser\u00e1 \u00abLa T\u00eda Ch\u00edo\u00bb.. EL QUE ENTENDI\u00d3, ENTENDI\u00d3..<\/p>\n","protected":false},"excerpt":{"rendered":"<p>Ricardo ChuaSale y Vale Despu\u00e9s que la gobernadora electa, Roc\u00edo Nahle Garc\u00eda, anunci\u00f3 a trav\u00e9s de sus redes sociales, que hab\u00eda invitado al alcalde de Xalapa, Ricardo Ahued, para ser el secretario de Gobierno de su administraci\u00f3n.. No faltaron personajes al interior de MORENA.. Que no le gust\u00f3 nada el nombramiento.. El motivo que se\u00f1alan, [&hellip;]<\/p>\n","protected":false},"author":2,"featured_media":119817,"comment_status":"closed","ping_status":"closed","sticky":false,"template":"","format":"standard","meta":{"tdm_status":"","tdm_grid_status":"","footnotes":""},"categories":[70],"tags":[1563,1026,876,3578,954,195,96],"class_list":{"0":"post-126022","1":"post","2":"type-post","3":"status-publish","4":"format-standard","5":"has-post-thumbnail","7":"category-de-opinion","8":"tag-cuitlahuac-garcia-jimenez","9":"tag-morena","10":"tag-ricardo-ahued","11":"tag-rocio-nahle","12":"tag-secretario-de-gobierno","13":"tag-veracruz","14":"tag-xalapa"},"yoast_head":"<!-- This site is optimized with the Yoast SEO plugin v27.4 - https:\/\/yoast.com\/product\/yoast-seo-wordpress\/ -->\n<title>AHUED, EL SECRETARIO PRIMOR - Los pol\u00edticos Veracruz<\/title>\n<meta name=\"robots\" content=\"index, follow, max-snippet:-1, max-image-preview:large, max-video-preview:-1\" \/>\n<link rel=\"canonical\" href=\"https:\/\/lospoliticosveracruz.com\/?p=126022\" \/>\n<meta property=\"og:locale\" content=\"es_ES\" \/>\n<meta property=\"og:type\" content=\"article\" \/>\n<meta property=\"og:title\" content=\"AHUED, EL SECRETARIO PRIMOR - Los pol\u00edticos Veracruz\" \/>\n<meta property=\"og:description\" content=\"Ricardo ChuaSale y Vale Despu\u00e9s que la gobernadora electa, Roc\u00edo Nahle Garc\u00eda, anunci\u00f3 a trav\u00e9s de sus redes sociales, que hab\u00eda invitado al alcalde de Xalapa, Ricardo Ahued, para ser el secretario de Gobierno de su administraci\u00f3n.. No faltaron personajes al interior de MORENA.. Que no le gust\u00f3 nada el nombramiento.. El motivo que se\u00f1alan, [&hellip;]\" \/>\n<meta property=\"og:url\" content=\"https:\/\/lospoliticosveracruz.com\/?p=126022\" \/>\n<meta property=\"og:site_name\" content=\"Los pol\u00edticos Veracruz\" \/>\n<meta property=\"article:publisher\" content=\"https:\/\/www.facebook.com\/people\/Notimemes-de-los-Polticos\/61565672886568\/\" \/>\n<meta property=\"article:published_time\" content=\"2024-06-12T09:13:07+00:00\" \/>\n<meta property=\"article:modified_time\" content=\"2024-06-12T09:13:20+00:00\" \/>\n<meta property=\"og:image\" content=\"https:\/\/lospoliticosveracruz.com\/wp-content\/uploads\/2024\/03\/Ricardo-Chua.jpg\" \/>\n\t<meta property=\"og:image:width\" content=\"1250\" \/>\n\t<meta property=\"og:image:height\" content=\"667\" \/>\n\t<meta property=\"og:image:type\" content=\"image\/jpeg\" \/>\n<meta name=\"author\" content=\"Lo viste en Los Pol\u00edticos\" \/>\n<meta name=\"twitter:card\" content=\"summary_large_image\" \/>\n<meta name=\"twitter:creator\" content=\"@LosPoliticosVer\" \/>\n<meta name=\"twitter:site\" content=\"@LosPoliticosVer\" \/>\n<meta name=\"twitter:label1\" content=\"Escrito por\" \/>\n\t<meta name=\"twitter:data1\" content=\"Lo viste en Los Pol\u00edticos\" \/>\n\t<meta name=\"twitter:label2\" content=\"Tiempo de lectura\" \/>\n\t<meta name=\"twitter:data2\" content=\"5 minutos\" \/>\n<script type=\"application\/ld+json\" class=\"yoast-schema-graph\">{\"@context\":\"https:\\\/\\\/schema.org\",\"@graph\":[{\"@type\":\"Article\",\"@id\":\"https:\\\/\\\/lospoliticosveracruz.com\\\/?p=126022#article\",\"isPartOf\":{\"@id\":\"https:\\\/\\\/lospoliticosveracruz.com\\\/?p=126022\"},\"author\":{\"name\":\"Lo viste en Los Pol\u00edticos\",\"@id\":\"https:\\\/\\\/lospoliticosveracruz.com\\\/#\\\/schema\\\/person\\\/b8702bb0e538456e6efd07080bf2a4a2\"},\"headline\":\"AHUED, EL SECRETARIO PRIMOR\",\"datePublished\":\"2024-06-12T09:13:07+00:00\",\"dateModified\":\"2024-06-12T09:13:20+00:00\",\"mainEntityOfPage\":{\"@id\":\"https:\\\/\\\/lospoliticosveracruz.com\\\/?p=126022\"},\"wordCount\":988,\"publisher\":{\"@id\":\"https:\\\/\\\/lospoliticosveracruz.com\\\/#organization\"},\"image\":{\"@id\":\"https:\\\/\\\/lospoliticosveracruz.com\\\/?p=126022#primaryimage\"},\"thumbnailUrl\":\"https:\\\/\\\/lospoliticosveracruz.com\\\/wp-content\\\/uploads\\\/2024\\\/03\\\/Ricardo-Chua.jpg\",\"keywords\":[\"Cuitl\u00e1huac Garc\u00eda Jim\u00e9nez\",\"Morena\",\"Ricardo Ahued\",\"Roc\u00edo Nahle\",\"secretario de Gobierno\",\"Veracruz\",\"Xalapa\"],\"articleSection\":[\"De Opini\u00f3n\"],\"inLanguage\":\"es\"},{\"@type\":\"WebPage\",\"@id\":\"https:\\\/\\\/lospoliticosveracruz.com\\\/?p=126022\",\"url\":\"https:\\\/\\\/lospoliticosveracruz.com\\\/?p=126022\",\"name\":\"AHUED, EL SECRETARIO PRIMOR - Los pol\u00edticos Veracruz\",\"isPartOf\":{\"@id\":\"https:\\\/\\\/lospoliticosveracruz.com\\\/#website\"},\"primaryImageOfPage\":{\"@id\":\"https:\\\/\\\/lospoliticosveracruz.com\\\/?p=126022#primaryimage\"},\"image\":{\"@id\":\"https:\\\/\\\/lospoliticosveracruz.com\\\/?p=126022#primaryimage\"},\"thumbnailUrl\":\"https:\\\/\\\/lospoliticosveracruz.com\\\/wp-content\\\/uploads\\\/2024\\\/03\\\/Ricardo-Chua.jpg\",\"datePublished\":\"2024-06-12T09:13:07+00:00\",\"dateModified\":\"2024-06-12T09:13:20+00:00\",\"breadcrumb\":{\"@id\":\"https:\\\/\\\/lospoliticosveracruz.com\\\/?p=126022#breadcrumb\"},\"inLanguage\":\"es\",\"potentialAction\":[{\"@type\":\"ReadAction\",\"target\":[\"https:\\\/\\\/lospoliticosveracruz.com\\\/?p=126022\"]}]},{\"@type\":\"ImageObject\",\"inLanguage\":\"es\",\"@id\":\"https:\\\/\\\/lospoliticosveracruz.com\\\/?p=126022#primaryimage\",\"url\":\"https:\\\/\\\/lospoliticosveracruz.com\\\/wp-content\\\/uploads\\\/2024\\\/03\\\/Ricardo-Chua.jpg\",\"contentUrl\":\"https:\\\/\\\/lospoliticosveracruz.com\\\/wp-content\\\/uploads\\\/2024\\\/03\\\/Ricardo-Chua.jpg\",\"width\":1250,\"height\":667},{\"@type\":\"BreadcrumbList\",\"@id\":\"https:\\\/\\\/lospoliticosveracruz.com\\\/?p=126022#breadcrumb\",\"itemListElement\":[{\"@type\":\"ListItem\",\"position\":1,\"name\":\"Portada\",\"item\":\"https:\\\/\\\/lospoliticosveracruz.com\\\/\"},{\"@type\":\"ListItem\",\"position\":2,\"name\":\"AHUED, EL SECRETARIO PRIMOR\"}]},{\"@type\":\"WebSite\",\"@id\":\"https:\\\/\\\/lospoliticosveracruz.com\\\/#website\",\"url\":\"https:\\\/\\\/lospoliticosveracruz.com\\\/\",\"name\":\"Los pol\u00edticos Veracruz\",\"description\":\"\",\"publisher\":{\"@id\":\"https:\\\/\\\/lospoliticosveracruz.com\\\/#organization\"},\"potentialAction\":[{\"@type\":\"SearchAction\",\"target\":{\"@type\":\"EntryPoint\",\"urlTemplate\":\"https:\\\/\\\/lospoliticosveracruz.com\\\/?s={search_term_string}\"},\"query-input\":{\"@type\":\"PropertyValueSpecification\",\"valueRequired\":true,\"valueName\":\"search_term_string\"}}],\"inLanguage\":\"es\"},{\"@type\":\"Organization\",\"@id\":\"https:\\\/\\\/lospoliticosveracruz.com\\\/#organization\",\"name\":\"Los pol\u00edticos Veracruz\",\"url\":\"https:\\\/\\\/lospoliticosveracruz.com\\\/\",\"logo\":{\"@type\":\"ImageObject\",\"inLanguage\":\"es\",\"@id\":\"https:\\\/\\\/lospoliticosveracruz.com\\\/#\\\/schema\\\/logo\\\/image\\\/\",\"url\":\"https:\\\/\\\/lospoliticosveracruz.com\\\/wp-content\\\/uploads\\\/2025\\\/12\\\/Logo-Nuevo-LOS-POLITICOS-1.jpg\",\"contentUrl\":\"https:\\\/\\\/lospoliticosveracruz.com\\\/wp-content\\\/uploads\\\/2025\\\/12\\\/Logo-Nuevo-LOS-POLITICOS-1.jpg\",\"width\":260,\"height\":70,\"caption\":\"Los pol\u00edticos Veracruz\"},\"image\":{\"@id\":\"https:\\\/\\\/lospoliticosveracruz.com\\\/#\\\/schema\\\/logo\\\/image\\\/\"},\"sameAs\":[\"https:\\\/\\\/www.facebook.com\\\/people\\\/Notimemes-de-los-Polticos\\\/61565672886568\\\/\",\"https:\\\/\\\/x.com\\\/LosPoliticosVer\"]},{\"@type\":\"Person\",\"@id\":\"https:\\\/\\\/lospoliticosveracruz.com\\\/#\\\/schema\\\/person\\\/b8702bb0e538456e6efd07080bf2a4a2\",\"name\":\"Lo viste en Los Pol\u00edticos\",\"image\":{\"@type\":\"ImageObject\",\"inLanguage\":\"es\",\"@id\":\"https:\\\/\\\/secure.gravatar.com\\\/avatar\\\/3a8de04a2656d44082be478bd6c086daa447c4651605818287b9532d3d0bd435?s=96&d=mm&r=g\",\"url\":\"https:\\\/\\\/secure.gravatar.com\\\/avatar\\\/3a8de04a2656d44082be478bd6c086daa447c4651605818287b9532d3d0bd435?s=96&d=mm&r=g\",\"contentUrl\":\"https:\\\/\\\/secure.gravatar.com\\\/avatar\\\/3a8de04a2656d44082be478bd6c086daa447c4651605818287b9532d3d0bd435?s=96&d=mm&r=g\",\"caption\":\"Lo viste en Los Pol\u00edticos\"},\"url\":\"https:\\\/\\\/lospoliticosveracruz.com\\\/?author=2\"}]}<\/script>\n<!-- \/ Yoast SEO plugin. -->","yoast_head_json":{"title":"AHUED, EL SECRETARIO PRIMOR - Los pol\u00edticos Veracruz","robots":{"index":"index","follow":"follow","max-snippet":"max-snippet:-1","max-image-preview":"max-image-preview:large","max-video-preview":"max-video-preview:-1"},"canonical":"https:\/\/lospoliticosveracruz.com\/?p=126022","og_locale":"es_ES","og_type":"article","og_title":"AHUED, EL SECRETARIO PRIMOR - Los pol\u00edticos Veracruz","og_description":"Ricardo ChuaSale y Vale Despu\u00e9s que la gobernadora electa, Roc\u00edo Nahle Garc\u00eda, anunci\u00f3 a trav\u00e9s de sus redes sociales, que hab\u00eda invitado al alcalde de Xalapa, Ricardo Ahued, para ser el secretario de Gobierno de su administraci\u00f3n.. No faltaron personajes al interior de MORENA.. Que no le gust\u00f3 nada el nombramiento.. El motivo que se\u00f1alan, [&hellip;]","og_url":"https:\/\/lospoliticosveracruz.com\/?p=126022","og_site_name":"Los pol\u00edticos Veracruz","article_publisher":"https:\/\/www.facebook.com\/people\/Notimemes-de-los-Polticos\/61565672886568\/","article_published_time":"2024-06-12T09:13:07+00:00","article_modified_time":"2024-06-12T09:13:20+00:00","og_image":[{"width":1250,"height":667,"url":"https:\/\/lospoliticosveracruz.com\/wp-content\/uploads\/2024\/03\/Ricardo-Chua.jpg","type":"image\/jpeg"}],"author":"Lo viste en Los Pol\u00edticos","twitter_card":"summary_large_image","twitter_creator":"@LosPoliticosVer","twitter_site":"@LosPoliticosVer","twitter_misc":{"Escrito por":"Lo viste en Los Pol\u00edticos","Tiempo de lectura":"5 minutos"},"schema":{"@context":"https:\/\/schema.org","@graph":[{"@type":"Article","@id":"https:\/\/lospoliticosveracruz.com\/?p=126022#article","isPartOf":{"@id":"https:\/\/lospoliticosveracruz.com\/?p=126022"},"author":{"name":"Lo viste en Los Pol\u00edticos","@id":"https:\/\/lospoliticosveracruz.com\/#\/schema\/person\/b8702bb0e538456e6efd07080bf2a4a2"},"headline":"AHUED, EL SECRETARIO PRIMOR","datePublished":"2024-06-12T09:13:07+00:00","dateModified":"2024-06-12T09:13:20+00:00","mainEntityOfPage":{"@id":"https:\/\/lospoliticosveracruz.com\/?p=126022"},"wordCount":988,"publisher":{"@id":"https:\/\/lospoliticosveracruz.com\/#organization"},"image":{"@id":"https:\/\/lospoliticosveracruz.com\/?p=126022#primaryimage"},"thumbnailUrl":"https:\/\/lospoliticosveracruz.com\/wp-content\/uploads\/2024\/03\/Ricardo-Chua.jpg","keywords":["Cuitl\u00e1huac Garc\u00eda Jim\u00e9nez","Morena","Ricardo Ahued","Roc\u00edo Nahle","secretario de Gobierno","Veracruz","Xalapa"],"articleSection":["De Opini\u00f3n"],"inLanguage":"es"},{"@type":"WebPage","@id":"https:\/\/lospoliticosveracruz.com\/?p=126022","url":"https:\/\/lospoliticosveracruz.com\/?p=126022","name":"AHUED, EL SECRETARIO PRIMOR - Los pol\u00edticos Veracruz","isPartOf":{"@id":"https:\/\/lospoliticosveracruz.com\/#website"},"primaryImageOfPage":{"@id":"https:\/\/lospoliticosveracruz.com\/?p=126022#primaryimage"},"image":{"@id":"https:\/\/lospoliticosveracruz.com\/?p=126022#primaryimage"},"thumbnailUrl":"https:\/\/lospoliticosveracruz.com\/wp-content\/uploads\/2024\/03\/Ricardo-Chua.jpg","datePublished":"2024-06-12T09:13:07+00:00","dateModified":"2024-06-12T09:13:20+00:00","breadcrumb":{"@id":"https:\/\/lospoliticosveracruz.com\/?p=126022#breadcrumb"},"inLanguage":"es","potentialAction":[{"@type":"ReadAction","target":["https:\/\/lospoliticosveracruz.com\/?p=126022"]}]},{"@type":"ImageObject","inLanguage":"es","@id":"https:\/\/lospoliticosveracruz.com\/?p=126022#primaryimage","url":"https:\/\/lospoliticosveracruz.com\/wp-content\/uploads\/2024\/03\/Ricardo-Chua.jpg","contentUrl":"https:\/\/lospoliticosveracruz.com\/wp-content\/uploads\/2024\/03\/Ricardo-Chua.jpg","width":1250,"height":667},{"@type":"BreadcrumbList","@id":"https:\/\/lospoliticosveracruz.com\/?p=126022#breadcrumb","itemListElement":[{"@type":"ListItem","position":1,"name":"Portada","item":"https:\/\/lospoliticosveracruz.com\/"},{"@type":"ListItem","position":2,"name":"AHUED, EL SECRETARIO PRIMOR"}]},{"@type":"WebSite","@id":"https:\/\/lospoliticosveracruz.com\/#website","url":"https:\/\/lospoliticosveracruz.com\/","name":"Los pol\u00edticos Veracruz","description":"","publisher":{"@id":"https:\/\/lospoliticosveracruz.com\/#organization"},"potentialAction":[{"@type":"SearchAction","target":{"@type":"EntryPoint","urlTemplate":"https:\/\/lospoliticosveracruz.com\/?s={search_term_string}"},"query-input":{"@type":"PropertyValueSpecification","valueRequired":true,"valueName":"search_term_string"}}],"inLanguage":"es"},{"@type":"Organization","@id":"https:\/\/lospoliticosveracruz.com\/#organization","name":"Los pol\u00edticos Veracruz","url":"https:\/\/lospoliticosveracruz.com\/","logo":{"@type":"ImageObject","inLanguage":"es","@id":"https:\/\/lospoliticosveracruz.com\/#\/schema\/logo\/image\/","url":"https:\/\/lospoliticosveracruz.com\/wp-content\/uploads\/2025\/12\/Logo-Nuevo-LOS-POLITICOS-1.jpg","contentUrl":"https:\/\/lospoliticosveracruz.com\/wp-content\/uploads\/2025\/12\/Logo-Nuevo-LOS-POLITICOS-1.jpg","width":260,"height":70,"caption":"Los pol\u00edticos Veracruz"},"image":{"@id":"https:\/\/lospoliticosveracruz.com\/#\/schema\/logo\/image\/"},"sameAs":["https:\/\/www.facebook.com\/people\/Notimemes-de-los-Polticos\/61565672886568\/","https:\/\/x.com\/LosPoliticosVer"]},{"@type":"Person","@id":"https:\/\/lospoliticosveracruz.com\/#\/schema\/person\/b8702bb0e538456e6efd07080bf2a4a2","name":"Lo viste en Los Pol\u00edticos","image":{"@type":"ImageObject","inLanguage":"es","@id":"https:\/\/secure.gravatar.com\/avatar\/3a8de04a2656d44082be478bd6c086daa447c4651605818287b9532d3d0bd435?s=96&d=mm&r=g","url":"https:\/\/secure.gravatar.com\/avatar\/3a8de04a2656d44082be478bd6c086daa447c4651605818287b9532d3d0bd435?s=96&d=mm&r=g","contentUrl":"https:\/\/secure.gravatar.com\/avatar\/3a8de04a2656d44082be478bd6c086daa447c4651605818287b9532d3d0bd435?s=96&d=mm&r=g","caption":"Lo viste en Los Pol\u00edticos"},"url":"https:\/\/lospoliticosveracruz.com\/?author=2"}]}},"_links":{"self":[{"href":"https:\/\/lospoliticosveracruz.com\/index.php?rest_route=\/wp\/v2\/posts\/126022","targetHints":{"allow":["GET"]}}],"collection":[{"href":"https:\/\/lospoliticosveracruz.com\/index.php?rest_route=\/wp\/v2\/posts"}],"about":[{"href":"https:\/\/lospoliticosveracruz.com\/index.php?rest_route=\/wp\/v2\/types\/post"}],"author":[{"embeddable":true,"href":"https:\/\/lospoliticosveracruz.com\/index.php?rest_route=\/wp\/v2\/users\/2"}],"replies":[{"embeddable":true,"href":"https:\/\/lospoliticosveracruz.com\/index.php?rest_route=%2Fwp%2Fv2%2Fcomments&post=126022"}],"version-history":[{"count":1,"href":"https:\/\/lospoliticosveracruz.com\/index.php?rest_route=\/wp\/v2\/posts\/126022\/revisions"}],"predecessor-version":[{"id":126023,"href":"https:\/\/lospoliticosveracruz.com\/index.php?rest_route=\/wp\/v2\/posts\/126022\/revisions\/126023"}],"wp:featuredmedia":[{"embeddable":true,"href":"https:\/\/lospoliticosveracruz.com\/index.php?rest_route=\/wp\/v2\/media\/119817"}],"wp:attachment":[{"href":"https:\/\/lospoliticosveracruz.com\/index.php?rest_route=%2Fwp%2Fv2%2Fmedia&parent=126022"}],"wp:term":[{"taxonomy":"category","embeddable":true,"href":"https:\/\/lospoliticosveracruz.com\/index.php?rest_route=%2Fwp%2Fv2%2Fcategories&post=126022"},{"taxonomy":"post_tag","embeddable":true,"href":"https:\/\/lospoliticosveracruz.com\/index.php?rest_route=%2Fwp%2Fv2%2Ftags&post=126022"}],"curies":[{"name":"wp","href":"https:\/\/api.w.org\/{rel}","templated":true}]}}