{"id":126028,"date":"2024-06-12T08:49:04","date_gmt":"2024-06-12T13:49:04","guid":{"rendered":"https:\/\/lospoliticosveracruz.com.mx\/?p=126028"},"modified":"2024-06-12T08:49:16","modified_gmt":"2024-06-12T13:49:16","slug":"pena-de-muerte","status":"publish","type":"post","link":"https:\/\/lospoliticosveracruz.com\/?p=126028","title":{"rendered":"PENA DE MUERTE"},"content":{"rendered":"\n<p><strong>Julio Vallejo<\/strong><br><em>La delgada l\u00ednea entre mi opini\u00f3n y la tuya<\/em><\/p>\n\n\n\n<p>La corrupci\u00f3n y la delincuencia organizada es una forma f\u00e1cil de ganarse la vida sin esfuerzo y a costa de la sociedad.<\/p>\n\n\n\n<p>Hace un par de d\u00edas Bai Tianhui, exdirector general del gestor estatal de activos Huarong, acept\u00f3 sobornos por 154 millones de d\u00f3lares seg\u00fan una corte de la ciudad de Tianji, por lo cual fue condenado a muerte por el tribunal del norte de China.<\/p>\n\n\n\n<p>El secretario general del Partido Comunista Chino (PcCh) y presidente del pa\u00eds, Xi Jinping, comenzaron una campa\u00f1a anticorrupci\u00f3n en la que varios altos cargos han sido condenados por aceptar sobornos millonarios.<\/p>\n\n\n\n<p>China ha sancionado a 610 mil funcionarios por corrupci\u00f3n en 2023, seg\u00fan datos de la Comisi\u00f3n Central de Disciplina y Supervisi\u00f3n, brazo anticorrupci\u00f3n del partido gobernante.<\/p>\n\n\n\n<p>El 25% del gasto p\u00fablico mundial se pierde en la corrupci\u00f3n. Sin duda alguna, es un c\u00e1ncer mundial que genera gran impacto social, dejando abultadas p\u00e9rdidas para el Estado de cualquier pa\u00eds del orbe.<\/p>\n\n\n\n<p>Hablando de M\u00e9xico, Transparencia Internacional estim\u00f3 que pierde 100 mil millones de d\u00f3lares anuales por actos de corrupci\u00f3n. En CDMX la corrupci\u00f3n tiene un costo de 6 mil 471 pesos por v\u00edctima.<\/p>\n\n\n\n<p>El expresidente Vicente Fox en 2005 aboli\u00f3 la pena de muerte y cualquier tipo de tortura por cr\u00edmenes serios, sin embargo, Jaime Rodr\u00edguez \u201cel Bronco\u201d, candidato independiente para la presidencia de 2018 manifest\u00f3 en el primer debate que de ganar, instruir\u00eda el cortar la mano a las personas que roben para terminar con el problema de la corrupci\u00f3n.<\/p>\n\n\n\n<p>En M\u00e9xico el Poder Judicial debe vigilar que leyes y actos de autoridad se apeguen a la Constituci\u00f3n para optimizar la impartici\u00f3n de justicia de manera expedita. No obstante Andr\u00e9s Manuel L\u00f3pez Obrador manifiesta que dentro de esta instituci\u00f3n impera la corrupci\u00f3n.<\/p>\n\n\n\n<p>Ante tantos delitos pol\u00edticos en M\u00e9xico, urge se castiguen de manera r\u00e1pida pero sobre todo comprobable ya que de no ser as\u00ed, correr\u00edamos el riesgo de hacer un da\u00f1o social.<\/p>\n\n\n\n<p>No estar\u00eda mal aplicar la pena de muerte a infractores de ciertos delitos graves en M\u00e9xico. Aquellos que ponen en peligro los fines del orden com\u00fan y del bienestar de la sociedad relacionados con funcionarios corruptos y miembros de la delincuencia organizada.<\/p>\n\n\n\n<p>Retomando el argumento de China y la supervisi\u00f3n del PcCh, su campa\u00f1a anticorrupci\u00f3n podr\u00eda ser utilizada para acabar con la carrera pol\u00edtica de algunos rivales o cr\u00edticos. Esto me lleva a pensar sobre el por qu\u00e9 de tanta urgencia por una reforma al Poder Judicial y la concentraci\u00f3n del poder en una sola persona. \u00bfSer\u00e1 cierta la hip\u00f3tesis de un servidor?<\/p>\n","protected":false},"excerpt":{"rendered":"<p>Julio VallejoLa delgada l\u00ednea entre mi opini\u00f3n y la tuya La corrupci\u00f3n y la delincuencia organizada es una forma f\u00e1cil de ganarse la vida sin esfuerzo y a costa de la sociedad. Hace un par de d\u00edas Bai Tianhui, exdirector general del gestor estatal de activos Huarong, acept\u00f3 sobornos por 154 millones de d\u00f3lares seg\u00fan [&hellip;]<\/p>\n","protected":false},"author":2,"featured_media":119926,"comment_status":"closed","ping_status":"closed","sticky":false,"template":"","format":"standard","meta":{"tdm_status":"","tdm_grid_status":"","footnotes":""},"categories":[70],"tags":[811,282,2825,41168],"class_list":{"0":"post-126028","1":"post","2":"type-post","3":"status-publish","4":"format-standard","5":"has-post-thumbnail","7":"category-de-opinion","8":"tag-china","9":"tag-corrupcion","10":"tag-el-bronco","11":"tag-pena-de-muerte"},"yoast_head":"<!-- This site is optimized with the Yoast SEO plugin v27.4 - https:\/\/yoast.com\/product\/yoast-seo-wordpress\/ -->\n<title>PENA DE MUERTE - Los pol\u00edticos Veracruz<\/title>\n<meta name=\"robots\" content=\"index, follow, max-snippet:-1, max-image-preview:large, max-video-preview:-1\" \/>\n<link rel=\"canonical\" href=\"https:\/\/lospoliticosveracruz.com\/?p=126028\" \/>\n<meta property=\"og:locale\" content=\"es_ES\" \/>\n<meta property=\"og:type\" content=\"article\" \/>\n<meta property=\"og:title\" content=\"PENA DE MUERTE - Los pol\u00edticos Veracruz\" \/>\n<meta property=\"og:description\" content=\"Julio VallejoLa delgada l\u00ednea entre mi opini\u00f3n y la tuya La corrupci\u00f3n y la delincuencia organizada es una forma f\u00e1cil de ganarse la vida sin esfuerzo y a costa de la sociedad. Hace un par de d\u00edas Bai Tianhui, exdirector general del gestor estatal de activos Huarong, acept\u00f3 sobornos por 154 millones de d\u00f3lares seg\u00fan [&hellip;]\" \/>\n<meta property=\"og:url\" content=\"https:\/\/lospoliticosveracruz.com\/?p=126028\" \/>\n<meta property=\"og:site_name\" content=\"Los pol\u00edticos Veracruz\" \/>\n<meta property=\"article:publisher\" content=\"https:\/\/www.facebook.com\/people\/Notimemes-de-los-Polticos\/61565672886568\/\" \/>\n<meta property=\"article:published_time\" content=\"2024-06-12T13:49:04+00:00\" \/>\n<meta property=\"article:modified_time\" content=\"2024-06-12T13:49:16+00:00\" \/>\n<meta property=\"og:image\" content=\"https:\/\/lospoliticosveracruz.com\/wp-content\/uploads\/2024\/03\/Julio-Vallejo.jpg\" \/>\n\t<meta property=\"og:image:width\" content=\"1250\" \/>\n\t<meta property=\"og:image:height\" content=\"667\" \/>\n\t<meta property=\"og:image:type\" content=\"image\/jpeg\" \/>\n<meta name=\"author\" content=\"Lo viste en Los Pol\u00edticos\" \/>\n<meta name=\"twitter:card\" content=\"summary_large_image\" \/>\n<meta name=\"twitter:creator\" content=\"@LosPoliticosVer\" \/>\n<meta name=\"twitter:site\" content=\"@LosPoliticosVer\" \/>\n<meta name=\"twitter:label1\" content=\"Escrito por\" \/>\n\t<meta name=\"twitter:data1\" content=\"Lo viste en Los Pol\u00edticos\" \/>\n\t<meta name=\"twitter:label2\" content=\"Tiempo de lectura\" \/>\n\t<meta name=\"twitter:data2\" content=\"2 minutos\" \/>\n<script type=\"application\/ld+json\" class=\"yoast-schema-graph\">{\"@context\":\"https:\\\/\\\/schema.org\",\"@graph\":[{\"@type\":\"Article\",\"@id\":\"https:\\\/\\\/lospoliticosveracruz.com\\\/?p=126028#article\",\"isPartOf\":{\"@id\":\"https:\\\/\\\/lospoliticosveracruz.com\\\/?p=126028\"},\"author\":{\"name\":\"Lo viste en Los Pol\u00edticos\",\"@id\":\"https:\\\/\\\/lospoliticosveracruz.com\\\/#\\\/schema\\\/person\\\/b8702bb0e538456e6efd07080bf2a4a2\"},\"headline\":\"PENA DE MUERTE\",\"datePublished\":\"2024-06-12T13:49:04+00:00\",\"dateModified\":\"2024-06-12T13:49:16+00:00\",\"mainEntityOfPage\":{\"@id\":\"https:\\\/\\\/lospoliticosveracruz.com\\\/?p=126028\"},\"wordCount\":479,\"publisher\":{\"@id\":\"https:\\\/\\\/lospoliticosveracruz.com\\\/#organization\"},\"image\":{\"@id\":\"https:\\\/\\\/lospoliticosveracruz.com\\\/?p=126028#primaryimage\"},\"thumbnailUrl\":\"https:\\\/\\\/lospoliticosveracruz.com\\\/wp-content\\\/uploads\\\/2024\\\/03\\\/Julio-Vallejo.jpg\",\"keywords\":[\"China\",\"corrupci\u00f3n\",\"El Bronco\",\"Pena de Muerte\"],\"articleSection\":[\"De Opini\u00f3n\"],\"inLanguage\":\"es\"},{\"@type\":\"WebPage\",\"@id\":\"https:\\\/\\\/lospoliticosveracruz.com\\\/?p=126028\",\"url\":\"https:\\\/\\\/lospoliticosveracruz.com\\\/?p=126028\",\"name\":\"PENA DE MUERTE - Los pol\u00edticos Veracruz\",\"isPartOf\":{\"@id\":\"https:\\\/\\\/lospoliticosveracruz.com\\\/#website\"},\"primaryImageOfPage\":{\"@id\":\"https:\\\/\\\/lospoliticosveracruz.com\\\/?p=126028#primaryimage\"},\"image\":{\"@id\":\"https:\\\/\\\/lospoliticosveracruz.com\\\/?p=126028#primaryimage\"},\"thumbnailUrl\":\"https:\\\/\\\/lospoliticosveracruz.com\\\/wp-content\\\/uploads\\\/2024\\\/03\\\/Julio-Vallejo.jpg\",\"datePublished\":\"2024-06-12T13:49:04+00:00\",\"dateModified\":\"2024-06-12T13:49:16+00:00\",\"breadcrumb\":{\"@id\":\"https:\\\/\\\/lospoliticosveracruz.com\\\/?p=126028#breadcrumb\"},\"inLanguage\":\"es\",\"potentialAction\":[{\"@type\":\"ReadAction\",\"target\":[\"https:\\\/\\\/lospoliticosveracruz.com\\\/?p=126028\"]}]},{\"@type\":\"ImageObject\",\"inLanguage\":\"es\",\"@id\":\"https:\\\/\\\/lospoliticosveracruz.com\\\/?p=126028#primaryimage\",\"url\":\"https:\\\/\\\/lospoliticosveracruz.com\\\/wp-content\\\/uploads\\\/2024\\\/03\\\/Julio-Vallejo.jpg\",\"contentUrl\":\"https:\\\/\\\/lospoliticosveracruz.com\\\/wp-content\\\/uploads\\\/2024\\\/03\\\/Julio-Vallejo.jpg\",\"width\":1250,\"height\":667},{\"@type\":\"BreadcrumbList\",\"@id\":\"https:\\\/\\\/lospoliticosveracruz.com\\\/?p=126028#breadcrumb\",\"itemListElement\":[{\"@type\":\"ListItem\",\"position\":1,\"name\":\"Portada\",\"item\":\"https:\\\/\\\/lospoliticosveracruz.com\\\/\"},{\"@type\":\"ListItem\",\"position\":2,\"name\":\"PENA DE MUERTE\"}]},{\"@type\":\"WebSite\",\"@id\":\"https:\\\/\\\/lospoliticosveracruz.com\\\/#website\",\"url\":\"https:\\\/\\\/lospoliticosveracruz.com\\\/\",\"name\":\"Los pol\u00edticos Veracruz\",\"description\":\"\",\"publisher\":{\"@id\":\"https:\\\/\\\/lospoliticosveracruz.com\\\/#organization\"},\"potentialAction\":[{\"@type\":\"SearchAction\",\"target\":{\"@type\":\"EntryPoint\",\"urlTemplate\":\"https:\\\/\\\/lospoliticosveracruz.com\\\/?s={search_term_string}\"},\"query-input\":{\"@type\":\"PropertyValueSpecification\",\"valueRequired\":true,\"valueName\":\"search_term_string\"}}],\"inLanguage\":\"es\"},{\"@type\":\"Organization\",\"@id\":\"https:\\\/\\\/lospoliticosveracruz.com\\\/#organization\",\"name\":\"Los pol\u00edticos Veracruz\",\"url\":\"https:\\\/\\\/lospoliticosveracruz.com\\\/\",\"logo\":{\"@type\":\"ImageObject\",\"inLanguage\":\"es\",\"@id\":\"https:\\\/\\\/lospoliticosveracruz.com\\\/#\\\/schema\\\/logo\\\/image\\\/\",\"url\":\"https:\\\/\\\/lospoliticosveracruz.com\\\/wp-content\\\/uploads\\\/2025\\\/12\\\/Logo-Nuevo-LOS-POLITICOS-1.jpg\",\"contentUrl\":\"https:\\\/\\\/lospoliticosveracruz.com\\\/wp-content\\\/uploads\\\/2025\\\/12\\\/Logo-Nuevo-LOS-POLITICOS-1.jpg\",\"width\":260,\"height\":70,\"caption\":\"Los pol\u00edticos Veracruz\"},\"image\":{\"@id\":\"https:\\\/\\\/lospoliticosveracruz.com\\\/#\\\/schema\\\/logo\\\/image\\\/\"},\"sameAs\":[\"https:\\\/\\\/www.facebook.com\\\/people\\\/Notimemes-de-los-Polticos\\\/61565672886568\\\/\",\"https:\\\/\\\/x.com\\\/LosPoliticosVer\"]},{\"@type\":\"Person\",\"@id\":\"https:\\\/\\\/lospoliticosveracruz.com\\\/#\\\/schema\\\/person\\\/b8702bb0e538456e6efd07080bf2a4a2\",\"name\":\"Lo viste en Los Pol\u00edticos\",\"image\":{\"@type\":\"ImageObject\",\"inLanguage\":\"es\",\"@id\":\"https:\\\/\\\/secure.gravatar.com\\\/avatar\\\/3a8de04a2656d44082be478bd6c086daa447c4651605818287b9532d3d0bd435?s=96&d=mm&r=g\",\"url\":\"https:\\\/\\\/secure.gravatar.com\\\/avatar\\\/3a8de04a2656d44082be478bd6c086daa447c4651605818287b9532d3d0bd435?s=96&d=mm&r=g\",\"contentUrl\":\"https:\\\/\\\/secure.gravatar.com\\\/avatar\\\/3a8de04a2656d44082be478bd6c086daa447c4651605818287b9532d3d0bd435?s=96&d=mm&r=g\",\"caption\":\"Lo viste en Los Pol\u00edticos\"},\"url\":\"https:\\\/\\\/lospoliticosveracruz.com\\\/?author=2\"}]}<\/script>\n<!-- \/ Yoast SEO plugin. -->","yoast_head_json":{"title":"PENA DE MUERTE - Los pol\u00edticos Veracruz","robots":{"index":"index","follow":"follow","max-snippet":"max-snippet:-1","max-image-preview":"max-image-preview:large","max-video-preview":"max-video-preview:-1"},"canonical":"https:\/\/lospoliticosveracruz.com\/?p=126028","og_locale":"es_ES","og_type":"article","og_title":"PENA DE MUERTE - Los pol\u00edticos Veracruz","og_description":"Julio VallejoLa delgada l\u00ednea entre mi opini\u00f3n y la tuya La corrupci\u00f3n y la delincuencia organizada es una forma f\u00e1cil de ganarse la vida sin esfuerzo y a costa de la sociedad. Hace un par de d\u00edas Bai Tianhui, exdirector general del gestor estatal de activos Huarong, acept\u00f3 sobornos por 154 millones de d\u00f3lares seg\u00fan [&hellip;]","og_url":"https:\/\/lospoliticosveracruz.com\/?p=126028","og_site_name":"Los pol\u00edticos Veracruz","article_publisher":"https:\/\/www.facebook.com\/people\/Notimemes-de-los-Polticos\/61565672886568\/","article_published_time":"2024-06-12T13:49:04+00:00","article_modified_time":"2024-06-12T13:49:16+00:00","og_image":[{"width":1250,"height":667,"url":"https:\/\/lospoliticosveracruz.com\/wp-content\/uploads\/2024\/03\/Julio-Vallejo.jpg","type":"image\/jpeg"}],"author":"Lo viste en Los Pol\u00edticos","twitter_card":"summary_large_image","twitter_creator":"@LosPoliticosVer","twitter_site":"@LosPoliticosVer","twitter_misc":{"Escrito por":"Lo viste en Los Pol\u00edticos","Tiempo de lectura":"2 minutos"},"schema":{"@context":"https:\/\/schema.org","@graph":[{"@type":"Article","@id":"https:\/\/lospoliticosveracruz.com\/?p=126028#article","isPartOf":{"@id":"https:\/\/lospoliticosveracruz.com\/?p=126028"},"author":{"name":"Lo viste en Los Pol\u00edticos","@id":"https:\/\/lospoliticosveracruz.com\/#\/schema\/person\/b8702bb0e538456e6efd07080bf2a4a2"},"headline":"PENA DE MUERTE","datePublished":"2024-06-12T13:49:04+00:00","dateModified":"2024-06-12T13:49:16+00:00","mainEntityOfPage":{"@id":"https:\/\/lospoliticosveracruz.com\/?p=126028"},"wordCount":479,"publisher":{"@id":"https:\/\/lospoliticosveracruz.com\/#organization"},"image":{"@id":"https:\/\/lospoliticosveracruz.com\/?p=126028#primaryimage"},"thumbnailUrl":"https:\/\/lospoliticosveracruz.com\/wp-content\/uploads\/2024\/03\/Julio-Vallejo.jpg","keywords":["China","corrupci\u00f3n","El Bronco","Pena de Muerte"],"articleSection":["De Opini\u00f3n"],"inLanguage":"es"},{"@type":"WebPage","@id":"https:\/\/lospoliticosveracruz.com\/?p=126028","url":"https:\/\/lospoliticosveracruz.com\/?p=126028","name":"PENA DE MUERTE - Los pol\u00edticos Veracruz","isPartOf":{"@id":"https:\/\/lospoliticosveracruz.com\/#website"},"primaryImageOfPage":{"@id":"https:\/\/lospoliticosveracruz.com\/?p=126028#primaryimage"},"image":{"@id":"https:\/\/lospoliticosveracruz.com\/?p=126028#primaryimage"},"thumbnailUrl":"https:\/\/lospoliticosveracruz.com\/wp-content\/uploads\/2024\/03\/Julio-Vallejo.jpg","datePublished":"2024-06-12T13:49:04+00:00","dateModified":"2024-06-12T13:49:16+00:00","breadcrumb":{"@id":"https:\/\/lospoliticosveracruz.com\/?p=126028#breadcrumb"},"inLanguage":"es","potentialAction":[{"@type":"ReadAction","target":["https:\/\/lospoliticosveracruz.com\/?p=126028"]}]},{"@type":"ImageObject","inLanguage":"es","@id":"https:\/\/lospoliticosveracruz.com\/?p=126028#primaryimage","url":"https:\/\/lospoliticosveracruz.com\/wp-content\/uploads\/2024\/03\/Julio-Vallejo.jpg","contentUrl":"https:\/\/lospoliticosveracruz.com\/wp-content\/uploads\/2024\/03\/Julio-Vallejo.jpg","width":1250,"height":667},{"@type":"BreadcrumbList","@id":"https:\/\/lospoliticosveracruz.com\/?p=126028#breadcrumb","itemListElement":[{"@type":"ListItem","position":1,"name":"Portada","item":"https:\/\/lospoliticosveracruz.com\/"},{"@type":"ListItem","position":2,"name":"PENA DE MUERTE"}]},{"@type":"WebSite","@id":"https:\/\/lospoliticosveracruz.com\/#website","url":"https:\/\/lospoliticosveracruz.com\/","name":"Los pol\u00edticos Veracruz","description":"","publisher":{"@id":"https:\/\/lospoliticosveracruz.com\/#organization"},"potentialAction":[{"@type":"SearchAction","target":{"@type":"EntryPoint","urlTemplate":"https:\/\/lospoliticosveracruz.com\/?s={search_term_string}"},"query-input":{"@type":"PropertyValueSpecification","valueRequired":true,"valueName":"search_term_string"}}],"inLanguage":"es"},{"@type":"Organization","@id":"https:\/\/lospoliticosveracruz.com\/#organization","name":"Los pol\u00edticos Veracruz","url":"https:\/\/lospoliticosveracruz.com\/","logo":{"@type":"ImageObject","inLanguage":"es","@id":"https:\/\/lospoliticosveracruz.com\/#\/schema\/logo\/image\/","url":"https:\/\/lospoliticosveracruz.com\/wp-content\/uploads\/2025\/12\/Logo-Nuevo-LOS-POLITICOS-1.jpg","contentUrl":"https:\/\/lospoliticosveracruz.com\/wp-content\/uploads\/2025\/12\/Logo-Nuevo-LOS-POLITICOS-1.jpg","width":260,"height":70,"caption":"Los pol\u00edticos Veracruz"},"image":{"@id":"https:\/\/lospoliticosveracruz.com\/#\/schema\/logo\/image\/"},"sameAs":["https:\/\/www.facebook.com\/people\/Notimemes-de-los-Polticos\/61565672886568\/","https:\/\/x.com\/LosPoliticosVer"]},{"@type":"Person","@id":"https:\/\/lospoliticosveracruz.com\/#\/schema\/person\/b8702bb0e538456e6efd07080bf2a4a2","name":"Lo viste en Los Pol\u00edticos","image":{"@type":"ImageObject","inLanguage":"es","@id":"https:\/\/secure.gravatar.com\/avatar\/3a8de04a2656d44082be478bd6c086daa447c4651605818287b9532d3d0bd435?s=96&d=mm&r=g","url":"https:\/\/secure.gravatar.com\/avatar\/3a8de04a2656d44082be478bd6c086daa447c4651605818287b9532d3d0bd435?s=96&d=mm&r=g","contentUrl":"https:\/\/secure.gravatar.com\/avatar\/3a8de04a2656d44082be478bd6c086daa447c4651605818287b9532d3d0bd435?s=96&d=mm&r=g","caption":"Lo viste en Los Pol\u00edticos"},"url":"https:\/\/lospoliticosveracruz.com\/?author=2"}]}},"_links":{"self":[{"href":"https:\/\/lospoliticosveracruz.com\/index.php?rest_route=\/wp\/v2\/posts\/126028","targetHints":{"allow":["GET"]}}],"collection":[{"href":"https:\/\/lospoliticosveracruz.com\/index.php?rest_route=\/wp\/v2\/posts"}],"about":[{"href":"https:\/\/lospoliticosveracruz.com\/index.php?rest_route=\/wp\/v2\/types\/post"}],"author":[{"embeddable":true,"href":"https:\/\/lospoliticosveracruz.com\/index.php?rest_route=\/wp\/v2\/users\/2"}],"replies":[{"embeddable":true,"href":"https:\/\/lospoliticosveracruz.com\/index.php?rest_route=%2Fwp%2Fv2%2Fcomments&post=126028"}],"version-history":[{"count":1,"href":"https:\/\/lospoliticosveracruz.com\/index.php?rest_route=\/wp\/v2\/posts\/126028\/revisions"}],"predecessor-version":[{"id":126030,"href":"https:\/\/lospoliticosveracruz.com\/index.php?rest_route=\/wp\/v2\/posts\/126028\/revisions\/126030"}],"wp:featuredmedia":[{"embeddable":true,"href":"https:\/\/lospoliticosveracruz.com\/index.php?rest_route=\/wp\/v2\/media\/119926"}],"wp:attachment":[{"href":"https:\/\/lospoliticosveracruz.com\/index.php?rest_route=%2Fwp%2Fv2%2Fmedia&parent=126028"}],"wp:term":[{"taxonomy":"category","embeddable":true,"href":"https:\/\/lospoliticosveracruz.com\/index.php?rest_route=%2Fwp%2Fv2%2Fcategories&post=126028"},{"taxonomy":"post_tag","embeddable":true,"href":"https:\/\/lospoliticosveracruz.com\/index.php?rest_route=%2Fwp%2Fv2%2Ftags&post=126028"}],"curies":[{"name":"wp","href":"https:\/\/api.w.org\/{rel}","templated":true}]}}