{"id":12616,"date":"2014-10-13T21:11:06","date_gmt":"2014-10-13T21:11:06","guid":{"rendered":"http:\/\/www.lospoliticosveracruz.com.mx\/?p=12616"},"modified":"2014-10-13T21:11:06","modified_gmt":"2014-10-13T21:11:06","slug":"xalapa-y-tarek","status":"publish","type":"post","link":"https:\/\/lospoliticosveracruz.com\/?p=12616","title":{"rendered":"Xalapa y Tarek"},"content":{"rendered":"<p><a href=\"http:\/\/www.lospoliticosveracruz.com.mx\/wp-content\/uploads\/2014\/10\/Tarek-Abdal\u00e1.jpg\"><img loading=\"lazy\" decoding=\"async\" class=\"alignnone size-medium wp-image-12618\" src=\"http:\/\/www.lospoliticosveracruz.com.mx\/wp-content\/uploads\/2014\/10\/Tarek-Abdal\u00e1-149x300.jpg\" alt=\"Tarek Abdal\u00e1\" width=\"149\" height=\"300\" \/><\/a><\/p>\n<p><strong>Iv\u00e1n Calder\u00f3n<\/strong><br \/>\n<em>Perfilando<\/em><\/p>\n<p>A pesar de que casi estamos a \u201ccuarto para las doce\u201d, en varios distritos de Veracruz el panorama a\u00fan no se aclara en materia electoral.<\/p>\n<p>En Xalapa urbano y rural la guerra encarnizada contin\u00faa.<\/p>\n<p>Elizabeth Morales Garc\u00eda y Corintia Cruz Obreg\u00f3n andan en las nubes pensando que por obra y gracia del se\u00f1or ser\u00e1n candidatas.<\/p>\n<p>Ambas han realizado un deficiente trabajo pol\u00edtico.<\/p>\n<p>Indudable, ellas s\u00f3lo han servido de figuras decorativas para el Revolucionario Institucional.<\/p>\n<p>Por otro lado, para el secretario de educaci\u00f3n Adolfo Mota Hern\u00e1ndez las cosas se le complican cada vez m\u00e1s.<\/p>\n<p>Noem\u00ed Guzm\u00e1n, Tato Vega y hasta el mism\u00edsimo Ricardo Landa Cano est\u00e1n insistentes.<\/p>\n<p>Es m\u00e1s, se dice que el g\u00fcero Landa est\u00e1 siendo apoyado por Silvio Lagos Galindo, qui\u00e9n ha jurado y perjurado hacer perder a Motita.<\/p>\n<p>No causa sorpresa que en los distritos del centro, norte y sur de Veracruz se encuentren exageradamente polarizados.<\/p>\n<p>En todo el territorio jarocho falta un liderazgo efectivo.<\/p>\n<p>No hay qui\u00e9n se atreva en dar un buen golpe en la mesa que deje a todos tranquilos y en l\u00ednea.<\/p>\n<p>Contrario a los ejercicios de pasados sexenios, el gobernador Javier Duarte de Ochoa se encuentra concentrado en temas inherentes a su administraci\u00f3n.<\/p>\n<p>El control de su gobierno, el saneamiento de la deuda y los centroamericanos son algunos de los temas primordiales del Duartismo.<\/p>\n<p>El trabajo partidista se lo deja a los priistas, y as\u00ed que impere la democracia.<\/p>\n<p>\u00bfAcierto o error?, qui\u00e9n sabe.<\/p>\n<p>Pero lo indudable es que mientras se han dejado a los suspirantes que se den hasta con la cubeta, han surgido verdaderos liderazgos regionales.<\/p>\n<p>Son contados los precandidatos que de manera inteligente han sabido acordar con todos actores pol\u00edticos.<\/p>\n<p>La zona de Cosamaloapan es una muestra viva de ello.<\/p>\n<p>El tesorero del gobierno del estado, Antonio Tarek Abdal\u00e1 Saad ha demostrado un control real de su distrito.<\/p>\n<p>Pese a las intromisiones fidelistas, aquel que inaugurara\u00a0con bombo y platillo a la fundaci\u00f3n \u201cPapel Social\u201d ha quedado nulificado.<\/p>\n<p>Tarek Abdal\u00e1 es ya un referente en la zona de la Cuenca.<\/p>\n<p>Paso a paso construye lo que ser\u00e1 su gran futuro.<\/p>\n<p>Al igual que a Erick Lagos, el oriundo de Tres Valles es de los pocos suspirantes que ha sido visto junto con el jefe m\u00e1ximo de las instituciones en sus respectivos distritos.<\/p>\n<p>Ni Alberto Silva Ramos ha tenido tal distinci\u00f3n y con Jorge Carvallo, el mandatario veracruzano jam\u00e1s ha pisado los Tuxtlas.<\/p>\n<p>Contrario a lo de muchos otros que s\u00f3lo estiran la mano, Antonio Tarek ser\u00e1 candidato a diputado federal por Cosamaloapan, porque se la merece y la ha trabajado.<\/p>\n<p>El grandote de Sefiplan dejar\u00e1 todo en orden, y en la primera semana de enero del 2015 continuar\u00e1 con su precampa\u00f1a, misma que dio inicio meses atr\u00e1s.<\/p>\n<p>&nbsp;<\/p>\n<p><strong>AM\u00c9RICO Z\u00da\u00d1IGA<\/strong><\/p>\n<p>Mientras el alcalde de Xalapa Am\u00e9rico Z\u00fa\u00f1iga supone que la capital es una tierra de oportunidades, esto es todo lo contrario.<\/p>\n<p>El mun\u00edcipe no hace mucho presumi\u00f3 la gran inversi\u00f3n que se inyecta mediante la iniciativa privada a este municipio.<\/p>\n<p>Lamentablemente su demag\u00f3gico discurso no lo sustenta con hechos.<\/p>\n<p>Y es que mientras el primer edil xalape\u00f1o se ostenta como un generador de cambio, funcionarios bajo su complacencia abusan del poder.<\/p>\n<p>Tal es el caso del tema de un conocido restaurante donde la due\u00f1a por no tener una buena relaci\u00f3n con el subdirector de comercio clausur\u00f3 el negocio de manera arbitraria y sin previo aviso, dejando sin empleo a m\u00e1s de 30 personas.<\/p>\n<p>Pero eso no es todo, para los ciudadanos de la capital de las flores, su presidente municipal \u00faltimamente se ha hecho como el famoso \u201cT\u00edo Lolo\u201d, demostrando que del dicho al hecho hay mucho trecho.<\/p>\n<p>Atrocidades viales, obra p\u00fablica mal planificada, nula respuesta administrativa, excesos gubernamentales y la inseguridad que impera en la capital son algunos de los males con los que tienen que vivir los xalape\u00f1os.<\/p>\n<p>Triste caso.<\/p>\n<p>A sus \u00f3rdenes.<\/p>\n<p>@IvanKalderon<\/p>\n","protected":false},"excerpt":{"rendered":"<p>Iv\u00e1n Calder\u00f3n Perfilando A pesar de que casi estamos a \u201ccuarto para las doce\u201d, en varios distritos de Veracruz el panorama a\u00fan no se aclara en materia electoral. En Xalapa urbano y rural la guerra encarnizada contin\u00faa. Elizabeth Morales Garc\u00eda y Corintia Cruz Obreg\u00f3n andan en las nubes pensando que por obra y gracia del [&hellip;]<\/p>\n","protected":false},"author":2,"featured_media":0,"comment_status":"open","ping_status":"open","sticky":false,"template":"","format":"standard","meta":{"tdm_status":"","tdm_grid_status":"","footnotes":""},"categories":[70],"tags":[332,96],"class_list":{"0":"post-12616","1":"post","2":"type-post","3":"status-publish","4":"format-standard","6":"category-de-opinion","7":"tag-tarek-abdala","8":"tag-xalapa"},"yoast_head":"<!-- This site is optimized with the Yoast SEO plugin v27.4 - https:\/\/yoast.com\/product\/yoast-seo-wordpress\/ -->\n<title>Xalapa y Tarek - Los pol\u00edticos Veracruz<\/title>\n<meta name=\"robots\" content=\"index, follow, max-snippet:-1, max-image-preview:large, max-video-preview:-1\" \/>\n<link rel=\"canonical\" href=\"https:\/\/lospoliticosveracruz.com\/?p=12616\" \/>\n<meta property=\"og:locale\" content=\"es_ES\" \/>\n<meta property=\"og:type\" content=\"article\" \/>\n<meta property=\"og:title\" content=\"Xalapa y Tarek - Los pol\u00edticos Veracruz\" \/>\n<meta property=\"og:description\" content=\"Iv\u00e1n Calder\u00f3n Perfilando A pesar de que casi estamos a \u201ccuarto para las doce\u201d, en varios distritos de Veracruz el panorama a\u00fan no se aclara en materia electoral. En Xalapa urbano y rural la guerra encarnizada contin\u00faa. Elizabeth Morales Garc\u00eda y Corintia Cruz Obreg\u00f3n andan en las nubes pensando que por obra y gracia del [&hellip;]\" \/>\n<meta property=\"og:url\" content=\"https:\/\/lospoliticosveracruz.com\/?p=12616\" \/>\n<meta property=\"og:site_name\" content=\"Los pol\u00edticos Veracruz\" \/>\n<meta property=\"article:publisher\" content=\"https:\/\/www.facebook.com\/people\/Notimemes-de-los-Polticos\/61565672886568\/\" \/>\n<meta property=\"article:published_time\" content=\"2014-10-13T21:11:06+00:00\" \/>\n<meta property=\"og:image\" content=\"https:\/\/lospoliticosveracruz.com\/wp-content\/uploads\/2016\/07\/Logo-Dor.jpg\" \/>\n\t<meta property=\"og:image:width\" content=\"200\" \/>\n\t<meta property=\"og:image:height\" content=\"200\" \/>\n\t<meta property=\"og:image:type\" content=\"image\/jpeg\" \/>\n<meta name=\"author\" content=\"Lo viste en Los Pol\u00edticos\" \/>\n<meta name=\"twitter:card\" content=\"summary_large_image\" \/>\n<meta name=\"twitter:creator\" content=\"@LosPoliticosVer\" \/>\n<meta name=\"twitter:site\" content=\"@LosPoliticosVer\" \/>\n<meta name=\"twitter:label1\" content=\"Escrito por\" \/>\n\t<meta name=\"twitter:data1\" content=\"Lo viste en Los Pol\u00edticos\" \/>\n\t<meta name=\"twitter:label2\" content=\"Tiempo de lectura\" \/>\n\t<meta name=\"twitter:data2\" content=\"3 minutos\" \/>\n<script type=\"application\/ld+json\" class=\"yoast-schema-graph\">{\"@context\":\"https:\\\/\\\/schema.org\",\"@graph\":[{\"@type\":\"Article\",\"@id\":\"https:\\\/\\\/lospoliticosveracruz.com\\\/?p=12616#article\",\"isPartOf\":{\"@id\":\"https:\\\/\\\/lospoliticosveracruz.com\\\/?p=12616\"},\"author\":{\"name\":\"Lo viste en Los Pol\u00edticos\",\"@id\":\"https:\\\/\\\/lospoliticosveracruz.com\\\/#\\\/schema\\\/person\\\/b8702bb0e538456e6efd07080bf2a4a2\"},\"headline\":\"Xalapa y Tarek\",\"datePublished\":\"2014-10-13T21:11:06+00:00\",\"mainEntityOfPage\":{\"@id\":\"https:\\\/\\\/lospoliticosveracruz.com\\\/?p=12616\"},\"wordCount\":695,\"commentCount\":0,\"publisher\":{\"@id\":\"https:\\\/\\\/lospoliticosveracruz.com\\\/#organization\"},\"keywords\":[\"Tarek Abdal\u00e1\",\"Xalapa\"],\"articleSection\":[\"De Opini\u00f3n\"],\"inLanguage\":\"es\",\"potentialAction\":[{\"@type\":\"CommentAction\",\"name\":\"Comment\",\"target\":[\"https:\\\/\\\/lospoliticosveracruz.com\\\/?p=12616#respond\"]}]},{\"@type\":\"WebPage\",\"@id\":\"https:\\\/\\\/lospoliticosveracruz.com\\\/?p=12616\",\"url\":\"https:\\\/\\\/lospoliticosveracruz.com\\\/?p=12616\",\"name\":\"Xalapa y Tarek - Los pol\u00edticos Veracruz\",\"isPartOf\":{\"@id\":\"https:\\\/\\\/lospoliticosveracruz.com\\\/#website\"},\"datePublished\":\"2014-10-13T21:11:06+00:00\",\"breadcrumb\":{\"@id\":\"https:\\\/\\\/lospoliticosveracruz.com\\\/?p=12616#breadcrumb\"},\"inLanguage\":\"es\",\"potentialAction\":[{\"@type\":\"ReadAction\",\"target\":[\"https:\\\/\\\/lospoliticosveracruz.com\\\/?p=12616\"]}]},{\"@type\":\"BreadcrumbList\",\"@id\":\"https:\\\/\\\/lospoliticosveracruz.com\\\/?p=12616#breadcrumb\",\"itemListElement\":[{\"@type\":\"ListItem\",\"position\":1,\"name\":\"Portada\",\"item\":\"https:\\\/\\\/lospoliticosveracruz.com\\\/\"},{\"@type\":\"ListItem\",\"position\":2,\"name\":\"Xalapa y Tarek\"}]},{\"@type\":\"WebSite\",\"@id\":\"https:\\\/\\\/lospoliticosveracruz.com\\\/#website\",\"url\":\"https:\\\/\\\/lospoliticosveracruz.com\\\/\",\"name\":\"Los pol\u00edticos Veracruz\",\"description\":\"\",\"publisher\":{\"@id\":\"https:\\\/\\\/lospoliticosveracruz.com\\\/#organization\"},\"potentialAction\":[{\"@type\":\"SearchAction\",\"target\":{\"@type\":\"EntryPoint\",\"urlTemplate\":\"https:\\\/\\\/lospoliticosveracruz.com\\\/?s={search_term_string}\"},\"query-input\":{\"@type\":\"PropertyValueSpecification\",\"valueRequired\":true,\"valueName\":\"search_term_string\"}}],\"inLanguage\":\"es\"},{\"@type\":\"Organization\",\"@id\":\"https:\\\/\\\/lospoliticosveracruz.com\\\/#organization\",\"name\":\"Los pol\u00edticos Veracruz\",\"url\":\"https:\\\/\\\/lospoliticosveracruz.com\\\/\",\"logo\":{\"@type\":\"ImageObject\",\"inLanguage\":\"es\",\"@id\":\"https:\\\/\\\/lospoliticosveracruz.com\\\/#\\\/schema\\\/logo\\\/image\\\/\",\"url\":\"https:\\\/\\\/lospoliticosveracruz.com\\\/wp-content\\\/uploads\\\/2025\\\/12\\\/Logo-Nuevo-LOS-POLITICOS-1.jpg\",\"contentUrl\":\"https:\\\/\\\/lospoliticosveracruz.com\\\/wp-content\\\/uploads\\\/2025\\\/12\\\/Logo-Nuevo-LOS-POLITICOS-1.jpg\",\"width\":260,\"height\":70,\"caption\":\"Los pol\u00edticos Veracruz\"},\"image\":{\"@id\":\"https:\\\/\\\/lospoliticosveracruz.com\\\/#\\\/schema\\\/logo\\\/image\\\/\"},\"sameAs\":[\"https:\\\/\\\/www.facebook.com\\\/people\\\/Notimemes-de-los-Polticos\\\/61565672886568\\\/\",\"https:\\\/\\\/x.com\\\/LosPoliticosVer\"]},{\"@type\":\"Person\",\"@id\":\"https:\\\/\\\/lospoliticosveracruz.com\\\/#\\\/schema\\\/person\\\/b8702bb0e538456e6efd07080bf2a4a2\",\"name\":\"Lo viste en Los Pol\u00edticos\",\"image\":{\"@type\":\"ImageObject\",\"inLanguage\":\"es\",\"@id\":\"https:\\\/\\\/secure.gravatar.com\\\/avatar\\\/3a8de04a2656d44082be478bd6c086daa447c4651605818287b9532d3d0bd435?s=96&d=mm&r=g\",\"url\":\"https:\\\/\\\/secure.gravatar.com\\\/avatar\\\/3a8de04a2656d44082be478bd6c086daa447c4651605818287b9532d3d0bd435?s=96&d=mm&r=g\",\"contentUrl\":\"https:\\\/\\\/secure.gravatar.com\\\/avatar\\\/3a8de04a2656d44082be478bd6c086daa447c4651605818287b9532d3d0bd435?s=96&d=mm&r=g\",\"caption\":\"Lo viste en Los Pol\u00edticos\"},\"url\":\"https:\\\/\\\/lospoliticosveracruz.com\\\/?author=2\"}]}<\/script>\n<!-- \/ Yoast SEO plugin. -->","yoast_head_json":{"title":"Xalapa y Tarek - Los pol\u00edticos Veracruz","robots":{"index":"index","follow":"follow","max-snippet":"max-snippet:-1","max-image-preview":"max-image-preview:large","max-video-preview":"max-video-preview:-1"},"canonical":"https:\/\/lospoliticosveracruz.com\/?p=12616","og_locale":"es_ES","og_type":"article","og_title":"Xalapa y Tarek - Los pol\u00edticos Veracruz","og_description":"Iv\u00e1n Calder\u00f3n Perfilando A pesar de que casi estamos a \u201ccuarto para las doce\u201d, en varios distritos de Veracruz el panorama a\u00fan no se aclara en materia electoral. En Xalapa urbano y rural la guerra encarnizada contin\u00faa. Elizabeth Morales Garc\u00eda y Corintia Cruz Obreg\u00f3n andan en las nubes pensando que por obra y gracia del [&hellip;]","og_url":"https:\/\/lospoliticosveracruz.com\/?p=12616","og_site_name":"Los pol\u00edticos Veracruz","article_publisher":"https:\/\/www.facebook.com\/people\/Notimemes-de-los-Polticos\/61565672886568\/","article_published_time":"2014-10-13T21:11:06+00:00","og_image":[{"width":200,"height":200,"url":"https:\/\/lospoliticosveracruz.com\/wp-content\/uploads\/2016\/07\/Logo-Dor.jpg","type":"image\/jpeg"}],"author":"Lo viste en Los Pol\u00edticos","twitter_card":"summary_large_image","twitter_creator":"@LosPoliticosVer","twitter_site":"@LosPoliticosVer","twitter_misc":{"Escrito por":"Lo viste en Los Pol\u00edticos","Tiempo de lectura":"3 minutos"},"schema":{"@context":"https:\/\/schema.org","@graph":[{"@type":"Article","@id":"https:\/\/lospoliticosveracruz.com\/?p=12616#article","isPartOf":{"@id":"https:\/\/lospoliticosveracruz.com\/?p=12616"},"author":{"name":"Lo viste en Los Pol\u00edticos","@id":"https:\/\/lospoliticosveracruz.com\/#\/schema\/person\/b8702bb0e538456e6efd07080bf2a4a2"},"headline":"Xalapa y Tarek","datePublished":"2014-10-13T21:11:06+00:00","mainEntityOfPage":{"@id":"https:\/\/lospoliticosveracruz.com\/?p=12616"},"wordCount":695,"commentCount":0,"publisher":{"@id":"https:\/\/lospoliticosveracruz.com\/#organization"},"keywords":["Tarek Abdal\u00e1","Xalapa"],"articleSection":["De Opini\u00f3n"],"inLanguage":"es","potentialAction":[{"@type":"CommentAction","name":"Comment","target":["https:\/\/lospoliticosveracruz.com\/?p=12616#respond"]}]},{"@type":"WebPage","@id":"https:\/\/lospoliticosveracruz.com\/?p=12616","url":"https:\/\/lospoliticosveracruz.com\/?p=12616","name":"Xalapa y Tarek - Los pol\u00edticos Veracruz","isPartOf":{"@id":"https:\/\/lospoliticosveracruz.com\/#website"},"datePublished":"2014-10-13T21:11:06+00:00","breadcrumb":{"@id":"https:\/\/lospoliticosveracruz.com\/?p=12616#breadcrumb"},"inLanguage":"es","potentialAction":[{"@type":"ReadAction","target":["https:\/\/lospoliticosveracruz.com\/?p=12616"]}]},{"@type":"BreadcrumbList","@id":"https:\/\/lospoliticosveracruz.com\/?p=12616#breadcrumb","itemListElement":[{"@type":"ListItem","position":1,"name":"Portada","item":"https:\/\/lospoliticosveracruz.com\/"},{"@type":"ListItem","position":2,"name":"Xalapa y Tarek"}]},{"@type":"WebSite","@id":"https:\/\/lospoliticosveracruz.com\/#website","url":"https:\/\/lospoliticosveracruz.com\/","name":"Los pol\u00edticos Veracruz","description":"","publisher":{"@id":"https:\/\/lospoliticosveracruz.com\/#organization"},"potentialAction":[{"@type":"SearchAction","target":{"@type":"EntryPoint","urlTemplate":"https:\/\/lospoliticosveracruz.com\/?s={search_term_string}"},"query-input":{"@type":"PropertyValueSpecification","valueRequired":true,"valueName":"search_term_string"}}],"inLanguage":"es"},{"@type":"Organization","@id":"https:\/\/lospoliticosveracruz.com\/#organization","name":"Los pol\u00edticos Veracruz","url":"https:\/\/lospoliticosveracruz.com\/","logo":{"@type":"ImageObject","inLanguage":"es","@id":"https:\/\/lospoliticosveracruz.com\/#\/schema\/logo\/image\/","url":"https:\/\/lospoliticosveracruz.com\/wp-content\/uploads\/2025\/12\/Logo-Nuevo-LOS-POLITICOS-1.jpg","contentUrl":"https:\/\/lospoliticosveracruz.com\/wp-content\/uploads\/2025\/12\/Logo-Nuevo-LOS-POLITICOS-1.jpg","width":260,"height":70,"caption":"Los pol\u00edticos Veracruz"},"image":{"@id":"https:\/\/lospoliticosveracruz.com\/#\/schema\/logo\/image\/"},"sameAs":["https:\/\/www.facebook.com\/people\/Notimemes-de-los-Polticos\/61565672886568\/","https:\/\/x.com\/LosPoliticosVer"]},{"@type":"Person","@id":"https:\/\/lospoliticosveracruz.com\/#\/schema\/person\/b8702bb0e538456e6efd07080bf2a4a2","name":"Lo viste en Los Pol\u00edticos","image":{"@type":"ImageObject","inLanguage":"es","@id":"https:\/\/secure.gravatar.com\/avatar\/3a8de04a2656d44082be478bd6c086daa447c4651605818287b9532d3d0bd435?s=96&d=mm&r=g","url":"https:\/\/secure.gravatar.com\/avatar\/3a8de04a2656d44082be478bd6c086daa447c4651605818287b9532d3d0bd435?s=96&d=mm&r=g","contentUrl":"https:\/\/secure.gravatar.com\/avatar\/3a8de04a2656d44082be478bd6c086daa447c4651605818287b9532d3d0bd435?s=96&d=mm&r=g","caption":"Lo viste en Los Pol\u00edticos"},"url":"https:\/\/lospoliticosveracruz.com\/?author=2"}]}},"_links":{"self":[{"href":"https:\/\/lospoliticosveracruz.com\/index.php?rest_route=\/wp\/v2\/posts\/12616","targetHints":{"allow":["GET"]}}],"collection":[{"href":"https:\/\/lospoliticosveracruz.com\/index.php?rest_route=\/wp\/v2\/posts"}],"about":[{"href":"https:\/\/lospoliticosveracruz.com\/index.php?rest_route=\/wp\/v2\/types\/post"}],"author":[{"embeddable":true,"href":"https:\/\/lospoliticosveracruz.com\/index.php?rest_route=\/wp\/v2\/users\/2"}],"replies":[{"embeddable":true,"href":"https:\/\/lospoliticosveracruz.com\/index.php?rest_route=%2Fwp%2Fv2%2Fcomments&post=12616"}],"version-history":[{"count":2,"href":"https:\/\/lospoliticosveracruz.com\/index.php?rest_route=\/wp\/v2\/posts\/12616\/revisions"}],"predecessor-version":[{"id":12619,"href":"https:\/\/lospoliticosveracruz.com\/index.php?rest_route=\/wp\/v2\/posts\/12616\/revisions\/12619"}],"wp:attachment":[{"href":"https:\/\/lospoliticosveracruz.com\/index.php?rest_route=%2Fwp%2Fv2%2Fmedia&parent=12616"}],"wp:term":[{"taxonomy":"category","embeddable":true,"href":"https:\/\/lospoliticosveracruz.com\/index.php?rest_route=%2Fwp%2Fv2%2Fcategories&post=12616"},{"taxonomy":"post_tag","embeddable":true,"href":"https:\/\/lospoliticosveracruz.com\/index.php?rest_route=%2Fwp%2Fv2%2Ftags&post=12616"}],"curies":[{"name":"wp","href":"https:\/\/api.w.org\/{rel}","templated":true}]}}