{"id":126183,"date":"2024-06-17T08:04:48","date_gmt":"2024-06-17T13:04:48","guid":{"rendered":"https:\/\/lospoliticosveracruz.com.mx\/?p=126183"},"modified":"2024-06-20T14:15:31","modified_gmt":"2024-06-20T19:15:31","slug":"pan-la-noche-de-los-cuchillos-largos","status":"publish","type":"post","link":"https:\/\/lospoliticosveracruz.com\/?p=126183","title":{"rendered":"PAN, \u00abLA NOCHE DE LOS CUCHILLOS LARGOS\u00bb"},"content":{"rendered":"\n<p><strong>Ricardo Chua<\/strong><\/p>\n\n\n\n<p><em>Sale y Vale<\/em><\/p>\n\n\n\n<p>Las pr\u00f3ximas semanas ser\u00e1n decisivas para el futuro del panismo en Veracruz, militancia y dirigencia estatal del partido que encabeza Federico Salom\u00f3n.. Ya que todo indica que est\u00e1n esperando que en la futura sesi\u00f3n del Comit\u00e9 Directivo Estatal, se decida la suerte de la Presidencia de Salom\u00f3n, despu\u00e9s de los resultados del pasado 2 de junio.. Pero tambi\u00e9n al interior del CDE quieren que nada se mueva, todo quede igual, hasta saber la suerte de los Yunes \u00abAzules\u00bb..<\/p>\n\n\n\n<p>Cuenta \u00abGarganta Profunda\u00bb que al interior del comit\u00e9 estatal panista.. Est\u00e1n manejando todo muy \u00abTop Secret\u00bb para que nada se sepa y se pueda manejar todo a favor del equipo de Federico Salom\u00f3n.. Pero nunca falta un \u00abchismoso\u00bb al interior que todo lo sabe y todo lo cuenta.. Por eso, nos dicen que la pr\u00f3xima sesi\u00f3n del CDE que no debe pasar m\u00e1s de 3 semanas en realizarla, se pondr\u00e1 muy buena\u2026 Ya que aunque no hay mucha informaci\u00f3n al respecto.. Las insidias est\u00e1n a la orden del d\u00eda entre sus grupos.. La derrota los dej\u00f3 abatidos y dolidos..<\/p>\n\n\n\n<p>Ante estos hechos, \u00abGarganta Profunda\u00bb adelant\u00f3 que el equipo leal a Federico Salom\u00f3n EST\u00c1 APOSTANDO a que no haya cambios en el CDE, ni menos en su presidencia, porque en octubre pr\u00f3ximo empieza legalmente por conducto del OPLE, el nuevo proceso electoral local a las alcald\u00edas de Veracruz.. Y si antes de esa fecha, Salom\u00f3n no es removido o no renuncia al cargo, se queda en la dirigencia hasta el 2025, despu\u00e9s de la elecci\u00f3n de Presidentes municipales.. Para as\u00ed favorecer a su grupo pol\u00edtico al interior..<\/p>\n\n\n\n<p>Pero nos comentan.. Que la suerte de Salom\u00f3n en el CDE depende mucho de como \u00abplanchen\u00bb a los consejeros en esa pr\u00f3xima sesi\u00f3n del Comit\u00e9 Estatal.. Ah\u00ed est\u00e1 la clave de la renovaci\u00f3n o de la continuidad del PAN en Veracruz.. Ya que se comenta que el otro equipo pol\u00edtico, el de los Yunes \u00abAzules\u00bb y sus aliados est\u00e1n buscando impulsar a otro personaje muy distinto para tomar las riendas de ese partido, antes del proceso a las alcald\u00edas.. Ah\u00ed es donde se viene \u00abLa noche de los cuchillos largos\u00bb..<\/p>\n\n\n\n<p>De los personajes que pueden sustituir a Salom\u00f3n.. Se habla de varios personajes desde el propio Joaqu\u00edn Guzm\u00e1n Avil\u00e9s hasta de la propia Indira Rosales San Rom\u00e1n.. La idea es renovar el comit\u00e9 y hacer a un lado a Salom\u00f3n y la influencia de Tito Delf\u00edn.. Y se menciona que de esta situaci\u00f3n ya hay reuniones en la zona centro de Veracruz.. Se est\u00e1n moviendo para que Federico no les gane el \u00abbrinco\u00bb.. Y es aqu\u00ed donde se va a poner bueno al interior del PAN porque se ver\u00e1 qui\u00e9n tiene m\u00e1s \u00abcanicas azules\u00bb..<\/p>\n\n\n\n<p>Tan s\u00f3lo hay que recordar que Los Yunes \u00abAzules\u00bb, Los Mancha, Los Cambranis y Los Titos.. Se unieron todos ellos en la pasada elecci\u00f3n interna para ganarle la dirigencia al \u00abChapito\u00bb Guzm\u00e1n y a Julen Rementeria.. Pero ahora como est\u00e1n las cosas al interior del panismo.. Salom\u00f3n ya \u00aboli\u00f3 la sangre\u00bb y se vislumbra que va a buscar la \u00abmuerte\u00bb pol\u00edtica de los Yunes -azules- para quedarse con el CDE.. Hay quienes dicen que son los m\u00e1s interesados que MORENA con el poder de estado, emprendan una persecuci\u00f3n en contra de ellos.. ABROON<\/p>\n\n\n\n<p>REFLEXI\u00d3N.. Por eso van a alargar lo que se pueda la pr\u00f3xima sesi\u00f3n del CDE, a\u00fan no tiene fecha para llevarla a cabo.. Esperan lo que el gobierno pueda hacer en contra de Los Yunes \u00abAzules\u00bb.. Conforme pasen los d\u00edas habr\u00e1 m\u00e1s informaci\u00f3n de lo que pasar\u00e1 en el PAN.. Pero queda claro es que esto es una autentica \u00abCena de Negros\u00bb pero azul.. Se van a despedazar por el CDE y el control del Consejo Pol\u00edtico Estatal.. Salom\u00f3n no lo quiere \u00absoltar\u00bb pero los Yunes le cierran el camino.. Habr\u00e1 que ver con qui\u00e9n PACTA Marko Cort\u00e9s o el que llegue en su lugar.. LOS JUGADORES CAMBIAN, EL JUEGO NO..<\/p>\n\n\n\n<p>OJO MORENA.. Nos cuentan que al interior de MORENA tienen la idea de lanzar candidatos a las alcald\u00edas en los 212 municipios de Veracruz para el 2025.. Obvio con la \u00abbendici\u00f3n\u00bb de la gobernadora electa, Roc\u00edo Nahle Garc\u00eda, a personajes de la sociedad civil, l\u00edderes sociales y empresarios, que est\u00e9n dispuestos a \u00abjug\u00e1rsela\u00bb con la 4T.. Es decir, van a seguir abriendo a ese partido con la ciudadan\u00eda para lograr m\u00e1s respaldo y m\u00e1s alcald\u00edas de las que tienen en este momento..<\/p>\n\n\n\n<p>Hay que recordar, que seg\u00fan las versiones al interior del partido, es que tienen la intenci\u00f3n para este 2025, lograr triunfos en alrededor de 150 municipios para que el control pol\u00edtico del Estado lo tenga totalmente este organismo.. Por eso, se dice que Nahle para nada desea \u00abmover\u00bb la tendencia a favor que logr\u00f3 MORENA en las elecciones locales pasadas del 2 de junio.. Promoviendo como candidatos a personajes que ya ganaron un cargo de elecci\u00f3n popular con ella.. Es decir, diputados locales o legisladores federales.. Esos se quedar\u00e1n a legislar..<\/p>\n\n\n\n<p>Por ello, se comenta que la gobernadora electa est\u00e1 pidiendo encuestas y acuerdos con su equipo cercano para saber cu\u00e1les ser\u00edan los perfiles que deben tener los candidatos a alcaldes.. Para as\u00ed invitar a las personas adecuadas a ser parte de su proyecto y sean candidatos a alcaldes.. De esa manera, MORENA no da un mensaje a la ciudadan\u00eda de que son un partido \u00abchapul\u00edn\u00bb.. Es decir, que llegan a un cargo y enseguida saltan a otro.. Tampoco estar\u00e1n los que ya se van del gobierno estatal.. SE ACAB\u00d3.. GOD SAVE THE QUEEN..<\/p>\n","protected":false},"excerpt":{"rendered":"<p>Ricardo Chua Sale y Vale Las pr\u00f3ximas semanas ser\u00e1n decisivas para el futuro del panismo en Veracruz, militancia y dirigencia estatal del partido que encabeza Federico Salom\u00f3n.. Ya que todo indica que est\u00e1n esperando que en la futura sesi\u00f3n del Comit\u00e9 Directivo Estatal, se decida la suerte de la Presidencia de Salom\u00f3n, despu\u00e9s de los [&hellip;]<\/p>\n","protected":false},"author":2,"featured_media":119817,"comment_status":"closed","ping_status":"closed","sticky":false,"template":"","format":"standard","meta":{"tdm_status":"","tdm_grid_status":"","footnotes":""},"categories":[70],"tags":[2226,13008,1026,266,2224,195],"class_list":{"0":"post-126183","1":"post","2":"type-post","3":"status-publish","4":"format-standard","5":"has-post-thumbnail","7":"category-de-opinion","8":"tag-enrique-cambranis","9":"tag-federico-salomon-molina","10":"tag-morena","11":"tag-pan","12":"tag-tito-delfin","13":"tag-veracruz"},"yoast_head":"<!-- This site is optimized with the Yoast SEO plugin v27.4 - https:\/\/yoast.com\/product\/yoast-seo-wordpress\/ -->\n<title>PAN, &quot;LA NOCHE DE LOS CUCHILLOS LARGOS&quot; - Los pol\u00edticos Veracruz<\/title>\n<meta name=\"robots\" content=\"index, follow, max-snippet:-1, max-image-preview:large, max-video-preview:-1\" \/>\n<link rel=\"canonical\" href=\"https:\/\/lospoliticosveracruz.com\/?p=126183\" \/>\n<meta property=\"og:locale\" content=\"es_ES\" \/>\n<meta property=\"og:type\" content=\"article\" \/>\n<meta property=\"og:title\" content=\"PAN, &quot;LA NOCHE DE LOS CUCHILLOS LARGOS&quot; - Los pol\u00edticos Veracruz\" \/>\n<meta property=\"og:description\" content=\"Ricardo Chua Sale y Vale Las pr\u00f3ximas semanas ser\u00e1n decisivas para el futuro del panismo en Veracruz, militancia y dirigencia estatal del partido que encabeza Federico Salom\u00f3n.. Ya que todo indica que est\u00e1n esperando que en la futura sesi\u00f3n del Comit\u00e9 Directivo Estatal, se decida la suerte de la Presidencia de Salom\u00f3n, despu\u00e9s de los [&hellip;]\" \/>\n<meta property=\"og:url\" content=\"https:\/\/lospoliticosveracruz.com\/?p=126183\" \/>\n<meta property=\"og:site_name\" content=\"Los pol\u00edticos Veracruz\" \/>\n<meta property=\"article:publisher\" content=\"https:\/\/www.facebook.com\/people\/Notimemes-de-los-Polticos\/61565672886568\/\" \/>\n<meta property=\"article:published_time\" content=\"2024-06-17T13:04:48+00:00\" \/>\n<meta property=\"article:modified_time\" content=\"2024-06-20T19:15:31+00:00\" \/>\n<meta property=\"og:image\" content=\"https:\/\/lospoliticosveracruz.com\/wp-content\/uploads\/2024\/03\/Ricardo-Chua.jpg\" \/>\n\t<meta property=\"og:image:width\" content=\"1250\" \/>\n\t<meta property=\"og:image:height\" content=\"667\" \/>\n\t<meta property=\"og:image:type\" content=\"image\/jpeg\" \/>\n<meta name=\"author\" content=\"Lo viste en Los Pol\u00edticos\" \/>\n<meta name=\"twitter:card\" content=\"summary_large_image\" \/>\n<meta name=\"twitter:creator\" content=\"@LosPoliticosVer\" \/>\n<meta name=\"twitter:site\" content=\"@LosPoliticosVer\" \/>\n<meta name=\"twitter:label1\" content=\"Escrito por\" \/>\n\t<meta name=\"twitter:data1\" content=\"Lo viste en Los Pol\u00edticos\" \/>\n\t<meta name=\"twitter:label2\" content=\"Tiempo de lectura\" \/>\n\t<meta name=\"twitter:data2\" content=\"5 minutos\" \/>\n<script type=\"application\/ld+json\" class=\"yoast-schema-graph\">{\"@context\":\"https:\\\/\\\/schema.org\",\"@graph\":[{\"@type\":\"Article\",\"@id\":\"https:\\\/\\\/lospoliticosveracruz.com\\\/?p=126183#article\",\"isPartOf\":{\"@id\":\"https:\\\/\\\/lospoliticosveracruz.com\\\/?p=126183\"},\"author\":{\"name\":\"Lo viste en Los Pol\u00edticos\",\"@id\":\"https:\\\/\\\/lospoliticosveracruz.com\\\/#\\\/schema\\\/person\\\/b8702bb0e538456e6efd07080bf2a4a2\"},\"headline\":\"PAN, \u00abLA NOCHE DE LOS CUCHILLOS LARGOS\u00bb\",\"datePublished\":\"2024-06-17T13:04:48+00:00\",\"dateModified\":\"2024-06-20T19:15:31+00:00\",\"mainEntityOfPage\":{\"@id\":\"https:\\\/\\\/lospoliticosveracruz.com\\\/?p=126183\"},\"wordCount\":1003,\"publisher\":{\"@id\":\"https:\\\/\\\/lospoliticosveracruz.com\\\/#organization\"},\"image\":{\"@id\":\"https:\\\/\\\/lospoliticosveracruz.com\\\/?p=126183#primaryimage\"},\"thumbnailUrl\":\"https:\\\/\\\/lospoliticosveracruz.com\\\/wp-content\\\/uploads\\\/2024\\\/03\\\/Ricardo-Chua.jpg\",\"keywords\":[\"Enrique Cambranis\",\"Federico Salom\u00f3n Molina\",\"Morena\",\"PAN\",\"Tito Delf\u00edn\",\"Veracruz\"],\"articleSection\":[\"De Opini\u00f3n\"],\"inLanguage\":\"es\"},{\"@type\":\"WebPage\",\"@id\":\"https:\\\/\\\/lospoliticosveracruz.com\\\/?p=126183\",\"url\":\"https:\\\/\\\/lospoliticosveracruz.com\\\/?p=126183\",\"name\":\"PAN, \\\"LA NOCHE DE LOS CUCHILLOS LARGOS\\\" - Los pol\u00edticos Veracruz\",\"isPartOf\":{\"@id\":\"https:\\\/\\\/lospoliticosveracruz.com\\\/#website\"},\"primaryImageOfPage\":{\"@id\":\"https:\\\/\\\/lospoliticosveracruz.com\\\/?p=126183#primaryimage\"},\"image\":{\"@id\":\"https:\\\/\\\/lospoliticosveracruz.com\\\/?p=126183#primaryimage\"},\"thumbnailUrl\":\"https:\\\/\\\/lospoliticosveracruz.com\\\/wp-content\\\/uploads\\\/2024\\\/03\\\/Ricardo-Chua.jpg\",\"datePublished\":\"2024-06-17T13:04:48+00:00\",\"dateModified\":\"2024-06-20T19:15:31+00:00\",\"breadcrumb\":{\"@id\":\"https:\\\/\\\/lospoliticosveracruz.com\\\/?p=126183#breadcrumb\"},\"inLanguage\":\"es\",\"potentialAction\":[{\"@type\":\"ReadAction\",\"target\":[\"https:\\\/\\\/lospoliticosveracruz.com\\\/?p=126183\"]}]},{\"@type\":\"ImageObject\",\"inLanguage\":\"es\",\"@id\":\"https:\\\/\\\/lospoliticosveracruz.com\\\/?p=126183#primaryimage\",\"url\":\"https:\\\/\\\/lospoliticosveracruz.com\\\/wp-content\\\/uploads\\\/2024\\\/03\\\/Ricardo-Chua.jpg\",\"contentUrl\":\"https:\\\/\\\/lospoliticosveracruz.com\\\/wp-content\\\/uploads\\\/2024\\\/03\\\/Ricardo-Chua.jpg\",\"width\":1250,\"height\":667},{\"@type\":\"BreadcrumbList\",\"@id\":\"https:\\\/\\\/lospoliticosveracruz.com\\\/?p=126183#breadcrumb\",\"itemListElement\":[{\"@type\":\"ListItem\",\"position\":1,\"name\":\"Portada\",\"item\":\"https:\\\/\\\/lospoliticosveracruz.com\\\/\"},{\"@type\":\"ListItem\",\"position\":2,\"name\":\"PAN, \u00abLA NOCHE DE LOS CUCHILLOS LARGOS\u00bb\"}]},{\"@type\":\"WebSite\",\"@id\":\"https:\\\/\\\/lospoliticosveracruz.com\\\/#website\",\"url\":\"https:\\\/\\\/lospoliticosveracruz.com\\\/\",\"name\":\"Los pol\u00edticos Veracruz\",\"description\":\"\",\"publisher\":{\"@id\":\"https:\\\/\\\/lospoliticosveracruz.com\\\/#organization\"},\"potentialAction\":[{\"@type\":\"SearchAction\",\"target\":{\"@type\":\"EntryPoint\",\"urlTemplate\":\"https:\\\/\\\/lospoliticosveracruz.com\\\/?s={search_term_string}\"},\"query-input\":{\"@type\":\"PropertyValueSpecification\",\"valueRequired\":true,\"valueName\":\"search_term_string\"}}],\"inLanguage\":\"es\"},{\"@type\":\"Organization\",\"@id\":\"https:\\\/\\\/lospoliticosveracruz.com\\\/#organization\",\"name\":\"Los pol\u00edticos Veracruz\",\"url\":\"https:\\\/\\\/lospoliticosveracruz.com\\\/\",\"logo\":{\"@type\":\"ImageObject\",\"inLanguage\":\"es\",\"@id\":\"https:\\\/\\\/lospoliticosveracruz.com\\\/#\\\/schema\\\/logo\\\/image\\\/\",\"url\":\"https:\\\/\\\/lospoliticosveracruz.com\\\/wp-content\\\/uploads\\\/2025\\\/12\\\/Logo-Nuevo-LOS-POLITICOS-1.jpg\",\"contentUrl\":\"https:\\\/\\\/lospoliticosveracruz.com\\\/wp-content\\\/uploads\\\/2025\\\/12\\\/Logo-Nuevo-LOS-POLITICOS-1.jpg\",\"width\":260,\"height\":70,\"caption\":\"Los pol\u00edticos Veracruz\"},\"image\":{\"@id\":\"https:\\\/\\\/lospoliticosveracruz.com\\\/#\\\/schema\\\/logo\\\/image\\\/\"},\"sameAs\":[\"https:\\\/\\\/www.facebook.com\\\/people\\\/Notimemes-de-los-Polticos\\\/61565672886568\\\/\",\"https:\\\/\\\/x.com\\\/LosPoliticosVer\"]},{\"@type\":\"Person\",\"@id\":\"https:\\\/\\\/lospoliticosveracruz.com\\\/#\\\/schema\\\/person\\\/b8702bb0e538456e6efd07080bf2a4a2\",\"name\":\"Lo viste en Los Pol\u00edticos\",\"image\":{\"@type\":\"ImageObject\",\"inLanguage\":\"es\",\"@id\":\"https:\\\/\\\/secure.gravatar.com\\\/avatar\\\/3a8de04a2656d44082be478bd6c086daa447c4651605818287b9532d3d0bd435?s=96&d=mm&r=g\",\"url\":\"https:\\\/\\\/secure.gravatar.com\\\/avatar\\\/3a8de04a2656d44082be478bd6c086daa447c4651605818287b9532d3d0bd435?s=96&d=mm&r=g\",\"contentUrl\":\"https:\\\/\\\/secure.gravatar.com\\\/avatar\\\/3a8de04a2656d44082be478bd6c086daa447c4651605818287b9532d3d0bd435?s=96&d=mm&r=g\",\"caption\":\"Lo viste en Los Pol\u00edticos\"},\"url\":\"https:\\\/\\\/lospoliticosveracruz.com\\\/?author=2\"}]}<\/script>\n<!-- \/ Yoast SEO plugin. -->","yoast_head_json":{"title":"PAN, \"LA NOCHE DE LOS CUCHILLOS LARGOS\" - Los pol\u00edticos Veracruz","robots":{"index":"index","follow":"follow","max-snippet":"max-snippet:-1","max-image-preview":"max-image-preview:large","max-video-preview":"max-video-preview:-1"},"canonical":"https:\/\/lospoliticosveracruz.com\/?p=126183","og_locale":"es_ES","og_type":"article","og_title":"PAN, \"LA NOCHE DE LOS CUCHILLOS LARGOS\" - Los pol\u00edticos Veracruz","og_description":"Ricardo Chua Sale y Vale Las pr\u00f3ximas semanas ser\u00e1n decisivas para el futuro del panismo en Veracruz, militancia y dirigencia estatal del partido que encabeza Federico Salom\u00f3n.. Ya que todo indica que est\u00e1n esperando que en la futura sesi\u00f3n del Comit\u00e9 Directivo Estatal, se decida la suerte de la Presidencia de Salom\u00f3n, despu\u00e9s de los [&hellip;]","og_url":"https:\/\/lospoliticosveracruz.com\/?p=126183","og_site_name":"Los pol\u00edticos Veracruz","article_publisher":"https:\/\/www.facebook.com\/people\/Notimemes-de-los-Polticos\/61565672886568\/","article_published_time":"2024-06-17T13:04:48+00:00","article_modified_time":"2024-06-20T19:15:31+00:00","og_image":[{"width":1250,"height":667,"url":"https:\/\/lospoliticosveracruz.com\/wp-content\/uploads\/2024\/03\/Ricardo-Chua.jpg","type":"image\/jpeg"}],"author":"Lo viste en Los Pol\u00edticos","twitter_card":"summary_large_image","twitter_creator":"@LosPoliticosVer","twitter_site":"@LosPoliticosVer","twitter_misc":{"Escrito por":"Lo viste en Los Pol\u00edticos","Tiempo de lectura":"5 minutos"},"schema":{"@context":"https:\/\/schema.org","@graph":[{"@type":"Article","@id":"https:\/\/lospoliticosveracruz.com\/?p=126183#article","isPartOf":{"@id":"https:\/\/lospoliticosveracruz.com\/?p=126183"},"author":{"name":"Lo viste en Los Pol\u00edticos","@id":"https:\/\/lospoliticosveracruz.com\/#\/schema\/person\/b8702bb0e538456e6efd07080bf2a4a2"},"headline":"PAN, \u00abLA NOCHE DE LOS CUCHILLOS LARGOS\u00bb","datePublished":"2024-06-17T13:04:48+00:00","dateModified":"2024-06-20T19:15:31+00:00","mainEntityOfPage":{"@id":"https:\/\/lospoliticosveracruz.com\/?p=126183"},"wordCount":1003,"publisher":{"@id":"https:\/\/lospoliticosveracruz.com\/#organization"},"image":{"@id":"https:\/\/lospoliticosveracruz.com\/?p=126183#primaryimage"},"thumbnailUrl":"https:\/\/lospoliticosveracruz.com\/wp-content\/uploads\/2024\/03\/Ricardo-Chua.jpg","keywords":["Enrique Cambranis","Federico Salom\u00f3n Molina","Morena","PAN","Tito Delf\u00edn","Veracruz"],"articleSection":["De Opini\u00f3n"],"inLanguage":"es"},{"@type":"WebPage","@id":"https:\/\/lospoliticosveracruz.com\/?p=126183","url":"https:\/\/lospoliticosveracruz.com\/?p=126183","name":"PAN, \"LA NOCHE DE LOS CUCHILLOS LARGOS\" - Los pol\u00edticos Veracruz","isPartOf":{"@id":"https:\/\/lospoliticosveracruz.com\/#website"},"primaryImageOfPage":{"@id":"https:\/\/lospoliticosveracruz.com\/?p=126183#primaryimage"},"image":{"@id":"https:\/\/lospoliticosveracruz.com\/?p=126183#primaryimage"},"thumbnailUrl":"https:\/\/lospoliticosveracruz.com\/wp-content\/uploads\/2024\/03\/Ricardo-Chua.jpg","datePublished":"2024-06-17T13:04:48+00:00","dateModified":"2024-06-20T19:15:31+00:00","breadcrumb":{"@id":"https:\/\/lospoliticosveracruz.com\/?p=126183#breadcrumb"},"inLanguage":"es","potentialAction":[{"@type":"ReadAction","target":["https:\/\/lospoliticosveracruz.com\/?p=126183"]}]},{"@type":"ImageObject","inLanguage":"es","@id":"https:\/\/lospoliticosveracruz.com\/?p=126183#primaryimage","url":"https:\/\/lospoliticosveracruz.com\/wp-content\/uploads\/2024\/03\/Ricardo-Chua.jpg","contentUrl":"https:\/\/lospoliticosveracruz.com\/wp-content\/uploads\/2024\/03\/Ricardo-Chua.jpg","width":1250,"height":667},{"@type":"BreadcrumbList","@id":"https:\/\/lospoliticosveracruz.com\/?p=126183#breadcrumb","itemListElement":[{"@type":"ListItem","position":1,"name":"Portada","item":"https:\/\/lospoliticosveracruz.com\/"},{"@type":"ListItem","position":2,"name":"PAN, \u00abLA NOCHE DE LOS CUCHILLOS LARGOS\u00bb"}]},{"@type":"WebSite","@id":"https:\/\/lospoliticosveracruz.com\/#website","url":"https:\/\/lospoliticosveracruz.com\/","name":"Los pol\u00edticos Veracruz","description":"","publisher":{"@id":"https:\/\/lospoliticosveracruz.com\/#organization"},"potentialAction":[{"@type":"SearchAction","target":{"@type":"EntryPoint","urlTemplate":"https:\/\/lospoliticosveracruz.com\/?s={search_term_string}"},"query-input":{"@type":"PropertyValueSpecification","valueRequired":true,"valueName":"search_term_string"}}],"inLanguage":"es"},{"@type":"Organization","@id":"https:\/\/lospoliticosveracruz.com\/#organization","name":"Los pol\u00edticos Veracruz","url":"https:\/\/lospoliticosveracruz.com\/","logo":{"@type":"ImageObject","inLanguage":"es","@id":"https:\/\/lospoliticosveracruz.com\/#\/schema\/logo\/image\/","url":"https:\/\/lospoliticosveracruz.com\/wp-content\/uploads\/2025\/12\/Logo-Nuevo-LOS-POLITICOS-1.jpg","contentUrl":"https:\/\/lospoliticosveracruz.com\/wp-content\/uploads\/2025\/12\/Logo-Nuevo-LOS-POLITICOS-1.jpg","width":260,"height":70,"caption":"Los pol\u00edticos Veracruz"},"image":{"@id":"https:\/\/lospoliticosveracruz.com\/#\/schema\/logo\/image\/"},"sameAs":["https:\/\/www.facebook.com\/people\/Notimemes-de-los-Polticos\/61565672886568\/","https:\/\/x.com\/LosPoliticosVer"]},{"@type":"Person","@id":"https:\/\/lospoliticosveracruz.com\/#\/schema\/person\/b8702bb0e538456e6efd07080bf2a4a2","name":"Lo viste en Los Pol\u00edticos","image":{"@type":"ImageObject","inLanguage":"es","@id":"https:\/\/secure.gravatar.com\/avatar\/3a8de04a2656d44082be478bd6c086daa447c4651605818287b9532d3d0bd435?s=96&d=mm&r=g","url":"https:\/\/secure.gravatar.com\/avatar\/3a8de04a2656d44082be478bd6c086daa447c4651605818287b9532d3d0bd435?s=96&d=mm&r=g","contentUrl":"https:\/\/secure.gravatar.com\/avatar\/3a8de04a2656d44082be478bd6c086daa447c4651605818287b9532d3d0bd435?s=96&d=mm&r=g","caption":"Lo viste en Los Pol\u00edticos"},"url":"https:\/\/lospoliticosveracruz.com\/?author=2"}]}},"_links":{"self":[{"href":"https:\/\/lospoliticosveracruz.com\/index.php?rest_route=\/wp\/v2\/posts\/126183","targetHints":{"allow":["GET"]}}],"collection":[{"href":"https:\/\/lospoliticosveracruz.com\/index.php?rest_route=\/wp\/v2\/posts"}],"about":[{"href":"https:\/\/lospoliticosveracruz.com\/index.php?rest_route=\/wp\/v2\/types\/post"}],"author":[{"embeddable":true,"href":"https:\/\/lospoliticosveracruz.com\/index.php?rest_route=\/wp\/v2\/users\/2"}],"replies":[{"embeddable":true,"href":"https:\/\/lospoliticosveracruz.com\/index.php?rest_route=%2Fwp%2Fv2%2Fcomments&post=126183"}],"version-history":[{"count":1,"href":"https:\/\/lospoliticosveracruz.com\/index.php?rest_route=\/wp\/v2\/posts\/126183\/revisions"}],"predecessor-version":[{"id":126184,"href":"https:\/\/lospoliticosveracruz.com\/index.php?rest_route=\/wp\/v2\/posts\/126183\/revisions\/126184"}],"wp:featuredmedia":[{"embeddable":true,"href":"https:\/\/lospoliticosveracruz.com\/index.php?rest_route=\/wp\/v2\/media\/119817"}],"wp:attachment":[{"href":"https:\/\/lospoliticosveracruz.com\/index.php?rest_route=%2Fwp%2Fv2%2Fmedia&parent=126183"}],"wp:term":[{"taxonomy":"category","embeddable":true,"href":"https:\/\/lospoliticosveracruz.com\/index.php?rest_route=%2Fwp%2Fv2%2Fcategories&post=126183"},{"taxonomy":"post_tag","embeddable":true,"href":"https:\/\/lospoliticosveracruz.com\/index.php?rest_route=%2Fwp%2Fv2%2Ftags&post=126183"}],"curies":[{"name":"wp","href":"https:\/\/api.w.org\/{rel}","templated":true}]}}