{"id":126244,"date":"2024-06-18T09:10:09","date_gmt":"2024-06-18T14:10:09","guid":{"rendered":"https:\/\/lospoliticosveracruz.com.mx\/?p=126244"},"modified":"2024-06-18T09:10:20","modified_gmt":"2024-06-18T14:10:20","slug":"se-va-la-fiscala","status":"publish","type":"post","link":"https:\/\/lospoliticosveracruz.com\/?p=126244","title":{"rendered":"SE VA LA FISCALA"},"content":{"rendered":"\n<p><strong>Oved Contreras<br><\/strong><em>Secas Mecas<\/em><\/p>\n\n\n\n<p>Cantado vale doble\u2026la t\u00eda CH\u00cdO no est\u00e1 nada contenta con la chamba de la fiscala carnala Ver\u00edn Hern\u00e1ndez Giad\u00e1ns quien se puso a las \u00f3rdenes de Cuitl\u00e1huac para perseguir a sus adversarios pol\u00edticos pero ni para eso fue buena\u2026la mayor\u00eda de los casos se le cayeron porque eran delitos no fundamentados m\u2026ser\u00e1 cuesti\u00f3n de que se acerque el cambio de gobierno para que a la fiscala le canten las golondrinas y, dicen, que llega en su lugar Amado Cruz Malpica.<\/p>\n\n\n<div class=\"wp-block-image\">\n<figure class=\"alignleft size-thumbnail\"><a href=\"https:\/\/lospoliticosveracruz.com.mx\/wp-content\/uploads\/2024\/05\/IMG_0341-e1716950925234.jpeg\"><img loading=\"lazy\" decoding=\"async\" width=\"150\" height=\"150\" src=\"https:\/\/lospoliticosveracruz.com.mx\/wp-content\/uploads\/2024\/05\/IMG_0341-150x150.jpeg\" alt=\"\" class=\"wp-image-125332\"\/><\/a><\/figure>\n<\/div>\n\n\n<p>Justo ayer la t\u00eda CH\u00cdO critic\u00f3 en una entrevista radiof\u00f3nica en Xalapa que la fiscal\u00eda estatal se haya tardado tanto en investigar al Chikiyunes quien fue llamado a comparecer el pasado 14 de junio por un hecho denunciado en 2021, es decir, desde hace m\u00e1s de tres a\u00f1os\u2026do\u00f1a Zacatl\u00e1n de las Manzanas consider\u00f3 como excesiva la demora de la Fiscal\u00eda en abordar estas acusaciones.<\/p>\n\n\n\n<p>El pasado viernes, se cancel\u00f3 la audiencia programada para Yunes M\u00e1rquez, quien enfrenta acusaciones por el uso de documentos falsos, falsedad ante la autoridad y fraude procesal cuando intent\u00f3 ser candidato a la alcald\u00eda de Veracruz\u2026la t\u00eda CH\u00cdO tambi\u00e9n dej\u00f3 entrever que deber\u00eda analizarse la conveniencia de que el fiscal estatal dure nueve a\u00f1os en el cargo, pero lo primero ser\u00e1 remover a Ver\u00f3nica Hern\u00e1ndez que es posici\u00f3n de don Boludo.<\/p>\n\n\n\n<p>Luego del jal\u00f3n de orejas, la fiscal\u00eda y los jueces de control se pusieron a chambear, y Chikiyunes deber\u00e1 comparecer ante los juzgados de Pacho Viejo, en Coatepec, junto con otros acusados el pr\u00f3ximo viernes a las 8:30 horas, como parte de la carpeta 151\/2021. Otros investigados son Gianfranco Melchor Robison, Mar\u00eda Teresa de Jes\u00fas Madrid Vargas, Julio Alberto Torres Mart\u00ednez, Mar\u00eda Rebecca Gonz\u00e1lez Silva y Federico Barrientos Ortiz.<\/p>\n\n\n\n<p><strong>NO SE LA DIERON AL VERDE\u2026<\/strong>La pozarricense Luz Mariela Zaleta Mendoza, Ingeniera Ambiental por la Universidad Veracruzana ser\u00e1 la pr\u00f3xima titular de la Secretar\u00eda de Medio Ambiente (SEDEMA) en el estado de Veracruz\u2026lo dio a conocer la t\u00eda CH\u00cdO a trav\u00e9s de sus redes sociales y as\u00ed se confirm\u00f3 que la posici\u00f3n no era para nadie del Partido Verde Ecologista de M\u00e9xico, que fueron aliados de Morena en el pasado proceso electoral.<\/p>\n\n\n\n<p>Desde su expertis, Zaleta Mendoza se ha desarrollado en los \u00e1mbitos de seguridad, industria as\u00ed como pol\u00edtica p\u00fablica y cuenta con gran experiencia en gesti\u00f3n de tr\u00e1mites ambientales, elaboraci\u00f3n de Plan de Manejo de Residuos y supervisi\u00f3n y seguimiento de manejo adecuado de residuos as\u00ed como la elaboraci\u00f3n de Manifiestos de Impacto Ambiental (MIA), riesgo ambiental as\u00ed como informes de t\u00e9rminos y condicionantes de los resolutivos de los mismos.<\/p>\n\n\n\n<p>Sigue en el aire a d\u00f3nde mandar\u00e1n a militantes del Verde que hubieron talacha en campa\u00f1a como la Mamil\u00fa Ingram y el propio Carlos Marcelo Ruiz, porque hay otros como el \u201cCisne\u201d Silva que ese sue\u00f1a con ser nuevamente alcalde de Tuxpan y se anda promoviendo como candidato pero falta mucho para que le aparten la silla que dejar\u00e1 vacante Jos\u00e9 Manuel Pozos en la ciudad de los bellos atardeceres.<\/p>\n\n\n\n<p><strong>QUE PAG\u00d3 POR ADELA\u2026<\/strong>Juan Luis Hern\u00e1ndez, actual subdirector administrativo de la CAEV, acude en horas laborales a entrenar en exclusivo club de golf de Xalapa, llega a entrenar varias veces a la semana siempre en veh\u00edculos oficiales y hasta le anotaron las placas: pilot 2018 YNA-158-A o Frontier LE 2018 XS-7155-A, ambas registradas a nombre de la Comisi\u00f3n de Agua del Estado de Veracruz.<\/p>\n\n\n\n<p>\u201cDicen, no me crean, que anda cargado\u201d, escribi\u00f3 el periodista Iv\u00e1n Calder\u00f3n en sus redes\u2026si eso hacen los administrativos de bajo perfil, qu\u00e9 no har\u00e1n los pesos pesados por ejemplo de Sefiplan, Secretaria de Salud y Seguridad P\u00fablica donde se mueve mucho m\u00e1s lana\u2026y en todos esos casos, la Contralor\u00eda estatal ciega y muda, nada hace para sancionar los abusos de los funcionarios estatales, como si fuera orden de arriba permitir la impunidad.<\/p>\n\n\n\n<p><strong>EST\u00c1N TODOS INVITADOS\u2026<\/strong>periodistas, acad\u00e9micos y estudiantes para cursar los cursos \u201cIntroducci\u00f3n a la Investigaci\u00f3n Cient\u00edfica para la Comunicaci\u00f3n Pol\u00edtica\u00bb y \u00abElementos del Sistema Pol\u00edtico Mexicano para Comunicadores\u00bb, ambos impartidos por el Dr. Juli\u00e1n Durazo Herrman de la Universidad de Quebec, Canad\u00e1.<\/p>\n\n\n\n<p>Se impartir\u00e1n en la Sala de Usos M\u00faltiples de la Facultad de Comunicaci\u00f3n de la UV. Campus Mocambo, en Boca del R\u00edo, Ver. Se entregar\u00e1n constancias de participaci\u00f3n y empiezan a partir del Martes 19 al mi\u00e9rcoles 21 de junio de 16 a 18 horas, y el segundo del Lunes 24 y martes 25 de junio de 16 a 18 horas.Ambos cursos son gratuitos. Cualquier informaci\u00f3n comunicarse con los maestros Tere Arroyo y Miguel \u00c1ngel Barrag\u00e1n.<\/p>\n\n\n\n<p><strong>NO POLITIZAR\u2026<\/strong>La alcaldesa de Veracruz, Patricia Lobeira de Yunes, respondi\u00f3 al gobernador Cuitl\u00e1huac Garc\u00eda Jimenez, que su administraci\u00f3n no solapa a Grupo M\u00e1s ante los problemas de abasto de agua que enfrenta la conturbaci\u00f3n, y le pide que antes de politizar el tema se busquen soluciones y no culpables.<\/p>\n\n\n\n<p>La edil le record\u00f3 al mandatario que el desabasto de agua no es exclusivo del puerto de Veracruz, y record\u00f3 que otras ciudades gobernadas por Morena como Xalapa, Coatzacoalcos incluso la Ciudad de M\u00e9xico enfrenta los mismos problemas.<\/p>\n\n\n\n<p>Cuitl\u00e1huac Garc\u00eda no solo pide sancionar con 300 millones a grupo M\u00e1s sino hasta rescindir el contrato para la operaci\u00f3n del agua\u2026solo que no dice de d\u00f3nde saldr\u00edan los mil millones de pesos que costar\u00eda finiquitar la concesi\u00f3n como quieren los Morenos para cumplirle a su gente.<\/p>\n","protected":false},"excerpt":{"rendered":"<p>Oved ContrerasSecas Mecas Cantado vale doble\u2026la t\u00eda CH\u00cdO no est\u00e1 nada contenta con la chamba de la fiscala carnala Ver\u00edn Hern\u00e1ndez Giad\u00e1ns quien se puso a las \u00f3rdenes de Cuitl\u00e1huac para perseguir a sus adversarios pol\u00edticos pero ni para eso fue buena\u2026la mayor\u00eda de los casos se le cayeron porque eran delitos no fundamentados m\u2026ser\u00e1 [&hellip;]<\/p>\n","protected":false},"author":2,"featured_media":119816,"comment_status":"closed","ping_status":"closed","sticky":false,"template":"","format":"standard","meta":{"tdm_status":"","tdm_grid_status":"","footnotes":""},"categories":[70],"tags":[5618,3739,41186,39715,28686,195],"class_list":{"0":"post-126244","1":"post","2":"type-post","3":"status-publish","4":"format-standard","5":"has-post-thumbnail","7":"category-de-opinion","8":"tag-amado-cruz-malpica","9":"tag-caev","10":"tag-luz-mariela-zaleta-mendoza","11":"tag-oved-contreras","12":"tag-patricia-lobeira-de-yunes","13":"tag-veracruz"},"yoast_head":"<!-- This site is optimized with the Yoast SEO plugin v27.4 - https:\/\/yoast.com\/product\/yoast-seo-wordpress\/ -->\n<title>SE VA LA FISCALA - Los pol\u00edticos Veracruz<\/title>\n<meta name=\"robots\" content=\"index, follow, max-snippet:-1, max-image-preview:large, max-video-preview:-1\" \/>\n<link rel=\"canonical\" href=\"https:\/\/lospoliticosveracruz.com\/?p=126244\" \/>\n<meta property=\"og:locale\" content=\"es_ES\" \/>\n<meta property=\"og:type\" content=\"article\" \/>\n<meta property=\"og:title\" content=\"SE VA LA FISCALA - Los pol\u00edticos Veracruz\" \/>\n<meta property=\"og:description\" content=\"Oved ContrerasSecas Mecas Cantado vale doble\u2026la t\u00eda CH\u00cdO no est\u00e1 nada contenta con la chamba de la fiscala carnala Ver\u00edn Hern\u00e1ndez Giad\u00e1ns quien se puso a las \u00f3rdenes de Cuitl\u00e1huac para perseguir a sus adversarios pol\u00edticos pero ni para eso fue buena\u2026la mayor\u00eda de los casos se le cayeron porque eran delitos no fundamentados m\u2026ser\u00e1 [&hellip;]\" \/>\n<meta property=\"og:url\" content=\"https:\/\/lospoliticosveracruz.com\/?p=126244\" \/>\n<meta property=\"og:site_name\" content=\"Los pol\u00edticos Veracruz\" \/>\n<meta property=\"article:publisher\" content=\"https:\/\/www.facebook.com\/people\/Notimemes-de-los-Polticos\/61565672886568\/\" \/>\n<meta property=\"article:published_time\" content=\"2024-06-18T14:10:09+00:00\" \/>\n<meta property=\"article:modified_time\" content=\"2024-06-18T14:10:20+00:00\" \/>\n<meta property=\"og:image\" content=\"https:\/\/lospoliticosveracruz.com\/wp-content\/uploads\/2024\/03\/Oved-Contreras.jpg\" \/>\n\t<meta property=\"og:image:width\" content=\"1250\" \/>\n\t<meta property=\"og:image:height\" content=\"667\" \/>\n\t<meta property=\"og:image:type\" content=\"image\/jpeg\" \/>\n<meta name=\"author\" content=\"Lo viste en Los Pol\u00edticos\" \/>\n<meta name=\"twitter:card\" content=\"summary_large_image\" \/>\n<meta name=\"twitter:creator\" content=\"@LosPoliticosVer\" \/>\n<meta name=\"twitter:site\" content=\"@LosPoliticosVer\" \/>\n<meta name=\"twitter:label1\" content=\"Escrito por\" \/>\n\t<meta name=\"twitter:data1\" content=\"Lo viste en Los Pol\u00edticos\" \/>\n\t<meta name=\"twitter:label2\" content=\"Tiempo de lectura\" \/>\n\t<meta name=\"twitter:data2\" content=\"5 minutos\" \/>\n<script type=\"application\/ld+json\" class=\"yoast-schema-graph\">{\"@context\":\"https:\\\/\\\/schema.org\",\"@graph\":[{\"@type\":\"Article\",\"@id\":\"https:\\\/\\\/lospoliticosveracruz.com\\\/?p=126244#article\",\"isPartOf\":{\"@id\":\"https:\\\/\\\/lospoliticosveracruz.com\\\/?p=126244\"},\"author\":{\"name\":\"Lo viste en Los Pol\u00edticos\",\"@id\":\"https:\\\/\\\/lospoliticosveracruz.com\\\/#\\\/schema\\\/person\\\/b8702bb0e538456e6efd07080bf2a4a2\"},\"headline\":\"SE VA LA FISCALA\",\"datePublished\":\"2024-06-18T14:10:09+00:00\",\"dateModified\":\"2024-06-18T14:10:20+00:00\",\"mainEntityOfPage\":{\"@id\":\"https:\\\/\\\/lospoliticosveracruz.com\\\/?p=126244\"},\"wordCount\":988,\"publisher\":{\"@id\":\"https:\\\/\\\/lospoliticosveracruz.com\\\/#organization\"},\"image\":{\"@id\":\"https:\\\/\\\/lospoliticosveracruz.com\\\/?p=126244#primaryimage\"},\"thumbnailUrl\":\"https:\\\/\\\/lospoliticosveracruz.com\\\/wp-content\\\/uploads\\\/2024\\\/03\\\/Oved-Contreras.jpg\",\"keywords\":[\"Amado Cruz Malpica\",\"CAEV\",\"Luz Mariela Zaleta Mendoza\",\"Oved Contreras\",\"Patricia Lobeira de Yunes\",\"Veracruz\"],\"articleSection\":[\"De Opini\u00f3n\"],\"inLanguage\":\"es\"},{\"@type\":\"WebPage\",\"@id\":\"https:\\\/\\\/lospoliticosveracruz.com\\\/?p=126244\",\"url\":\"https:\\\/\\\/lospoliticosveracruz.com\\\/?p=126244\",\"name\":\"SE VA LA FISCALA - Los pol\u00edticos Veracruz\",\"isPartOf\":{\"@id\":\"https:\\\/\\\/lospoliticosveracruz.com\\\/#website\"},\"primaryImageOfPage\":{\"@id\":\"https:\\\/\\\/lospoliticosveracruz.com\\\/?p=126244#primaryimage\"},\"image\":{\"@id\":\"https:\\\/\\\/lospoliticosveracruz.com\\\/?p=126244#primaryimage\"},\"thumbnailUrl\":\"https:\\\/\\\/lospoliticosveracruz.com\\\/wp-content\\\/uploads\\\/2024\\\/03\\\/Oved-Contreras.jpg\",\"datePublished\":\"2024-06-18T14:10:09+00:00\",\"dateModified\":\"2024-06-18T14:10:20+00:00\",\"breadcrumb\":{\"@id\":\"https:\\\/\\\/lospoliticosveracruz.com\\\/?p=126244#breadcrumb\"},\"inLanguage\":\"es\",\"potentialAction\":[{\"@type\":\"ReadAction\",\"target\":[\"https:\\\/\\\/lospoliticosveracruz.com\\\/?p=126244\"]}]},{\"@type\":\"ImageObject\",\"inLanguage\":\"es\",\"@id\":\"https:\\\/\\\/lospoliticosveracruz.com\\\/?p=126244#primaryimage\",\"url\":\"https:\\\/\\\/lospoliticosveracruz.com\\\/wp-content\\\/uploads\\\/2024\\\/03\\\/Oved-Contreras.jpg\",\"contentUrl\":\"https:\\\/\\\/lospoliticosveracruz.com\\\/wp-content\\\/uploads\\\/2024\\\/03\\\/Oved-Contreras.jpg\",\"width\":1250,\"height\":667},{\"@type\":\"BreadcrumbList\",\"@id\":\"https:\\\/\\\/lospoliticosveracruz.com\\\/?p=126244#breadcrumb\",\"itemListElement\":[{\"@type\":\"ListItem\",\"position\":1,\"name\":\"Portada\",\"item\":\"https:\\\/\\\/lospoliticosveracruz.com\\\/\"},{\"@type\":\"ListItem\",\"position\":2,\"name\":\"SE VA LA FISCALA\"}]},{\"@type\":\"WebSite\",\"@id\":\"https:\\\/\\\/lospoliticosveracruz.com\\\/#website\",\"url\":\"https:\\\/\\\/lospoliticosveracruz.com\\\/\",\"name\":\"Los pol\u00edticos Veracruz\",\"description\":\"\",\"publisher\":{\"@id\":\"https:\\\/\\\/lospoliticosveracruz.com\\\/#organization\"},\"potentialAction\":[{\"@type\":\"SearchAction\",\"target\":{\"@type\":\"EntryPoint\",\"urlTemplate\":\"https:\\\/\\\/lospoliticosveracruz.com\\\/?s={search_term_string}\"},\"query-input\":{\"@type\":\"PropertyValueSpecification\",\"valueRequired\":true,\"valueName\":\"search_term_string\"}}],\"inLanguage\":\"es\"},{\"@type\":\"Organization\",\"@id\":\"https:\\\/\\\/lospoliticosveracruz.com\\\/#organization\",\"name\":\"Los pol\u00edticos Veracruz\",\"url\":\"https:\\\/\\\/lospoliticosveracruz.com\\\/\",\"logo\":{\"@type\":\"ImageObject\",\"inLanguage\":\"es\",\"@id\":\"https:\\\/\\\/lospoliticosveracruz.com\\\/#\\\/schema\\\/logo\\\/image\\\/\",\"url\":\"https:\\\/\\\/lospoliticosveracruz.com\\\/wp-content\\\/uploads\\\/2025\\\/12\\\/Logo-Nuevo-LOS-POLITICOS-1.jpg\",\"contentUrl\":\"https:\\\/\\\/lospoliticosveracruz.com\\\/wp-content\\\/uploads\\\/2025\\\/12\\\/Logo-Nuevo-LOS-POLITICOS-1.jpg\",\"width\":260,\"height\":70,\"caption\":\"Los pol\u00edticos Veracruz\"},\"image\":{\"@id\":\"https:\\\/\\\/lospoliticosveracruz.com\\\/#\\\/schema\\\/logo\\\/image\\\/\"},\"sameAs\":[\"https:\\\/\\\/www.facebook.com\\\/people\\\/Notimemes-de-los-Polticos\\\/61565672886568\\\/\",\"https:\\\/\\\/x.com\\\/LosPoliticosVer\"]},{\"@type\":\"Person\",\"@id\":\"https:\\\/\\\/lospoliticosveracruz.com\\\/#\\\/schema\\\/person\\\/b8702bb0e538456e6efd07080bf2a4a2\",\"name\":\"Lo viste en Los Pol\u00edticos\",\"image\":{\"@type\":\"ImageObject\",\"inLanguage\":\"es\",\"@id\":\"https:\\\/\\\/secure.gravatar.com\\\/avatar\\\/3a8de04a2656d44082be478bd6c086daa447c4651605818287b9532d3d0bd435?s=96&d=mm&r=g\",\"url\":\"https:\\\/\\\/secure.gravatar.com\\\/avatar\\\/3a8de04a2656d44082be478bd6c086daa447c4651605818287b9532d3d0bd435?s=96&d=mm&r=g\",\"contentUrl\":\"https:\\\/\\\/secure.gravatar.com\\\/avatar\\\/3a8de04a2656d44082be478bd6c086daa447c4651605818287b9532d3d0bd435?s=96&d=mm&r=g\",\"caption\":\"Lo viste en Los Pol\u00edticos\"},\"url\":\"https:\\\/\\\/lospoliticosveracruz.com\\\/?author=2\"}]}<\/script>\n<!-- \/ Yoast SEO plugin. -->","yoast_head_json":{"title":"SE VA LA FISCALA - Los pol\u00edticos Veracruz","robots":{"index":"index","follow":"follow","max-snippet":"max-snippet:-1","max-image-preview":"max-image-preview:large","max-video-preview":"max-video-preview:-1"},"canonical":"https:\/\/lospoliticosveracruz.com\/?p=126244","og_locale":"es_ES","og_type":"article","og_title":"SE VA LA FISCALA - Los pol\u00edticos Veracruz","og_description":"Oved ContrerasSecas Mecas Cantado vale doble\u2026la t\u00eda CH\u00cdO no est\u00e1 nada contenta con la chamba de la fiscala carnala Ver\u00edn Hern\u00e1ndez Giad\u00e1ns quien se puso a las \u00f3rdenes de Cuitl\u00e1huac para perseguir a sus adversarios pol\u00edticos pero ni para eso fue buena\u2026la mayor\u00eda de los casos se le cayeron porque eran delitos no fundamentados m\u2026ser\u00e1 [&hellip;]","og_url":"https:\/\/lospoliticosveracruz.com\/?p=126244","og_site_name":"Los pol\u00edticos Veracruz","article_publisher":"https:\/\/www.facebook.com\/people\/Notimemes-de-los-Polticos\/61565672886568\/","article_published_time":"2024-06-18T14:10:09+00:00","article_modified_time":"2024-06-18T14:10:20+00:00","og_image":[{"width":1250,"height":667,"url":"https:\/\/lospoliticosveracruz.com\/wp-content\/uploads\/2024\/03\/Oved-Contreras.jpg","type":"image\/jpeg"}],"author":"Lo viste en Los Pol\u00edticos","twitter_card":"summary_large_image","twitter_creator":"@LosPoliticosVer","twitter_site":"@LosPoliticosVer","twitter_misc":{"Escrito por":"Lo viste en Los Pol\u00edticos","Tiempo de lectura":"5 minutos"},"schema":{"@context":"https:\/\/schema.org","@graph":[{"@type":"Article","@id":"https:\/\/lospoliticosveracruz.com\/?p=126244#article","isPartOf":{"@id":"https:\/\/lospoliticosveracruz.com\/?p=126244"},"author":{"name":"Lo viste en Los Pol\u00edticos","@id":"https:\/\/lospoliticosveracruz.com\/#\/schema\/person\/b8702bb0e538456e6efd07080bf2a4a2"},"headline":"SE VA LA FISCALA","datePublished":"2024-06-18T14:10:09+00:00","dateModified":"2024-06-18T14:10:20+00:00","mainEntityOfPage":{"@id":"https:\/\/lospoliticosveracruz.com\/?p=126244"},"wordCount":988,"publisher":{"@id":"https:\/\/lospoliticosveracruz.com\/#organization"},"image":{"@id":"https:\/\/lospoliticosveracruz.com\/?p=126244#primaryimage"},"thumbnailUrl":"https:\/\/lospoliticosveracruz.com\/wp-content\/uploads\/2024\/03\/Oved-Contreras.jpg","keywords":["Amado Cruz Malpica","CAEV","Luz Mariela Zaleta Mendoza","Oved Contreras","Patricia Lobeira de Yunes","Veracruz"],"articleSection":["De Opini\u00f3n"],"inLanguage":"es"},{"@type":"WebPage","@id":"https:\/\/lospoliticosveracruz.com\/?p=126244","url":"https:\/\/lospoliticosveracruz.com\/?p=126244","name":"SE VA LA FISCALA - Los pol\u00edticos Veracruz","isPartOf":{"@id":"https:\/\/lospoliticosveracruz.com\/#website"},"primaryImageOfPage":{"@id":"https:\/\/lospoliticosveracruz.com\/?p=126244#primaryimage"},"image":{"@id":"https:\/\/lospoliticosveracruz.com\/?p=126244#primaryimage"},"thumbnailUrl":"https:\/\/lospoliticosveracruz.com\/wp-content\/uploads\/2024\/03\/Oved-Contreras.jpg","datePublished":"2024-06-18T14:10:09+00:00","dateModified":"2024-06-18T14:10:20+00:00","breadcrumb":{"@id":"https:\/\/lospoliticosveracruz.com\/?p=126244#breadcrumb"},"inLanguage":"es","potentialAction":[{"@type":"ReadAction","target":["https:\/\/lospoliticosveracruz.com\/?p=126244"]}]},{"@type":"ImageObject","inLanguage":"es","@id":"https:\/\/lospoliticosveracruz.com\/?p=126244#primaryimage","url":"https:\/\/lospoliticosveracruz.com\/wp-content\/uploads\/2024\/03\/Oved-Contreras.jpg","contentUrl":"https:\/\/lospoliticosveracruz.com\/wp-content\/uploads\/2024\/03\/Oved-Contreras.jpg","width":1250,"height":667},{"@type":"BreadcrumbList","@id":"https:\/\/lospoliticosveracruz.com\/?p=126244#breadcrumb","itemListElement":[{"@type":"ListItem","position":1,"name":"Portada","item":"https:\/\/lospoliticosveracruz.com\/"},{"@type":"ListItem","position":2,"name":"SE VA LA FISCALA"}]},{"@type":"WebSite","@id":"https:\/\/lospoliticosveracruz.com\/#website","url":"https:\/\/lospoliticosveracruz.com\/","name":"Los pol\u00edticos Veracruz","description":"","publisher":{"@id":"https:\/\/lospoliticosveracruz.com\/#organization"},"potentialAction":[{"@type":"SearchAction","target":{"@type":"EntryPoint","urlTemplate":"https:\/\/lospoliticosveracruz.com\/?s={search_term_string}"},"query-input":{"@type":"PropertyValueSpecification","valueRequired":true,"valueName":"search_term_string"}}],"inLanguage":"es"},{"@type":"Organization","@id":"https:\/\/lospoliticosveracruz.com\/#organization","name":"Los pol\u00edticos Veracruz","url":"https:\/\/lospoliticosveracruz.com\/","logo":{"@type":"ImageObject","inLanguage":"es","@id":"https:\/\/lospoliticosveracruz.com\/#\/schema\/logo\/image\/","url":"https:\/\/lospoliticosveracruz.com\/wp-content\/uploads\/2025\/12\/Logo-Nuevo-LOS-POLITICOS-1.jpg","contentUrl":"https:\/\/lospoliticosveracruz.com\/wp-content\/uploads\/2025\/12\/Logo-Nuevo-LOS-POLITICOS-1.jpg","width":260,"height":70,"caption":"Los pol\u00edticos Veracruz"},"image":{"@id":"https:\/\/lospoliticosveracruz.com\/#\/schema\/logo\/image\/"},"sameAs":["https:\/\/www.facebook.com\/people\/Notimemes-de-los-Polticos\/61565672886568\/","https:\/\/x.com\/LosPoliticosVer"]},{"@type":"Person","@id":"https:\/\/lospoliticosveracruz.com\/#\/schema\/person\/b8702bb0e538456e6efd07080bf2a4a2","name":"Lo viste en Los Pol\u00edticos","image":{"@type":"ImageObject","inLanguage":"es","@id":"https:\/\/secure.gravatar.com\/avatar\/3a8de04a2656d44082be478bd6c086daa447c4651605818287b9532d3d0bd435?s=96&d=mm&r=g","url":"https:\/\/secure.gravatar.com\/avatar\/3a8de04a2656d44082be478bd6c086daa447c4651605818287b9532d3d0bd435?s=96&d=mm&r=g","contentUrl":"https:\/\/secure.gravatar.com\/avatar\/3a8de04a2656d44082be478bd6c086daa447c4651605818287b9532d3d0bd435?s=96&d=mm&r=g","caption":"Lo viste en Los Pol\u00edticos"},"url":"https:\/\/lospoliticosveracruz.com\/?author=2"}]}},"_links":{"self":[{"href":"https:\/\/lospoliticosveracruz.com\/index.php?rest_route=\/wp\/v2\/posts\/126244","targetHints":{"allow":["GET"]}}],"collection":[{"href":"https:\/\/lospoliticosveracruz.com\/index.php?rest_route=\/wp\/v2\/posts"}],"about":[{"href":"https:\/\/lospoliticosveracruz.com\/index.php?rest_route=\/wp\/v2\/types\/post"}],"author":[{"embeddable":true,"href":"https:\/\/lospoliticosveracruz.com\/index.php?rest_route=\/wp\/v2\/users\/2"}],"replies":[{"embeddable":true,"href":"https:\/\/lospoliticosveracruz.com\/index.php?rest_route=%2Fwp%2Fv2%2Fcomments&post=126244"}],"version-history":[{"count":1,"href":"https:\/\/lospoliticosveracruz.com\/index.php?rest_route=\/wp\/v2\/posts\/126244\/revisions"}],"predecessor-version":[{"id":126245,"href":"https:\/\/lospoliticosveracruz.com\/index.php?rest_route=\/wp\/v2\/posts\/126244\/revisions\/126245"}],"wp:featuredmedia":[{"embeddable":true,"href":"https:\/\/lospoliticosveracruz.com\/index.php?rest_route=\/wp\/v2\/media\/119816"}],"wp:attachment":[{"href":"https:\/\/lospoliticosveracruz.com\/index.php?rest_route=%2Fwp%2Fv2%2Fmedia&parent=126244"}],"wp:term":[{"taxonomy":"category","embeddable":true,"href":"https:\/\/lospoliticosveracruz.com\/index.php?rest_route=%2Fwp%2Fv2%2Fcategories&post=126244"},{"taxonomy":"post_tag","embeddable":true,"href":"https:\/\/lospoliticosveracruz.com\/index.php?rest_route=%2Fwp%2Fv2%2Ftags&post=126244"}],"curies":[{"name":"wp","href":"https:\/\/api.w.org\/{rel}","templated":true}]}}