{"id":126369,"date":"2024-06-21T06:30:37","date_gmt":"2024-06-21T11:30:37","guid":{"rendered":"https:\/\/lospoliticosveracruz.com.mx\/?p=126369"},"modified":"2024-06-21T06:31:07","modified_gmt":"2024-06-21T11:31:07","slug":"se-queda-salomon","status":"publish","type":"post","link":"https:\/\/lospoliticosveracruz.com\/?p=126369","title":{"rendered":"SE QUEDA SALOM\u00d3N!"},"content":{"rendered":"\n<p><strong>Ricardo Chua<\/strong><\/p>\n\n\n\n<p><em>Sale y Vale<\/em><\/p>\n\n\n\n<p>EXCLUSIVA&#8230; \u00abGarganta Profunda\u00bb se\u00f1ala que es un hecho que no habr\u00e1 cambios en la dirigencia estatal del PAN en Veracruz en este 2024.. Es decir, el grupo pol\u00edtico de Federico Salom\u00f3n, Tito Delf\u00edn y Enrique Cambranis (A pesar de estar distanciados).. Se quedar\u00e1n con la Presidencia de este partido hasta despu\u00e9s de las elecciones locales del 2025.. Dir\u00eda el famoso ex gobernador, Fidel Herrera Beltr\u00e1n: \u00abNo tengan calenturas tropicales, que todo queda igual\u00bb.. Pese a la hecatombe.. SE QUEDA..<\/p>\n\n\n\n<p>El tema real de lo que sucede en el PAN en Veracruz.. Es que de acuerdo al panorama real que se ve a nivel nacional con este partido.. Es que no dar\u00e1 tiempo para hacer el cambio en Veracruz porque a finales de agosto.. Se estar\u00eda dando apenas el cambio de la Presidencia Nacional de este organismo pol\u00edtico.. Marko Cort\u00e9s la estar\u00eda dejando en esa \u00faltima semana de agosto.. Y ya no dar\u00eda tiempo para hacer el proceso interno y cambiar de dirigencia en Veracruz.. As\u00ed que Salom\u00f3n se queda.. ABROOOONNN<\/p>\n\n\n\n<p>Adem\u00e1s a finales de agosto.. La nueva dirigencia nacional panista estar\u00e1 \u00abluchando\u00bb con lo que les deje Marko Cort\u00e9s.. Para que sea el nuevo Presidente de este partido.. Que todo parece indicar que ser\u00e1 Jorge Romero, el sucesor de Cort\u00e9s y no Damian Zepeda.. Para que desde el CEN pueda colocar a los que ser\u00e1n los nuevos coordinadores del PAN en la c\u00e1mara de diputados federales y en la de Senadores.. Por lo que el tema Veracruz pasar\u00e1 a segundo t\u00e9rmino.. La remoci\u00f3n de Salom\u00f3n no ser\u00e1 prioridad para los nuevos l\u00edderes \u00abazules\u00bb..<\/p>\n\n\n\n<p>As\u00ed que con este asunto, el cual es casi un hecho, porque en noviembre pr\u00f3ximo empieza ya legalmente el proceso electoral local a las alcald\u00edas en Veracruz.. Y la ley electoral es muy clara.. Que mientras haya un proceso constitucional electoral vigente.. No hay cambios de dirigencias del partido, hasta despu\u00e9s de que acaben las elecciones.. Hasta ese entonces podr\u00eda haber \u00abhumo azul\u00bb en el PAN.. Antes no.. As\u00ed de agosto a noviembre no habr\u00eda tiempo de hacer un proceso interno.. Tiene suerte Salom\u00f3n, no \u00e9xito..<\/p>\n\n\n\n<p>Por eso, pase lo que pase al interior del PAN nacional en este 2024.. Salom\u00f3n se queda al mando del CDE \u00abazul\u00bb.. Pero con el riesgo de convertirse, ahora s\u00ed y sin duda, en el peor dirigente estatal de la historia del panismo \u00abjarocho\u00bb.. Ya que tendr\u00e1 la consigna de por lo menos, ganar m\u00e1s de 10 alcald\u00edas en el proceso del pr\u00f3ximo a\u00f1o.. Ya que en este momento, el PAN en Veracruz, s\u00f3lo gobierna 10 ayuntamientos.. ES EL PEOR MOMENTO del PAN en su historia en Veracruz.. De 212 municipios solo tiene 10 alcaldes.. PA VERG\u00dcENZA..<\/p>\n\n\n\n<p>OJO por la raz\u00f3n que sea porque se fueron con MORENA o Roc\u00edo Nahle.. El PAN s\u00f3lo tiene 10 alcaldes en Veracruz.. Obvio lo m\u00e1s importantes: Veracruz, Boca del R\u00edo, Tlalixcoyan y La Perla.. Por ah\u00ed gobiernan municipios en la zona norte, otros en la sierra de Zongolica, en el sur NO GOBIERNAN ninguno.. Y parenle de contar.. El PAN que en 2000 al 2012 fue gobierno federal y que en 2016 al 2018 fue gobierno estatal.. Hoy casi no tiene presencia en la entidad fuera de la conurbaci\u00f3n.. Y eso fue durante la Presidencia de Federico Salom\u00f3n..<\/p>\n\n\n\n<p>REFLEXI\u00d3N.. Por eso la lucha interna al interior del PAN es muy sencilla de entenderla.. Si se conoce algo de fondo.. El PAN en Veracruz tiene alrededor de 24 mil miembros activos en todo el Estado. Estos son los que deciden consejeros estatales y candidatos a cargos de elecci\u00f3n popular.. Obvio que esos militantes est\u00e1n DOMINADOS por grupos pol\u00edticos.. Y el grupo m\u00e1s poderoso al interior del panismo es el de Los Yunes \u00abAzules\u00bb que tienen el control de 12 mil militantes activos.. Es decir, la mitad y eso es el temor de los actuales dirigentes estatales<\/p>\n\n\n\n<p>Despu\u00e9s de Los Yunes \u00abAzules\u00bb, el otro personajes que tiene el control de la militancia es Joaqu\u00edn Guzm\u00e1n Aviles \u00abEl Chapito\u00bb con alrededor de 5 mil miembros activos de la zona norte de Veracruz.. Luego viene el grupo que actualmente controla el CDE y Consejo Pol\u00edtico del PAN, que es de Salom\u00f3n, Cambranis y Tito Delf\u00edn, con alrededor de 3 mil militantes nada m\u00e1s.. Le sigue el grupo de Julen Rementer\u00eda con s\u00f3lo mil militantes.. Otro m\u00e1s es el de Nora Lagunes con mil militantes m\u00e1s.. Le sigue V\u00edctor Serralde con el control de 500 miembros panistas..<\/p>\n\n\n\n<p>De ah\u00ed viene Germ\u00e1n Yescas con 200 militantes bajo su control.. Luego Pepe Mancha con 200 miembros y luego el grupo de Ana Ledezma y Marco Antonio Nu\u00f1ez \u00abEl Choriqueso\u00bb con otros 200 miembros (Estos eran del grupo de Julen, al separarse, el senador perdi\u00f3 fuerza al interior del PAN).. Y hay alrededor de mil 500 militantes que son manejados por liderazgos regionales repartidos en todo el Estado.. Los estatutos prev\u00e9n que su miltiancia puede votar por su nuevo l\u00edder y de acuerdo a estos n\u00fameros qui\u00e9n ganar\u00eda.. Es el temor de Salom\u00f3n..<\/p>\n\n\n\n<p>Esos son los problemas que Salom\u00f3n, Cambranis y Tito enfrentan al interior de su grupo de 3 mil militantes que los apoyan.. Est\u00e1n cansados de s\u00f3lo trabajar para DARLES \u00abpluris\u00bb a los 3.. No juegan ninguna elecci\u00f3n y no dan espacios para que otros crezcan.. Las \u00abpluris\u00bb son para ellos y sus familias.. Por eso, la \u00abfractura\u00bb es inminente.. M\u00e1s si el nuevo l\u00edder nacional del PAN llega a IMPONER a un delegado nacional y desaparece al CDE por la derrota del 2 de junio y los problemas para la elecci\u00f3n de alcaldes.. OJO en Veracruz la mayor\u00eda apoyar\u00eda a Jorge Romero.. Equipo contrario a Salom\u00f3n.. EL QUE ENTENDI\u00d3, ENTENDI\u00d3.. AMEN..<\/p>\n","protected":false},"excerpt":{"rendered":"<p>Ricardo Chua Sale y Vale EXCLUSIVA&#8230; \u00abGarganta Profunda\u00bb se\u00f1ala que es un hecho que no habr\u00e1 cambios en la dirigencia estatal del PAN en Veracruz en este 2024.. Es decir, el grupo pol\u00edtico de Federico Salom\u00f3n, Tito Delf\u00edn y Enrique Cambranis (A pesar de estar distanciados).. Se quedar\u00e1n con la Presidencia de este partido hasta [&hellip;]<\/p>\n","protected":false},"author":2,"featured_media":119817,"comment_status":"closed","ping_status":"closed","sticky":false,"template":"","format":"standard","meta":{"tdm_status":"","tdm_grid_status":"","footnotes":""},"categories":[70],"tags":[266,195],"class_list":{"0":"post-126369","1":"post","2":"type-post","3":"status-publish","4":"format-standard","5":"has-post-thumbnail","7":"category-de-opinion","8":"tag-pan","9":"tag-veracruz"},"yoast_head":"<!-- This site is optimized with the Yoast SEO plugin v27.4 - https:\/\/yoast.com\/product\/yoast-seo-wordpress\/ -->\n<title>SE QUEDA SALOM\u00d3N! - Los pol\u00edticos Veracruz<\/title>\n<meta name=\"robots\" content=\"index, follow, max-snippet:-1, max-image-preview:large, max-video-preview:-1\" \/>\n<link rel=\"canonical\" href=\"https:\/\/lospoliticosveracruz.com\/?p=126369\" \/>\n<meta property=\"og:locale\" content=\"es_ES\" \/>\n<meta property=\"og:type\" content=\"article\" \/>\n<meta property=\"og:title\" content=\"SE QUEDA SALOM\u00d3N! - Los pol\u00edticos Veracruz\" \/>\n<meta property=\"og:description\" content=\"Ricardo Chua Sale y Vale EXCLUSIVA&#8230; \u00abGarganta Profunda\u00bb se\u00f1ala que es un hecho que no habr\u00e1 cambios en la dirigencia estatal del PAN en Veracruz en este 2024.. Es decir, el grupo pol\u00edtico de Federico Salom\u00f3n, Tito Delf\u00edn y Enrique Cambranis (A pesar de estar distanciados).. Se quedar\u00e1n con la Presidencia de este partido hasta [&hellip;]\" \/>\n<meta property=\"og:url\" content=\"https:\/\/lospoliticosveracruz.com\/?p=126369\" \/>\n<meta property=\"og:site_name\" content=\"Los pol\u00edticos Veracruz\" \/>\n<meta property=\"article:publisher\" content=\"https:\/\/www.facebook.com\/people\/Notimemes-de-los-Polticos\/61565672886568\/\" \/>\n<meta property=\"article:published_time\" content=\"2024-06-21T11:30:37+00:00\" \/>\n<meta property=\"article:modified_time\" content=\"2024-06-21T11:31:07+00:00\" \/>\n<meta property=\"og:image\" content=\"https:\/\/lospoliticosveracruz.com\/wp-content\/uploads\/2024\/03\/Ricardo-Chua.jpg\" \/>\n\t<meta property=\"og:image:width\" content=\"1250\" \/>\n\t<meta property=\"og:image:height\" content=\"667\" \/>\n\t<meta property=\"og:image:type\" content=\"image\/jpeg\" \/>\n<meta name=\"author\" content=\"Lo viste en Los Pol\u00edticos\" \/>\n<meta name=\"twitter:card\" content=\"summary_large_image\" \/>\n<meta name=\"twitter:creator\" content=\"@LosPoliticosVer\" \/>\n<meta name=\"twitter:site\" content=\"@LosPoliticosVer\" \/>\n<meta name=\"twitter:label1\" content=\"Escrito por\" \/>\n\t<meta name=\"twitter:data1\" content=\"Lo viste en Los Pol\u00edticos\" \/>\n\t<meta name=\"twitter:label2\" content=\"Tiempo de lectura\" \/>\n\t<meta name=\"twitter:data2\" content=\"5 minutos\" \/>\n<script type=\"application\/ld+json\" class=\"yoast-schema-graph\">{\"@context\":\"https:\\\/\\\/schema.org\",\"@graph\":[{\"@type\":\"Article\",\"@id\":\"https:\\\/\\\/lospoliticosveracruz.com\\\/?p=126369#article\",\"isPartOf\":{\"@id\":\"https:\\\/\\\/lospoliticosveracruz.com\\\/?p=126369\"},\"author\":{\"name\":\"Lo viste en Los Pol\u00edticos\",\"@id\":\"https:\\\/\\\/lospoliticosveracruz.com\\\/#\\\/schema\\\/person\\\/b8702bb0e538456e6efd07080bf2a4a2\"},\"headline\":\"SE QUEDA SALOM\u00d3N!\",\"datePublished\":\"2024-06-21T11:30:37+00:00\",\"dateModified\":\"2024-06-21T11:31:07+00:00\",\"mainEntityOfPage\":{\"@id\":\"https:\\\/\\\/lospoliticosveracruz.com\\\/?p=126369\"},\"wordCount\":1005,\"publisher\":{\"@id\":\"https:\\\/\\\/lospoliticosveracruz.com\\\/#organization\"},\"image\":{\"@id\":\"https:\\\/\\\/lospoliticosveracruz.com\\\/?p=126369#primaryimage\"},\"thumbnailUrl\":\"https:\\\/\\\/lospoliticosveracruz.com\\\/wp-content\\\/uploads\\\/2024\\\/03\\\/Ricardo-Chua.jpg\",\"keywords\":[\"PAN\",\"Veracruz\"],\"articleSection\":[\"De Opini\u00f3n\"],\"inLanguage\":\"es\"},{\"@type\":\"WebPage\",\"@id\":\"https:\\\/\\\/lospoliticosveracruz.com\\\/?p=126369\",\"url\":\"https:\\\/\\\/lospoliticosveracruz.com\\\/?p=126369\",\"name\":\"SE QUEDA SALOM\u00d3N! - Los pol\u00edticos Veracruz\",\"isPartOf\":{\"@id\":\"https:\\\/\\\/lospoliticosveracruz.com\\\/#website\"},\"primaryImageOfPage\":{\"@id\":\"https:\\\/\\\/lospoliticosveracruz.com\\\/?p=126369#primaryimage\"},\"image\":{\"@id\":\"https:\\\/\\\/lospoliticosveracruz.com\\\/?p=126369#primaryimage\"},\"thumbnailUrl\":\"https:\\\/\\\/lospoliticosveracruz.com\\\/wp-content\\\/uploads\\\/2024\\\/03\\\/Ricardo-Chua.jpg\",\"datePublished\":\"2024-06-21T11:30:37+00:00\",\"dateModified\":\"2024-06-21T11:31:07+00:00\",\"breadcrumb\":{\"@id\":\"https:\\\/\\\/lospoliticosveracruz.com\\\/?p=126369#breadcrumb\"},\"inLanguage\":\"es\",\"potentialAction\":[{\"@type\":\"ReadAction\",\"target\":[\"https:\\\/\\\/lospoliticosveracruz.com\\\/?p=126369\"]}]},{\"@type\":\"ImageObject\",\"inLanguage\":\"es\",\"@id\":\"https:\\\/\\\/lospoliticosveracruz.com\\\/?p=126369#primaryimage\",\"url\":\"https:\\\/\\\/lospoliticosveracruz.com\\\/wp-content\\\/uploads\\\/2024\\\/03\\\/Ricardo-Chua.jpg\",\"contentUrl\":\"https:\\\/\\\/lospoliticosveracruz.com\\\/wp-content\\\/uploads\\\/2024\\\/03\\\/Ricardo-Chua.jpg\",\"width\":1250,\"height\":667},{\"@type\":\"BreadcrumbList\",\"@id\":\"https:\\\/\\\/lospoliticosveracruz.com\\\/?p=126369#breadcrumb\",\"itemListElement\":[{\"@type\":\"ListItem\",\"position\":1,\"name\":\"Portada\",\"item\":\"https:\\\/\\\/lospoliticosveracruz.com\\\/\"},{\"@type\":\"ListItem\",\"position\":2,\"name\":\"SE QUEDA SALOM\u00d3N!\"}]},{\"@type\":\"WebSite\",\"@id\":\"https:\\\/\\\/lospoliticosveracruz.com\\\/#website\",\"url\":\"https:\\\/\\\/lospoliticosveracruz.com\\\/\",\"name\":\"Los pol\u00edticos Veracruz\",\"description\":\"\",\"publisher\":{\"@id\":\"https:\\\/\\\/lospoliticosveracruz.com\\\/#organization\"},\"potentialAction\":[{\"@type\":\"SearchAction\",\"target\":{\"@type\":\"EntryPoint\",\"urlTemplate\":\"https:\\\/\\\/lospoliticosveracruz.com\\\/?s={search_term_string}\"},\"query-input\":{\"@type\":\"PropertyValueSpecification\",\"valueRequired\":true,\"valueName\":\"search_term_string\"}}],\"inLanguage\":\"es\"},{\"@type\":\"Organization\",\"@id\":\"https:\\\/\\\/lospoliticosveracruz.com\\\/#organization\",\"name\":\"Los pol\u00edticos Veracruz\",\"url\":\"https:\\\/\\\/lospoliticosveracruz.com\\\/\",\"logo\":{\"@type\":\"ImageObject\",\"inLanguage\":\"es\",\"@id\":\"https:\\\/\\\/lospoliticosveracruz.com\\\/#\\\/schema\\\/logo\\\/image\\\/\",\"url\":\"https:\\\/\\\/lospoliticosveracruz.com\\\/wp-content\\\/uploads\\\/2025\\\/12\\\/Logo-Nuevo-LOS-POLITICOS-1.jpg\",\"contentUrl\":\"https:\\\/\\\/lospoliticosveracruz.com\\\/wp-content\\\/uploads\\\/2025\\\/12\\\/Logo-Nuevo-LOS-POLITICOS-1.jpg\",\"width\":260,\"height\":70,\"caption\":\"Los pol\u00edticos Veracruz\"},\"image\":{\"@id\":\"https:\\\/\\\/lospoliticosveracruz.com\\\/#\\\/schema\\\/logo\\\/image\\\/\"},\"sameAs\":[\"https:\\\/\\\/www.facebook.com\\\/people\\\/Notimemes-de-los-Polticos\\\/61565672886568\\\/\",\"https:\\\/\\\/x.com\\\/LosPoliticosVer\"]},{\"@type\":\"Person\",\"@id\":\"https:\\\/\\\/lospoliticosveracruz.com\\\/#\\\/schema\\\/person\\\/b8702bb0e538456e6efd07080bf2a4a2\",\"name\":\"Lo viste en Los Pol\u00edticos\",\"image\":{\"@type\":\"ImageObject\",\"inLanguage\":\"es\",\"@id\":\"https:\\\/\\\/secure.gravatar.com\\\/avatar\\\/3a8de04a2656d44082be478bd6c086daa447c4651605818287b9532d3d0bd435?s=96&d=mm&r=g\",\"url\":\"https:\\\/\\\/secure.gravatar.com\\\/avatar\\\/3a8de04a2656d44082be478bd6c086daa447c4651605818287b9532d3d0bd435?s=96&d=mm&r=g\",\"contentUrl\":\"https:\\\/\\\/secure.gravatar.com\\\/avatar\\\/3a8de04a2656d44082be478bd6c086daa447c4651605818287b9532d3d0bd435?s=96&d=mm&r=g\",\"caption\":\"Lo viste en Los Pol\u00edticos\"},\"url\":\"https:\\\/\\\/lospoliticosveracruz.com\\\/?author=2\"}]}<\/script>\n<!-- \/ Yoast SEO plugin. -->","yoast_head_json":{"title":"SE QUEDA SALOM\u00d3N! - Los pol\u00edticos Veracruz","robots":{"index":"index","follow":"follow","max-snippet":"max-snippet:-1","max-image-preview":"max-image-preview:large","max-video-preview":"max-video-preview:-1"},"canonical":"https:\/\/lospoliticosveracruz.com\/?p=126369","og_locale":"es_ES","og_type":"article","og_title":"SE QUEDA SALOM\u00d3N! - Los pol\u00edticos Veracruz","og_description":"Ricardo Chua Sale y Vale EXCLUSIVA&#8230; \u00abGarganta Profunda\u00bb se\u00f1ala que es un hecho que no habr\u00e1 cambios en la dirigencia estatal del PAN en Veracruz en este 2024.. Es decir, el grupo pol\u00edtico de Federico Salom\u00f3n, Tito Delf\u00edn y Enrique Cambranis (A pesar de estar distanciados).. Se quedar\u00e1n con la Presidencia de este partido hasta [&hellip;]","og_url":"https:\/\/lospoliticosveracruz.com\/?p=126369","og_site_name":"Los pol\u00edticos Veracruz","article_publisher":"https:\/\/www.facebook.com\/people\/Notimemes-de-los-Polticos\/61565672886568\/","article_published_time":"2024-06-21T11:30:37+00:00","article_modified_time":"2024-06-21T11:31:07+00:00","og_image":[{"width":1250,"height":667,"url":"https:\/\/lospoliticosveracruz.com\/wp-content\/uploads\/2024\/03\/Ricardo-Chua.jpg","type":"image\/jpeg"}],"author":"Lo viste en Los Pol\u00edticos","twitter_card":"summary_large_image","twitter_creator":"@LosPoliticosVer","twitter_site":"@LosPoliticosVer","twitter_misc":{"Escrito por":"Lo viste en Los Pol\u00edticos","Tiempo de lectura":"5 minutos"},"schema":{"@context":"https:\/\/schema.org","@graph":[{"@type":"Article","@id":"https:\/\/lospoliticosveracruz.com\/?p=126369#article","isPartOf":{"@id":"https:\/\/lospoliticosveracruz.com\/?p=126369"},"author":{"name":"Lo viste en Los Pol\u00edticos","@id":"https:\/\/lospoliticosveracruz.com\/#\/schema\/person\/b8702bb0e538456e6efd07080bf2a4a2"},"headline":"SE QUEDA SALOM\u00d3N!","datePublished":"2024-06-21T11:30:37+00:00","dateModified":"2024-06-21T11:31:07+00:00","mainEntityOfPage":{"@id":"https:\/\/lospoliticosveracruz.com\/?p=126369"},"wordCount":1005,"publisher":{"@id":"https:\/\/lospoliticosveracruz.com\/#organization"},"image":{"@id":"https:\/\/lospoliticosveracruz.com\/?p=126369#primaryimage"},"thumbnailUrl":"https:\/\/lospoliticosveracruz.com\/wp-content\/uploads\/2024\/03\/Ricardo-Chua.jpg","keywords":["PAN","Veracruz"],"articleSection":["De Opini\u00f3n"],"inLanguage":"es"},{"@type":"WebPage","@id":"https:\/\/lospoliticosveracruz.com\/?p=126369","url":"https:\/\/lospoliticosveracruz.com\/?p=126369","name":"SE QUEDA SALOM\u00d3N! - Los pol\u00edticos Veracruz","isPartOf":{"@id":"https:\/\/lospoliticosveracruz.com\/#website"},"primaryImageOfPage":{"@id":"https:\/\/lospoliticosveracruz.com\/?p=126369#primaryimage"},"image":{"@id":"https:\/\/lospoliticosveracruz.com\/?p=126369#primaryimage"},"thumbnailUrl":"https:\/\/lospoliticosveracruz.com\/wp-content\/uploads\/2024\/03\/Ricardo-Chua.jpg","datePublished":"2024-06-21T11:30:37+00:00","dateModified":"2024-06-21T11:31:07+00:00","breadcrumb":{"@id":"https:\/\/lospoliticosveracruz.com\/?p=126369#breadcrumb"},"inLanguage":"es","potentialAction":[{"@type":"ReadAction","target":["https:\/\/lospoliticosveracruz.com\/?p=126369"]}]},{"@type":"ImageObject","inLanguage":"es","@id":"https:\/\/lospoliticosveracruz.com\/?p=126369#primaryimage","url":"https:\/\/lospoliticosveracruz.com\/wp-content\/uploads\/2024\/03\/Ricardo-Chua.jpg","contentUrl":"https:\/\/lospoliticosveracruz.com\/wp-content\/uploads\/2024\/03\/Ricardo-Chua.jpg","width":1250,"height":667},{"@type":"BreadcrumbList","@id":"https:\/\/lospoliticosveracruz.com\/?p=126369#breadcrumb","itemListElement":[{"@type":"ListItem","position":1,"name":"Portada","item":"https:\/\/lospoliticosveracruz.com\/"},{"@type":"ListItem","position":2,"name":"SE QUEDA SALOM\u00d3N!"}]},{"@type":"WebSite","@id":"https:\/\/lospoliticosveracruz.com\/#website","url":"https:\/\/lospoliticosveracruz.com\/","name":"Los pol\u00edticos Veracruz","description":"","publisher":{"@id":"https:\/\/lospoliticosveracruz.com\/#organization"},"potentialAction":[{"@type":"SearchAction","target":{"@type":"EntryPoint","urlTemplate":"https:\/\/lospoliticosveracruz.com\/?s={search_term_string}"},"query-input":{"@type":"PropertyValueSpecification","valueRequired":true,"valueName":"search_term_string"}}],"inLanguage":"es"},{"@type":"Organization","@id":"https:\/\/lospoliticosveracruz.com\/#organization","name":"Los pol\u00edticos Veracruz","url":"https:\/\/lospoliticosveracruz.com\/","logo":{"@type":"ImageObject","inLanguage":"es","@id":"https:\/\/lospoliticosveracruz.com\/#\/schema\/logo\/image\/","url":"https:\/\/lospoliticosveracruz.com\/wp-content\/uploads\/2025\/12\/Logo-Nuevo-LOS-POLITICOS-1.jpg","contentUrl":"https:\/\/lospoliticosveracruz.com\/wp-content\/uploads\/2025\/12\/Logo-Nuevo-LOS-POLITICOS-1.jpg","width":260,"height":70,"caption":"Los pol\u00edticos Veracruz"},"image":{"@id":"https:\/\/lospoliticosveracruz.com\/#\/schema\/logo\/image\/"},"sameAs":["https:\/\/www.facebook.com\/people\/Notimemes-de-los-Polticos\/61565672886568\/","https:\/\/x.com\/LosPoliticosVer"]},{"@type":"Person","@id":"https:\/\/lospoliticosveracruz.com\/#\/schema\/person\/b8702bb0e538456e6efd07080bf2a4a2","name":"Lo viste en Los Pol\u00edticos","image":{"@type":"ImageObject","inLanguage":"es","@id":"https:\/\/secure.gravatar.com\/avatar\/3a8de04a2656d44082be478bd6c086daa447c4651605818287b9532d3d0bd435?s=96&d=mm&r=g","url":"https:\/\/secure.gravatar.com\/avatar\/3a8de04a2656d44082be478bd6c086daa447c4651605818287b9532d3d0bd435?s=96&d=mm&r=g","contentUrl":"https:\/\/secure.gravatar.com\/avatar\/3a8de04a2656d44082be478bd6c086daa447c4651605818287b9532d3d0bd435?s=96&d=mm&r=g","caption":"Lo viste en Los Pol\u00edticos"},"url":"https:\/\/lospoliticosveracruz.com\/?author=2"}]}},"_links":{"self":[{"href":"https:\/\/lospoliticosveracruz.com\/index.php?rest_route=\/wp\/v2\/posts\/126369","targetHints":{"allow":["GET"]}}],"collection":[{"href":"https:\/\/lospoliticosveracruz.com\/index.php?rest_route=\/wp\/v2\/posts"}],"about":[{"href":"https:\/\/lospoliticosveracruz.com\/index.php?rest_route=\/wp\/v2\/types\/post"}],"author":[{"embeddable":true,"href":"https:\/\/lospoliticosveracruz.com\/index.php?rest_route=\/wp\/v2\/users\/2"}],"replies":[{"embeddable":true,"href":"https:\/\/lospoliticosveracruz.com\/index.php?rest_route=%2Fwp%2Fv2%2Fcomments&post=126369"}],"version-history":[{"count":2,"href":"https:\/\/lospoliticosveracruz.com\/index.php?rest_route=\/wp\/v2\/posts\/126369\/revisions"}],"predecessor-version":[{"id":126371,"href":"https:\/\/lospoliticosveracruz.com\/index.php?rest_route=\/wp\/v2\/posts\/126369\/revisions\/126371"}],"wp:featuredmedia":[{"embeddable":true,"href":"https:\/\/lospoliticosveracruz.com\/index.php?rest_route=\/wp\/v2\/media\/119817"}],"wp:attachment":[{"href":"https:\/\/lospoliticosveracruz.com\/index.php?rest_route=%2Fwp%2Fv2%2Fmedia&parent=126369"}],"wp:term":[{"taxonomy":"category","embeddable":true,"href":"https:\/\/lospoliticosveracruz.com\/index.php?rest_route=%2Fwp%2Fv2%2Fcategories&post=126369"},{"taxonomy":"post_tag","embeddable":true,"href":"https:\/\/lospoliticosveracruz.com\/index.php?rest_route=%2Fwp%2Fv2%2Ftags&post=126369"}],"curies":[{"name":"wp","href":"https:\/\/api.w.org\/{rel}","templated":true}]}}