{"id":126372,"date":"2024-06-21T07:08:52","date_gmt":"2024-06-21T12:08:52","guid":{"rendered":"https:\/\/lospoliticosveracruz.com.mx\/?p=126372"},"modified":"2024-06-21T07:11:17","modified_gmt":"2024-06-21T12:11:17","slug":"es-la-sobrerrepresentacion","status":"publish","type":"post","link":"https:\/\/lospoliticosveracruz.com\/?p=126372","title":{"rendered":"\u00a1ES LA SOBRERREPRESENTACI\u00d3N!"},"content":{"rendered":"\n<p><strong>Felipe de Jes\u00fas Fern\u00e1ndez Basilio<\/strong><br><em>Desde a Janela<\/em><\/p>\n\n\n\n<p><em>\u201cYa solo restan&nbsp;<\/em><em>tres&nbsp;<\/em><em>meses<\/em><em>&nbsp;y&nbsp;<\/em><em>nueve<\/em><em>&nbsp;d\u00edas<\/em><em>&nbsp;para que se vaya a &#8230; su rancho\u201d<\/em><\/p>\n\n\n\n<p>\u00daltimamente se ha hablado en demas\u00eda sobre las hipot\u00e9ticas reformas a la constituci\u00f3n que el gobierno saliente junto con su ap\u00e9ndice, la ganadora de las elecciones, podr\u00edan llevar a cabo en septiembre.<\/p>\n\n\n\n<p>Se comenta mucho sobre la reforma al poder judicial,&nbsp;si conviene o si,&nbsp;por el contrario, no resuelve el problema fundamental en el sistema de impartici\u00f3n de justicia o si es una vil venganza del porro que est\u00e1 por salir del palacio.<\/p>\n\n\n\n<p>Todo ello resulta sumamente interesante y a la vez es una discusi\u00f3n totalmente&nbsp;est\u00e9ril,&nbsp;ya que,&nbsp;si logra las mayor\u00edas calificadas el oficialismo va a hacer su santa voluntad&nbsp;y no va a atender recomendaci\u00f3n alguna, ya que est\u00e1 demostrad\u00edsimo que, si L\u00f3pez es cerrado e intolerante Sheinbaum lo es a\u00fan m\u00e1s.<\/p>\n\n\n\n<p>Por ello es que los parlamentos abiertos y foros que han convocado sobre ese tema resultan ser una farsa y, peor a\u00fan, un distractor sobre lo que la opini\u00f3n p\u00fablica debiera de estar vigilando.<\/p>\n\n\n\n<p>Y es que ninguna de esas reformas se va a llevar a cabo si los partidos que conforman la bancada oficialista en ambas c\u00e1maras del Congreso de la Uni\u00f3n re\u00fanen las dos terceras partes de cada una.<\/p>\n\n\n\n<p>Como es de todos conocido, el proceso electoral 2024 a\u00fan no culmina, ya que todav\u00eda falta que se desahoguen las diversas impugnaciones a las elecciones de diputados y senadores, que es lo que nos ocupa, y que la asignaci\u00f3n de los que sean de lista o representaci\u00f3n proporcional queden definitivamente asignados por las autoridades electorales competentes.<\/p>\n\n\n\n<p>Luego entonces, la mirada debe de estar puesta en la forma en la que el INE y,&nbsp;principalmente,&nbsp;el TEPJ&nbsp;diriman las controversias las controversias y determinen la asignaci\u00f3n de legisladores a cada partido.<\/p>\n\n\n\n<p>Resultando este tema bastante interesante, ya que de la manera en que los magistrados electorales interpreten las normas jur\u00eddicas es que se tendr\u00e1 la composici\u00f3n de la pr\u00f3xima legislatura&nbsp;y con ello se ver\u00e1 si se llevan a cabo las reformas constitucionales o si el pr\u00f3ximo gobierno no podr\u00e1 tocar la constituci\u00f3n.<\/p>\n\n\n\n<p>En esta cuesti\u00f3n chocan dos maneras de interpretar los preceptos legales, ya&nbsp;que&nbsp;por un lado, tenemos a quienes siguen al pie de la letra la literalidad de la ley y la supremac\u00eda constitucional y por el otro, a quienes se gu\u00edan por la ley secundaria y se sumergen en barroquismos y malabares para tratar de decir lo que la ley no dice.<\/p>\n\n\n\n<p>Y es que resulta que el art\u00edculo 54 de la constituci\u00f3n en su fracci\u00f3n V establece que ning\u00fan partido pol\u00edtico puede tener una sobrerrepresentaci\u00f3n superior al ocho por ciento de la votaci\u00f3n obtenida por \u00e9l durante la jornada electoral.<\/p>\n\n\n\n<p>Esto es&nbsp;que,&nbsp;si el oficialismo obtuvo aproximadamente el 55&nbsp;por ciento&nbsp;de votaci\u00f3n&nbsp;para la c\u00e1mara de diputados, no debe de tener m\u00e1s all\u00e1 del&nbsp;63 por ciento de los diputados que se asignan bajo el principio de representaci\u00f3n proporcional, con lo cual no le alcanzar\u00eda para obtener la mayor\u00eda calificada en la c\u00e1mara.<\/p>\n\n\n\n<p>Lo anterior se basa tambi\u00e9n en la l\u00f3gica elemental,&nbsp;toda vez que,&nbsp;si no votaron dos terceras partes de los electores&nbsp;por entregar la facultad de modificar la constituci\u00f3n, esta no se puede entregar en la mesa y el oficialismo fue mandatado para gobernar y legislar mas no para cambiar la constituci\u00f3n.<\/p>\n\n\n\n<p>En cambio, la otra visi\u00f3n consiste en que la constituci\u00f3n solo se refiere a los partidos pol\u00edticos en lo individual y no dispone nada acerca de las coaliciones y, como bien sabemos, en este proceso electoral se formaron mayoritariamente coaliciones que representan a cada opci\u00f3n electoral; por lo que al no estar expl\u00edcitamente escrito en la constituci\u00f3n, y s\u00ed legislado, el tribunal electoral deber\u00e1 de interpretar si las coaliciones son tratadas como partido o si cada partido es tratado individualmente, y en ese caso, s\u00ed puede el oficialismo alcanzar&nbsp;la mayor\u00eda calificada en la c\u00e1mara baja.<\/p>\n\n\n\n<p>Como bien se puede ver, es una cuesti\u00f3n compleja la que tienen que resolver los magistrados electorales e incluso les va la existencia en ello; ya que, si otorgan la mayor\u00eda calificada en diputados, el propio tribunal quedar\u00eda a un pu\u00f1ado de senadores de desaparecer.<\/p>\n\n\n\n<p>Por lo tanto, el foco de atenci\u00f3n no debe de ser las reformas constitucionales, sino la conformaci\u00f3n de las c\u00e1maras, ya que de ello depender\u00e1 si se cumple el mandato popular de que MRN y r\u00e9moras sigan gobernando o si se les da un mandato que el pueblo no les dio para cambiar a discreci\u00f3n la constituci\u00f3n.<a><\/a><\/p>\n\n\n\n<p><a href=\"mailto:felfebas@gmail.com\">felfebas@gmail.com<\/a><\/p>\n\n\n\n<p>Twitter: @FelipeFBasilio<\/p>\n","protected":false},"excerpt":{"rendered":"<p>Felipe de Jes\u00fas Fern\u00e1ndez BasilioDesde a Janela \u201cYa solo restan&nbsp;tres&nbsp;meses&nbsp;y&nbsp;nueve&nbsp;d\u00edas&nbsp;para que se vaya a &#8230; su rancho\u201d \u00daltimamente se ha hablado en demas\u00eda sobre las hipot\u00e9ticas reformas a la constituci\u00f3n que el gobierno saliente junto con su ap\u00e9ndice, la ganadora de las elecciones, podr\u00edan llevar a cabo en septiembre. Se comenta mucho sobre la reforma [&hellip;]<\/p>\n","protected":false},"author":2,"featured_media":119963,"comment_status":"closed","ping_status":"closed","sticky":false,"template":"","format":"standard","meta":{"tdm_status":"","tdm_grid_status":"","footnotes":""},"categories":[70],"tags":[618,9627,84,1026,859],"class_list":{"0":"post-126372","1":"post","2":"type-post","3":"status-publish","4":"format-standard","5":"has-post-thumbnail","7":"category-de-opinion","8":"tag-andres-manuel-lopez-obrador","9":"tag-claudia-sheinbaum","10":"tag-diputados","11":"tag-morena","12":"tag-senadores"},"yoast_head":"<!-- This site is optimized with the Yoast SEO plugin v27.4 - https:\/\/yoast.com\/product\/yoast-seo-wordpress\/ -->\n<title>\u00a1ES LA SOBRERREPRESENTACI\u00d3N! - Los pol\u00edticos Veracruz<\/title>\n<meta name=\"robots\" content=\"index, follow, max-snippet:-1, max-image-preview:large, max-video-preview:-1\" \/>\n<link rel=\"canonical\" href=\"https:\/\/lospoliticosveracruz.com\/?p=126372\" \/>\n<meta property=\"og:locale\" content=\"es_ES\" \/>\n<meta property=\"og:type\" content=\"article\" \/>\n<meta property=\"og:title\" content=\"\u00a1ES LA SOBRERREPRESENTACI\u00d3N! - Los pol\u00edticos Veracruz\" \/>\n<meta property=\"og:description\" content=\"Felipe de Jes\u00fas Fern\u00e1ndez BasilioDesde a Janela \u201cYa solo restan&nbsp;tres&nbsp;meses&nbsp;y&nbsp;nueve&nbsp;d\u00edas&nbsp;para que se vaya a &#8230; su rancho\u201d \u00daltimamente se ha hablado en demas\u00eda sobre las hipot\u00e9ticas reformas a la constituci\u00f3n que el gobierno saliente junto con su ap\u00e9ndice, la ganadora de las elecciones, podr\u00edan llevar a cabo en septiembre. Se comenta mucho sobre la reforma [&hellip;]\" \/>\n<meta property=\"og:url\" content=\"https:\/\/lospoliticosveracruz.com\/?p=126372\" \/>\n<meta property=\"og:site_name\" content=\"Los pol\u00edticos Veracruz\" \/>\n<meta property=\"article:publisher\" content=\"https:\/\/www.facebook.com\/people\/Notimemes-de-los-Polticos\/61565672886568\/\" \/>\n<meta property=\"article:published_time\" content=\"2024-06-21T12:08:52+00:00\" \/>\n<meta property=\"article:modified_time\" content=\"2024-06-21T12:11:17+00:00\" \/>\n<meta property=\"og:image\" content=\"https:\/\/lospoliticosveracruz.com\/wp-content\/uploads\/2024\/03\/Felipe-Fernandez-Basilio.jpg\" \/>\n\t<meta property=\"og:image:width\" content=\"1250\" \/>\n\t<meta property=\"og:image:height\" content=\"667\" \/>\n\t<meta property=\"og:image:type\" content=\"image\/jpeg\" \/>\n<meta name=\"author\" content=\"Lo viste en Los Pol\u00edticos\" \/>\n<meta name=\"twitter:card\" content=\"summary_large_image\" \/>\n<meta name=\"twitter:creator\" content=\"@LosPoliticosVer\" \/>\n<meta name=\"twitter:site\" content=\"@LosPoliticosVer\" \/>\n<meta name=\"twitter:label1\" content=\"Escrito por\" \/>\n\t<meta name=\"twitter:data1\" content=\"Lo viste en Los Pol\u00edticos\" \/>\n\t<meta name=\"twitter:label2\" content=\"Tiempo de lectura\" \/>\n\t<meta name=\"twitter:data2\" content=\"4 minutos\" \/>\n<script type=\"application\/ld+json\" class=\"yoast-schema-graph\">{\"@context\":\"https:\\\/\\\/schema.org\",\"@graph\":[{\"@type\":\"Article\",\"@id\":\"https:\\\/\\\/lospoliticosveracruz.com\\\/?p=126372#article\",\"isPartOf\":{\"@id\":\"https:\\\/\\\/lospoliticosveracruz.com\\\/?p=126372\"},\"author\":{\"name\":\"Lo viste en Los Pol\u00edticos\",\"@id\":\"https:\\\/\\\/lospoliticosveracruz.com\\\/#\\\/schema\\\/person\\\/b8702bb0e538456e6efd07080bf2a4a2\"},\"headline\":\"\u00a1ES LA SOBRERREPRESENTACI\u00d3N!\",\"datePublished\":\"2024-06-21T12:08:52+00:00\",\"dateModified\":\"2024-06-21T12:11:17+00:00\",\"mainEntityOfPage\":{\"@id\":\"https:\\\/\\\/lospoliticosveracruz.com\\\/?p=126372\"},\"wordCount\":874,\"publisher\":{\"@id\":\"https:\\\/\\\/lospoliticosveracruz.com\\\/#organization\"},\"image\":{\"@id\":\"https:\\\/\\\/lospoliticosveracruz.com\\\/?p=126372#primaryimage\"},\"thumbnailUrl\":\"https:\\\/\\\/lospoliticosveracruz.com\\\/wp-content\\\/uploads\\\/2024\\\/03\\\/Felipe-Fernandez-Basilio.jpg\",\"keywords\":[\"Andr\u00e9s Manuel L\u00f3pez Obrador\",\"Claudia Sheinbaum\",\"Diputados\",\"Morena\",\"Senadores\"],\"articleSection\":[\"De Opini\u00f3n\"],\"inLanguage\":\"es\"},{\"@type\":\"WebPage\",\"@id\":\"https:\\\/\\\/lospoliticosveracruz.com\\\/?p=126372\",\"url\":\"https:\\\/\\\/lospoliticosveracruz.com\\\/?p=126372\",\"name\":\"\u00a1ES LA SOBRERREPRESENTACI\u00d3N! - Los pol\u00edticos Veracruz\",\"isPartOf\":{\"@id\":\"https:\\\/\\\/lospoliticosveracruz.com\\\/#website\"},\"primaryImageOfPage\":{\"@id\":\"https:\\\/\\\/lospoliticosveracruz.com\\\/?p=126372#primaryimage\"},\"image\":{\"@id\":\"https:\\\/\\\/lospoliticosveracruz.com\\\/?p=126372#primaryimage\"},\"thumbnailUrl\":\"https:\\\/\\\/lospoliticosveracruz.com\\\/wp-content\\\/uploads\\\/2024\\\/03\\\/Felipe-Fernandez-Basilio.jpg\",\"datePublished\":\"2024-06-21T12:08:52+00:00\",\"dateModified\":\"2024-06-21T12:11:17+00:00\",\"breadcrumb\":{\"@id\":\"https:\\\/\\\/lospoliticosveracruz.com\\\/?p=126372#breadcrumb\"},\"inLanguage\":\"es\",\"potentialAction\":[{\"@type\":\"ReadAction\",\"target\":[\"https:\\\/\\\/lospoliticosveracruz.com\\\/?p=126372\"]}]},{\"@type\":\"ImageObject\",\"inLanguage\":\"es\",\"@id\":\"https:\\\/\\\/lospoliticosveracruz.com\\\/?p=126372#primaryimage\",\"url\":\"https:\\\/\\\/lospoliticosveracruz.com\\\/wp-content\\\/uploads\\\/2024\\\/03\\\/Felipe-Fernandez-Basilio.jpg\",\"contentUrl\":\"https:\\\/\\\/lospoliticosveracruz.com\\\/wp-content\\\/uploads\\\/2024\\\/03\\\/Felipe-Fernandez-Basilio.jpg\",\"width\":1250,\"height\":667},{\"@type\":\"BreadcrumbList\",\"@id\":\"https:\\\/\\\/lospoliticosveracruz.com\\\/?p=126372#breadcrumb\",\"itemListElement\":[{\"@type\":\"ListItem\",\"position\":1,\"name\":\"Portada\",\"item\":\"https:\\\/\\\/lospoliticosveracruz.com\\\/\"},{\"@type\":\"ListItem\",\"position\":2,\"name\":\"\u00a1ES LA SOBRERREPRESENTACI\u00d3N!\"}]},{\"@type\":\"WebSite\",\"@id\":\"https:\\\/\\\/lospoliticosveracruz.com\\\/#website\",\"url\":\"https:\\\/\\\/lospoliticosveracruz.com\\\/\",\"name\":\"Los pol\u00edticos Veracruz\",\"description\":\"\",\"publisher\":{\"@id\":\"https:\\\/\\\/lospoliticosveracruz.com\\\/#organization\"},\"potentialAction\":[{\"@type\":\"SearchAction\",\"target\":{\"@type\":\"EntryPoint\",\"urlTemplate\":\"https:\\\/\\\/lospoliticosveracruz.com\\\/?s={search_term_string}\"},\"query-input\":{\"@type\":\"PropertyValueSpecification\",\"valueRequired\":true,\"valueName\":\"search_term_string\"}}],\"inLanguage\":\"es\"},{\"@type\":\"Organization\",\"@id\":\"https:\\\/\\\/lospoliticosveracruz.com\\\/#organization\",\"name\":\"Los pol\u00edticos Veracruz\",\"url\":\"https:\\\/\\\/lospoliticosveracruz.com\\\/\",\"logo\":{\"@type\":\"ImageObject\",\"inLanguage\":\"es\",\"@id\":\"https:\\\/\\\/lospoliticosveracruz.com\\\/#\\\/schema\\\/logo\\\/image\\\/\",\"url\":\"https:\\\/\\\/lospoliticosveracruz.com\\\/wp-content\\\/uploads\\\/2025\\\/12\\\/Logo-Nuevo-LOS-POLITICOS-1.jpg\",\"contentUrl\":\"https:\\\/\\\/lospoliticosveracruz.com\\\/wp-content\\\/uploads\\\/2025\\\/12\\\/Logo-Nuevo-LOS-POLITICOS-1.jpg\",\"width\":260,\"height\":70,\"caption\":\"Los pol\u00edticos Veracruz\"},\"image\":{\"@id\":\"https:\\\/\\\/lospoliticosveracruz.com\\\/#\\\/schema\\\/logo\\\/image\\\/\"},\"sameAs\":[\"https:\\\/\\\/www.facebook.com\\\/people\\\/Notimemes-de-los-Polticos\\\/61565672886568\\\/\",\"https:\\\/\\\/x.com\\\/LosPoliticosVer\"]},{\"@type\":\"Person\",\"@id\":\"https:\\\/\\\/lospoliticosveracruz.com\\\/#\\\/schema\\\/person\\\/b8702bb0e538456e6efd07080bf2a4a2\",\"name\":\"Lo viste en Los Pol\u00edticos\",\"image\":{\"@type\":\"ImageObject\",\"inLanguage\":\"es\",\"@id\":\"https:\\\/\\\/secure.gravatar.com\\\/avatar\\\/3a8de04a2656d44082be478bd6c086daa447c4651605818287b9532d3d0bd435?s=96&d=mm&r=g\",\"url\":\"https:\\\/\\\/secure.gravatar.com\\\/avatar\\\/3a8de04a2656d44082be478bd6c086daa447c4651605818287b9532d3d0bd435?s=96&d=mm&r=g\",\"contentUrl\":\"https:\\\/\\\/secure.gravatar.com\\\/avatar\\\/3a8de04a2656d44082be478bd6c086daa447c4651605818287b9532d3d0bd435?s=96&d=mm&r=g\",\"caption\":\"Lo viste en Los Pol\u00edticos\"},\"url\":\"https:\\\/\\\/lospoliticosveracruz.com\\\/?author=2\"}]}<\/script>\n<!-- \/ Yoast SEO plugin. -->","yoast_head_json":{"title":"\u00a1ES LA SOBRERREPRESENTACI\u00d3N! - Los pol\u00edticos Veracruz","robots":{"index":"index","follow":"follow","max-snippet":"max-snippet:-1","max-image-preview":"max-image-preview:large","max-video-preview":"max-video-preview:-1"},"canonical":"https:\/\/lospoliticosveracruz.com\/?p=126372","og_locale":"es_ES","og_type":"article","og_title":"\u00a1ES LA SOBRERREPRESENTACI\u00d3N! - Los pol\u00edticos Veracruz","og_description":"Felipe de Jes\u00fas Fern\u00e1ndez BasilioDesde a Janela \u201cYa solo restan&nbsp;tres&nbsp;meses&nbsp;y&nbsp;nueve&nbsp;d\u00edas&nbsp;para que se vaya a &#8230; su rancho\u201d \u00daltimamente se ha hablado en demas\u00eda sobre las hipot\u00e9ticas reformas a la constituci\u00f3n que el gobierno saliente junto con su ap\u00e9ndice, la ganadora de las elecciones, podr\u00edan llevar a cabo en septiembre. Se comenta mucho sobre la reforma [&hellip;]","og_url":"https:\/\/lospoliticosveracruz.com\/?p=126372","og_site_name":"Los pol\u00edticos Veracruz","article_publisher":"https:\/\/www.facebook.com\/people\/Notimemes-de-los-Polticos\/61565672886568\/","article_published_time":"2024-06-21T12:08:52+00:00","article_modified_time":"2024-06-21T12:11:17+00:00","og_image":[{"width":1250,"height":667,"url":"https:\/\/lospoliticosveracruz.com\/wp-content\/uploads\/2024\/03\/Felipe-Fernandez-Basilio.jpg","type":"image\/jpeg"}],"author":"Lo viste en Los Pol\u00edticos","twitter_card":"summary_large_image","twitter_creator":"@LosPoliticosVer","twitter_site":"@LosPoliticosVer","twitter_misc":{"Escrito por":"Lo viste en Los Pol\u00edticos","Tiempo de lectura":"4 minutos"},"schema":{"@context":"https:\/\/schema.org","@graph":[{"@type":"Article","@id":"https:\/\/lospoliticosveracruz.com\/?p=126372#article","isPartOf":{"@id":"https:\/\/lospoliticosveracruz.com\/?p=126372"},"author":{"name":"Lo viste en Los Pol\u00edticos","@id":"https:\/\/lospoliticosveracruz.com\/#\/schema\/person\/b8702bb0e538456e6efd07080bf2a4a2"},"headline":"\u00a1ES LA SOBRERREPRESENTACI\u00d3N!","datePublished":"2024-06-21T12:08:52+00:00","dateModified":"2024-06-21T12:11:17+00:00","mainEntityOfPage":{"@id":"https:\/\/lospoliticosveracruz.com\/?p=126372"},"wordCount":874,"publisher":{"@id":"https:\/\/lospoliticosveracruz.com\/#organization"},"image":{"@id":"https:\/\/lospoliticosveracruz.com\/?p=126372#primaryimage"},"thumbnailUrl":"https:\/\/lospoliticosveracruz.com\/wp-content\/uploads\/2024\/03\/Felipe-Fernandez-Basilio.jpg","keywords":["Andr\u00e9s Manuel L\u00f3pez Obrador","Claudia Sheinbaum","Diputados","Morena","Senadores"],"articleSection":["De Opini\u00f3n"],"inLanguage":"es"},{"@type":"WebPage","@id":"https:\/\/lospoliticosveracruz.com\/?p=126372","url":"https:\/\/lospoliticosveracruz.com\/?p=126372","name":"\u00a1ES LA SOBRERREPRESENTACI\u00d3N! - Los pol\u00edticos Veracruz","isPartOf":{"@id":"https:\/\/lospoliticosveracruz.com\/#website"},"primaryImageOfPage":{"@id":"https:\/\/lospoliticosveracruz.com\/?p=126372#primaryimage"},"image":{"@id":"https:\/\/lospoliticosveracruz.com\/?p=126372#primaryimage"},"thumbnailUrl":"https:\/\/lospoliticosveracruz.com\/wp-content\/uploads\/2024\/03\/Felipe-Fernandez-Basilio.jpg","datePublished":"2024-06-21T12:08:52+00:00","dateModified":"2024-06-21T12:11:17+00:00","breadcrumb":{"@id":"https:\/\/lospoliticosveracruz.com\/?p=126372#breadcrumb"},"inLanguage":"es","potentialAction":[{"@type":"ReadAction","target":["https:\/\/lospoliticosveracruz.com\/?p=126372"]}]},{"@type":"ImageObject","inLanguage":"es","@id":"https:\/\/lospoliticosveracruz.com\/?p=126372#primaryimage","url":"https:\/\/lospoliticosveracruz.com\/wp-content\/uploads\/2024\/03\/Felipe-Fernandez-Basilio.jpg","contentUrl":"https:\/\/lospoliticosveracruz.com\/wp-content\/uploads\/2024\/03\/Felipe-Fernandez-Basilio.jpg","width":1250,"height":667},{"@type":"BreadcrumbList","@id":"https:\/\/lospoliticosveracruz.com\/?p=126372#breadcrumb","itemListElement":[{"@type":"ListItem","position":1,"name":"Portada","item":"https:\/\/lospoliticosveracruz.com\/"},{"@type":"ListItem","position":2,"name":"\u00a1ES LA SOBRERREPRESENTACI\u00d3N!"}]},{"@type":"WebSite","@id":"https:\/\/lospoliticosveracruz.com\/#website","url":"https:\/\/lospoliticosveracruz.com\/","name":"Los pol\u00edticos Veracruz","description":"","publisher":{"@id":"https:\/\/lospoliticosveracruz.com\/#organization"},"potentialAction":[{"@type":"SearchAction","target":{"@type":"EntryPoint","urlTemplate":"https:\/\/lospoliticosveracruz.com\/?s={search_term_string}"},"query-input":{"@type":"PropertyValueSpecification","valueRequired":true,"valueName":"search_term_string"}}],"inLanguage":"es"},{"@type":"Organization","@id":"https:\/\/lospoliticosveracruz.com\/#organization","name":"Los pol\u00edticos Veracruz","url":"https:\/\/lospoliticosveracruz.com\/","logo":{"@type":"ImageObject","inLanguage":"es","@id":"https:\/\/lospoliticosveracruz.com\/#\/schema\/logo\/image\/","url":"https:\/\/lospoliticosveracruz.com\/wp-content\/uploads\/2025\/12\/Logo-Nuevo-LOS-POLITICOS-1.jpg","contentUrl":"https:\/\/lospoliticosveracruz.com\/wp-content\/uploads\/2025\/12\/Logo-Nuevo-LOS-POLITICOS-1.jpg","width":260,"height":70,"caption":"Los pol\u00edticos Veracruz"},"image":{"@id":"https:\/\/lospoliticosveracruz.com\/#\/schema\/logo\/image\/"},"sameAs":["https:\/\/www.facebook.com\/people\/Notimemes-de-los-Polticos\/61565672886568\/","https:\/\/x.com\/LosPoliticosVer"]},{"@type":"Person","@id":"https:\/\/lospoliticosveracruz.com\/#\/schema\/person\/b8702bb0e538456e6efd07080bf2a4a2","name":"Lo viste en Los Pol\u00edticos","image":{"@type":"ImageObject","inLanguage":"es","@id":"https:\/\/secure.gravatar.com\/avatar\/3a8de04a2656d44082be478bd6c086daa447c4651605818287b9532d3d0bd435?s=96&d=mm&r=g","url":"https:\/\/secure.gravatar.com\/avatar\/3a8de04a2656d44082be478bd6c086daa447c4651605818287b9532d3d0bd435?s=96&d=mm&r=g","contentUrl":"https:\/\/secure.gravatar.com\/avatar\/3a8de04a2656d44082be478bd6c086daa447c4651605818287b9532d3d0bd435?s=96&d=mm&r=g","caption":"Lo viste en Los Pol\u00edticos"},"url":"https:\/\/lospoliticosveracruz.com\/?author=2"}]}},"_links":{"self":[{"href":"https:\/\/lospoliticosveracruz.com\/index.php?rest_route=\/wp\/v2\/posts\/126372","targetHints":{"allow":["GET"]}}],"collection":[{"href":"https:\/\/lospoliticosveracruz.com\/index.php?rest_route=\/wp\/v2\/posts"}],"about":[{"href":"https:\/\/lospoliticosveracruz.com\/index.php?rest_route=\/wp\/v2\/types\/post"}],"author":[{"embeddable":true,"href":"https:\/\/lospoliticosveracruz.com\/index.php?rest_route=\/wp\/v2\/users\/2"}],"replies":[{"embeddable":true,"href":"https:\/\/lospoliticosveracruz.com\/index.php?rest_route=%2Fwp%2Fv2%2Fcomments&post=126372"}],"version-history":[{"count":1,"href":"https:\/\/lospoliticosveracruz.com\/index.php?rest_route=\/wp\/v2\/posts\/126372\/revisions"}],"predecessor-version":[{"id":126373,"href":"https:\/\/lospoliticosveracruz.com\/index.php?rest_route=\/wp\/v2\/posts\/126372\/revisions\/126373"}],"wp:featuredmedia":[{"embeddable":true,"href":"https:\/\/lospoliticosveracruz.com\/index.php?rest_route=\/wp\/v2\/media\/119963"}],"wp:attachment":[{"href":"https:\/\/lospoliticosveracruz.com\/index.php?rest_route=%2Fwp%2Fv2%2Fmedia&parent=126372"}],"wp:term":[{"taxonomy":"category","embeddable":true,"href":"https:\/\/lospoliticosveracruz.com\/index.php?rest_route=%2Fwp%2Fv2%2Fcategories&post=126372"},{"taxonomy":"post_tag","embeddable":true,"href":"https:\/\/lospoliticosveracruz.com\/index.php?rest_route=%2Fwp%2Fv2%2Ftags&post=126372"}],"curies":[{"name":"wp","href":"https:\/\/api.w.org\/{rel}","templated":true}]}}