{"id":12640,"date":"2014-10-14T16:37:15","date_gmt":"2014-10-14T16:37:15","guid":{"rendered":"http:\/\/www.lospoliticosveracruz.com.mx\/?p=12640"},"modified":"2014-10-14T16:37:15","modified_gmt":"2014-10-14T16:37:15","slug":"la-ceguera-es-cabrona","status":"publish","type":"post","link":"https:\/\/lospoliticosveracruz.com\/?p=12640","title":{"rendered":"La ceguera es cabrona"},"content":{"rendered":"<p><a href=\"http:\/\/www.lospoliticosveracruz.com.mx\/wp-content\/uploads\/2014\/10\/Indiferencia.jpg\"><img loading=\"lazy\" decoding=\"async\" class=\"alignnone size-medium wp-image-12642\" src=\"http:\/\/www.lospoliticosveracruz.com.mx\/wp-content\/uploads\/2014\/10\/Indiferencia-300x242.jpg\" alt=\"Indiferencia\" width=\"300\" height=\"242\" \/><\/a><\/p>\n<p>&nbsp;<\/p>\n<p><strong>Jorge Arturo Rodr\u00edguez<\/strong><\/p>\n<p><em>Tierra de Babel<\/em><\/p>\n<p>&nbsp;<\/p>\n<p>\u201cTodo parece indicar que el mal est\u00e1 desatado, que los cuatro jinetes del Apocalipsis ya recorren el mundo\u201d, me coment\u00f3 un amigo, profundamente preocupado, y a\u00f1adi\u00f3: \u201cY si no te la crees, nada m\u00e1s mira a tu alrededor, s\u00f3lo falta que a ti te pase\u201d. A su esposa, con su hijo en brazos, dos d\u00edas antes la hab\u00edan asaltado, al mediod\u00eda, por Los Sauces, en la mera ciudad capital de Xalapa. Y no s\u00f3lo eso, la amenazaron, cuchillo en mano, si gritaba o despu\u00e9s hablaba a la polic\u00eda. Nadie se dio cuenta del hecho, y \u201cs\u00ed as\u00ed fue, se hicieron pendejos, como siempre, indiferentes, pues de que te chinguen a ti, mejor al pr\u00f3jimo\u201d, se lament\u00f3 mi amigo, resignado. Me qued\u00e9 callado. \u00bfQu\u00e9 comentarle? Alguien dijo que s\u00f3lo valoramos la salud cuando estamos enfermos, del mismo modo que la felicidad se mide con el term\u00f3metro del dolor. \u00bfC\u00f3mo carajos sanar en un mundo, un M\u00e9xico en fase terminal? \u00bfO acaso soy fatalista?<\/p>\n<p>Hay que indignarnos, s\u00ed, encabronarnos. La ceguera es cabrona, me acuerdo de Jos\u00e9 Saramago. Dice Elenita Poniatowska: \u201c\u2026hay que pensar que lo que vivimos, sobre todo por lo que ha pasado en Ayotzinapa. Esa cantidad de muchachos muertos y enterrados en fosas casi de inmediato es una verdadera salvajada (que eso) nos indigne lo suficiente para salir a marchar. El miedo es parte de nosotros, siempre hay miedo (\u2026). Entonces el miedo existe, y no se trata, se oye un poco chocante, eso de vencer el miedo, sino decir qu\u00e9 nos parece y qu\u00e9 no nos parece, porque si no lo hacemos nos va a seguir yendo de la patada, como nos est\u00e1 yendo\u201d. (La Jornada\/8-10-14).<br \/>\nQuiz\u00e1s tenga raz\u00f3n mi amigo. Tal parece que lo \u00fanico que se consolida en nuestro pa\u00eds es el mal. Si no, nom\u00e1s volteen a ver a su alrededor. O si tienen tele, s\u00edganse viendo\u2026<\/p>\n<p><strong>Los d\u00edas y los temas<\/strong><\/p>\n<p>71 egresados de la Maestr\u00eda en Direcci\u00f3n de Gobierno y Pol\u00edticas P\u00fablicas del Instituto Universitario de Investigaci\u00f3n Ortega y Gasset. Por ah\u00ed vi al Secretario de Desarrollo Social de Veracruz, Jorge Carvallo Delf\u00edn, sonriente y amable, como siempre. A la guapa y talentosa Anil\u00fa Ingram Vallines, presidenta de la Mesa Directiva de la LXIII Legislatura local.<br \/>\nSalud\u00e9 gustosamente a Dalia P\u00e9rez Casta\u00f1eda, directora de Promoci\u00f3n Tur\u00edstica en la Sectur; a mi amiguita Martha Mara\u00f1\u00f3n, enlace de la subsecretar\u00eda de gobierno, al ladito de Domingo Alberto Mart\u00ednez Res\u00e9ndiz, y a otras grandes personalidades del \u00e1mbito pol\u00edtico.<br \/>\nAntes de la ceremonia de reconocimientos a los egresados, Ainara Rementer\u00eda Coello, me coment\u00f3, a pregunta expresa: \u201cPara cualquier persona, en cualquier \u00e1mbito, siempre es importante seguir aprendiendo\u201d, lo aprendido en la maestr\u00eda, \u201clo pondremos en pr\u00e1ctica\u201d. Ah\u00ed nom\u00e1s.<br \/>\nBrenda Abigail Reyes Aguirre expres\u00f3: \u201cLos tiempos requieren que los servidores p\u00fablicos se profesionalicen. Es necesario continuar con nuestros estudios, para brindar una muy buena atenci\u00f3n a la ciudadan\u00eda\u201d. De sus suspiros pol\u00edticos dijo: \u201cVoy a seguir prepar\u00e1ndome, con mucho cari\u00f1o trabajo para Veracruz, y si hay m\u00e1s adelante una oportunidad, desde luego que la tomar\u00e9\u201d. Ah\u00ed \u2018ta.<\/p>\n<p><strong>De cinismo y anexas<\/strong><\/p>\n<p>El empresario Antonio Chedraui Mafud dijo: \u201cUn servidor p\u00fablico tiene la obligaci\u00f3n de trabajar para los ciudadanos que le dieron su voto, pero en la pr\u00e1ctica los pol\u00edticos invierten la mayor parte de su tiempo en resolver los conflictos con su partido, con la oposici\u00f3n y con la prensa, lo cual reduce sus productividad\u201d. (Imagen del Golfo\/16-07-14). \u00bfA qui\u00e9n le quedar\u00e1 el saco?<br \/>\nPor lo pronto ah\u00ed se ven.<\/p>\n","protected":false},"excerpt":{"rendered":"<p>&nbsp; Jorge Arturo Rodr\u00edguez Tierra de Babel &nbsp; \u201cTodo parece indicar que el mal est\u00e1 desatado, que los cuatro jinetes del Apocalipsis ya recorren el mundo\u201d, me coment\u00f3 un amigo, profundamente preocupado, y a\u00f1adi\u00f3: \u201cY si no te la crees, nada m\u00e1s mira a tu alrededor, s\u00f3lo falta que a ti te pase\u201d. A su [&hellip;]<\/p>\n","protected":false},"author":2,"featured_media":0,"comment_status":"open","ping_status":"open","sticky":false,"template":"","format":"standard","meta":{"tdm_status":"","tdm_grid_status":"","footnotes":""},"categories":[70],"tags":[196,350,349,96],"class_list":{"0":"post-12640","1":"post","2":"type-post","3":"status-publish","4":"format-standard","6":"category-de-opinion","7":"tag-inseguridad","8":"tag-poniatowska","9":"tag-sauces","10":"tag-xalapa"},"yoast_head":"<!-- This site is optimized with the Yoast SEO plugin v27.4 - https:\/\/yoast.com\/product\/yoast-seo-wordpress\/ -->\n<title>La ceguera es cabrona - Los pol\u00edticos Veracruz<\/title>\n<meta name=\"robots\" content=\"index, follow, max-snippet:-1, max-image-preview:large, max-video-preview:-1\" \/>\n<link rel=\"canonical\" href=\"https:\/\/lospoliticosveracruz.com\/?p=12640\" \/>\n<meta property=\"og:locale\" content=\"es_ES\" \/>\n<meta property=\"og:type\" content=\"article\" \/>\n<meta property=\"og:title\" content=\"La ceguera es cabrona - Los pol\u00edticos Veracruz\" \/>\n<meta property=\"og:description\" content=\"&nbsp; Jorge Arturo Rodr\u00edguez Tierra de Babel &nbsp; \u201cTodo parece indicar que el mal est\u00e1 desatado, que los cuatro jinetes del Apocalipsis ya recorren el mundo\u201d, me coment\u00f3 un amigo, profundamente preocupado, y a\u00f1adi\u00f3: \u201cY si no te la crees, nada m\u00e1s mira a tu alrededor, s\u00f3lo falta que a ti te pase\u201d. A su [&hellip;]\" \/>\n<meta property=\"og:url\" content=\"https:\/\/lospoliticosveracruz.com\/?p=12640\" \/>\n<meta property=\"og:site_name\" content=\"Los pol\u00edticos Veracruz\" \/>\n<meta property=\"article:publisher\" content=\"https:\/\/www.facebook.com\/people\/Notimemes-de-los-Polticos\/61565672886568\/\" \/>\n<meta property=\"article:published_time\" content=\"2014-10-14T16:37:15+00:00\" \/>\n<meta property=\"og:image\" content=\"http:\/\/www.lospoliticosveracruz.com.mx\/wp-content\/uploads\/2014\/10\/Indiferencia-300x242.jpg\" \/>\n<meta name=\"author\" content=\"Lo viste en Los Pol\u00edticos\" \/>\n<meta name=\"twitter:card\" content=\"summary_large_image\" \/>\n<meta name=\"twitter:creator\" content=\"@LosPoliticosVer\" \/>\n<meta name=\"twitter:site\" content=\"@LosPoliticosVer\" \/>\n<meta name=\"twitter:label1\" content=\"Escrito por\" \/>\n\t<meta name=\"twitter:data1\" content=\"Lo viste en Los Pol\u00edticos\" \/>\n\t<meta name=\"twitter:label2\" content=\"Tiempo de lectura\" \/>\n\t<meta name=\"twitter:data2\" content=\"3 minutos\" \/>\n<script type=\"application\/ld+json\" class=\"yoast-schema-graph\">{\"@context\":\"https:\\\/\\\/schema.org\",\"@graph\":[{\"@type\":\"Article\",\"@id\":\"https:\\\/\\\/lospoliticosveracruz.com\\\/?p=12640#article\",\"isPartOf\":{\"@id\":\"https:\\\/\\\/lospoliticosveracruz.com\\\/?p=12640\"},\"author\":{\"name\":\"Lo viste en Los Pol\u00edticos\",\"@id\":\"https:\\\/\\\/lospoliticosveracruz.com\\\/#\\\/schema\\\/person\\\/b8702bb0e538456e6efd07080bf2a4a2\"},\"headline\":\"La ceguera es cabrona\",\"datePublished\":\"2014-10-14T16:37:15+00:00\",\"mainEntityOfPage\":{\"@id\":\"https:\\\/\\\/lospoliticosveracruz.com\\\/?p=12640\"},\"wordCount\":649,\"commentCount\":0,\"publisher\":{\"@id\":\"https:\\\/\\\/lospoliticosveracruz.com\\\/#organization\"},\"image\":{\"@id\":\"https:\\\/\\\/lospoliticosveracruz.com\\\/?p=12640#primaryimage\"},\"thumbnailUrl\":\"http:\\\/\\\/www.lospoliticosveracruz.com.mx\\\/wp-content\\\/uploads\\\/2014\\\/10\\\/Indiferencia-300x242.jpg\",\"keywords\":[\"inseguridad\",\"Poniatowska\",\"Sauces\",\"Xalapa\"],\"articleSection\":[\"De Opini\u00f3n\"],\"inLanguage\":\"es\",\"potentialAction\":[{\"@type\":\"CommentAction\",\"name\":\"Comment\",\"target\":[\"https:\\\/\\\/lospoliticosveracruz.com\\\/?p=12640#respond\"]}]},{\"@type\":\"WebPage\",\"@id\":\"https:\\\/\\\/lospoliticosveracruz.com\\\/?p=12640\",\"url\":\"https:\\\/\\\/lospoliticosveracruz.com\\\/?p=12640\",\"name\":\"La ceguera es cabrona - Los pol\u00edticos Veracruz\",\"isPartOf\":{\"@id\":\"https:\\\/\\\/lospoliticosveracruz.com\\\/#website\"},\"primaryImageOfPage\":{\"@id\":\"https:\\\/\\\/lospoliticosveracruz.com\\\/?p=12640#primaryimage\"},\"image\":{\"@id\":\"https:\\\/\\\/lospoliticosveracruz.com\\\/?p=12640#primaryimage\"},\"thumbnailUrl\":\"http:\\\/\\\/www.lospoliticosveracruz.com.mx\\\/wp-content\\\/uploads\\\/2014\\\/10\\\/Indiferencia-300x242.jpg\",\"datePublished\":\"2014-10-14T16:37:15+00:00\",\"breadcrumb\":{\"@id\":\"https:\\\/\\\/lospoliticosveracruz.com\\\/?p=12640#breadcrumb\"},\"inLanguage\":\"es\",\"potentialAction\":[{\"@type\":\"ReadAction\",\"target\":[\"https:\\\/\\\/lospoliticosveracruz.com\\\/?p=12640\"]}]},{\"@type\":\"ImageObject\",\"inLanguage\":\"es\",\"@id\":\"https:\\\/\\\/lospoliticosveracruz.com\\\/?p=12640#primaryimage\",\"url\":\"http:\\\/\\\/www.lospoliticosveracruz.com.mx\\\/wp-content\\\/uploads\\\/2014\\\/10\\\/Indiferencia-300x242.jpg\",\"contentUrl\":\"http:\\\/\\\/www.lospoliticosveracruz.com.mx\\\/wp-content\\\/uploads\\\/2014\\\/10\\\/Indiferencia-300x242.jpg\"},{\"@type\":\"BreadcrumbList\",\"@id\":\"https:\\\/\\\/lospoliticosveracruz.com\\\/?p=12640#breadcrumb\",\"itemListElement\":[{\"@type\":\"ListItem\",\"position\":1,\"name\":\"Portada\",\"item\":\"https:\\\/\\\/lospoliticosveracruz.com\\\/\"},{\"@type\":\"ListItem\",\"position\":2,\"name\":\"La ceguera es cabrona\"}]},{\"@type\":\"WebSite\",\"@id\":\"https:\\\/\\\/lospoliticosveracruz.com\\\/#website\",\"url\":\"https:\\\/\\\/lospoliticosveracruz.com\\\/\",\"name\":\"Los pol\u00edticos Veracruz\",\"description\":\"\",\"publisher\":{\"@id\":\"https:\\\/\\\/lospoliticosveracruz.com\\\/#organization\"},\"potentialAction\":[{\"@type\":\"SearchAction\",\"target\":{\"@type\":\"EntryPoint\",\"urlTemplate\":\"https:\\\/\\\/lospoliticosveracruz.com\\\/?s={search_term_string}\"},\"query-input\":{\"@type\":\"PropertyValueSpecification\",\"valueRequired\":true,\"valueName\":\"search_term_string\"}}],\"inLanguage\":\"es\"},{\"@type\":\"Organization\",\"@id\":\"https:\\\/\\\/lospoliticosveracruz.com\\\/#organization\",\"name\":\"Los pol\u00edticos Veracruz\",\"url\":\"https:\\\/\\\/lospoliticosveracruz.com\\\/\",\"logo\":{\"@type\":\"ImageObject\",\"inLanguage\":\"es\",\"@id\":\"https:\\\/\\\/lospoliticosveracruz.com\\\/#\\\/schema\\\/logo\\\/image\\\/\",\"url\":\"https:\\\/\\\/lospoliticosveracruz.com\\\/wp-content\\\/uploads\\\/2025\\\/12\\\/Logo-Nuevo-LOS-POLITICOS-1.jpg\",\"contentUrl\":\"https:\\\/\\\/lospoliticosveracruz.com\\\/wp-content\\\/uploads\\\/2025\\\/12\\\/Logo-Nuevo-LOS-POLITICOS-1.jpg\",\"width\":260,\"height\":70,\"caption\":\"Los pol\u00edticos Veracruz\"},\"image\":{\"@id\":\"https:\\\/\\\/lospoliticosveracruz.com\\\/#\\\/schema\\\/logo\\\/image\\\/\"},\"sameAs\":[\"https:\\\/\\\/www.facebook.com\\\/people\\\/Notimemes-de-los-Polticos\\\/61565672886568\\\/\",\"https:\\\/\\\/x.com\\\/LosPoliticosVer\"]},{\"@type\":\"Person\",\"@id\":\"https:\\\/\\\/lospoliticosveracruz.com\\\/#\\\/schema\\\/person\\\/b8702bb0e538456e6efd07080bf2a4a2\",\"name\":\"Lo viste en Los Pol\u00edticos\",\"image\":{\"@type\":\"ImageObject\",\"inLanguage\":\"es\",\"@id\":\"https:\\\/\\\/secure.gravatar.com\\\/avatar\\\/3a8de04a2656d44082be478bd6c086daa447c4651605818287b9532d3d0bd435?s=96&d=mm&r=g\",\"url\":\"https:\\\/\\\/secure.gravatar.com\\\/avatar\\\/3a8de04a2656d44082be478bd6c086daa447c4651605818287b9532d3d0bd435?s=96&d=mm&r=g\",\"contentUrl\":\"https:\\\/\\\/secure.gravatar.com\\\/avatar\\\/3a8de04a2656d44082be478bd6c086daa447c4651605818287b9532d3d0bd435?s=96&d=mm&r=g\",\"caption\":\"Lo viste en Los Pol\u00edticos\"},\"url\":\"https:\\\/\\\/lospoliticosveracruz.com\\\/?author=2\"}]}<\/script>\n<!-- \/ Yoast SEO plugin. -->","yoast_head_json":{"title":"La ceguera es cabrona - Los pol\u00edticos Veracruz","robots":{"index":"index","follow":"follow","max-snippet":"max-snippet:-1","max-image-preview":"max-image-preview:large","max-video-preview":"max-video-preview:-1"},"canonical":"https:\/\/lospoliticosveracruz.com\/?p=12640","og_locale":"es_ES","og_type":"article","og_title":"La ceguera es cabrona - Los pol\u00edticos Veracruz","og_description":"&nbsp; Jorge Arturo Rodr\u00edguez Tierra de Babel &nbsp; \u201cTodo parece indicar que el mal est\u00e1 desatado, que los cuatro jinetes del Apocalipsis ya recorren el mundo\u201d, me coment\u00f3 un amigo, profundamente preocupado, y a\u00f1adi\u00f3: \u201cY si no te la crees, nada m\u00e1s mira a tu alrededor, s\u00f3lo falta que a ti te pase\u201d. A su [&hellip;]","og_url":"https:\/\/lospoliticosveracruz.com\/?p=12640","og_site_name":"Los pol\u00edticos Veracruz","article_publisher":"https:\/\/www.facebook.com\/people\/Notimemes-de-los-Polticos\/61565672886568\/","article_published_time":"2014-10-14T16:37:15+00:00","og_image":[{"url":"http:\/\/www.lospoliticosveracruz.com.mx\/wp-content\/uploads\/2014\/10\/Indiferencia-300x242.jpg","type":"","width":"","height":""}],"author":"Lo viste en Los Pol\u00edticos","twitter_card":"summary_large_image","twitter_creator":"@LosPoliticosVer","twitter_site":"@LosPoliticosVer","twitter_misc":{"Escrito por":"Lo viste en Los Pol\u00edticos","Tiempo de lectura":"3 minutos"},"schema":{"@context":"https:\/\/schema.org","@graph":[{"@type":"Article","@id":"https:\/\/lospoliticosveracruz.com\/?p=12640#article","isPartOf":{"@id":"https:\/\/lospoliticosveracruz.com\/?p=12640"},"author":{"name":"Lo viste en Los Pol\u00edticos","@id":"https:\/\/lospoliticosveracruz.com\/#\/schema\/person\/b8702bb0e538456e6efd07080bf2a4a2"},"headline":"La ceguera es cabrona","datePublished":"2014-10-14T16:37:15+00:00","mainEntityOfPage":{"@id":"https:\/\/lospoliticosveracruz.com\/?p=12640"},"wordCount":649,"commentCount":0,"publisher":{"@id":"https:\/\/lospoliticosveracruz.com\/#organization"},"image":{"@id":"https:\/\/lospoliticosveracruz.com\/?p=12640#primaryimage"},"thumbnailUrl":"http:\/\/www.lospoliticosveracruz.com.mx\/wp-content\/uploads\/2014\/10\/Indiferencia-300x242.jpg","keywords":["inseguridad","Poniatowska","Sauces","Xalapa"],"articleSection":["De Opini\u00f3n"],"inLanguage":"es","potentialAction":[{"@type":"CommentAction","name":"Comment","target":["https:\/\/lospoliticosveracruz.com\/?p=12640#respond"]}]},{"@type":"WebPage","@id":"https:\/\/lospoliticosveracruz.com\/?p=12640","url":"https:\/\/lospoliticosveracruz.com\/?p=12640","name":"La ceguera es cabrona - Los pol\u00edticos Veracruz","isPartOf":{"@id":"https:\/\/lospoliticosveracruz.com\/#website"},"primaryImageOfPage":{"@id":"https:\/\/lospoliticosveracruz.com\/?p=12640#primaryimage"},"image":{"@id":"https:\/\/lospoliticosveracruz.com\/?p=12640#primaryimage"},"thumbnailUrl":"http:\/\/www.lospoliticosveracruz.com.mx\/wp-content\/uploads\/2014\/10\/Indiferencia-300x242.jpg","datePublished":"2014-10-14T16:37:15+00:00","breadcrumb":{"@id":"https:\/\/lospoliticosveracruz.com\/?p=12640#breadcrumb"},"inLanguage":"es","potentialAction":[{"@type":"ReadAction","target":["https:\/\/lospoliticosveracruz.com\/?p=12640"]}]},{"@type":"ImageObject","inLanguage":"es","@id":"https:\/\/lospoliticosveracruz.com\/?p=12640#primaryimage","url":"http:\/\/www.lospoliticosveracruz.com.mx\/wp-content\/uploads\/2014\/10\/Indiferencia-300x242.jpg","contentUrl":"http:\/\/www.lospoliticosveracruz.com.mx\/wp-content\/uploads\/2014\/10\/Indiferencia-300x242.jpg"},{"@type":"BreadcrumbList","@id":"https:\/\/lospoliticosveracruz.com\/?p=12640#breadcrumb","itemListElement":[{"@type":"ListItem","position":1,"name":"Portada","item":"https:\/\/lospoliticosveracruz.com\/"},{"@type":"ListItem","position":2,"name":"La ceguera es cabrona"}]},{"@type":"WebSite","@id":"https:\/\/lospoliticosveracruz.com\/#website","url":"https:\/\/lospoliticosveracruz.com\/","name":"Los pol\u00edticos Veracruz","description":"","publisher":{"@id":"https:\/\/lospoliticosveracruz.com\/#organization"},"potentialAction":[{"@type":"SearchAction","target":{"@type":"EntryPoint","urlTemplate":"https:\/\/lospoliticosveracruz.com\/?s={search_term_string}"},"query-input":{"@type":"PropertyValueSpecification","valueRequired":true,"valueName":"search_term_string"}}],"inLanguage":"es"},{"@type":"Organization","@id":"https:\/\/lospoliticosveracruz.com\/#organization","name":"Los pol\u00edticos Veracruz","url":"https:\/\/lospoliticosveracruz.com\/","logo":{"@type":"ImageObject","inLanguage":"es","@id":"https:\/\/lospoliticosveracruz.com\/#\/schema\/logo\/image\/","url":"https:\/\/lospoliticosveracruz.com\/wp-content\/uploads\/2025\/12\/Logo-Nuevo-LOS-POLITICOS-1.jpg","contentUrl":"https:\/\/lospoliticosveracruz.com\/wp-content\/uploads\/2025\/12\/Logo-Nuevo-LOS-POLITICOS-1.jpg","width":260,"height":70,"caption":"Los pol\u00edticos Veracruz"},"image":{"@id":"https:\/\/lospoliticosveracruz.com\/#\/schema\/logo\/image\/"},"sameAs":["https:\/\/www.facebook.com\/people\/Notimemes-de-los-Polticos\/61565672886568\/","https:\/\/x.com\/LosPoliticosVer"]},{"@type":"Person","@id":"https:\/\/lospoliticosveracruz.com\/#\/schema\/person\/b8702bb0e538456e6efd07080bf2a4a2","name":"Lo viste en Los Pol\u00edticos","image":{"@type":"ImageObject","inLanguage":"es","@id":"https:\/\/secure.gravatar.com\/avatar\/3a8de04a2656d44082be478bd6c086daa447c4651605818287b9532d3d0bd435?s=96&d=mm&r=g","url":"https:\/\/secure.gravatar.com\/avatar\/3a8de04a2656d44082be478bd6c086daa447c4651605818287b9532d3d0bd435?s=96&d=mm&r=g","contentUrl":"https:\/\/secure.gravatar.com\/avatar\/3a8de04a2656d44082be478bd6c086daa447c4651605818287b9532d3d0bd435?s=96&d=mm&r=g","caption":"Lo viste en Los Pol\u00edticos"},"url":"https:\/\/lospoliticosveracruz.com\/?author=2"}]}},"_links":{"self":[{"href":"https:\/\/lospoliticosveracruz.com\/index.php?rest_route=\/wp\/v2\/posts\/12640","targetHints":{"allow":["GET"]}}],"collection":[{"href":"https:\/\/lospoliticosveracruz.com\/index.php?rest_route=\/wp\/v2\/posts"}],"about":[{"href":"https:\/\/lospoliticosveracruz.com\/index.php?rest_route=\/wp\/v2\/types\/post"}],"author":[{"embeddable":true,"href":"https:\/\/lospoliticosveracruz.com\/index.php?rest_route=\/wp\/v2\/users\/2"}],"replies":[{"embeddable":true,"href":"https:\/\/lospoliticosveracruz.com\/index.php?rest_route=%2Fwp%2Fv2%2Fcomments&post=12640"}],"version-history":[{"count":2,"href":"https:\/\/lospoliticosveracruz.com\/index.php?rest_route=\/wp\/v2\/posts\/12640\/revisions"}],"predecessor-version":[{"id":12643,"href":"https:\/\/lospoliticosveracruz.com\/index.php?rest_route=\/wp\/v2\/posts\/12640\/revisions\/12643"}],"wp:attachment":[{"href":"https:\/\/lospoliticosveracruz.com\/index.php?rest_route=%2Fwp%2Fv2%2Fmedia&parent=12640"}],"wp:term":[{"taxonomy":"category","embeddable":true,"href":"https:\/\/lospoliticosveracruz.com\/index.php?rest_route=%2Fwp%2Fv2%2Fcategories&post=12640"},{"taxonomy":"post_tag","embeddable":true,"href":"https:\/\/lospoliticosveracruz.com\/index.php?rest_route=%2Fwp%2Fv2%2Ftags&post=12640"}],"curies":[{"name":"wp","href":"https:\/\/api.w.org\/{rel}","templated":true}]}}