{"id":126419,"date":"2024-06-22T08:44:58","date_gmt":"2024-06-22T13:44:58","guid":{"rendered":"https:\/\/lospoliticosveracruz.com.mx\/?p=126419"},"modified":"2024-06-22T08:45:11","modified_gmt":"2024-06-22T13:45:11","slug":"los-yunes-azules-la-historia-engarzada","status":"publish","type":"post","link":"https:\/\/lospoliticosveracruz.com\/?p=126419","title":{"rendered":"LOS YUNES AZULES, LA HISTORIA ENGARZADA"},"content":{"rendered":"\n<p><strong>Ricardo Chua<\/strong><\/p>\n\n\n\n<p><em>Sale y Vale<\/em><\/p>\n\n\n\n<p>Una novela pareciera la historia que se vive en Veracruz con el caso de Miguel \u00c1ngel Yunes M\u00e1rquez.. Donde el senador electo del PAN-PRI-PRD es citado por la Fiscal\u00eda General del Estado para seguir una investigaci\u00f3n, abierta en 2021, por PRESUNTO uso de documentos falsos para buscar un cargo de elecci\u00f3n popular en Veracruz puerto.. Pero dice \u00abGarganta Profunda\u00bb que esta situaci\u00f3n de Yunes M\u00e1rquez tiene DOS VERTIENTES.. Uno nacional y otro local.. Ambos con fines pol\u00edticos y de gobierno..<\/p>\n\n\n\n<p>Independientemente de lo que diga la defensa y la FGE sobre el caso Miguel Yunes junior.. De los temas m\u00e9dicos y la \u00abviveza\u00bb de sus abogados para evitar que su cliente, no tome protesta como legislador federal.. Para nadie es un \u00absecreto\u00bb en Veracruz, que el tema es complementamente MEDI\u00c1TICO.. Nadie duda que MORENA lo que busca es exhibir en redes sociales y medios de comunicaci\u00f3n a uno de los principales miembros del Clan Yunes \u00abAzul\u00bb siendo detenido o entrando a la FGE procesado esposado.. BUSCAN LA FOTO.. NO HAY M\u00c1S..<\/p>\n\n\n\n<p>Sin embargo, \u00abGarganta Profunda\u00bb dice que este caso tambi\u00e9n tiene otras DOS ARISTAS importantes.. A las que hay que ponerle atenci\u00f3n.. La primera de ellas es un tema nacional y tiene que ver con la CONFORMACI\u00d3N de la pr\u00f3xima c\u00e1mara de senadores.. Ya que a MORENA a\u00fan no tiene segura la MAYOR\u00cdA CALIFICADA y aunque logren que los dos senadores del PRD (Tabasco y Michoac\u00e1n) se pasen a sus filas.. Le faltar\u00edan 2 senadores m\u00e1s para lograr esa mayor\u00eda y una ESTRATEGIA ser\u00eda quitar a Yunes M\u00e1rquez del camino.. SEA COMO SEA..<\/p>\n\n\n\n<p>A pesar de que su padre, Miguel \u00c1ngel Yunes Linares pueda subir al cargo por ser el senador suplente.. Con este tipo de \u00abapret\u00f3n\u00bb cualquier cosa puede pasar.. Por eso, \u00abGarganta Profunda\u00bb menciona que si los Yunes \u00abAzules\u00bb quieren librarse del tema y poder entrar al Senado.. La oposici\u00f3n debe operar YA con MORENA la mayor\u00eda absoluta del Senado para Claudia Shienbaum.. Ya que si no buscar\u00e1n \u00absacrificar\u00bb a ambos.. Sin ellos, MORENA estar\u00eda a un senador de lograr la mayor\u00eda absoluta.. Parece una novela de ciencia ficci\u00f3n.. TENEBRA POL\u00cdTICA..<\/p>\n\n\n\n<p>La segunda de ellas, menciona \u00abGarganta Profunda\u00bb, ser\u00eda que MORENA despu\u00e9s del triunfo del 2 de junio, mand\u00f3 a construir un \u00ab\u00e1rea\u00bb para ir contra los enemigos y contrincantes m\u00e1s f\u00e9rreos.. Dejando que esa \u00ablabor\u00bb la haga la Fiscal, Ver\u00f3nica Hern\u00e1ndez, para resarcir las intrigas del grupo pol\u00edtico al que pertenece al interior de Los Morenos (Eric Cisneros Burgos) que hicieron en su momento en contra de Roc\u00edo Nahle.. De esa manera, estas acciones legales contra los Yunes ser\u00edan el INSTRUMENTO DE DESPEDIDA de la actual titular de la FGE..<\/p>\n\n\n\n<p>Se supone que con esta situaci\u00f3n.. Ver\u00f3nica Hern\u00e1ndez se va a \u00abdesgastar\u00bb en el cargo porque los Yunes \u00abAzules\u00bb son un \u00abhueso duro de roer\u00bb y ella le tocar\u00e1 ser la \u00abpagana\u00bb de todo este esc\u00e1ndalo pol\u00edtico-medi\u00e1tico y legal que representa este caso.. Mismo que tiene que quedar listo antes de diciembre.. Para que el gobierno de Roc\u00edo Nahle quede DESLIGADO del caso y todo sea culpa de Cuitl\u00e1huac Garc\u00eda y la Fiscal\u00eda de Veracruz porque todo ser\u00eda dirimido durante la actual administraci\u00f3n.. Sea cual sea la suerte legal de los Yunes \u00abAzules\u00bb..<\/p>\n\n\n\n<p>De esa manera, pase lo que pase con Miguel Yunes M\u00e1rquez, la responsabilidad ser\u00e1 de Ver\u00f3nica Hern\u00e1ndez.. De nadie m\u00e1s.. Ya que si hay una investigaci\u00f3n mal hecha o ama\u00f1ada la carpeta de investigaci\u00f3n y eso provoca que Miguel junior la libre y deje mal parada a la FGE.. El descr\u00e9dito, la culpa y la exhibici\u00f3n ser\u00e1 de la actual Fiscal.. Y no del que posiblemente ocupe su cargo a partir de diciembre pr\u00f3ximo, que todo indica que ser\u00e1 el actual alcalde de Coatzacoalcos, Amado Cruz Malpica.. Que ser\u00eda ungido como titular de la FGE..<\/p>\n\n\n\n<p>As\u00ed que \u00abGarganta Profunda\u00bb hace \u00e9nfasis que, por eso desde este momento, todo se est\u00e1 preparando para que antes de que tome protesta Nahle.. Se haga lo que se tenga que hacer con el caso Yunes M\u00e1rquez y a ella no se le vincule con nada.. Y adem\u00e1s evitar que este personaje tome protesta como senador y alcance la protecci\u00f3n federal por el fuero como legislador.. Y con ello tambi\u00e9n evitar, que pueda ser llevado al \u00abbanco de los acusados\u00bb..<\/p>\n\n\n\n<p>Por eso, es obvio, que s\u00f3lo quieren la foto de un Yunes procesado en la FGE.. De esa manera, tambi\u00e9n le pegan pol\u00edticamente al m\u00e1s poderoso grupo de la oposici\u00f3n para sacarlos de la contiendas municipales del 2025.. Para \u00abdoblegarlos\u00bb antes de las elecciones para que les entreguen a MORENA tanto el puerto de Veracruz y Boca del R\u00edo, m\u00e1s lo que sobre del PAN.. En pocas palabras.. VAN POR TODO a lo que \u00abhuela\u00bb a Yunes del color que sea.. EL QUE ENTENDI\u00d3, ENTENDI\u00d3..<\/p>\n\n\n\n<p>REFLEXI\u00d3N.. Todo parece que en Veracruz, el partido, el gobierno estatal saliente y entrante de MORENA.. Quieren tener al Clan Yunes \u00abAzules\u00bb junto con toda la oposici\u00f3n CONTRA EL SUELO para que NO EST\u00c9N dando \u00ablata\u00bb en este sexenio venidero.. Buscando eso puede pasar de todo: Acuerdos, persecuci\u00f3n, alianzas, crisis, gobernabilidad, hasta c\u00e1rcel.. Nada de esta parte se puede decir que est\u00e1 definida a\u00fan.. Los hechos hablan por s\u00ed solos.. Creo que la \u00abpel\u00edcula\u00bb apenas va en el \u00abjal\u00f3n de pescuezo\u00bb a este grupo y a la oposici\u00f3n.. Y lo que le sigue depender\u00e1 de ver como reaccionan.. Pero es cierto en todo esto: \u00abLos jugadores cambian, el juego no\u00bb.. GAME OF THRONES..<\/p>\n","protected":false},"excerpt":{"rendered":"<p>Ricardo Chua Sale y Vale Una novela pareciera la historia que se vive en Veracruz con el caso de Miguel \u00c1ngel Yunes M\u00e1rquez.. Donde el senador electo del PAN-PRI-PRD es citado por la Fiscal\u00eda General del Estado para seguir una investigaci\u00f3n, abierta en 2021, por PRESUNTO uso de documentos falsos para buscar un cargo de [&hellip;]<\/p>\n","protected":false},"author":2,"featured_media":119817,"comment_status":"closed","ping_status":"closed","sticky":false,"template":"","format":"standard","meta":{"tdm_status":"","tdm_grid_status":"","footnotes":""},"categories":[70],"tags":[5618,1563,12299,26718,1026,3578,195,15165],"class_list":{"0":"post-126419","1":"post","2":"type-post","3":"status-publish","4":"format-standard","5":"has-post-thumbnail","7":"category-de-opinion","8":"tag-amado-cruz-malpica","9":"tag-cuitlahuac-garcia-jimenez","10":"tag-eric-cisneros-burgos","11":"tag-miguel-angel-yunes-linares-2","12":"tag-morena","13":"tag-rocio-nahle","14":"tag-veracruz","15":"tag-veronica-hernandez-giadans"},"yoast_head":"<!-- This site is optimized with the Yoast SEO plugin v27.4 - https:\/\/yoast.com\/product\/yoast-seo-wordpress\/ -->\n<title>LOS YUNES AZULES, LA HISTORIA ENGARZADA - Los pol\u00edticos Veracruz<\/title>\n<meta name=\"robots\" content=\"index, follow, max-snippet:-1, max-image-preview:large, max-video-preview:-1\" \/>\n<link rel=\"canonical\" href=\"https:\/\/lospoliticosveracruz.com\/?p=126419\" \/>\n<meta property=\"og:locale\" content=\"es_ES\" \/>\n<meta property=\"og:type\" content=\"article\" \/>\n<meta property=\"og:title\" content=\"LOS YUNES AZULES, LA HISTORIA ENGARZADA - Los pol\u00edticos Veracruz\" \/>\n<meta property=\"og:description\" content=\"Ricardo Chua Sale y Vale Una novela pareciera la historia que se vive en Veracruz con el caso de Miguel \u00c1ngel Yunes M\u00e1rquez.. Donde el senador electo del PAN-PRI-PRD es citado por la Fiscal\u00eda General del Estado para seguir una investigaci\u00f3n, abierta en 2021, por PRESUNTO uso de documentos falsos para buscar un cargo de [&hellip;]\" \/>\n<meta property=\"og:url\" content=\"https:\/\/lospoliticosveracruz.com\/?p=126419\" \/>\n<meta property=\"og:site_name\" content=\"Los pol\u00edticos Veracruz\" \/>\n<meta property=\"article:publisher\" content=\"https:\/\/www.facebook.com\/people\/Notimemes-de-los-Polticos\/61565672886568\/\" \/>\n<meta property=\"article:published_time\" content=\"2024-06-22T13:44:58+00:00\" \/>\n<meta property=\"article:modified_time\" content=\"2024-06-22T13:45:11+00:00\" \/>\n<meta property=\"og:image\" content=\"https:\/\/lospoliticosveracruz.com\/wp-content\/uploads\/2024\/03\/Ricardo-Chua.jpg\" \/>\n\t<meta property=\"og:image:width\" content=\"1250\" \/>\n\t<meta property=\"og:image:height\" content=\"667\" \/>\n\t<meta property=\"og:image:type\" content=\"image\/jpeg\" \/>\n<meta name=\"author\" content=\"Lo viste en Los Pol\u00edticos\" \/>\n<meta name=\"twitter:card\" content=\"summary_large_image\" \/>\n<meta name=\"twitter:creator\" content=\"@LosPoliticosVer\" \/>\n<meta name=\"twitter:site\" content=\"@LosPoliticosVer\" \/>\n<meta name=\"twitter:label1\" content=\"Escrito por\" \/>\n\t<meta name=\"twitter:data1\" content=\"Lo viste en Los Pol\u00edticos\" \/>\n\t<meta name=\"twitter:label2\" content=\"Tiempo de lectura\" \/>\n\t<meta name=\"twitter:data2\" content=\"5 minutos\" \/>\n<script type=\"application\/ld+json\" class=\"yoast-schema-graph\">{\"@context\":\"https:\\\/\\\/schema.org\",\"@graph\":[{\"@type\":\"Article\",\"@id\":\"https:\\\/\\\/lospoliticosveracruz.com\\\/?p=126419#article\",\"isPartOf\":{\"@id\":\"https:\\\/\\\/lospoliticosveracruz.com\\\/?p=126419\"},\"author\":{\"name\":\"Lo viste en Los Pol\u00edticos\",\"@id\":\"https:\\\/\\\/lospoliticosveracruz.com\\\/#\\\/schema\\\/person\\\/b8702bb0e538456e6efd07080bf2a4a2\"},\"headline\":\"LOS YUNES AZULES, LA HISTORIA ENGARZADA\",\"datePublished\":\"2024-06-22T13:44:58+00:00\",\"dateModified\":\"2024-06-22T13:45:11+00:00\",\"mainEntityOfPage\":{\"@id\":\"https:\\\/\\\/lospoliticosveracruz.com\\\/?p=126419\"},\"wordCount\":1000,\"publisher\":{\"@id\":\"https:\\\/\\\/lospoliticosveracruz.com\\\/#organization\"},\"image\":{\"@id\":\"https:\\\/\\\/lospoliticosveracruz.com\\\/?p=126419#primaryimage\"},\"thumbnailUrl\":\"https:\\\/\\\/lospoliticosveracruz.com\\\/wp-content\\\/uploads\\\/2024\\\/03\\\/Ricardo-Chua.jpg\",\"keywords\":[\"Amado Cruz Malpica\",\"Cuitl\u00e1huac Garc\u00eda Jim\u00e9nez\",\"Eric Cisneros Burgos\",\"Miguel \u00c1ngel Yunes Linares\",\"Morena\",\"Roc\u00edo Nahle\",\"Veracruz\",\"Ver\u00f3nica Hern\u00e1ndez Giad\u00e1ns\"],\"articleSection\":[\"De Opini\u00f3n\"],\"inLanguage\":\"es\"},{\"@type\":\"WebPage\",\"@id\":\"https:\\\/\\\/lospoliticosveracruz.com\\\/?p=126419\",\"url\":\"https:\\\/\\\/lospoliticosveracruz.com\\\/?p=126419\",\"name\":\"LOS YUNES AZULES, LA HISTORIA ENGARZADA - Los pol\u00edticos Veracruz\",\"isPartOf\":{\"@id\":\"https:\\\/\\\/lospoliticosveracruz.com\\\/#website\"},\"primaryImageOfPage\":{\"@id\":\"https:\\\/\\\/lospoliticosveracruz.com\\\/?p=126419#primaryimage\"},\"image\":{\"@id\":\"https:\\\/\\\/lospoliticosveracruz.com\\\/?p=126419#primaryimage\"},\"thumbnailUrl\":\"https:\\\/\\\/lospoliticosveracruz.com\\\/wp-content\\\/uploads\\\/2024\\\/03\\\/Ricardo-Chua.jpg\",\"datePublished\":\"2024-06-22T13:44:58+00:00\",\"dateModified\":\"2024-06-22T13:45:11+00:00\",\"breadcrumb\":{\"@id\":\"https:\\\/\\\/lospoliticosveracruz.com\\\/?p=126419#breadcrumb\"},\"inLanguage\":\"es\",\"potentialAction\":[{\"@type\":\"ReadAction\",\"target\":[\"https:\\\/\\\/lospoliticosveracruz.com\\\/?p=126419\"]}]},{\"@type\":\"ImageObject\",\"inLanguage\":\"es\",\"@id\":\"https:\\\/\\\/lospoliticosveracruz.com\\\/?p=126419#primaryimage\",\"url\":\"https:\\\/\\\/lospoliticosveracruz.com\\\/wp-content\\\/uploads\\\/2024\\\/03\\\/Ricardo-Chua.jpg\",\"contentUrl\":\"https:\\\/\\\/lospoliticosveracruz.com\\\/wp-content\\\/uploads\\\/2024\\\/03\\\/Ricardo-Chua.jpg\",\"width\":1250,\"height\":667},{\"@type\":\"BreadcrumbList\",\"@id\":\"https:\\\/\\\/lospoliticosveracruz.com\\\/?p=126419#breadcrumb\",\"itemListElement\":[{\"@type\":\"ListItem\",\"position\":1,\"name\":\"Portada\",\"item\":\"https:\\\/\\\/lospoliticosveracruz.com\\\/\"},{\"@type\":\"ListItem\",\"position\":2,\"name\":\"LOS YUNES AZULES, LA HISTORIA ENGARZADA\"}]},{\"@type\":\"WebSite\",\"@id\":\"https:\\\/\\\/lospoliticosveracruz.com\\\/#website\",\"url\":\"https:\\\/\\\/lospoliticosveracruz.com\\\/\",\"name\":\"Los pol\u00edticos Veracruz\",\"description\":\"\",\"publisher\":{\"@id\":\"https:\\\/\\\/lospoliticosveracruz.com\\\/#organization\"},\"potentialAction\":[{\"@type\":\"SearchAction\",\"target\":{\"@type\":\"EntryPoint\",\"urlTemplate\":\"https:\\\/\\\/lospoliticosveracruz.com\\\/?s={search_term_string}\"},\"query-input\":{\"@type\":\"PropertyValueSpecification\",\"valueRequired\":true,\"valueName\":\"search_term_string\"}}],\"inLanguage\":\"es\"},{\"@type\":\"Organization\",\"@id\":\"https:\\\/\\\/lospoliticosveracruz.com\\\/#organization\",\"name\":\"Los pol\u00edticos Veracruz\",\"url\":\"https:\\\/\\\/lospoliticosveracruz.com\\\/\",\"logo\":{\"@type\":\"ImageObject\",\"inLanguage\":\"es\",\"@id\":\"https:\\\/\\\/lospoliticosveracruz.com\\\/#\\\/schema\\\/logo\\\/image\\\/\",\"url\":\"https:\\\/\\\/lospoliticosveracruz.com\\\/wp-content\\\/uploads\\\/2025\\\/12\\\/Logo-Nuevo-LOS-POLITICOS-1.jpg\",\"contentUrl\":\"https:\\\/\\\/lospoliticosveracruz.com\\\/wp-content\\\/uploads\\\/2025\\\/12\\\/Logo-Nuevo-LOS-POLITICOS-1.jpg\",\"width\":260,\"height\":70,\"caption\":\"Los pol\u00edticos Veracruz\"},\"image\":{\"@id\":\"https:\\\/\\\/lospoliticosveracruz.com\\\/#\\\/schema\\\/logo\\\/image\\\/\"},\"sameAs\":[\"https:\\\/\\\/www.facebook.com\\\/people\\\/Notimemes-de-los-Polticos\\\/61565672886568\\\/\",\"https:\\\/\\\/x.com\\\/LosPoliticosVer\"]},{\"@type\":\"Person\",\"@id\":\"https:\\\/\\\/lospoliticosveracruz.com\\\/#\\\/schema\\\/person\\\/b8702bb0e538456e6efd07080bf2a4a2\",\"name\":\"Lo viste en Los Pol\u00edticos\",\"image\":{\"@type\":\"ImageObject\",\"inLanguage\":\"es\",\"@id\":\"https:\\\/\\\/secure.gravatar.com\\\/avatar\\\/3a8de04a2656d44082be478bd6c086daa447c4651605818287b9532d3d0bd435?s=96&d=mm&r=g\",\"url\":\"https:\\\/\\\/secure.gravatar.com\\\/avatar\\\/3a8de04a2656d44082be478bd6c086daa447c4651605818287b9532d3d0bd435?s=96&d=mm&r=g\",\"contentUrl\":\"https:\\\/\\\/secure.gravatar.com\\\/avatar\\\/3a8de04a2656d44082be478bd6c086daa447c4651605818287b9532d3d0bd435?s=96&d=mm&r=g\",\"caption\":\"Lo viste en Los Pol\u00edticos\"},\"url\":\"https:\\\/\\\/lospoliticosveracruz.com\\\/?author=2\"}]}<\/script>\n<!-- \/ Yoast SEO plugin. -->","yoast_head_json":{"title":"LOS YUNES AZULES, LA HISTORIA ENGARZADA - Los pol\u00edticos Veracruz","robots":{"index":"index","follow":"follow","max-snippet":"max-snippet:-1","max-image-preview":"max-image-preview:large","max-video-preview":"max-video-preview:-1"},"canonical":"https:\/\/lospoliticosveracruz.com\/?p=126419","og_locale":"es_ES","og_type":"article","og_title":"LOS YUNES AZULES, LA HISTORIA ENGARZADA - Los pol\u00edticos Veracruz","og_description":"Ricardo Chua Sale y Vale Una novela pareciera la historia que se vive en Veracruz con el caso de Miguel \u00c1ngel Yunes M\u00e1rquez.. Donde el senador electo del PAN-PRI-PRD es citado por la Fiscal\u00eda General del Estado para seguir una investigaci\u00f3n, abierta en 2021, por PRESUNTO uso de documentos falsos para buscar un cargo de [&hellip;]","og_url":"https:\/\/lospoliticosveracruz.com\/?p=126419","og_site_name":"Los pol\u00edticos Veracruz","article_publisher":"https:\/\/www.facebook.com\/people\/Notimemes-de-los-Polticos\/61565672886568\/","article_published_time":"2024-06-22T13:44:58+00:00","article_modified_time":"2024-06-22T13:45:11+00:00","og_image":[{"width":1250,"height":667,"url":"https:\/\/lospoliticosveracruz.com\/wp-content\/uploads\/2024\/03\/Ricardo-Chua.jpg","type":"image\/jpeg"}],"author":"Lo viste en Los Pol\u00edticos","twitter_card":"summary_large_image","twitter_creator":"@LosPoliticosVer","twitter_site":"@LosPoliticosVer","twitter_misc":{"Escrito por":"Lo viste en Los Pol\u00edticos","Tiempo de lectura":"5 minutos"},"schema":{"@context":"https:\/\/schema.org","@graph":[{"@type":"Article","@id":"https:\/\/lospoliticosveracruz.com\/?p=126419#article","isPartOf":{"@id":"https:\/\/lospoliticosveracruz.com\/?p=126419"},"author":{"name":"Lo viste en Los Pol\u00edticos","@id":"https:\/\/lospoliticosveracruz.com\/#\/schema\/person\/b8702bb0e538456e6efd07080bf2a4a2"},"headline":"LOS YUNES AZULES, LA HISTORIA ENGARZADA","datePublished":"2024-06-22T13:44:58+00:00","dateModified":"2024-06-22T13:45:11+00:00","mainEntityOfPage":{"@id":"https:\/\/lospoliticosveracruz.com\/?p=126419"},"wordCount":1000,"publisher":{"@id":"https:\/\/lospoliticosveracruz.com\/#organization"},"image":{"@id":"https:\/\/lospoliticosveracruz.com\/?p=126419#primaryimage"},"thumbnailUrl":"https:\/\/lospoliticosveracruz.com\/wp-content\/uploads\/2024\/03\/Ricardo-Chua.jpg","keywords":["Amado Cruz Malpica","Cuitl\u00e1huac Garc\u00eda Jim\u00e9nez","Eric Cisneros Burgos","Miguel \u00c1ngel Yunes Linares","Morena","Roc\u00edo Nahle","Veracruz","Ver\u00f3nica Hern\u00e1ndez Giad\u00e1ns"],"articleSection":["De Opini\u00f3n"],"inLanguage":"es"},{"@type":"WebPage","@id":"https:\/\/lospoliticosveracruz.com\/?p=126419","url":"https:\/\/lospoliticosveracruz.com\/?p=126419","name":"LOS YUNES AZULES, LA HISTORIA ENGARZADA - Los pol\u00edticos Veracruz","isPartOf":{"@id":"https:\/\/lospoliticosveracruz.com\/#website"},"primaryImageOfPage":{"@id":"https:\/\/lospoliticosveracruz.com\/?p=126419#primaryimage"},"image":{"@id":"https:\/\/lospoliticosveracruz.com\/?p=126419#primaryimage"},"thumbnailUrl":"https:\/\/lospoliticosveracruz.com\/wp-content\/uploads\/2024\/03\/Ricardo-Chua.jpg","datePublished":"2024-06-22T13:44:58+00:00","dateModified":"2024-06-22T13:45:11+00:00","breadcrumb":{"@id":"https:\/\/lospoliticosveracruz.com\/?p=126419#breadcrumb"},"inLanguage":"es","potentialAction":[{"@type":"ReadAction","target":["https:\/\/lospoliticosveracruz.com\/?p=126419"]}]},{"@type":"ImageObject","inLanguage":"es","@id":"https:\/\/lospoliticosveracruz.com\/?p=126419#primaryimage","url":"https:\/\/lospoliticosveracruz.com\/wp-content\/uploads\/2024\/03\/Ricardo-Chua.jpg","contentUrl":"https:\/\/lospoliticosveracruz.com\/wp-content\/uploads\/2024\/03\/Ricardo-Chua.jpg","width":1250,"height":667},{"@type":"BreadcrumbList","@id":"https:\/\/lospoliticosveracruz.com\/?p=126419#breadcrumb","itemListElement":[{"@type":"ListItem","position":1,"name":"Portada","item":"https:\/\/lospoliticosveracruz.com\/"},{"@type":"ListItem","position":2,"name":"LOS YUNES AZULES, LA HISTORIA ENGARZADA"}]},{"@type":"WebSite","@id":"https:\/\/lospoliticosveracruz.com\/#website","url":"https:\/\/lospoliticosveracruz.com\/","name":"Los pol\u00edticos Veracruz","description":"","publisher":{"@id":"https:\/\/lospoliticosveracruz.com\/#organization"},"potentialAction":[{"@type":"SearchAction","target":{"@type":"EntryPoint","urlTemplate":"https:\/\/lospoliticosveracruz.com\/?s={search_term_string}"},"query-input":{"@type":"PropertyValueSpecification","valueRequired":true,"valueName":"search_term_string"}}],"inLanguage":"es"},{"@type":"Organization","@id":"https:\/\/lospoliticosveracruz.com\/#organization","name":"Los pol\u00edticos Veracruz","url":"https:\/\/lospoliticosveracruz.com\/","logo":{"@type":"ImageObject","inLanguage":"es","@id":"https:\/\/lospoliticosveracruz.com\/#\/schema\/logo\/image\/","url":"https:\/\/lospoliticosveracruz.com\/wp-content\/uploads\/2025\/12\/Logo-Nuevo-LOS-POLITICOS-1.jpg","contentUrl":"https:\/\/lospoliticosveracruz.com\/wp-content\/uploads\/2025\/12\/Logo-Nuevo-LOS-POLITICOS-1.jpg","width":260,"height":70,"caption":"Los pol\u00edticos Veracruz"},"image":{"@id":"https:\/\/lospoliticosveracruz.com\/#\/schema\/logo\/image\/"},"sameAs":["https:\/\/www.facebook.com\/people\/Notimemes-de-los-Polticos\/61565672886568\/","https:\/\/x.com\/LosPoliticosVer"]},{"@type":"Person","@id":"https:\/\/lospoliticosveracruz.com\/#\/schema\/person\/b8702bb0e538456e6efd07080bf2a4a2","name":"Lo viste en Los Pol\u00edticos","image":{"@type":"ImageObject","inLanguage":"es","@id":"https:\/\/secure.gravatar.com\/avatar\/3a8de04a2656d44082be478bd6c086daa447c4651605818287b9532d3d0bd435?s=96&d=mm&r=g","url":"https:\/\/secure.gravatar.com\/avatar\/3a8de04a2656d44082be478bd6c086daa447c4651605818287b9532d3d0bd435?s=96&d=mm&r=g","contentUrl":"https:\/\/secure.gravatar.com\/avatar\/3a8de04a2656d44082be478bd6c086daa447c4651605818287b9532d3d0bd435?s=96&d=mm&r=g","caption":"Lo viste en Los Pol\u00edticos"},"url":"https:\/\/lospoliticosveracruz.com\/?author=2"}]}},"_links":{"self":[{"href":"https:\/\/lospoliticosveracruz.com\/index.php?rest_route=\/wp\/v2\/posts\/126419","targetHints":{"allow":["GET"]}}],"collection":[{"href":"https:\/\/lospoliticosveracruz.com\/index.php?rest_route=\/wp\/v2\/posts"}],"about":[{"href":"https:\/\/lospoliticosveracruz.com\/index.php?rest_route=\/wp\/v2\/types\/post"}],"author":[{"embeddable":true,"href":"https:\/\/lospoliticosveracruz.com\/index.php?rest_route=\/wp\/v2\/users\/2"}],"replies":[{"embeddable":true,"href":"https:\/\/lospoliticosveracruz.com\/index.php?rest_route=%2Fwp%2Fv2%2Fcomments&post=126419"}],"version-history":[{"count":1,"href":"https:\/\/lospoliticosveracruz.com\/index.php?rest_route=\/wp\/v2\/posts\/126419\/revisions"}],"predecessor-version":[{"id":126420,"href":"https:\/\/lospoliticosveracruz.com\/index.php?rest_route=\/wp\/v2\/posts\/126419\/revisions\/126420"}],"wp:featuredmedia":[{"embeddable":true,"href":"https:\/\/lospoliticosveracruz.com\/index.php?rest_route=\/wp\/v2\/media\/119817"}],"wp:attachment":[{"href":"https:\/\/lospoliticosveracruz.com\/index.php?rest_route=%2Fwp%2Fv2%2Fmedia&parent=126419"}],"wp:term":[{"taxonomy":"category","embeddable":true,"href":"https:\/\/lospoliticosveracruz.com\/index.php?rest_route=%2Fwp%2Fv2%2Fcategories&post=126419"},{"taxonomy":"post_tag","embeddable":true,"href":"https:\/\/lospoliticosveracruz.com\/index.php?rest_route=%2Fwp%2Fv2%2Ftags&post=126419"}],"curies":[{"name":"wp","href":"https:\/\/api.w.org\/{rel}","templated":true}]}}