{"id":126425,"date":"2024-06-22T12:58:07","date_gmt":"2024-06-22T17:58:07","guid":{"rendered":"https:\/\/lospoliticosveracruz.com.mx\/?p=126425"},"modified":"2024-06-22T12:58:49","modified_gmt":"2024-06-22T17:58:49","slug":"persecucion-politica-y-abuso-de-poder-en-veracruz","status":"publish","type":"post","link":"https:\/\/lospoliticosveracruz.com\/?p=126425","title":{"rendered":"PERSECUCI\u00d3N POL\u00cdTICA Y ABUSO DE PODER EN VERACRUZ"},"content":{"rendered":"\n<p><strong>Maribel Ram\u00edrez Topete<\/strong><br>En el actual panorama pol\u00edtico de Veracruz, las recientes acusaciones de persecuci\u00f3n pol\u00edtica dirigidas contra Miguel \u00c1ngel Yunes M\u00e1rquez han encendido un debate sobre el uso y abuso del poder en el estado. Pepe Yunes, ex candidato a la gubernatura, ha denunciado p\u00fablicamente las acciones de Roc\u00edo Nahle, se\u00f1alando un grave atropello a los principios democr\u00e1ticos y constitucionales. Este incidente pone de manifiesto no solo las tensiones pol\u00edticas locales, sino tambi\u00e9n los desaf\u00edos m\u00e1s amplios que enfrenta la democracia mexicana.<\/p>\n\n\n\n<p>El conflicto surge en un momento cr\u00edtico para la pol\u00edtica veracruzana. Miguel \u00c1ngel Yunes M\u00e1rquez, Senador electo por Veracruz, reconocido por su desempe\u00f1o como alcalde de Boca del R\u00edo, se encuentra bajo persecuci\u00f3n pol\u00edtica orquestada por Roc\u00edo Nahle, quien, ha declarado p\u00fablicamente y ha instruido a la Fiscal\u00eda del Estado a fin de impedir su llegada al Senado. Pepe Yunes, en su defensa, ha destacado la integridad y el compromiso p\u00fablico de Yunes M\u00e1rquez, argumentando que las acusaciones penales son infundadas y un claro abuso de poder.<\/p>\n\n\n\n<p>Un punto crucial en la argumentaci\u00f3n es la diferencia entre obtener votos y ejercer poder. En una sociedad constituida, organizada pol\u00edtica y jur\u00eddicamente, el poder deriva de la Constituci\u00f3n, no de la simple aclamaci\u00f3n popular. Las elecciones otorgan a los ganadores el derecho a ocupar cargos, pero estos deben ser ejercidos dentro de los l\u00edmites y alcances que la Constituci\u00f3n establece. La afirmaci\u00f3n de Nahle de que los votos le han dado todo el poder revela una comprensi\u00f3n preocupantemente autocr\u00e1tica del mandato electoral.<\/p>\n\n\n\n<p>Es crucial que las autoridades centren sus esfuerzos en perseguir a los delincuentes que realmente amenazan la seguridad p\u00fablica, en lugar de enfocarse en opositores pol\u00edticos que no han cometido delitos. Esta priorizaci\u00f3n es esencial para restaurar la confianza en la justicia y el estado de derecho. El art\u00edculo enfatiza la importancia de defender la Constituci\u00f3n como el marco fundamental que regula el ejercicio del poder. En una rep\u00fablica, el poder se distribuye entre diversos \u00f3rganos del gobierno para garantizar un equilibrio y evitar la concentraci\u00f3n de poder en manos de unos pocos. La pretensi\u00f3n de ejercer el poder de manera ilimitada y arbitraria es incompatible con los principios republicanos.<\/p>\n\n\n\n<p>La dependencia de programas sociales para asegurar el apoyo electoral, criticada por Yunes, cuestiona la legitimidad de los resultados electorales y la sostenibilidad de estas pr\u00e1cticas a largo plazo. Esta estrategia, que podr\u00eda interpretarse como un chantaje a los votantes, debe ser revisada para garantizar una verdadera democracia. La ret\u00f3rica de respeto condicional (\u00abte respeto si me respetas\u00bb) es problem\u00e1tica, ya que sugiere un respeto arbitrario y situacional. El verdadero respeto y la verdadera tolerancia deben ser incondicionales y basados en principios democr\u00e1ticos s\u00f3lidos, no en la conveniencia pol\u00edtica. El art\u00edculo tambi\u00e9n aborda la cuesti\u00f3n de la lealtad en la pol\u00edtica, se\u00f1alando la actitud de algunos partidarios que buscan beneficios personales a expensas de sus principios. Mantener la lealtad a los ideales y a la causa republicana es crucial para la integridad y coherencia de cualquier movimiento pol\u00edtico.<\/p>\n\n\n\n<p>En el marco de esta situaci\u00f3n tensa, es fundamental recordar que la verdadera misi\u00f3n de cualquier gobierno es servir a todos los ciudadanos, independientemente de sus afiliaciones pol\u00edticas. Gobernar para todos implica construir puentes, fomentar el di\u00e1logo y buscar consensos que beneficien a la sociedad en su conjunto. La pol\u00edtica de enfrentamiento y persecuci\u00f3n solo lleva a una mayor polarizaci\u00f3n y conflicto. La construcci\u00f3n de paz requiere un compromiso genuino con el di\u00e1logo y la cooperaci\u00f3n. Las diferencias pol\u00edticas deben ser manejadas a trav\u00e9s del debate constructivo y la b\u00fasqueda de soluciones compartidas, no mediante la criminalizaci\u00f3n y la persecuci\u00f3n de opositores. Las instituciones democr\u00e1ticas deben ser espacios donde se refleje la diversidad de opiniones y se trabajen las diferencias de manera respetuosa y efectiva.<\/p>\n\n\n\n<p>Miguel \u00c1ngel Yunes M\u00e1rquez, como senador electo, tiene una gran oportunidad para demostrar su capacidad de liderazgo y compromiso con los valores democr\u00e1ticos. Su experiencia como alcalde de Boca del R\u00edo, donde se destac\u00f3 por su eficiencia y cercan\u00eda con la ciudadan\u00eda, es un precedente que augura un desempe\u00f1o sobresaliente en el Senado. Yunes M\u00e1rquez no solo tiene la posibilidad de representar dignamente a Veracruz, sino tambi\u00e9n de ser un contrapeso significativo en el Senado. Su principal reto ser\u00e1 fomentar el di\u00e1logo y los consensos necesarios para avanzar en la construcci\u00f3n de una democracia s\u00f3lida y funcional. Su labor ser\u00e1 esencial para garantizar que las voces de todos los ciudadanos sean escuchadas y respetadas, promoviendo un gobierno inclusivo y equitativo.<\/p>\n\n\n\n<p>La situaci\u00f3n en Veracruz es un microcosmos de los desaf\u00edos m\u00e1s amplios que enfrenta la democracia mexicana. La persecuci\u00f3n pol\u00edtica y el abuso de poder no solo afectan a los individuos directamente involucrados, sino que tambi\u00e9n minan la confianza p\u00fablica en las instituciones y el proceso democr\u00e1tico. Defender la Constituci\u00f3n y garantizar que el poder se ejerza de manera limitada y equilibrada es esencial para preservar la democracia y el estado de derecho en M\u00e9xico. Es vital que todos los actores pol\u00edticos se comprometan con la construcci\u00f3n de paz y consensos, y que gobernar para todos se convierta en el principio rector de nuestra vida p\u00fablica. Solo as\u00ed podremos avanzar hacia una sociedad m\u00e1s justa, democr\u00e1tica y unida.<\/p>\n","protected":false},"excerpt":{"rendered":"<p>Maribel Ram\u00edrez TopeteEn el actual panorama pol\u00edtico de Veracruz, las recientes acusaciones de persecuci\u00f3n pol\u00edtica dirigidas contra Miguel \u00c1ngel Yunes M\u00e1rquez han encendido un debate sobre el uso y abuso del poder en el estado. Pepe Yunes, ex candidato a la gubernatura, ha denunciado p\u00fablicamente las acciones de Roc\u00edo Nahle, se\u00f1alando un grave atropello a [&hellip;]<\/p>\n","protected":false},"author":2,"featured_media":120031,"comment_status":"closed","ping_status":"closed","sticky":false,"template":"","format":"standard","meta":{"tdm_status":"","tdm_grid_status":"","footnotes":""},"categories":[70],"tags":[536,1026,266,570,251,3578,711,195],"class_list":{"0":"post-126425","1":"post","2":"type-post","3":"status-publish","4":"format-standard","5":"has-post-thumbnail","7":"category-de-opinion","8":"tag-miguel-angel-yunes-marquez","9":"tag-morena","10":"tag-pan","11":"tag-pepe-yunes","12":"tag-pri","13":"tag-rocio-nahle","14":"tag-senado","15":"tag-veracruz"},"yoast_head":"<!-- This site is optimized with the Yoast SEO plugin v27.4 - https:\/\/yoast.com\/product\/yoast-seo-wordpress\/ -->\n<title>PERSECUCI\u00d3N POL\u00cdTICA Y ABUSO DE PODER EN VERACRUZ - Los pol\u00edticos Veracruz<\/title>\n<meta name=\"robots\" content=\"index, follow, max-snippet:-1, max-image-preview:large, max-video-preview:-1\" \/>\n<link rel=\"canonical\" href=\"https:\/\/lospoliticosveracruz.com\/?p=126425\" \/>\n<meta property=\"og:locale\" content=\"es_ES\" \/>\n<meta property=\"og:type\" content=\"article\" \/>\n<meta property=\"og:title\" content=\"PERSECUCI\u00d3N POL\u00cdTICA Y ABUSO DE PODER EN VERACRUZ - Los pol\u00edticos Veracruz\" \/>\n<meta property=\"og:description\" content=\"Maribel Ram\u00edrez TopeteEn el actual panorama pol\u00edtico de Veracruz, las recientes acusaciones de persecuci\u00f3n pol\u00edtica dirigidas contra Miguel \u00c1ngel Yunes M\u00e1rquez han encendido un debate sobre el uso y abuso del poder en el estado. Pepe Yunes, ex candidato a la gubernatura, ha denunciado p\u00fablicamente las acciones de Roc\u00edo Nahle, se\u00f1alando un grave atropello a [&hellip;]\" \/>\n<meta property=\"og:url\" content=\"https:\/\/lospoliticosveracruz.com\/?p=126425\" \/>\n<meta property=\"og:site_name\" content=\"Los pol\u00edticos Veracruz\" \/>\n<meta property=\"article:publisher\" content=\"https:\/\/www.facebook.com\/people\/Notimemes-de-los-Polticos\/61565672886568\/\" \/>\n<meta property=\"article:published_time\" content=\"2024-06-22T17:58:07+00:00\" \/>\n<meta property=\"article:modified_time\" content=\"2024-06-22T17:58:49+00:00\" \/>\n<meta property=\"og:image\" content=\"https:\/\/lospoliticosveracruz.com\/wp-content\/uploads\/2024\/03\/Maribel-Ramirez-Topete.jpg\" \/>\n\t<meta property=\"og:image:width\" content=\"1250\" \/>\n\t<meta property=\"og:image:height\" content=\"667\" \/>\n\t<meta property=\"og:image:type\" content=\"image\/jpeg\" \/>\n<meta name=\"author\" content=\"Lo viste en Los Pol\u00edticos\" \/>\n<meta name=\"twitter:card\" content=\"summary_large_image\" \/>\n<meta name=\"twitter:creator\" content=\"@LosPoliticosVer\" \/>\n<meta name=\"twitter:site\" content=\"@LosPoliticosVer\" \/>\n<meta name=\"twitter:label1\" content=\"Escrito por\" \/>\n\t<meta name=\"twitter:data1\" content=\"Lo viste en Los Pol\u00edticos\" \/>\n\t<meta name=\"twitter:label2\" content=\"Tiempo de lectura\" \/>\n\t<meta name=\"twitter:data2\" content=\"5 minutos\" \/>\n<script type=\"application\/ld+json\" class=\"yoast-schema-graph\">{\"@context\":\"https:\\\/\\\/schema.org\",\"@graph\":[{\"@type\":\"Article\",\"@id\":\"https:\\\/\\\/lospoliticosveracruz.com\\\/?p=126425#article\",\"isPartOf\":{\"@id\":\"https:\\\/\\\/lospoliticosveracruz.com\\\/?p=126425\"},\"author\":{\"name\":\"Lo viste en Los Pol\u00edticos\",\"@id\":\"https:\\\/\\\/lospoliticosveracruz.com\\\/#\\\/schema\\\/person\\\/b8702bb0e538456e6efd07080bf2a4a2\"},\"headline\":\"PERSECUCI\u00d3N POL\u00cdTICA Y ABUSO DE PODER EN VERACRUZ\",\"datePublished\":\"2024-06-22T17:58:07+00:00\",\"dateModified\":\"2024-06-22T17:58:49+00:00\",\"mainEntityOfPage\":{\"@id\":\"https:\\\/\\\/lospoliticosveracruz.com\\\/?p=126425\"},\"wordCount\":972,\"publisher\":{\"@id\":\"https:\\\/\\\/lospoliticosveracruz.com\\\/#organization\"},\"image\":{\"@id\":\"https:\\\/\\\/lospoliticosveracruz.com\\\/?p=126425#primaryimage\"},\"thumbnailUrl\":\"https:\\\/\\\/lospoliticosveracruz.com\\\/wp-content\\\/uploads\\\/2024\\\/03\\\/Maribel-Ramirez-Topete.jpg\",\"keywords\":[\"Miguel \u00c1ngel Yunes M\u00e1rquez\",\"Morena\",\"PAN\",\"Pepe Yunes\",\"PRI\",\"Roc\u00edo Nahle\",\"Senado\",\"Veracruz\"],\"articleSection\":[\"De Opini\u00f3n\"],\"inLanguage\":\"es\"},{\"@type\":\"WebPage\",\"@id\":\"https:\\\/\\\/lospoliticosveracruz.com\\\/?p=126425\",\"url\":\"https:\\\/\\\/lospoliticosveracruz.com\\\/?p=126425\",\"name\":\"PERSECUCI\u00d3N POL\u00cdTICA Y ABUSO DE PODER EN VERACRUZ - Los pol\u00edticos Veracruz\",\"isPartOf\":{\"@id\":\"https:\\\/\\\/lospoliticosveracruz.com\\\/#website\"},\"primaryImageOfPage\":{\"@id\":\"https:\\\/\\\/lospoliticosveracruz.com\\\/?p=126425#primaryimage\"},\"image\":{\"@id\":\"https:\\\/\\\/lospoliticosveracruz.com\\\/?p=126425#primaryimage\"},\"thumbnailUrl\":\"https:\\\/\\\/lospoliticosveracruz.com\\\/wp-content\\\/uploads\\\/2024\\\/03\\\/Maribel-Ramirez-Topete.jpg\",\"datePublished\":\"2024-06-22T17:58:07+00:00\",\"dateModified\":\"2024-06-22T17:58:49+00:00\",\"breadcrumb\":{\"@id\":\"https:\\\/\\\/lospoliticosveracruz.com\\\/?p=126425#breadcrumb\"},\"inLanguage\":\"es\",\"potentialAction\":[{\"@type\":\"ReadAction\",\"target\":[\"https:\\\/\\\/lospoliticosveracruz.com\\\/?p=126425\"]}]},{\"@type\":\"ImageObject\",\"inLanguage\":\"es\",\"@id\":\"https:\\\/\\\/lospoliticosveracruz.com\\\/?p=126425#primaryimage\",\"url\":\"https:\\\/\\\/lospoliticosveracruz.com\\\/wp-content\\\/uploads\\\/2024\\\/03\\\/Maribel-Ramirez-Topete.jpg\",\"contentUrl\":\"https:\\\/\\\/lospoliticosveracruz.com\\\/wp-content\\\/uploads\\\/2024\\\/03\\\/Maribel-Ramirez-Topete.jpg\",\"width\":1250,\"height\":667},{\"@type\":\"BreadcrumbList\",\"@id\":\"https:\\\/\\\/lospoliticosveracruz.com\\\/?p=126425#breadcrumb\",\"itemListElement\":[{\"@type\":\"ListItem\",\"position\":1,\"name\":\"Portada\",\"item\":\"https:\\\/\\\/lospoliticosveracruz.com\\\/\"},{\"@type\":\"ListItem\",\"position\":2,\"name\":\"PERSECUCI\u00d3N POL\u00cdTICA Y ABUSO DE PODER EN VERACRUZ\"}]},{\"@type\":\"WebSite\",\"@id\":\"https:\\\/\\\/lospoliticosveracruz.com\\\/#website\",\"url\":\"https:\\\/\\\/lospoliticosveracruz.com\\\/\",\"name\":\"Los pol\u00edticos Veracruz\",\"description\":\"\",\"publisher\":{\"@id\":\"https:\\\/\\\/lospoliticosveracruz.com\\\/#organization\"},\"potentialAction\":[{\"@type\":\"SearchAction\",\"target\":{\"@type\":\"EntryPoint\",\"urlTemplate\":\"https:\\\/\\\/lospoliticosveracruz.com\\\/?s={search_term_string}\"},\"query-input\":{\"@type\":\"PropertyValueSpecification\",\"valueRequired\":true,\"valueName\":\"search_term_string\"}}],\"inLanguage\":\"es\"},{\"@type\":\"Organization\",\"@id\":\"https:\\\/\\\/lospoliticosveracruz.com\\\/#organization\",\"name\":\"Los pol\u00edticos Veracruz\",\"url\":\"https:\\\/\\\/lospoliticosveracruz.com\\\/\",\"logo\":{\"@type\":\"ImageObject\",\"inLanguage\":\"es\",\"@id\":\"https:\\\/\\\/lospoliticosveracruz.com\\\/#\\\/schema\\\/logo\\\/image\\\/\",\"url\":\"https:\\\/\\\/lospoliticosveracruz.com\\\/wp-content\\\/uploads\\\/2025\\\/12\\\/Logo-Nuevo-LOS-POLITICOS-1.jpg\",\"contentUrl\":\"https:\\\/\\\/lospoliticosveracruz.com\\\/wp-content\\\/uploads\\\/2025\\\/12\\\/Logo-Nuevo-LOS-POLITICOS-1.jpg\",\"width\":260,\"height\":70,\"caption\":\"Los pol\u00edticos Veracruz\"},\"image\":{\"@id\":\"https:\\\/\\\/lospoliticosveracruz.com\\\/#\\\/schema\\\/logo\\\/image\\\/\"},\"sameAs\":[\"https:\\\/\\\/www.facebook.com\\\/people\\\/Notimemes-de-los-Polticos\\\/61565672886568\\\/\",\"https:\\\/\\\/x.com\\\/LosPoliticosVer\"]},{\"@type\":\"Person\",\"@id\":\"https:\\\/\\\/lospoliticosveracruz.com\\\/#\\\/schema\\\/person\\\/b8702bb0e538456e6efd07080bf2a4a2\",\"name\":\"Lo viste en Los Pol\u00edticos\",\"image\":{\"@type\":\"ImageObject\",\"inLanguage\":\"es\",\"@id\":\"https:\\\/\\\/secure.gravatar.com\\\/avatar\\\/3a8de04a2656d44082be478bd6c086daa447c4651605818287b9532d3d0bd435?s=96&d=mm&r=g\",\"url\":\"https:\\\/\\\/secure.gravatar.com\\\/avatar\\\/3a8de04a2656d44082be478bd6c086daa447c4651605818287b9532d3d0bd435?s=96&d=mm&r=g\",\"contentUrl\":\"https:\\\/\\\/secure.gravatar.com\\\/avatar\\\/3a8de04a2656d44082be478bd6c086daa447c4651605818287b9532d3d0bd435?s=96&d=mm&r=g\",\"caption\":\"Lo viste en Los Pol\u00edticos\"},\"url\":\"https:\\\/\\\/lospoliticosveracruz.com\\\/?author=2\"}]}<\/script>\n<!-- \/ Yoast SEO plugin. -->","yoast_head_json":{"title":"PERSECUCI\u00d3N POL\u00cdTICA Y ABUSO DE PODER EN VERACRUZ - Los pol\u00edticos Veracruz","robots":{"index":"index","follow":"follow","max-snippet":"max-snippet:-1","max-image-preview":"max-image-preview:large","max-video-preview":"max-video-preview:-1"},"canonical":"https:\/\/lospoliticosveracruz.com\/?p=126425","og_locale":"es_ES","og_type":"article","og_title":"PERSECUCI\u00d3N POL\u00cdTICA Y ABUSO DE PODER EN VERACRUZ - Los pol\u00edticos Veracruz","og_description":"Maribel Ram\u00edrez TopeteEn el actual panorama pol\u00edtico de Veracruz, las recientes acusaciones de persecuci\u00f3n pol\u00edtica dirigidas contra Miguel \u00c1ngel Yunes M\u00e1rquez han encendido un debate sobre el uso y abuso del poder en el estado. Pepe Yunes, ex candidato a la gubernatura, ha denunciado p\u00fablicamente las acciones de Roc\u00edo Nahle, se\u00f1alando un grave atropello a [&hellip;]","og_url":"https:\/\/lospoliticosveracruz.com\/?p=126425","og_site_name":"Los pol\u00edticos Veracruz","article_publisher":"https:\/\/www.facebook.com\/people\/Notimemes-de-los-Polticos\/61565672886568\/","article_published_time":"2024-06-22T17:58:07+00:00","article_modified_time":"2024-06-22T17:58:49+00:00","og_image":[{"width":1250,"height":667,"url":"https:\/\/lospoliticosveracruz.com\/wp-content\/uploads\/2024\/03\/Maribel-Ramirez-Topete.jpg","type":"image\/jpeg"}],"author":"Lo viste en Los Pol\u00edticos","twitter_card":"summary_large_image","twitter_creator":"@LosPoliticosVer","twitter_site":"@LosPoliticosVer","twitter_misc":{"Escrito por":"Lo viste en Los Pol\u00edticos","Tiempo de lectura":"5 minutos"},"schema":{"@context":"https:\/\/schema.org","@graph":[{"@type":"Article","@id":"https:\/\/lospoliticosveracruz.com\/?p=126425#article","isPartOf":{"@id":"https:\/\/lospoliticosveracruz.com\/?p=126425"},"author":{"name":"Lo viste en Los Pol\u00edticos","@id":"https:\/\/lospoliticosveracruz.com\/#\/schema\/person\/b8702bb0e538456e6efd07080bf2a4a2"},"headline":"PERSECUCI\u00d3N POL\u00cdTICA Y ABUSO DE PODER EN VERACRUZ","datePublished":"2024-06-22T17:58:07+00:00","dateModified":"2024-06-22T17:58:49+00:00","mainEntityOfPage":{"@id":"https:\/\/lospoliticosveracruz.com\/?p=126425"},"wordCount":972,"publisher":{"@id":"https:\/\/lospoliticosveracruz.com\/#organization"},"image":{"@id":"https:\/\/lospoliticosveracruz.com\/?p=126425#primaryimage"},"thumbnailUrl":"https:\/\/lospoliticosveracruz.com\/wp-content\/uploads\/2024\/03\/Maribel-Ramirez-Topete.jpg","keywords":["Miguel \u00c1ngel Yunes M\u00e1rquez","Morena","PAN","Pepe Yunes","PRI","Roc\u00edo Nahle","Senado","Veracruz"],"articleSection":["De Opini\u00f3n"],"inLanguage":"es"},{"@type":"WebPage","@id":"https:\/\/lospoliticosveracruz.com\/?p=126425","url":"https:\/\/lospoliticosveracruz.com\/?p=126425","name":"PERSECUCI\u00d3N POL\u00cdTICA Y ABUSO DE PODER EN VERACRUZ - Los pol\u00edticos Veracruz","isPartOf":{"@id":"https:\/\/lospoliticosveracruz.com\/#website"},"primaryImageOfPage":{"@id":"https:\/\/lospoliticosveracruz.com\/?p=126425#primaryimage"},"image":{"@id":"https:\/\/lospoliticosveracruz.com\/?p=126425#primaryimage"},"thumbnailUrl":"https:\/\/lospoliticosveracruz.com\/wp-content\/uploads\/2024\/03\/Maribel-Ramirez-Topete.jpg","datePublished":"2024-06-22T17:58:07+00:00","dateModified":"2024-06-22T17:58:49+00:00","breadcrumb":{"@id":"https:\/\/lospoliticosveracruz.com\/?p=126425#breadcrumb"},"inLanguage":"es","potentialAction":[{"@type":"ReadAction","target":["https:\/\/lospoliticosveracruz.com\/?p=126425"]}]},{"@type":"ImageObject","inLanguage":"es","@id":"https:\/\/lospoliticosveracruz.com\/?p=126425#primaryimage","url":"https:\/\/lospoliticosveracruz.com\/wp-content\/uploads\/2024\/03\/Maribel-Ramirez-Topete.jpg","contentUrl":"https:\/\/lospoliticosveracruz.com\/wp-content\/uploads\/2024\/03\/Maribel-Ramirez-Topete.jpg","width":1250,"height":667},{"@type":"BreadcrumbList","@id":"https:\/\/lospoliticosveracruz.com\/?p=126425#breadcrumb","itemListElement":[{"@type":"ListItem","position":1,"name":"Portada","item":"https:\/\/lospoliticosveracruz.com\/"},{"@type":"ListItem","position":2,"name":"PERSECUCI\u00d3N POL\u00cdTICA Y ABUSO DE PODER EN VERACRUZ"}]},{"@type":"WebSite","@id":"https:\/\/lospoliticosveracruz.com\/#website","url":"https:\/\/lospoliticosveracruz.com\/","name":"Los pol\u00edticos Veracruz","description":"","publisher":{"@id":"https:\/\/lospoliticosveracruz.com\/#organization"},"potentialAction":[{"@type":"SearchAction","target":{"@type":"EntryPoint","urlTemplate":"https:\/\/lospoliticosveracruz.com\/?s={search_term_string}"},"query-input":{"@type":"PropertyValueSpecification","valueRequired":true,"valueName":"search_term_string"}}],"inLanguage":"es"},{"@type":"Organization","@id":"https:\/\/lospoliticosveracruz.com\/#organization","name":"Los pol\u00edticos Veracruz","url":"https:\/\/lospoliticosveracruz.com\/","logo":{"@type":"ImageObject","inLanguage":"es","@id":"https:\/\/lospoliticosveracruz.com\/#\/schema\/logo\/image\/","url":"https:\/\/lospoliticosveracruz.com\/wp-content\/uploads\/2025\/12\/Logo-Nuevo-LOS-POLITICOS-1.jpg","contentUrl":"https:\/\/lospoliticosveracruz.com\/wp-content\/uploads\/2025\/12\/Logo-Nuevo-LOS-POLITICOS-1.jpg","width":260,"height":70,"caption":"Los pol\u00edticos Veracruz"},"image":{"@id":"https:\/\/lospoliticosveracruz.com\/#\/schema\/logo\/image\/"},"sameAs":["https:\/\/www.facebook.com\/people\/Notimemes-de-los-Polticos\/61565672886568\/","https:\/\/x.com\/LosPoliticosVer"]},{"@type":"Person","@id":"https:\/\/lospoliticosveracruz.com\/#\/schema\/person\/b8702bb0e538456e6efd07080bf2a4a2","name":"Lo viste en Los Pol\u00edticos","image":{"@type":"ImageObject","inLanguage":"es","@id":"https:\/\/secure.gravatar.com\/avatar\/3a8de04a2656d44082be478bd6c086daa447c4651605818287b9532d3d0bd435?s=96&d=mm&r=g","url":"https:\/\/secure.gravatar.com\/avatar\/3a8de04a2656d44082be478bd6c086daa447c4651605818287b9532d3d0bd435?s=96&d=mm&r=g","contentUrl":"https:\/\/secure.gravatar.com\/avatar\/3a8de04a2656d44082be478bd6c086daa447c4651605818287b9532d3d0bd435?s=96&d=mm&r=g","caption":"Lo viste en Los Pol\u00edticos"},"url":"https:\/\/lospoliticosveracruz.com\/?author=2"}]}},"_links":{"self":[{"href":"https:\/\/lospoliticosveracruz.com\/index.php?rest_route=\/wp\/v2\/posts\/126425","targetHints":{"allow":["GET"]}}],"collection":[{"href":"https:\/\/lospoliticosveracruz.com\/index.php?rest_route=\/wp\/v2\/posts"}],"about":[{"href":"https:\/\/lospoliticosveracruz.com\/index.php?rest_route=\/wp\/v2\/types\/post"}],"author":[{"embeddable":true,"href":"https:\/\/lospoliticosveracruz.com\/index.php?rest_route=\/wp\/v2\/users\/2"}],"replies":[{"embeddable":true,"href":"https:\/\/lospoliticosveracruz.com\/index.php?rest_route=%2Fwp%2Fv2%2Fcomments&post=126425"}],"version-history":[{"count":1,"href":"https:\/\/lospoliticosveracruz.com\/index.php?rest_route=\/wp\/v2\/posts\/126425\/revisions"}],"predecessor-version":[{"id":126426,"href":"https:\/\/lospoliticosveracruz.com\/index.php?rest_route=\/wp\/v2\/posts\/126425\/revisions\/126426"}],"wp:featuredmedia":[{"embeddable":true,"href":"https:\/\/lospoliticosveracruz.com\/index.php?rest_route=\/wp\/v2\/media\/120031"}],"wp:attachment":[{"href":"https:\/\/lospoliticosveracruz.com\/index.php?rest_route=%2Fwp%2Fv2%2Fmedia&parent=126425"}],"wp:term":[{"taxonomy":"category","embeddable":true,"href":"https:\/\/lospoliticosveracruz.com\/index.php?rest_route=%2Fwp%2Fv2%2Fcategories&post=126425"},{"taxonomy":"post_tag","embeddable":true,"href":"https:\/\/lospoliticosveracruz.com\/index.php?rest_route=%2Fwp%2Fv2%2Ftags&post=126425"}],"curies":[{"name":"wp","href":"https:\/\/api.w.org\/{rel}","templated":true}]}}