{"id":126438,"date":"2024-06-23T10:12:42","date_gmt":"2024-06-23T15:12:42","guid":{"rendered":"https:\/\/lospoliticosveracruz.com.mx\/?p=126438"},"modified":"2024-06-23T10:12:52","modified_gmt":"2024-06-23T15:12:52","slug":"la-tia-enfiestada","status":"publish","type":"post","link":"https:\/\/lospoliticosveracruz.com\/?p=126438","title":{"rendered":"LA T\u00cdA ENFIESTADA\u2026"},"content":{"rendered":"\n<p><strong>Oved Contreras<\/strong><\/p>\n\n\n\n<p><em>Secas Mecas<\/em><\/p>\n\n\n\n<p>Un acucioso lector de NOTIVER nos hizo el comentario que la T\u00cdA CH\u00cdO no anduvo en la gira del presidente AMLO y la Sheinbaum porque anda enfiestada\u2026viernes fue la boda por lo civil de Tania Pe\u00f1a Nahle y Fernandito Bilbao, y ayer s\u00e1bado el pachang\u00f3n en grande con la boda religiosa en el exclusivo sal\u00f3n de eventos \u201cHacienda Cielo Tis\u00fa de Veracruz\u201d en la Riviera Veracruzana\u2026una fiesta llena de FIF\u00cdS\u2026no alcanzamos a llegar al bodorrio porque no se termin\u00f3 de secar el smoking adem\u00e1s no nos alcanz\u00f3 para sacar en paguitos el horno o la pantalla de la mesa de regalos del Palacio de Hierro\u2026esperamos que la chambera se haya podido infiltrar con el personal de servicio y nos pase el chisme con lujo de detalles de la boda del a\u00f1o.<\/p>\n\n\n\n<figure class=\"wp-block-image size-large\"><a href=\"https:\/\/lospoliticosveracruz.com.mx\/wp-content\/uploads\/2016\/07\/Seguro-Julio-Cerecedo-2.jpg\"><img decoding=\"async\" src=\"https:\/\/lospoliticosveracruz.com.mx\/wp-content\/uploads\/2016\/07\/Seguro-Julio-Cerecedo-2-1024x381.jpg\" alt=\"\" class=\"wp-image-105879\"\/><\/a><\/figure>\n\n\n\n<p>Aunque la t\u00eda CH\u00cdO siempre dijo que eran chismes de envidiosos\u2026el yerno es un agraciado de Dios para eso de los negocios y curiosamente le fue muy bien con el gobierno de la 4T\u2026seg\u00fan la&nbsp;<\/p>\n\n\n\n<p>informaci\u00f3n fiscal documentada por Reforma en mayo pasado, el joven es socio de tres empresas creadas este sexenio: Comercializadora Delta Dibal (material el\u00e9ctrico), Servicios y Premezclados Forte (materiales de construcci\u00f3n) y Servicios y Petrol\u00edferos del Norte (energ\u00e9ticos).<\/p>\n\n\n\n<p>Con su red de empresas, Bilbao Arrieta pas\u00f3 de reportar al SAT mil 300 pesos de ingresos en 2018, cuando obtuvo su c\u00e9dula profesional, a m\u00e1s de 100 millones de pesos en 2024\u2026y ahora es el yerno de la gobernadora electa de Veracruz\u2026es un tipo con suerte y mano para los negocios\u2026ahora s\u00ed como dice el cl\u00e1sico: no te piden que me des solo ponme donde hay que de agarrar yo me encargo.<\/p>\n\n\n\n<p><strong>LES QUEMA LA PAPA<\/strong>\u2026ahora con los reflectores nacionales encima, el gobierno de Cuitl\u00e1huac Garc\u00eda ya no sabe c\u00f3mo salirse del despapaye que la polic\u00eda estatal fue a hacer a Totalco, municipio de Perote, donde fueron literalmente a cazar a los campesinos que se manifestaban contra Granjas Carroll por contaminar el agua de la regi\u00f3n\u2026el saldo de la represi\u00f3n fue de dos j\u00f3venes asesinados con arma de fuego y un pueblo atrincherado que exige c\u00e1rcel para los asesinos.<\/p>\n\n\n\n<p>El caso le quema las manos a la fiscala Veronica Hernandez que ayer emiti\u00f3 un bolet\u00edn donde da a conocer que le transfirieron la carpeta de investigaci\u00f3n a la Fiscal\u00eda General de la Rep\u00fablica sin explicar los motivos para dicha decisi\u00f3n si se trata de delitos del fuero com\u00fan como es el homicidio de dos personas\u2026y el choro de siempre que colaborar\u00e1n en las indagatorias y que no habr\u00e1 impunidad.<\/p>\n\n\n\n<p>Tras los hechos del pasado jueves en la localidad de San Antonio Lim\u00f3n Totalco, en donde elementos de la Secretar\u00eda de Seguridad P\u00fablica (SSP) llevaron a cabo un violento intento de desalojo, este viernes acudi\u00f3 el Subsecretario de Gobierno junto con el alcalde de Perote para entablar un di\u00e1logo con los pobladores\u2026los habitantes de Totalco pidieron que regresara sano y salvo don Justo, a quien elementos de la misma Secretar\u00eda lesionaron y sustrajeron del hospital de Perote de forma irregular para ser trasladado a la capital, sin embargo, su familia no fue notificada de su paradero.<\/p>\n\n\n\n<p>Durante la tarde del este viernes, don Justo fue dado de alta del CAE, en donde se encontraba hospitalizado en calidad de detenido por parte de los elementos de la Fuerza Civil, ante la exigencia por su aparici\u00f3n, se le dej\u00f3 en libertad y entregado a sus familiares\u2026otra de las exigencias de Totalco fue la reparaci\u00f3n de los da\u00f1os ocasionados por parte del personal de la Fuerza Civil, ya que habr\u00edan realizado detonaciones en contra de veh\u00edculos, viviendas e ingresaron a la fuerza a varios domicilios causando afectaciones.<\/p>\n\n\n\n<p>Adem\u00e1s de esto, se pidi\u00f3 el apoyo para la familia de los hermanos Cortina V\u00e1zquez, quienes perdieron la vida a causa de los disparos que realiz\u00f3 el personal de Fuerza Civil, as\u00ed como el esclarecimiento de los hechos y la detenci\u00f3n de los responsables de dicha agresi\u00f3n. Exigieron tambi\u00e9n el retiro inmediato de todo el personal de Fuerza Civil y Polic\u00eda Estatal de esa zona, dejando la seguridad a cargo de Guardia Nacional y Polic\u00eda Municipal de Perote.<\/p>\n\n\n\n<p>C\u00d3MO SICARIOS\u2026\u201dLlegaron como sicarios, llegaron a matar\u201d, acusaron habitantes de San Antonio Lim\u00f3n Totalco, municipio de Perore, sobre la represi\u00f3n ordenada por el gobierno de Cuitl\u00e1huac Garc\u00eda en su contra por protestar contra el acaparamiento del agua de la regi\u00f3n por parte de la empresa Granjas Carroll.<\/p>\n\n\n\n<p>Este s\u00e1bado, los pobladores volvieron a bloquear la carretera, mientras demandaban que se presente en el lugar la presidenta de la Comisi\u00f3n Estatal de Derechos Humanos NamIko Matzumoto, ante la desconfianza hacia las autoridades estatales y municipales.<\/p>\n","protected":false},"excerpt":{"rendered":"<p>Oved Contreras Secas Mecas Un acucioso lector de NOTIVER nos hizo el comentario que la T\u00cdA CH\u00cdO no anduvo en la gira del presidente AMLO y la Sheinbaum porque anda enfiestada\u2026viernes fue la boda por lo civil de Tania Pe\u00f1a Nahle y Fernandito Bilbao, y ayer s\u00e1bado el pachang\u00f3n en grande con la boda religiosa [&hellip;]<\/p>\n","protected":false},"author":2,"featured_media":119816,"comment_status":"closed","ping_status":"closed","sticky":false,"template":"","format":"standard","meta":{"tdm_status":"","tdm_grid_status":"","footnotes":""},"categories":[70],"tags":[41226,148,41225,8384],"class_list":{"0":"post-126438","1":"post","2":"type-post","3":"status-publish","4":"format-standard","5":"has-post-thumbnail","7":"category-de-opinion","8":"tag-fernandito-bilbao","9":"tag-perote","10":"tag-tania-pena-nahle","11":"tag-totalco"},"yoast_head":"<!-- This site is optimized with the Yoast SEO plugin v27.4 - https:\/\/yoast.com\/product\/yoast-seo-wordpress\/ -->\n<title>LA T\u00cdA ENFIESTADA\u2026 - Los pol\u00edticos Veracruz<\/title>\n<meta name=\"robots\" content=\"index, follow, max-snippet:-1, max-image-preview:large, max-video-preview:-1\" \/>\n<link rel=\"canonical\" href=\"https:\/\/lospoliticosveracruz.com\/?p=126438\" \/>\n<meta property=\"og:locale\" content=\"es_ES\" \/>\n<meta property=\"og:type\" content=\"article\" \/>\n<meta property=\"og:title\" content=\"LA T\u00cdA ENFIESTADA\u2026 - Los pol\u00edticos Veracruz\" \/>\n<meta property=\"og:description\" content=\"Oved Contreras Secas Mecas Un acucioso lector de NOTIVER nos hizo el comentario que la T\u00cdA CH\u00cdO no anduvo en la gira del presidente AMLO y la Sheinbaum porque anda enfiestada\u2026viernes fue la boda por lo civil de Tania Pe\u00f1a Nahle y Fernandito Bilbao, y ayer s\u00e1bado el pachang\u00f3n en grande con la boda religiosa [&hellip;]\" \/>\n<meta property=\"og:url\" content=\"https:\/\/lospoliticosveracruz.com\/?p=126438\" \/>\n<meta property=\"og:site_name\" content=\"Los pol\u00edticos Veracruz\" \/>\n<meta property=\"article:publisher\" content=\"https:\/\/www.facebook.com\/people\/Notimemes-de-los-Polticos\/61565672886568\/\" \/>\n<meta property=\"article:published_time\" content=\"2024-06-23T15:12:42+00:00\" \/>\n<meta property=\"article:modified_time\" content=\"2024-06-23T15:12:52+00:00\" \/>\n<meta property=\"og:image\" content=\"https:\/\/lospoliticosveracruz.com\/wp-content\/uploads\/2024\/03\/Oved-Contreras.jpg\" \/>\n\t<meta property=\"og:image:width\" content=\"1250\" \/>\n\t<meta property=\"og:image:height\" content=\"667\" \/>\n\t<meta property=\"og:image:type\" content=\"image\/jpeg\" \/>\n<meta name=\"author\" content=\"Lo viste en Los Pol\u00edticos\" \/>\n<meta name=\"twitter:card\" content=\"summary_large_image\" \/>\n<meta name=\"twitter:creator\" content=\"@LosPoliticosVer\" \/>\n<meta name=\"twitter:site\" content=\"@LosPoliticosVer\" \/>\n<meta name=\"twitter:label1\" content=\"Escrito por\" \/>\n\t<meta name=\"twitter:data1\" content=\"Lo viste en Los Pol\u00edticos\" \/>\n\t<meta name=\"twitter:label2\" content=\"Tiempo de lectura\" \/>\n\t<meta name=\"twitter:data2\" content=\"4 minutos\" \/>\n<script type=\"application\/ld+json\" class=\"yoast-schema-graph\">{\"@context\":\"https:\\\/\\\/schema.org\",\"@graph\":[{\"@type\":\"Article\",\"@id\":\"https:\\\/\\\/lospoliticosveracruz.com\\\/?p=126438#article\",\"isPartOf\":{\"@id\":\"https:\\\/\\\/lospoliticosveracruz.com\\\/?p=126438\"},\"author\":{\"name\":\"Lo viste en Los Pol\u00edticos\",\"@id\":\"https:\\\/\\\/lospoliticosveracruz.com\\\/#\\\/schema\\\/person\\\/b8702bb0e538456e6efd07080bf2a4a2\"},\"headline\":\"LA T\u00cdA ENFIESTADA\u2026\",\"datePublished\":\"2024-06-23T15:12:42+00:00\",\"dateModified\":\"2024-06-23T15:12:52+00:00\",\"mainEntityOfPage\":{\"@id\":\"https:\\\/\\\/lospoliticosveracruz.com\\\/?p=126438\"},\"wordCount\":849,\"publisher\":{\"@id\":\"https:\\\/\\\/lospoliticosveracruz.com\\\/#organization\"},\"image\":{\"@id\":\"https:\\\/\\\/lospoliticosveracruz.com\\\/?p=126438#primaryimage\"},\"thumbnailUrl\":\"https:\\\/\\\/lospoliticosveracruz.com\\\/wp-content\\\/uploads\\\/2024\\\/03\\\/Oved-Contreras.jpg\",\"keywords\":[\"Fernandito Bilbao\",\"Perote\",\"Tania Pe\u00f1a Nahle\",\"Totalco\"],\"articleSection\":[\"De Opini\u00f3n\"],\"inLanguage\":\"es\"},{\"@type\":\"WebPage\",\"@id\":\"https:\\\/\\\/lospoliticosveracruz.com\\\/?p=126438\",\"url\":\"https:\\\/\\\/lospoliticosveracruz.com\\\/?p=126438\",\"name\":\"LA T\u00cdA ENFIESTADA\u2026 - Los pol\u00edticos Veracruz\",\"isPartOf\":{\"@id\":\"https:\\\/\\\/lospoliticosveracruz.com\\\/#website\"},\"primaryImageOfPage\":{\"@id\":\"https:\\\/\\\/lospoliticosveracruz.com\\\/?p=126438#primaryimage\"},\"image\":{\"@id\":\"https:\\\/\\\/lospoliticosveracruz.com\\\/?p=126438#primaryimage\"},\"thumbnailUrl\":\"https:\\\/\\\/lospoliticosveracruz.com\\\/wp-content\\\/uploads\\\/2024\\\/03\\\/Oved-Contreras.jpg\",\"datePublished\":\"2024-06-23T15:12:42+00:00\",\"dateModified\":\"2024-06-23T15:12:52+00:00\",\"breadcrumb\":{\"@id\":\"https:\\\/\\\/lospoliticosveracruz.com\\\/?p=126438#breadcrumb\"},\"inLanguage\":\"es\",\"potentialAction\":[{\"@type\":\"ReadAction\",\"target\":[\"https:\\\/\\\/lospoliticosveracruz.com\\\/?p=126438\"]}]},{\"@type\":\"ImageObject\",\"inLanguage\":\"es\",\"@id\":\"https:\\\/\\\/lospoliticosveracruz.com\\\/?p=126438#primaryimage\",\"url\":\"https:\\\/\\\/lospoliticosveracruz.com\\\/wp-content\\\/uploads\\\/2024\\\/03\\\/Oved-Contreras.jpg\",\"contentUrl\":\"https:\\\/\\\/lospoliticosveracruz.com\\\/wp-content\\\/uploads\\\/2024\\\/03\\\/Oved-Contreras.jpg\",\"width\":1250,\"height\":667},{\"@type\":\"BreadcrumbList\",\"@id\":\"https:\\\/\\\/lospoliticosveracruz.com\\\/?p=126438#breadcrumb\",\"itemListElement\":[{\"@type\":\"ListItem\",\"position\":1,\"name\":\"Portada\",\"item\":\"https:\\\/\\\/lospoliticosveracruz.com\\\/\"},{\"@type\":\"ListItem\",\"position\":2,\"name\":\"LA T\u00cdA ENFIESTADA\u2026\"}]},{\"@type\":\"WebSite\",\"@id\":\"https:\\\/\\\/lospoliticosveracruz.com\\\/#website\",\"url\":\"https:\\\/\\\/lospoliticosveracruz.com\\\/\",\"name\":\"Los pol\u00edticos Veracruz\",\"description\":\"\",\"publisher\":{\"@id\":\"https:\\\/\\\/lospoliticosveracruz.com\\\/#organization\"},\"potentialAction\":[{\"@type\":\"SearchAction\",\"target\":{\"@type\":\"EntryPoint\",\"urlTemplate\":\"https:\\\/\\\/lospoliticosveracruz.com\\\/?s={search_term_string}\"},\"query-input\":{\"@type\":\"PropertyValueSpecification\",\"valueRequired\":true,\"valueName\":\"search_term_string\"}}],\"inLanguage\":\"es\"},{\"@type\":\"Organization\",\"@id\":\"https:\\\/\\\/lospoliticosveracruz.com\\\/#organization\",\"name\":\"Los pol\u00edticos Veracruz\",\"url\":\"https:\\\/\\\/lospoliticosveracruz.com\\\/\",\"logo\":{\"@type\":\"ImageObject\",\"inLanguage\":\"es\",\"@id\":\"https:\\\/\\\/lospoliticosveracruz.com\\\/#\\\/schema\\\/logo\\\/image\\\/\",\"url\":\"https:\\\/\\\/lospoliticosveracruz.com\\\/wp-content\\\/uploads\\\/2025\\\/12\\\/Logo-Nuevo-LOS-POLITICOS-1.jpg\",\"contentUrl\":\"https:\\\/\\\/lospoliticosveracruz.com\\\/wp-content\\\/uploads\\\/2025\\\/12\\\/Logo-Nuevo-LOS-POLITICOS-1.jpg\",\"width\":260,\"height\":70,\"caption\":\"Los pol\u00edticos Veracruz\"},\"image\":{\"@id\":\"https:\\\/\\\/lospoliticosveracruz.com\\\/#\\\/schema\\\/logo\\\/image\\\/\"},\"sameAs\":[\"https:\\\/\\\/www.facebook.com\\\/people\\\/Notimemes-de-los-Polticos\\\/61565672886568\\\/\",\"https:\\\/\\\/x.com\\\/LosPoliticosVer\"]},{\"@type\":\"Person\",\"@id\":\"https:\\\/\\\/lospoliticosveracruz.com\\\/#\\\/schema\\\/person\\\/b8702bb0e538456e6efd07080bf2a4a2\",\"name\":\"Lo viste en Los Pol\u00edticos\",\"image\":{\"@type\":\"ImageObject\",\"inLanguage\":\"es\",\"@id\":\"https:\\\/\\\/secure.gravatar.com\\\/avatar\\\/3a8de04a2656d44082be478bd6c086daa447c4651605818287b9532d3d0bd435?s=96&d=mm&r=g\",\"url\":\"https:\\\/\\\/secure.gravatar.com\\\/avatar\\\/3a8de04a2656d44082be478bd6c086daa447c4651605818287b9532d3d0bd435?s=96&d=mm&r=g\",\"contentUrl\":\"https:\\\/\\\/secure.gravatar.com\\\/avatar\\\/3a8de04a2656d44082be478bd6c086daa447c4651605818287b9532d3d0bd435?s=96&d=mm&r=g\",\"caption\":\"Lo viste en Los Pol\u00edticos\"},\"url\":\"https:\\\/\\\/lospoliticosveracruz.com\\\/?author=2\"}]}<\/script>\n<!-- \/ Yoast SEO plugin. -->","yoast_head_json":{"title":"LA T\u00cdA ENFIESTADA\u2026 - Los pol\u00edticos Veracruz","robots":{"index":"index","follow":"follow","max-snippet":"max-snippet:-1","max-image-preview":"max-image-preview:large","max-video-preview":"max-video-preview:-1"},"canonical":"https:\/\/lospoliticosveracruz.com\/?p=126438","og_locale":"es_ES","og_type":"article","og_title":"LA T\u00cdA ENFIESTADA\u2026 - Los pol\u00edticos Veracruz","og_description":"Oved Contreras Secas Mecas Un acucioso lector de NOTIVER nos hizo el comentario que la T\u00cdA CH\u00cdO no anduvo en la gira del presidente AMLO y la Sheinbaum porque anda enfiestada\u2026viernes fue la boda por lo civil de Tania Pe\u00f1a Nahle y Fernandito Bilbao, y ayer s\u00e1bado el pachang\u00f3n en grande con la boda religiosa [&hellip;]","og_url":"https:\/\/lospoliticosveracruz.com\/?p=126438","og_site_name":"Los pol\u00edticos Veracruz","article_publisher":"https:\/\/www.facebook.com\/people\/Notimemes-de-los-Polticos\/61565672886568\/","article_published_time":"2024-06-23T15:12:42+00:00","article_modified_time":"2024-06-23T15:12:52+00:00","og_image":[{"width":1250,"height":667,"url":"https:\/\/lospoliticosveracruz.com\/wp-content\/uploads\/2024\/03\/Oved-Contreras.jpg","type":"image\/jpeg"}],"author":"Lo viste en Los Pol\u00edticos","twitter_card":"summary_large_image","twitter_creator":"@LosPoliticosVer","twitter_site":"@LosPoliticosVer","twitter_misc":{"Escrito por":"Lo viste en Los Pol\u00edticos","Tiempo de lectura":"4 minutos"},"schema":{"@context":"https:\/\/schema.org","@graph":[{"@type":"Article","@id":"https:\/\/lospoliticosveracruz.com\/?p=126438#article","isPartOf":{"@id":"https:\/\/lospoliticosveracruz.com\/?p=126438"},"author":{"name":"Lo viste en Los Pol\u00edticos","@id":"https:\/\/lospoliticosveracruz.com\/#\/schema\/person\/b8702bb0e538456e6efd07080bf2a4a2"},"headline":"LA T\u00cdA ENFIESTADA\u2026","datePublished":"2024-06-23T15:12:42+00:00","dateModified":"2024-06-23T15:12:52+00:00","mainEntityOfPage":{"@id":"https:\/\/lospoliticosveracruz.com\/?p=126438"},"wordCount":849,"publisher":{"@id":"https:\/\/lospoliticosveracruz.com\/#organization"},"image":{"@id":"https:\/\/lospoliticosveracruz.com\/?p=126438#primaryimage"},"thumbnailUrl":"https:\/\/lospoliticosveracruz.com\/wp-content\/uploads\/2024\/03\/Oved-Contreras.jpg","keywords":["Fernandito Bilbao","Perote","Tania Pe\u00f1a Nahle","Totalco"],"articleSection":["De Opini\u00f3n"],"inLanguage":"es"},{"@type":"WebPage","@id":"https:\/\/lospoliticosveracruz.com\/?p=126438","url":"https:\/\/lospoliticosveracruz.com\/?p=126438","name":"LA T\u00cdA ENFIESTADA\u2026 - Los pol\u00edticos Veracruz","isPartOf":{"@id":"https:\/\/lospoliticosveracruz.com\/#website"},"primaryImageOfPage":{"@id":"https:\/\/lospoliticosveracruz.com\/?p=126438#primaryimage"},"image":{"@id":"https:\/\/lospoliticosveracruz.com\/?p=126438#primaryimage"},"thumbnailUrl":"https:\/\/lospoliticosveracruz.com\/wp-content\/uploads\/2024\/03\/Oved-Contreras.jpg","datePublished":"2024-06-23T15:12:42+00:00","dateModified":"2024-06-23T15:12:52+00:00","breadcrumb":{"@id":"https:\/\/lospoliticosveracruz.com\/?p=126438#breadcrumb"},"inLanguage":"es","potentialAction":[{"@type":"ReadAction","target":["https:\/\/lospoliticosveracruz.com\/?p=126438"]}]},{"@type":"ImageObject","inLanguage":"es","@id":"https:\/\/lospoliticosveracruz.com\/?p=126438#primaryimage","url":"https:\/\/lospoliticosveracruz.com\/wp-content\/uploads\/2024\/03\/Oved-Contreras.jpg","contentUrl":"https:\/\/lospoliticosveracruz.com\/wp-content\/uploads\/2024\/03\/Oved-Contreras.jpg","width":1250,"height":667},{"@type":"BreadcrumbList","@id":"https:\/\/lospoliticosveracruz.com\/?p=126438#breadcrumb","itemListElement":[{"@type":"ListItem","position":1,"name":"Portada","item":"https:\/\/lospoliticosveracruz.com\/"},{"@type":"ListItem","position":2,"name":"LA T\u00cdA ENFIESTADA\u2026"}]},{"@type":"WebSite","@id":"https:\/\/lospoliticosveracruz.com\/#website","url":"https:\/\/lospoliticosveracruz.com\/","name":"Los pol\u00edticos Veracruz","description":"","publisher":{"@id":"https:\/\/lospoliticosveracruz.com\/#organization"},"potentialAction":[{"@type":"SearchAction","target":{"@type":"EntryPoint","urlTemplate":"https:\/\/lospoliticosveracruz.com\/?s={search_term_string}"},"query-input":{"@type":"PropertyValueSpecification","valueRequired":true,"valueName":"search_term_string"}}],"inLanguage":"es"},{"@type":"Organization","@id":"https:\/\/lospoliticosveracruz.com\/#organization","name":"Los pol\u00edticos Veracruz","url":"https:\/\/lospoliticosveracruz.com\/","logo":{"@type":"ImageObject","inLanguage":"es","@id":"https:\/\/lospoliticosveracruz.com\/#\/schema\/logo\/image\/","url":"https:\/\/lospoliticosveracruz.com\/wp-content\/uploads\/2025\/12\/Logo-Nuevo-LOS-POLITICOS-1.jpg","contentUrl":"https:\/\/lospoliticosveracruz.com\/wp-content\/uploads\/2025\/12\/Logo-Nuevo-LOS-POLITICOS-1.jpg","width":260,"height":70,"caption":"Los pol\u00edticos Veracruz"},"image":{"@id":"https:\/\/lospoliticosveracruz.com\/#\/schema\/logo\/image\/"},"sameAs":["https:\/\/www.facebook.com\/people\/Notimemes-de-los-Polticos\/61565672886568\/","https:\/\/x.com\/LosPoliticosVer"]},{"@type":"Person","@id":"https:\/\/lospoliticosveracruz.com\/#\/schema\/person\/b8702bb0e538456e6efd07080bf2a4a2","name":"Lo viste en Los Pol\u00edticos","image":{"@type":"ImageObject","inLanguage":"es","@id":"https:\/\/secure.gravatar.com\/avatar\/3a8de04a2656d44082be478bd6c086daa447c4651605818287b9532d3d0bd435?s=96&d=mm&r=g","url":"https:\/\/secure.gravatar.com\/avatar\/3a8de04a2656d44082be478bd6c086daa447c4651605818287b9532d3d0bd435?s=96&d=mm&r=g","contentUrl":"https:\/\/secure.gravatar.com\/avatar\/3a8de04a2656d44082be478bd6c086daa447c4651605818287b9532d3d0bd435?s=96&d=mm&r=g","caption":"Lo viste en Los Pol\u00edticos"},"url":"https:\/\/lospoliticosveracruz.com\/?author=2"}]}},"_links":{"self":[{"href":"https:\/\/lospoliticosveracruz.com\/index.php?rest_route=\/wp\/v2\/posts\/126438","targetHints":{"allow":["GET"]}}],"collection":[{"href":"https:\/\/lospoliticosveracruz.com\/index.php?rest_route=\/wp\/v2\/posts"}],"about":[{"href":"https:\/\/lospoliticosveracruz.com\/index.php?rest_route=\/wp\/v2\/types\/post"}],"author":[{"embeddable":true,"href":"https:\/\/lospoliticosveracruz.com\/index.php?rest_route=\/wp\/v2\/users\/2"}],"replies":[{"embeddable":true,"href":"https:\/\/lospoliticosveracruz.com\/index.php?rest_route=%2Fwp%2Fv2%2Fcomments&post=126438"}],"version-history":[{"count":1,"href":"https:\/\/lospoliticosveracruz.com\/index.php?rest_route=\/wp\/v2\/posts\/126438\/revisions"}],"predecessor-version":[{"id":126439,"href":"https:\/\/lospoliticosveracruz.com\/index.php?rest_route=\/wp\/v2\/posts\/126438\/revisions\/126439"}],"wp:featuredmedia":[{"embeddable":true,"href":"https:\/\/lospoliticosveracruz.com\/index.php?rest_route=\/wp\/v2\/media\/119816"}],"wp:attachment":[{"href":"https:\/\/lospoliticosveracruz.com\/index.php?rest_route=%2Fwp%2Fv2%2Fmedia&parent=126438"}],"wp:term":[{"taxonomy":"category","embeddable":true,"href":"https:\/\/lospoliticosveracruz.com\/index.php?rest_route=%2Fwp%2Fv2%2Fcategories&post=126438"},{"taxonomy":"post_tag","embeddable":true,"href":"https:\/\/lospoliticosveracruz.com\/index.php?rest_route=%2Fwp%2Fv2%2Ftags&post=126438"}],"curies":[{"name":"wp","href":"https:\/\/api.w.org\/{rel}","templated":true}]}}