{"id":12644,"date":"2014-10-14T17:18:05","date_gmt":"2014-10-14T17:18:05","guid":{"rendered":"http:\/\/www.lospoliticosveracruz.com.mx\/?p=12644"},"modified":"2014-10-14T17:18:05","modified_gmt":"2014-10-14T17:18:05","slug":"estamos-a-un-mes-de-los-centroamericanos","status":"publish","type":"post","link":"https:\/\/lospoliticosveracruz.com\/?p=12644","title":{"rendered":"Estamos a un mes de los Centroamericanos"},"content":{"rendered":"<p><a href=\"http:\/\/www.lospoliticosveracruz.com.mx\/wp-content\/uploads\/2014\/10\/antorcha-centroamericanos.jpg\"><img loading=\"lazy\" decoding=\"async\" class=\"alignnone size-medium wp-image-12646\" src=\"http:\/\/www.lospoliticosveracruz.com.mx\/wp-content\/uploads\/2014\/10\/antorcha-centroamericanos-300x198.jpg\" alt=\"antorcha centroamericanos\" width=\"300\" height=\"198\" \/><\/a><\/p>\n<p><strong>Miguel Angel Cristiani Gonz\u00e1lez<\/strong><\/p>\n<p><em>Bit\u00e1cora Veracruz<\/em><\/p>\n<p>&nbsp;<\/p>\n<p>Estamos ya pr\u00e1cticamente a un mes de la inauguraci\u00f3n en el puerto de Veracruz, en el estadio Luis Pirata de la Fuente, de los XII Juegos Deportivos Centroamericanos y del Caribe Veracruz 2014, faltan tan s\u00f3lo 31 d\u00edas, por lo que se trabaja a marchas forzadas, para tener todo listo como se ha comprometido, para lograr que sean los mejores realizados hasta la fecha.<\/p>\n<p>En un recorrido por las instalaciones que ser\u00e1n las sedes al menos aqu\u00ed en la capital del estado, se puede apreciar que hay un numeroso equipo de trabajadores, en todos los frentes, dando ya los \u00faltimos toques a los auditorios, gimnasios, pistas y campos que ser\u00e1n escenario de la justa deportiva internacional.<\/p>\n<p>Hay que reconocer que como dir\u00eda alguien por ah\u00ed, \u201cest\u00e1n quedando muy bonitos\u201d desde el majestuoso estadio xalape\u00f1o, que luce ahora reluciente, para recibir a todos los competidores de atletismo, hasta el vel\u00f3dromo de Xalapa, que luego de los juegos se convertir\u00e1 en el Word Trade Center para la realizaci\u00f3n de eventos, convenciones y espect\u00e1culos masivos, que era muy necesario y que hasta la fecha no se contaban con instalaciones de esa magnitud.<\/p>\n<p>El campo de futbol Quirazco, ahora luce como nuevo, con techos, gradas, pastos, y todas las instalaciones est\u00e1n ya a punto de quedar terminadas, igual que el gimnasio C que se transform\u00f3 totalmente.<\/p>\n<p>Son instalaciones que habr\u00e1n de quedar para el aprovechamiento de los veracruzanos y tambi\u00e9n de los mexicanos, que podr\u00e1n venir de otras entidades, a realizar cl\u00ednicas de entrenamiento para mejorar sus t\u00e9cnicas, en las modernas instalaciones deportivas.<\/p>\n<p>Como es bien sabido, la edici\u00f3n XXII de los Juegos Centroamericanos y del Caribe se llevar\u00e1 a cabo del 14 al 30 de noviembre de 2014 en la ciudad de Veracruz y 5 subsedes: Boca del R\u00edo, Xalapa, Tuxpan, C\u00f3rdoba y Coatzacoalcos.<br \/>\nLos Juegos Centroamericanos y del Caribe Veracruz 2014 son una versi\u00f3n regional de los Juegos Ol\u00edmpicos, donde se compite en 36 deportes de entre los cuales, 12 disciplinas son clasificatorias para los Juegos Panamericanos Toronto 2015.<\/p>\n<p>Los Juegos se crearon en 1924 gracias a la iniciativa de la Sociedad Ol\u00edmpica Mexicana con el objetivo de aumentar el nivel competitivo de los atletas de la regi\u00f3n.<\/p>\n<p>M\u00e9xico ha sido sede de los Juegos en 3 ocasiones; 1926 (los primeros Juegos Centroamericanos en la historia), 1954 y 1990.<\/p>\n<p>Veracruz obtuvo la sede de los Juegos en el 2009 por la Organizaci\u00f3n Deportiva Centroamericana y del Caribe (ODECABE). Ser\u00e1 la primera vez que se celebren fuera de la capital.<\/p>\n<p>Participar\u00e1n 31 pa\u00edses de la regi\u00f3n con cerca de 5 mil 700 atletas en 52 disciplinas deportivas, demostrando a m\u00e1s de un mill\u00f3n de espectadores lo que ser\u00e1 esta fiesta multideportiva e internacional, que generar\u00e1 una mezcla de deporte a en un entorno lleno de pasi\u00f3n, cultura y emoci\u00f3n.<\/p>\n<p>Para ir \u201csintiendo\u201d lo que ser\u00e1 la fiesta de los XXII de los Juegos Centroamericanos y del Caribe, este mi\u00e9rcoles 15 de octubre en la zona arqueol\u00f3gica de Teotihuac\u00e1n, se encender\u00e1 la Antorcha Centroamericana, que iniciar\u00e1 un recorrido hacia el estado de Veracruz, para ir prendiendo la llama en las sedes y llegar finalmente al puerto de Veracruz en donde ser\u00e1 la ceremonia protocolaria de inauguraci\u00f3n el 14 de noviembre.<\/p>\n","protected":false},"excerpt":{"rendered":"<p>Miguel Angel Cristiani Gonz\u00e1lez Bit\u00e1cora Veracruz &nbsp; Estamos ya pr\u00e1cticamente a un mes de la inauguraci\u00f3n en el puerto de Veracruz, en el estadio Luis Pirata de la Fuente, de los XII Juegos Deportivos Centroamericanos y del Caribe Veracruz 2014, faltan tan s\u00f3lo 31 d\u00edas, por lo que se trabaja a marchas forzadas, para tener [&hellip;]<\/p>\n","protected":false},"author":2,"featured_media":0,"comment_status":"open","ping_status":"open","sticky":false,"template":"","format":"standard","meta":{"tdm_status":"","tdm_grid_status":"","footnotes":""},"categories":[70],"tags":[200],"class_list":{"0":"post-12644","1":"post","2":"type-post","3":"status-publish","4":"format-standard","6":"category-de-opinion","7":"tag-juegos-centroamericanos"},"yoast_head":"<!-- This site is optimized with the Yoast SEO plugin v27.4 - https:\/\/yoast.com\/product\/yoast-seo-wordpress\/ -->\n<title>Estamos a un mes de los Centroamericanos - Los pol\u00edticos Veracruz<\/title>\n<meta name=\"robots\" content=\"index, follow, max-snippet:-1, max-image-preview:large, max-video-preview:-1\" \/>\n<link rel=\"canonical\" href=\"https:\/\/lospoliticosveracruz.com\/?p=12644\" \/>\n<meta property=\"og:locale\" content=\"es_ES\" \/>\n<meta property=\"og:type\" content=\"article\" \/>\n<meta property=\"og:title\" content=\"Estamos a un mes de los Centroamericanos - Los pol\u00edticos Veracruz\" \/>\n<meta property=\"og:description\" content=\"Miguel Angel Cristiani Gonz\u00e1lez Bit\u00e1cora Veracruz &nbsp; Estamos ya pr\u00e1cticamente a un mes de la inauguraci\u00f3n en el puerto de Veracruz, en el estadio Luis Pirata de la Fuente, de los XII Juegos Deportivos Centroamericanos y del Caribe Veracruz 2014, faltan tan s\u00f3lo 31 d\u00edas, por lo que se trabaja a marchas forzadas, para tener [&hellip;]\" \/>\n<meta property=\"og:url\" content=\"https:\/\/lospoliticosveracruz.com\/?p=12644\" \/>\n<meta property=\"og:site_name\" content=\"Los pol\u00edticos Veracruz\" \/>\n<meta property=\"article:publisher\" content=\"https:\/\/www.facebook.com\/people\/Notimemes-de-los-Polticos\/61565672886568\/\" \/>\n<meta property=\"article:published_time\" content=\"2014-10-14T17:18:05+00:00\" \/>\n<meta property=\"og:image\" content=\"http:\/\/www.lospoliticosveracruz.com.mx\/wp-content\/uploads\/2014\/10\/antorcha-centroamericanos-300x198.jpg\" \/>\n<meta name=\"author\" content=\"Lo viste en Los Pol\u00edticos\" \/>\n<meta name=\"twitter:card\" content=\"summary_large_image\" \/>\n<meta name=\"twitter:creator\" content=\"@LosPoliticosVer\" \/>\n<meta name=\"twitter:site\" content=\"@LosPoliticosVer\" \/>\n<meta name=\"twitter:label1\" content=\"Escrito por\" \/>\n\t<meta name=\"twitter:data1\" content=\"Lo viste en Los Pol\u00edticos\" \/>\n\t<meta name=\"twitter:label2\" content=\"Tiempo de lectura\" \/>\n\t<meta name=\"twitter:data2\" content=\"3 minutos\" \/>\n<script type=\"application\/ld+json\" class=\"yoast-schema-graph\">{\"@context\":\"https:\\\/\\\/schema.org\",\"@graph\":[{\"@type\":\"Article\",\"@id\":\"https:\\\/\\\/lospoliticosveracruz.com\\\/?p=12644#article\",\"isPartOf\":{\"@id\":\"https:\\\/\\\/lospoliticosveracruz.com\\\/?p=12644\"},\"author\":{\"name\":\"Lo viste en Los Pol\u00edticos\",\"@id\":\"https:\\\/\\\/lospoliticosveracruz.com\\\/#\\\/schema\\\/person\\\/b8702bb0e538456e6efd07080bf2a4a2\"},\"headline\":\"Estamos a un mes de los Centroamericanos\",\"datePublished\":\"2014-10-14T17:18:05+00:00\",\"mainEntityOfPage\":{\"@id\":\"https:\\\/\\\/lospoliticosveracruz.com\\\/?p=12644\"},\"wordCount\":568,\"commentCount\":0,\"publisher\":{\"@id\":\"https:\\\/\\\/lospoliticosveracruz.com\\\/#organization\"},\"image\":{\"@id\":\"https:\\\/\\\/lospoliticosveracruz.com\\\/?p=12644#primaryimage\"},\"thumbnailUrl\":\"http:\\\/\\\/www.lospoliticosveracruz.com.mx\\\/wp-content\\\/uploads\\\/2014\\\/10\\\/antorcha-centroamericanos-300x198.jpg\",\"keywords\":[\"Juegos Centroamericanos\"],\"articleSection\":[\"De Opini\u00f3n\"],\"inLanguage\":\"es\",\"potentialAction\":[{\"@type\":\"CommentAction\",\"name\":\"Comment\",\"target\":[\"https:\\\/\\\/lospoliticosveracruz.com\\\/?p=12644#respond\"]}]},{\"@type\":\"WebPage\",\"@id\":\"https:\\\/\\\/lospoliticosveracruz.com\\\/?p=12644\",\"url\":\"https:\\\/\\\/lospoliticosveracruz.com\\\/?p=12644\",\"name\":\"Estamos a un mes de los Centroamericanos - Los pol\u00edticos Veracruz\",\"isPartOf\":{\"@id\":\"https:\\\/\\\/lospoliticosveracruz.com\\\/#website\"},\"primaryImageOfPage\":{\"@id\":\"https:\\\/\\\/lospoliticosveracruz.com\\\/?p=12644#primaryimage\"},\"image\":{\"@id\":\"https:\\\/\\\/lospoliticosveracruz.com\\\/?p=12644#primaryimage\"},\"thumbnailUrl\":\"http:\\\/\\\/www.lospoliticosveracruz.com.mx\\\/wp-content\\\/uploads\\\/2014\\\/10\\\/antorcha-centroamericanos-300x198.jpg\",\"datePublished\":\"2014-10-14T17:18:05+00:00\",\"breadcrumb\":{\"@id\":\"https:\\\/\\\/lospoliticosveracruz.com\\\/?p=12644#breadcrumb\"},\"inLanguage\":\"es\",\"potentialAction\":[{\"@type\":\"ReadAction\",\"target\":[\"https:\\\/\\\/lospoliticosveracruz.com\\\/?p=12644\"]}]},{\"@type\":\"ImageObject\",\"inLanguage\":\"es\",\"@id\":\"https:\\\/\\\/lospoliticosveracruz.com\\\/?p=12644#primaryimage\",\"url\":\"http:\\\/\\\/www.lospoliticosveracruz.com.mx\\\/wp-content\\\/uploads\\\/2014\\\/10\\\/antorcha-centroamericanos-300x198.jpg\",\"contentUrl\":\"http:\\\/\\\/www.lospoliticosveracruz.com.mx\\\/wp-content\\\/uploads\\\/2014\\\/10\\\/antorcha-centroamericanos-300x198.jpg\"},{\"@type\":\"BreadcrumbList\",\"@id\":\"https:\\\/\\\/lospoliticosveracruz.com\\\/?p=12644#breadcrumb\",\"itemListElement\":[{\"@type\":\"ListItem\",\"position\":1,\"name\":\"Portada\",\"item\":\"https:\\\/\\\/lospoliticosveracruz.com\\\/\"},{\"@type\":\"ListItem\",\"position\":2,\"name\":\"Estamos a un mes de los Centroamericanos\"}]},{\"@type\":\"WebSite\",\"@id\":\"https:\\\/\\\/lospoliticosveracruz.com\\\/#website\",\"url\":\"https:\\\/\\\/lospoliticosveracruz.com\\\/\",\"name\":\"Los pol\u00edticos Veracruz\",\"description\":\"\",\"publisher\":{\"@id\":\"https:\\\/\\\/lospoliticosveracruz.com\\\/#organization\"},\"potentialAction\":[{\"@type\":\"SearchAction\",\"target\":{\"@type\":\"EntryPoint\",\"urlTemplate\":\"https:\\\/\\\/lospoliticosveracruz.com\\\/?s={search_term_string}\"},\"query-input\":{\"@type\":\"PropertyValueSpecification\",\"valueRequired\":true,\"valueName\":\"search_term_string\"}}],\"inLanguage\":\"es\"},{\"@type\":\"Organization\",\"@id\":\"https:\\\/\\\/lospoliticosveracruz.com\\\/#organization\",\"name\":\"Los pol\u00edticos Veracruz\",\"url\":\"https:\\\/\\\/lospoliticosveracruz.com\\\/\",\"logo\":{\"@type\":\"ImageObject\",\"inLanguage\":\"es\",\"@id\":\"https:\\\/\\\/lospoliticosveracruz.com\\\/#\\\/schema\\\/logo\\\/image\\\/\",\"url\":\"https:\\\/\\\/lospoliticosveracruz.com\\\/wp-content\\\/uploads\\\/2025\\\/12\\\/Logo-Nuevo-LOS-POLITICOS-1.jpg\",\"contentUrl\":\"https:\\\/\\\/lospoliticosveracruz.com\\\/wp-content\\\/uploads\\\/2025\\\/12\\\/Logo-Nuevo-LOS-POLITICOS-1.jpg\",\"width\":260,\"height\":70,\"caption\":\"Los pol\u00edticos Veracruz\"},\"image\":{\"@id\":\"https:\\\/\\\/lospoliticosveracruz.com\\\/#\\\/schema\\\/logo\\\/image\\\/\"},\"sameAs\":[\"https:\\\/\\\/www.facebook.com\\\/people\\\/Notimemes-de-los-Polticos\\\/61565672886568\\\/\",\"https:\\\/\\\/x.com\\\/LosPoliticosVer\"]},{\"@type\":\"Person\",\"@id\":\"https:\\\/\\\/lospoliticosveracruz.com\\\/#\\\/schema\\\/person\\\/b8702bb0e538456e6efd07080bf2a4a2\",\"name\":\"Lo viste en Los Pol\u00edticos\",\"image\":{\"@type\":\"ImageObject\",\"inLanguage\":\"es\",\"@id\":\"https:\\\/\\\/secure.gravatar.com\\\/avatar\\\/3a8de04a2656d44082be478bd6c086daa447c4651605818287b9532d3d0bd435?s=96&d=mm&r=g\",\"url\":\"https:\\\/\\\/secure.gravatar.com\\\/avatar\\\/3a8de04a2656d44082be478bd6c086daa447c4651605818287b9532d3d0bd435?s=96&d=mm&r=g\",\"contentUrl\":\"https:\\\/\\\/secure.gravatar.com\\\/avatar\\\/3a8de04a2656d44082be478bd6c086daa447c4651605818287b9532d3d0bd435?s=96&d=mm&r=g\",\"caption\":\"Lo viste en Los Pol\u00edticos\"},\"url\":\"https:\\\/\\\/lospoliticosveracruz.com\\\/?author=2\"}]}<\/script>\n<!-- \/ Yoast SEO plugin. -->","yoast_head_json":{"title":"Estamos a un mes de los Centroamericanos - Los pol\u00edticos Veracruz","robots":{"index":"index","follow":"follow","max-snippet":"max-snippet:-1","max-image-preview":"max-image-preview:large","max-video-preview":"max-video-preview:-1"},"canonical":"https:\/\/lospoliticosveracruz.com\/?p=12644","og_locale":"es_ES","og_type":"article","og_title":"Estamos a un mes de los Centroamericanos - Los pol\u00edticos Veracruz","og_description":"Miguel Angel Cristiani Gonz\u00e1lez Bit\u00e1cora Veracruz &nbsp; Estamos ya pr\u00e1cticamente a un mes de la inauguraci\u00f3n en el puerto de Veracruz, en el estadio Luis Pirata de la Fuente, de los XII Juegos Deportivos Centroamericanos y del Caribe Veracruz 2014, faltan tan s\u00f3lo 31 d\u00edas, por lo que se trabaja a marchas forzadas, para tener [&hellip;]","og_url":"https:\/\/lospoliticosveracruz.com\/?p=12644","og_site_name":"Los pol\u00edticos Veracruz","article_publisher":"https:\/\/www.facebook.com\/people\/Notimemes-de-los-Polticos\/61565672886568\/","article_published_time":"2014-10-14T17:18:05+00:00","og_image":[{"url":"http:\/\/www.lospoliticosveracruz.com.mx\/wp-content\/uploads\/2014\/10\/antorcha-centroamericanos-300x198.jpg","type":"","width":"","height":""}],"author":"Lo viste en Los Pol\u00edticos","twitter_card":"summary_large_image","twitter_creator":"@LosPoliticosVer","twitter_site":"@LosPoliticosVer","twitter_misc":{"Escrito por":"Lo viste en Los Pol\u00edticos","Tiempo de lectura":"3 minutos"},"schema":{"@context":"https:\/\/schema.org","@graph":[{"@type":"Article","@id":"https:\/\/lospoliticosveracruz.com\/?p=12644#article","isPartOf":{"@id":"https:\/\/lospoliticosveracruz.com\/?p=12644"},"author":{"name":"Lo viste en Los Pol\u00edticos","@id":"https:\/\/lospoliticosveracruz.com\/#\/schema\/person\/b8702bb0e538456e6efd07080bf2a4a2"},"headline":"Estamos a un mes de los Centroamericanos","datePublished":"2014-10-14T17:18:05+00:00","mainEntityOfPage":{"@id":"https:\/\/lospoliticosveracruz.com\/?p=12644"},"wordCount":568,"commentCount":0,"publisher":{"@id":"https:\/\/lospoliticosveracruz.com\/#organization"},"image":{"@id":"https:\/\/lospoliticosveracruz.com\/?p=12644#primaryimage"},"thumbnailUrl":"http:\/\/www.lospoliticosveracruz.com.mx\/wp-content\/uploads\/2014\/10\/antorcha-centroamericanos-300x198.jpg","keywords":["Juegos Centroamericanos"],"articleSection":["De Opini\u00f3n"],"inLanguage":"es","potentialAction":[{"@type":"CommentAction","name":"Comment","target":["https:\/\/lospoliticosveracruz.com\/?p=12644#respond"]}]},{"@type":"WebPage","@id":"https:\/\/lospoliticosveracruz.com\/?p=12644","url":"https:\/\/lospoliticosveracruz.com\/?p=12644","name":"Estamos a un mes de los Centroamericanos - Los pol\u00edticos Veracruz","isPartOf":{"@id":"https:\/\/lospoliticosveracruz.com\/#website"},"primaryImageOfPage":{"@id":"https:\/\/lospoliticosveracruz.com\/?p=12644#primaryimage"},"image":{"@id":"https:\/\/lospoliticosveracruz.com\/?p=12644#primaryimage"},"thumbnailUrl":"http:\/\/www.lospoliticosveracruz.com.mx\/wp-content\/uploads\/2014\/10\/antorcha-centroamericanos-300x198.jpg","datePublished":"2014-10-14T17:18:05+00:00","breadcrumb":{"@id":"https:\/\/lospoliticosveracruz.com\/?p=12644#breadcrumb"},"inLanguage":"es","potentialAction":[{"@type":"ReadAction","target":["https:\/\/lospoliticosveracruz.com\/?p=12644"]}]},{"@type":"ImageObject","inLanguage":"es","@id":"https:\/\/lospoliticosveracruz.com\/?p=12644#primaryimage","url":"http:\/\/www.lospoliticosveracruz.com.mx\/wp-content\/uploads\/2014\/10\/antorcha-centroamericanos-300x198.jpg","contentUrl":"http:\/\/www.lospoliticosveracruz.com.mx\/wp-content\/uploads\/2014\/10\/antorcha-centroamericanos-300x198.jpg"},{"@type":"BreadcrumbList","@id":"https:\/\/lospoliticosveracruz.com\/?p=12644#breadcrumb","itemListElement":[{"@type":"ListItem","position":1,"name":"Portada","item":"https:\/\/lospoliticosveracruz.com\/"},{"@type":"ListItem","position":2,"name":"Estamos a un mes de los Centroamericanos"}]},{"@type":"WebSite","@id":"https:\/\/lospoliticosveracruz.com\/#website","url":"https:\/\/lospoliticosveracruz.com\/","name":"Los pol\u00edticos Veracruz","description":"","publisher":{"@id":"https:\/\/lospoliticosveracruz.com\/#organization"},"potentialAction":[{"@type":"SearchAction","target":{"@type":"EntryPoint","urlTemplate":"https:\/\/lospoliticosveracruz.com\/?s={search_term_string}"},"query-input":{"@type":"PropertyValueSpecification","valueRequired":true,"valueName":"search_term_string"}}],"inLanguage":"es"},{"@type":"Organization","@id":"https:\/\/lospoliticosveracruz.com\/#organization","name":"Los pol\u00edticos Veracruz","url":"https:\/\/lospoliticosveracruz.com\/","logo":{"@type":"ImageObject","inLanguage":"es","@id":"https:\/\/lospoliticosveracruz.com\/#\/schema\/logo\/image\/","url":"https:\/\/lospoliticosveracruz.com\/wp-content\/uploads\/2025\/12\/Logo-Nuevo-LOS-POLITICOS-1.jpg","contentUrl":"https:\/\/lospoliticosveracruz.com\/wp-content\/uploads\/2025\/12\/Logo-Nuevo-LOS-POLITICOS-1.jpg","width":260,"height":70,"caption":"Los pol\u00edticos Veracruz"},"image":{"@id":"https:\/\/lospoliticosveracruz.com\/#\/schema\/logo\/image\/"},"sameAs":["https:\/\/www.facebook.com\/people\/Notimemes-de-los-Polticos\/61565672886568\/","https:\/\/x.com\/LosPoliticosVer"]},{"@type":"Person","@id":"https:\/\/lospoliticosveracruz.com\/#\/schema\/person\/b8702bb0e538456e6efd07080bf2a4a2","name":"Lo viste en Los Pol\u00edticos","image":{"@type":"ImageObject","inLanguage":"es","@id":"https:\/\/secure.gravatar.com\/avatar\/3a8de04a2656d44082be478bd6c086daa447c4651605818287b9532d3d0bd435?s=96&d=mm&r=g","url":"https:\/\/secure.gravatar.com\/avatar\/3a8de04a2656d44082be478bd6c086daa447c4651605818287b9532d3d0bd435?s=96&d=mm&r=g","contentUrl":"https:\/\/secure.gravatar.com\/avatar\/3a8de04a2656d44082be478bd6c086daa447c4651605818287b9532d3d0bd435?s=96&d=mm&r=g","caption":"Lo viste en Los Pol\u00edticos"},"url":"https:\/\/lospoliticosveracruz.com\/?author=2"}]}},"_links":{"self":[{"href":"https:\/\/lospoliticosveracruz.com\/index.php?rest_route=\/wp\/v2\/posts\/12644","targetHints":{"allow":["GET"]}}],"collection":[{"href":"https:\/\/lospoliticosveracruz.com\/index.php?rest_route=\/wp\/v2\/posts"}],"about":[{"href":"https:\/\/lospoliticosveracruz.com\/index.php?rest_route=\/wp\/v2\/types\/post"}],"author":[{"embeddable":true,"href":"https:\/\/lospoliticosveracruz.com\/index.php?rest_route=\/wp\/v2\/users\/2"}],"replies":[{"embeddable":true,"href":"https:\/\/lospoliticosveracruz.com\/index.php?rest_route=%2Fwp%2Fv2%2Fcomments&post=12644"}],"version-history":[{"count":2,"href":"https:\/\/lospoliticosveracruz.com\/index.php?rest_route=\/wp\/v2\/posts\/12644\/revisions"}],"predecessor-version":[{"id":12647,"href":"https:\/\/lospoliticosveracruz.com\/index.php?rest_route=\/wp\/v2\/posts\/12644\/revisions\/12647"}],"wp:attachment":[{"href":"https:\/\/lospoliticosveracruz.com\/index.php?rest_route=%2Fwp%2Fv2%2Fmedia&parent=12644"}],"wp:term":[{"taxonomy":"category","embeddable":true,"href":"https:\/\/lospoliticosveracruz.com\/index.php?rest_route=%2Fwp%2Fv2%2Fcategories&post=12644"},{"taxonomy":"post_tag","embeddable":true,"href":"https:\/\/lospoliticosveracruz.com\/index.php?rest_route=%2Fwp%2Fv2%2Ftags&post=12644"}],"curies":[{"name":"wp","href":"https:\/\/api.w.org\/{rel}","templated":true}]}}