{"id":126494,"date":"2024-06-24T14:16:23","date_gmt":"2024-06-24T19:16:23","guid":{"rendered":"https:\/\/lospoliticosveracruz.com.mx\/?p=126494"},"modified":"2024-06-24T14:16:34","modified_gmt":"2024-06-24T19:16:34","slug":"andaba-cochinona","status":"publish","type":"post","link":"https:\/\/lospoliticosveracruz.com\/?p=126494","title":{"rendered":"ANDABA COCHINONA!"},"content":{"rendered":"\n<p><\/p>\n\n\n\n<p><strong>Boca del R\u00edo<\/strong><br>La Procuradur\u00eda Estatal de Protecci\u00f3n al Medio Ambiente (PMA) siempre ha actuado conforme a derecho aplicando con firmeza la normatividad en materia de protecci\u00f3n ambiental, tal como lo hizo con la transnacional Granjas Carroll, la cual, por el inadecuado manejo de sus residuos especiales, fue sancionada con m\u00e1s de 4 millones de pesos, adem\u00e1s de aplicarle diversas medidas de mitigaci\u00f3n y remediaci\u00f3n al medio ambiente.<\/p>\n\n\n\n<p>Sergio Rodr\u00edguez Cort\u00e9s, titular de la dependencia estatal, fue claro al explicar que el 09 de marzo de 2022 se procedi\u00f3 conforme a la Ley 62 del Medio Ambiente y la Ley 847 que rige el manejo adecuado de Residuos S\u00f3lidos Urbanos y de Manejo Especial del Estado de Veracruz, al realizar una visita de inspecci\u00f3n a la empresa Granjas Carroll de M\u00e9xico S. de R.L. de C.V., esto luego de que fueran detectados diversos expedientes de dicha empresa con numerosas incidencias en materia ambiental acumuladas desde 2014, y que administraciones estatales anteriores pasaron por alto.<\/p>\n\n\n\n<p>En dicha visita, personal de la PMA pudo constatar el manejo inadecuado de residuos especiales con la posibilidad de contaminar los cuerpo de agua.<\/p>\n\n\n\n<p>Tras la inspecci\u00f3n, se observ\u00f3 que los desechos provenientes de la producci\u00f3n porcina, los lodos eran depositados directamente al suelo, generando filtraciones que llegan a contaminar los mantos fre\u00e1ticos.<\/p>\n\n\n\n<p>Por ello, record\u00f3 el funcionario estatal, el 07 de abril de 2022, la PMA realiz\u00f3 un Dictamen T\u00e9cnico sobre la pr\u00e1ctica inadecuada llevada a cabo por Granjas Carroll, lo que posteriormente permiti\u00f3 clausurar la empresa, lo cual les fue notificado en noviembre de 2022, tal y como lo marca el procedimiento administrativo amparado por la ley.<\/p>\n\n\n\n<p>Tras la determinaci\u00f3n de la PMA, Granjas Carroll rechaz\u00f3 la actuaci\u00f3n de la Procuradur\u00eda y se ampar\u00f3 en el hoy extinto Tribunal Estatal de Justicia Administrativa, siendo hasta el 27 de febrero de 2023 que dicho Tribunal reconoci\u00f3 que los procedimientos de la PMA efectivamente fueron en actuaci\u00f3n apegada a derecho, por lo que en marzo de 2023 nuevamente se entabl\u00f3 di\u00e1logo con Granjas Carroll para que atendiera las observaciones que se le realizaron en materia ambiental.<\/p>\n\n\n\n<p>Entre las anomal\u00edas detectadas estuvieron: la falta de documentaci\u00f3n como el Registro de Empresa Generadora de Residuos de Manejo Especial, Licencia de Funcionamiento, C\u00e9dula Estatal de Operaci\u00f3n Anual, entre otros, por lo que se le impuso una multa de 40 mil UMAS, que ascendi\u00f3 a un total de 4 millones 149 mil 600 pesos, as\u00ed como diversas medidas de mitigaci\u00f3n y remediaci\u00f3n al medio ambiente, dentro de las cuales la empresa se comprometi\u00f3 a mejorar su infraestructura con la construcci\u00f3n de lagunas de oxidaci\u00f3n para imposibilitar la filtraci\u00f3n de desechos al subsuelo.<\/p>\n\n\n\n<p>Cabe mencionar que dicha resoluci\u00f3n signada por Granjas Carroll el 01 de marzo de 2023 menciona que la empresa debe cumplir con siete medidas de mitigaci\u00f3n y remediaci\u00f3n al suelo, seis en torno al tema del agua, dos por contaminaci\u00f3n al aire y nueve medidas en el tema de documentaci\u00f3n.<\/p>\n\n\n\n<p>Actualmente y tras los lamentables hechos ocurridos en Perote, la PMA, reitera que cuenta con las facultades legales para realizar la verificaci\u00f3n del cumplimiento de la resoluci\u00f3n arriba citada, para constatar que Granjas Carroll haya cumplido con la preservaci\u00f3n del suelo, ya que esta es el \u00e1rea que compete a la Procuradur\u00eda, pues el tema de contaminaci\u00f3n de agua y afluentes corresponde directamente a la Conagua.<\/p>\n\n\n\n<p>\u201cEs importante se\u00f1alar que muchas veces las empresas se quejan por las actuaciones fuertes que hace esta autoridad. Y esta empresa es uno de los ejemplos que se ha combatido con fuerza, todo apegado a derecho aunque muchas veces esto incomode, pero es necesario y muy importante para lograr prevalecer las condiciones m\u00ednimas de respeto y protecci\u00f3n al medio ambiente\u201d, expres\u00f3 Rodr\u00edguez Cort\u00e9s.<\/p>\n","protected":false},"excerpt":{"rendered":"<p>Boca del R\u00edoLa Procuradur\u00eda Estatal de Protecci\u00f3n al Medio Ambiente (PMA) siempre ha actuado conforme a derecho aplicando con firmeza la normatividad en materia de protecci\u00f3n ambiental, tal como lo hizo con la transnacional Granjas Carroll, la cual, por el inadecuado manejo de sus residuos especiales, fue sancionada con m\u00e1s de 4 millones de pesos, [&hellip;]<\/p>\n","protected":false},"author":2,"featured_media":0,"comment_status":"closed","ping_status":"closed","sticky":false,"template":"","format":"standard","meta":{"tdm_status":"","tdm_grid_status":"","footnotes":""},"categories":[73],"tags":[11592],"class_list":{"0":"post-126494","1":"post","2":"type-post","3":"status-publish","4":"format-standard","6":"category-de-boleto","7":"tag-pma"},"yoast_head":"<!-- This site is optimized with the Yoast SEO plugin v27.4 - https:\/\/yoast.com\/product\/yoast-seo-wordpress\/ -->\n<title>ANDABA COCHINONA! - Los pol\u00edticos Veracruz<\/title>\n<meta name=\"robots\" content=\"index, follow, max-snippet:-1, max-image-preview:large, max-video-preview:-1\" \/>\n<link rel=\"canonical\" href=\"https:\/\/lospoliticosveracruz.com\/?p=126494\" \/>\n<meta property=\"og:locale\" content=\"es_ES\" \/>\n<meta property=\"og:type\" content=\"article\" \/>\n<meta property=\"og:title\" content=\"ANDABA COCHINONA! - Los pol\u00edticos Veracruz\" \/>\n<meta property=\"og:description\" content=\"Boca del R\u00edoLa Procuradur\u00eda Estatal de Protecci\u00f3n al Medio Ambiente (PMA) siempre ha actuado conforme a derecho aplicando con firmeza la normatividad en materia de protecci\u00f3n ambiental, tal como lo hizo con la transnacional Granjas Carroll, la cual, por el inadecuado manejo de sus residuos especiales, fue sancionada con m\u00e1s de 4 millones de pesos, [&hellip;]\" \/>\n<meta property=\"og:url\" content=\"https:\/\/lospoliticosveracruz.com\/?p=126494\" \/>\n<meta property=\"og:site_name\" content=\"Los pol\u00edticos Veracruz\" \/>\n<meta property=\"article:publisher\" content=\"https:\/\/www.facebook.com\/people\/Notimemes-de-los-Polticos\/61565672886568\/\" \/>\n<meta property=\"article:published_time\" content=\"2024-06-24T19:16:23+00:00\" \/>\n<meta property=\"article:modified_time\" content=\"2024-06-24T19:16:34+00:00\" \/>\n<meta property=\"og:image\" content=\"https:\/\/lospoliticosveracruz.com\/wp-content\/uploads\/2016\/07\/Logo-Dor.jpg\" \/>\n\t<meta property=\"og:image:width\" content=\"200\" \/>\n\t<meta property=\"og:image:height\" content=\"200\" \/>\n\t<meta property=\"og:image:type\" content=\"image\/jpeg\" \/>\n<meta name=\"author\" content=\"Lo viste en Los Pol\u00edticos\" \/>\n<meta name=\"twitter:card\" content=\"summary_large_image\" \/>\n<meta name=\"twitter:creator\" content=\"@LosPoliticosVer\" \/>\n<meta name=\"twitter:site\" content=\"@LosPoliticosVer\" \/>\n<meta name=\"twitter:label1\" content=\"Escrito por\" \/>\n\t<meta name=\"twitter:data1\" content=\"Lo viste en Los Pol\u00edticos\" \/>\n\t<meta name=\"twitter:label2\" content=\"Tiempo de lectura\" \/>\n\t<meta name=\"twitter:data2\" content=\"3 minutos\" \/>\n<script type=\"application\/ld+json\" class=\"yoast-schema-graph\">{\"@context\":\"https:\\\/\\\/schema.org\",\"@graph\":[{\"@type\":\"Article\",\"@id\":\"https:\\\/\\\/lospoliticosveracruz.com\\\/?p=126494#article\",\"isPartOf\":{\"@id\":\"https:\\\/\\\/lospoliticosveracruz.com\\\/?p=126494\"},\"author\":{\"name\":\"Lo viste en Los Pol\u00edticos\",\"@id\":\"https:\\\/\\\/lospoliticosveracruz.com\\\/#\\\/schema\\\/person\\\/b8702bb0e538456e6efd07080bf2a4a2\"},\"headline\":\"ANDABA COCHINONA!\",\"datePublished\":\"2024-06-24T19:16:23+00:00\",\"dateModified\":\"2024-06-24T19:16:34+00:00\",\"mainEntityOfPage\":{\"@id\":\"https:\\\/\\\/lospoliticosveracruz.com\\\/?p=126494\"},\"wordCount\":654,\"publisher\":{\"@id\":\"https:\\\/\\\/lospoliticosveracruz.com\\\/#organization\"},\"keywords\":[\"PMA\"],\"articleSection\":[\"De Boleto\"],\"inLanguage\":\"es\"},{\"@type\":\"WebPage\",\"@id\":\"https:\\\/\\\/lospoliticosveracruz.com\\\/?p=126494\",\"url\":\"https:\\\/\\\/lospoliticosveracruz.com\\\/?p=126494\",\"name\":\"ANDABA COCHINONA! - Los pol\u00edticos Veracruz\",\"isPartOf\":{\"@id\":\"https:\\\/\\\/lospoliticosveracruz.com\\\/#website\"},\"datePublished\":\"2024-06-24T19:16:23+00:00\",\"dateModified\":\"2024-06-24T19:16:34+00:00\",\"breadcrumb\":{\"@id\":\"https:\\\/\\\/lospoliticosveracruz.com\\\/?p=126494#breadcrumb\"},\"inLanguage\":\"es\",\"potentialAction\":[{\"@type\":\"ReadAction\",\"target\":[\"https:\\\/\\\/lospoliticosveracruz.com\\\/?p=126494\"]}]},{\"@type\":\"BreadcrumbList\",\"@id\":\"https:\\\/\\\/lospoliticosveracruz.com\\\/?p=126494#breadcrumb\",\"itemListElement\":[{\"@type\":\"ListItem\",\"position\":1,\"name\":\"Portada\",\"item\":\"https:\\\/\\\/lospoliticosveracruz.com\\\/\"},{\"@type\":\"ListItem\",\"position\":2,\"name\":\"ANDABA COCHINONA!\"}]},{\"@type\":\"WebSite\",\"@id\":\"https:\\\/\\\/lospoliticosveracruz.com\\\/#website\",\"url\":\"https:\\\/\\\/lospoliticosveracruz.com\\\/\",\"name\":\"Los pol\u00edticos Veracruz\",\"description\":\"\",\"publisher\":{\"@id\":\"https:\\\/\\\/lospoliticosveracruz.com\\\/#organization\"},\"potentialAction\":[{\"@type\":\"SearchAction\",\"target\":{\"@type\":\"EntryPoint\",\"urlTemplate\":\"https:\\\/\\\/lospoliticosveracruz.com\\\/?s={search_term_string}\"},\"query-input\":{\"@type\":\"PropertyValueSpecification\",\"valueRequired\":true,\"valueName\":\"search_term_string\"}}],\"inLanguage\":\"es\"},{\"@type\":\"Organization\",\"@id\":\"https:\\\/\\\/lospoliticosveracruz.com\\\/#organization\",\"name\":\"Los pol\u00edticos Veracruz\",\"url\":\"https:\\\/\\\/lospoliticosveracruz.com\\\/\",\"logo\":{\"@type\":\"ImageObject\",\"inLanguage\":\"es\",\"@id\":\"https:\\\/\\\/lospoliticosveracruz.com\\\/#\\\/schema\\\/logo\\\/image\\\/\",\"url\":\"https:\\\/\\\/lospoliticosveracruz.com\\\/wp-content\\\/uploads\\\/2025\\\/12\\\/Logo-Nuevo-LOS-POLITICOS-1.jpg\",\"contentUrl\":\"https:\\\/\\\/lospoliticosveracruz.com\\\/wp-content\\\/uploads\\\/2025\\\/12\\\/Logo-Nuevo-LOS-POLITICOS-1.jpg\",\"width\":260,\"height\":70,\"caption\":\"Los pol\u00edticos Veracruz\"},\"image\":{\"@id\":\"https:\\\/\\\/lospoliticosveracruz.com\\\/#\\\/schema\\\/logo\\\/image\\\/\"},\"sameAs\":[\"https:\\\/\\\/www.facebook.com\\\/people\\\/Notimemes-de-los-Polticos\\\/61565672886568\\\/\",\"https:\\\/\\\/x.com\\\/LosPoliticosVer\"]},{\"@type\":\"Person\",\"@id\":\"https:\\\/\\\/lospoliticosveracruz.com\\\/#\\\/schema\\\/person\\\/b8702bb0e538456e6efd07080bf2a4a2\",\"name\":\"Lo viste en Los Pol\u00edticos\",\"image\":{\"@type\":\"ImageObject\",\"inLanguage\":\"es\",\"@id\":\"https:\\\/\\\/secure.gravatar.com\\\/avatar\\\/3a8de04a2656d44082be478bd6c086daa447c4651605818287b9532d3d0bd435?s=96&d=mm&r=g\",\"url\":\"https:\\\/\\\/secure.gravatar.com\\\/avatar\\\/3a8de04a2656d44082be478bd6c086daa447c4651605818287b9532d3d0bd435?s=96&d=mm&r=g\",\"contentUrl\":\"https:\\\/\\\/secure.gravatar.com\\\/avatar\\\/3a8de04a2656d44082be478bd6c086daa447c4651605818287b9532d3d0bd435?s=96&d=mm&r=g\",\"caption\":\"Lo viste en Los Pol\u00edticos\"},\"url\":\"https:\\\/\\\/lospoliticosveracruz.com\\\/?author=2\"}]}<\/script>\n<!-- \/ Yoast SEO plugin. -->","yoast_head_json":{"title":"ANDABA COCHINONA! - Los pol\u00edticos Veracruz","robots":{"index":"index","follow":"follow","max-snippet":"max-snippet:-1","max-image-preview":"max-image-preview:large","max-video-preview":"max-video-preview:-1"},"canonical":"https:\/\/lospoliticosveracruz.com\/?p=126494","og_locale":"es_ES","og_type":"article","og_title":"ANDABA COCHINONA! - Los pol\u00edticos Veracruz","og_description":"Boca del R\u00edoLa Procuradur\u00eda Estatal de Protecci\u00f3n al Medio Ambiente (PMA) siempre ha actuado conforme a derecho aplicando con firmeza la normatividad en materia de protecci\u00f3n ambiental, tal como lo hizo con la transnacional Granjas Carroll, la cual, por el inadecuado manejo de sus residuos especiales, fue sancionada con m\u00e1s de 4 millones de pesos, [&hellip;]","og_url":"https:\/\/lospoliticosveracruz.com\/?p=126494","og_site_name":"Los pol\u00edticos Veracruz","article_publisher":"https:\/\/www.facebook.com\/people\/Notimemes-de-los-Polticos\/61565672886568\/","article_published_time":"2024-06-24T19:16:23+00:00","article_modified_time":"2024-06-24T19:16:34+00:00","og_image":[{"width":200,"height":200,"url":"https:\/\/lospoliticosveracruz.com\/wp-content\/uploads\/2016\/07\/Logo-Dor.jpg","type":"image\/jpeg"}],"author":"Lo viste en Los Pol\u00edticos","twitter_card":"summary_large_image","twitter_creator":"@LosPoliticosVer","twitter_site":"@LosPoliticosVer","twitter_misc":{"Escrito por":"Lo viste en Los Pol\u00edticos","Tiempo de lectura":"3 minutos"},"schema":{"@context":"https:\/\/schema.org","@graph":[{"@type":"Article","@id":"https:\/\/lospoliticosveracruz.com\/?p=126494#article","isPartOf":{"@id":"https:\/\/lospoliticosveracruz.com\/?p=126494"},"author":{"name":"Lo viste en Los Pol\u00edticos","@id":"https:\/\/lospoliticosveracruz.com\/#\/schema\/person\/b8702bb0e538456e6efd07080bf2a4a2"},"headline":"ANDABA COCHINONA!","datePublished":"2024-06-24T19:16:23+00:00","dateModified":"2024-06-24T19:16:34+00:00","mainEntityOfPage":{"@id":"https:\/\/lospoliticosveracruz.com\/?p=126494"},"wordCount":654,"publisher":{"@id":"https:\/\/lospoliticosveracruz.com\/#organization"},"keywords":["PMA"],"articleSection":["De Boleto"],"inLanguage":"es"},{"@type":"WebPage","@id":"https:\/\/lospoliticosveracruz.com\/?p=126494","url":"https:\/\/lospoliticosveracruz.com\/?p=126494","name":"ANDABA COCHINONA! - Los pol\u00edticos Veracruz","isPartOf":{"@id":"https:\/\/lospoliticosveracruz.com\/#website"},"datePublished":"2024-06-24T19:16:23+00:00","dateModified":"2024-06-24T19:16:34+00:00","breadcrumb":{"@id":"https:\/\/lospoliticosveracruz.com\/?p=126494#breadcrumb"},"inLanguage":"es","potentialAction":[{"@type":"ReadAction","target":["https:\/\/lospoliticosveracruz.com\/?p=126494"]}]},{"@type":"BreadcrumbList","@id":"https:\/\/lospoliticosveracruz.com\/?p=126494#breadcrumb","itemListElement":[{"@type":"ListItem","position":1,"name":"Portada","item":"https:\/\/lospoliticosveracruz.com\/"},{"@type":"ListItem","position":2,"name":"ANDABA COCHINONA!"}]},{"@type":"WebSite","@id":"https:\/\/lospoliticosveracruz.com\/#website","url":"https:\/\/lospoliticosveracruz.com\/","name":"Los pol\u00edticos Veracruz","description":"","publisher":{"@id":"https:\/\/lospoliticosveracruz.com\/#organization"},"potentialAction":[{"@type":"SearchAction","target":{"@type":"EntryPoint","urlTemplate":"https:\/\/lospoliticosveracruz.com\/?s={search_term_string}"},"query-input":{"@type":"PropertyValueSpecification","valueRequired":true,"valueName":"search_term_string"}}],"inLanguage":"es"},{"@type":"Organization","@id":"https:\/\/lospoliticosveracruz.com\/#organization","name":"Los pol\u00edticos Veracruz","url":"https:\/\/lospoliticosveracruz.com\/","logo":{"@type":"ImageObject","inLanguage":"es","@id":"https:\/\/lospoliticosveracruz.com\/#\/schema\/logo\/image\/","url":"https:\/\/lospoliticosveracruz.com\/wp-content\/uploads\/2025\/12\/Logo-Nuevo-LOS-POLITICOS-1.jpg","contentUrl":"https:\/\/lospoliticosveracruz.com\/wp-content\/uploads\/2025\/12\/Logo-Nuevo-LOS-POLITICOS-1.jpg","width":260,"height":70,"caption":"Los pol\u00edticos Veracruz"},"image":{"@id":"https:\/\/lospoliticosveracruz.com\/#\/schema\/logo\/image\/"},"sameAs":["https:\/\/www.facebook.com\/people\/Notimemes-de-los-Polticos\/61565672886568\/","https:\/\/x.com\/LosPoliticosVer"]},{"@type":"Person","@id":"https:\/\/lospoliticosveracruz.com\/#\/schema\/person\/b8702bb0e538456e6efd07080bf2a4a2","name":"Lo viste en Los Pol\u00edticos","image":{"@type":"ImageObject","inLanguage":"es","@id":"https:\/\/secure.gravatar.com\/avatar\/3a8de04a2656d44082be478bd6c086daa447c4651605818287b9532d3d0bd435?s=96&d=mm&r=g","url":"https:\/\/secure.gravatar.com\/avatar\/3a8de04a2656d44082be478bd6c086daa447c4651605818287b9532d3d0bd435?s=96&d=mm&r=g","contentUrl":"https:\/\/secure.gravatar.com\/avatar\/3a8de04a2656d44082be478bd6c086daa447c4651605818287b9532d3d0bd435?s=96&d=mm&r=g","caption":"Lo viste en Los Pol\u00edticos"},"url":"https:\/\/lospoliticosveracruz.com\/?author=2"}]}},"_links":{"self":[{"href":"https:\/\/lospoliticosveracruz.com\/index.php?rest_route=\/wp\/v2\/posts\/126494","targetHints":{"allow":["GET"]}}],"collection":[{"href":"https:\/\/lospoliticosveracruz.com\/index.php?rest_route=\/wp\/v2\/posts"}],"about":[{"href":"https:\/\/lospoliticosveracruz.com\/index.php?rest_route=\/wp\/v2\/types\/post"}],"author":[{"embeddable":true,"href":"https:\/\/lospoliticosveracruz.com\/index.php?rest_route=\/wp\/v2\/users\/2"}],"replies":[{"embeddable":true,"href":"https:\/\/lospoliticosveracruz.com\/index.php?rest_route=%2Fwp%2Fv2%2Fcomments&post=126494"}],"version-history":[{"count":1,"href":"https:\/\/lospoliticosveracruz.com\/index.php?rest_route=\/wp\/v2\/posts\/126494\/revisions"}],"predecessor-version":[{"id":126497,"href":"https:\/\/lospoliticosveracruz.com\/index.php?rest_route=\/wp\/v2\/posts\/126494\/revisions\/126497"}],"wp:attachment":[{"href":"https:\/\/lospoliticosveracruz.com\/index.php?rest_route=%2Fwp%2Fv2%2Fmedia&parent=126494"}],"wp:term":[{"taxonomy":"category","embeddable":true,"href":"https:\/\/lospoliticosveracruz.com\/index.php?rest_route=%2Fwp%2Fv2%2Fcategories&post=126494"},{"taxonomy":"post_tag","embeddable":true,"href":"https:\/\/lospoliticosveracruz.com\/index.php?rest_route=%2Fwp%2Fv2%2Ftags&post=126494"}],"curies":[{"name":"wp","href":"https:\/\/api.w.org\/{rel}","templated":true}]}}