{"id":126508,"date":"2024-06-24T15:23:52","date_gmt":"2024-06-24T20:23:52","guid":{"rendered":"https:\/\/lospoliticosveracruz.com.mx\/?p=126508"},"modified":"2024-06-24T15:24:04","modified_gmt":"2024-06-24T20:24:04","slug":"retos-en-materia-de-inclusion-de-la-gobernahle","status":"publish","type":"post","link":"https:\/\/lospoliticosveracruz.com\/?p=126508","title":{"rendered":"RETOS EN MATERIA DE INCLUSI\u00d3N DE LA GOBERNAHLE"},"content":{"rendered":"\n<p><strong>El Chueco<\/strong><\/p>\n\n\n\n<p>Tinta y tiempo<\/p>\n\n\n\n<p>He tenido la oportunidad de participar en varias campa\u00f1as presidenciales, me han tocado papeles desde el lado de \u201clos jovenes\u201d, ya saben a que me refiero con ese decoroso t\u00edtulo, que te hacen sentir como un objeto ornamental y elemento de la narrativa en las propuestas.<\/p>\n\n\n<div class=\"wp-block-image\">\n<figure class=\"alignleft size-medium\"><a href=\"https:\/\/lospoliticosveracruz.com.mx\/wp-content\/uploads\/2021\/10\/WhatsApp-Image-2021-10-02-at-15.20.25.jpeg\"><img loading=\"lazy\" decoding=\"async\" width=\"212\" height=\"300\" src=\"https:\/\/lospoliticosveracruz.com.mx\/wp-content\/uploads\/2021\/10\/WhatsApp-Image-2021-10-02-at-15.20.25-212x300.jpeg\" alt=\"\" class=\"wp-image-80177\" srcset=\"https:\/\/lospoliticosveracruz.com\/wp-content\/uploads\/2021\/10\/WhatsApp-Image-2021-10-02-at-15.20.25-212x300.jpeg 212w, https:\/\/lospoliticosveracruz.com\/wp-content\/uploads\/2021\/10\/WhatsApp-Image-2021-10-02-at-15.20.25-724x1024.jpeg 724w, https:\/\/lospoliticosveracruz.com\/wp-content\/uploads\/2021\/10\/WhatsApp-Image-2021-10-02-at-15.20.25-768x1086.jpeg 768w, https:\/\/lospoliticosveracruz.com\/wp-content\/uploads\/2021\/10\/WhatsApp-Image-2021-10-02-at-15.20.25.jpeg 905w\" sizes=\"auto, (max-width: 212px) 100vw, 212px\" \/><\/a><\/figure>\n<\/div>\n\n\n<p>Por mi condici\u00f3n de discapacidad me han invitado a arrastrar l\u00e1piz en el dise\u00f1os de propuestas para este sector, que tambi\u00e9n serv\u00eda momentaneamente para las promesas de campa\u00f1a y el creer que en algun proyecto polit\u00edco caben todos\u2026 en fin, este contexto es porque en la pasada campa\u00f1a de la Dra. Claudia, tuve la oportunidad de colaborar en el estado con el Movimiento Inclusi\u00f3n es Transformaci\u00f3n.<\/p>\n\n\n\n<p>La caracteristica de este movimiento coordinado por el DR. David Kershenobich Stalnikowitz, es que lo m\u00e1s importa es la visi\u00f3n de esta poblaci\u00f3n, y a la vez, trasladarla a datos que permitir\u00e1n contruir un plan te gobierno apegado a las realidades, por ejemplo, revisemos algunos datos:<\/p>\n\n\n\n<p>De acuerdo con el Censo de Poblaci\u00f3n y Vivienda 2020 del INEGI, el total de poblaci\u00f3n de personas que viven con discapacidad en el pa\u00eds es de 7.1 millones de personas que representa el 5.7% de la poblaci\u00f3n total en M\u00e9xico.<\/p>\n\n\n\n<p>Para el caso Veracruz, indica que, con relaci\u00f3n a la poblaci\u00f3n con discapacidad y su distribuci\u00f3n por sexo, el estudio se\u00f1ala que, de las 468,990 personas con discapacidad en Veracruz, el 47% son hombres y el 53% son mujeres; mientras que los grupos por edad que mayormente reflejan alguna discapacidad son los que van de los 30 a los 59 a\u00f1os, con 134,435 personas (28.7%) y el que abarca&nbsp;<\/p>\n\n\n\n<p>de los 60 a los 84 a\u00f1os, con 202,584 personas (43.2%).<\/p>\n\n\n\n<p>De acuerdo a los datos expuestos, el gobierno que est\u00e1 por entrar en octubre y diciembre respectivamente, tendr\u00e1 la obligaci\u00f3n institucional, de crear mecanismos para garantizar el ejercicio pleno de sus derechos, y lo m\u00e1s importante procurar su bienestar, en este sentido, producto de unos foros realizados de octubre hasta finales de la campa\u00f1a, se elabor\u00f3 un documento que establece la l\u00ednea rectora de la pol\u00edtica en este sentido, aqu\u00ed algunos adelantos de los que se incluir\u00e1 en el Plan Nacional de Desarrollo.<\/p>\n\n\n\n<p>I.- Para dar cumplimiento a los principios y a los derechos de la Convenci\u00f3n de los derechos de las personas con discapacidad, es necesario contar con una instituci\u00f3n a nivel nacional formada por un grupo de expertos con y sin condici\u00f3n de discapacidad, que organice las iniciativas para el seguimiento de las recomendaciones y observaciones que realiza la ONU al Estado Mexicano, por lo que bajo este compromiso internacional, es necesario que una instituci\u00f3n con car\u00e1cter federal y amplias facultades articule la pol\u00edtica p\u00fablica de los tres niveles de gobierno y que tenga la capacidad de coordinarse con el poder legislativo para la elaboraci\u00f3n de los informes requeridos por la ONU para el cumplimiento de esta Convenci\u00f3n.<\/p>\n\n\n\n<p>II.-&nbsp;&nbsp;En el tema de inclusi\u00f3n laboral, se prev\u00e9: Reformar la Ley Federal del Trabajo; Evaluar y actualizar el Programa Nacional de Trabajo y Empleo para las Personas con Discapacidad 2021-2024 por parte de la Secretar\u00eda del Trabajo y Previsi\u00f3n Social;Crear una \u00e1rea vinculada al sector empresarial dentro de la dependencia gubernamental que se propone crear; e Insertar laboralmente a las personas con discapacidad dentro de los tres \u00f3rdenes de gobierno (Municipal, Estatal y Federal).<\/p>\n\n\n\n<p>III.-&nbsp;&nbsp;Distinguen propuestas en varios temas, por&nbsp;&nbsp;ejemplo, Dise\u00f1ar programas espec\u00edficos de inclusi\u00f3n de las personas con discapacidad en el deporte y la cultura; la creaci\u00f3n de la Escuela Nacional de Lengua de se\u00f1as y promover su ense\u00f1anza en todos los niveles educativos; Elaborar programas de estructura especializada capaz de realizar un an\u00e1lisis detallado de las necesidades individuales, lo que permitir\u00e1 proporcionar los ajustes razonables adecuados para cada discapacidad. Estos ajustes pueden incluir tecnolog\u00eda asistida, modelos de examen alternativos, materiales accesibles, entre otros.<\/p>\n\n\n\n<p>Con estas acciones puntuales, se ir\u00e1 saldando paulatinamente la deuda hist\u00f3rica con el sector discapacidad.<\/p>\n\n\n\n<p>Pd.1.- ChiquiYunes acusa de persecuci\u00f3n pol\u00edtica al agotamiento de una etapa judicial del proceso que enfrente, \u00a1No pues guau!&nbsp;&nbsp;<\/p>\n\n\n\n<p>Pd. 2 Cuitl\u00e1huac, no sabe, ni supo contener una crisis, para muestra, Totalco.<\/p>\n\n\n\n<p>Quejas y sugerencias: soyelchueco@gmail.com<\/p>\n","protected":false},"excerpt":{"rendered":"<p>El Chueco Tinta y tiempo He tenido la oportunidad de participar en varias campa\u00f1as presidenciales, me han tocado papeles desde el lado de \u201clos jovenes\u201d, ya saben a que me refiero con ese decoroso t\u00edtulo, que te hacen sentir como un objeto ornamental y elemento de la narrativa en las propuestas. Por mi condici\u00f3n de [&hellip;]<\/p>\n","protected":false},"author":2,"featured_media":120221,"comment_status":"closed","ping_status":"closed","sticky":false,"template":"","format":"standard","meta":{"tdm_status":"","tdm_grid_status":"","footnotes":""},"categories":[70],"tags":[],"class_list":{"0":"post-126508","1":"post","2":"type-post","3":"status-publish","4":"format-standard","5":"has-post-thumbnail","7":"category-de-opinion"},"yoast_head":"<!-- This site is optimized with the Yoast SEO plugin v27.4 - https:\/\/yoast.com\/product\/yoast-seo-wordpress\/ -->\n<title>RETOS EN MATERIA DE INCLUSI\u00d3N DE LA GOBERNAHLE - Los pol\u00edticos Veracruz<\/title>\n<meta name=\"robots\" content=\"index, follow, max-snippet:-1, max-image-preview:large, max-video-preview:-1\" \/>\n<link rel=\"canonical\" href=\"https:\/\/lospoliticosveracruz.com\/?p=126508\" \/>\n<meta property=\"og:locale\" content=\"es_ES\" \/>\n<meta property=\"og:type\" content=\"article\" \/>\n<meta property=\"og:title\" content=\"RETOS EN MATERIA DE INCLUSI\u00d3N DE LA GOBERNAHLE - Los pol\u00edticos Veracruz\" \/>\n<meta property=\"og:description\" content=\"El Chueco Tinta y tiempo He tenido la oportunidad de participar en varias campa\u00f1as presidenciales, me han tocado papeles desde el lado de \u201clos jovenes\u201d, ya saben a que me refiero con ese decoroso t\u00edtulo, que te hacen sentir como un objeto ornamental y elemento de la narrativa en las propuestas. Por mi condici\u00f3n de [&hellip;]\" \/>\n<meta property=\"og:url\" content=\"https:\/\/lospoliticosveracruz.com\/?p=126508\" \/>\n<meta property=\"og:site_name\" content=\"Los pol\u00edticos Veracruz\" \/>\n<meta property=\"article:publisher\" content=\"https:\/\/www.facebook.com\/people\/Notimemes-de-los-Polticos\/61565672886568\/\" \/>\n<meta property=\"article:published_time\" content=\"2024-06-24T20:23:52+00:00\" \/>\n<meta property=\"article:modified_time\" content=\"2024-06-24T20:24:04+00:00\" \/>\n<meta property=\"og:image\" content=\"https:\/\/lospoliticosveracruz.com\/wp-content\/uploads\/2024\/03\/El-Chueco-1.jpg\" \/>\n\t<meta property=\"og:image:width\" content=\"1250\" \/>\n\t<meta property=\"og:image:height\" content=\"667\" \/>\n\t<meta property=\"og:image:type\" content=\"image\/jpeg\" \/>\n<meta name=\"author\" content=\"Lo viste en Los Pol\u00edticos\" \/>\n<meta name=\"twitter:card\" content=\"summary_large_image\" \/>\n<meta name=\"twitter:creator\" content=\"@LosPoliticosVer\" \/>\n<meta name=\"twitter:site\" content=\"@LosPoliticosVer\" \/>\n<meta name=\"twitter:label1\" content=\"Escrito por\" \/>\n\t<meta name=\"twitter:data1\" content=\"Lo viste en Los Pol\u00edticos\" \/>\n\t<meta name=\"twitter:label2\" content=\"Tiempo de lectura\" \/>\n\t<meta name=\"twitter:data2\" content=\"4 minutos\" \/>\n<script type=\"application\/ld+json\" class=\"yoast-schema-graph\">{\"@context\":\"https:\\\/\\\/schema.org\",\"@graph\":[{\"@type\":\"Article\",\"@id\":\"https:\\\/\\\/lospoliticosveracruz.com\\\/?p=126508#article\",\"isPartOf\":{\"@id\":\"https:\\\/\\\/lospoliticosveracruz.com\\\/?p=126508\"},\"author\":{\"name\":\"Lo viste en Los Pol\u00edticos\",\"@id\":\"https:\\\/\\\/lospoliticosveracruz.com\\\/#\\\/schema\\\/person\\\/b8702bb0e538456e6efd07080bf2a4a2\"},\"headline\":\"RETOS EN MATERIA DE INCLUSI\u00d3N DE LA GOBERNAHLE\",\"datePublished\":\"2024-06-24T20:23:52+00:00\",\"dateModified\":\"2024-06-24T20:24:04+00:00\",\"mainEntityOfPage\":{\"@id\":\"https:\\\/\\\/lospoliticosveracruz.com\\\/?p=126508\"},\"wordCount\":759,\"publisher\":{\"@id\":\"https:\\\/\\\/lospoliticosveracruz.com\\\/#organization\"},\"image\":{\"@id\":\"https:\\\/\\\/lospoliticosveracruz.com\\\/?p=126508#primaryimage\"},\"thumbnailUrl\":\"https:\\\/\\\/lospoliticosveracruz.com\\\/wp-content\\\/uploads\\\/2024\\\/03\\\/El-Chueco-1.jpg\",\"articleSection\":[\"De Opini\u00f3n\"],\"inLanguage\":\"es\"},{\"@type\":\"WebPage\",\"@id\":\"https:\\\/\\\/lospoliticosveracruz.com\\\/?p=126508\",\"url\":\"https:\\\/\\\/lospoliticosveracruz.com\\\/?p=126508\",\"name\":\"RETOS EN MATERIA DE INCLUSI\u00d3N DE LA GOBERNAHLE - Los pol\u00edticos Veracruz\",\"isPartOf\":{\"@id\":\"https:\\\/\\\/lospoliticosveracruz.com\\\/#website\"},\"primaryImageOfPage\":{\"@id\":\"https:\\\/\\\/lospoliticosveracruz.com\\\/?p=126508#primaryimage\"},\"image\":{\"@id\":\"https:\\\/\\\/lospoliticosveracruz.com\\\/?p=126508#primaryimage\"},\"thumbnailUrl\":\"https:\\\/\\\/lospoliticosveracruz.com\\\/wp-content\\\/uploads\\\/2024\\\/03\\\/El-Chueco-1.jpg\",\"datePublished\":\"2024-06-24T20:23:52+00:00\",\"dateModified\":\"2024-06-24T20:24:04+00:00\",\"breadcrumb\":{\"@id\":\"https:\\\/\\\/lospoliticosveracruz.com\\\/?p=126508#breadcrumb\"},\"inLanguage\":\"es\",\"potentialAction\":[{\"@type\":\"ReadAction\",\"target\":[\"https:\\\/\\\/lospoliticosveracruz.com\\\/?p=126508\"]}]},{\"@type\":\"ImageObject\",\"inLanguage\":\"es\",\"@id\":\"https:\\\/\\\/lospoliticosveracruz.com\\\/?p=126508#primaryimage\",\"url\":\"https:\\\/\\\/lospoliticosveracruz.com\\\/wp-content\\\/uploads\\\/2024\\\/03\\\/El-Chueco-1.jpg\",\"contentUrl\":\"https:\\\/\\\/lospoliticosveracruz.com\\\/wp-content\\\/uploads\\\/2024\\\/03\\\/El-Chueco-1.jpg\",\"width\":1250,\"height\":667},{\"@type\":\"BreadcrumbList\",\"@id\":\"https:\\\/\\\/lospoliticosveracruz.com\\\/?p=126508#breadcrumb\",\"itemListElement\":[{\"@type\":\"ListItem\",\"position\":1,\"name\":\"Portada\",\"item\":\"https:\\\/\\\/lospoliticosveracruz.com\\\/\"},{\"@type\":\"ListItem\",\"position\":2,\"name\":\"RETOS EN MATERIA DE INCLUSI\u00d3N DE LA GOBERNAHLE\"}]},{\"@type\":\"WebSite\",\"@id\":\"https:\\\/\\\/lospoliticosveracruz.com\\\/#website\",\"url\":\"https:\\\/\\\/lospoliticosveracruz.com\\\/\",\"name\":\"Los pol\u00edticos Veracruz\",\"description\":\"\",\"publisher\":{\"@id\":\"https:\\\/\\\/lospoliticosveracruz.com\\\/#organization\"},\"potentialAction\":[{\"@type\":\"SearchAction\",\"target\":{\"@type\":\"EntryPoint\",\"urlTemplate\":\"https:\\\/\\\/lospoliticosveracruz.com\\\/?s={search_term_string}\"},\"query-input\":{\"@type\":\"PropertyValueSpecification\",\"valueRequired\":true,\"valueName\":\"search_term_string\"}}],\"inLanguage\":\"es\"},{\"@type\":\"Organization\",\"@id\":\"https:\\\/\\\/lospoliticosveracruz.com\\\/#organization\",\"name\":\"Los pol\u00edticos Veracruz\",\"url\":\"https:\\\/\\\/lospoliticosveracruz.com\\\/\",\"logo\":{\"@type\":\"ImageObject\",\"inLanguage\":\"es\",\"@id\":\"https:\\\/\\\/lospoliticosveracruz.com\\\/#\\\/schema\\\/logo\\\/image\\\/\",\"url\":\"https:\\\/\\\/lospoliticosveracruz.com\\\/wp-content\\\/uploads\\\/2025\\\/12\\\/Logo-Nuevo-LOS-POLITICOS-1.jpg\",\"contentUrl\":\"https:\\\/\\\/lospoliticosveracruz.com\\\/wp-content\\\/uploads\\\/2025\\\/12\\\/Logo-Nuevo-LOS-POLITICOS-1.jpg\",\"width\":260,\"height\":70,\"caption\":\"Los pol\u00edticos Veracruz\"},\"image\":{\"@id\":\"https:\\\/\\\/lospoliticosveracruz.com\\\/#\\\/schema\\\/logo\\\/image\\\/\"},\"sameAs\":[\"https:\\\/\\\/www.facebook.com\\\/people\\\/Notimemes-de-los-Polticos\\\/61565672886568\\\/\",\"https:\\\/\\\/x.com\\\/LosPoliticosVer\"]},{\"@type\":\"Person\",\"@id\":\"https:\\\/\\\/lospoliticosveracruz.com\\\/#\\\/schema\\\/person\\\/b8702bb0e538456e6efd07080bf2a4a2\",\"name\":\"Lo viste en Los Pol\u00edticos\",\"image\":{\"@type\":\"ImageObject\",\"inLanguage\":\"es\",\"@id\":\"https:\\\/\\\/secure.gravatar.com\\\/avatar\\\/3a8de04a2656d44082be478bd6c086daa447c4651605818287b9532d3d0bd435?s=96&d=mm&r=g\",\"url\":\"https:\\\/\\\/secure.gravatar.com\\\/avatar\\\/3a8de04a2656d44082be478bd6c086daa447c4651605818287b9532d3d0bd435?s=96&d=mm&r=g\",\"contentUrl\":\"https:\\\/\\\/secure.gravatar.com\\\/avatar\\\/3a8de04a2656d44082be478bd6c086daa447c4651605818287b9532d3d0bd435?s=96&d=mm&r=g\",\"caption\":\"Lo viste en Los Pol\u00edticos\"},\"url\":\"https:\\\/\\\/lospoliticosveracruz.com\\\/?author=2\"}]}<\/script>\n<!-- \/ Yoast SEO plugin. -->","yoast_head_json":{"title":"RETOS EN MATERIA DE INCLUSI\u00d3N DE LA GOBERNAHLE - Los pol\u00edticos Veracruz","robots":{"index":"index","follow":"follow","max-snippet":"max-snippet:-1","max-image-preview":"max-image-preview:large","max-video-preview":"max-video-preview:-1"},"canonical":"https:\/\/lospoliticosveracruz.com\/?p=126508","og_locale":"es_ES","og_type":"article","og_title":"RETOS EN MATERIA DE INCLUSI\u00d3N DE LA GOBERNAHLE - Los pol\u00edticos Veracruz","og_description":"El Chueco Tinta y tiempo He tenido la oportunidad de participar en varias campa\u00f1as presidenciales, me han tocado papeles desde el lado de \u201clos jovenes\u201d, ya saben a que me refiero con ese decoroso t\u00edtulo, que te hacen sentir como un objeto ornamental y elemento de la narrativa en las propuestas. Por mi condici\u00f3n de [&hellip;]","og_url":"https:\/\/lospoliticosveracruz.com\/?p=126508","og_site_name":"Los pol\u00edticos Veracruz","article_publisher":"https:\/\/www.facebook.com\/people\/Notimemes-de-los-Polticos\/61565672886568\/","article_published_time":"2024-06-24T20:23:52+00:00","article_modified_time":"2024-06-24T20:24:04+00:00","og_image":[{"width":1250,"height":667,"url":"https:\/\/lospoliticosveracruz.com\/wp-content\/uploads\/2024\/03\/El-Chueco-1.jpg","type":"image\/jpeg"}],"author":"Lo viste en Los Pol\u00edticos","twitter_card":"summary_large_image","twitter_creator":"@LosPoliticosVer","twitter_site":"@LosPoliticosVer","twitter_misc":{"Escrito por":"Lo viste en Los Pol\u00edticos","Tiempo de lectura":"4 minutos"},"schema":{"@context":"https:\/\/schema.org","@graph":[{"@type":"Article","@id":"https:\/\/lospoliticosveracruz.com\/?p=126508#article","isPartOf":{"@id":"https:\/\/lospoliticosveracruz.com\/?p=126508"},"author":{"name":"Lo viste en Los Pol\u00edticos","@id":"https:\/\/lospoliticosveracruz.com\/#\/schema\/person\/b8702bb0e538456e6efd07080bf2a4a2"},"headline":"RETOS EN MATERIA DE INCLUSI\u00d3N DE LA GOBERNAHLE","datePublished":"2024-06-24T20:23:52+00:00","dateModified":"2024-06-24T20:24:04+00:00","mainEntityOfPage":{"@id":"https:\/\/lospoliticosveracruz.com\/?p=126508"},"wordCount":759,"publisher":{"@id":"https:\/\/lospoliticosveracruz.com\/#organization"},"image":{"@id":"https:\/\/lospoliticosveracruz.com\/?p=126508#primaryimage"},"thumbnailUrl":"https:\/\/lospoliticosveracruz.com\/wp-content\/uploads\/2024\/03\/El-Chueco-1.jpg","articleSection":["De Opini\u00f3n"],"inLanguage":"es"},{"@type":"WebPage","@id":"https:\/\/lospoliticosveracruz.com\/?p=126508","url":"https:\/\/lospoliticosveracruz.com\/?p=126508","name":"RETOS EN MATERIA DE INCLUSI\u00d3N DE LA GOBERNAHLE - Los pol\u00edticos Veracruz","isPartOf":{"@id":"https:\/\/lospoliticosveracruz.com\/#website"},"primaryImageOfPage":{"@id":"https:\/\/lospoliticosveracruz.com\/?p=126508#primaryimage"},"image":{"@id":"https:\/\/lospoliticosveracruz.com\/?p=126508#primaryimage"},"thumbnailUrl":"https:\/\/lospoliticosveracruz.com\/wp-content\/uploads\/2024\/03\/El-Chueco-1.jpg","datePublished":"2024-06-24T20:23:52+00:00","dateModified":"2024-06-24T20:24:04+00:00","breadcrumb":{"@id":"https:\/\/lospoliticosveracruz.com\/?p=126508#breadcrumb"},"inLanguage":"es","potentialAction":[{"@type":"ReadAction","target":["https:\/\/lospoliticosveracruz.com\/?p=126508"]}]},{"@type":"ImageObject","inLanguage":"es","@id":"https:\/\/lospoliticosveracruz.com\/?p=126508#primaryimage","url":"https:\/\/lospoliticosveracruz.com\/wp-content\/uploads\/2024\/03\/El-Chueco-1.jpg","contentUrl":"https:\/\/lospoliticosveracruz.com\/wp-content\/uploads\/2024\/03\/El-Chueco-1.jpg","width":1250,"height":667},{"@type":"BreadcrumbList","@id":"https:\/\/lospoliticosveracruz.com\/?p=126508#breadcrumb","itemListElement":[{"@type":"ListItem","position":1,"name":"Portada","item":"https:\/\/lospoliticosveracruz.com\/"},{"@type":"ListItem","position":2,"name":"RETOS EN MATERIA DE INCLUSI\u00d3N DE LA GOBERNAHLE"}]},{"@type":"WebSite","@id":"https:\/\/lospoliticosveracruz.com\/#website","url":"https:\/\/lospoliticosveracruz.com\/","name":"Los pol\u00edticos Veracruz","description":"","publisher":{"@id":"https:\/\/lospoliticosveracruz.com\/#organization"},"potentialAction":[{"@type":"SearchAction","target":{"@type":"EntryPoint","urlTemplate":"https:\/\/lospoliticosveracruz.com\/?s={search_term_string}"},"query-input":{"@type":"PropertyValueSpecification","valueRequired":true,"valueName":"search_term_string"}}],"inLanguage":"es"},{"@type":"Organization","@id":"https:\/\/lospoliticosveracruz.com\/#organization","name":"Los pol\u00edticos Veracruz","url":"https:\/\/lospoliticosveracruz.com\/","logo":{"@type":"ImageObject","inLanguage":"es","@id":"https:\/\/lospoliticosveracruz.com\/#\/schema\/logo\/image\/","url":"https:\/\/lospoliticosveracruz.com\/wp-content\/uploads\/2025\/12\/Logo-Nuevo-LOS-POLITICOS-1.jpg","contentUrl":"https:\/\/lospoliticosveracruz.com\/wp-content\/uploads\/2025\/12\/Logo-Nuevo-LOS-POLITICOS-1.jpg","width":260,"height":70,"caption":"Los pol\u00edticos Veracruz"},"image":{"@id":"https:\/\/lospoliticosveracruz.com\/#\/schema\/logo\/image\/"},"sameAs":["https:\/\/www.facebook.com\/people\/Notimemes-de-los-Polticos\/61565672886568\/","https:\/\/x.com\/LosPoliticosVer"]},{"@type":"Person","@id":"https:\/\/lospoliticosveracruz.com\/#\/schema\/person\/b8702bb0e538456e6efd07080bf2a4a2","name":"Lo viste en Los Pol\u00edticos","image":{"@type":"ImageObject","inLanguage":"es","@id":"https:\/\/secure.gravatar.com\/avatar\/3a8de04a2656d44082be478bd6c086daa447c4651605818287b9532d3d0bd435?s=96&d=mm&r=g","url":"https:\/\/secure.gravatar.com\/avatar\/3a8de04a2656d44082be478bd6c086daa447c4651605818287b9532d3d0bd435?s=96&d=mm&r=g","contentUrl":"https:\/\/secure.gravatar.com\/avatar\/3a8de04a2656d44082be478bd6c086daa447c4651605818287b9532d3d0bd435?s=96&d=mm&r=g","caption":"Lo viste en Los Pol\u00edticos"},"url":"https:\/\/lospoliticosveracruz.com\/?author=2"}]}},"_links":{"self":[{"href":"https:\/\/lospoliticosveracruz.com\/index.php?rest_route=\/wp\/v2\/posts\/126508","targetHints":{"allow":["GET"]}}],"collection":[{"href":"https:\/\/lospoliticosveracruz.com\/index.php?rest_route=\/wp\/v2\/posts"}],"about":[{"href":"https:\/\/lospoliticosveracruz.com\/index.php?rest_route=\/wp\/v2\/types\/post"}],"author":[{"embeddable":true,"href":"https:\/\/lospoliticosveracruz.com\/index.php?rest_route=\/wp\/v2\/users\/2"}],"replies":[{"embeddable":true,"href":"https:\/\/lospoliticosveracruz.com\/index.php?rest_route=%2Fwp%2Fv2%2Fcomments&post=126508"}],"version-history":[{"count":1,"href":"https:\/\/lospoliticosveracruz.com\/index.php?rest_route=\/wp\/v2\/posts\/126508\/revisions"}],"predecessor-version":[{"id":126509,"href":"https:\/\/lospoliticosveracruz.com\/index.php?rest_route=\/wp\/v2\/posts\/126508\/revisions\/126509"}],"wp:featuredmedia":[{"embeddable":true,"href":"https:\/\/lospoliticosveracruz.com\/index.php?rest_route=\/wp\/v2\/media\/120221"}],"wp:attachment":[{"href":"https:\/\/lospoliticosveracruz.com\/index.php?rest_route=%2Fwp%2Fv2%2Fmedia&parent=126508"}],"wp:term":[{"taxonomy":"category","embeddable":true,"href":"https:\/\/lospoliticosveracruz.com\/index.php?rest_route=%2Fwp%2Fv2%2Fcategories&post=126508"},{"taxonomy":"post_tag","embeddable":true,"href":"https:\/\/lospoliticosveracruz.com\/index.php?rest_route=%2Fwp%2Fv2%2Ftags&post=126508"}],"curies":[{"name":"wp","href":"https:\/\/api.w.org\/{rel}","templated":true}]}}