{"id":126513,"date":"2024-06-24T19:25:17","date_gmt":"2024-06-25T00:25:17","guid":{"rendered":"https:\/\/lospoliticosveracruz.com.mx\/?p=126513"},"modified":"2024-06-24T19:25:35","modified_gmt":"2024-06-25T00:25:35","slug":"americo-aun-respira","status":"publish","type":"post","link":"https:\/\/lospoliticosveracruz.com\/?p=126513","title":{"rendered":"AM\u00c9RICO A\u00daN RESPIRA!"},"content":{"rendered":"\n<p><br><strong>Xalapa<\/strong><\/p>\n\n\n\n<p>Los representantes del PRI, PAN y PRD ante el Consejo Distrital 10 del Instituto Nacional Electoral (INE) ratificaron las inconsistencias que se registraron en el pasado proceso electoral del 2 de junio en la elecci\u00f3n a la Diputaci\u00f3n Federal por el Distrito 10 de Xalapa.<\/p>\n\n\n\n<p>En la \u00faltima sesi\u00f3n ordinaria del organismo que se llev\u00f3 a cabo este lunes, el representante del Partido Revolucionario Institucional, Enrique Romero Lom\u00e1n expuso que quien preside dicho Consejo Distrital, Sergio Vera Olvera, \u201cno tiene facultades para convocar ni sesionar el d\u00eda de hoy, as\u00ed como no ten\u00eda facultades legales para presidir la sesi\u00f3n de recuento total de votos de la elecci\u00f3n del 2 de junio\u201d.<\/p>\n\n\n\n<p>En su intervenci\u00f3n, tambi\u00e9n exigi\u00f3 la remoci\u00f3n del vocal ejecutivo de la Junta Local del INE, Josu\u00e9 Cervantes Mart\u00ednez, \u201cporque viol\u00f3 los principios que norman la actividad electoral y actu\u00f3 en forma parcial con el fin de beneficiar a un contendiente, por lo que sus acciones se encuadran en una conducta tipificada como delito electoral\u201d.<\/p>\n\n\n\n<p>Adem\u00e1s, expuso que las acciones, tareas y actividades realizadas por las \u00e1reas operativas del \u00f3rgano electoral fueron \u201cdeficientes y omisas\u201d, por lo que beneficiaron directamente a Morena y a los partidos aliados.<\/p>\n\n\n\n<p>Romero Lom\u00e1n record\u00f3 que el d\u00eda de la jornada electoral, ya tarde, apenas se estaba repartiendo el mobiliario electoral fuera del horario de instalaci\u00f3n de las casillas electorales, \u201chubo casi 30 presidentes de casilla tomados de la fila, se entregaron votos de la elecci\u00f3n federal en el OPLE y el sistema PREP estuvo err\u00e1tico con intermitencias y picos at\u00edpicos, entre otras anomal\u00edas\u201d.<\/p>\n\n\n\n<p>Asimismo, dijo que en el recuento total se llenaron 66 constancias de presidente con informaci\u00f3n de la de diputado, adem\u00e1s de que el sistema constantemente fall\u00f3 y se colaps\u00f3 con cambios at\u00edpicos en la informaci\u00f3n capturada, no coincidiendo lo asentado en las constancias de los puntos de recuento con lo capturado en el sistema.<\/p>\n\n\n\n<p>\u201cLo cual nos remite a configurar un fraude electoral realizado al interior del Instituto y qu\u00e9 decir de la forma y motivo por el cual fue sustituido el presidente del Consejo Distrital, Bulmaro Cruz Hern\u00e1ndez, solo para complacer a Morena y por no garantizar su apoyo a este partido\u201d.<\/p>\n\n\n\n<p>Por ello, dijo que en forma ilegal la madrugada del 6 de junio, al t\u00e9rmino del c\u00f3mputo de presidente se present\u00f3 el vocal del Registro Federal de Electores (RFE), Sergio Vera Olvera, comisionado encargado de despacho, habilitado por la Secretar\u00eda Ejecutiva, a solicitud de Josu\u00e9 Cervantes Mart\u00ednez, sin motivo y sin mediar un acuerdo del Consejo General, tal y como lo se\u00f1ala la Ley General de Instituciones y Procedimientos Electorales (LEGIPE), \u201csiendo de facto a las instrucciones de Morena, por lo que carecen de legalidad los actos realizados por el funcionario en menci\u00f3n\u201d.<\/p>\n\n\n\n<p>En ese sentido, expuso que queda clara la intromisi\u00f3n ilegal de Morena en el \u00f3rgano electoral que se prest\u00f3 a beneficiar a este partido y a sus aliados, por lo que no se respet\u00f3 el voto de los xalape\u00f1os y se resolver\u00e1 en los tribunales electorales.<\/p>\n\n\n\n<p>Finalmente, acot\u00f3 que el 2 de junio se vivi\u00f3 el fraude electoral m\u00e1s grande del siglo y lo peor es que utilizaron a los \u00f3rganos electorales como c\u00f3mplices y actores materiales del robo de la voluntad del pueblo.<\/p>\n\n\n\n<p>El representante del PRD, Jos\u00e9 Antonio Le\u00f3n Mend\u00edvil manifest\u00f3 que la lucha de su partido siempre ha sido promover la participaci\u00f3n democr\u00e1tica y transparentar los espacios de participaci\u00f3n pol\u00edtica, desde los partidos y desde las instancias que organizan los procesos electorales; lo que se buscaba, dijo, era que los procesos fueran imparciales.<\/p>\n\n\n\n<p>\u201cNo se respetaron las reglas del juego, se us\u00f3 el poder para la promoci\u00f3n de los candidatos (de Morena) y solo esperamos que los tribunales, apegados a derecho y conforme a los reclamos que hemos hecho, se ajusten y nos den la raz\u00f3n si fuera necesario\u201d, expuso.<\/p>\n\n\n\n<p>Adem\u00e1s, advirti\u00f3 que lo que viene hoy para nuestro pa\u00eds, es de preocuparse, adem\u00e1s de que los que se dicen de izquierda, nada dicen de lo que se avecina, \u201cest\u00e1 en peligro la desaparici\u00f3n del INE, de los tribunales de justicia y la sombra de la idea de un partido \u00fanico\u201d.<\/p>\n\n\n\n<p>Por su parte, la representante del PAN, Ethel Gonz\u00e1lez L\u00f3pez, tambi\u00e9n denunci\u00f3 las m\u00faltiples irregularidades cometidas el 2 de junio y en el recuento de votos, pues record\u00f3 que nos les dieron en el instante copias de las actas levantadas, \u201cdonde nos quejamos tambi\u00e9n que no se nos permit\u00eda tomar fotograf\u00edas al momento del acta\u201d.<\/p>\n\n\n\n<p>Asimismo, calific\u00f3 de un megafraude el proceso comicial, no s\u00f3lo para la diputaci\u00f3n federal del distrito 10 de Xalapa, sino tambi\u00e9n en la presidencia de la Rep\u00fablica y la gubernatura de Veracruz.<\/p>\n\n\n\n<p>\u201cDefender un s\u00f3lo voto es defender la voluntad de los votantes, de los ciudadanos\u201d, por ello, con respecto a la diputaci\u00f3n federal de Xalapa puso como ejemplo la casilla 1865, contigua 2, donde en lugar de capturar los 48 votos que la constancia exhibe, solamente colocaron 18, es decir, desde un teclazo les quitaron 30 votos; en la casilla 2014, contigua 2, les quitaron 90 votos, colocando solamente 4 votos al PAN, mientras que en el documento aparecen 94 votos.<\/p>\n\n\n\n<p>Al respecto, se\u00f1al\u00f3 que esa situaci\u00f3n fue sistem\u00e1tica, por lo que acot\u00f3 que no se cree que sean errores humanos o de dedo, \u201cel sistema fall\u00f3 constantemente con cambios at\u00edpicos\u201d.<\/p>\n\n\n\n<p>Finalmente, acot\u00f3 que todos est\u00e1n obligados a la paz social con unas elecciones aut\u00e9nticas, \u201clos ciudadanos, los consejeros del INE, del OPLE y las instituciones\u201d.<\/p>\n","protected":false},"excerpt":{"rendered":"<p>Xalapa Los representantes del PRI, PAN y PRD ante el Consejo Distrital 10 del Instituto Nacional Electoral (INE) ratificaron las inconsistencias que se registraron en el pasado proceso electoral del 2 de junio en la elecci\u00f3n a la Diputaci\u00f3n Federal por el Distrito 10 de Xalapa. En la \u00faltima sesi\u00f3n ordinaria del organismo que se [&hellip;]<\/p>\n","protected":false},"author":2,"featured_media":0,"comment_status":"closed","ping_status":"closed","sticky":false,"template":"","format":"standard","meta":{"tdm_status":"","tdm_grid_status":"","footnotes":""},"categories":[73],"tags":[40998,1949],"class_list":{"0":"post-126513","1":"post","2":"type-post","3":"status-publish","4":"format-standard","6":"category-de-boleto","7":"tag-enrique-romero-loman","8":"tag-partido-revolucionario-institucional"},"yoast_head":"<!-- This site is optimized with the Yoast SEO plugin v27.4 - https:\/\/yoast.com\/product\/yoast-seo-wordpress\/ -->\n<title>AM\u00c9RICO A\u00daN RESPIRA! - Los pol\u00edticos Veracruz<\/title>\n<meta name=\"robots\" content=\"index, follow, max-snippet:-1, max-image-preview:large, max-video-preview:-1\" \/>\n<link rel=\"canonical\" href=\"https:\/\/lospoliticosveracruz.com\/?p=126513\" \/>\n<meta property=\"og:locale\" content=\"es_ES\" \/>\n<meta property=\"og:type\" content=\"article\" \/>\n<meta property=\"og:title\" content=\"AM\u00c9RICO A\u00daN RESPIRA! - Los pol\u00edticos Veracruz\" \/>\n<meta property=\"og:description\" content=\"Xalapa Los representantes del PRI, PAN y PRD ante el Consejo Distrital 10 del Instituto Nacional Electoral (INE) ratificaron las inconsistencias que se registraron en el pasado proceso electoral del 2 de junio en la elecci\u00f3n a la Diputaci\u00f3n Federal por el Distrito 10 de Xalapa. En la \u00faltima sesi\u00f3n ordinaria del organismo que se [&hellip;]\" \/>\n<meta property=\"og:url\" content=\"https:\/\/lospoliticosveracruz.com\/?p=126513\" \/>\n<meta property=\"og:site_name\" content=\"Los pol\u00edticos Veracruz\" \/>\n<meta property=\"article:publisher\" content=\"https:\/\/www.facebook.com\/people\/Notimemes-de-los-Polticos\/61565672886568\/\" \/>\n<meta property=\"article:published_time\" content=\"2024-06-25T00:25:17+00:00\" \/>\n<meta property=\"article:modified_time\" content=\"2024-06-25T00:25:35+00:00\" \/>\n<meta property=\"og:image\" content=\"https:\/\/lospoliticosveracruz.com\/wp-content\/uploads\/2016\/07\/Logo-Dor.jpg\" \/>\n\t<meta property=\"og:image:width\" content=\"200\" \/>\n\t<meta property=\"og:image:height\" content=\"200\" \/>\n\t<meta property=\"og:image:type\" content=\"image\/jpeg\" \/>\n<meta name=\"author\" content=\"Lo viste en Los Pol\u00edticos\" \/>\n<meta name=\"twitter:card\" content=\"summary_large_image\" \/>\n<meta name=\"twitter:creator\" content=\"@LosPoliticosVer\" \/>\n<meta name=\"twitter:site\" content=\"@LosPoliticosVer\" \/>\n<meta name=\"twitter:label1\" content=\"Escrito por\" \/>\n\t<meta name=\"twitter:data1\" content=\"Lo viste en Los Pol\u00edticos\" \/>\n\t<meta name=\"twitter:label2\" content=\"Tiempo de lectura\" \/>\n\t<meta name=\"twitter:data2\" content=\"5 minutos\" \/>\n<script type=\"application\/ld+json\" class=\"yoast-schema-graph\">{\"@context\":\"https:\\\/\\\/schema.org\",\"@graph\":[{\"@type\":\"Article\",\"@id\":\"https:\\\/\\\/lospoliticosveracruz.com\\\/?p=126513#article\",\"isPartOf\":{\"@id\":\"https:\\\/\\\/lospoliticosveracruz.com\\\/?p=126513\"},\"author\":{\"name\":\"Lo viste en Los Pol\u00edticos\",\"@id\":\"https:\\\/\\\/lospoliticosveracruz.com\\\/#\\\/schema\\\/person\\\/b8702bb0e538456e6efd07080bf2a4a2\"},\"headline\":\"AM\u00c9RICO A\u00daN RESPIRA!\",\"datePublished\":\"2024-06-25T00:25:17+00:00\",\"dateModified\":\"2024-06-25T00:25:35+00:00\",\"mainEntityOfPage\":{\"@id\":\"https:\\\/\\\/lospoliticosveracruz.com\\\/?p=126513\"},\"wordCount\":964,\"publisher\":{\"@id\":\"https:\\\/\\\/lospoliticosveracruz.com\\\/#organization\"},\"keywords\":[\"Enrique Romero Lom\u00e1n\",\"Partido Revolucionario Institucional\"],\"articleSection\":[\"De Boleto\"],\"inLanguage\":\"es\"},{\"@type\":\"WebPage\",\"@id\":\"https:\\\/\\\/lospoliticosveracruz.com\\\/?p=126513\",\"url\":\"https:\\\/\\\/lospoliticosveracruz.com\\\/?p=126513\",\"name\":\"AM\u00c9RICO A\u00daN RESPIRA! - Los pol\u00edticos Veracruz\",\"isPartOf\":{\"@id\":\"https:\\\/\\\/lospoliticosveracruz.com\\\/#website\"},\"datePublished\":\"2024-06-25T00:25:17+00:00\",\"dateModified\":\"2024-06-25T00:25:35+00:00\",\"breadcrumb\":{\"@id\":\"https:\\\/\\\/lospoliticosveracruz.com\\\/?p=126513#breadcrumb\"},\"inLanguage\":\"es\",\"potentialAction\":[{\"@type\":\"ReadAction\",\"target\":[\"https:\\\/\\\/lospoliticosveracruz.com\\\/?p=126513\"]}]},{\"@type\":\"BreadcrumbList\",\"@id\":\"https:\\\/\\\/lospoliticosveracruz.com\\\/?p=126513#breadcrumb\",\"itemListElement\":[{\"@type\":\"ListItem\",\"position\":1,\"name\":\"Portada\",\"item\":\"https:\\\/\\\/lospoliticosveracruz.com\\\/\"},{\"@type\":\"ListItem\",\"position\":2,\"name\":\"AM\u00c9RICO A\u00daN RESPIRA!\"}]},{\"@type\":\"WebSite\",\"@id\":\"https:\\\/\\\/lospoliticosveracruz.com\\\/#website\",\"url\":\"https:\\\/\\\/lospoliticosveracruz.com\\\/\",\"name\":\"Los pol\u00edticos Veracruz\",\"description\":\"\",\"publisher\":{\"@id\":\"https:\\\/\\\/lospoliticosveracruz.com\\\/#organization\"},\"potentialAction\":[{\"@type\":\"SearchAction\",\"target\":{\"@type\":\"EntryPoint\",\"urlTemplate\":\"https:\\\/\\\/lospoliticosveracruz.com\\\/?s={search_term_string}\"},\"query-input\":{\"@type\":\"PropertyValueSpecification\",\"valueRequired\":true,\"valueName\":\"search_term_string\"}}],\"inLanguage\":\"es\"},{\"@type\":\"Organization\",\"@id\":\"https:\\\/\\\/lospoliticosveracruz.com\\\/#organization\",\"name\":\"Los pol\u00edticos Veracruz\",\"url\":\"https:\\\/\\\/lospoliticosveracruz.com\\\/\",\"logo\":{\"@type\":\"ImageObject\",\"inLanguage\":\"es\",\"@id\":\"https:\\\/\\\/lospoliticosveracruz.com\\\/#\\\/schema\\\/logo\\\/image\\\/\",\"url\":\"https:\\\/\\\/lospoliticosveracruz.com\\\/wp-content\\\/uploads\\\/2025\\\/12\\\/Logo-Nuevo-LOS-POLITICOS-1.jpg\",\"contentUrl\":\"https:\\\/\\\/lospoliticosveracruz.com\\\/wp-content\\\/uploads\\\/2025\\\/12\\\/Logo-Nuevo-LOS-POLITICOS-1.jpg\",\"width\":260,\"height\":70,\"caption\":\"Los pol\u00edticos Veracruz\"},\"image\":{\"@id\":\"https:\\\/\\\/lospoliticosveracruz.com\\\/#\\\/schema\\\/logo\\\/image\\\/\"},\"sameAs\":[\"https:\\\/\\\/www.facebook.com\\\/people\\\/Notimemes-de-los-Polticos\\\/61565672886568\\\/\",\"https:\\\/\\\/x.com\\\/LosPoliticosVer\"]},{\"@type\":\"Person\",\"@id\":\"https:\\\/\\\/lospoliticosveracruz.com\\\/#\\\/schema\\\/person\\\/b8702bb0e538456e6efd07080bf2a4a2\",\"name\":\"Lo viste en Los Pol\u00edticos\",\"image\":{\"@type\":\"ImageObject\",\"inLanguage\":\"es\",\"@id\":\"https:\\\/\\\/secure.gravatar.com\\\/avatar\\\/3a8de04a2656d44082be478bd6c086daa447c4651605818287b9532d3d0bd435?s=96&d=mm&r=g\",\"url\":\"https:\\\/\\\/secure.gravatar.com\\\/avatar\\\/3a8de04a2656d44082be478bd6c086daa447c4651605818287b9532d3d0bd435?s=96&d=mm&r=g\",\"contentUrl\":\"https:\\\/\\\/secure.gravatar.com\\\/avatar\\\/3a8de04a2656d44082be478bd6c086daa447c4651605818287b9532d3d0bd435?s=96&d=mm&r=g\",\"caption\":\"Lo viste en Los Pol\u00edticos\"},\"url\":\"https:\\\/\\\/lospoliticosveracruz.com\\\/?author=2\"}]}<\/script>\n<!-- \/ Yoast SEO plugin. -->","yoast_head_json":{"title":"AM\u00c9RICO A\u00daN RESPIRA! - Los pol\u00edticos Veracruz","robots":{"index":"index","follow":"follow","max-snippet":"max-snippet:-1","max-image-preview":"max-image-preview:large","max-video-preview":"max-video-preview:-1"},"canonical":"https:\/\/lospoliticosveracruz.com\/?p=126513","og_locale":"es_ES","og_type":"article","og_title":"AM\u00c9RICO A\u00daN RESPIRA! - Los pol\u00edticos Veracruz","og_description":"Xalapa Los representantes del PRI, PAN y PRD ante el Consejo Distrital 10 del Instituto Nacional Electoral (INE) ratificaron las inconsistencias que se registraron en el pasado proceso electoral del 2 de junio en la elecci\u00f3n a la Diputaci\u00f3n Federal por el Distrito 10 de Xalapa. En la \u00faltima sesi\u00f3n ordinaria del organismo que se [&hellip;]","og_url":"https:\/\/lospoliticosveracruz.com\/?p=126513","og_site_name":"Los pol\u00edticos Veracruz","article_publisher":"https:\/\/www.facebook.com\/people\/Notimemes-de-los-Polticos\/61565672886568\/","article_published_time":"2024-06-25T00:25:17+00:00","article_modified_time":"2024-06-25T00:25:35+00:00","og_image":[{"width":200,"height":200,"url":"https:\/\/lospoliticosveracruz.com\/wp-content\/uploads\/2016\/07\/Logo-Dor.jpg","type":"image\/jpeg"}],"author":"Lo viste en Los Pol\u00edticos","twitter_card":"summary_large_image","twitter_creator":"@LosPoliticosVer","twitter_site":"@LosPoliticosVer","twitter_misc":{"Escrito por":"Lo viste en Los Pol\u00edticos","Tiempo de lectura":"5 minutos"},"schema":{"@context":"https:\/\/schema.org","@graph":[{"@type":"Article","@id":"https:\/\/lospoliticosveracruz.com\/?p=126513#article","isPartOf":{"@id":"https:\/\/lospoliticosveracruz.com\/?p=126513"},"author":{"name":"Lo viste en Los Pol\u00edticos","@id":"https:\/\/lospoliticosveracruz.com\/#\/schema\/person\/b8702bb0e538456e6efd07080bf2a4a2"},"headline":"AM\u00c9RICO A\u00daN RESPIRA!","datePublished":"2024-06-25T00:25:17+00:00","dateModified":"2024-06-25T00:25:35+00:00","mainEntityOfPage":{"@id":"https:\/\/lospoliticosveracruz.com\/?p=126513"},"wordCount":964,"publisher":{"@id":"https:\/\/lospoliticosveracruz.com\/#organization"},"keywords":["Enrique Romero Lom\u00e1n","Partido Revolucionario Institucional"],"articleSection":["De Boleto"],"inLanguage":"es"},{"@type":"WebPage","@id":"https:\/\/lospoliticosveracruz.com\/?p=126513","url":"https:\/\/lospoliticosveracruz.com\/?p=126513","name":"AM\u00c9RICO A\u00daN RESPIRA! - Los pol\u00edticos Veracruz","isPartOf":{"@id":"https:\/\/lospoliticosveracruz.com\/#website"},"datePublished":"2024-06-25T00:25:17+00:00","dateModified":"2024-06-25T00:25:35+00:00","breadcrumb":{"@id":"https:\/\/lospoliticosveracruz.com\/?p=126513#breadcrumb"},"inLanguage":"es","potentialAction":[{"@type":"ReadAction","target":["https:\/\/lospoliticosveracruz.com\/?p=126513"]}]},{"@type":"BreadcrumbList","@id":"https:\/\/lospoliticosveracruz.com\/?p=126513#breadcrumb","itemListElement":[{"@type":"ListItem","position":1,"name":"Portada","item":"https:\/\/lospoliticosveracruz.com\/"},{"@type":"ListItem","position":2,"name":"AM\u00c9RICO A\u00daN RESPIRA!"}]},{"@type":"WebSite","@id":"https:\/\/lospoliticosveracruz.com\/#website","url":"https:\/\/lospoliticosveracruz.com\/","name":"Los pol\u00edticos Veracruz","description":"","publisher":{"@id":"https:\/\/lospoliticosveracruz.com\/#organization"},"potentialAction":[{"@type":"SearchAction","target":{"@type":"EntryPoint","urlTemplate":"https:\/\/lospoliticosveracruz.com\/?s={search_term_string}"},"query-input":{"@type":"PropertyValueSpecification","valueRequired":true,"valueName":"search_term_string"}}],"inLanguage":"es"},{"@type":"Organization","@id":"https:\/\/lospoliticosveracruz.com\/#organization","name":"Los pol\u00edticos Veracruz","url":"https:\/\/lospoliticosveracruz.com\/","logo":{"@type":"ImageObject","inLanguage":"es","@id":"https:\/\/lospoliticosveracruz.com\/#\/schema\/logo\/image\/","url":"https:\/\/lospoliticosveracruz.com\/wp-content\/uploads\/2025\/12\/Logo-Nuevo-LOS-POLITICOS-1.jpg","contentUrl":"https:\/\/lospoliticosveracruz.com\/wp-content\/uploads\/2025\/12\/Logo-Nuevo-LOS-POLITICOS-1.jpg","width":260,"height":70,"caption":"Los pol\u00edticos Veracruz"},"image":{"@id":"https:\/\/lospoliticosveracruz.com\/#\/schema\/logo\/image\/"},"sameAs":["https:\/\/www.facebook.com\/people\/Notimemes-de-los-Polticos\/61565672886568\/","https:\/\/x.com\/LosPoliticosVer"]},{"@type":"Person","@id":"https:\/\/lospoliticosveracruz.com\/#\/schema\/person\/b8702bb0e538456e6efd07080bf2a4a2","name":"Lo viste en Los Pol\u00edticos","image":{"@type":"ImageObject","inLanguage":"es","@id":"https:\/\/secure.gravatar.com\/avatar\/3a8de04a2656d44082be478bd6c086daa447c4651605818287b9532d3d0bd435?s=96&d=mm&r=g","url":"https:\/\/secure.gravatar.com\/avatar\/3a8de04a2656d44082be478bd6c086daa447c4651605818287b9532d3d0bd435?s=96&d=mm&r=g","contentUrl":"https:\/\/secure.gravatar.com\/avatar\/3a8de04a2656d44082be478bd6c086daa447c4651605818287b9532d3d0bd435?s=96&d=mm&r=g","caption":"Lo viste en Los Pol\u00edticos"},"url":"https:\/\/lospoliticosveracruz.com\/?author=2"}]}},"_links":{"self":[{"href":"https:\/\/lospoliticosveracruz.com\/index.php?rest_route=\/wp\/v2\/posts\/126513","targetHints":{"allow":["GET"]}}],"collection":[{"href":"https:\/\/lospoliticosveracruz.com\/index.php?rest_route=\/wp\/v2\/posts"}],"about":[{"href":"https:\/\/lospoliticosveracruz.com\/index.php?rest_route=\/wp\/v2\/types\/post"}],"author":[{"embeddable":true,"href":"https:\/\/lospoliticosveracruz.com\/index.php?rest_route=\/wp\/v2\/users\/2"}],"replies":[{"embeddable":true,"href":"https:\/\/lospoliticosveracruz.com\/index.php?rest_route=%2Fwp%2Fv2%2Fcomments&post=126513"}],"version-history":[{"count":1,"href":"https:\/\/lospoliticosveracruz.com\/index.php?rest_route=\/wp\/v2\/posts\/126513\/revisions"}],"predecessor-version":[{"id":126515,"href":"https:\/\/lospoliticosveracruz.com\/index.php?rest_route=\/wp\/v2\/posts\/126513\/revisions\/126515"}],"wp:attachment":[{"href":"https:\/\/lospoliticosveracruz.com\/index.php?rest_route=%2Fwp%2Fv2%2Fmedia&parent=126513"}],"wp:term":[{"taxonomy":"category","embeddable":true,"href":"https:\/\/lospoliticosveracruz.com\/index.php?rest_route=%2Fwp%2Fv2%2Fcategories&post=126513"},{"taxonomy":"post_tag","embeddable":true,"href":"https:\/\/lospoliticosveracruz.com\/index.php?rest_route=%2Fwp%2Fv2%2Ftags&post=126513"}],"curies":[{"name":"wp","href":"https:\/\/api.w.org\/{rel}","templated":true}]}}