{"id":126518,"date":"2024-06-24T19:52:01","date_gmt":"2024-06-25T00:52:01","guid":{"rendered":"https:\/\/lospoliticosveracruz.com.mx\/?p=126518"},"modified":"2024-06-24T20:57:34","modified_gmt":"2024-06-25T01:57:34","slug":"senales-algun-mensaje-divino","status":"publish","type":"post","link":"https:\/\/lospoliticosveracruz.com\/?p=126518","title":{"rendered":"\u00bfSE\u00d1ALES, ALG\u00daN MENSAJE\u2026 DIVINO?"},"content":{"rendered":"\n<p><strong>Arturo Reyes Gonz\u00e1lez<\/strong><\/p>\n\n\n\n<p>Todav\u00eda no toma protesta de nada y ya recibi\u00f3 el primer golpe, que m\u00e1s bien fue una tundida dura y segura, ni c\u00f3mo negarlo, pero bien dicen, no hay mal que por bien no venga\u2026<\/p>\n\n\n<div class=\"wp-block-image\">\n<figure class=\"alignleft size-medium\"><a href=\"https:\/\/lospoliticosveracruz.com.mx\/wp-content\/uploads\/2021\/10\/Zacauilt.jpg\"><img decoding=\"async\" src=\"https:\/\/lospoliticosveracruz.com.mx\/wp-content\/uploads\/2021\/10\/Zacauilt-150x300.jpg\" alt=\"\" class=\"wp-image-80558\"\/><\/a><\/figure>\n<\/div>\n\n\n<p>Y no, no es porque se le haya ca\u00eddo el tan cantado \u201cregreso\u201d a la Secretar\u00eda de Educaci\u00f3n de Veracruz, al Doctor Zenyazen, de quien aseguraban regresar\u00eda (\u00a1devolver nada eeeeh!) a retomar el exitoso rumbo que le dio a la dependencia mientras estuvo ah\u00ed.&nbsp;&nbsp;<\/p>\n\n\n\n<p>\u00bfDe qu\u00e9 hablamos? D\u00e9jeme le contamos que al extitular de la SEV, el doctor Zen, mire, saben, mire que, mmm\u2026 c\u00f3mo llamarle, \u00bfmala suerte? \u00a1No, s\u00ed fue una madrina!<\/p>\n\n\n\n<p>Resulta que hace unas semanas atr\u00e1s, despu\u00e9s de d\u00edas y d\u00edas, semanas en que los veracruzanos y no se diga los cordobeses y vecinos de la regi\u00f3n centro ped\u00edan, clamaban por lluvia, agua y una refrescadita (literal) ante el intenso calor que vivimos todos un d\u00eda s\u00ed y otro tambi\u00e9n en la entidad, una vez consumado el triunfo guinda, los amigos del doctor Zen (Escobar), ganador de la contienda en su distrito de la zona centro le prepararon un festejo acorde a lo que se merece.<\/p>\n\n\n\n<p>Esto es: un gran festejo. Bueno, pues resulta que entonces el electo diputado federal Zen, Zenyazen Escobar, extitular de la SEV, estaba a horas, minutos, de celebrar con bombo y platillo, en \u201cgrande\u201d, como se merece, su arrollador triunfo cuando de repente\u2026<\/p>\n\n\n\n<p>Es en serio lo de en grande, \u00bflo duda?, cheque el dato:<\/p>\n\n\n\n<p>Grupo J\u00fanior Klan y Orquesta Sabotaje, con una comida lista para servir, con un rango de m\u00ednimo 2 mil y m\u00e1ximo 3 mil comensales y de bebidas igual, y algunas con piquete por si se antojaba (\u00e9chele cuentas)<\/p>\n\n\n\n<p>Sin embargo, \u201cde repente\u201d, aseguran ellos (los entrevistados por el equipo de investigaci\u00f3n especial de lospoliticosveracruz), \u201cde la nada\u201d, con rachas de vientos muy muy fuertes, \u201cpr\u00e1cticamente todo se cay\u00f3.. fue un caos, gente gritando y corriendo para salvarse de tubos cayendo, el escenario igual se cay\u00f3, la carpa de la comida, sillas y mesas volando\u2026 por la tormenta que azot\u00f3 el punto del evento; total no hubo nada porque todo se tuvo que cancelar\u201d.&nbsp;&nbsp; &nbsp;<\/p>\n\n\n\n<p>Testimonios los hay por docenas. Una tromba acab\u00f3 con el festejo antes de que este iniciara. \u00bfse\u00f1ales? \u00bfAlg\u00fan mensaje?<\/p>\n\n\n\n<p>Si tomamos en cuenta lo sucedido, medido con niveles 4T, bien podr\u00edamos estar ante el pr\u00f3ximo titular la secretar\u00eda de PC; este profesional, doctor, se perfilar\u00eda ya como el nuevo titular en lugar de Guadalupe Osorno Maldonado para protecci\u00f3n civil, \u00bfno? Apuestas.<\/p>\n\n\n\n<p>PD \u2013 No deje de ver el correspondiente video<\/p>\n\n\n<div class=\"youtube-embed\" data-video_id=\"\"><iframe loading=\"lazy\" title=\"SE\u00d1ALES.. ALG\u00daN MENSAJE\u2026 DIVINO?\" width=\"563\" height=\"1000\" src=\"https:\/\/www.youtube.com\/embed\/ty5hBmBGpVk?feature=oembed&#038;enablejsapi=1\" frameborder=\"0\" allow=\"accelerometer; autoplay; clipboard-write; encrypted-media; gyroscope; picture-in-picture; web-share\" referrerpolicy=\"strict-origin-when-cross-origin\" allowfullscreen><\/iframe><\/div>\n","protected":false},"excerpt":{"rendered":"<p>Arturo Reyes Gonz\u00e1lez Todav\u00eda no toma protesta de nada y ya recibi\u00f3 el primer golpe, que m\u00e1s bien fue una tundida dura y segura, ni c\u00f3mo negarlo, pero bien dicen, no hay mal que por bien no venga\u2026 Y no, no es porque se le haya ca\u00eddo el tan cantado \u201cregreso\u201d a la Secretar\u00eda de [&hellip;]<\/p>\n","protected":false},"author":2,"featured_media":0,"comment_status":"closed","ping_status":"closed","sticky":false,"template":"","format":"standard","meta":{"tdm_status":"","tdm_grid_status":"","footnotes":""},"categories":[70],"tags":[],"class_list":{"0":"post-126518","1":"post","2":"type-post","3":"status-publish","4":"format-standard","6":"category-de-opinion"},"yoast_head":"<!-- This site is optimized with the Yoast SEO plugin v27.4 - https:\/\/yoast.com\/product\/yoast-seo-wordpress\/ -->\n<title>\u00bfSE\u00d1ALES, ALG\u00daN MENSAJE\u2026 DIVINO? - Los pol\u00edticos Veracruz<\/title>\n<meta name=\"robots\" content=\"index, follow, max-snippet:-1, max-image-preview:large, max-video-preview:-1\" \/>\n<link rel=\"canonical\" href=\"https:\/\/lospoliticosveracruz.com\/?p=126518\" \/>\n<meta property=\"og:locale\" content=\"es_ES\" \/>\n<meta property=\"og:type\" content=\"article\" \/>\n<meta property=\"og:title\" content=\"\u00bfSE\u00d1ALES, ALG\u00daN MENSAJE\u2026 DIVINO? - Los pol\u00edticos Veracruz\" \/>\n<meta property=\"og:description\" content=\"Arturo Reyes Gonz\u00e1lez Todav\u00eda no toma protesta de nada y ya recibi\u00f3 el primer golpe, que m\u00e1s bien fue una tundida dura y segura, ni c\u00f3mo negarlo, pero bien dicen, no hay mal que por bien no venga\u2026 Y no, no es porque se le haya ca\u00eddo el tan cantado \u201cregreso\u201d a la Secretar\u00eda de [&hellip;]\" \/>\n<meta property=\"og:url\" content=\"https:\/\/lospoliticosveracruz.com\/?p=126518\" \/>\n<meta property=\"og:site_name\" content=\"Los pol\u00edticos Veracruz\" \/>\n<meta property=\"article:publisher\" content=\"https:\/\/www.facebook.com\/people\/Notimemes-de-los-Polticos\/61565672886568\/\" \/>\n<meta property=\"article:published_time\" content=\"2024-06-25T00:52:01+00:00\" \/>\n<meta property=\"article:modified_time\" content=\"2024-06-25T01:57:34+00:00\" \/>\n<meta property=\"og:image\" content=\"https:\/\/lospoliticosveracruz.com.mx\/wp-content\/uploads\/2021\/10\/Zacauilt-150x300.jpg\" \/>\n<meta name=\"author\" content=\"Lo viste en Los Pol\u00edticos\" \/>\n<meta name=\"twitter:card\" content=\"summary_large_image\" \/>\n<meta name=\"twitter:creator\" content=\"@LosPoliticosVer\" \/>\n<meta name=\"twitter:site\" content=\"@LosPoliticosVer\" \/>\n<meta name=\"twitter:label1\" content=\"Escrito por\" \/>\n\t<meta name=\"twitter:data1\" content=\"Lo viste en Los Pol\u00edticos\" \/>\n\t<meta name=\"twitter:label2\" content=\"Tiempo de lectura\" \/>\n\t<meta name=\"twitter:data2\" content=\"2 minutos\" \/>\n<script type=\"application\/ld+json\" class=\"yoast-schema-graph\">{\"@context\":\"https:\\\/\\\/schema.org\",\"@graph\":[{\"@type\":\"Article\",\"@id\":\"https:\\\/\\\/lospoliticosveracruz.com\\\/?p=126518#article\",\"isPartOf\":{\"@id\":\"https:\\\/\\\/lospoliticosveracruz.com\\\/?p=126518\"},\"author\":{\"name\":\"Lo viste en Los Pol\u00edticos\",\"@id\":\"https:\\\/\\\/lospoliticosveracruz.com\\\/#\\\/schema\\\/person\\\/b8702bb0e538456e6efd07080bf2a4a2\"},\"headline\":\"\u00bfSE\u00d1ALES, ALG\u00daN MENSAJE\u2026 DIVINO?\",\"datePublished\":\"2024-06-25T00:52:01+00:00\",\"dateModified\":\"2024-06-25T01:57:34+00:00\",\"mainEntityOfPage\":{\"@id\":\"https:\\\/\\\/lospoliticosveracruz.com\\\/?p=126518\"},\"wordCount\":482,\"publisher\":{\"@id\":\"https:\\\/\\\/lospoliticosveracruz.com\\\/#organization\"},\"image\":{\"@id\":\"https:\\\/\\\/lospoliticosveracruz.com\\\/?p=126518#primaryimage\"},\"thumbnailUrl\":\"https:\\\/\\\/lospoliticosveracruz.com.mx\\\/wp-content\\\/uploads\\\/2021\\\/10\\\/Zacauilt-150x300.jpg\",\"articleSection\":[\"De Opini\u00f3n\"],\"inLanguage\":\"es\"},{\"@type\":\"WebPage\",\"@id\":\"https:\\\/\\\/lospoliticosveracruz.com\\\/?p=126518\",\"url\":\"https:\\\/\\\/lospoliticosveracruz.com\\\/?p=126518\",\"name\":\"\u00bfSE\u00d1ALES, ALG\u00daN MENSAJE\u2026 DIVINO? - Los pol\u00edticos Veracruz\",\"isPartOf\":{\"@id\":\"https:\\\/\\\/lospoliticosveracruz.com\\\/#website\"},\"primaryImageOfPage\":{\"@id\":\"https:\\\/\\\/lospoliticosveracruz.com\\\/?p=126518#primaryimage\"},\"image\":{\"@id\":\"https:\\\/\\\/lospoliticosveracruz.com\\\/?p=126518#primaryimage\"},\"thumbnailUrl\":\"https:\\\/\\\/lospoliticosveracruz.com.mx\\\/wp-content\\\/uploads\\\/2021\\\/10\\\/Zacauilt-150x300.jpg\",\"datePublished\":\"2024-06-25T00:52:01+00:00\",\"dateModified\":\"2024-06-25T01:57:34+00:00\",\"breadcrumb\":{\"@id\":\"https:\\\/\\\/lospoliticosveracruz.com\\\/?p=126518#breadcrumb\"},\"inLanguage\":\"es\",\"potentialAction\":[{\"@type\":\"ReadAction\",\"target\":[\"https:\\\/\\\/lospoliticosveracruz.com\\\/?p=126518\"]}]},{\"@type\":\"ImageObject\",\"inLanguage\":\"es\",\"@id\":\"https:\\\/\\\/lospoliticosveracruz.com\\\/?p=126518#primaryimage\",\"url\":\"https:\\\/\\\/lospoliticosveracruz.com.mx\\\/wp-content\\\/uploads\\\/2021\\\/10\\\/Zacauilt-150x300.jpg\",\"contentUrl\":\"https:\\\/\\\/lospoliticosveracruz.com.mx\\\/wp-content\\\/uploads\\\/2021\\\/10\\\/Zacauilt-150x300.jpg\"},{\"@type\":\"BreadcrumbList\",\"@id\":\"https:\\\/\\\/lospoliticosveracruz.com\\\/?p=126518#breadcrumb\",\"itemListElement\":[{\"@type\":\"ListItem\",\"position\":1,\"name\":\"Portada\",\"item\":\"https:\\\/\\\/lospoliticosveracruz.com\\\/\"},{\"@type\":\"ListItem\",\"position\":2,\"name\":\"\u00bfSE\u00d1ALES, ALG\u00daN MENSAJE\u2026 DIVINO?\"}]},{\"@type\":\"WebSite\",\"@id\":\"https:\\\/\\\/lospoliticosveracruz.com\\\/#website\",\"url\":\"https:\\\/\\\/lospoliticosveracruz.com\\\/\",\"name\":\"Los pol\u00edticos Veracruz\",\"description\":\"\",\"publisher\":{\"@id\":\"https:\\\/\\\/lospoliticosveracruz.com\\\/#organization\"},\"potentialAction\":[{\"@type\":\"SearchAction\",\"target\":{\"@type\":\"EntryPoint\",\"urlTemplate\":\"https:\\\/\\\/lospoliticosveracruz.com\\\/?s={search_term_string}\"},\"query-input\":{\"@type\":\"PropertyValueSpecification\",\"valueRequired\":true,\"valueName\":\"search_term_string\"}}],\"inLanguage\":\"es\"},{\"@type\":\"Organization\",\"@id\":\"https:\\\/\\\/lospoliticosveracruz.com\\\/#organization\",\"name\":\"Los pol\u00edticos Veracruz\",\"url\":\"https:\\\/\\\/lospoliticosveracruz.com\\\/\",\"logo\":{\"@type\":\"ImageObject\",\"inLanguage\":\"es\",\"@id\":\"https:\\\/\\\/lospoliticosveracruz.com\\\/#\\\/schema\\\/logo\\\/image\\\/\",\"url\":\"https:\\\/\\\/lospoliticosveracruz.com\\\/wp-content\\\/uploads\\\/2025\\\/12\\\/Logo-Nuevo-LOS-POLITICOS-1.jpg\",\"contentUrl\":\"https:\\\/\\\/lospoliticosveracruz.com\\\/wp-content\\\/uploads\\\/2025\\\/12\\\/Logo-Nuevo-LOS-POLITICOS-1.jpg\",\"width\":260,\"height\":70,\"caption\":\"Los pol\u00edticos Veracruz\"},\"image\":{\"@id\":\"https:\\\/\\\/lospoliticosveracruz.com\\\/#\\\/schema\\\/logo\\\/image\\\/\"},\"sameAs\":[\"https:\\\/\\\/www.facebook.com\\\/people\\\/Notimemes-de-los-Polticos\\\/61565672886568\\\/\",\"https:\\\/\\\/x.com\\\/LosPoliticosVer\"]},{\"@type\":\"Person\",\"@id\":\"https:\\\/\\\/lospoliticosveracruz.com\\\/#\\\/schema\\\/person\\\/b8702bb0e538456e6efd07080bf2a4a2\",\"name\":\"Lo viste en Los Pol\u00edticos\",\"image\":{\"@type\":\"ImageObject\",\"inLanguage\":\"es\",\"@id\":\"https:\\\/\\\/secure.gravatar.com\\\/avatar\\\/3a8de04a2656d44082be478bd6c086daa447c4651605818287b9532d3d0bd435?s=96&d=mm&r=g\",\"url\":\"https:\\\/\\\/secure.gravatar.com\\\/avatar\\\/3a8de04a2656d44082be478bd6c086daa447c4651605818287b9532d3d0bd435?s=96&d=mm&r=g\",\"contentUrl\":\"https:\\\/\\\/secure.gravatar.com\\\/avatar\\\/3a8de04a2656d44082be478bd6c086daa447c4651605818287b9532d3d0bd435?s=96&d=mm&r=g\",\"caption\":\"Lo viste en Los Pol\u00edticos\"},\"url\":\"https:\\\/\\\/lospoliticosveracruz.com\\\/?author=2\"}]}<\/script>\n<!-- \/ Yoast SEO plugin. -->","yoast_head_json":{"title":"\u00bfSE\u00d1ALES, ALG\u00daN MENSAJE\u2026 DIVINO? - Los pol\u00edticos Veracruz","robots":{"index":"index","follow":"follow","max-snippet":"max-snippet:-1","max-image-preview":"max-image-preview:large","max-video-preview":"max-video-preview:-1"},"canonical":"https:\/\/lospoliticosveracruz.com\/?p=126518","og_locale":"es_ES","og_type":"article","og_title":"\u00bfSE\u00d1ALES, ALG\u00daN MENSAJE\u2026 DIVINO? - Los pol\u00edticos Veracruz","og_description":"Arturo Reyes Gonz\u00e1lez Todav\u00eda no toma protesta de nada y ya recibi\u00f3 el primer golpe, que m\u00e1s bien fue una tundida dura y segura, ni c\u00f3mo negarlo, pero bien dicen, no hay mal que por bien no venga\u2026 Y no, no es porque se le haya ca\u00eddo el tan cantado \u201cregreso\u201d a la Secretar\u00eda de [&hellip;]","og_url":"https:\/\/lospoliticosveracruz.com\/?p=126518","og_site_name":"Los pol\u00edticos Veracruz","article_publisher":"https:\/\/www.facebook.com\/people\/Notimemes-de-los-Polticos\/61565672886568\/","article_published_time":"2024-06-25T00:52:01+00:00","article_modified_time":"2024-06-25T01:57:34+00:00","og_image":[{"url":"https:\/\/lospoliticosveracruz.com.mx\/wp-content\/uploads\/2021\/10\/Zacauilt-150x300.jpg","type":"","width":"","height":""}],"author":"Lo viste en Los Pol\u00edticos","twitter_card":"summary_large_image","twitter_creator":"@LosPoliticosVer","twitter_site":"@LosPoliticosVer","twitter_misc":{"Escrito por":"Lo viste en Los Pol\u00edticos","Tiempo de lectura":"2 minutos"},"schema":{"@context":"https:\/\/schema.org","@graph":[{"@type":"Article","@id":"https:\/\/lospoliticosveracruz.com\/?p=126518#article","isPartOf":{"@id":"https:\/\/lospoliticosveracruz.com\/?p=126518"},"author":{"name":"Lo viste en Los Pol\u00edticos","@id":"https:\/\/lospoliticosveracruz.com\/#\/schema\/person\/b8702bb0e538456e6efd07080bf2a4a2"},"headline":"\u00bfSE\u00d1ALES, ALG\u00daN MENSAJE\u2026 DIVINO?","datePublished":"2024-06-25T00:52:01+00:00","dateModified":"2024-06-25T01:57:34+00:00","mainEntityOfPage":{"@id":"https:\/\/lospoliticosveracruz.com\/?p=126518"},"wordCount":482,"publisher":{"@id":"https:\/\/lospoliticosveracruz.com\/#organization"},"image":{"@id":"https:\/\/lospoliticosveracruz.com\/?p=126518#primaryimage"},"thumbnailUrl":"https:\/\/lospoliticosveracruz.com.mx\/wp-content\/uploads\/2021\/10\/Zacauilt-150x300.jpg","articleSection":["De Opini\u00f3n"],"inLanguage":"es"},{"@type":"WebPage","@id":"https:\/\/lospoliticosveracruz.com\/?p=126518","url":"https:\/\/lospoliticosveracruz.com\/?p=126518","name":"\u00bfSE\u00d1ALES, ALG\u00daN MENSAJE\u2026 DIVINO? - Los pol\u00edticos Veracruz","isPartOf":{"@id":"https:\/\/lospoliticosveracruz.com\/#website"},"primaryImageOfPage":{"@id":"https:\/\/lospoliticosveracruz.com\/?p=126518#primaryimage"},"image":{"@id":"https:\/\/lospoliticosveracruz.com\/?p=126518#primaryimage"},"thumbnailUrl":"https:\/\/lospoliticosveracruz.com.mx\/wp-content\/uploads\/2021\/10\/Zacauilt-150x300.jpg","datePublished":"2024-06-25T00:52:01+00:00","dateModified":"2024-06-25T01:57:34+00:00","breadcrumb":{"@id":"https:\/\/lospoliticosveracruz.com\/?p=126518#breadcrumb"},"inLanguage":"es","potentialAction":[{"@type":"ReadAction","target":["https:\/\/lospoliticosveracruz.com\/?p=126518"]}]},{"@type":"ImageObject","inLanguage":"es","@id":"https:\/\/lospoliticosveracruz.com\/?p=126518#primaryimage","url":"https:\/\/lospoliticosveracruz.com.mx\/wp-content\/uploads\/2021\/10\/Zacauilt-150x300.jpg","contentUrl":"https:\/\/lospoliticosveracruz.com.mx\/wp-content\/uploads\/2021\/10\/Zacauilt-150x300.jpg"},{"@type":"BreadcrumbList","@id":"https:\/\/lospoliticosveracruz.com\/?p=126518#breadcrumb","itemListElement":[{"@type":"ListItem","position":1,"name":"Portada","item":"https:\/\/lospoliticosveracruz.com\/"},{"@type":"ListItem","position":2,"name":"\u00bfSE\u00d1ALES, ALG\u00daN MENSAJE\u2026 DIVINO?"}]},{"@type":"WebSite","@id":"https:\/\/lospoliticosveracruz.com\/#website","url":"https:\/\/lospoliticosveracruz.com\/","name":"Los pol\u00edticos Veracruz","description":"","publisher":{"@id":"https:\/\/lospoliticosveracruz.com\/#organization"},"potentialAction":[{"@type":"SearchAction","target":{"@type":"EntryPoint","urlTemplate":"https:\/\/lospoliticosveracruz.com\/?s={search_term_string}"},"query-input":{"@type":"PropertyValueSpecification","valueRequired":true,"valueName":"search_term_string"}}],"inLanguage":"es"},{"@type":"Organization","@id":"https:\/\/lospoliticosveracruz.com\/#organization","name":"Los pol\u00edticos Veracruz","url":"https:\/\/lospoliticosveracruz.com\/","logo":{"@type":"ImageObject","inLanguage":"es","@id":"https:\/\/lospoliticosveracruz.com\/#\/schema\/logo\/image\/","url":"https:\/\/lospoliticosveracruz.com\/wp-content\/uploads\/2025\/12\/Logo-Nuevo-LOS-POLITICOS-1.jpg","contentUrl":"https:\/\/lospoliticosveracruz.com\/wp-content\/uploads\/2025\/12\/Logo-Nuevo-LOS-POLITICOS-1.jpg","width":260,"height":70,"caption":"Los pol\u00edticos Veracruz"},"image":{"@id":"https:\/\/lospoliticosveracruz.com\/#\/schema\/logo\/image\/"},"sameAs":["https:\/\/www.facebook.com\/people\/Notimemes-de-los-Polticos\/61565672886568\/","https:\/\/x.com\/LosPoliticosVer"]},{"@type":"Person","@id":"https:\/\/lospoliticosveracruz.com\/#\/schema\/person\/b8702bb0e538456e6efd07080bf2a4a2","name":"Lo viste en Los Pol\u00edticos","image":{"@type":"ImageObject","inLanguage":"es","@id":"https:\/\/secure.gravatar.com\/avatar\/3a8de04a2656d44082be478bd6c086daa447c4651605818287b9532d3d0bd435?s=96&d=mm&r=g","url":"https:\/\/secure.gravatar.com\/avatar\/3a8de04a2656d44082be478bd6c086daa447c4651605818287b9532d3d0bd435?s=96&d=mm&r=g","contentUrl":"https:\/\/secure.gravatar.com\/avatar\/3a8de04a2656d44082be478bd6c086daa447c4651605818287b9532d3d0bd435?s=96&d=mm&r=g","caption":"Lo viste en Los Pol\u00edticos"},"url":"https:\/\/lospoliticosveracruz.com\/?author=2"}]}},"_links":{"self":[{"href":"https:\/\/lospoliticosveracruz.com\/index.php?rest_route=\/wp\/v2\/posts\/126518","targetHints":{"allow":["GET"]}}],"collection":[{"href":"https:\/\/lospoliticosveracruz.com\/index.php?rest_route=\/wp\/v2\/posts"}],"about":[{"href":"https:\/\/lospoliticosveracruz.com\/index.php?rest_route=\/wp\/v2\/types\/post"}],"author":[{"embeddable":true,"href":"https:\/\/lospoliticosveracruz.com\/index.php?rest_route=\/wp\/v2\/users\/2"}],"replies":[{"embeddable":true,"href":"https:\/\/lospoliticosveracruz.com\/index.php?rest_route=%2Fwp%2Fv2%2Fcomments&post=126518"}],"version-history":[{"count":4,"href":"https:\/\/lospoliticosveracruz.com\/index.php?rest_route=\/wp\/v2\/posts\/126518\/revisions"}],"predecessor-version":[{"id":126530,"href":"https:\/\/lospoliticosveracruz.com\/index.php?rest_route=\/wp\/v2\/posts\/126518\/revisions\/126530"}],"wp:attachment":[{"href":"https:\/\/lospoliticosveracruz.com\/index.php?rest_route=%2Fwp%2Fv2%2Fmedia&parent=126518"}],"wp:term":[{"taxonomy":"category","embeddable":true,"href":"https:\/\/lospoliticosveracruz.com\/index.php?rest_route=%2Fwp%2Fv2%2Fcategories&post=126518"},{"taxonomy":"post_tag","embeddable":true,"href":"https:\/\/lospoliticosveracruz.com\/index.php?rest_route=%2Fwp%2Fv2%2Ftags&post=126518"}],"curies":[{"name":"wp","href":"https:\/\/api.w.org\/{rel}","templated":true}]}}