{"id":126535,"date":"2024-06-25T08:54:58","date_gmt":"2024-06-25T13:54:58","guid":{"rendered":"https:\/\/lospoliticosveracruz.com.mx\/?p=126535"},"modified":"2024-06-25T08:55:09","modified_gmt":"2024-06-25T13:55:09","slug":"y-las-renuncias-cuando","status":"publish","type":"post","link":"https:\/\/lospoliticosveracruz.com\/?p=126535","title":{"rendered":"Y LAS RENUNCIAS, CU\u00c1NDO?"},"content":{"rendered":"\n<p><strong>Oved Contreras<\/strong><\/p>\n\n\n\n<p><em>Secas Mecas<\/em><\/p>\n\n\n\n<p>El gobierno de Cuitl\u00e1huac Garc\u00eda anunci\u00f3 ayer la\u00a0desaparici\u00f3n de la Fuerza Civil, luego de la violenta represi\u00f3n orquestada contra campesinos de Totalco donde murieron dos personas pero sin que a la fecha se sepa de alg\u00fan responsable detenido\u2026el anuncio lo hizo la Secretar\u00eda de Gobierno del tabasque\u00f1o Carlos Alberto Jim\u00e9nez qu\u00e9 horas despu\u00e9s de la refriega justific\u00f3 el violento comportamiento de la polic\u00eda estatal.<\/p>\n\n\n\n<p>Seg\u00fan el anuncio, los elementos de la Secretar\u00eda de Seguridad P\u00fablica quedar\u00e1n bajo un mando \u00fanico dependiente directamente de la&nbsp;Subsecretar\u00eda de Operaciones de esa dependencia\u2026pero no hay m\u00e1s responsables de mandos superiores\u2026si la tropa no se manda sola, alg\u00fan jefe debe asumir su responsabilidad y poner la renuncia sobre la mesa por los hechos\u2026hasta el mentado Cuauhtemoc Z\u00fa\u00f1iga sigue agazapado en sus oficinas de Xalapa.<\/p>\n\n\n\n<p>Tras el anuncio de la extinci\u00f3n de la Fuerza Civil, que fue creada durante el gobierno del Duartocho en 2014, los altos mandos le avisaron a la tropa para que pongan pies en polvorosa: \u201cComandantes buenos d\u00edas a todos se les hace de su conocimiento ya es un hecho que la guardia nacional tomar\u00e1 el mando de la fuerza civil de y todos los elementos que fungen como encargados de delegaciones, bases de operaciones y comandancias ser\u00e1n incorporados e investigados y si incurrieron en alg\u00fan delito o abuso de autoridad, ser\u00e1n turnados a instancias correspondientes de asuntos internos o en su caso a la fiscal\u00eda\u00bb\u2026\u00f3sea es una invitaci\u00f3n para que se pelen.<\/p>\n\n\n\n<p>El que sigue calladito ante los violentas hechos en su distrito es el diputado morenista por Perote, Paul Mart\u00ednez Mari\u00e9\u2026en campa\u00f1a anduvo muy movido tirando carrilla contra los Yunes perote\u00f1os que dice que nadie los quiere\u2026ahorita sigue sumidito, no ha dado la cara tras el asesinato de dos personas a manos de polic\u00edas en Totalco. \u00bfNo era necesario un pronunciamiento suyo en favor de sus representados? O es verdad que est\u00e1 del lado de la trasnacional Granjas Carroll.<\/p>\n\n\n\n<p>Tambi\u00e9n el procurador ambiental Sergio Rodr\u00edguez ya sali\u00f3 a decir que ellos sancionaron a Granjas Carroll en marzo de 2023 \u201cpor diversos incumplimientos en materia ambiental\u201d: \u201cSe sancion\u00f3 y se dictaron medidas para evitar la contaminaci\u00f3n del suelo, aire y agua\u201d. Pero no dicen si confirmaron que las medidas impuestas se hab\u00edan cumplido.<\/p>\n\n\n\n<p>SE FUE AL BESAMANOS\u2026tan preocupado anda Cuitl\u00e1huac Garc\u00eda con los \u00faltimos eventos de violencia provocados por su polic\u00eda que ayer se fue a la Ciudad de M\u00e9xico para participar en la fiesta de cumplea\u00f1os de la presidenta electa Claudia Sheinbaum. Su presencia no pas\u00f3 desapercibida y hasta el teacher Joaqu\u00edn L\u00f3pez D\u00f3riga confi\u00f3 en que solo le haya llevado flores y no sea para pedirle chamba en el gabinete federal.<\/p>\n\n\n\n<p>\u00abEspero que solo le haya llevado flores \u00bfSe lo imaginan en el gabinete? No, que se quede all\u00e1 en Xalapa, que lo aguanten all\u00e1\u00bb, pidi\u00f3 L\u00f3pez D\u00f3riga en su espacio de noticias en Radio F\u00f3rmula: \u201cMe quieres decir que este destacado intelectual de izquierda Cuitl\u00e1huac Garc\u00eda fue recibido por Claudia Sheinbaum? Est\u00e1 en la lista de personajes que llegaron a la casa de transici\u00f3n para felicitar a Sheinbaum por su cumplea\u00f1os\u2026ojal\u00e1 Nadamas haya ido a eso porque en alg\u00fan momento, Claudia declar\u00f3 que estar\u00eda en su gabinete, yo espero que solo le haya llevado flores, que lo deje terminar su desgobierno\u2026se lo imaginan (a Cuitl\u00e1huac) en el gabinete? En qu\u00e9 secretar\u00eda? En la SEP, Cultura porque Econom\u00eda ya est\u00e1 ocupada, o de embajador en Washington, o en Comunicaci\u00f3n Social de la Presidencia\u2026yo espero que se quede en Xalapa, que lo aguanten all\u00e1 pues ellos (los veracruzanos) lo eligieron\u201d, expres\u00f3 el teacher L\u00f3pez D\u00f3riga.<\/p>\n\n\n\n<p>EL EFECTO PEP\u00cdN\u2026Roc\u00edo Nahle y Pep\u00edn Ru\u00edz ganaron el distrito 15 que fue un distrito que hist\u00f3ricamente Morena perd\u00eda. Lo Perdieron en su momento Rosa Mar\u00eda frente a Bingen Rementer\u00eda y Diana Huesca ante Miguel Hermida\u2026el 15 siempre ha sido un distrito muy panista.<\/p>\n\n\n\n<p>Diana Huesca perdi\u00f3 por 5 mil votos en la pasada elecci\u00f3n local pero Pep\u00edn en esta elecci\u00f3n lo gana con 14 mil votos de diferencia, entonces podemos decir que Pep\u00edn levant\u00f3 a Morena en casi 20 mil votos en ese distrito. Morena con Pep\u00edn en ese distrito elev\u00f3 su votaci\u00f3n en un 60 por ciento<\/p>\n\n\n\n<p>SE ENCABRIT\u00d3 DORHENY\u2026nos comenta Claudia Guerrero que se emberrinch\u00f3 Dorheny Garc\u00eda Cayetano luego de que la t\u00eda CH\u00cdO nombr\u00f3 a la comadrita Claudia Tello en la SEV y que a ella no le ha dado nada hasta ahora\u2026que ya les hab\u00eda dicho a sus empleados en la Secretar\u00eda del Trabajo que ser\u00eda secretaria otra vez con la t\u00eda CH\u00cdO pero nada hasta ahora\u2026es m\u00e1s factible que le den juego a Mamil\u00fa Ingram como parte de los acuerdos con el Verde Ecologista.<\/p>\n\n\n\n<p>Que la Dorheny Garc\u00eda anda tan encabritada que incluso ha soltado cr\u00edticas contra Roc\u00edo Nahle diciendo que ella obtuvo m\u00e1s votos porque es joven y bonita\u2026juar juar\u2026as\u00ed que Cuitl\u00e1huac Garc\u00eda, para calmar a la fiera, ayer anunci\u00f3 que Dorheny regresa nuevamente a la Secretar\u00eda del Trabajo de manera temporal\u2026al menos se le hizo a la tiktokera ser nuevamente secretaria y dicen que ahora ya se apunt\u00f3 para la alcald\u00eda de Xalapa.<\/p>\n\n\n\n<p>Ni Medel ni el besuc\u00f3n\u2026la t\u00eda CH\u00cdO ayer anunci\u00f3 que el misanteco Valent\u00edn Herrera Alarc\u00f3n, cardi\u00f3logo de profesi\u00f3n, encabezar\u00e1 la Secretar\u00eda de Salud en la administraci\u00f3n de Roc\u00edo Nahle Garc\u00eda, gobernadora electa del Estado, y de descarta as\u00ed a la alcaldesa de Minatitl\u00e1n, Claudia Medel, y al besuc\u00f3n Roberto Ramos Alor que ya los hab\u00edan apuntado como prospectos.<\/p>\n\n\n\n<p>Egresado de la Escuela Nacional de Estudios Profesionales \u201cZaragoza\u201d, UNAM, Valent\u00edn Herrera realiz\u00f3 el internado rotatorio pregrado en el Hospital Ju\u00e1rez de M\u00e9xico as\u00ed como la residencia de especializaci\u00f3n en cirug\u00eda general&nbsp;en el Hospital General Regional \u201cA\u201d Dr. Agust\u00edn O \u0301Hor\u00e1n de la SS en M\u00e9rida, Yucat\u00e1n.<\/p>\n","protected":false},"excerpt":{"rendered":"<p>Oved Contreras Secas Mecas El gobierno de Cuitl\u00e1huac Garc\u00eda anunci\u00f3 ayer la\u00a0desaparici\u00f3n de la Fuerza Civil, luego de la violenta represi\u00f3n orquestada contra campesinos de Totalco donde murieron dos personas pero sin que a la fecha se sepa de alg\u00fan responsable detenido\u2026el anuncio lo hizo la Secretar\u00eda de Gobierno del tabasque\u00f1o Carlos Alberto Jim\u00e9nez qu\u00e9 [&hellip;]<\/p>\n","protected":false},"author":2,"featured_media":119816,"comment_status":"closed","ping_status":"closed","sticky":false,"template":"","format":"standard","meta":{"tdm_status":"","tdm_grid_status":"","footnotes":""},"categories":[70],"tags":[16345,15981,1563,1026,4148,8384,195],"class_list":{"0":"post-126535","1":"post","2":"type-post","3":"status-publish","4":"format-standard","5":"has-post-thumbnail","7":"category-de-opinion","8":"tag-carlos-juarez-gil","9":"tag-cuauhtemoc-zuniga-bonilla","10":"tag-cuitlahuac-garcia-jimenez","11":"tag-morena","12":"tag-paul-martinez-marie","13":"tag-totalco","14":"tag-veracruz"},"yoast_head":"<!-- This site is optimized with the Yoast SEO plugin v27.4 - https:\/\/yoast.com\/product\/yoast-seo-wordpress\/ -->\n<title>Y LAS RENUNCIAS, CU\u00c1NDO? - Los pol\u00edticos Veracruz<\/title>\n<meta name=\"robots\" content=\"index, follow, max-snippet:-1, max-image-preview:large, max-video-preview:-1\" \/>\n<link rel=\"canonical\" href=\"https:\/\/lospoliticosveracruz.com\/?p=126535\" \/>\n<meta property=\"og:locale\" content=\"es_ES\" \/>\n<meta property=\"og:type\" content=\"article\" \/>\n<meta property=\"og:title\" content=\"Y LAS RENUNCIAS, CU\u00c1NDO? - Los pol\u00edticos Veracruz\" \/>\n<meta property=\"og:description\" content=\"Oved Contreras Secas Mecas El gobierno de Cuitl\u00e1huac Garc\u00eda anunci\u00f3 ayer la\u00a0desaparici\u00f3n de la Fuerza Civil, luego de la violenta represi\u00f3n orquestada contra campesinos de Totalco donde murieron dos personas pero sin que a la fecha se sepa de alg\u00fan responsable detenido\u2026el anuncio lo hizo la Secretar\u00eda de Gobierno del tabasque\u00f1o Carlos Alberto Jim\u00e9nez qu\u00e9 [&hellip;]\" \/>\n<meta property=\"og:url\" content=\"https:\/\/lospoliticosveracruz.com\/?p=126535\" \/>\n<meta property=\"og:site_name\" content=\"Los pol\u00edticos Veracruz\" \/>\n<meta property=\"article:publisher\" content=\"https:\/\/www.facebook.com\/people\/Notimemes-de-los-Polticos\/61565672886568\/\" \/>\n<meta property=\"article:published_time\" content=\"2024-06-25T13:54:58+00:00\" \/>\n<meta property=\"article:modified_time\" content=\"2024-06-25T13:55:09+00:00\" \/>\n<meta property=\"og:image\" content=\"https:\/\/lospoliticosveracruz.com\/wp-content\/uploads\/2024\/03\/Oved-Contreras.jpg\" \/>\n\t<meta property=\"og:image:width\" content=\"1250\" \/>\n\t<meta property=\"og:image:height\" content=\"667\" \/>\n\t<meta property=\"og:image:type\" content=\"image\/jpeg\" \/>\n<meta name=\"author\" content=\"Lo viste en Los Pol\u00edticos\" \/>\n<meta name=\"twitter:card\" content=\"summary_large_image\" \/>\n<meta name=\"twitter:creator\" content=\"@LosPoliticosVer\" \/>\n<meta name=\"twitter:site\" content=\"@LosPoliticosVer\" \/>\n<meta name=\"twitter:label1\" content=\"Escrito por\" \/>\n\t<meta name=\"twitter:data1\" content=\"Lo viste en Los Pol\u00edticos\" \/>\n\t<meta name=\"twitter:label2\" content=\"Tiempo de lectura\" \/>\n\t<meta name=\"twitter:data2\" content=\"5 minutos\" \/>\n<script type=\"application\/ld+json\" class=\"yoast-schema-graph\">{\"@context\":\"https:\\\/\\\/schema.org\",\"@graph\":[{\"@type\":\"Article\",\"@id\":\"https:\\\/\\\/lospoliticosveracruz.com\\\/?p=126535#article\",\"isPartOf\":{\"@id\":\"https:\\\/\\\/lospoliticosveracruz.com\\\/?p=126535\"},\"author\":{\"name\":\"Lo viste en Los Pol\u00edticos\",\"@id\":\"https:\\\/\\\/lospoliticosveracruz.com\\\/#\\\/schema\\\/person\\\/b8702bb0e538456e6efd07080bf2a4a2\"},\"headline\":\"Y LAS RENUNCIAS, CU\u00c1NDO?\",\"datePublished\":\"2024-06-25T13:54:58+00:00\",\"dateModified\":\"2024-06-25T13:55:09+00:00\",\"mainEntityOfPage\":{\"@id\":\"https:\\\/\\\/lospoliticosveracruz.com\\\/?p=126535\"},\"wordCount\":1087,\"publisher\":{\"@id\":\"https:\\\/\\\/lospoliticosveracruz.com\\\/#organization\"},\"image\":{\"@id\":\"https:\\\/\\\/lospoliticosveracruz.com\\\/?p=126535#primaryimage\"},\"thumbnailUrl\":\"https:\\\/\\\/lospoliticosveracruz.com\\\/wp-content\\\/uploads\\\/2024\\\/03\\\/Oved-Contreras.jpg\",\"keywords\":[\"Carlos Ju\u00e1rez Gil\",\"Cuauht\u00e9moc Z\u00fa\u00f1iga Bonilla\",\"Cuitl\u00e1huac Garc\u00eda Jim\u00e9nez\",\"Morena\",\"Paul Mart\u00ednez Marie\",\"Totalco\",\"Veracruz\"],\"articleSection\":[\"De Opini\u00f3n\"],\"inLanguage\":\"es\"},{\"@type\":\"WebPage\",\"@id\":\"https:\\\/\\\/lospoliticosveracruz.com\\\/?p=126535\",\"url\":\"https:\\\/\\\/lospoliticosveracruz.com\\\/?p=126535\",\"name\":\"Y LAS RENUNCIAS, CU\u00c1NDO? - Los pol\u00edticos Veracruz\",\"isPartOf\":{\"@id\":\"https:\\\/\\\/lospoliticosveracruz.com\\\/#website\"},\"primaryImageOfPage\":{\"@id\":\"https:\\\/\\\/lospoliticosveracruz.com\\\/?p=126535#primaryimage\"},\"image\":{\"@id\":\"https:\\\/\\\/lospoliticosveracruz.com\\\/?p=126535#primaryimage\"},\"thumbnailUrl\":\"https:\\\/\\\/lospoliticosveracruz.com\\\/wp-content\\\/uploads\\\/2024\\\/03\\\/Oved-Contreras.jpg\",\"datePublished\":\"2024-06-25T13:54:58+00:00\",\"dateModified\":\"2024-06-25T13:55:09+00:00\",\"breadcrumb\":{\"@id\":\"https:\\\/\\\/lospoliticosveracruz.com\\\/?p=126535#breadcrumb\"},\"inLanguage\":\"es\",\"potentialAction\":[{\"@type\":\"ReadAction\",\"target\":[\"https:\\\/\\\/lospoliticosveracruz.com\\\/?p=126535\"]}]},{\"@type\":\"ImageObject\",\"inLanguage\":\"es\",\"@id\":\"https:\\\/\\\/lospoliticosveracruz.com\\\/?p=126535#primaryimage\",\"url\":\"https:\\\/\\\/lospoliticosveracruz.com\\\/wp-content\\\/uploads\\\/2024\\\/03\\\/Oved-Contreras.jpg\",\"contentUrl\":\"https:\\\/\\\/lospoliticosveracruz.com\\\/wp-content\\\/uploads\\\/2024\\\/03\\\/Oved-Contreras.jpg\",\"width\":1250,\"height\":667},{\"@type\":\"BreadcrumbList\",\"@id\":\"https:\\\/\\\/lospoliticosveracruz.com\\\/?p=126535#breadcrumb\",\"itemListElement\":[{\"@type\":\"ListItem\",\"position\":1,\"name\":\"Portada\",\"item\":\"https:\\\/\\\/lospoliticosveracruz.com\\\/\"},{\"@type\":\"ListItem\",\"position\":2,\"name\":\"Y LAS RENUNCIAS, CU\u00c1NDO?\"}]},{\"@type\":\"WebSite\",\"@id\":\"https:\\\/\\\/lospoliticosveracruz.com\\\/#website\",\"url\":\"https:\\\/\\\/lospoliticosveracruz.com\\\/\",\"name\":\"Los pol\u00edticos Veracruz\",\"description\":\"\",\"publisher\":{\"@id\":\"https:\\\/\\\/lospoliticosveracruz.com\\\/#organization\"},\"potentialAction\":[{\"@type\":\"SearchAction\",\"target\":{\"@type\":\"EntryPoint\",\"urlTemplate\":\"https:\\\/\\\/lospoliticosveracruz.com\\\/?s={search_term_string}\"},\"query-input\":{\"@type\":\"PropertyValueSpecification\",\"valueRequired\":true,\"valueName\":\"search_term_string\"}}],\"inLanguage\":\"es\"},{\"@type\":\"Organization\",\"@id\":\"https:\\\/\\\/lospoliticosveracruz.com\\\/#organization\",\"name\":\"Los pol\u00edticos Veracruz\",\"url\":\"https:\\\/\\\/lospoliticosveracruz.com\\\/\",\"logo\":{\"@type\":\"ImageObject\",\"inLanguage\":\"es\",\"@id\":\"https:\\\/\\\/lospoliticosveracruz.com\\\/#\\\/schema\\\/logo\\\/image\\\/\",\"url\":\"https:\\\/\\\/lospoliticosveracruz.com\\\/wp-content\\\/uploads\\\/2025\\\/12\\\/Logo-Nuevo-LOS-POLITICOS-1.jpg\",\"contentUrl\":\"https:\\\/\\\/lospoliticosveracruz.com\\\/wp-content\\\/uploads\\\/2025\\\/12\\\/Logo-Nuevo-LOS-POLITICOS-1.jpg\",\"width\":260,\"height\":70,\"caption\":\"Los pol\u00edticos Veracruz\"},\"image\":{\"@id\":\"https:\\\/\\\/lospoliticosveracruz.com\\\/#\\\/schema\\\/logo\\\/image\\\/\"},\"sameAs\":[\"https:\\\/\\\/www.facebook.com\\\/people\\\/Notimemes-de-los-Polticos\\\/61565672886568\\\/\",\"https:\\\/\\\/x.com\\\/LosPoliticosVer\"]},{\"@type\":\"Person\",\"@id\":\"https:\\\/\\\/lospoliticosveracruz.com\\\/#\\\/schema\\\/person\\\/b8702bb0e538456e6efd07080bf2a4a2\",\"name\":\"Lo viste en Los Pol\u00edticos\",\"image\":{\"@type\":\"ImageObject\",\"inLanguage\":\"es\",\"@id\":\"https:\\\/\\\/secure.gravatar.com\\\/avatar\\\/3a8de04a2656d44082be478bd6c086daa447c4651605818287b9532d3d0bd435?s=96&d=mm&r=g\",\"url\":\"https:\\\/\\\/secure.gravatar.com\\\/avatar\\\/3a8de04a2656d44082be478bd6c086daa447c4651605818287b9532d3d0bd435?s=96&d=mm&r=g\",\"contentUrl\":\"https:\\\/\\\/secure.gravatar.com\\\/avatar\\\/3a8de04a2656d44082be478bd6c086daa447c4651605818287b9532d3d0bd435?s=96&d=mm&r=g\",\"caption\":\"Lo viste en Los Pol\u00edticos\"},\"url\":\"https:\\\/\\\/lospoliticosveracruz.com\\\/?author=2\"}]}<\/script>\n<!-- \/ Yoast SEO plugin. -->","yoast_head_json":{"title":"Y LAS RENUNCIAS, CU\u00c1NDO? - Los pol\u00edticos Veracruz","robots":{"index":"index","follow":"follow","max-snippet":"max-snippet:-1","max-image-preview":"max-image-preview:large","max-video-preview":"max-video-preview:-1"},"canonical":"https:\/\/lospoliticosveracruz.com\/?p=126535","og_locale":"es_ES","og_type":"article","og_title":"Y LAS RENUNCIAS, CU\u00c1NDO? - Los pol\u00edticos Veracruz","og_description":"Oved Contreras Secas Mecas El gobierno de Cuitl\u00e1huac Garc\u00eda anunci\u00f3 ayer la\u00a0desaparici\u00f3n de la Fuerza Civil, luego de la violenta represi\u00f3n orquestada contra campesinos de Totalco donde murieron dos personas pero sin que a la fecha se sepa de alg\u00fan responsable detenido\u2026el anuncio lo hizo la Secretar\u00eda de Gobierno del tabasque\u00f1o Carlos Alberto Jim\u00e9nez qu\u00e9 [&hellip;]","og_url":"https:\/\/lospoliticosveracruz.com\/?p=126535","og_site_name":"Los pol\u00edticos Veracruz","article_publisher":"https:\/\/www.facebook.com\/people\/Notimemes-de-los-Polticos\/61565672886568\/","article_published_time":"2024-06-25T13:54:58+00:00","article_modified_time":"2024-06-25T13:55:09+00:00","og_image":[{"width":1250,"height":667,"url":"https:\/\/lospoliticosveracruz.com\/wp-content\/uploads\/2024\/03\/Oved-Contreras.jpg","type":"image\/jpeg"}],"author":"Lo viste en Los Pol\u00edticos","twitter_card":"summary_large_image","twitter_creator":"@LosPoliticosVer","twitter_site":"@LosPoliticosVer","twitter_misc":{"Escrito por":"Lo viste en Los Pol\u00edticos","Tiempo de lectura":"5 minutos"},"schema":{"@context":"https:\/\/schema.org","@graph":[{"@type":"Article","@id":"https:\/\/lospoliticosveracruz.com\/?p=126535#article","isPartOf":{"@id":"https:\/\/lospoliticosveracruz.com\/?p=126535"},"author":{"name":"Lo viste en Los Pol\u00edticos","@id":"https:\/\/lospoliticosveracruz.com\/#\/schema\/person\/b8702bb0e538456e6efd07080bf2a4a2"},"headline":"Y LAS RENUNCIAS, CU\u00c1NDO?","datePublished":"2024-06-25T13:54:58+00:00","dateModified":"2024-06-25T13:55:09+00:00","mainEntityOfPage":{"@id":"https:\/\/lospoliticosveracruz.com\/?p=126535"},"wordCount":1087,"publisher":{"@id":"https:\/\/lospoliticosveracruz.com\/#organization"},"image":{"@id":"https:\/\/lospoliticosveracruz.com\/?p=126535#primaryimage"},"thumbnailUrl":"https:\/\/lospoliticosveracruz.com\/wp-content\/uploads\/2024\/03\/Oved-Contreras.jpg","keywords":["Carlos Ju\u00e1rez Gil","Cuauht\u00e9moc Z\u00fa\u00f1iga Bonilla","Cuitl\u00e1huac Garc\u00eda Jim\u00e9nez","Morena","Paul Mart\u00ednez Marie","Totalco","Veracruz"],"articleSection":["De Opini\u00f3n"],"inLanguage":"es"},{"@type":"WebPage","@id":"https:\/\/lospoliticosveracruz.com\/?p=126535","url":"https:\/\/lospoliticosveracruz.com\/?p=126535","name":"Y LAS RENUNCIAS, CU\u00c1NDO? - Los pol\u00edticos Veracruz","isPartOf":{"@id":"https:\/\/lospoliticosveracruz.com\/#website"},"primaryImageOfPage":{"@id":"https:\/\/lospoliticosveracruz.com\/?p=126535#primaryimage"},"image":{"@id":"https:\/\/lospoliticosveracruz.com\/?p=126535#primaryimage"},"thumbnailUrl":"https:\/\/lospoliticosveracruz.com\/wp-content\/uploads\/2024\/03\/Oved-Contreras.jpg","datePublished":"2024-06-25T13:54:58+00:00","dateModified":"2024-06-25T13:55:09+00:00","breadcrumb":{"@id":"https:\/\/lospoliticosveracruz.com\/?p=126535#breadcrumb"},"inLanguage":"es","potentialAction":[{"@type":"ReadAction","target":["https:\/\/lospoliticosveracruz.com\/?p=126535"]}]},{"@type":"ImageObject","inLanguage":"es","@id":"https:\/\/lospoliticosveracruz.com\/?p=126535#primaryimage","url":"https:\/\/lospoliticosveracruz.com\/wp-content\/uploads\/2024\/03\/Oved-Contreras.jpg","contentUrl":"https:\/\/lospoliticosveracruz.com\/wp-content\/uploads\/2024\/03\/Oved-Contreras.jpg","width":1250,"height":667},{"@type":"BreadcrumbList","@id":"https:\/\/lospoliticosveracruz.com\/?p=126535#breadcrumb","itemListElement":[{"@type":"ListItem","position":1,"name":"Portada","item":"https:\/\/lospoliticosveracruz.com\/"},{"@type":"ListItem","position":2,"name":"Y LAS RENUNCIAS, CU\u00c1NDO?"}]},{"@type":"WebSite","@id":"https:\/\/lospoliticosveracruz.com\/#website","url":"https:\/\/lospoliticosveracruz.com\/","name":"Los pol\u00edticos Veracruz","description":"","publisher":{"@id":"https:\/\/lospoliticosveracruz.com\/#organization"},"potentialAction":[{"@type":"SearchAction","target":{"@type":"EntryPoint","urlTemplate":"https:\/\/lospoliticosveracruz.com\/?s={search_term_string}"},"query-input":{"@type":"PropertyValueSpecification","valueRequired":true,"valueName":"search_term_string"}}],"inLanguage":"es"},{"@type":"Organization","@id":"https:\/\/lospoliticosveracruz.com\/#organization","name":"Los pol\u00edticos Veracruz","url":"https:\/\/lospoliticosveracruz.com\/","logo":{"@type":"ImageObject","inLanguage":"es","@id":"https:\/\/lospoliticosveracruz.com\/#\/schema\/logo\/image\/","url":"https:\/\/lospoliticosveracruz.com\/wp-content\/uploads\/2025\/12\/Logo-Nuevo-LOS-POLITICOS-1.jpg","contentUrl":"https:\/\/lospoliticosveracruz.com\/wp-content\/uploads\/2025\/12\/Logo-Nuevo-LOS-POLITICOS-1.jpg","width":260,"height":70,"caption":"Los pol\u00edticos Veracruz"},"image":{"@id":"https:\/\/lospoliticosveracruz.com\/#\/schema\/logo\/image\/"},"sameAs":["https:\/\/www.facebook.com\/people\/Notimemes-de-los-Polticos\/61565672886568\/","https:\/\/x.com\/LosPoliticosVer"]},{"@type":"Person","@id":"https:\/\/lospoliticosveracruz.com\/#\/schema\/person\/b8702bb0e538456e6efd07080bf2a4a2","name":"Lo viste en Los Pol\u00edticos","image":{"@type":"ImageObject","inLanguage":"es","@id":"https:\/\/secure.gravatar.com\/avatar\/3a8de04a2656d44082be478bd6c086daa447c4651605818287b9532d3d0bd435?s=96&d=mm&r=g","url":"https:\/\/secure.gravatar.com\/avatar\/3a8de04a2656d44082be478bd6c086daa447c4651605818287b9532d3d0bd435?s=96&d=mm&r=g","contentUrl":"https:\/\/secure.gravatar.com\/avatar\/3a8de04a2656d44082be478bd6c086daa447c4651605818287b9532d3d0bd435?s=96&d=mm&r=g","caption":"Lo viste en Los Pol\u00edticos"},"url":"https:\/\/lospoliticosveracruz.com\/?author=2"}]}},"_links":{"self":[{"href":"https:\/\/lospoliticosveracruz.com\/index.php?rest_route=\/wp\/v2\/posts\/126535","targetHints":{"allow":["GET"]}}],"collection":[{"href":"https:\/\/lospoliticosveracruz.com\/index.php?rest_route=\/wp\/v2\/posts"}],"about":[{"href":"https:\/\/lospoliticosveracruz.com\/index.php?rest_route=\/wp\/v2\/types\/post"}],"author":[{"embeddable":true,"href":"https:\/\/lospoliticosveracruz.com\/index.php?rest_route=\/wp\/v2\/users\/2"}],"replies":[{"embeddable":true,"href":"https:\/\/lospoliticosveracruz.com\/index.php?rest_route=%2Fwp%2Fv2%2Fcomments&post=126535"}],"version-history":[{"count":1,"href":"https:\/\/lospoliticosveracruz.com\/index.php?rest_route=\/wp\/v2\/posts\/126535\/revisions"}],"predecessor-version":[{"id":126536,"href":"https:\/\/lospoliticosveracruz.com\/index.php?rest_route=\/wp\/v2\/posts\/126535\/revisions\/126536"}],"wp:featuredmedia":[{"embeddable":true,"href":"https:\/\/lospoliticosveracruz.com\/index.php?rest_route=\/wp\/v2\/media\/119816"}],"wp:attachment":[{"href":"https:\/\/lospoliticosveracruz.com\/index.php?rest_route=%2Fwp%2Fv2%2Fmedia&parent=126535"}],"wp:term":[{"taxonomy":"category","embeddable":true,"href":"https:\/\/lospoliticosveracruz.com\/index.php?rest_route=%2Fwp%2Fv2%2Fcategories&post=126535"},{"taxonomy":"post_tag","embeddable":true,"href":"https:\/\/lospoliticosveracruz.com\/index.php?rest_route=%2Fwp%2Fv2%2Ftags&post=126535"}],"curies":[{"name":"wp","href":"https:\/\/api.w.org\/{rel}","templated":true}]}}