{"id":126542,"date":"2024-06-25T11:32:32","date_gmt":"2024-06-25T16:32:32","guid":{"rendered":"https:\/\/lospoliticosveracruz.com.mx\/?p=126542"},"modified":"2024-06-25T11:32:47","modified_gmt":"2024-06-25T16:32:47","slug":"guerra-de-tritones","status":"publish","type":"post","link":"https:\/\/lospoliticosveracruz.com\/?p=126542","title":{"rendered":"GUERRA DE TRITONES!"},"content":{"rendered":"\n<p><br><strong>Boca del R\u00edo<\/strong><br>El Comit\u00e9 organizador de la segunda Copa Nacional de Nataci\u00f3n Valvidub 2024 informa que contin\u00faan a buen ritmo las inscripciones de nadadoras y nadadores internacionales y nacionales al certamen que se realizar\u00e1 en el Centro Acu\u00e1tico Leyes de Reforma del 12 al 14 de julio.<br>\u201cAl momento superamos los 300 participantes inscritos, quienes se alistan para competir con todo en la alberca m\u00e1s r\u00e1pida del pa\u00eds, por lo que las expectativas de los nadadores y nadadoras son muy altas en cuanto a mejorar sus marcas personales.<br>Nos complace informar que la segunda Copa Nacional de Nataci\u00f3n Valvidub 2024 ha impactado positivamente en la comunidad deportiva internacional, en particular en los Estados Unidos, pues dada la cercan\u00eda a\u00e9rea tambi\u00e9n confirman su participaci\u00f3n en Veracruz.<br>Agreg\u00f3.<br>Tenemos confirmados a nadadores y nadadoras originarios de diversas partes de los Estados Unidos, principalmente de Houston, Dallas y El Paso, Texas. De interior de la rep\u00fablica mexicana vendr\u00e1n deportistas de Quer\u00e9taro, Estado de M\u00e9xico, Ciudad de M\u00e9xico, Puebla, Tlaxcala, Tamaulipas, Morelos, Hidalgo, San Luis Potos\u00ed y Zacatecas\u201d, coment\u00f3 el director general de la segunda Copa Nacional de Nataci\u00f3n Valvidub 2024, Pedro Ricardo Valle Villela.<br>A tan solo 17 d\u00edas para el cierre de inscripciones, los equipos se apresuran en inscribir a sus equipos para obtener el kit del evento que consta de una hermosa playera y medalla con dise\u00f1os Olmeca y Totonaca; respectivamente.<\/p>\n\n\n\n<p>La Copa de Nataci\u00f3n Valvidub 2024 se encuentra en la tercera fase de inscripciones (Extemporary swimmer) que abarca el periodo del 19 de junio al 1 de julio.<br>La segunda Copa Nacional de Nataci\u00f3n Valvidub 2024 ser\u00e1 una experiencia inolvidable, llena de emoci\u00f3n y competencia en un escenario emblem\u00e1tico junto al mar.<\/p>\n\n\n\n<p>Nadadoras y nadadores est\u00e1n listos para competir y hacer historia en el Centro Acu\u00e1tico Leyes de Reforma, de Veracruz!<\/p>\n","protected":false},"excerpt":{"rendered":"<p>Boca del R\u00edoEl Comit\u00e9 organizador de la segunda Copa Nacional de Nataci\u00f3n Valvidub 2024 informa que contin\u00faan a buen ritmo las inscripciones de nadadoras y nadadores internacionales y nacionales al certamen que se realizar\u00e1 en el Centro Acu\u00e1tico Leyes de Reforma del 12 al 14 de julio.\u201cAl momento superamos los 300 participantes inscritos, quienes se [&hellip;]<\/p>\n","protected":false},"author":2,"featured_media":0,"comment_status":"closed","ping_status":"closed","sticky":false,"template":"","format":"standard","meta":{"tdm_status":"","tdm_grid_status":"","footnotes":""},"categories":[40050],"tags":[40523],"class_list":{"0":"post-126542","1":"post","2":"type-post","3":"status-publish","4":"format-standard","6":"category-juega","7":"tag-copa-nacional-de-natacion-valvidub-2024"},"yoast_head":"<!-- This site is optimized with the Yoast SEO plugin v27.4 - https:\/\/yoast.com\/product\/yoast-seo-wordpress\/ -->\n<title>GUERRA DE TRITONES! - Los pol\u00edticos Veracruz<\/title>\n<meta name=\"robots\" content=\"index, follow, max-snippet:-1, max-image-preview:large, max-video-preview:-1\" \/>\n<link rel=\"canonical\" href=\"https:\/\/lospoliticosveracruz.com\/?p=126542\" \/>\n<meta property=\"og:locale\" content=\"es_ES\" \/>\n<meta property=\"og:type\" content=\"article\" \/>\n<meta property=\"og:title\" content=\"GUERRA DE TRITONES! - Los pol\u00edticos Veracruz\" \/>\n<meta property=\"og:description\" content=\"Boca del R\u00edoEl Comit\u00e9 organizador de la segunda Copa Nacional de Nataci\u00f3n Valvidub 2024 informa que contin\u00faan a buen ritmo las inscripciones de nadadoras y nadadores internacionales y nacionales al certamen que se realizar\u00e1 en el Centro Acu\u00e1tico Leyes de Reforma del 12 al 14 de julio.\u201cAl momento superamos los 300 participantes inscritos, quienes se [&hellip;]\" \/>\n<meta property=\"og:url\" content=\"https:\/\/lospoliticosveracruz.com\/?p=126542\" \/>\n<meta property=\"og:site_name\" content=\"Los pol\u00edticos Veracruz\" \/>\n<meta property=\"article:publisher\" content=\"https:\/\/www.facebook.com\/people\/Notimemes-de-los-Polticos\/61565672886568\/\" \/>\n<meta property=\"article:published_time\" content=\"2024-06-25T16:32:32+00:00\" \/>\n<meta property=\"article:modified_time\" content=\"2024-06-25T16:32:47+00:00\" \/>\n<meta property=\"og:image\" content=\"https:\/\/lospoliticosveracruz.com\/wp-content\/uploads\/2016\/07\/Logo-Dor.jpg\" \/>\n\t<meta property=\"og:image:width\" content=\"200\" \/>\n\t<meta property=\"og:image:height\" content=\"200\" \/>\n\t<meta property=\"og:image:type\" content=\"image\/jpeg\" \/>\n<meta name=\"author\" content=\"Lo viste en Los Pol\u00edticos\" \/>\n<meta name=\"twitter:card\" content=\"summary_large_image\" \/>\n<meta name=\"twitter:creator\" content=\"@LosPoliticosVer\" \/>\n<meta name=\"twitter:site\" content=\"@LosPoliticosVer\" \/>\n<meta name=\"twitter:label1\" content=\"Escrito por\" \/>\n\t<meta name=\"twitter:data1\" content=\"Lo viste en Los Pol\u00edticos\" \/>\n\t<meta name=\"twitter:label2\" content=\"Tiempo de lectura\" \/>\n\t<meta name=\"twitter:data2\" content=\"2 minutos\" \/>\n<script type=\"application\/ld+json\" class=\"yoast-schema-graph\">{\"@context\":\"https:\\\/\\\/schema.org\",\"@graph\":[{\"@type\":\"Article\",\"@id\":\"https:\\\/\\\/lospoliticosveracruz.com\\\/?p=126542#article\",\"isPartOf\":{\"@id\":\"https:\\\/\\\/lospoliticosveracruz.com\\\/?p=126542\"},\"author\":{\"name\":\"Lo viste en Los Pol\u00edticos\",\"@id\":\"https:\\\/\\\/lospoliticosveracruz.com\\\/#\\\/schema\\\/person\\\/b8702bb0e538456e6efd07080bf2a4a2\"},\"headline\":\"GUERRA DE TRITONES!\",\"datePublished\":\"2024-06-25T16:32:32+00:00\",\"dateModified\":\"2024-06-25T16:32:47+00:00\",\"mainEntityOfPage\":{\"@id\":\"https:\\\/\\\/lospoliticosveracruz.com\\\/?p=126542\"},\"wordCount\":320,\"publisher\":{\"@id\":\"https:\\\/\\\/lospoliticosveracruz.com\\\/#organization\"},\"keywords\":[\"Copa Nacional de Nataci\u00f3n Valvidub 2024\"],\"articleSection\":[\"Juega!\"],\"inLanguage\":\"es\"},{\"@type\":\"WebPage\",\"@id\":\"https:\\\/\\\/lospoliticosveracruz.com\\\/?p=126542\",\"url\":\"https:\\\/\\\/lospoliticosveracruz.com\\\/?p=126542\",\"name\":\"GUERRA DE TRITONES! - Los pol\u00edticos Veracruz\",\"isPartOf\":{\"@id\":\"https:\\\/\\\/lospoliticosveracruz.com\\\/#website\"},\"datePublished\":\"2024-06-25T16:32:32+00:00\",\"dateModified\":\"2024-06-25T16:32:47+00:00\",\"breadcrumb\":{\"@id\":\"https:\\\/\\\/lospoliticosveracruz.com\\\/?p=126542#breadcrumb\"},\"inLanguage\":\"es\",\"potentialAction\":[{\"@type\":\"ReadAction\",\"target\":[\"https:\\\/\\\/lospoliticosveracruz.com\\\/?p=126542\"]}]},{\"@type\":\"BreadcrumbList\",\"@id\":\"https:\\\/\\\/lospoliticosveracruz.com\\\/?p=126542#breadcrumb\",\"itemListElement\":[{\"@type\":\"ListItem\",\"position\":1,\"name\":\"Portada\",\"item\":\"https:\\\/\\\/lospoliticosveracruz.com\\\/\"},{\"@type\":\"ListItem\",\"position\":2,\"name\":\"GUERRA DE TRITONES!\"}]},{\"@type\":\"WebSite\",\"@id\":\"https:\\\/\\\/lospoliticosveracruz.com\\\/#website\",\"url\":\"https:\\\/\\\/lospoliticosveracruz.com\\\/\",\"name\":\"Los pol\u00edticos Veracruz\",\"description\":\"\",\"publisher\":{\"@id\":\"https:\\\/\\\/lospoliticosveracruz.com\\\/#organization\"},\"potentialAction\":[{\"@type\":\"SearchAction\",\"target\":{\"@type\":\"EntryPoint\",\"urlTemplate\":\"https:\\\/\\\/lospoliticosveracruz.com\\\/?s={search_term_string}\"},\"query-input\":{\"@type\":\"PropertyValueSpecification\",\"valueRequired\":true,\"valueName\":\"search_term_string\"}}],\"inLanguage\":\"es\"},{\"@type\":\"Organization\",\"@id\":\"https:\\\/\\\/lospoliticosveracruz.com\\\/#organization\",\"name\":\"Los pol\u00edticos Veracruz\",\"url\":\"https:\\\/\\\/lospoliticosveracruz.com\\\/\",\"logo\":{\"@type\":\"ImageObject\",\"inLanguage\":\"es\",\"@id\":\"https:\\\/\\\/lospoliticosveracruz.com\\\/#\\\/schema\\\/logo\\\/image\\\/\",\"url\":\"https:\\\/\\\/lospoliticosveracruz.com\\\/wp-content\\\/uploads\\\/2025\\\/12\\\/Logo-Nuevo-LOS-POLITICOS-1.jpg\",\"contentUrl\":\"https:\\\/\\\/lospoliticosveracruz.com\\\/wp-content\\\/uploads\\\/2025\\\/12\\\/Logo-Nuevo-LOS-POLITICOS-1.jpg\",\"width\":260,\"height\":70,\"caption\":\"Los pol\u00edticos Veracruz\"},\"image\":{\"@id\":\"https:\\\/\\\/lospoliticosveracruz.com\\\/#\\\/schema\\\/logo\\\/image\\\/\"},\"sameAs\":[\"https:\\\/\\\/www.facebook.com\\\/people\\\/Notimemes-de-los-Polticos\\\/61565672886568\\\/\",\"https:\\\/\\\/x.com\\\/LosPoliticosVer\"]},{\"@type\":\"Person\",\"@id\":\"https:\\\/\\\/lospoliticosveracruz.com\\\/#\\\/schema\\\/person\\\/b8702bb0e538456e6efd07080bf2a4a2\",\"name\":\"Lo viste en Los Pol\u00edticos\",\"image\":{\"@type\":\"ImageObject\",\"inLanguage\":\"es\",\"@id\":\"https:\\\/\\\/secure.gravatar.com\\\/avatar\\\/3a8de04a2656d44082be478bd6c086daa447c4651605818287b9532d3d0bd435?s=96&d=mm&r=g\",\"url\":\"https:\\\/\\\/secure.gravatar.com\\\/avatar\\\/3a8de04a2656d44082be478bd6c086daa447c4651605818287b9532d3d0bd435?s=96&d=mm&r=g\",\"contentUrl\":\"https:\\\/\\\/secure.gravatar.com\\\/avatar\\\/3a8de04a2656d44082be478bd6c086daa447c4651605818287b9532d3d0bd435?s=96&d=mm&r=g\",\"caption\":\"Lo viste en Los Pol\u00edticos\"},\"url\":\"https:\\\/\\\/lospoliticosveracruz.com\\\/?author=2\"}]}<\/script>\n<!-- \/ Yoast SEO plugin. -->","yoast_head_json":{"title":"GUERRA DE TRITONES! - Los pol\u00edticos Veracruz","robots":{"index":"index","follow":"follow","max-snippet":"max-snippet:-1","max-image-preview":"max-image-preview:large","max-video-preview":"max-video-preview:-1"},"canonical":"https:\/\/lospoliticosveracruz.com\/?p=126542","og_locale":"es_ES","og_type":"article","og_title":"GUERRA DE TRITONES! - Los pol\u00edticos Veracruz","og_description":"Boca del R\u00edoEl Comit\u00e9 organizador de la segunda Copa Nacional de Nataci\u00f3n Valvidub 2024 informa que contin\u00faan a buen ritmo las inscripciones de nadadoras y nadadores internacionales y nacionales al certamen que se realizar\u00e1 en el Centro Acu\u00e1tico Leyes de Reforma del 12 al 14 de julio.\u201cAl momento superamos los 300 participantes inscritos, quienes se [&hellip;]","og_url":"https:\/\/lospoliticosveracruz.com\/?p=126542","og_site_name":"Los pol\u00edticos Veracruz","article_publisher":"https:\/\/www.facebook.com\/people\/Notimemes-de-los-Polticos\/61565672886568\/","article_published_time":"2024-06-25T16:32:32+00:00","article_modified_time":"2024-06-25T16:32:47+00:00","og_image":[{"width":200,"height":200,"url":"https:\/\/lospoliticosveracruz.com\/wp-content\/uploads\/2016\/07\/Logo-Dor.jpg","type":"image\/jpeg"}],"author":"Lo viste en Los Pol\u00edticos","twitter_card":"summary_large_image","twitter_creator":"@LosPoliticosVer","twitter_site":"@LosPoliticosVer","twitter_misc":{"Escrito por":"Lo viste en Los Pol\u00edticos","Tiempo de lectura":"2 minutos"},"schema":{"@context":"https:\/\/schema.org","@graph":[{"@type":"Article","@id":"https:\/\/lospoliticosveracruz.com\/?p=126542#article","isPartOf":{"@id":"https:\/\/lospoliticosveracruz.com\/?p=126542"},"author":{"name":"Lo viste en Los Pol\u00edticos","@id":"https:\/\/lospoliticosveracruz.com\/#\/schema\/person\/b8702bb0e538456e6efd07080bf2a4a2"},"headline":"GUERRA DE TRITONES!","datePublished":"2024-06-25T16:32:32+00:00","dateModified":"2024-06-25T16:32:47+00:00","mainEntityOfPage":{"@id":"https:\/\/lospoliticosveracruz.com\/?p=126542"},"wordCount":320,"publisher":{"@id":"https:\/\/lospoliticosveracruz.com\/#organization"},"keywords":["Copa Nacional de Nataci\u00f3n Valvidub 2024"],"articleSection":["Juega!"],"inLanguage":"es"},{"@type":"WebPage","@id":"https:\/\/lospoliticosveracruz.com\/?p=126542","url":"https:\/\/lospoliticosveracruz.com\/?p=126542","name":"GUERRA DE TRITONES! - Los pol\u00edticos Veracruz","isPartOf":{"@id":"https:\/\/lospoliticosveracruz.com\/#website"},"datePublished":"2024-06-25T16:32:32+00:00","dateModified":"2024-06-25T16:32:47+00:00","breadcrumb":{"@id":"https:\/\/lospoliticosveracruz.com\/?p=126542#breadcrumb"},"inLanguage":"es","potentialAction":[{"@type":"ReadAction","target":["https:\/\/lospoliticosveracruz.com\/?p=126542"]}]},{"@type":"BreadcrumbList","@id":"https:\/\/lospoliticosveracruz.com\/?p=126542#breadcrumb","itemListElement":[{"@type":"ListItem","position":1,"name":"Portada","item":"https:\/\/lospoliticosveracruz.com\/"},{"@type":"ListItem","position":2,"name":"GUERRA DE TRITONES!"}]},{"@type":"WebSite","@id":"https:\/\/lospoliticosveracruz.com\/#website","url":"https:\/\/lospoliticosveracruz.com\/","name":"Los pol\u00edticos Veracruz","description":"","publisher":{"@id":"https:\/\/lospoliticosveracruz.com\/#organization"},"potentialAction":[{"@type":"SearchAction","target":{"@type":"EntryPoint","urlTemplate":"https:\/\/lospoliticosveracruz.com\/?s={search_term_string}"},"query-input":{"@type":"PropertyValueSpecification","valueRequired":true,"valueName":"search_term_string"}}],"inLanguage":"es"},{"@type":"Organization","@id":"https:\/\/lospoliticosveracruz.com\/#organization","name":"Los pol\u00edticos Veracruz","url":"https:\/\/lospoliticosveracruz.com\/","logo":{"@type":"ImageObject","inLanguage":"es","@id":"https:\/\/lospoliticosveracruz.com\/#\/schema\/logo\/image\/","url":"https:\/\/lospoliticosveracruz.com\/wp-content\/uploads\/2025\/12\/Logo-Nuevo-LOS-POLITICOS-1.jpg","contentUrl":"https:\/\/lospoliticosveracruz.com\/wp-content\/uploads\/2025\/12\/Logo-Nuevo-LOS-POLITICOS-1.jpg","width":260,"height":70,"caption":"Los pol\u00edticos Veracruz"},"image":{"@id":"https:\/\/lospoliticosveracruz.com\/#\/schema\/logo\/image\/"},"sameAs":["https:\/\/www.facebook.com\/people\/Notimemes-de-los-Polticos\/61565672886568\/","https:\/\/x.com\/LosPoliticosVer"]},{"@type":"Person","@id":"https:\/\/lospoliticosveracruz.com\/#\/schema\/person\/b8702bb0e538456e6efd07080bf2a4a2","name":"Lo viste en Los Pol\u00edticos","image":{"@type":"ImageObject","inLanguage":"es","@id":"https:\/\/secure.gravatar.com\/avatar\/3a8de04a2656d44082be478bd6c086daa447c4651605818287b9532d3d0bd435?s=96&d=mm&r=g","url":"https:\/\/secure.gravatar.com\/avatar\/3a8de04a2656d44082be478bd6c086daa447c4651605818287b9532d3d0bd435?s=96&d=mm&r=g","contentUrl":"https:\/\/secure.gravatar.com\/avatar\/3a8de04a2656d44082be478bd6c086daa447c4651605818287b9532d3d0bd435?s=96&d=mm&r=g","caption":"Lo viste en Los Pol\u00edticos"},"url":"https:\/\/lospoliticosveracruz.com\/?author=2"}]}},"_links":{"self":[{"href":"https:\/\/lospoliticosveracruz.com\/index.php?rest_route=\/wp\/v2\/posts\/126542","targetHints":{"allow":["GET"]}}],"collection":[{"href":"https:\/\/lospoliticosveracruz.com\/index.php?rest_route=\/wp\/v2\/posts"}],"about":[{"href":"https:\/\/lospoliticosveracruz.com\/index.php?rest_route=\/wp\/v2\/types\/post"}],"author":[{"embeddable":true,"href":"https:\/\/lospoliticosveracruz.com\/index.php?rest_route=\/wp\/v2\/users\/2"}],"replies":[{"embeddable":true,"href":"https:\/\/lospoliticosveracruz.com\/index.php?rest_route=%2Fwp%2Fv2%2Fcomments&post=126542"}],"version-history":[{"count":1,"href":"https:\/\/lospoliticosveracruz.com\/index.php?rest_route=\/wp\/v2\/posts\/126542\/revisions"}],"predecessor-version":[{"id":126544,"href":"https:\/\/lospoliticosveracruz.com\/index.php?rest_route=\/wp\/v2\/posts\/126542\/revisions\/126544"}],"wp:attachment":[{"href":"https:\/\/lospoliticosveracruz.com\/index.php?rest_route=%2Fwp%2Fv2%2Fmedia&parent=126542"}],"wp:term":[{"taxonomy":"category","embeddable":true,"href":"https:\/\/lospoliticosveracruz.com\/index.php?rest_route=%2Fwp%2Fv2%2Fcategories&post=126542"},{"taxonomy":"post_tag","embeddable":true,"href":"https:\/\/lospoliticosveracruz.com\/index.php?rest_route=%2Fwp%2Fv2%2Ftags&post=126542"}],"curies":[{"name":"wp","href":"https:\/\/api.w.org\/{rel}","templated":true}]}}