{"id":126574,"date":"2024-06-26T08:07:23","date_gmt":"2024-06-26T13:07:23","guid":{"rendered":"https:\/\/lospoliticosveracruz.com.mx\/?p=126574"},"modified":"2024-06-26T08:56:15","modified_gmt":"2024-06-26T13:56:15","slug":"totalco-la-verdadera-historia","status":"publish","type":"post","link":"https:\/\/lospoliticosveracruz.com\/?p=126574","title":{"rendered":"TOTALCO, LA VERDADERA HISTORIA"},"content":{"rendered":"\n<p><strong>Ricardo Chua<\/strong><\/p>\n\n\n\n<p><em>Sale y Vale<\/em><\/p>\n\n\n\n<p>Mucho se ha escrito sobre los hechos violentos, sangrientos y conflictos de ingobernabilidad que se viven en Perote.. En la ahora famosa comunidad de Totalco.. Donde dos civiles murieron en manos de la polic\u00eda estatal de Veracruz.. Todo por protestar por la falta de agua y la contaminaci\u00f3n generada a sus habitantes por la c\u00e9lebre empresa \u00abGranjas Carroll\u00bb.. Una de las m\u00e1s protegidas en este sexenio de la 4T.. Se ha dicho tanto, pero qui\u00e9n DIO LA ORDEN de desalojar a los manifestantes.. ES LA GRAN DUDA\u2026<\/p>\n\n\n\n<figure class=\"wp-block-image size-large\"><a href=\"https:\/\/lospoliticosveracruz.com.mx\/wp-content\/uploads\/2016\/07\/Seguro-Julio-Cerecedo-2.jpg\"><img decoding=\"async\" src=\"https:\/\/lospoliticosveracruz.com.mx\/wp-content\/uploads\/2016\/07\/Seguro-Julio-Cerecedo-2-1024x381.jpg\" alt=\"\" class=\"wp-image-105879\"\/><\/a><\/figure>\n\n\n\n<p>Cuentan que la VERDADERA HISTORIA comenz\u00f3 cuando el secretario de Gobierno, el tabasque\u00f1o, Carlos Ju\u00e1rez Gil (Qui\u00e9n no ha dado la cara en Totalco para arreglar ese problema) le exigi\u00f3 al secretario de Seguridad P\u00fablica, Cuauht\u00e9moc Z\u00fa\u00f1iga Bonilla, mandar\u00e1 a desalojar a los habitantes de esa comunidad que hab\u00edan tomado la carretera Perote-Puebla, el pasado jueves y que adem\u00e1s protestaban no s\u00f3lo por el tema del agua sino por la contaminaci\u00f3n de \u00abGranjas Carroll\u00bb.. Se dice que el titular de la SSP SE NEG\u00d3 y ah\u00ed vino el problema..<\/p>\n\n\n\n<p>Ya que el Z\u00fa\u00f1iga Bonilla ten\u00eda informes que ya estaban ah\u00ed elementos de la Guardia Nacional dialogando con los habitantes para convencerlos de quitar el bloqueo a la carretera.. Y que la presencia de polic\u00edas estatales s\u00f3lo iba a enardecer los \u00e1nimos porque los reclamos eran para el gobierno del Estado.. Y todav\u00eda el Capit\u00e1n de la Marina le replic\u00f3 Ju\u00e1rez Gil porque no agotaban el di\u00e1logo para evitar un enfrentamiento en vano.. Y le volvi\u00f3 a decir que \u00e9l no dar\u00eda la orden.. Cosa que molest\u00f3 al secretario tabasque\u00f1o y no se qued\u00f3 con la \u00abmuina\u00bb\u2026<\/p>\n\n\n\n<p>Se fue de manera inmediata a buscar al gobernador, Cuitl\u00e1huac Garc\u00eda, para contarle toda su versi\u00f3n y el por qu\u00e9 ten\u00edan que ocupar la fuerza p\u00fablica para desalojar a los habitantes de Totalco y acus\u00f3 a Cuauht\u00e9moc Z\u00fa\u00f1iga de que no le hizo caso.. En pocas palabras, le fue a chillar a su jefe.. Cuitl\u00e1huac escuch\u00f3 atentamente a su amigo de muchos a\u00f1os, Carlos Ju\u00e1rez, y sin medir consecuencias a futuro le dio la raz\u00f3n a su amigo.. El cual goza de su total confianza.. Llam\u00f3 al Capit\u00e1n de Nav\u00edo y le ORDEN\u00d3 el operativo.. EL DA\u00d1O YA ESTABA HECHO..<\/p>\n\n\n\n<p>A rega\u00f1adientes el titular de la SSP tuvo que ACATAR la orden del gobernador y ocurri\u00f3 el desalojo de Totalco.. Lo que pas\u00f3 despu\u00e9s es una historia que ya se ha escrito mucho de ello a nivel local, nacional e internacional.. Pas\u00f3 lo que se tem\u00eda.. Se \u00abcaldearon\u00bb los \u00e1nimos.. Se enfrentaron la poblaci\u00f3n de esa comunidad con elementos de la Fuerza Civil.. Mancillaron a miembros de la Guardia Nacional por parte de polic\u00edas estatales.. Y el resultado fue un desalojo violento con dos muertos en ese evento y una persona de la tercera edad golpeada..<\/p>\n\n\n\n<p>Hubo una balacera en el pueblo de Totalco, tal como se ve en v\u00eddeos presentados en noticiarios, todo fue caos en la comunidad.. Todos contra todos.. Polic\u00edas contra pobladores.. El cord\u00f3n de mando parec\u00eda roto.. Y cuando los elementos de SSP vieron que hab\u00edan asesinado a dos pobladores, dicen los habitantes que tuvieron que esconder los cuerpos de los fallecidos para evitar que los polic\u00edas se los llevaran y as\u00ed se\u00f1alar que estas personas estaban desaparecidos.. No asesinadas.. Pero la comunidad los escondi\u00f3 y ah\u00ed vino el esc\u00e1ndalo mayor..<\/p>\n\n\n\n<p>Despu\u00e9s vino lo que todo mundo sabe.. Protestas y m\u00e1s protestas de pobladores de Totalco.. M\u00e1s tomas de la carretera Perote-Puebla.. M\u00e1s se\u00f1alamientos en contra de \u00abGranjas Carroll\u00bb y un asunto que se volvi\u00f3 medi\u00e1tico en todo el pa\u00eds.. Y con el gobernador que no ha dado la cara en Perote.. Un secretario de Gobierno desaparecido despu\u00e9s de lo que hizo.. Un diputado local, Paul Mart\u00ednez Marie, al que acusan de proteger a \u00abGranjas Carroll\u00bb ausente y un polic\u00eda detenido que presuntamente asesin\u00f3 a los dos pobladores en defensa propia..<\/p>\n\n\n\n<p>Adem\u00e1s de eso han pasado 6 d\u00edas de estos hechos y NO SE HA RESUELTO NADA.. El alcalde de Perote de filiaci\u00f3n priista, Delfino Ortega, que ha estado con los habitantes de Totalco pero no les puede resolver esas peticiones porque son funciones del gobierno estatal.. Lo han dejado solo.. \u00abGarganta Profunda\u00bb dice que Cuitl\u00e1huac Garc\u00eda ha ordenado a sus secretarios, no dar entrevistas, ni hablar del tema Totalco.. Para que al paso de los d\u00edas se diluya y todos olviden de ese tema.. Al parecer el gobernador SE EQUIVOC\u00d3.. AMEN..<\/p>\n\n\n\n<p>REFLEXI\u00d3N.. El caso Totalco provoc\u00f3 que la continuidad de Cuitl\u00e1huac Garc\u00eda como funcionario p\u00fablico en el futuro gabinete de Claudia Shienbaum en la Presidencia.. EST\u00c9 EN DUDA.. Se habla que el cargo que ten\u00eda destinado en CDMX est\u00e1 en veremos.. No le gust\u00f3 a la Presidenta electa que M\u00e9xico sea de nuevo nota internacional por el tema de derechos humanos.. As\u00ed que lo que no logr\u00f3 el PRI, PAN y PRD, el pasado 2 de junio, lo puede lograr el tema Totalco.. Que Cuitl\u00e1huac sea excluido del primer c\u00edrculo de poder de la 4T a nivel nacional..<\/p>\n\n\n\n<p>En Veracruz, este asunto, provoc\u00f3 una CRISIS DE INGOBERNABILIDAD dentro del gabinete de Cuitl\u00e1huac a 4 meses de dejar el poder.. Los \u00abgolpes\u00bb debajo de la mesa est\u00e1n con todo.. Las acusaciones tambi\u00e9n.. Se dice que el titular de la SSP fue ya REQUERIDO por la Fiscal\u00eda General de la Rep\u00fablica (FGR) para investigar el caso.. Motivo por el cual, Cuauht\u00e9moc Z\u00fa\u00f1iga est\u00e1 MUY MOLEST\u00d3 porque le quieren \u00abcargar\u00bb toda la responsabilidad a \u00e9l, cuando el que empez\u00f3 el asunto fue Carlos Ju\u00e1rez..<\/p>\n\n\n\n<p>As\u00ed que los funcionarios estatales est\u00e1n \u00abagarrando\u00bb bandos porque unos no quieren SER EXHIBIDOS con el tema \u00abGranjas Carroll\u00bb, otros no quieren ser investigados y Cuitl\u00e1huac les ordena INMOVILIDAD porque eso le conviene a \u00e9l.. No a los dem\u00e1s y nadie quiere ser el \u00abChivo Expiatorio\u00bb del caso Totalco, que tiene molestos a tres personajes: Andr\u00e9s Manuel L\u00f3pez Obrador, Claudia Shienbaum y Roc\u00edo Nahle.. Y OJO porque la historia continuar\u00e1.. TODO EST\u00c1 EN MANOS DE LA FGR.. DIOS SI PERDONA, PERO YA VIMOS QUE CLAUDIA NO..<\/p>\n","protected":false},"excerpt":{"rendered":"<p>Ricardo Chua Sale y Vale Mucho se ha escrito sobre los hechos violentos, sangrientos y conflictos de ingobernabilidad que se viven en Perote.. En la ahora famosa comunidad de Totalco.. Donde dos civiles murieron en manos de la polic\u00eda estatal de Veracruz.. Todo por protestar por la falta de agua y la contaminaci\u00f3n generada a [&hellip;]<\/p>\n","protected":false},"author":2,"featured_media":119817,"comment_status":"closed","ping_status":"closed","sticky":false,"template":"","format":"standard","meta":{"tdm_status":"","tdm_grid_status":"","footnotes":""},"categories":[70],"tags":[16345,1563,1026,8384,195],"class_list":{"0":"post-126574","1":"post","2":"type-post","3":"status-publish","4":"format-standard","5":"has-post-thumbnail","7":"category-de-opinion","8":"tag-carlos-juarez-gil","9":"tag-cuitlahuac-garcia-jimenez","10":"tag-morena","11":"tag-totalco","12":"tag-veracruz"},"yoast_head":"<!-- This site is optimized with the Yoast SEO plugin v27.4 - https:\/\/yoast.com\/product\/yoast-seo-wordpress\/ -->\n<title>TOTALCO, LA VERDADERA HISTORIA - Los pol\u00edticos Veracruz<\/title>\n<meta name=\"robots\" content=\"index, follow, max-snippet:-1, max-image-preview:large, max-video-preview:-1\" \/>\n<link rel=\"canonical\" href=\"https:\/\/lospoliticosveracruz.com\/?p=126574\" \/>\n<meta property=\"og:locale\" content=\"es_ES\" \/>\n<meta property=\"og:type\" content=\"article\" \/>\n<meta property=\"og:title\" content=\"TOTALCO, LA VERDADERA HISTORIA - Los pol\u00edticos Veracruz\" \/>\n<meta property=\"og:description\" content=\"Ricardo Chua Sale y Vale Mucho se ha escrito sobre los hechos violentos, sangrientos y conflictos de ingobernabilidad que se viven en Perote.. En la ahora famosa comunidad de Totalco.. Donde dos civiles murieron en manos de la polic\u00eda estatal de Veracruz.. Todo por protestar por la falta de agua y la contaminaci\u00f3n generada a [&hellip;]\" \/>\n<meta property=\"og:url\" content=\"https:\/\/lospoliticosveracruz.com\/?p=126574\" \/>\n<meta property=\"og:site_name\" content=\"Los pol\u00edticos Veracruz\" \/>\n<meta property=\"article:publisher\" content=\"https:\/\/www.facebook.com\/people\/Notimemes-de-los-Polticos\/61565672886568\/\" \/>\n<meta property=\"article:published_time\" content=\"2024-06-26T13:07:23+00:00\" \/>\n<meta property=\"article:modified_time\" content=\"2024-06-26T13:56:15+00:00\" \/>\n<meta property=\"og:image\" content=\"https:\/\/lospoliticosveracruz.com\/wp-content\/uploads\/2024\/03\/Ricardo-Chua.jpg\" \/>\n\t<meta property=\"og:image:width\" content=\"1250\" \/>\n\t<meta property=\"og:image:height\" content=\"667\" \/>\n\t<meta property=\"og:image:type\" content=\"image\/jpeg\" \/>\n<meta name=\"author\" content=\"Lo viste en Los Pol\u00edticos\" \/>\n<meta name=\"twitter:card\" content=\"summary_large_image\" \/>\n<meta name=\"twitter:creator\" content=\"@LosPoliticosVer\" \/>\n<meta name=\"twitter:site\" content=\"@LosPoliticosVer\" \/>\n<meta name=\"twitter:label1\" content=\"Escrito por\" \/>\n\t<meta name=\"twitter:data1\" content=\"Lo viste en Los Pol\u00edticos\" \/>\n\t<meta name=\"twitter:label2\" content=\"Tiempo de lectura\" \/>\n\t<meta name=\"twitter:data2\" content=\"5 minutos\" \/>\n<script type=\"application\/ld+json\" class=\"yoast-schema-graph\">{\"@context\":\"https:\\\/\\\/schema.org\",\"@graph\":[{\"@type\":\"Article\",\"@id\":\"https:\\\/\\\/lospoliticosveracruz.com\\\/?p=126574#article\",\"isPartOf\":{\"@id\":\"https:\\\/\\\/lospoliticosveracruz.com\\\/?p=126574\"},\"author\":{\"name\":\"Lo viste en Los Pol\u00edticos\",\"@id\":\"https:\\\/\\\/lospoliticosveracruz.com\\\/#\\\/schema\\\/person\\\/b8702bb0e538456e6efd07080bf2a4a2\"},\"headline\":\"TOTALCO, LA VERDADERA HISTORIA\",\"datePublished\":\"2024-06-26T13:07:23+00:00\",\"dateModified\":\"2024-06-26T13:56:15+00:00\",\"mainEntityOfPage\":{\"@id\":\"https:\\\/\\\/lospoliticosveracruz.com\\\/?p=126574\"},\"wordCount\":1101,\"publisher\":{\"@id\":\"https:\\\/\\\/lospoliticosveracruz.com\\\/#organization\"},\"image\":{\"@id\":\"https:\\\/\\\/lospoliticosveracruz.com\\\/?p=126574#primaryimage\"},\"thumbnailUrl\":\"https:\\\/\\\/lospoliticosveracruz.com\\\/wp-content\\\/uploads\\\/2024\\\/03\\\/Ricardo-Chua.jpg\",\"keywords\":[\"Carlos Ju\u00e1rez Gil\",\"Cuitl\u00e1huac Garc\u00eda Jim\u00e9nez\",\"Morena\",\"Totalco\",\"Veracruz\"],\"articleSection\":[\"De Opini\u00f3n\"],\"inLanguage\":\"es\"},{\"@type\":\"WebPage\",\"@id\":\"https:\\\/\\\/lospoliticosveracruz.com\\\/?p=126574\",\"url\":\"https:\\\/\\\/lospoliticosveracruz.com\\\/?p=126574\",\"name\":\"TOTALCO, LA VERDADERA HISTORIA - Los pol\u00edticos Veracruz\",\"isPartOf\":{\"@id\":\"https:\\\/\\\/lospoliticosveracruz.com\\\/#website\"},\"primaryImageOfPage\":{\"@id\":\"https:\\\/\\\/lospoliticosveracruz.com\\\/?p=126574#primaryimage\"},\"image\":{\"@id\":\"https:\\\/\\\/lospoliticosveracruz.com\\\/?p=126574#primaryimage\"},\"thumbnailUrl\":\"https:\\\/\\\/lospoliticosveracruz.com\\\/wp-content\\\/uploads\\\/2024\\\/03\\\/Ricardo-Chua.jpg\",\"datePublished\":\"2024-06-26T13:07:23+00:00\",\"dateModified\":\"2024-06-26T13:56:15+00:00\",\"breadcrumb\":{\"@id\":\"https:\\\/\\\/lospoliticosveracruz.com\\\/?p=126574#breadcrumb\"},\"inLanguage\":\"es\",\"potentialAction\":[{\"@type\":\"ReadAction\",\"target\":[\"https:\\\/\\\/lospoliticosveracruz.com\\\/?p=126574\"]}]},{\"@type\":\"ImageObject\",\"inLanguage\":\"es\",\"@id\":\"https:\\\/\\\/lospoliticosveracruz.com\\\/?p=126574#primaryimage\",\"url\":\"https:\\\/\\\/lospoliticosveracruz.com\\\/wp-content\\\/uploads\\\/2024\\\/03\\\/Ricardo-Chua.jpg\",\"contentUrl\":\"https:\\\/\\\/lospoliticosveracruz.com\\\/wp-content\\\/uploads\\\/2024\\\/03\\\/Ricardo-Chua.jpg\",\"width\":1250,\"height\":667},{\"@type\":\"BreadcrumbList\",\"@id\":\"https:\\\/\\\/lospoliticosveracruz.com\\\/?p=126574#breadcrumb\",\"itemListElement\":[{\"@type\":\"ListItem\",\"position\":1,\"name\":\"Portada\",\"item\":\"https:\\\/\\\/lospoliticosveracruz.com\\\/\"},{\"@type\":\"ListItem\",\"position\":2,\"name\":\"TOTALCO, LA VERDADERA HISTORIA\"}]},{\"@type\":\"WebSite\",\"@id\":\"https:\\\/\\\/lospoliticosveracruz.com\\\/#website\",\"url\":\"https:\\\/\\\/lospoliticosveracruz.com\\\/\",\"name\":\"Los pol\u00edticos Veracruz\",\"description\":\"\",\"publisher\":{\"@id\":\"https:\\\/\\\/lospoliticosveracruz.com\\\/#organization\"},\"potentialAction\":[{\"@type\":\"SearchAction\",\"target\":{\"@type\":\"EntryPoint\",\"urlTemplate\":\"https:\\\/\\\/lospoliticosveracruz.com\\\/?s={search_term_string}\"},\"query-input\":{\"@type\":\"PropertyValueSpecification\",\"valueRequired\":true,\"valueName\":\"search_term_string\"}}],\"inLanguage\":\"es\"},{\"@type\":\"Organization\",\"@id\":\"https:\\\/\\\/lospoliticosveracruz.com\\\/#organization\",\"name\":\"Los pol\u00edticos Veracruz\",\"url\":\"https:\\\/\\\/lospoliticosveracruz.com\\\/\",\"logo\":{\"@type\":\"ImageObject\",\"inLanguage\":\"es\",\"@id\":\"https:\\\/\\\/lospoliticosveracruz.com\\\/#\\\/schema\\\/logo\\\/image\\\/\",\"url\":\"https:\\\/\\\/lospoliticosveracruz.com\\\/wp-content\\\/uploads\\\/2025\\\/12\\\/Logo-Nuevo-LOS-POLITICOS-1.jpg\",\"contentUrl\":\"https:\\\/\\\/lospoliticosveracruz.com\\\/wp-content\\\/uploads\\\/2025\\\/12\\\/Logo-Nuevo-LOS-POLITICOS-1.jpg\",\"width\":260,\"height\":70,\"caption\":\"Los pol\u00edticos Veracruz\"},\"image\":{\"@id\":\"https:\\\/\\\/lospoliticosveracruz.com\\\/#\\\/schema\\\/logo\\\/image\\\/\"},\"sameAs\":[\"https:\\\/\\\/www.facebook.com\\\/people\\\/Notimemes-de-los-Polticos\\\/61565672886568\\\/\",\"https:\\\/\\\/x.com\\\/LosPoliticosVer\"]},{\"@type\":\"Person\",\"@id\":\"https:\\\/\\\/lospoliticosveracruz.com\\\/#\\\/schema\\\/person\\\/b8702bb0e538456e6efd07080bf2a4a2\",\"name\":\"Lo viste en Los Pol\u00edticos\",\"image\":{\"@type\":\"ImageObject\",\"inLanguage\":\"es\",\"@id\":\"https:\\\/\\\/secure.gravatar.com\\\/avatar\\\/3a8de04a2656d44082be478bd6c086daa447c4651605818287b9532d3d0bd435?s=96&d=mm&r=g\",\"url\":\"https:\\\/\\\/secure.gravatar.com\\\/avatar\\\/3a8de04a2656d44082be478bd6c086daa447c4651605818287b9532d3d0bd435?s=96&d=mm&r=g\",\"contentUrl\":\"https:\\\/\\\/secure.gravatar.com\\\/avatar\\\/3a8de04a2656d44082be478bd6c086daa447c4651605818287b9532d3d0bd435?s=96&d=mm&r=g\",\"caption\":\"Lo viste en Los Pol\u00edticos\"},\"url\":\"https:\\\/\\\/lospoliticosveracruz.com\\\/?author=2\"}]}<\/script>\n<!-- \/ Yoast SEO plugin. -->","yoast_head_json":{"title":"TOTALCO, LA VERDADERA HISTORIA - Los pol\u00edticos Veracruz","robots":{"index":"index","follow":"follow","max-snippet":"max-snippet:-1","max-image-preview":"max-image-preview:large","max-video-preview":"max-video-preview:-1"},"canonical":"https:\/\/lospoliticosveracruz.com\/?p=126574","og_locale":"es_ES","og_type":"article","og_title":"TOTALCO, LA VERDADERA HISTORIA - Los pol\u00edticos Veracruz","og_description":"Ricardo Chua Sale y Vale Mucho se ha escrito sobre los hechos violentos, sangrientos y conflictos de ingobernabilidad que se viven en Perote.. En la ahora famosa comunidad de Totalco.. Donde dos civiles murieron en manos de la polic\u00eda estatal de Veracruz.. Todo por protestar por la falta de agua y la contaminaci\u00f3n generada a [&hellip;]","og_url":"https:\/\/lospoliticosveracruz.com\/?p=126574","og_site_name":"Los pol\u00edticos Veracruz","article_publisher":"https:\/\/www.facebook.com\/people\/Notimemes-de-los-Polticos\/61565672886568\/","article_published_time":"2024-06-26T13:07:23+00:00","article_modified_time":"2024-06-26T13:56:15+00:00","og_image":[{"width":1250,"height":667,"url":"https:\/\/lospoliticosveracruz.com\/wp-content\/uploads\/2024\/03\/Ricardo-Chua.jpg","type":"image\/jpeg"}],"author":"Lo viste en Los Pol\u00edticos","twitter_card":"summary_large_image","twitter_creator":"@LosPoliticosVer","twitter_site":"@LosPoliticosVer","twitter_misc":{"Escrito por":"Lo viste en Los Pol\u00edticos","Tiempo de lectura":"5 minutos"},"schema":{"@context":"https:\/\/schema.org","@graph":[{"@type":"Article","@id":"https:\/\/lospoliticosveracruz.com\/?p=126574#article","isPartOf":{"@id":"https:\/\/lospoliticosveracruz.com\/?p=126574"},"author":{"name":"Lo viste en Los Pol\u00edticos","@id":"https:\/\/lospoliticosveracruz.com\/#\/schema\/person\/b8702bb0e538456e6efd07080bf2a4a2"},"headline":"TOTALCO, LA VERDADERA HISTORIA","datePublished":"2024-06-26T13:07:23+00:00","dateModified":"2024-06-26T13:56:15+00:00","mainEntityOfPage":{"@id":"https:\/\/lospoliticosveracruz.com\/?p=126574"},"wordCount":1101,"publisher":{"@id":"https:\/\/lospoliticosveracruz.com\/#organization"},"image":{"@id":"https:\/\/lospoliticosveracruz.com\/?p=126574#primaryimage"},"thumbnailUrl":"https:\/\/lospoliticosveracruz.com\/wp-content\/uploads\/2024\/03\/Ricardo-Chua.jpg","keywords":["Carlos Ju\u00e1rez Gil","Cuitl\u00e1huac Garc\u00eda Jim\u00e9nez","Morena","Totalco","Veracruz"],"articleSection":["De Opini\u00f3n"],"inLanguage":"es"},{"@type":"WebPage","@id":"https:\/\/lospoliticosveracruz.com\/?p=126574","url":"https:\/\/lospoliticosveracruz.com\/?p=126574","name":"TOTALCO, LA VERDADERA HISTORIA - Los pol\u00edticos Veracruz","isPartOf":{"@id":"https:\/\/lospoliticosveracruz.com\/#website"},"primaryImageOfPage":{"@id":"https:\/\/lospoliticosveracruz.com\/?p=126574#primaryimage"},"image":{"@id":"https:\/\/lospoliticosveracruz.com\/?p=126574#primaryimage"},"thumbnailUrl":"https:\/\/lospoliticosveracruz.com\/wp-content\/uploads\/2024\/03\/Ricardo-Chua.jpg","datePublished":"2024-06-26T13:07:23+00:00","dateModified":"2024-06-26T13:56:15+00:00","breadcrumb":{"@id":"https:\/\/lospoliticosveracruz.com\/?p=126574#breadcrumb"},"inLanguage":"es","potentialAction":[{"@type":"ReadAction","target":["https:\/\/lospoliticosveracruz.com\/?p=126574"]}]},{"@type":"ImageObject","inLanguage":"es","@id":"https:\/\/lospoliticosveracruz.com\/?p=126574#primaryimage","url":"https:\/\/lospoliticosveracruz.com\/wp-content\/uploads\/2024\/03\/Ricardo-Chua.jpg","contentUrl":"https:\/\/lospoliticosveracruz.com\/wp-content\/uploads\/2024\/03\/Ricardo-Chua.jpg","width":1250,"height":667},{"@type":"BreadcrumbList","@id":"https:\/\/lospoliticosveracruz.com\/?p=126574#breadcrumb","itemListElement":[{"@type":"ListItem","position":1,"name":"Portada","item":"https:\/\/lospoliticosveracruz.com\/"},{"@type":"ListItem","position":2,"name":"TOTALCO, LA VERDADERA HISTORIA"}]},{"@type":"WebSite","@id":"https:\/\/lospoliticosveracruz.com\/#website","url":"https:\/\/lospoliticosveracruz.com\/","name":"Los pol\u00edticos Veracruz","description":"","publisher":{"@id":"https:\/\/lospoliticosveracruz.com\/#organization"},"potentialAction":[{"@type":"SearchAction","target":{"@type":"EntryPoint","urlTemplate":"https:\/\/lospoliticosveracruz.com\/?s={search_term_string}"},"query-input":{"@type":"PropertyValueSpecification","valueRequired":true,"valueName":"search_term_string"}}],"inLanguage":"es"},{"@type":"Organization","@id":"https:\/\/lospoliticosveracruz.com\/#organization","name":"Los pol\u00edticos Veracruz","url":"https:\/\/lospoliticosveracruz.com\/","logo":{"@type":"ImageObject","inLanguage":"es","@id":"https:\/\/lospoliticosveracruz.com\/#\/schema\/logo\/image\/","url":"https:\/\/lospoliticosveracruz.com\/wp-content\/uploads\/2025\/12\/Logo-Nuevo-LOS-POLITICOS-1.jpg","contentUrl":"https:\/\/lospoliticosveracruz.com\/wp-content\/uploads\/2025\/12\/Logo-Nuevo-LOS-POLITICOS-1.jpg","width":260,"height":70,"caption":"Los pol\u00edticos Veracruz"},"image":{"@id":"https:\/\/lospoliticosveracruz.com\/#\/schema\/logo\/image\/"},"sameAs":["https:\/\/www.facebook.com\/people\/Notimemes-de-los-Polticos\/61565672886568\/","https:\/\/x.com\/LosPoliticosVer"]},{"@type":"Person","@id":"https:\/\/lospoliticosveracruz.com\/#\/schema\/person\/b8702bb0e538456e6efd07080bf2a4a2","name":"Lo viste en Los Pol\u00edticos","image":{"@type":"ImageObject","inLanguage":"es","@id":"https:\/\/secure.gravatar.com\/avatar\/3a8de04a2656d44082be478bd6c086daa447c4651605818287b9532d3d0bd435?s=96&d=mm&r=g","url":"https:\/\/secure.gravatar.com\/avatar\/3a8de04a2656d44082be478bd6c086daa447c4651605818287b9532d3d0bd435?s=96&d=mm&r=g","contentUrl":"https:\/\/secure.gravatar.com\/avatar\/3a8de04a2656d44082be478bd6c086daa447c4651605818287b9532d3d0bd435?s=96&d=mm&r=g","caption":"Lo viste en Los Pol\u00edticos"},"url":"https:\/\/lospoliticosveracruz.com\/?author=2"}]}},"_links":{"self":[{"href":"https:\/\/lospoliticosveracruz.com\/index.php?rest_route=\/wp\/v2\/posts\/126574","targetHints":{"allow":["GET"]}}],"collection":[{"href":"https:\/\/lospoliticosveracruz.com\/index.php?rest_route=\/wp\/v2\/posts"}],"about":[{"href":"https:\/\/lospoliticosveracruz.com\/index.php?rest_route=\/wp\/v2\/types\/post"}],"author":[{"embeddable":true,"href":"https:\/\/lospoliticosveracruz.com\/index.php?rest_route=\/wp\/v2\/users\/2"}],"replies":[{"embeddable":true,"href":"https:\/\/lospoliticosveracruz.com\/index.php?rest_route=%2Fwp%2Fv2%2Fcomments&post=126574"}],"version-history":[{"count":2,"href":"https:\/\/lospoliticosveracruz.com\/index.php?rest_route=\/wp\/v2\/posts\/126574\/revisions"}],"predecessor-version":[{"id":126583,"href":"https:\/\/lospoliticosveracruz.com\/index.php?rest_route=\/wp\/v2\/posts\/126574\/revisions\/126583"}],"wp:featuredmedia":[{"embeddable":true,"href":"https:\/\/lospoliticosveracruz.com\/index.php?rest_route=\/wp\/v2\/media\/119817"}],"wp:attachment":[{"href":"https:\/\/lospoliticosveracruz.com\/index.php?rest_route=%2Fwp%2Fv2%2Fmedia&parent=126574"}],"wp:term":[{"taxonomy":"category","embeddable":true,"href":"https:\/\/lospoliticosveracruz.com\/index.php?rest_route=%2Fwp%2Fv2%2Fcategories&post=126574"},{"taxonomy":"post_tag","embeddable":true,"href":"https:\/\/lospoliticosveracruz.com\/index.php?rest_route=%2Fwp%2Fv2%2Ftags&post=126574"}],"curies":[{"name":"wp","href":"https:\/\/api.w.org\/{rel}","templated":true}]}}