{"id":126595,"date":"2024-06-26T13:08:27","date_gmt":"2024-06-26T18:08:27","guid":{"rendered":"https:\/\/lospoliticosveracruz.com.mx\/?p=126595"},"modified":"2024-06-26T13:09:08","modified_gmt":"2024-06-26T18:09:08","slug":"con-dinero-bailan-jueces-y-magistrados","status":"publish","type":"post","link":"https:\/\/lospoliticosveracruz.com\/?p=126595","title":{"rendered":"\u00bfCON DINERO BAILAN JUECES Y MAGISTRADOS?\u00a0\u00a0 \u00a0"},"content":{"rendered":"\n<p><strong>Fanny Y\u00e9pez<\/strong><\/p>\n\n\n\n<p><em>La Columna<\/em><\/p>\n\n\n\n<p>Seg\u00fan el INEGI los jueces y magistrados del pa\u00eds se ubican entre las cinco instituciones p\u00fablicas que generan menor confianza entre los ciudadanos, s\u00f3lo por arriba de los cuerpos policiacos, los partidos pol\u00edticos, los ministerios p\u00fablicos y el Poder Legislativo.<\/p>\n\n\n<div class=\"wp-block-image\">\n<figure class=\"alignleft size-thumbnail\"><a href=\"https:\/\/lospoliticosveracruz.com.mx\/wp-content\/uploads\/2024\/05\/IMG_0341-e1716950925234.jpeg\"><img loading=\"lazy\" decoding=\"async\" width=\"150\" height=\"150\" src=\"https:\/\/lospoliticosveracruz.com.mx\/wp-content\/uploads\/2024\/05\/IMG_0341-150x150.jpeg\" alt=\"\" class=\"wp-image-125332\"\/><\/a><\/figure>\n<\/div>\n\n\n<p>Lo anterior a pocos meses de que pueda ser aprobada una nueva reforma judicial, las cifras del Instituto Nacional de Estad\u00edstica y Geograf\u00eda (INEGI) muestran que s\u00f3lo 39 de cada 100 mexicanos considera que el desempe\u00f1o de los jueces y ministros es bueno al momento de emitir sus sentencias en casos particulares o p\u00fablicos.<\/p>\n\n\n\n<p>En contraparte, la mayor\u00eda de los ciudadanos cree que las cortes estatales y federales son lugares donde se frecuentan diversos actos de corrupci\u00f3n, pues el 66.7 por ciento de los encuestados considera que las mordidas y actos preferenciales son el pan nuestro de cada d\u00eda dentro del Poder Judicial.<\/p>\n\n\n\n<p>En la actualidad cuando la mayor\u00eda de la poblaci\u00f3n se est\u00e1 amarrando el cintur\u00f3n y ha hecho a un lado las compras suntuosas, los impartidores de la justicia sobretodo federal derrochan recursos provenientes del erario p\u00fablico.&nbsp; &nbsp;<\/p>\n\n\n\n<p>Para que usted se acabe de enojar, resulta que&nbsp;&nbsp;no s\u00f3lo son los sueldos de los ministros&nbsp;&nbsp;es lo que ha causado revuelo e indignaci\u00f3n en parte de la poblaci\u00f3n, tambi\u00e9n el nepotismo que impera en el Poder Judicial (PJ), familias completas trabajan en esta instituci\u00f3n, evidenciando&nbsp;&nbsp;el&nbsp;&nbsp;tr\u00e1fico de influencias, los gastos que se cargan al erario, y hasta el estilo de vida lleno de lujos de algunos de sus integrantes.<\/p>\n\n\n\n<p>Adem\u00e1s,&nbsp;&nbsp;cuentan con prerrogativas como seguro m\u00e9dico particular, camionetas blindadas,&nbsp;&nbsp;autom\u00f3viles nuevos,&nbsp;&nbsp;guardaespaldas, viajes en helic\u00f3pteros o aviones privados, comidas y vinos caros.&nbsp;&nbsp; &nbsp;<\/p>\n\n\n\n<p>Cuando los jefes de familia sufren para mandar a impermeabilizar sus casas en este temporada de lluvias, les platico el mantenimiento de lujosas mansiones de jueces y magistrados es un gasto m\u00e1s que se carga al erario. En tres a\u00f1os, el Consejo de la Judicatura Federal (CJF) ha retirado 49 millones de pesos de un fideicomiso para este fin, revela informaci\u00f3n disponible en transparencia, pese a los elevados salarios que reciben los juzgadores.<\/p>\n\n\n\n<p>Por supuesto que la corrupci\u00f3n genera impunidad y son problemas que afectan la correcta administraci\u00f3n e impartici\u00f3n de justicia. \u00c9ste es uno de los motivos por lo que el Estado de Derecho se encuentra en una profunda crisis en M\u00e9xico.<\/p>\n\n\n\n<p>Entre la poblaci\u00f3n es com\u00fan escuchar el refr\u00e1n popular&nbsp;&nbsp;\u201ccon dinero baila el perro,\u201d \u201c\u00bfel que no transa no avanza?\u201d Esas frases que han permeado todas las esferas de la sociedad mexicana y que se han convertido en nuestra forma y sistema de vida. El objetivo de \u00e9ste art\u00edculo es informar acerca del problema que representa la impunidad y la corrupci\u00f3n para la procuraci\u00f3n e impartici\u00f3n de justicia en M\u00e9xico, as\u00ed como tambi\u00e9n, instarlos o exhortar al p\u00fablico a que se involucre en dichos temas, y convencerlos de que es un trabajo en el que todos debemos participar.<\/p>\n\n\n\n<p>La Ley y la justicia se inclinan hacia quien da m\u00e1s, lamentablemente, por&nbsp;&nbsp;ello urge que se establezcan candados que eviten actos de corrupci\u00f3n.<\/p>\n","protected":false},"excerpt":{"rendered":"<p>Fanny Y\u00e9pez La Columna Seg\u00fan el INEGI los jueces y magistrados del pa\u00eds se ubican entre las cinco instituciones p\u00fablicas que generan menor confianza entre los ciudadanos, s\u00f3lo por arriba de los cuerpos policiacos, los partidos pol\u00edticos, los ministerios p\u00fablicos y el Poder Legislativo. Lo anterior a pocos meses de que pueda ser aprobada una [&hellip;]<\/p>\n","protected":false},"author":2,"featured_media":126076,"comment_status":"closed","ping_status":"closed","sticky":false,"template":"","format":"standard","meta":{"tdm_status":"","tdm_grid_status":"","footnotes":""},"categories":[70],"tags":[3398],"class_list":{"0":"post-126595","1":"post","2":"type-post","3":"status-publish","4":"format-standard","5":"has-post-thumbnail","7":"category-de-opinion","8":"tag-fanny-yepez"},"yoast_head":"<!-- This site is optimized with the Yoast SEO plugin v27.4 - https:\/\/yoast.com\/product\/yoast-seo-wordpress\/ -->\n<title>\u00bfCON DINERO BAILAN JUECES Y MAGISTRADOS?\u00a0\u00a0 \u00a0 - Los pol\u00edticos Veracruz<\/title>\n<meta name=\"robots\" content=\"index, follow, max-snippet:-1, max-image-preview:large, max-video-preview:-1\" \/>\n<link rel=\"canonical\" href=\"https:\/\/lospoliticosveracruz.com\/?p=126595\" \/>\n<meta property=\"og:locale\" content=\"es_ES\" \/>\n<meta property=\"og:type\" content=\"article\" \/>\n<meta property=\"og:title\" content=\"\u00bfCON DINERO BAILAN JUECES Y MAGISTRADOS?\u00a0\u00a0 \u00a0 - Los pol\u00edticos Veracruz\" \/>\n<meta property=\"og:description\" content=\"Fanny Y\u00e9pez La Columna Seg\u00fan el INEGI los jueces y magistrados del pa\u00eds se ubican entre las cinco instituciones p\u00fablicas que generan menor confianza entre los ciudadanos, s\u00f3lo por arriba de los cuerpos policiacos, los partidos pol\u00edticos, los ministerios p\u00fablicos y el Poder Legislativo. Lo anterior a pocos meses de que pueda ser aprobada una [&hellip;]\" \/>\n<meta property=\"og:url\" content=\"https:\/\/lospoliticosveracruz.com\/?p=126595\" \/>\n<meta property=\"og:site_name\" content=\"Los pol\u00edticos Veracruz\" \/>\n<meta property=\"article:publisher\" content=\"https:\/\/www.facebook.com\/people\/Notimemes-de-los-Polticos\/61565672886568\/\" \/>\n<meta property=\"article:published_time\" content=\"2024-06-26T18:08:27+00:00\" \/>\n<meta property=\"article:modified_time\" content=\"2024-06-26T18:09:08+00:00\" \/>\n<meta property=\"og:image\" content=\"https:\/\/lospoliticosveracruz.com\/wp-content\/uploads\/2024\/06\/Fanny-Yepez.jpg\" \/>\n\t<meta property=\"og:image:width\" content=\"1250\" \/>\n\t<meta property=\"og:image:height\" content=\"667\" \/>\n\t<meta property=\"og:image:type\" content=\"image\/jpeg\" \/>\n<meta name=\"author\" content=\"Lo viste en Los Pol\u00edticos\" \/>\n<meta name=\"twitter:card\" content=\"summary_large_image\" \/>\n<meta name=\"twitter:creator\" content=\"@LosPoliticosVer\" \/>\n<meta name=\"twitter:site\" content=\"@LosPoliticosVer\" \/>\n<meta name=\"twitter:label1\" content=\"Escrito por\" \/>\n\t<meta name=\"twitter:data1\" content=\"Lo viste en Los Pol\u00edticos\" \/>\n\t<meta name=\"twitter:label2\" content=\"Tiempo de lectura\" \/>\n\t<meta name=\"twitter:data2\" content=\"3 minutos\" \/>\n<script type=\"application\/ld+json\" class=\"yoast-schema-graph\">{\"@context\":\"https:\\\/\\\/schema.org\",\"@graph\":[{\"@type\":\"Article\",\"@id\":\"https:\\\/\\\/lospoliticosveracruz.com\\\/?p=126595#article\",\"isPartOf\":{\"@id\":\"https:\\\/\\\/lospoliticosveracruz.com\\\/?p=126595\"},\"author\":{\"name\":\"Lo viste en Los Pol\u00edticos\",\"@id\":\"https:\\\/\\\/lospoliticosveracruz.com\\\/#\\\/schema\\\/person\\\/b8702bb0e538456e6efd07080bf2a4a2\"},\"headline\":\"\u00bfCON DINERO BAILAN JUECES Y MAGISTRADOS?\u00a0\u00a0 \u00a0\",\"datePublished\":\"2024-06-26T18:08:27+00:00\",\"dateModified\":\"2024-06-26T18:09:08+00:00\",\"mainEntityOfPage\":{\"@id\":\"https:\\\/\\\/lospoliticosveracruz.com\\\/?p=126595\"},\"wordCount\":586,\"publisher\":{\"@id\":\"https:\\\/\\\/lospoliticosveracruz.com\\\/#organization\"},\"image\":{\"@id\":\"https:\\\/\\\/lospoliticosveracruz.com\\\/?p=126595#primaryimage\"},\"thumbnailUrl\":\"https:\\\/\\\/lospoliticosveracruz.com\\\/wp-content\\\/uploads\\\/2024\\\/06\\\/Fanny-Yepez.jpg\",\"keywords\":[\"Fanny Y\u00e9pez\"],\"articleSection\":[\"De Opini\u00f3n\"],\"inLanguage\":\"es\"},{\"@type\":\"WebPage\",\"@id\":\"https:\\\/\\\/lospoliticosveracruz.com\\\/?p=126595\",\"url\":\"https:\\\/\\\/lospoliticosveracruz.com\\\/?p=126595\",\"name\":\"\u00bfCON DINERO BAILAN JUECES Y MAGISTRADOS?\u00a0\u00a0 \u00a0 - Los pol\u00edticos Veracruz\",\"isPartOf\":{\"@id\":\"https:\\\/\\\/lospoliticosveracruz.com\\\/#website\"},\"primaryImageOfPage\":{\"@id\":\"https:\\\/\\\/lospoliticosveracruz.com\\\/?p=126595#primaryimage\"},\"image\":{\"@id\":\"https:\\\/\\\/lospoliticosveracruz.com\\\/?p=126595#primaryimage\"},\"thumbnailUrl\":\"https:\\\/\\\/lospoliticosveracruz.com\\\/wp-content\\\/uploads\\\/2024\\\/06\\\/Fanny-Yepez.jpg\",\"datePublished\":\"2024-06-26T18:08:27+00:00\",\"dateModified\":\"2024-06-26T18:09:08+00:00\",\"breadcrumb\":{\"@id\":\"https:\\\/\\\/lospoliticosveracruz.com\\\/?p=126595#breadcrumb\"},\"inLanguage\":\"es\",\"potentialAction\":[{\"@type\":\"ReadAction\",\"target\":[\"https:\\\/\\\/lospoliticosveracruz.com\\\/?p=126595\"]}]},{\"@type\":\"ImageObject\",\"inLanguage\":\"es\",\"@id\":\"https:\\\/\\\/lospoliticosveracruz.com\\\/?p=126595#primaryimage\",\"url\":\"https:\\\/\\\/lospoliticosveracruz.com\\\/wp-content\\\/uploads\\\/2024\\\/06\\\/Fanny-Yepez.jpg\",\"contentUrl\":\"https:\\\/\\\/lospoliticosveracruz.com\\\/wp-content\\\/uploads\\\/2024\\\/06\\\/Fanny-Yepez.jpg\",\"width\":1250,\"height\":667},{\"@type\":\"BreadcrumbList\",\"@id\":\"https:\\\/\\\/lospoliticosveracruz.com\\\/?p=126595#breadcrumb\",\"itemListElement\":[{\"@type\":\"ListItem\",\"position\":1,\"name\":\"Portada\",\"item\":\"https:\\\/\\\/lospoliticosveracruz.com\\\/\"},{\"@type\":\"ListItem\",\"position\":2,\"name\":\"\u00bfCON DINERO BAILAN JUECES Y MAGISTRADOS?\u00a0\u00a0 \u00a0\"}]},{\"@type\":\"WebSite\",\"@id\":\"https:\\\/\\\/lospoliticosveracruz.com\\\/#website\",\"url\":\"https:\\\/\\\/lospoliticosveracruz.com\\\/\",\"name\":\"Los pol\u00edticos Veracruz\",\"description\":\"\",\"publisher\":{\"@id\":\"https:\\\/\\\/lospoliticosveracruz.com\\\/#organization\"},\"potentialAction\":[{\"@type\":\"SearchAction\",\"target\":{\"@type\":\"EntryPoint\",\"urlTemplate\":\"https:\\\/\\\/lospoliticosveracruz.com\\\/?s={search_term_string}\"},\"query-input\":{\"@type\":\"PropertyValueSpecification\",\"valueRequired\":true,\"valueName\":\"search_term_string\"}}],\"inLanguage\":\"es\"},{\"@type\":\"Organization\",\"@id\":\"https:\\\/\\\/lospoliticosveracruz.com\\\/#organization\",\"name\":\"Los pol\u00edticos Veracruz\",\"url\":\"https:\\\/\\\/lospoliticosveracruz.com\\\/\",\"logo\":{\"@type\":\"ImageObject\",\"inLanguage\":\"es\",\"@id\":\"https:\\\/\\\/lospoliticosveracruz.com\\\/#\\\/schema\\\/logo\\\/image\\\/\",\"url\":\"https:\\\/\\\/lospoliticosveracruz.com\\\/wp-content\\\/uploads\\\/2025\\\/12\\\/Logo-Nuevo-LOS-POLITICOS-1.jpg\",\"contentUrl\":\"https:\\\/\\\/lospoliticosveracruz.com\\\/wp-content\\\/uploads\\\/2025\\\/12\\\/Logo-Nuevo-LOS-POLITICOS-1.jpg\",\"width\":260,\"height\":70,\"caption\":\"Los pol\u00edticos Veracruz\"},\"image\":{\"@id\":\"https:\\\/\\\/lospoliticosveracruz.com\\\/#\\\/schema\\\/logo\\\/image\\\/\"},\"sameAs\":[\"https:\\\/\\\/www.facebook.com\\\/people\\\/Notimemes-de-los-Polticos\\\/61565672886568\\\/\",\"https:\\\/\\\/x.com\\\/LosPoliticosVer\"]},{\"@type\":\"Person\",\"@id\":\"https:\\\/\\\/lospoliticosveracruz.com\\\/#\\\/schema\\\/person\\\/b8702bb0e538456e6efd07080bf2a4a2\",\"name\":\"Lo viste en Los Pol\u00edticos\",\"image\":{\"@type\":\"ImageObject\",\"inLanguage\":\"es\",\"@id\":\"https:\\\/\\\/secure.gravatar.com\\\/avatar\\\/3a8de04a2656d44082be478bd6c086daa447c4651605818287b9532d3d0bd435?s=96&d=mm&r=g\",\"url\":\"https:\\\/\\\/secure.gravatar.com\\\/avatar\\\/3a8de04a2656d44082be478bd6c086daa447c4651605818287b9532d3d0bd435?s=96&d=mm&r=g\",\"contentUrl\":\"https:\\\/\\\/secure.gravatar.com\\\/avatar\\\/3a8de04a2656d44082be478bd6c086daa447c4651605818287b9532d3d0bd435?s=96&d=mm&r=g\",\"caption\":\"Lo viste en Los Pol\u00edticos\"},\"url\":\"https:\\\/\\\/lospoliticosveracruz.com\\\/?author=2\"}]}<\/script>\n<!-- \/ Yoast SEO plugin. -->","yoast_head_json":{"title":"\u00bfCON DINERO BAILAN JUECES Y MAGISTRADOS?\u00a0\u00a0 \u00a0 - Los pol\u00edticos Veracruz","robots":{"index":"index","follow":"follow","max-snippet":"max-snippet:-1","max-image-preview":"max-image-preview:large","max-video-preview":"max-video-preview:-1"},"canonical":"https:\/\/lospoliticosveracruz.com\/?p=126595","og_locale":"es_ES","og_type":"article","og_title":"\u00bfCON DINERO BAILAN JUECES Y MAGISTRADOS?\u00a0\u00a0 \u00a0 - Los pol\u00edticos Veracruz","og_description":"Fanny Y\u00e9pez La Columna Seg\u00fan el INEGI los jueces y magistrados del pa\u00eds se ubican entre las cinco instituciones p\u00fablicas que generan menor confianza entre los ciudadanos, s\u00f3lo por arriba de los cuerpos policiacos, los partidos pol\u00edticos, los ministerios p\u00fablicos y el Poder Legislativo. Lo anterior a pocos meses de que pueda ser aprobada una [&hellip;]","og_url":"https:\/\/lospoliticosveracruz.com\/?p=126595","og_site_name":"Los pol\u00edticos Veracruz","article_publisher":"https:\/\/www.facebook.com\/people\/Notimemes-de-los-Polticos\/61565672886568\/","article_published_time":"2024-06-26T18:08:27+00:00","article_modified_time":"2024-06-26T18:09:08+00:00","og_image":[{"width":1250,"height":667,"url":"https:\/\/lospoliticosveracruz.com\/wp-content\/uploads\/2024\/06\/Fanny-Yepez.jpg","type":"image\/jpeg"}],"author":"Lo viste en Los Pol\u00edticos","twitter_card":"summary_large_image","twitter_creator":"@LosPoliticosVer","twitter_site":"@LosPoliticosVer","twitter_misc":{"Escrito por":"Lo viste en Los Pol\u00edticos","Tiempo de lectura":"3 minutos"},"schema":{"@context":"https:\/\/schema.org","@graph":[{"@type":"Article","@id":"https:\/\/lospoliticosveracruz.com\/?p=126595#article","isPartOf":{"@id":"https:\/\/lospoliticosveracruz.com\/?p=126595"},"author":{"name":"Lo viste en Los Pol\u00edticos","@id":"https:\/\/lospoliticosveracruz.com\/#\/schema\/person\/b8702bb0e538456e6efd07080bf2a4a2"},"headline":"\u00bfCON DINERO BAILAN JUECES Y MAGISTRADOS?\u00a0\u00a0 \u00a0","datePublished":"2024-06-26T18:08:27+00:00","dateModified":"2024-06-26T18:09:08+00:00","mainEntityOfPage":{"@id":"https:\/\/lospoliticosveracruz.com\/?p=126595"},"wordCount":586,"publisher":{"@id":"https:\/\/lospoliticosveracruz.com\/#organization"},"image":{"@id":"https:\/\/lospoliticosveracruz.com\/?p=126595#primaryimage"},"thumbnailUrl":"https:\/\/lospoliticosveracruz.com\/wp-content\/uploads\/2024\/06\/Fanny-Yepez.jpg","keywords":["Fanny Y\u00e9pez"],"articleSection":["De Opini\u00f3n"],"inLanguage":"es"},{"@type":"WebPage","@id":"https:\/\/lospoliticosveracruz.com\/?p=126595","url":"https:\/\/lospoliticosveracruz.com\/?p=126595","name":"\u00bfCON DINERO BAILAN JUECES Y MAGISTRADOS?\u00a0\u00a0 \u00a0 - Los pol\u00edticos Veracruz","isPartOf":{"@id":"https:\/\/lospoliticosveracruz.com\/#website"},"primaryImageOfPage":{"@id":"https:\/\/lospoliticosveracruz.com\/?p=126595#primaryimage"},"image":{"@id":"https:\/\/lospoliticosveracruz.com\/?p=126595#primaryimage"},"thumbnailUrl":"https:\/\/lospoliticosveracruz.com\/wp-content\/uploads\/2024\/06\/Fanny-Yepez.jpg","datePublished":"2024-06-26T18:08:27+00:00","dateModified":"2024-06-26T18:09:08+00:00","breadcrumb":{"@id":"https:\/\/lospoliticosveracruz.com\/?p=126595#breadcrumb"},"inLanguage":"es","potentialAction":[{"@type":"ReadAction","target":["https:\/\/lospoliticosveracruz.com\/?p=126595"]}]},{"@type":"ImageObject","inLanguage":"es","@id":"https:\/\/lospoliticosveracruz.com\/?p=126595#primaryimage","url":"https:\/\/lospoliticosveracruz.com\/wp-content\/uploads\/2024\/06\/Fanny-Yepez.jpg","contentUrl":"https:\/\/lospoliticosveracruz.com\/wp-content\/uploads\/2024\/06\/Fanny-Yepez.jpg","width":1250,"height":667},{"@type":"BreadcrumbList","@id":"https:\/\/lospoliticosveracruz.com\/?p=126595#breadcrumb","itemListElement":[{"@type":"ListItem","position":1,"name":"Portada","item":"https:\/\/lospoliticosveracruz.com\/"},{"@type":"ListItem","position":2,"name":"\u00bfCON DINERO BAILAN JUECES Y MAGISTRADOS?\u00a0\u00a0 \u00a0"}]},{"@type":"WebSite","@id":"https:\/\/lospoliticosveracruz.com\/#website","url":"https:\/\/lospoliticosveracruz.com\/","name":"Los pol\u00edticos Veracruz","description":"","publisher":{"@id":"https:\/\/lospoliticosveracruz.com\/#organization"},"potentialAction":[{"@type":"SearchAction","target":{"@type":"EntryPoint","urlTemplate":"https:\/\/lospoliticosveracruz.com\/?s={search_term_string}"},"query-input":{"@type":"PropertyValueSpecification","valueRequired":true,"valueName":"search_term_string"}}],"inLanguage":"es"},{"@type":"Organization","@id":"https:\/\/lospoliticosveracruz.com\/#organization","name":"Los pol\u00edticos Veracruz","url":"https:\/\/lospoliticosveracruz.com\/","logo":{"@type":"ImageObject","inLanguage":"es","@id":"https:\/\/lospoliticosveracruz.com\/#\/schema\/logo\/image\/","url":"https:\/\/lospoliticosveracruz.com\/wp-content\/uploads\/2025\/12\/Logo-Nuevo-LOS-POLITICOS-1.jpg","contentUrl":"https:\/\/lospoliticosveracruz.com\/wp-content\/uploads\/2025\/12\/Logo-Nuevo-LOS-POLITICOS-1.jpg","width":260,"height":70,"caption":"Los pol\u00edticos Veracruz"},"image":{"@id":"https:\/\/lospoliticosveracruz.com\/#\/schema\/logo\/image\/"},"sameAs":["https:\/\/www.facebook.com\/people\/Notimemes-de-los-Polticos\/61565672886568\/","https:\/\/x.com\/LosPoliticosVer"]},{"@type":"Person","@id":"https:\/\/lospoliticosveracruz.com\/#\/schema\/person\/b8702bb0e538456e6efd07080bf2a4a2","name":"Lo viste en Los Pol\u00edticos","image":{"@type":"ImageObject","inLanguage":"es","@id":"https:\/\/secure.gravatar.com\/avatar\/3a8de04a2656d44082be478bd6c086daa447c4651605818287b9532d3d0bd435?s=96&d=mm&r=g","url":"https:\/\/secure.gravatar.com\/avatar\/3a8de04a2656d44082be478bd6c086daa447c4651605818287b9532d3d0bd435?s=96&d=mm&r=g","contentUrl":"https:\/\/secure.gravatar.com\/avatar\/3a8de04a2656d44082be478bd6c086daa447c4651605818287b9532d3d0bd435?s=96&d=mm&r=g","caption":"Lo viste en Los Pol\u00edticos"},"url":"https:\/\/lospoliticosveracruz.com\/?author=2"}]}},"_links":{"self":[{"href":"https:\/\/lospoliticosveracruz.com\/index.php?rest_route=\/wp\/v2\/posts\/126595","targetHints":{"allow":["GET"]}}],"collection":[{"href":"https:\/\/lospoliticosveracruz.com\/index.php?rest_route=\/wp\/v2\/posts"}],"about":[{"href":"https:\/\/lospoliticosveracruz.com\/index.php?rest_route=\/wp\/v2\/types\/post"}],"author":[{"embeddable":true,"href":"https:\/\/lospoliticosveracruz.com\/index.php?rest_route=\/wp\/v2\/users\/2"}],"replies":[{"embeddable":true,"href":"https:\/\/lospoliticosveracruz.com\/index.php?rest_route=%2Fwp%2Fv2%2Fcomments&post=126595"}],"version-history":[{"count":1,"href":"https:\/\/lospoliticosveracruz.com\/index.php?rest_route=\/wp\/v2\/posts\/126595\/revisions"}],"predecessor-version":[{"id":126596,"href":"https:\/\/lospoliticosveracruz.com\/index.php?rest_route=\/wp\/v2\/posts\/126595\/revisions\/126596"}],"wp:featuredmedia":[{"embeddable":true,"href":"https:\/\/lospoliticosveracruz.com\/index.php?rest_route=\/wp\/v2\/media\/126076"}],"wp:attachment":[{"href":"https:\/\/lospoliticosveracruz.com\/index.php?rest_route=%2Fwp%2Fv2%2Fmedia&parent=126595"}],"wp:term":[{"taxonomy":"category","embeddable":true,"href":"https:\/\/lospoliticosveracruz.com\/index.php?rest_route=%2Fwp%2Fv2%2Fcategories&post=126595"},{"taxonomy":"post_tag","embeddable":true,"href":"https:\/\/lospoliticosveracruz.com\/index.php?rest_route=%2Fwp%2Fv2%2Ftags&post=126595"}],"curies":[{"name":"wp","href":"https:\/\/api.w.org\/{rel}","templated":true}]}}