{"id":126597,"date":"2024-06-26T13:20:36","date_gmt":"2024-06-26T18:20:36","guid":{"rendered":"https:\/\/lospoliticosveracruz.com.mx\/?p=126597"},"modified":"2024-06-26T13:21:03","modified_gmt":"2024-06-26T18:21:03","slug":"hay-un-lugar-llamado-totalcoy-esta-en-perote","status":"publish","type":"post","link":"https:\/\/lospoliticosveracruz.com\/?p=126597","title":{"rendered":"HAY UN LUGAR LLAMADO TOTALCO\u2026Y EST\u00c1 EN PEROTE"},"content":{"rendered":"\n<p><strong>Vicente Luna Hern\u00e1ndez&nbsp;<\/strong><\/p>\n\n\n\n<p>Cerca de Xalapa, la Ciudad de las Flores, la capital del Estado, asentamiento de los 3 poderes del Veracruz hubo una tragedia, hubo unos sucesos criminales que deber\u00edan de avergonzar a quienes gobiernan uno de los Estados m\u00e1s importantes del pa\u00eds, debe de avergonzar a quienes enarbolan las m\u00e1ximas de Morena: no mentir, no robar y \u00bfno traicionar al pueblo? Entonces \u00bfa qui\u00e9n se traiciono el pasado 20 de junio?<\/p>\n\n\n\n<figure class=\"wp-block-image size-large\"><a href=\"https:\/\/lospoliticosveracruz.com.mx\/wp-content\/uploads\/2016\/07\/Seguro-Julio-Cerecedo-2.jpg\"><img decoding=\"async\" src=\"https:\/\/lospoliticosveracruz.com.mx\/wp-content\/uploads\/2016\/07\/Seguro-Julio-Cerecedo-2-1024x381.jpg\" alt=\"\" class=\"wp-image-105879\"\/><\/a><\/figure>\n\n\n\n<p>En el Gobierno de la Transformaci\u00f3n en Veracruz parece que no pas\u00f3 nada, no hubo 2 muertos, no hay ni\u00f1os hu\u00e9rfanos de padres, no hay viudas, no hay familiares de luto, no pas\u00f3 nada, no hay responsables, no hay detenidos, \u00bf acaso esta es la transformaci\u00f3n tantas veces exaltada? \u00bfAcaso esa pol\u00edtica de represi\u00f3n y excesos en el ejercicio del poder es lo que ofrece el gobernador a la presidenta electa? \u00bfEn serio estamos ante el mejor gobernador en la historia de Veracruz como tantas veces lo ha pregonado el presidente? \u00bfEn serio son diferentes a los gobiernos anteriores?<\/p>\n\n\n\n<p>La comunidad San Antonio Lim\u00f3n, m\u00e1s conocido como Totalco est\u00e1 de luto y parece que a la 4T no le importa, voltea hacia otro lado y trata de ocultar lo inocultable, la ineficiencia, ineptitud, falta de sensibilidad social de los responsables de mantener la gobernabilidad en el Estado, Fuerza Civil no s\u00e9 manda sola, hay un mando \u00fanico y debe responder, es cierto que la cuerda se rompe por lo m\u00e1s delgado pero hoy no estamos en los tiempos de los gobiernos anteriores \u2013 palabras de jefes supremos de morena \u2013 hoy las cosas son diferentes, hoy la voz del pueblo bueno y sabio es tomada en cuenta, \u00bf acaso no era pueblo el que se estaba manifestando en contra de una empresa particular en Totalco?<\/p>\n\n\n\n<p>El Gobernador debe una explicaci\u00f3n detallada de los acontecimientos y los de los responsables directos \u2013 seguro son m\u00e1s de uno \u2013 deben de pagar sus actos violentos sin protecci\u00f3n oficial alguna, todo Morena se debe pronunciar al respecto, no hacerlo los hace c\u00f3mplices pasivos de una barbarie y una mancha que ni con toda el agua de los oc\u00e9anos se podr\u00e1n limpiar, \u00bfd\u00f3nde hemos escuchado tan po\u00e9tica frase?<\/p>\n\n\n\n<p>Totalco clama justicia, Totalco ni ninguna comunidad del Estado merece una represi\u00f3n de esta naturaleza, el di\u00e1logo hasta sus \u00faltimas consecuencia es el mejor argumento para resolver los conflictos sociales, es cierto, la ley se tiene que aplicar pero existen las autoridades competentes que deben actuar de manera legal ante acontecimientos de esta naturaleza pero no tomar \u201cjusticia\u201d ni \u201cponer orden\u201d de manera criminal y violando los Derechos Humanos de las y los ciudadanos, \u00bfacaso se estaban manifestando por puro gusto de protestar? \u00bfPor qu\u00e9 no se atendieron los motivos de ra\u00edz de esa manifestaci\u00f3n? no es ni debe ser la Fuerza Civil la cara sucia del gobierno de Cuitl\u00e1huac Garc\u00eda Jim\u00e9nez, alguien dio la orden y alguien debe responder\u2026 \u00bfTotalco llora mientras otros piensan en el siguiente cargo?<\/p>\n\n\n\n<p>P.D.- Con el \u00e1nimo que la Secretaria de Gobierno cumpla \u2013 sin pretextos alguno \u2013 su funci\u00f3n principal de mantener la gobernabilidad y paz social en Veracruz\u2026Escribir\u00e9 otro dia.<\/p>\n","protected":false},"excerpt":{"rendered":"<p>Vicente Luna Hern\u00e1ndez&nbsp; Cerca de Xalapa, la Ciudad de las Flores, la capital del Estado, asentamiento de los 3 poderes del Veracruz hubo una tragedia, hubo unos sucesos criminales que deber\u00edan de avergonzar a quienes gobiernan uno de los Estados m\u00e1s importantes del pa\u00eds, debe de avergonzar a quienes enarbolan las m\u00e1ximas de Morena: no [&hellip;]<\/p>\n","protected":false},"author":2,"featured_media":120017,"comment_status":"closed","ping_status":"closed","sticky":false,"template":"","format":"standard","meta":{"tdm_status":"","tdm_grid_status":"","footnotes":""},"categories":[70],"tags":[148,8384,15667],"class_list":{"0":"post-126597","1":"post","2":"type-post","3":"status-publish","4":"format-standard","5":"has-post-thumbnail","7":"category-de-opinion","8":"tag-perote","9":"tag-totalco","10":"tag-vicente-luna-hernandez"},"yoast_head":"<!-- This site is optimized with the Yoast SEO plugin v27.4 - https:\/\/yoast.com\/product\/yoast-seo-wordpress\/ -->\n<title>HAY UN LUGAR LLAMADO TOTALCO\u2026Y EST\u00c1 EN PEROTE - Los pol\u00edticos Veracruz<\/title>\n<meta name=\"robots\" content=\"index, follow, max-snippet:-1, max-image-preview:large, max-video-preview:-1\" \/>\n<link rel=\"canonical\" href=\"https:\/\/lospoliticosveracruz.com\/?p=126597\" \/>\n<meta property=\"og:locale\" content=\"es_ES\" \/>\n<meta property=\"og:type\" content=\"article\" \/>\n<meta property=\"og:title\" content=\"HAY UN LUGAR LLAMADO TOTALCO\u2026Y EST\u00c1 EN PEROTE - Los pol\u00edticos Veracruz\" \/>\n<meta property=\"og:description\" content=\"Vicente Luna Hern\u00e1ndez&nbsp; Cerca de Xalapa, la Ciudad de las Flores, la capital del Estado, asentamiento de los 3 poderes del Veracruz hubo una tragedia, hubo unos sucesos criminales que deber\u00edan de avergonzar a quienes gobiernan uno de los Estados m\u00e1s importantes del pa\u00eds, debe de avergonzar a quienes enarbolan las m\u00e1ximas de Morena: no [&hellip;]\" \/>\n<meta property=\"og:url\" content=\"https:\/\/lospoliticosveracruz.com\/?p=126597\" \/>\n<meta property=\"og:site_name\" content=\"Los pol\u00edticos Veracruz\" \/>\n<meta property=\"article:publisher\" content=\"https:\/\/www.facebook.com\/people\/Notimemes-de-los-Polticos\/61565672886568\/\" \/>\n<meta property=\"article:published_time\" content=\"2024-06-26T18:20:36+00:00\" \/>\n<meta property=\"article:modified_time\" content=\"2024-06-26T18:21:03+00:00\" \/>\n<meta property=\"og:image\" content=\"https:\/\/lospoliticosveracruz.com\/wp-content\/uploads\/2024\/03\/Vicente-Luna.jpg\" \/>\n\t<meta property=\"og:image:width\" content=\"1250\" \/>\n\t<meta property=\"og:image:height\" content=\"667\" \/>\n\t<meta property=\"og:image:type\" content=\"image\/jpeg\" \/>\n<meta name=\"author\" content=\"Lo viste en Los Pol\u00edticos\" \/>\n<meta name=\"twitter:card\" content=\"summary_large_image\" \/>\n<meta name=\"twitter:creator\" content=\"@LosPoliticosVer\" \/>\n<meta name=\"twitter:site\" content=\"@LosPoliticosVer\" \/>\n<meta name=\"twitter:label1\" content=\"Escrito por\" \/>\n\t<meta name=\"twitter:data1\" content=\"Lo viste en Los Pol\u00edticos\" \/>\n\t<meta name=\"twitter:label2\" content=\"Tiempo de lectura\" \/>\n\t<meta name=\"twitter:data2\" content=\"3 minutos\" \/>\n<script type=\"application\/ld+json\" class=\"yoast-schema-graph\">{\"@context\":\"https:\\\/\\\/schema.org\",\"@graph\":[{\"@type\":\"Article\",\"@id\":\"https:\\\/\\\/lospoliticosveracruz.com\\\/?p=126597#article\",\"isPartOf\":{\"@id\":\"https:\\\/\\\/lospoliticosveracruz.com\\\/?p=126597\"},\"author\":{\"name\":\"Lo viste en Los Pol\u00edticos\",\"@id\":\"https:\\\/\\\/lospoliticosveracruz.com\\\/#\\\/schema\\\/person\\\/b8702bb0e538456e6efd07080bf2a4a2\"},\"headline\":\"HAY UN LUGAR LLAMADO TOTALCO\u2026Y EST\u00c1 EN PEROTE\",\"datePublished\":\"2024-06-26T18:20:36+00:00\",\"dateModified\":\"2024-06-26T18:21:03+00:00\",\"mainEntityOfPage\":{\"@id\":\"https:\\\/\\\/lospoliticosveracruz.com\\\/?p=126597\"},\"wordCount\":558,\"publisher\":{\"@id\":\"https:\\\/\\\/lospoliticosveracruz.com\\\/#organization\"},\"image\":{\"@id\":\"https:\\\/\\\/lospoliticosveracruz.com\\\/?p=126597#primaryimage\"},\"thumbnailUrl\":\"https:\\\/\\\/lospoliticosveracruz.com\\\/wp-content\\\/uploads\\\/2024\\\/03\\\/Vicente-Luna.jpg\",\"keywords\":[\"Perote\",\"Totalco\",\"Vicente Luna Hern\u00e1ndez\"],\"articleSection\":[\"De Opini\u00f3n\"],\"inLanguage\":\"es\"},{\"@type\":\"WebPage\",\"@id\":\"https:\\\/\\\/lospoliticosveracruz.com\\\/?p=126597\",\"url\":\"https:\\\/\\\/lospoliticosveracruz.com\\\/?p=126597\",\"name\":\"HAY UN LUGAR LLAMADO TOTALCO\u2026Y EST\u00c1 EN PEROTE - Los pol\u00edticos Veracruz\",\"isPartOf\":{\"@id\":\"https:\\\/\\\/lospoliticosveracruz.com\\\/#website\"},\"primaryImageOfPage\":{\"@id\":\"https:\\\/\\\/lospoliticosveracruz.com\\\/?p=126597#primaryimage\"},\"image\":{\"@id\":\"https:\\\/\\\/lospoliticosveracruz.com\\\/?p=126597#primaryimage\"},\"thumbnailUrl\":\"https:\\\/\\\/lospoliticosveracruz.com\\\/wp-content\\\/uploads\\\/2024\\\/03\\\/Vicente-Luna.jpg\",\"datePublished\":\"2024-06-26T18:20:36+00:00\",\"dateModified\":\"2024-06-26T18:21:03+00:00\",\"breadcrumb\":{\"@id\":\"https:\\\/\\\/lospoliticosveracruz.com\\\/?p=126597#breadcrumb\"},\"inLanguage\":\"es\",\"potentialAction\":[{\"@type\":\"ReadAction\",\"target\":[\"https:\\\/\\\/lospoliticosveracruz.com\\\/?p=126597\"]}]},{\"@type\":\"ImageObject\",\"inLanguage\":\"es\",\"@id\":\"https:\\\/\\\/lospoliticosveracruz.com\\\/?p=126597#primaryimage\",\"url\":\"https:\\\/\\\/lospoliticosveracruz.com\\\/wp-content\\\/uploads\\\/2024\\\/03\\\/Vicente-Luna.jpg\",\"contentUrl\":\"https:\\\/\\\/lospoliticosveracruz.com\\\/wp-content\\\/uploads\\\/2024\\\/03\\\/Vicente-Luna.jpg\",\"width\":1250,\"height\":667},{\"@type\":\"BreadcrumbList\",\"@id\":\"https:\\\/\\\/lospoliticosveracruz.com\\\/?p=126597#breadcrumb\",\"itemListElement\":[{\"@type\":\"ListItem\",\"position\":1,\"name\":\"Portada\",\"item\":\"https:\\\/\\\/lospoliticosveracruz.com\\\/\"},{\"@type\":\"ListItem\",\"position\":2,\"name\":\"HAY UN LUGAR LLAMADO TOTALCO\u2026Y EST\u00c1 EN PEROTE\"}]},{\"@type\":\"WebSite\",\"@id\":\"https:\\\/\\\/lospoliticosveracruz.com\\\/#website\",\"url\":\"https:\\\/\\\/lospoliticosveracruz.com\\\/\",\"name\":\"Los pol\u00edticos Veracruz\",\"description\":\"\",\"publisher\":{\"@id\":\"https:\\\/\\\/lospoliticosveracruz.com\\\/#organization\"},\"potentialAction\":[{\"@type\":\"SearchAction\",\"target\":{\"@type\":\"EntryPoint\",\"urlTemplate\":\"https:\\\/\\\/lospoliticosveracruz.com\\\/?s={search_term_string}\"},\"query-input\":{\"@type\":\"PropertyValueSpecification\",\"valueRequired\":true,\"valueName\":\"search_term_string\"}}],\"inLanguage\":\"es\"},{\"@type\":\"Organization\",\"@id\":\"https:\\\/\\\/lospoliticosveracruz.com\\\/#organization\",\"name\":\"Los pol\u00edticos Veracruz\",\"url\":\"https:\\\/\\\/lospoliticosveracruz.com\\\/\",\"logo\":{\"@type\":\"ImageObject\",\"inLanguage\":\"es\",\"@id\":\"https:\\\/\\\/lospoliticosveracruz.com\\\/#\\\/schema\\\/logo\\\/image\\\/\",\"url\":\"https:\\\/\\\/lospoliticosveracruz.com\\\/wp-content\\\/uploads\\\/2025\\\/12\\\/Logo-Nuevo-LOS-POLITICOS-1.jpg\",\"contentUrl\":\"https:\\\/\\\/lospoliticosveracruz.com\\\/wp-content\\\/uploads\\\/2025\\\/12\\\/Logo-Nuevo-LOS-POLITICOS-1.jpg\",\"width\":260,\"height\":70,\"caption\":\"Los pol\u00edticos Veracruz\"},\"image\":{\"@id\":\"https:\\\/\\\/lospoliticosveracruz.com\\\/#\\\/schema\\\/logo\\\/image\\\/\"},\"sameAs\":[\"https:\\\/\\\/www.facebook.com\\\/people\\\/Notimemes-de-los-Polticos\\\/61565672886568\\\/\",\"https:\\\/\\\/x.com\\\/LosPoliticosVer\"]},{\"@type\":\"Person\",\"@id\":\"https:\\\/\\\/lospoliticosveracruz.com\\\/#\\\/schema\\\/person\\\/b8702bb0e538456e6efd07080bf2a4a2\",\"name\":\"Lo viste en Los Pol\u00edticos\",\"image\":{\"@type\":\"ImageObject\",\"inLanguage\":\"es\",\"@id\":\"https:\\\/\\\/secure.gravatar.com\\\/avatar\\\/3a8de04a2656d44082be478bd6c086daa447c4651605818287b9532d3d0bd435?s=96&d=mm&r=g\",\"url\":\"https:\\\/\\\/secure.gravatar.com\\\/avatar\\\/3a8de04a2656d44082be478bd6c086daa447c4651605818287b9532d3d0bd435?s=96&d=mm&r=g\",\"contentUrl\":\"https:\\\/\\\/secure.gravatar.com\\\/avatar\\\/3a8de04a2656d44082be478bd6c086daa447c4651605818287b9532d3d0bd435?s=96&d=mm&r=g\",\"caption\":\"Lo viste en Los Pol\u00edticos\"},\"url\":\"https:\\\/\\\/lospoliticosveracruz.com\\\/?author=2\"}]}<\/script>\n<!-- \/ Yoast SEO plugin. -->","yoast_head_json":{"title":"HAY UN LUGAR LLAMADO TOTALCO\u2026Y EST\u00c1 EN PEROTE - Los pol\u00edticos Veracruz","robots":{"index":"index","follow":"follow","max-snippet":"max-snippet:-1","max-image-preview":"max-image-preview:large","max-video-preview":"max-video-preview:-1"},"canonical":"https:\/\/lospoliticosveracruz.com\/?p=126597","og_locale":"es_ES","og_type":"article","og_title":"HAY UN LUGAR LLAMADO TOTALCO\u2026Y EST\u00c1 EN PEROTE - Los pol\u00edticos Veracruz","og_description":"Vicente Luna Hern\u00e1ndez&nbsp; Cerca de Xalapa, la Ciudad de las Flores, la capital del Estado, asentamiento de los 3 poderes del Veracruz hubo una tragedia, hubo unos sucesos criminales que deber\u00edan de avergonzar a quienes gobiernan uno de los Estados m\u00e1s importantes del pa\u00eds, debe de avergonzar a quienes enarbolan las m\u00e1ximas de Morena: no [&hellip;]","og_url":"https:\/\/lospoliticosveracruz.com\/?p=126597","og_site_name":"Los pol\u00edticos Veracruz","article_publisher":"https:\/\/www.facebook.com\/people\/Notimemes-de-los-Polticos\/61565672886568\/","article_published_time":"2024-06-26T18:20:36+00:00","article_modified_time":"2024-06-26T18:21:03+00:00","og_image":[{"width":1250,"height":667,"url":"https:\/\/lospoliticosveracruz.com\/wp-content\/uploads\/2024\/03\/Vicente-Luna.jpg","type":"image\/jpeg"}],"author":"Lo viste en Los Pol\u00edticos","twitter_card":"summary_large_image","twitter_creator":"@LosPoliticosVer","twitter_site":"@LosPoliticosVer","twitter_misc":{"Escrito por":"Lo viste en Los Pol\u00edticos","Tiempo de lectura":"3 minutos"},"schema":{"@context":"https:\/\/schema.org","@graph":[{"@type":"Article","@id":"https:\/\/lospoliticosveracruz.com\/?p=126597#article","isPartOf":{"@id":"https:\/\/lospoliticosveracruz.com\/?p=126597"},"author":{"name":"Lo viste en Los Pol\u00edticos","@id":"https:\/\/lospoliticosveracruz.com\/#\/schema\/person\/b8702bb0e538456e6efd07080bf2a4a2"},"headline":"HAY UN LUGAR LLAMADO TOTALCO\u2026Y EST\u00c1 EN PEROTE","datePublished":"2024-06-26T18:20:36+00:00","dateModified":"2024-06-26T18:21:03+00:00","mainEntityOfPage":{"@id":"https:\/\/lospoliticosveracruz.com\/?p=126597"},"wordCount":558,"publisher":{"@id":"https:\/\/lospoliticosveracruz.com\/#organization"},"image":{"@id":"https:\/\/lospoliticosveracruz.com\/?p=126597#primaryimage"},"thumbnailUrl":"https:\/\/lospoliticosveracruz.com\/wp-content\/uploads\/2024\/03\/Vicente-Luna.jpg","keywords":["Perote","Totalco","Vicente Luna Hern\u00e1ndez"],"articleSection":["De Opini\u00f3n"],"inLanguage":"es"},{"@type":"WebPage","@id":"https:\/\/lospoliticosveracruz.com\/?p=126597","url":"https:\/\/lospoliticosveracruz.com\/?p=126597","name":"HAY UN LUGAR LLAMADO TOTALCO\u2026Y EST\u00c1 EN PEROTE - Los pol\u00edticos Veracruz","isPartOf":{"@id":"https:\/\/lospoliticosveracruz.com\/#website"},"primaryImageOfPage":{"@id":"https:\/\/lospoliticosveracruz.com\/?p=126597#primaryimage"},"image":{"@id":"https:\/\/lospoliticosveracruz.com\/?p=126597#primaryimage"},"thumbnailUrl":"https:\/\/lospoliticosveracruz.com\/wp-content\/uploads\/2024\/03\/Vicente-Luna.jpg","datePublished":"2024-06-26T18:20:36+00:00","dateModified":"2024-06-26T18:21:03+00:00","breadcrumb":{"@id":"https:\/\/lospoliticosveracruz.com\/?p=126597#breadcrumb"},"inLanguage":"es","potentialAction":[{"@type":"ReadAction","target":["https:\/\/lospoliticosveracruz.com\/?p=126597"]}]},{"@type":"ImageObject","inLanguage":"es","@id":"https:\/\/lospoliticosveracruz.com\/?p=126597#primaryimage","url":"https:\/\/lospoliticosveracruz.com\/wp-content\/uploads\/2024\/03\/Vicente-Luna.jpg","contentUrl":"https:\/\/lospoliticosveracruz.com\/wp-content\/uploads\/2024\/03\/Vicente-Luna.jpg","width":1250,"height":667},{"@type":"BreadcrumbList","@id":"https:\/\/lospoliticosveracruz.com\/?p=126597#breadcrumb","itemListElement":[{"@type":"ListItem","position":1,"name":"Portada","item":"https:\/\/lospoliticosveracruz.com\/"},{"@type":"ListItem","position":2,"name":"HAY UN LUGAR LLAMADO TOTALCO\u2026Y EST\u00c1 EN PEROTE"}]},{"@type":"WebSite","@id":"https:\/\/lospoliticosveracruz.com\/#website","url":"https:\/\/lospoliticosveracruz.com\/","name":"Los pol\u00edticos Veracruz","description":"","publisher":{"@id":"https:\/\/lospoliticosveracruz.com\/#organization"},"potentialAction":[{"@type":"SearchAction","target":{"@type":"EntryPoint","urlTemplate":"https:\/\/lospoliticosveracruz.com\/?s={search_term_string}"},"query-input":{"@type":"PropertyValueSpecification","valueRequired":true,"valueName":"search_term_string"}}],"inLanguage":"es"},{"@type":"Organization","@id":"https:\/\/lospoliticosveracruz.com\/#organization","name":"Los pol\u00edticos Veracruz","url":"https:\/\/lospoliticosveracruz.com\/","logo":{"@type":"ImageObject","inLanguage":"es","@id":"https:\/\/lospoliticosveracruz.com\/#\/schema\/logo\/image\/","url":"https:\/\/lospoliticosveracruz.com\/wp-content\/uploads\/2025\/12\/Logo-Nuevo-LOS-POLITICOS-1.jpg","contentUrl":"https:\/\/lospoliticosveracruz.com\/wp-content\/uploads\/2025\/12\/Logo-Nuevo-LOS-POLITICOS-1.jpg","width":260,"height":70,"caption":"Los pol\u00edticos Veracruz"},"image":{"@id":"https:\/\/lospoliticosveracruz.com\/#\/schema\/logo\/image\/"},"sameAs":["https:\/\/www.facebook.com\/people\/Notimemes-de-los-Polticos\/61565672886568\/","https:\/\/x.com\/LosPoliticosVer"]},{"@type":"Person","@id":"https:\/\/lospoliticosveracruz.com\/#\/schema\/person\/b8702bb0e538456e6efd07080bf2a4a2","name":"Lo viste en Los Pol\u00edticos","image":{"@type":"ImageObject","inLanguage":"es","@id":"https:\/\/secure.gravatar.com\/avatar\/3a8de04a2656d44082be478bd6c086daa447c4651605818287b9532d3d0bd435?s=96&d=mm&r=g","url":"https:\/\/secure.gravatar.com\/avatar\/3a8de04a2656d44082be478bd6c086daa447c4651605818287b9532d3d0bd435?s=96&d=mm&r=g","contentUrl":"https:\/\/secure.gravatar.com\/avatar\/3a8de04a2656d44082be478bd6c086daa447c4651605818287b9532d3d0bd435?s=96&d=mm&r=g","caption":"Lo viste en Los Pol\u00edticos"},"url":"https:\/\/lospoliticosveracruz.com\/?author=2"}]}},"_links":{"self":[{"href":"https:\/\/lospoliticosveracruz.com\/index.php?rest_route=\/wp\/v2\/posts\/126597","targetHints":{"allow":["GET"]}}],"collection":[{"href":"https:\/\/lospoliticosveracruz.com\/index.php?rest_route=\/wp\/v2\/posts"}],"about":[{"href":"https:\/\/lospoliticosveracruz.com\/index.php?rest_route=\/wp\/v2\/types\/post"}],"author":[{"embeddable":true,"href":"https:\/\/lospoliticosveracruz.com\/index.php?rest_route=\/wp\/v2\/users\/2"}],"replies":[{"embeddable":true,"href":"https:\/\/lospoliticosveracruz.com\/index.php?rest_route=%2Fwp%2Fv2%2Fcomments&post=126597"}],"version-history":[{"count":1,"href":"https:\/\/lospoliticosveracruz.com\/index.php?rest_route=\/wp\/v2\/posts\/126597\/revisions"}],"predecessor-version":[{"id":126598,"href":"https:\/\/lospoliticosveracruz.com\/index.php?rest_route=\/wp\/v2\/posts\/126597\/revisions\/126598"}],"wp:featuredmedia":[{"embeddable":true,"href":"https:\/\/lospoliticosveracruz.com\/index.php?rest_route=\/wp\/v2\/media\/120017"}],"wp:attachment":[{"href":"https:\/\/lospoliticosveracruz.com\/index.php?rest_route=%2Fwp%2Fv2%2Fmedia&parent=126597"}],"wp:term":[{"taxonomy":"category","embeddable":true,"href":"https:\/\/lospoliticosveracruz.com\/index.php?rest_route=%2Fwp%2Fv2%2Fcategories&post=126597"},{"taxonomy":"post_tag","embeddable":true,"href":"https:\/\/lospoliticosveracruz.com\/index.php?rest_route=%2Fwp%2Fv2%2Ftags&post=126597"}],"curies":[{"name":"wp","href":"https:\/\/api.w.org\/{rel}","templated":true}]}}