{"id":126641,"date":"2024-06-27T08:09:14","date_gmt":"2024-06-27T13:09:14","guid":{"rendered":"https:\/\/lospoliticosveracruz.com.mx\/?p=126641"},"modified":"2024-06-27T08:09:32","modified_gmt":"2024-06-27T13:09:32","slug":"la-oposicion-partidista-y-la-ciudadania-en-veracruz","status":"publish","type":"post","link":"https:\/\/lospoliticosveracruz.com\/?p=126641","title":{"rendered":"LA OPOSICI\u00d3N PARTIDISTA Y LA CIUDADAN\u00cdA EN VERACRUZ"},"content":{"rendered":"\n<p><br><strong>Uriel Flores Aguayo<\/strong><\/p>\n\n\n\n<p>A casi un mes de las elecciones federales y locales es casi imposible encontrar, si lo hubiera, el elemental balance de los partidos opositores y sus candidatos en Veracruz, especialmente de quien fue su candidato a Gobernador. Sin ese recuento b\u00e1sico y obligado no es posible saber qu\u00e9 piensan de sus campa\u00f1as y los resultados, si sab\u00edan el tipo de elecci\u00f3n en la que compet\u00edan, si tuvieron estrategia y la aplicaron, si est\u00e1n conformes con los resultados y c\u00f3mo los explican. Es importante que entiendan que las candidaturas y los votos no les pertenecen, que son tanto responsabilidades, en el primer caso, como el respeto y cuidado a la expresi\u00f3n ciudadana. Es grave que no hablen. Los partidos aludidos, como lo mostraron n\u00edtidamente en la campa\u00f1a, siguen en un papel de auto consumo y mutismo; creen que no es necesario, indispensable creo yo, rendir cuentas y fijar posturas. Los candidatos en general muestran una lamentable falta de compromiso democr\u00e1tico. Destaco la excepci\u00f3n de los de Xalapa, impugnando pol\u00edtica y jur\u00eddicamente, as\u00ed como informando a la ciudadan\u00eda sobre las acciones que est\u00e1n tomando.<br>Las posturas que adopten los partidos y sus candidatos deber\u00eda ser autocr\u00edtica, es decir, hacerse cargo de reconocer sus fallas y limitaciones. Sin duda tambi\u00e9n deben hablar de sus logros. Sin su an\u00e1lisis se pierde una gran oportunidad de aprendizaje y la visi\u00f3n para el futuro inmediato. Nadie les pide que se desgarren las vestiduras ni que se autoflagelen, los necesitamos para luchar por la democracia; pero s\u00ed que nos den sus opiniones como actores principales y con campo privilegiado. Ser\u00eda lamentable y p\u00e9rdida de una oportunidad para la ciudadan\u00eda que dejaran pasar el tiempo hasta que cuando digan algo, si se acuerdan de sus obligaciones democr\u00e1ticas, ya a nadie le interese. Este es el momento. Cuando mucha gente sigue tratando de entender qu\u00e9 fue lo que pas\u00f3 en estas at\u00edpicas elecciones, cuando puede sobrevenir una ola imparable de desaliento ciudadano, cuando hacen falta voces centrales que hablen de no rendirse, de luchar y continuar en caminos democr\u00e1ticos. Es alto el llamado a los partidos opositores y sus candidatos. No deben hacer como que no pas\u00f3 nada; si despu\u00e9s de dar su versi\u00f3n y razonar colectivamente, deciden retirarse o se pierden en el anonimato, ya ser\u00e1 cuesti\u00f3n de ellos, pero habr\u00e1n cumplido con sus deberes democr\u00e1ticos.<br>Hay que decir con \u00e9nfasis que las candidaturas y los votos son de la sociedad cuyos ciudadanos hacen posible sus campa\u00f1as y las posiciones obtenidas; no es decoroso hacer reconocimientos abstractos a los electores veracruzanos, sin ser claros con el papel que jugaron en la reciente campa\u00f1a y los compromisos concretos que estar\u00edan adoptando.<br>Me gustar\u00eda saber de los candidatos si sab\u00edan que enfrentaban una elecci\u00f3n de Estado y que hicieron para sortearla. Tengo la impresi\u00f3n que el candidato a gobernador no la asumi\u00f3 as\u00ed y que privilegi\u00f3 las im\u00e1genes desgastadas y d\u00e9biles o inexistentes estructuras partidarias en detrimento de la ciudadan\u00eda organizada. Las decisiones de los partidos fueron brutal mente antidemocraticas, decidiendo las candidaturas con criterios exageradamente cupulares, y en el peor de los casos, como un asunto meramente familiar. De la ciudadan\u00eda nunca se acordaron.<br>Termina la elecci\u00f3n con una crisis fatal de los partidos \u201copositores\u201d, convertidos en clubes de cuates y de espaldas a sus obligaciones constitucionales y democr\u00e1ticas.<br>El panorama es sombr\u00edo para las causas democr\u00e1ticas. A los partidos opositores no se les ve intenci\u00f3n alguna de refundarse, arrastran sus inercias patrimonialistas y de auto consumo; ya no sirven como medios democr\u00e1ticos; su papel ser\u00e1 irrelevante si no se reforman. Los pocos diputados locales de la oposici\u00f3n jugar\u00e1n un papel testimonial, casi da lo mismo que est\u00e9n o no mientras sus agendas sean personales o de grupo.<br>En general la oposici\u00f3n pol\u00edtica veracruzana, tanto ciudadana como partidista, tiene que partir de una profunda reflexi\u00f3n sobre su realidad y los caminos a seguir. Le queda poco tiempo para reponerse de la derrota antes de que inicie el proceso municipal. Para tal fin requiere inteligencia y honradez, abrir los partidos y proyectar una ciudadan\u00eda sana y comprometida.<br>No se deber\u00eda caer en la tentaci\u00f3n polarizadora desde la oposici\u00f3n; si esa fuera la apuesta del oficialismo, rehuirla en lo posible. Menos dejar el inter\u00e9s general y las aspiraciones democr\u00e1ticas en manos de las agendas y los fines de grupos pol\u00edticos que se escudan en los partidos. No es por ah\u00ed. Todo nuevo en lo posible y preparativos serios para las municipales.<br>Recadito: as\u00ed como va la integraci\u00f3n del gabinete estatal, le van a dejar cargos menores al grupo gobernante.<\/p>\n","protected":false},"excerpt":{"rendered":"<p>Uriel Flores Aguayo A casi un mes de las elecciones federales y locales es casi imposible encontrar, si lo hubiera, el elemental balance de los partidos opositores y sus candidatos en Veracruz, especialmente de quien fue su candidato a Gobernador. Sin ese recuento b\u00e1sico y obligado no es posible saber qu\u00e9 piensan de sus campa\u00f1as [&hellip;]<\/p>\n","protected":false},"author":2,"featured_media":119915,"comment_status":"closed","ping_status":"closed","sticky":false,"template":"","format":"standard","meta":{"tdm_status":"","tdm_grid_status":"","footnotes":""},"categories":[70],"tags":[207,721,12034,195,96],"class_list":{"0":"post-126641","1":"post","2":"type-post","3":"status-publish","4":"format-standard","5":"has-post-thumbnail","7":"category-de-opinion","8":"tag-democracia","9":"tag-elecciones","10":"tag-partidos","11":"tag-veracruz","12":"tag-xalapa"},"yoast_head":"<!-- This site is optimized with the Yoast SEO plugin v27.4 - https:\/\/yoast.com\/product\/yoast-seo-wordpress\/ -->\n<title>LA OPOSICI\u00d3N PARTIDISTA Y LA CIUDADAN\u00cdA EN VERACRUZ - Los pol\u00edticos Veracruz<\/title>\n<meta name=\"robots\" content=\"index, follow, max-snippet:-1, max-image-preview:large, max-video-preview:-1\" \/>\n<link rel=\"canonical\" href=\"https:\/\/lospoliticosveracruz.com\/?p=126641\" \/>\n<meta property=\"og:locale\" content=\"es_ES\" \/>\n<meta property=\"og:type\" content=\"article\" \/>\n<meta property=\"og:title\" content=\"LA OPOSICI\u00d3N PARTIDISTA Y LA CIUDADAN\u00cdA EN VERACRUZ - Los pol\u00edticos Veracruz\" \/>\n<meta property=\"og:description\" content=\"Uriel Flores Aguayo A casi un mes de las elecciones federales y locales es casi imposible encontrar, si lo hubiera, el elemental balance de los partidos opositores y sus candidatos en Veracruz, especialmente de quien fue su candidato a Gobernador. Sin ese recuento b\u00e1sico y obligado no es posible saber qu\u00e9 piensan de sus campa\u00f1as [&hellip;]\" \/>\n<meta property=\"og:url\" content=\"https:\/\/lospoliticosveracruz.com\/?p=126641\" \/>\n<meta property=\"og:site_name\" content=\"Los pol\u00edticos Veracruz\" \/>\n<meta property=\"article:publisher\" content=\"https:\/\/www.facebook.com\/people\/Notimemes-de-los-Polticos\/61565672886568\/\" \/>\n<meta property=\"article:published_time\" content=\"2024-06-27T13:09:14+00:00\" \/>\n<meta property=\"article:modified_time\" content=\"2024-06-27T13:09:32+00:00\" \/>\n<meta property=\"og:image\" content=\"https:\/\/lospoliticosveracruz.com\/wp-content\/uploads\/2024\/03\/Uriel-Flores.jpg\" \/>\n\t<meta property=\"og:image:width\" content=\"1250\" \/>\n\t<meta property=\"og:image:height\" content=\"667\" \/>\n\t<meta property=\"og:image:type\" content=\"image\/jpeg\" \/>\n<meta name=\"author\" content=\"Lo viste en Los Pol\u00edticos\" \/>\n<meta name=\"twitter:card\" content=\"summary_large_image\" \/>\n<meta name=\"twitter:creator\" content=\"@LosPoliticosVer\" \/>\n<meta name=\"twitter:site\" content=\"@LosPoliticosVer\" \/>\n<meta name=\"twitter:label1\" content=\"Escrito por\" \/>\n\t<meta name=\"twitter:data1\" content=\"Lo viste en Los Pol\u00edticos\" \/>\n\t<meta name=\"twitter:label2\" content=\"Tiempo de lectura\" \/>\n\t<meta name=\"twitter:data2\" content=\"4 minutos\" \/>\n<script type=\"application\/ld+json\" class=\"yoast-schema-graph\">{\"@context\":\"https:\\\/\\\/schema.org\",\"@graph\":[{\"@type\":\"Article\",\"@id\":\"https:\\\/\\\/lospoliticosveracruz.com\\\/?p=126641#article\",\"isPartOf\":{\"@id\":\"https:\\\/\\\/lospoliticosveracruz.com\\\/?p=126641\"},\"author\":{\"name\":\"Lo viste en Los Pol\u00edticos\",\"@id\":\"https:\\\/\\\/lospoliticosveracruz.com\\\/#\\\/schema\\\/person\\\/b8702bb0e538456e6efd07080bf2a4a2\"},\"headline\":\"LA OPOSICI\u00d3N PARTIDISTA Y LA CIUDADAN\u00cdA EN VERACRUZ\",\"datePublished\":\"2024-06-27T13:09:14+00:00\",\"dateModified\":\"2024-06-27T13:09:32+00:00\",\"mainEntityOfPage\":{\"@id\":\"https:\\\/\\\/lospoliticosveracruz.com\\\/?p=126641\"},\"wordCount\":834,\"publisher\":{\"@id\":\"https:\\\/\\\/lospoliticosveracruz.com\\\/#organization\"},\"image\":{\"@id\":\"https:\\\/\\\/lospoliticosveracruz.com\\\/?p=126641#primaryimage\"},\"thumbnailUrl\":\"https:\\\/\\\/lospoliticosveracruz.com\\\/wp-content\\\/uploads\\\/2024\\\/03\\\/Uriel-Flores.jpg\",\"keywords\":[\"democracia\",\"elecciones\",\"Partidos\",\"Veracruz\",\"Xalapa\"],\"articleSection\":[\"De Opini\u00f3n\"],\"inLanguage\":\"es\"},{\"@type\":\"WebPage\",\"@id\":\"https:\\\/\\\/lospoliticosveracruz.com\\\/?p=126641\",\"url\":\"https:\\\/\\\/lospoliticosveracruz.com\\\/?p=126641\",\"name\":\"LA OPOSICI\u00d3N PARTIDISTA Y LA CIUDADAN\u00cdA EN VERACRUZ - Los pol\u00edticos Veracruz\",\"isPartOf\":{\"@id\":\"https:\\\/\\\/lospoliticosveracruz.com\\\/#website\"},\"primaryImageOfPage\":{\"@id\":\"https:\\\/\\\/lospoliticosveracruz.com\\\/?p=126641#primaryimage\"},\"image\":{\"@id\":\"https:\\\/\\\/lospoliticosveracruz.com\\\/?p=126641#primaryimage\"},\"thumbnailUrl\":\"https:\\\/\\\/lospoliticosveracruz.com\\\/wp-content\\\/uploads\\\/2024\\\/03\\\/Uriel-Flores.jpg\",\"datePublished\":\"2024-06-27T13:09:14+00:00\",\"dateModified\":\"2024-06-27T13:09:32+00:00\",\"breadcrumb\":{\"@id\":\"https:\\\/\\\/lospoliticosveracruz.com\\\/?p=126641#breadcrumb\"},\"inLanguage\":\"es\",\"potentialAction\":[{\"@type\":\"ReadAction\",\"target\":[\"https:\\\/\\\/lospoliticosveracruz.com\\\/?p=126641\"]}]},{\"@type\":\"ImageObject\",\"inLanguage\":\"es\",\"@id\":\"https:\\\/\\\/lospoliticosveracruz.com\\\/?p=126641#primaryimage\",\"url\":\"https:\\\/\\\/lospoliticosveracruz.com\\\/wp-content\\\/uploads\\\/2024\\\/03\\\/Uriel-Flores.jpg\",\"contentUrl\":\"https:\\\/\\\/lospoliticosveracruz.com\\\/wp-content\\\/uploads\\\/2024\\\/03\\\/Uriel-Flores.jpg\",\"width\":1250,\"height\":667},{\"@type\":\"BreadcrumbList\",\"@id\":\"https:\\\/\\\/lospoliticosveracruz.com\\\/?p=126641#breadcrumb\",\"itemListElement\":[{\"@type\":\"ListItem\",\"position\":1,\"name\":\"Portada\",\"item\":\"https:\\\/\\\/lospoliticosveracruz.com\\\/\"},{\"@type\":\"ListItem\",\"position\":2,\"name\":\"LA OPOSICI\u00d3N PARTIDISTA Y LA CIUDADAN\u00cdA EN VERACRUZ\"}]},{\"@type\":\"WebSite\",\"@id\":\"https:\\\/\\\/lospoliticosveracruz.com\\\/#website\",\"url\":\"https:\\\/\\\/lospoliticosveracruz.com\\\/\",\"name\":\"Los pol\u00edticos Veracruz\",\"description\":\"\",\"publisher\":{\"@id\":\"https:\\\/\\\/lospoliticosveracruz.com\\\/#organization\"},\"potentialAction\":[{\"@type\":\"SearchAction\",\"target\":{\"@type\":\"EntryPoint\",\"urlTemplate\":\"https:\\\/\\\/lospoliticosveracruz.com\\\/?s={search_term_string}\"},\"query-input\":{\"@type\":\"PropertyValueSpecification\",\"valueRequired\":true,\"valueName\":\"search_term_string\"}}],\"inLanguage\":\"es\"},{\"@type\":\"Organization\",\"@id\":\"https:\\\/\\\/lospoliticosveracruz.com\\\/#organization\",\"name\":\"Los pol\u00edticos Veracruz\",\"url\":\"https:\\\/\\\/lospoliticosveracruz.com\\\/\",\"logo\":{\"@type\":\"ImageObject\",\"inLanguage\":\"es\",\"@id\":\"https:\\\/\\\/lospoliticosveracruz.com\\\/#\\\/schema\\\/logo\\\/image\\\/\",\"url\":\"https:\\\/\\\/lospoliticosveracruz.com\\\/wp-content\\\/uploads\\\/2025\\\/12\\\/Logo-Nuevo-LOS-POLITICOS-1.jpg\",\"contentUrl\":\"https:\\\/\\\/lospoliticosveracruz.com\\\/wp-content\\\/uploads\\\/2025\\\/12\\\/Logo-Nuevo-LOS-POLITICOS-1.jpg\",\"width\":260,\"height\":70,\"caption\":\"Los pol\u00edticos Veracruz\"},\"image\":{\"@id\":\"https:\\\/\\\/lospoliticosveracruz.com\\\/#\\\/schema\\\/logo\\\/image\\\/\"},\"sameAs\":[\"https:\\\/\\\/www.facebook.com\\\/people\\\/Notimemes-de-los-Polticos\\\/61565672886568\\\/\",\"https:\\\/\\\/x.com\\\/LosPoliticosVer\"]},{\"@type\":\"Person\",\"@id\":\"https:\\\/\\\/lospoliticosveracruz.com\\\/#\\\/schema\\\/person\\\/b8702bb0e538456e6efd07080bf2a4a2\",\"name\":\"Lo viste en Los Pol\u00edticos\",\"image\":{\"@type\":\"ImageObject\",\"inLanguage\":\"es\",\"@id\":\"https:\\\/\\\/secure.gravatar.com\\\/avatar\\\/3a8de04a2656d44082be478bd6c086daa447c4651605818287b9532d3d0bd435?s=96&d=mm&r=g\",\"url\":\"https:\\\/\\\/secure.gravatar.com\\\/avatar\\\/3a8de04a2656d44082be478bd6c086daa447c4651605818287b9532d3d0bd435?s=96&d=mm&r=g\",\"contentUrl\":\"https:\\\/\\\/secure.gravatar.com\\\/avatar\\\/3a8de04a2656d44082be478bd6c086daa447c4651605818287b9532d3d0bd435?s=96&d=mm&r=g\",\"caption\":\"Lo viste en Los Pol\u00edticos\"},\"url\":\"https:\\\/\\\/lospoliticosveracruz.com\\\/?author=2\"}]}<\/script>\n<!-- \/ Yoast SEO plugin. -->","yoast_head_json":{"title":"LA OPOSICI\u00d3N PARTIDISTA Y LA CIUDADAN\u00cdA EN VERACRUZ - Los pol\u00edticos Veracruz","robots":{"index":"index","follow":"follow","max-snippet":"max-snippet:-1","max-image-preview":"max-image-preview:large","max-video-preview":"max-video-preview:-1"},"canonical":"https:\/\/lospoliticosveracruz.com\/?p=126641","og_locale":"es_ES","og_type":"article","og_title":"LA OPOSICI\u00d3N PARTIDISTA Y LA CIUDADAN\u00cdA EN VERACRUZ - Los pol\u00edticos Veracruz","og_description":"Uriel Flores Aguayo A casi un mes de las elecciones federales y locales es casi imposible encontrar, si lo hubiera, el elemental balance de los partidos opositores y sus candidatos en Veracruz, especialmente de quien fue su candidato a Gobernador. Sin ese recuento b\u00e1sico y obligado no es posible saber qu\u00e9 piensan de sus campa\u00f1as [&hellip;]","og_url":"https:\/\/lospoliticosveracruz.com\/?p=126641","og_site_name":"Los pol\u00edticos Veracruz","article_publisher":"https:\/\/www.facebook.com\/people\/Notimemes-de-los-Polticos\/61565672886568\/","article_published_time":"2024-06-27T13:09:14+00:00","article_modified_time":"2024-06-27T13:09:32+00:00","og_image":[{"width":1250,"height":667,"url":"https:\/\/lospoliticosveracruz.com\/wp-content\/uploads\/2024\/03\/Uriel-Flores.jpg","type":"image\/jpeg"}],"author":"Lo viste en Los Pol\u00edticos","twitter_card":"summary_large_image","twitter_creator":"@LosPoliticosVer","twitter_site":"@LosPoliticosVer","twitter_misc":{"Escrito por":"Lo viste en Los Pol\u00edticos","Tiempo de lectura":"4 minutos"},"schema":{"@context":"https:\/\/schema.org","@graph":[{"@type":"Article","@id":"https:\/\/lospoliticosveracruz.com\/?p=126641#article","isPartOf":{"@id":"https:\/\/lospoliticosveracruz.com\/?p=126641"},"author":{"name":"Lo viste en Los Pol\u00edticos","@id":"https:\/\/lospoliticosveracruz.com\/#\/schema\/person\/b8702bb0e538456e6efd07080bf2a4a2"},"headline":"LA OPOSICI\u00d3N PARTIDISTA Y LA CIUDADAN\u00cdA EN VERACRUZ","datePublished":"2024-06-27T13:09:14+00:00","dateModified":"2024-06-27T13:09:32+00:00","mainEntityOfPage":{"@id":"https:\/\/lospoliticosveracruz.com\/?p=126641"},"wordCount":834,"publisher":{"@id":"https:\/\/lospoliticosveracruz.com\/#organization"},"image":{"@id":"https:\/\/lospoliticosveracruz.com\/?p=126641#primaryimage"},"thumbnailUrl":"https:\/\/lospoliticosveracruz.com\/wp-content\/uploads\/2024\/03\/Uriel-Flores.jpg","keywords":["democracia","elecciones","Partidos","Veracruz","Xalapa"],"articleSection":["De Opini\u00f3n"],"inLanguage":"es"},{"@type":"WebPage","@id":"https:\/\/lospoliticosveracruz.com\/?p=126641","url":"https:\/\/lospoliticosveracruz.com\/?p=126641","name":"LA OPOSICI\u00d3N PARTIDISTA Y LA CIUDADAN\u00cdA EN VERACRUZ - Los pol\u00edticos Veracruz","isPartOf":{"@id":"https:\/\/lospoliticosveracruz.com\/#website"},"primaryImageOfPage":{"@id":"https:\/\/lospoliticosveracruz.com\/?p=126641#primaryimage"},"image":{"@id":"https:\/\/lospoliticosveracruz.com\/?p=126641#primaryimage"},"thumbnailUrl":"https:\/\/lospoliticosveracruz.com\/wp-content\/uploads\/2024\/03\/Uriel-Flores.jpg","datePublished":"2024-06-27T13:09:14+00:00","dateModified":"2024-06-27T13:09:32+00:00","breadcrumb":{"@id":"https:\/\/lospoliticosveracruz.com\/?p=126641#breadcrumb"},"inLanguage":"es","potentialAction":[{"@type":"ReadAction","target":["https:\/\/lospoliticosveracruz.com\/?p=126641"]}]},{"@type":"ImageObject","inLanguage":"es","@id":"https:\/\/lospoliticosveracruz.com\/?p=126641#primaryimage","url":"https:\/\/lospoliticosveracruz.com\/wp-content\/uploads\/2024\/03\/Uriel-Flores.jpg","contentUrl":"https:\/\/lospoliticosveracruz.com\/wp-content\/uploads\/2024\/03\/Uriel-Flores.jpg","width":1250,"height":667},{"@type":"BreadcrumbList","@id":"https:\/\/lospoliticosveracruz.com\/?p=126641#breadcrumb","itemListElement":[{"@type":"ListItem","position":1,"name":"Portada","item":"https:\/\/lospoliticosveracruz.com\/"},{"@type":"ListItem","position":2,"name":"LA OPOSICI\u00d3N PARTIDISTA Y LA CIUDADAN\u00cdA EN VERACRUZ"}]},{"@type":"WebSite","@id":"https:\/\/lospoliticosveracruz.com\/#website","url":"https:\/\/lospoliticosveracruz.com\/","name":"Los pol\u00edticos Veracruz","description":"","publisher":{"@id":"https:\/\/lospoliticosveracruz.com\/#organization"},"potentialAction":[{"@type":"SearchAction","target":{"@type":"EntryPoint","urlTemplate":"https:\/\/lospoliticosveracruz.com\/?s={search_term_string}"},"query-input":{"@type":"PropertyValueSpecification","valueRequired":true,"valueName":"search_term_string"}}],"inLanguage":"es"},{"@type":"Organization","@id":"https:\/\/lospoliticosveracruz.com\/#organization","name":"Los pol\u00edticos Veracruz","url":"https:\/\/lospoliticosveracruz.com\/","logo":{"@type":"ImageObject","inLanguage":"es","@id":"https:\/\/lospoliticosveracruz.com\/#\/schema\/logo\/image\/","url":"https:\/\/lospoliticosveracruz.com\/wp-content\/uploads\/2025\/12\/Logo-Nuevo-LOS-POLITICOS-1.jpg","contentUrl":"https:\/\/lospoliticosveracruz.com\/wp-content\/uploads\/2025\/12\/Logo-Nuevo-LOS-POLITICOS-1.jpg","width":260,"height":70,"caption":"Los pol\u00edticos Veracruz"},"image":{"@id":"https:\/\/lospoliticosveracruz.com\/#\/schema\/logo\/image\/"},"sameAs":["https:\/\/www.facebook.com\/people\/Notimemes-de-los-Polticos\/61565672886568\/","https:\/\/x.com\/LosPoliticosVer"]},{"@type":"Person","@id":"https:\/\/lospoliticosveracruz.com\/#\/schema\/person\/b8702bb0e538456e6efd07080bf2a4a2","name":"Lo viste en Los Pol\u00edticos","image":{"@type":"ImageObject","inLanguage":"es","@id":"https:\/\/secure.gravatar.com\/avatar\/3a8de04a2656d44082be478bd6c086daa447c4651605818287b9532d3d0bd435?s=96&d=mm&r=g","url":"https:\/\/secure.gravatar.com\/avatar\/3a8de04a2656d44082be478bd6c086daa447c4651605818287b9532d3d0bd435?s=96&d=mm&r=g","contentUrl":"https:\/\/secure.gravatar.com\/avatar\/3a8de04a2656d44082be478bd6c086daa447c4651605818287b9532d3d0bd435?s=96&d=mm&r=g","caption":"Lo viste en Los Pol\u00edticos"},"url":"https:\/\/lospoliticosveracruz.com\/?author=2"}]}},"_links":{"self":[{"href":"https:\/\/lospoliticosveracruz.com\/index.php?rest_route=\/wp\/v2\/posts\/126641","targetHints":{"allow":["GET"]}}],"collection":[{"href":"https:\/\/lospoliticosveracruz.com\/index.php?rest_route=\/wp\/v2\/posts"}],"about":[{"href":"https:\/\/lospoliticosveracruz.com\/index.php?rest_route=\/wp\/v2\/types\/post"}],"author":[{"embeddable":true,"href":"https:\/\/lospoliticosveracruz.com\/index.php?rest_route=\/wp\/v2\/users\/2"}],"replies":[{"embeddable":true,"href":"https:\/\/lospoliticosveracruz.com\/index.php?rest_route=%2Fwp%2Fv2%2Fcomments&post=126641"}],"version-history":[{"count":1,"href":"https:\/\/lospoliticosveracruz.com\/index.php?rest_route=\/wp\/v2\/posts\/126641\/revisions"}],"predecessor-version":[{"id":126642,"href":"https:\/\/lospoliticosveracruz.com\/index.php?rest_route=\/wp\/v2\/posts\/126641\/revisions\/126642"}],"wp:featuredmedia":[{"embeddable":true,"href":"https:\/\/lospoliticosveracruz.com\/index.php?rest_route=\/wp\/v2\/media\/119915"}],"wp:attachment":[{"href":"https:\/\/lospoliticosveracruz.com\/index.php?rest_route=%2Fwp%2Fv2%2Fmedia&parent=126641"}],"wp:term":[{"taxonomy":"category","embeddable":true,"href":"https:\/\/lospoliticosveracruz.com\/index.php?rest_route=%2Fwp%2Fv2%2Fcategories&post=126641"},{"taxonomy":"post_tag","embeddable":true,"href":"https:\/\/lospoliticosveracruz.com\/index.php?rest_route=%2Fwp%2Fv2%2Ftags&post=126641"}],"curies":[{"name":"wp","href":"https:\/\/api.w.org\/{rel}","templated":true}]}}