{"id":126729,"date":"2024-06-29T09:32:59","date_gmt":"2024-06-29T14:32:59","guid":{"rendered":"https:\/\/lospoliticosveracruz.com.mx\/?p=126729"},"modified":"2024-06-29T09:33:11","modified_gmt":"2024-06-29T14:33:11","slug":"enamora-a-veracruz","status":"publish","type":"post","link":"https:\/\/lospoliticosveracruz.com\/?p=126729","title":{"rendered":"ENAMORA A VERACRUZ"},"content":{"rendered":"\n<p><strong>Oved Contreras <\/strong><\/p>\n\n\n\n<p><em>Secas Mecas<\/em><\/p>\n\n\n\n<p>Lleno total en la Macroplaza del Malec\u00f3n anoche para disfrutar la presentaci\u00f3n del cantante puertorrique\u00f1o Ricky Martin quien hizo vibrar a m\u00e1s de 80 mil personas en el segundo masivo de las fiestas del Carnaval 2024\u2026los fans llegaron desde las 4 de la ma\u00f1ana para ser los primeros en ingresar al sitio y conforme transcurrieron las horas abarrotaron el lugar.<\/p>\n\n\n\n<p>Fue \u201cP\u00e9gate\u201d la canci\u00f3n con la que Ricky Martin inici\u00f3 su concierto frente al tradicional Malec\u00f3n de Veracruz\u2026los fans coreaban y bailaban tratando de imitar al boricua, y de all\u00ed le siguieron otros \u00e9xitos como \u201c1, 2, 3, Mar\u00eda\u201d, y \u201cAdrenalina\u201d\u2026pero no todo fue rumba\u2026el cantante tambi\u00e9n interpret\u00f3 sus baladas rom\u00e1nticas que marcaron \u00e9poca en M\u00e9xico \u201cVuelve\u201d, \u201cUn disparo al Coraz\u00f3n\u201d, \u201cEres el amor de mi vida\u201d, \u201cTe extra\u00f1o, Te Olvido y Te amo\u201d, entre otros \u00e9xitos.<\/p>\n\n\n\n<p>El prietito en el arroz fue cuando un grupo de personas al parecer intentaron ingresar a la zona VIP sin las mentadas pulseras, tumbaron una de las vallas de seguridad de acceso al concierto de Ricky Mart\u00edn, por lo que una tanqueta de la MARINA-ARMADA DE M\u00c9XICO dispers\u00f3 a la multitud con agua\u2026fue la MARINA, para que no los cabuleen y hasta de eso le echen la culpa a PatiYu y al Pollo P\u00e9rez Fraga\u2026con todo y eso, la gente sali\u00f3 encantada de la presentaci\u00f3n del boricua.<\/p>\n\n\n\n<p>Con la presentaci\u00f3n de Ricky Mart\u00edn se da inicio a las noches de conciertos masivos, luego de la coronaci\u00f3n de la reina Yuri y la presentaci\u00f3n de Matute la noche previa. Para este s\u00e1bado 29 de junio est\u00e1 previsto el desarrollo del primer paseo de carros aleg\u00f3ricos, comparsas y batucadas a las 18:00 hrs.<\/p>\n\n\n\n<p>El recorrido estar\u00e1 iniciando de sur a norte es decir de Boca del R\u00edo a Veracruz y se espera la presencia de los influencers Wendy Guevara y Poncho de Nigris, as\u00ed como la esposa de este \u00faltimo, Marcela Mistral, abordo de los carros aleg\u00f3ricos.<\/p>\n\n\n\n<p>V\u00d3MITO NEGRO\u2026nos confirma el chambero que la continuidad de Jos\u00e9 Luis Lima Franco al frente de la Secretaria de Finanzas con do\u00f1a Zacatecas, s\u00ed tiene que ver por un lado con su experiencia en el manejo de los presupuestos y lo primero que se le viene encima a la t\u00eda Ch\u00edo apenas arranque su gobierno, que es el pago de obligaciones de fin de a\u00f1o a la burocracia\u2026as\u00ed que Lima Franco ser\u00e1 vital para que no haya apuros con pagos de quincenas, aguinaldos y dem\u00e1s bonos a los trabajadores.<\/p>\n\n\n\n<p>Pero tambi\u00e9n tiene que ver con qu\u00e9 s\u00ed revisar\u00e1n con lupa para saber quienes se fueron cabezones en el gobierno de Cuitl\u00e1huac Garc\u00eda, porque los administradores de dependencias como la Secretar\u00eda de Salud y de Seguridad P\u00fablica s\u00ed manejaron presupuestos regordetes, y existen casos como el de la s\u00faper contratista Araly Rodr\u00edguez Vez, que siendo una modesta empleada de la SEV, consigui\u00f3 contratos millonarios presumiblemente con el apoyo de funcionarios estatales.<\/p>\n\n\n\n<p>Caso aparte lo del primazo Eleazar Guerrero que nos cuenta el chambero, ya tiene hasta ultim\u00e1tum: que do\u00f1a Zacatl\u00e1n de las Manzanas le dio un a\u00f1o como m\u00e1ximo para regresar lo mal habido\u2026que sobre aviso no hay enga\u00f1o\u2026que regresa lo que se echaron a la bolsa o que se busque su abogado para las audiencias en Pacho Viejo\u2026que por eso la t\u00eda Ch\u00edo lo trajo a raya en campa\u00f1a para que no se le acercara\u2026y ahora viene lo bueno porque hay que regresar lo que hayan tomado del caj\u00f3n en Sefiplan.<\/p>\n\n\n\n<p>Si le excavan un poco al primo Cheo le van a encontrar sus negocitos\u2026ayer por cierto protestaron taxistas en la zona sur del estado quienes acusaron que la direcci\u00f3n de Transporte P\u00fablico del estado est\u00e1 permitiendo que circulen taxis piratas en aquella parte de la entidad, mediante esquemas de corrupci\u00f3n, que incluyen el pago de una aportaci\u00f3n mensual de mil pesos a trav\u00e9s de la organizaci\u00f3n de transportistas denominada Tosur (Todos Somos Zona Sur) identificada con el membrete de Unidos Todos, organizaci\u00f3n que encabeza el ex subsecretario de Finanzas y primo hermano de Cuitl\u00e1huac Garc\u00eda, Eleazar Guerrero P\u00e9rez.<\/p>\n\n\n\n<p>El pago se hace con el \u201ccomandante Duarte\u201d en las oficinas de Tr\u00e1nsito del Estado de Coatzacoalcos. Ah\u00ed, como funcionario con ese apellido est\u00e1 el jefe de Supervisores de la Delegaci\u00f3n de Tr\u00e1nsito, Eduardo Duarte Vieira. La organizaci\u00f3n de Eleazar Guerrero puede operar este esquema de aparente corrupci\u00f3n gracias a que en la Secretar\u00eda de Seguridad P\u00fablica se encuentra su propio hijo, Eleazar Guerrero Barrera, director general de Vinculaci\u00f3n.<\/p>\n\n\n\n<p>Los manifestantes denunciaron que bajo este este esquema circulan dando el servicio de taxi veh\u00edculos sin placas, con m\u00e1s de 10 a\u00f1os de antig\u00fcedad o en malas condiciones mec\u00e1nicas, lo que es contrario a la norma que priva en el estado para este tipo de transporte p\u00fablico\u2026El dirigente de Tosur es Rub\u00e9n Escobar Huervo, a quien se\u00f1alan como protagonista de diferentes conflictos entre los grupos de transportistas, obteniendo siempre resultados en favor de su organizaci\u00f3n por la protecci\u00f3n que recibe de la Secretar\u00eda de Seguridad P\u00fablica e incluso del mismo gobernador.<\/p>\n","protected":false},"excerpt":{"rendered":"<p>Oved Contreras Secas Mecas Lleno total en la Macroplaza del Malec\u00f3n anoche para disfrutar la presentaci\u00f3n del cantante puertorrique\u00f1o Ricky Martin quien hizo vibrar a m\u00e1s de 80 mil personas en el segundo masivo de las fiestas del Carnaval 2024\u2026los fans llegaron desde las 4 de la ma\u00f1ana para ser los primeros en ingresar al [&hellip;]<\/p>\n","protected":false},"author":2,"featured_media":119816,"comment_status":"closed","ping_status":"closed","sticky":false,"template":"","format":"standard","meta":{"tdm_status":"","tdm_grid_status":"","footnotes":""},"categories":[70],"tags":[40049,1563,13640,13713,775,3578,195],"class_list":{"0":"post-126729","1":"post","2":"type-post","3":"status-publish","4":"format-standard","5":"has-post-thumbnail","7":"category-de-opinion","8":"tag-carnaval-de-veracruz-2024","9":"tag-cuitlahuac-garcia-jimenez","10":"tag-eleazar-guerrero","11":"tag-jose-luis-lima-franco","12":"tag-ricky-martin","13":"tag-rocio-nahle","14":"tag-veracruz"},"yoast_head":"<!-- This site is optimized with the Yoast SEO plugin v27.4 - https:\/\/yoast.com\/product\/yoast-seo-wordpress\/ -->\n<title>ENAMORA A VERACRUZ - Los pol\u00edticos Veracruz<\/title>\n<meta name=\"robots\" content=\"index, follow, max-snippet:-1, max-image-preview:large, max-video-preview:-1\" \/>\n<link rel=\"canonical\" href=\"https:\/\/lospoliticosveracruz.com\/?p=126729\" \/>\n<meta property=\"og:locale\" content=\"es_ES\" \/>\n<meta property=\"og:type\" content=\"article\" \/>\n<meta property=\"og:title\" content=\"ENAMORA A VERACRUZ - Los pol\u00edticos Veracruz\" \/>\n<meta property=\"og:description\" content=\"Oved Contreras Secas Mecas Lleno total en la Macroplaza del Malec\u00f3n anoche para disfrutar la presentaci\u00f3n del cantante puertorrique\u00f1o Ricky Martin quien hizo vibrar a m\u00e1s de 80 mil personas en el segundo masivo de las fiestas del Carnaval 2024\u2026los fans llegaron desde las 4 de la ma\u00f1ana para ser los primeros en ingresar al [&hellip;]\" \/>\n<meta property=\"og:url\" content=\"https:\/\/lospoliticosveracruz.com\/?p=126729\" \/>\n<meta property=\"og:site_name\" content=\"Los pol\u00edticos Veracruz\" \/>\n<meta property=\"article:publisher\" content=\"https:\/\/www.facebook.com\/people\/Notimemes-de-los-Polticos\/61565672886568\/\" \/>\n<meta property=\"article:published_time\" content=\"2024-06-29T14:32:59+00:00\" \/>\n<meta property=\"article:modified_time\" content=\"2024-06-29T14:33:11+00:00\" \/>\n<meta property=\"og:image\" content=\"https:\/\/lospoliticosveracruz.com\/wp-content\/uploads\/2024\/03\/Oved-Contreras.jpg\" \/>\n\t<meta property=\"og:image:width\" content=\"1250\" \/>\n\t<meta property=\"og:image:height\" content=\"667\" \/>\n\t<meta property=\"og:image:type\" content=\"image\/jpeg\" \/>\n<meta name=\"author\" content=\"Lo viste en Los Pol\u00edticos\" \/>\n<meta name=\"twitter:card\" content=\"summary_large_image\" \/>\n<meta name=\"twitter:creator\" content=\"@LosPoliticosVer\" \/>\n<meta name=\"twitter:site\" content=\"@LosPoliticosVer\" \/>\n<meta name=\"twitter:label1\" content=\"Escrito por\" \/>\n\t<meta name=\"twitter:data1\" content=\"Lo viste en Los Pol\u00edticos\" \/>\n\t<meta name=\"twitter:label2\" content=\"Tiempo de lectura\" \/>\n\t<meta name=\"twitter:data2\" content=\"5 minutos\" \/>\n<script type=\"application\/ld+json\" class=\"yoast-schema-graph\">{\"@context\":\"https:\\\/\\\/schema.org\",\"@graph\":[{\"@type\":\"Article\",\"@id\":\"https:\\\/\\\/lospoliticosveracruz.com\\\/?p=126729#article\",\"isPartOf\":{\"@id\":\"https:\\\/\\\/lospoliticosveracruz.com\\\/?p=126729\"},\"author\":{\"name\":\"Lo viste en Los Pol\u00edticos\",\"@id\":\"https:\\\/\\\/lospoliticosveracruz.com\\\/#\\\/schema\\\/person\\\/b8702bb0e538456e6efd07080bf2a4a2\"},\"headline\":\"ENAMORA A VERACRUZ\",\"datePublished\":\"2024-06-29T14:32:59+00:00\",\"dateModified\":\"2024-06-29T14:33:11+00:00\",\"mainEntityOfPage\":{\"@id\":\"https:\\\/\\\/lospoliticosveracruz.com\\\/?p=126729\"},\"wordCount\":923,\"publisher\":{\"@id\":\"https:\\\/\\\/lospoliticosveracruz.com\\\/#organization\"},\"image\":{\"@id\":\"https:\\\/\\\/lospoliticosveracruz.com\\\/?p=126729#primaryimage\"},\"thumbnailUrl\":\"https:\\\/\\\/lospoliticosveracruz.com\\\/wp-content\\\/uploads\\\/2024\\\/03\\\/Oved-Contreras.jpg\",\"keywords\":[\"Carnaval de Veracruz 2024\",\"Cuitl\u00e1huac Garc\u00eda Jim\u00e9nez\",\"Eleazar Guerrero\",\"Jos\u00e9 Luis Lima Franco\",\"Ricky Martin\",\"Roc\u00edo Nahle\",\"Veracruz\"],\"articleSection\":[\"De Opini\u00f3n\"],\"inLanguage\":\"es\"},{\"@type\":\"WebPage\",\"@id\":\"https:\\\/\\\/lospoliticosveracruz.com\\\/?p=126729\",\"url\":\"https:\\\/\\\/lospoliticosveracruz.com\\\/?p=126729\",\"name\":\"ENAMORA A VERACRUZ - Los pol\u00edticos Veracruz\",\"isPartOf\":{\"@id\":\"https:\\\/\\\/lospoliticosveracruz.com\\\/#website\"},\"primaryImageOfPage\":{\"@id\":\"https:\\\/\\\/lospoliticosveracruz.com\\\/?p=126729#primaryimage\"},\"image\":{\"@id\":\"https:\\\/\\\/lospoliticosveracruz.com\\\/?p=126729#primaryimage\"},\"thumbnailUrl\":\"https:\\\/\\\/lospoliticosveracruz.com\\\/wp-content\\\/uploads\\\/2024\\\/03\\\/Oved-Contreras.jpg\",\"datePublished\":\"2024-06-29T14:32:59+00:00\",\"dateModified\":\"2024-06-29T14:33:11+00:00\",\"breadcrumb\":{\"@id\":\"https:\\\/\\\/lospoliticosveracruz.com\\\/?p=126729#breadcrumb\"},\"inLanguage\":\"es\",\"potentialAction\":[{\"@type\":\"ReadAction\",\"target\":[\"https:\\\/\\\/lospoliticosveracruz.com\\\/?p=126729\"]}]},{\"@type\":\"ImageObject\",\"inLanguage\":\"es\",\"@id\":\"https:\\\/\\\/lospoliticosveracruz.com\\\/?p=126729#primaryimage\",\"url\":\"https:\\\/\\\/lospoliticosveracruz.com\\\/wp-content\\\/uploads\\\/2024\\\/03\\\/Oved-Contreras.jpg\",\"contentUrl\":\"https:\\\/\\\/lospoliticosveracruz.com\\\/wp-content\\\/uploads\\\/2024\\\/03\\\/Oved-Contreras.jpg\",\"width\":1250,\"height\":667},{\"@type\":\"BreadcrumbList\",\"@id\":\"https:\\\/\\\/lospoliticosveracruz.com\\\/?p=126729#breadcrumb\",\"itemListElement\":[{\"@type\":\"ListItem\",\"position\":1,\"name\":\"Portada\",\"item\":\"https:\\\/\\\/lospoliticosveracruz.com\\\/\"},{\"@type\":\"ListItem\",\"position\":2,\"name\":\"ENAMORA A VERACRUZ\"}]},{\"@type\":\"WebSite\",\"@id\":\"https:\\\/\\\/lospoliticosveracruz.com\\\/#website\",\"url\":\"https:\\\/\\\/lospoliticosveracruz.com\\\/\",\"name\":\"Los pol\u00edticos Veracruz\",\"description\":\"\",\"publisher\":{\"@id\":\"https:\\\/\\\/lospoliticosveracruz.com\\\/#organization\"},\"potentialAction\":[{\"@type\":\"SearchAction\",\"target\":{\"@type\":\"EntryPoint\",\"urlTemplate\":\"https:\\\/\\\/lospoliticosveracruz.com\\\/?s={search_term_string}\"},\"query-input\":{\"@type\":\"PropertyValueSpecification\",\"valueRequired\":true,\"valueName\":\"search_term_string\"}}],\"inLanguage\":\"es\"},{\"@type\":\"Organization\",\"@id\":\"https:\\\/\\\/lospoliticosveracruz.com\\\/#organization\",\"name\":\"Los pol\u00edticos Veracruz\",\"url\":\"https:\\\/\\\/lospoliticosveracruz.com\\\/\",\"logo\":{\"@type\":\"ImageObject\",\"inLanguage\":\"es\",\"@id\":\"https:\\\/\\\/lospoliticosveracruz.com\\\/#\\\/schema\\\/logo\\\/image\\\/\",\"url\":\"https:\\\/\\\/lospoliticosveracruz.com\\\/wp-content\\\/uploads\\\/2025\\\/12\\\/Logo-Nuevo-LOS-POLITICOS-1.jpg\",\"contentUrl\":\"https:\\\/\\\/lospoliticosveracruz.com\\\/wp-content\\\/uploads\\\/2025\\\/12\\\/Logo-Nuevo-LOS-POLITICOS-1.jpg\",\"width\":260,\"height\":70,\"caption\":\"Los pol\u00edticos Veracruz\"},\"image\":{\"@id\":\"https:\\\/\\\/lospoliticosveracruz.com\\\/#\\\/schema\\\/logo\\\/image\\\/\"},\"sameAs\":[\"https:\\\/\\\/www.facebook.com\\\/people\\\/Notimemes-de-los-Polticos\\\/61565672886568\\\/\",\"https:\\\/\\\/x.com\\\/LosPoliticosVer\"]},{\"@type\":\"Person\",\"@id\":\"https:\\\/\\\/lospoliticosveracruz.com\\\/#\\\/schema\\\/person\\\/b8702bb0e538456e6efd07080bf2a4a2\",\"name\":\"Lo viste en Los Pol\u00edticos\",\"image\":{\"@type\":\"ImageObject\",\"inLanguage\":\"es\",\"@id\":\"https:\\\/\\\/secure.gravatar.com\\\/avatar\\\/3a8de04a2656d44082be478bd6c086daa447c4651605818287b9532d3d0bd435?s=96&d=mm&r=g\",\"url\":\"https:\\\/\\\/secure.gravatar.com\\\/avatar\\\/3a8de04a2656d44082be478bd6c086daa447c4651605818287b9532d3d0bd435?s=96&d=mm&r=g\",\"contentUrl\":\"https:\\\/\\\/secure.gravatar.com\\\/avatar\\\/3a8de04a2656d44082be478bd6c086daa447c4651605818287b9532d3d0bd435?s=96&d=mm&r=g\",\"caption\":\"Lo viste en Los Pol\u00edticos\"},\"url\":\"https:\\\/\\\/lospoliticosveracruz.com\\\/?author=2\"}]}<\/script>\n<!-- \/ Yoast SEO plugin. -->","yoast_head_json":{"title":"ENAMORA A VERACRUZ - Los pol\u00edticos Veracruz","robots":{"index":"index","follow":"follow","max-snippet":"max-snippet:-1","max-image-preview":"max-image-preview:large","max-video-preview":"max-video-preview:-1"},"canonical":"https:\/\/lospoliticosveracruz.com\/?p=126729","og_locale":"es_ES","og_type":"article","og_title":"ENAMORA A VERACRUZ - Los pol\u00edticos Veracruz","og_description":"Oved Contreras Secas Mecas Lleno total en la Macroplaza del Malec\u00f3n anoche para disfrutar la presentaci\u00f3n del cantante puertorrique\u00f1o Ricky Martin quien hizo vibrar a m\u00e1s de 80 mil personas en el segundo masivo de las fiestas del Carnaval 2024\u2026los fans llegaron desde las 4 de la ma\u00f1ana para ser los primeros en ingresar al [&hellip;]","og_url":"https:\/\/lospoliticosveracruz.com\/?p=126729","og_site_name":"Los pol\u00edticos Veracruz","article_publisher":"https:\/\/www.facebook.com\/people\/Notimemes-de-los-Polticos\/61565672886568\/","article_published_time":"2024-06-29T14:32:59+00:00","article_modified_time":"2024-06-29T14:33:11+00:00","og_image":[{"width":1250,"height":667,"url":"https:\/\/lospoliticosveracruz.com\/wp-content\/uploads\/2024\/03\/Oved-Contreras.jpg","type":"image\/jpeg"}],"author":"Lo viste en Los Pol\u00edticos","twitter_card":"summary_large_image","twitter_creator":"@LosPoliticosVer","twitter_site":"@LosPoliticosVer","twitter_misc":{"Escrito por":"Lo viste en Los Pol\u00edticos","Tiempo de lectura":"5 minutos"},"schema":{"@context":"https:\/\/schema.org","@graph":[{"@type":"Article","@id":"https:\/\/lospoliticosveracruz.com\/?p=126729#article","isPartOf":{"@id":"https:\/\/lospoliticosveracruz.com\/?p=126729"},"author":{"name":"Lo viste en Los Pol\u00edticos","@id":"https:\/\/lospoliticosveracruz.com\/#\/schema\/person\/b8702bb0e538456e6efd07080bf2a4a2"},"headline":"ENAMORA A VERACRUZ","datePublished":"2024-06-29T14:32:59+00:00","dateModified":"2024-06-29T14:33:11+00:00","mainEntityOfPage":{"@id":"https:\/\/lospoliticosveracruz.com\/?p=126729"},"wordCount":923,"publisher":{"@id":"https:\/\/lospoliticosveracruz.com\/#organization"},"image":{"@id":"https:\/\/lospoliticosveracruz.com\/?p=126729#primaryimage"},"thumbnailUrl":"https:\/\/lospoliticosveracruz.com\/wp-content\/uploads\/2024\/03\/Oved-Contreras.jpg","keywords":["Carnaval de Veracruz 2024","Cuitl\u00e1huac Garc\u00eda Jim\u00e9nez","Eleazar Guerrero","Jos\u00e9 Luis Lima Franco","Ricky Martin","Roc\u00edo Nahle","Veracruz"],"articleSection":["De Opini\u00f3n"],"inLanguage":"es"},{"@type":"WebPage","@id":"https:\/\/lospoliticosveracruz.com\/?p=126729","url":"https:\/\/lospoliticosveracruz.com\/?p=126729","name":"ENAMORA A VERACRUZ - Los pol\u00edticos Veracruz","isPartOf":{"@id":"https:\/\/lospoliticosveracruz.com\/#website"},"primaryImageOfPage":{"@id":"https:\/\/lospoliticosveracruz.com\/?p=126729#primaryimage"},"image":{"@id":"https:\/\/lospoliticosveracruz.com\/?p=126729#primaryimage"},"thumbnailUrl":"https:\/\/lospoliticosveracruz.com\/wp-content\/uploads\/2024\/03\/Oved-Contreras.jpg","datePublished":"2024-06-29T14:32:59+00:00","dateModified":"2024-06-29T14:33:11+00:00","breadcrumb":{"@id":"https:\/\/lospoliticosveracruz.com\/?p=126729#breadcrumb"},"inLanguage":"es","potentialAction":[{"@type":"ReadAction","target":["https:\/\/lospoliticosveracruz.com\/?p=126729"]}]},{"@type":"ImageObject","inLanguage":"es","@id":"https:\/\/lospoliticosveracruz.com\/?p=126729#primaryimage","url":"https:\/\/lospoliticosveracruz.com\/wp-content\/uploads\/2024\/03\/Oved-Contreras.jpg","contentUrl":"https:\/\/lospoliticosveracruz.com\/wp-content\/uploads\/2024\/03\/Oved-Contreras.jpg","width":1250,"height":667},{"@type":"BreadcrumbList","@id":"https:\/\/lospoliticosveracruz.com\/?p=126729#breadcrumb","itemListElement":[{"@type":"ListItem","position":1,"name":"Portada","item":"https:\/\/lospoliticosveracruz.com\/"},{"@type":"ListItem","position":2,"name":"ENAMORA A VERACRUZ"}]},{"@type":"WebSite","@id":"https:\/\/lospoliticosveracruz.com\/#website","url":"https:\/\/lospoliticosveracruz.com\/","name":"Los pol\u00edticos Veracruz","description":"","publisher":{"@id":"https:\/\/lospoliticosveracruz.com\/#organization"},"potentialAction":[{"@type":"SearchAction","target":{"@type":"EntryPoint","urlTemplate":"https:\/\/lospoliticosveracruz.com\/?s={search_term_string}"},"query-input":{"@type":"PropertyValueSpecification","valueRequired":true,"valueName":"search_term_string"}}],"inLanguage":"es"},{"@type":"Organization","@id":"https:\/\/lospoliticosveracruz.com\/#organization","name":"Los pol\u00edticos Veracruz","url":"https:\/\/lospoliticosveracruz.com\/","logo":{"@type":"ImageObject","inLanguage":"es","@id":"https:\/\/lospoliticosveracruz.com\/#\/schema\/logo\/image\/","url":"https:\/\/lospoliticosveracruz.com\/wp-content\/uploads\/2025\/12\/Logo-Nuevo-LOS-POLITICOS-1.jpg","contentUrl":"https:\/\/lospoliticosveracruz.com\/wp-content\/uploads\/2025\/12\/Logo-Nuevo-LOS-POLITICOS-1.jpg","width":260,"height":70,"caption":"Los pol\u00edticos Veracruz"},"image":{"@id":"https:\/\/lospoliticosveracruz.com\/#\/schema\/logo\/image\/"},"sameAs":["https:\/\/www.facebook.com\/people\/Notimemes-de-los-Polticos\/61565672886568\/","https:\/\/x.com\/LosPoliticosVer"]},{"@type":"Person","@id":"https:\/\/lospoliticosveracruz.com\/#\/schema\/person\/b8702bb0e538456e6efd07080bf2a4a2","name":"Lo viste en Los Pol\u00edticos","image":{"@type":"ImageObject","inLanguage":"es","@id":"https:\/\/secure.gravatar.com\/avatar\/3a8de04a2656d44082be478bd6c086daa447c4651605818287b9532d3d0bd435?s=96&d=mm&r=g","url":"https:\/\/secure.gravatar.com\/avatar\/3a8de04a2656d44082be478bd6c086daa447c4651605818287b9532d3d0bd435?s=96&d=mm&r=g","contentUrl":"https:\/\/secure.gravatar.com\/avatar\/3a8de04a2656d44082be478bd6c086daa447c4651605818287b9532d3d0bd435?s=96&d=mm&r=g","caption":"Lo viste en Los Pol\u00edticos"},"url":"https:\/\/lospoliticosveracruz.com\/?author=2"}]}},"_links":{"self":[{"href":"https:\/\/lospoliticosveracruz.com\/index.php?rest_route=\/wp\/v2\/posts\/126729","targetHints":{"allow":["GET"]}}],"collection":[{"href":"https:\/\/lospoliticosveracruz.com\/index.php?rest_route=\/wp\/v2\/posts"}],"about":[{"href":"https:\/\/lospoliticosveracruz.com\/index.php?rest_route=\/wp\/v2\/types\/post"}],"author":[{"embeddable":true,"href":"https:\/\/lospoliticosveracruz.com\/index.php?rest_route=\/wp\/v2\/users\/2"}],"replies":[{"embeddable":true,"href":"https:\/\/lospoliticosveracruz.com\/index.php?rest_route=%2Fwp%2Fv2%2Fcomments&post=126729"}],"version-history":[{"count":1,"href":"https:\/\/lospoliticosveracruz.com\/index.php?rest_route=\/wp\/v2\/posts\/126729\/revisions"}],"predecessor-version":[{"id":126730,"href":"https:\/\/lospoliticosveracruz.com\/index.php?rest_route=\/wp\/v2\/posts\/126729\/revisions\/126730"}],"wp:featuredmedia":[{"embeddable":true,"href":"https:\/\/lospoliticosveracruz.com\/index.php?rest_route=\/wp\/v2\/media\/119816"}],"wp:attachment":[{"href":"https:\/\/lospoliticosveracruz.com\/index.php?rest_route=%2Fwp%2Fv2%2Fmedia&parent=126729"}],"wp:term":[{"taxonomy":"category","embeddable":true,"href":"https:\/\/lospoliticosveracruz.com\/index.php?rest_route=%2Fwp%2Fv2%2Fcategories&post=126729"},{"taxonomy":"post_tag","embeddable":true,"href":"https:\/\/lospoliticosveracruz.com\/index.php?rest_route=%2Fwp%2Fv2%2Ftags&post=126729"}],"curies":[{"name":"wp","href":"https:\/\/api.w.org\/{rel}","templated":true}]}}