{"id":126858,"date":"2024-07-02T12:25:53","date_gmt":"2024-07-02T17:25:53","guid":{"rendered":"https:\/\/lospoliticosveracruz.com.mx\/?p=126858"},"modified":"2024-07-02T12:26:06","modified_gmt":"2024-07-02T17:26:06","slug":"lluvias-y-la-incapacidad-morenista","status":"publish","type":"post","link":"https:\/\/lospoliticosveracruz.com\/?p=126858","title":{"rendered":"LLUVIAS Y LA INCAPACIDAD MORENISTA"},"content":{"rendered":"\n<p><strong>Miguel \u00c1ngel G\u00f3mez Ruiz<\/strong><\/p>\n\n\n\n<p><em>Contrapunto&nbsp;<\/em><\/p>\n\n\n\n<p>Los fen\u00f3menos meteorol\u00f3gicos son el tema de conversaci\u00f3n en cualquier lado y no es para menos. Ya llueve con frecuencia y una zona del pa\u00eds ha sido afectada por lluvias tan intensas que, como ya es costumbre, han rebasado a la autoridad con absoluta facilidad.<\/p>\n\n\n<div class=\"wp-block-image\">\n<figure class=\"alignleft size-thumbnail\"><a href=\"https:\/\/lospoliticosveracruz.com.mx\/wp-content\/uploads\/2024\/05\/IMG_0341-e1716950925234.jpeg\"><img loading=\"lazy\" decoding=\"async\" width=\"150\" height=\"150\" src=\"https:\/\/lospoliticosveracruz.com.mx\/wp-content\/uploads\/2024\/05\/IMG_0341-150x150.jpeg\" alt=\"\" class=\"wp-image-125332\"\/><\/a><\/figure>\n<\/div>\n\n\n<p>Varios estados, entre ellos Tamaulipas, Veracruz y Tabasco, sin Fonden y sin autoridades competentes est\u00e1n pasando graves problemas: Deslaves, inundaciones, desborde de lagos y r\u00edos y destrucci\u00f3n de caminos. Son la constante y lo que es peor, reitero, sin recursos federales y con un gasto excesivo en el pasado proceso electoral hacen casi imposible que el problema se resuelva.<\/p>\n\n\n\n<p>Anteriormente, gran parte de esos problemas eran solucionados, m\u00e1s o menos, con recursos del Fondo Nacional de Desastres (Fonden) y ahora no hay m\u00e1s de eso, se recurre al Ej\u00e9rcito y a los propios mexicanos, para que donen todo lo que sea posible, pero el gobierno federal poco o nada hace.<\/p>\n\n\n\n<p>Hace m\u00e1s o menos un mes, durante una ola de calor, muchos funcionarios y hasta periodistas casi predec\u00edan el fin del mundo debido a la intensa sequ\u00eda, los incendios forestales y el intenso calor. En lo personal, me preocupaba m\u00e1s el per\u00edodo de lluvias, ya que en su mayor\u00eda, los gobernadores y alcaldes no est\u00e1n preparados para enfrentarlas.<\/p>\n\n\n\n<p>Los r\u00edos y riachuelos, anteriormente secos, ya se desbordan ante las intensas lluvias y ahora muchos se quejan, pero as\u00ed es esto y hay una noticia m\u00e1s: seguir\u00e1 lloviendo y seguir\u00e1n ocurriendo los mismos problemas y lo que es peor, la ignorancia de los que nos gobiernan persistir\u00e1 y mientras, quienes votaron por ellos seguir\u00e1n padeciendo todo, as\u00ed de triste.<\/p>\n\n\n\n<p>Para el fin de semana, en los estados de Quintana Roo y Campeche se espera la presencia del hurac\u00e1n Beryl que en este momento se desarrolla en el Caribe. La autoridad ha actuado con lentitud y ojal\u00e1 no ocurra lo de Guerrero el a\u00f1o pasado, pues la autoridad minimiz\u00f3 los posibles efectos de Otis que tras su paso por varios municipios destroz\u00f3 al puerto de Acapulco que al d\u00eda de hoy, sigue sin ser atendido debidamente.<\/p>\n\n\n\n<p>Para el presidente L\u00f3pez, las tormentas no parecen ser de cuidado y desde su p\u00falpito, desestim\u00f3 la fuerza de Beryl y asegur\u00f3 que somos los medios quienes exageramos la intensidad de los meteoros, en fin.<\/p>\n\n\n\n<p>Lo cierto es que los estados ya mencionados estar\u00e1n bajo los efectos de la lluvia el pr\u00f3ximo fin de semana y con seguridad, no lo deseo, veremos a muchos ciudadanos bastante afectados y casi en ruinas y el gobierno insistiendo en que se exager\u00f3 en cuanto a la intensidad del fen\u00f3meno.<\/p>\n\n\n\n<p>Y ya veremos en las siguientes semanas los efectos de las lluvias. Apenas llevamos tres semanas y vendr\u00e1n muchos otros aguaceros. Ya imaginamos a la refiner\u00eda \u201cDos Bocas\u201d, que ante cualquier lluviecita se inunda tanto que parece Bangladesh o estados como Veracruz, Chiapas, Guerrero o Oaxaca, los m\u00e1s pobres del pa\u00eds, con municipios con el agua hasta el cuello y con autoridades expectantes, pero in\u00fatiles para resolver.<\/p>\n\n\n\n<p>Celebraci\u00f3n<\/p>\n\n\n\n<p>Ayer 1 de julio, los morenistas celebraron el triunfo de L\u00f3pez Obrador en 2018 y siguen cre\u00eddos de que, adem\u00e1s de que eso fue hist\u00f3rico, ha sido un gran gobierno, lo que est\u00e1 muy lejos de la realidad.<\/p>\n\n\n\n<p>S\u00ed, hoy vemos un dispendio de recursos en gran parte del pa\u00eds, pero a\u00fan no se ven -ni se ver\u00e1n- los efectos de un buen gobierno. S\u00ed, hemos visto a un presidente que ha hecho de sus ma\u00f1aneras un show medi\u00e1tico que, aunque no da grandes noticias y s\u00ed critica a sus detractores, goza del rating de quienes le defienden.<\/p>\n\n\n\n<p>No, todav\u00eda hoy no se ven resultados y basta con mirar sus obras relumbrantes, sin mayores efectos m\u00e1s que el hecho de que todas costaron una millonada.<\/p>\n\n\n\n<p>El Tren Maya que sigue en construcci\u00f3n, con efectos contrarios a lo que seg\u00fan esperaba el presidente L\u00f3pez. Tala inmoderada de \u00e1rboles y una destrucci\u00f3n devastadora de terrenos dotados de una gran riqueza cultural. El Tren a\u00fan no funciona y as\u00ed ser\u00e1 por mucho tiempo.<\/p>\n\n\n\n<p>Una refiner\u00eda que hasta ahora no refina y que no refinar\u00e1 en mucho tiempo y un aeropuerto que s\u00f3lo es visitado por pilotos perdidos y pasajeros que en ocasiones viajan solos -por cuestiones de la vida- hasta ese lugar.<\/p>\n\n\n\n<p>Y encima, una brutal inseguridad, nula atenci\u00f3n m\u00e9dica, mala distribuci\u00f3n de medicamentos y por supuesto, m\u00e1s pobres. Muchos.<\/p>\n\n\n\n<p>PD A pesar del show mostrando a sus pr\u00f3ximos colaboradores, que no ser\u00e1n m\u00e1s que macetas y floreros mal acomodados en sus oficinas, la pr\u00f3xima gobernadora de Veracruz, Roc\u00edo Nahle, no parece la id\u00f3nea para enfrentar una seria de vicisitudes que ya son a\u00f1ejas en Veracruz. No parece la id\u00f3nea y peor a\u00fan, tendr\u00e1 a su lado a su familia y m\u00e1s a su esposo, que no parece la persona id\u00f3nea para ayudarle a resolver la grave problem\u00e1tica de Veracruz, que ha carecido de un buen gobierno los \u00faltimos seis a\u00f1os.<\/p>\n","protected":false},"excerpt":{"rendered":"<p>Miguel \u00c1ngel G\u00f3mez Ruiz Contrapunto&nbsp; Los fen\u00f3menos meteorol\u00f3gicos son el tema de conversaci\u00f3n en cualquier lado y no es para menos. Ya llueve con frecuencia y una zona del pa\u00eds ha sido afectada por lluvias tan intensas que, como ya es costumbre, han rebasado a la autoridad con absoluta facilidad. Varios estados, entre ellos Tamaulipas, [&hellip;]<\/p>\n","protected":false},"author":2,"featured_media":0,"comment_status":"closed","ping_status":"closed","sticky":false,"template":"","format":"standard","meta":{"tdm_status":"","tdm_grid_status":"","footnotes":""},"categories":[70],"tags":[29974,9649,2632,1026,195],"class_list":{"0":"post-126858","1":"post","2":"type-post","3":"status-publish","4":"format-standard","6":"category-de-opinion","7":"tag-deslaves","8":"tag-fonden","9":"tag-inundaciones","10":"tag-morena","11":"tag-veracruz"},"yoast_head":"<!-- This site is optimized with the Yoast SEO plugin v27.4 - https:\/\/yoast.com\/product\/yoast-seo-wordpress\/ -->\n<title>LLUVIAS Y LA INCAPACIDAD MORENISTA - Los pol\u00edticos Veracruz<\/title>\n<meta name=\"robots\" content=\"index, follow, max-snippet:-1, max-image-preview:large, max-video-preview:-1\" \/>\n<link rel=\"canonical\" href=\"https:\/\/lospoliticosveracruz.com\/?p=126858\" \/>\n<meta property=\"og:locale\" content=\"es_ES\" \/>\n<meta property=\"og:type\" content=\"article\" \/>\n<meta property=\"og:title\" content=\"LLUVIAS Y LA INCAPACIDAD MORENISTA - Los pol\u00edticos Veracruz\" \/>\n<meta property=\"og:description\" content=\"Miguel \u00c1ngel G\u00f3mez Ruiz Contrapunto&nbsp; Los fen\u00f3menos meteorol\u00f3gicos son el tema de conversaci\u00f3n en cualquier lado y no es para menos. Ya llueve con frecuencia y una zona del pa\u00eds ha sido afectada por lluvias tan intensas que, como ya es costumbre, han rebasado a la autoridad con absoluta facilidad. Varios estados, entre ellos Tamaulipas, [&hellip;]\" \/>\n<meta property=\"og:url\" content=\"https:\/\/lospoliticosveracruz.com\/?p=126858\" \/>\n<meta property=\"og:site_name\" content=\"Los pol\u00edticos Veracruz\" \/>\n<meta property=\"article:publisher\" content=\"https:\/\/www.facebook.com\/people\/Notimemes-de-los-Polticos\/61565672886568\/\" \/>\n<meta property=\"article:published_time\" content=\"2024-07-02T17:25:53+00:00\" \/>\n<meta property=\"article:modified_time\" content=\"2024-07-02T17:26:06+00:00\" \/>\n<meta property=\"og:image\" content=\"https:\/\/lospoliticosveracruz.com.mx\/wp-content\/uploads\/2024\/05\/IMG_0341-150x150.jpeg\" \/>\n<meta name=\"author\" content=\"Lo viste en Los Pol\u00edticos\" \/>\n<meta name=\"twitter:card\" content=\"summary_large_image\" \/>\n<meta name=\"twitter:creator\" content=\"@LosPoliticosVer\" \/>\n<meta name=\"twitter:site\" content=\"@LosPoliticosVer\" \/>\n<meta name=\"twitter:label1\" content=\"Escrito por\" \/>\n\t<meta name=\"twitter:data1\" content=\"Lo viste en Los Pol\u00edticos\" \/>\n\t<meta name=\"twitter:label2\" content=\"Tiempo de lectura\" \/>\n\t<meta name=\"twitter:data2\" content=\"4 minutos\" \/>\n<script type=\"application\/ld+json\" class=\"yoast-schema-graph\">{\"@context\":\"https:\\\/\\\/schema.org\",\"@graph\":[{\"@type\":\"Article\",\"@id\":\"https:\\\/\\\/lospoliticosveracruz.com\\\/?p=126858#article\",\"isPartOf\":{\"@id\":\"https:\\\/\\\/lospoliticosveracruz.com\\\/?p=126858\"},\"author\":{\"name\":\"Lo viste en Los Pol\u00edticos\",\"@id\":\"https:\\\/\\\/lospoliticosveracruz.com\\\/#\\\/schema\\\/person\\\/b8702bb0e538456e6efd07080bf2a4a2\"},\"headline\":\"LLUVIAS Y LA INCAPACIDAD MORENISTA\",\"datePublished\":\"2024-07-02T17:25:53+00:00\",\"dateModified\":\"2024-07-02T17:26:06+00:00\",\"mainEntityOfPage\":{\"@id\":\"https:\\\/\\\/lospoliticosveracruz.com\\\/?p=126858\"},\"wordCount\":901,\"publisher\":{\"@id\":\"https:\\\/\\\/lospoliticosveracruz.com\\\/#organization\"},\"image\":{\"@id\":\"https:\\\/\\\/lospoliticosveracruz.com\\\/?p=126858#primaryimage\"},\"thumbnailUrl\":\"https:\\\/\\\/lospoliticosveracruz.com.mx\\\/wp-content\\\/uploads\\\/2024\\\/05\\\/IMG_0341-150x150.jpeg\",\"keywords\":[\"Deslaves\",\"Fonden\",\"inundaciones\",\"Morena\",\"Veracruz\"],\"articleSection\":[\"De Opini\u00f3n\"],\"inLanguage\":\"es\"},{\"@type\":\"WebPage\",\"@id\":\"https:\\\/\\\/lospoliticosveracruz.com\\\/?p=126858\",\"url\":\"https:\\\/\\\/lospoliticosveracruz.com\\\/?p=126858\",\"name\":\"LLUVIAS Y LA INCAPACIDAD MORENISTA - Los pol\u00edticos Veracruz\",\"isPartOf\":{\"@id\":\"https:\\\/\\\/lospoliticosveracruz.com\\\/#website\"},\"primaryImageOfPage\":{\"@id\":\"https:\\\/\\\/lospoliticosveracruz.com\\\/?p=126858#primaryimage\"},\"image\":{\"@id\":\"https:\\\/\\\/lospoliticosveracruz.com\\\/?p=126858#primaryimage\"},\"thumbnailUrl\":\"https:\\\/\\\/lospoliticosveracruz.com.mx\\\/wp-content\\\/uploads\\\/2024\\\/05\\\/IMG_0341-150x150.jpeg\",\"datePublished\":\"2024-07-02T17:25:53+00:00\",\"dateModified\":\"2024-07-02T17:26:06+00:00\",\"breadcrumb\":{\"@id\":\"https:\\\/\\\/lospoliticosveracruz.com\\\/?p=126858#breadcrumb\"},\"inLanguage\":\"es\",\"potentialAction\":[{\"@type\":\"ReadAction\",\"target\":[\"https:\\\/\\\/lospoliticosveracruz.com\\\/?p=126858\"]}]},{\"@type\":\"ImageObject\",\"inLanguage\":\"es\",\"@id\":\"https:\\\/\\\/lospoliticosveracruz.com\\\/?p=126858#primaryimage\",\"url\":\"https:\\\/\\\/lospoliticosveracruz.com.mx\\\/wp-content\\\/uploads\\\/2024\\\/05\\\/IMG_0341-150x150.jpeg\",\"contentUrl\":\"https:\\\/\\\/lospoliticosveracruz.com.mx\\\/wp-content\\\/uploads\\\/2024\\\/05\\\/IMG_0341-150x150.jpeg\"},{\"@type\":\"BreadcrumbList\",\"@id\":\"https:\\\/\\\/lospoliticosveracruz.com\\\/?p=126858#breadcrumb\",\"itemListElement\":[{\"@type\":\"ListItem\",\"position\":1,\"name\":\"Portada\",\"item\":\"https:\\\/\\\/lospoliticosveracruz.com\\\/\"},{\"@type\":\"ListItem\",\"position\":2,\"name\":\"LLUVIAS Y LA INCAPACIDAD MORENISTA\"}]},{\"@type\":\"WebSite\",\"@id\":\"https:\\\/\\\/lospoliticosveracruz.com\\\/#website\",\"url\":\"https:\\\/\\\/lospoliticosveracruz.com\\\/\",\"name\":\"Los pol\u00edticos Veracruz\",\"description\":\"\",\"publisher\":{\"@id\":\"https:\\\/\\\/lospoliticosveracruz.com\\\/#organization\"},\"potentialAction\":[{\"@type\":\"SearchAction\",\"target\":{\"@type\":\"EntryPoint\",\"urlTemplate\":\"https:\\\/\\\/lospoliticosveracruz.com\\\/?s={search_term_string}\"},\"query-input\":{\"@type\":\"PropertyValueSpecification\",\"valueRequired\":true,\"valueName\":\"search_term_string\"}}],\"inLanguage\":\"es\"},{\"@type\":\"Organization\",\"@id\":\"https:\\\/\\\/lospoliticosveracruz.com\\\/#organization\",\"name\":\"Los pol\u00edticos Veracruz\",\"url\":\"https:\\\/\\\/lospoliticosveracruz.com\\\/\",\"logo\":{\"@type\":\"ImageObject\",\"inLanguage\":\"es\",\"@id\":\"https:\\\/\\\/lospoliticosveracruz.com\\\/#\\\/schema\\\/logo\\\/image\\\/\",\"url\":\"https:\\\/\\\/lospoliticosveracruz.com\\\/wp-content\\\/uploads\\\/2025\\\/12\\\/Logo-Nuevo-LOS-POLITICOS-1.jpg\",\"contentUrl\":\"https:\\\/\\\/lospoliticosveracruz.com\\\/wp-content\\\/uploads\\\/2025\\\/12\\\/Logo-Nuevo-LOS-POLITICOS-1.jpg\",\"width\":260,\"height\":70,\"caption\":\"Los pol\u00edticos Veracruz\"},\"image\":{\"@id\":\"https:\\\/\\\/lospoliticosveracruz.com\\\/#\\\/schema\\\/logo\\\/image\\\/\"},\"sameAs\":[\"https:\\\/\\\/www.facebook.com\\\/people\\\/Notimemes-de-los-Polticos\\\/61565672886568\\\/\",\"https:\\\/\\\/x.com\\\/LosPoliticosVer\"]},{\"@type\":\"Person\",\"@id\":\"https:\\\/\\\/lospoliticosveracruz.com\\\/#\\\/schema\\\/person\\\/b8702bb0e538456e6efd07080bf2a4a2\",\"name\":\"Lo viste en Los Pol\u00edticos\",\"image\":{\"@type\":\"ImageObject\",\"inLanguage\":\"es\",\"@id\":\"https:\\\/\\\/secure.gravatar.com\\\/avatar\\\/3a8de04a2656d44082be478bd6c086daa447c4651605818287b9532d3d0bd435?s=96&d=mm&r=g\",\"url\":\"https:\\\/\\\/secure.gravatar.com\\\/avatar\\\/3a8de04a2656d44082be478bd6c086daa447c4651605818287b9532d3d0bd435?s=96&d=mm&r=g\",\"contentUrl\":\"https:\\\/\\\/secure.gravatar.com\\\/avatar\\\/3a8de04a2656d44082be478bd6c086daa447c4651605818287b9532d3d0bd435?s=96&d=mm&r=g\",\"caption\":\"Lo viste en Los Pol\u00edticos\"},\"url\":\"https:\\\/\\\/lospoliticosveracruz.com\\\/?author=2\"}]}<\/script>\n<!-- \/ Yoast SEO plugin. -->","yoast_head_json":{"title":"LLUVIAS Y LA INCAPACIDAD MORENISTA - Los pol\u00edticos Veracruz","robots":{"index":"index","follow":"follow","max-snippet":"max-snippet:-1","max-image-preview":"max-image-preview:large","max-video-preview":"max-video-preview:-1"},"canonical":"https:\/\/lospoliticosveracruz.com\/?p=126858","og_locale":"es_ES","og_type":"article","og_title":"LLUVIAS Y LA INCAPACIDAD MORENISTA - Los pol\u00edticos Veracruz","og_description":"Miguel \u00c1ngel G\u00f3mez Ruiz Contrapunto&nbsp; Los fen\u00f3menos meteorol\u00f3gicos son el tema de conversaci\u00f3n en cualquier lado y no es para menos. Ya llueve con frecuencia y una zona del pa\u00eds ha sido afectada por lluvias tan intensas que, como ya es costumbre, han rebasado a la autoridad con absoluta facilidad. Varios estados, entre ellos Tamaulipas, [&hellip;]","og_url":"https:\/\/lospoliticosveracruz.com\/?p=126858","og_site_name":"Los pol\u00edticos Veracruz","article_publisher":"https:\/\/www.facebook.com\/people\/Notimemes-de-los-Polticos\/61565672886568\/","article_published_time":"2024-07-02T17:25:53+00:00","article_modified_time":"2024-07-02T17:26:06+00:00","og_image":[{"url":"https:\/\/lospoliticosveracruz.com.mx\/wp-content\/uploads\/2024\/05\/IMG_0341-150x150.jpeg","type":"","width":"","height":""}],"author":"Lo viste en Los Pol\u00edticos","twitter_card":"summary_large_image","twitter_creator":"@LosPoliticosVer","twitter_site":"@LosPoliticosVer","twitter_misc":{"Escrito por":"Lo viste en Los Pol\u00edticos","Tiempo de lectura":"4 minutos"},"schema":{"@context":"https:\/\/schema.org","@graph":[{"@type":"Article","@id":"https:\/\/lospoliticosveracruz.com\/?p=126858#article","isPartOf":{"@id":"https:\/\/lospoliticosveracruz.com\/?p=126858"},"author":{"name":"Lo viste en Los Pol\u00edticos","@id":"https:\/\/lospoliticosveracruz.com\/#\/schema\/person\/b8702bb0e538456e6efd07080bf2a4a2"},"headline":"LLUVIAS Y LA INCAPACIDAD MORENISTA","datePublished":"2024-07-02T17:25:53+00:00","dateModified":"2024-07-02T17:26:06+00:00","mainEntityOfPage":{"@id":"https:\/\/lospoliticosveracruz.com\/?p=126858"},"wordCount":901,"publisher":{"@id":"https:\/\/lospoliticosveracruz.com\/#organization"},"image":{"@id":"https:\/\/lospoliticosveracruz.com\/?p=126858#primaryimage"},"thumbnailUrl":"https:\/\/lospoliticosveracruz.com.mx\/wp-content\/uploads\/2024\/05\/IMG_0341-150x150.jpeg","keywords":["Deslaves","Fonden","inundaciones","Morena","Veracruz"],"articleSection":["De Opini\u00f3n"],"inLanguage":"es"},{"@type":"WebPage","@id":"https:\/\/lospoliticosveracruz.com\/?p=126858","url":"https:\/\/lospoliticosveracruz.com\/?p=126858","name":"LLUVIAS Y LA INCAPACIDAD MORENISTA - Los pol\u00edticos Veracruz","isPartOf":{"@id":"https:\/\/lospoliticosveracruz.com\/#website"},"primaryImageOfPage":{"@id":"https:\/\/lospoliticosveracruz.com\/?p=126858#primaryimage"},"image":{"@id":"https:\/\/lospoliticosveracruz.com\/?p=126858#primaryimage"},"thumbnailUrl":"https:\/\/lospoliticosveracruz.com.mx\/wp-content\/uploads\/2024\/05\/IMG_0341-150x150.jpeg","datePublished":"2024-07-02T17:25:53+00:00","dateModified":"2024-07-02T17:26:06+00:00","breadcrumb":{"@id":"https:\/\/lospoliticosveracruz.com\/?p=126858#breadcrumb"},"inLanguage":"es","potentialAction":[{"@type":"ReadAction","target":["https:\/\/lospoliticosveracruz.com\/?p=126858"]}]},{"@type":"ImageObject","inLanguage":"es","@id":"https:\/\/lospoliticosveracruz.com\/?p=126858#primaryimage","url":"https:\/\/lospoliticosveracruz.com.mx\/wp-content\/uploads\/2024\/05\/IMG_0341-150x150.jpeg","contentUrl":"https:\/\/lospoliticosveracruz.com.mx\/wp-content\/uploads\/2024\/05\/IMG_0341-150x150.jpeg"},{"@type":"BreadcrumbList","@id":"https:\/\/lospoliticosveracruz.com\/?p=126858#breadcrumb","itemListElement":[{"@type":"ListItem","position":1,"name":"Portada","item":"https:\/\/lospoliticosveracruz.com\/"},{"@type":"ListItem","position":2,"name":"LLUVIAS Y LA INCAPACIDAD MORENISTA"}]},{"@type":"WebSite","@id":"https:\/\/lospoliticosveracruz.com\/#website","url":"https:\/\/lospoliticosveracruz.com\/","name":"Los pol\u00edticos Veracruz","description":"","publisher":{"@id":"https:\/\/lospoliticosveracruz.com\/#organization"},"potentialAction":[{"@type":"SearchAction","target":{"@type":"EntryPoint","urlTemplate":"https:\/\/lospoliticosveracruz.com\/?s={search_term_string}"},"query-input":{"@type":"PropertyValueSpecification","valueRequired":true,"valueName":"search_term_string"}}],"inLanguage":"es"},{"@type":"Organization","@id":"https:\/\/lospoliticosveracruz.com\/#organization","name":"Los pol\u00edticos Veracruz","url":"https:\/\/lospoliticosveracruz.com\/","logo":{"@type":"ImageObject","inLanguage":"es","@id":"https:\/\/lospoliticosveracruz.com\/#\/schema\/logo\/image\/","url":"https:\/\/lospoliticosveracruz.com\/wp-content\/uploads\/2025\/12\/Logo-Nuevo-LOS-POLITICOS-1.jpg","contentUrl":"https:\/\/lospoliticosveracruz.com\/wp-content\/uploads\/2025\/12\/Logo-Nuevo-LOS-POLITICOS-1.jpg","width":260,"height":70,"caption":"Los pol\u00edticos Veracruz"},"image":{"@id":"https:\/\/lospoliticosveracruz.com\/#\/schema\/logo\/image\/"},"sameAs":["https:\/\/www.facebook.com\/people\/Notimemes-de-los-Polticos\/61565672886568\/","https:\/\/x.com\/LosPoliticosVer"]},{"@type":"Person","@id":"https:\/\/lospoliticosveracruz.com\/#\/schema\/person\/b8702bb0e538456e6efd07080bf2a4a2","name":"Lo viste en Los Pol\u00edticos","image":{"@type":"ImageObject","inLanguage":"es","@id":"https:\/\/secure.gravatar.com\/avatar\/3a8de04a2656d44082be478bd6c086daa447c4651605818287b9532d3d0bd435?s=96&d=mm&r=g","url":"https:\/\/secure.gravatar.com\/avatar\/3a8de04a2656d44082be478bd6c086daa447c4651605818287b9532d3d0bd435?s=96&d=mm&r=g","contentUrl":"https:\/\/secure.gravatar.com\/avatar\/3a8de04a2656d44082be478bd6c086daa447c4651605818287b9532d3d0bd435?s=96&d=mm&r=g","caption":"Lo viste en Los Pol\u00edticos"},"url":"https:\/\/lospoliticosveracruz.com\/?author=2"}]}},"_links":{"self":[{"href":"https:\/\/lospoliticosveracruz.com\/index.php?rest_route=\/wp\/v2\/posts\/126858","targetHints":{"allow":["GET"]}}],"collection":[{"href":"https:\/\/lospoliticosveracruz.com\/index.php?rest_route=\/wp\/v2\/posts"}],"about":[{"href":"https:\/\/lospoliticosveracruz.com\/index.php?rest_route=\/wp\/v2\/types\/post"}],"author":[{"embeddable":true,"href":"https:\/\/lospoliticosveracruz.com\/index.php?rest_route=\/wp\/v2\/users\/2"}],"replies":[{"embeddable":true,"href":"https:\/\/lospoliticosveracruz.com\/index.php?rest_route=%2Fwp%2Fv2%2Fcomments&post=126858"}],"version-history":[{"count":1,"href":"https:\/\/lospoliticosveracruz.com\/index.php?rest_route=\/wp\/v2\/posts\/126858\/revisions"}],"predecessor-version":[{"id":126859,"href":"https:\/\/lospoliticosveracruz.com\/index.php?rest_route=\/wp\/v2\/posts\/126858\/revisions\/126859"}],"wp:attachment":[{"href":"https:\/\/lospoliticosveracruz.com\/index.php?rest_route=%2Fwp%2Fv2%2Fmedia&parent=126858"}],"wp:term":[{"taxonomy":"category","embeddable":true,"href":"https:\/\/lospoliticosveracruz.com\/index.php?rest_route=%2Fwp%2Fv2%2Fcategories&post=126858"},{"taxonomy":"post_tag","embeddable":true,"href":"https:\/\/lospoliticosveracruz.com\/index.php?rest_route=%2Fwp%2Fv2%2Ftags&post=126858"}],"curies":[{"name":"wp","href":"https:\/\/api.w.org\/{rel}","templated":true}]}}