{"id":12688,"date":"2014-10-15T00:53:50","date_gmt":"2014-10-15T05:53:50","guid":{"rendered":"http:\/\/www.lospoliticosveracruz.com.mx\/?p=12688"},"modified":"2014-10-15T01:11:38","modified_gmt":"2014-10-15T06:11:38","slug":"el-terror-de-transito-regreso","status":"publish","type":"post","link":"https:\/\/lospoliticosveracruz.com\/?p=12688","title":{"rendered":"El terror de Tr\u00e1nsito regres\u00f3!"},"content":{"rendered":"<p><a href=\"http:\/\/www.lospoliticosveracruz.com.mx\/wp-content\/uploads\/2014\/10\/Diana8.jpg\"><img loading=\"lazy\" decoding=\"async\" class=\"alignnone size-medium wp-image-12702\" src=\"http:\/\/www.lospoliticosveracruz.com.mx\/wp-content\/uploads\/2014\/10\/Diana8-300x136.jpg\" alt=\"Diana\" width=\"300\" height=\"136\" \/><\/a><\/p>\n<p>El conductor de un veh\u00edculo con placas YJS-33-47, al parecer funcionario de la SEV, fue detenido por elementos de Seguridad P\u00fablica, justo a la salida del viaducto despu\u00e9s de que echara encima su veh\u00edculo a dos elementos de tr\u00e1nsito y darse a la fuga durante una manifestaci\u00f3n en Enr\u00edquez&#8230; al parecer, uno de los agentes de la vialidad es mujer.<br \/>\nCuando detienen al sujeto, se dijo v\u00edctima de la desesperaci\u00f3n, como si hubiera sido pose\u00eddo por un esp\u00edritu maligno&#8230; s\u00ed, lo que tanto tem\u00edan los agentes de Tr\u00e1nsito es una realidad&#8230; algo peor que \u00abEl Regreso de Diana Salazar\u00bb es \u00a1\u00bbEl regreso de Diana Santiago\u00bb!<\/p>\n<p>&nbsp;<\/p>\n<figure id=\"attachment_12697\" aria-describedby=\"caption-attachment-12697\" style=\"width: 300px\" class=\"wp-caption alignnone\"><a href=\"http:\/\/www.lospoliticosveracruz.com.mx\/wp-content\/uploads\/2014\/10\/Diana9.png\"><img loading=\"lazy\" decoding=\"async\" class=\"wp-image-12697 size-medium\" src=\"http:\/\/www.lospoliticosveracruz.com.mx\/wp-content\/uploads\/2014\/10\/Diana9-300x300.png\" alt=\"Diana9\" width=\"300\" height=\"300\" \/><\/a><figcaption id=\"caption-attachment-12697\" class=\"wp-caption-text\">Un Meme del funcionario \u00abpose\u00eddo\u00bb<\/figcaption><\/figure>\n<figure id=\"attachment_12696\" aria-describedby=\"caption-attachment-12696\" style=\"width: 300px\" class=\"wp-caption alignnone\"><a href=\"http:\/\/www.lospoliticosveracruz.com.mx\/wp-content\/uploads\/2014\/10\/Diana7.jpg\"><img loading=\"lazy\" decoding=\"async\" class=\"wp-image-12696 size-medium\" src=\"http:\/\/www.lospoliticosveracruz.com.mx\/wp-content\/uploads\/2014\/10\/Diana7-300x200.jpg\" alt=\"Diana7\" width=\"300\" height=\"200\" \/><\/a><figcaption id=\"caption-attachment-12696\" class=\"wp-caption-text\">Moretones de la embestida<\/figcaption><\/figure>\n<p>&nbsp;<\/p>\n<figure id=\"attachment_12695\" aria-describedby=\"caption-attachment-12695\" style=\"width: 200px\" class=\"wp-caption alignnone\"><a href=\"http:\/\/www.lospoliticosveracruz.com.mx\/wp-content\/uploads\/2014\/10\/Diana6.jpg\"><img loading=\"lazy\" decoding=\"async\" class=\"wp-image-12695 size-medium\" src=\"http:\/\/www.lospoliticosveracruz.com.mx\/wp-content\/uploads\/2014\/10\/Diana6-200x300.jpg\" alt=\"Diana6\" width=\"200\" height=\"300\" \/><\/a><figcaption id=\"caption-attachment-12695\" class=\"wp-caption-text\">Hasta le pas\u00f3 encima al m\u00f3vil<\/figcaption><\/figure>\n<figure id=\"attachment_12693\" aria-describedby=\"caption-attachment-12693\" style=\"width: 300px\" class=\"wp-caption alignnone\"><a href=\"http:\/\/www.lospoliticosveracruz.com.mx\/wp-content\/uploads\/2014\/10\/Diana4.jpg\"><img loading=\"lazy\" decoding=\"async\" class=\"wp-image-12693 size-medium\" src=\"http:\/\/www.lospoliticosveracruz.com.mx\/wp-content\/uploads\/2014\/10\/Diana4-300x200.jpg\" alt=\"Diana4\" width=\"300\" height=\"200\" \/><\/a><figcaption id=\"caption-attachment-12693\" class=\"wp-caption-text\">Le dej\u00f3 la mano desconchabadita<\/figcaption><\/figure>\n<figure id=\"attachment_12692\" aria-describedby=\"caption-attachment-12692\" style=\"width: 300px\" class=\"wp-caption alignnone\"><a href=\"http:\/\/www.lospoliticosveracruz.com.mx\/wp-content\/uploads\/2014\/10\/Diana3.jpg\"><img loading=\"lazy\" decoding=\"async\" class=\"wp-image-12692 size-medium\" src=\"http:\/\/www.lospoliticosveracruz.com.mx\/wp-content\/uploads\/2014\/10\/Diana3-300x200.jpg\" alt=\"Diana3\" width=\"300\" height=\"200\" \/><\/a><figcaption id=\"caption-attachment-12692\" class=\"wp-caption-text\">Manita desconchabadita<\/figcaption><\/figure>\n<figure id=\"attachment_12691\" aria-describedby=\"caption-attachment-12691\" style=\"width: 300px\" class=\"wp-caption alignnone\"><a href=\"http:\/\/www.lospoliticosveracruz.com.mx\/wp-content\/uploads\/2014\/10\/Diana2.jpg\"><img loading=\"lazy\" decoding=\"async\" class=\"wp-image-12691 size-medium\" src=\"http:\/\/www.lospoliticosveracruz.com.mx\/wp-content\/uploads\/2014\/10\/Diana2-300x225.jpg\" alt=\"Diana2\" width=\"300\" height=\"225\" \/><\/a><figcaption id=\"caption-attachment-12691\" class=\"wp-caption-text\">El pose\u00eddo<\/figcaption><\/figure>\n<figure id=\"attachment_12690\" aria-describedby=\"caption-attachment-12690\" style=\"width: 300px\" class=\"wp-caption alignnone\"><a href=\"http:\/\/www.lospoliticosveracruz.com.mx\/wp-content\/uploads\/2014\/10\/Diana.jpg\"><img loading=\"lazy\" decoding=\"async\" class=\"wp-image-12690 size-medium\" src=\"http:\/\/www.lospoliticosveracruz.com.mx\/wp-content\/uploads\/2014\/10\/Diana-300x225.jpg\" alt=\"Diana\" width=\"300\" height=\"225\" \/><\/a><figcaption id=\"caption-attachment-12690\" class=\"wp-caption-text\">\u00bfLe encuentra parecido a Diana?<\/figcaption><\/figure>\n","protected":false},"excerpt":{"rendered":"<p>El conductor de un veh\u00edculo con placas YJS-33-47, al parecer funcionario de la SEV, fue detenido por elementos de Seguridad P\u00fablica, justo a la salida del viaducto despu\u00e9s de que echara encima su veh\u00edculo a dos elementos de tr\u00e1nsito y darse a la fuga durante una manifestaci\u00f3n en Enr\u00edquez&#8230; al parecer, uno de los agentes [&hellip;]<\/p>\n","protected":false},"author":2,"featured_media":0,"comment_status":"open","ping_status":"open","sticky":false,"template":"","format":"standard","meta":{"tdm_status":"","tdm_grid_status":"","footnotes":""},"categories":[74],"tags":[83,177,192],"class_list":{"0":"post-12688","1":"post","2":"type-post","3":"status-publish","4":"format-standard","6":"category-lavadero","7":"tag-diana-santiago","8":"tag-seguridad-publica","9":"tag-transito"},"yoast_head":"<!-- This site is optimized with the Yoast SEO plugin v27.4 - https:\/\/yoast.com\/product\/yoast-seo-wordpress\/ -->\n<title>El terror de Tr\u00e1nsito regres\u00f3! - Los pol\u00edticos Veracruz<\/title>\n<meta name=\"robots\" content=\"index, follow, max-snippet:-1, max-image-preview:large, max-video-preview:-1\" \/>\n<link rel=\"canonical\" href=\"https:\/\/lospoliticosveracruz.com\/?p=12688\" \/>\n<meta property=\"og:locale\" content=\"es_ES\" \/>\n<meta property=\"og:type\" content=\"article\" \/>\n<meta property=\"og:title\" content=\"El terror de Tr\u00e1nsito regres\u00f3! - Los pol\u00edticos Veracruz\" \/>\n<meta property=\"og:description\" content=\"El conductor de un veh\u00edculo con placas YJS-33-47, al parecer funcionario de la SEV, fue detenido por elementos de Seguridad P\u00fablica, justo a la salida del viaducto despu\u00e9s de que echara encima su veh\u00edculo a dos elementos de tr\u00e1nsito y darse a la fuga durante una manifestaci\u00f3n en Enr\u00edquez&#8230; al parecer, uno de los agentes [&hellip;]\" \/>\n<meta property=\"og:url\" content=\"https:\/\/lospoliticosveracruz.com\/?p=12688\" \/>\n<meta property=\"og:site_name\" content=\"Los pol\u00edticos Veracruz\" \/>\n<meta property=\"article:publisher\" content=\"https:\/\/www.facebook.com\/people\/Notimemes-de-los-Polticos\/61565672886568\/\" \/>\n<meta property=\"article:published_time\" content=\"2014-10-15T05:53:50+00:00\" \/>\n<meta property=\"article:modified_time\" content=\"2014-10-15T06:11:38+00:00\" \/>\n<meta property=\"og:image\" content=\"http:\/\/www.lospoliticosveracruz.com.mx\/wp-content\/uploads\/2014\/10\/Diana8-300x136.jpg\" \/>\n<meta name=\"author\" content=\"Lo viste en Los Pol\u00edticos\" \/>\n<meta name=\"twitter:card\" content=\"summary_large_image\" \/>\n<meta name=\"twitter:creator\" content=\"@LosPoliticosVer\" \/>\n<meta name=\"twitter:site\" content=\"@LosPoliticosVer\" \/>\n<meta name=\"twitter:label1\" content=\"Escrito por\" \/>\n\t<meta name=\"twitter:data1\" content=\"Lo viste en Los Pol\u00edticos\" \/>\n\t<meta name=\"twitter:label2\" content=\"Tiempo de lectura\" \/>\n\t<meta name=\"twitter:data2\" content=\"1 minuto\" \/>\n<script type=\"application\/ld+json\" class=\"yoast-schema-graph\">{\"@context\":\"https:\\\/\\\/schema.org\",\"@graph\":[{\"@type\":\"Article\",\"@id\":\"https:\\\/\\\/lospoliticosveracruz.com\\\/?p=12688#article\",\"isPartOf\":{\"@id\":\"https:\\\/\\\/lospoliticosveracruz.com\\\/?p=12688\"},\"author\":{\"name\":\"Lo viste en Los Pol\u00edticos\",\"@id\":\"https:\\\/\\\/lospoliticosveracruz.com\\\/#\\\/schema\\\/person\\\/b8702bb0e538456e6efd07080bf2a4a2\"},\"headline\":\"El terror de Tr\u00e1nsito regres\u00f3!\",\"datePublished\":\"2014-10-15T05:53:50+00:00\",\"dateModified\":\"2014-10-15T06:11:38+00:00\",\"mainEntityOfPage\":{\"@id\":\"https:\\\/\\\/lospoliticosveracruz.com\\\/?p=12688\"},\"wordCount\":208,\"commentCount\":1,\"publisher\":{\"@id\":\"https:\\\/\\\/lospoliticosveracruz.com\\\/#organization\"},\"image\":{\"@id\":\"https:\\\/\\\/lospoliticosveracruz.com\\\/?p=12688#primaryimage\"},\"thumbnailUrl\":\"http:\\\/\\\/www.lospoliticosveracruz.com.mx\\\/wp-content\\\/uploads\\\/2014\\\/10\\\/Diana8-300x136.jpg\",\"keywords\":[\"Diana Santiago\",\"Seguridad P\u00fablica\",\"Tr\u00e1nsito\"],\"articleSection\":[\"Lavadero\"],\"inLanguage\":\"es\",\"potentialAction\":[{\"@type\":\"CommentAction\",\"name\":\"Comment\",\"target\":[\"https:\\\/\\\/lospoliticosveracruz.com\\\/?p=12688#respond\"]}]},{\"@type\":\"WebPage\",\"@id\":\"https:\\\/\\\/lospoliticosveracruz.com\\\/?p=12688\",\"url\":\"https:\\\/\\\/lospoliticosveracruz.com\\\/?p=12688\",\"name\":\"El terror de Tr\u00e1nsito regres\u00f3! - Los pol\u00edticos Veracruz\",\"isPartOf\":{\"@id\":\"https:\\\/\\\/lospoliticosveracruz.com\\\/#website\"},\"primaryImageOfPage\":{\"@id\":\"https:\\\/\\\/lospoliticosveracruz.com\\\/?p=12688#primaryimage\"},\"image\":{\"@id\":\"https:\\\/\\\/lospoliticosveracruz.com\\\/?p=12688#primaryimage\"},\"thumbnailUrl\":\"http:\\\/\\\/www.lospoliticosveracruz.com.mx\\\/wp-content\\\/uploads\\\/2014\\\/10\\\/Diana8-300x136.jpg\",\"datePublished\":\"2014-10-15T05:53:50+00:00\",\"dateModified\":\"2014-10-15T06:11:38+00:00\",\"breadcrumb\":{\"@id\":\"https:\\\/\\\/lospoliticosveracruz.com\\\/?p=12688#breadcrumb\"},\"inLanguage\":\"es\",\"potentialAction\":[{\"@type\":\"ReadAction\",\"target\":[\"https:\\\/\\\/lospoliticosveracruz.com\\\/?p=12688\"]}]},{\"@type\":\"ImageObject\",\"inLanguage\":\"es\",\"@id\":\"https:\\\/\\\/lospoliticosveracruz.com\\\/?p=12688#primaryimage\",\"url\":\"http:\\\/\\\/www.lospoliticosveracruz.com.mx\\\/wp-content\\\/uploads\\\/2014\\\/10\\\/Diana8-300x136.jpg\",\"contentUrl\":\"http:\\\/\\\/www.lospoliticosveracruz.com.mx\\\/wp-content\\\/uploads\\\/2014\\\/10\\\/Diana8-300x136.jpg\"},{\"@type\":\"BreadcrumbList\",\"@id\":\"https:\\\/\\\/lospoliticosveracruz.com\\\/?p=12688#breadcrumb\",\"itemListElement\":[{\"@type\":\"ListItem\",\"position\":1,\"name\":\"Portada\",\"item\":\"https:\\\/\\\/lospoliticosveracruz.com\\\/\"},{\"@type\":\"ListItem\",\"position\":2,\"name\":\"El terror de Tr\u00e1nsito regres\u00f3!\"}]},{\"@type\":\"WebSite\",\"@id\":\"https:\\\/\\\/lospoliticosveracruz.com\\\/#website\",\"url\":\"https:\\\/\\\/lospoliticosveracruz.com\\\/\",\"name\":\"Los pol\u00edticos Veracruz\",\"description\":\"\",\"publisher\":{\"@id\":\"https:\\\/\\\/lospoliticosveracruz.com\\\/#organization\"},\"potentialAction\":[{\"@type\":\"SearchAction\",\"target\":{\"@type\":\"EntryPoint\",\"urlTemplate\":\"https:\\\/\\\/lospoliticosveracruz.com\\\/?s={search_term_string}\"},\"query-input\":{\"@type\":\"PropertyValueSpecification\",\"valueRequired\":true,\"valueName\":\"search_term_string\"}}],\"inLanguage\":\"es\"},{\"@type\":\"Organization\",\"@id\":\"https:\\\/\\\/lospoliticosveracruz.com\\\/#organization\",\"name\":\"Los pol\u00edticos Veracruz\",\"url\":\"https:\\\/\\\/lospoliticosveracruz.com\\\/\",\"logo\":{\"@type\":\"ImageObject\",\"inLanguage\":\"es\",\"@id\":\"https:\\\/\\\/lospoliticosveracruz.com\\\/#\\\/schema\\\/logo\\\/image\\\/\",\"url\":\"https:\\\/\\\/lospoliticosveracruz.com\\\/wp-content\\\/uploads\\\/2025\\\/12\\\/Logo-Nuevo-LOS-POLITICOS-1.jpg\",\"contentUrl\":\"https:\\\/\\\/lospoliticosveracruz.com\\\/wp-content\\\/uploads\\\/2025\\\/12\\\/Logo-Nuevo-LOS-POLITICOS-1.jpg\",\"width\":260,\"height\":70,\"caption\":\"Los pol\u00edticos Veracruz\"},\"image\":{\"@id\":\"https:\\\/\\\/lospoliticosveracruz.com\\\/#\\\/schema\\\/logo\\\/image\\\/\"},\"sameAs\":[\"https:\\\/\\\/www.facebook.com\\\/people\\\/Notimemes-de-los-Polticos\\\/61565672886568\\\/\",\"https:\\\/\\\/x.com\\\/LosPoliticosVer\"]},{\"@type\":\"Person\",\"@id\":\"https:\\\/\\\/lospoliticosveracruz.com\\\/#\\\/schema\\\/person\\\/b8702bb0e538456e6efd07080bf2a4a2\",\"name\":\"Lo viste en Los Pol\u00edticos\",\"image\":{\"@type\":\"ImageObject\",\"inLanguage\":\"es\",\"@id\":\"https:\\\/\\\/secure.gravatar.com\\\/avatar\\\/3a8de04a2656d44082be478bd6c086daa447c4651605818287b9532d3d0bd435?s=96&d=mm&r=g\",\"url\":\"https:\\\/\\\/secure.gravatar.com\\\/avatar\\\/3a8de04a2656d44082be478bd6c086daa447c4651605818287b9532d3d0bd435?s=96&d=mm&r=g\",\"contentUrl\":\"https:\\\/\\\/secure.gravatar.com\\\/avatar\\\/3a8de04a2656d44082be478bd6c086daa447c4651605818287b9532d3d0bd435?s=96&d=mm&r=g\",\"caption\":\"Lo viste en Los Pol\u00edticos\"},\"url\":\"https:\\\/\\\/lospoliticosveracruz.com\\\/?author=2\"}]}<\/script>\n<!-- \/ Yoast SEO plugin. -->","yoast_head_json":{"title":"El terror de Tr\u00e1nsito regres\u00f3! - Los pol\u00edticos Veracruz","robots":{"index":"index","follow":"follow","max-snippet":"max-snippet:-1","max-image-preview":"max-image-preview:large","max-video-preview":"max-video-preview:-1"},"canonical":"https:\/\/lospoliticosveracruz.com\/?p=12688","og_locale":"es_ES","og_type":"article","og_title":"El terror de Tr\u00e1nsito regres\u00f3! - Los pol\u00edticos Veracruz","og_description":"El conductor de un veh\u00edculo con placas YJS-33-47, al parecer funcionario de la SEV, fue detenido por elementos de Seguridad P\u00fablica, justo a la salida del viaducto despu\u00e9s de que echara encima su veh\u00edculo a dos elementos de tr\u00e1nsito y darse a la fuga durante una manifestaci\u00f3n en Enr\u00edquez&#8230; al parecer, uno de los agentes [&hellip;]","og_url":"https:\/\/lospoliticosveracruz.com\/?p=12688","og_site_name":"Los pol\u00edticos Veracruz","article_publisher":"https:\/\/www.facebook.com\/people\/Notimemes-de-los-Polticos\/61565672886568\/","article_published_time":"2014-10-15T05:53:50+00:00","article_modified_time":"2014-10-15T06:11:38+00:00","og_image":[{"url":"http:\/\/www.lospoliticosveracruz.com.mx\/wp-content\/uploads\/2014\/10\/Diana8-300x136.jpg","type":"","width":"","height":""}],"author":"Lo viste en Los Pol\u00edticos","twitter_card":"summary_large_image","twitter_creator":"@LosPoliticosVer","twitter_site":"@LosPoliticosVer","twitter_misc":{"Escrito por":"Lo viste en Los Pol\u00edticos","Tiempo de lectura":"1 minuto"},"schema":{"@context":"https:\/\/schema.org","@graph":[{"@type":"Article","@id":"https:\/\/lospoliticosveracruz.com\/?p=12688#article","isPartOf":{"@id":"https:\/\/lospoliticosveracruz.com\/?p=12688"},"author":{"name":"Lo viste en Los Pol\u00edticos","@id":"https:\/\/lospoliticosveracruz.com\/#\/schema\/person\/b8702bb0e538456e6efd07080bf2a4a2"},"headline":"El terror de Tr\u00e1nsito regres\u00f3!","datePublished":"2014-10-15T05:53:50+00:00","dateModified":"2014-10-15T06:11:38+00:00","mainEntityOfPage":{"@id":"https:\/\/lospoliticosveracruz.com\/?p=12688"},"wordCount":208,"commentCount":1,"publisher":{"@id":"https:\/\/lospoliticosveracruz.com\/#organization"},"image":{"@id":"https:\/\/lospoliticosveracruz.com\/?p=12688#primaryimage"},"thumbnailUrl":"http:\/\/www.lospoliticosveracruz.com.mx\/wp-content\/uploads\/2014\/10\/Diana8-300x136.jpg","keywords":["Diana Santiago","Seguridad P\u00fablica","Tr\u00e1nsito"],"articleSection":["Lavadero"],"inLanguage":"es","potentialAction":[{"@type":"CommentAction","name":"Comment","target":["https:\/\/lospoliticosveracruz.com\/?p=12688#respond"]}]},{"@type":"WebPage","@id":"https:\/\/lospoliticosveracruz.com\/?p=12688","url":"https:\/\/lospoliticosveracruz.com\/?p=12688","name":"El terror de Tr\u00e1nsito regres\u00f3! - Los pol\u00edticos Veracruz","isPartOf":{"@id":"https:\/\/lospoliticosveracruz.com\/#website"},"primaryImageOfPage":{"@id":"https:\/\/lospoliticosveracruz.com\/?p=12688#primaryimage"},"image":{"@id":"https:\/\/lospoliticosveracruz.com\/?p=12688#primaryimage"},"thumbnailUrl":"http:\/\/www.lospoliticosveracruz.com.mx\/wp-content\/uploads\/2014\/10\/Diana8-300x136.jpg","datePublished":"2014-10-15T05:53:50+00:00","dateModified":"2014-10-15T06:11:38+00:00","breadcrumb":{"@id":"https:\/\/lospoliticosveracruz.com\/?p=12688#breadcrumb"},"inLanguage":"es","potentialAction":[{"@type":"ReadAction","target":["https:\/\/lospoliticosveracruz.com\/?p=12688"]}]},{"@type":"ImageObject","inLanguage":"es","@id":"https:\/\/lospoliticosveracruz.com\/?p=12688#primaryimage","url":"http:\/\/www.lospoliticosveracruz.com.mx\/wp-content\/uploads\/2014\/10\/Diana8-300x136.jpg","contentUrl":"http:\/\/www.lospoliticosveracruz.com.mx\/wp-content\/uploads\/2014\/10\/Diana8-300x136.jpg"},{"@type":"BreadcrumbList","@id":"https:\/\/lospoliticosveracruz.com\/?p=12688#breadcrumb","itemListElement":[{"@type":"ListItem","position":1,"name":"Portada","item":"https:\/\/lospoliticosveracruz.com\/"},{"@type":"ListItem","position":2,"name":"El terror de Tr\u00e1nsito regres\u00f3!"}]},{"@type":"WebSite","@id":"https:\/\/lospoliticosveracruz.com\/#website","url":"https:\/\/lospoliticosveracruz.com\/","name":"Los pol\u00edticos Veracruz","description":"","publisher":{"@id":"https:\/\/lospoliticosveracruz.com\/#organization"},"potentialAction":[{"@type":"SearchAction","target":{"@type":"EntryPoint","urlTemplate":"https:\/\/lospoliticosveracruz.com\/?s={search_term_string}"},"query-input":{"@type":"PropertyValueSpecification","valueRequired":true,"valueName":"search_term_string"}}],"inLanguage":"es"},{"@type":"Organization","@id":"https:\/\/lospoliticosveracruz.com\/#organization","name":"Los pol\u00edticos Veracruz","url":"https:\/\/lospoliticosveracruz.com\/","logo":{"@type":"ImageObject","inLanguage":"es","@id":"https:\/\/lospoliticosveracruz.com\/#\/schema\/logo\/image\/","url":"https:\/\/lospoliticosveracruz.com\/wp-content\/uploads\/2025\/12\/Logo-Nuevo-LOS-POLITICOS-1.jpg","contentUrl":"https:\/\/lospoliticosveracruz.com\/wp-content\/uploads\/2025\/12\/Logo-Nuevo-LOS-POLITICOS-1.jpg","width":260,"height":70,"caption":"Los pol\u00edticos Veracruz"},"image":{"@id":"https:\/\/lospoliticosveracruz.com\/#\/schema\/logo\/image\/"},"sameAs":["https:\/\/www.facebook.com\/people\/Notimemes-de-los-Polticos\/61565672886568\/","https:\/\/x.com\/LosPoliticosVer"]},{"@type":"Person","@id":"https:\/\/lospoliticosveracruz.com\/#\/schema\/person\/b8702bb0e538456e6efd07080bf2a4a2","name":"Lo viste en Los Pol\u00edticos","image":{"@type":"ImageObject","inLanguage":"es","@id":"https:\/\/secure.gravatar.com\/avatar\/3a8de04a2656d44082be478bd6c086daa447c4651605818287b9532d3d0bd435?s=96&d=mm&r=g","url":"https:\/\/secure.gravatar.com\/avatar\/3a8de04a2656d44082be478bd6c086daa447c4651605818287b9532d3d0bd435?s=96&d=mm&r=g","contentUrl":"https:\/\/secure.gravatar.com\/avatar\/3a8de04a2656d44082be478bd6c086daa447c4651605818287b9532d3d0bd435?s=96&d=mm&r=g","caption":"Lo viste en Los Pol\u00edticos"},"url":"https:\/\/lospoliticosveracruz.com\/?author=2"}]}},"_links":{"self":[{"href":"https:\/\/lospoliticosveracruz.com\/index.php?rest_route=\/wp\/v2\/posts\/12688","targetHints":{"allow":["GET"]}}],"collection":[{"href":"https:\/\/lospoliticosveracruz.com\/index.php?rest_route=\/wp\/v2\/posts"}],"about":[{"href":"https:\/\/lospoliticosveracruz.com\/index.php?rest_route=\/wp\/v2\/types\/post"}],"author":[{"embeddable":true,"href":"https:\/\/lospoliticosveracruz.com\/index.php?rest_route=\/wp\/v2\/users\/2"}],"replies":[{"embeddable":true,"href":"https:\/\/lospoliticosveracruz.com\/index.php?rest_route=%2Fwp%2Fv2%2Fcomments&post=12688"}],"version-history":[{"count":5,"href":"https:\/\/lospoliticosveracruz.com\/index.php?rest_route=\/wp\/v2\/posts\/12688\/revisions"}],"predecessor-version":[{"id":12703,"href":"https:\/\/lospoliticosveracruz.com\/index.php?rest_route=\/wp\/v2\/posts\/12688\/revisions\/12703"}],"wp:attachment":[{"href":"https:\/\/lospoliticosveracruz.com\/index.php?rest_route=%2Fwp%2Fv2%2Fmedia&parent=12688"}],"wp:term":[{"taxonomy":"category","embeddable":true,"href":"https:\/\/lospoliticosveracruz.com\/index.php?rest_route=%2Fwp%2Fv2%2Fcategories&post=12688"},{"taxonomy":"post_tag","embeddable":true,"href":"https:\/\/lospoliticosveracruz.com\/index.php?rest_route=%2Fwp%2Fv2%2Ftags&post=12688"}],"curies":[{"name":"wp","href":"https:\/\/api.w.org\/{rel}","templated":true}]}}