{"id":126896,"date":"2024-07-03T12:24:26","date_gmt":"2024-07-03T17:24:26","guid":{"rendered":"https:\/\/lospoliticosveracruz.com.mx\/?p=126896"},"modified":"2024-07-03T12:24:34","modified_gmt":"2024-07-03T17:24:34","slug":"sigue-huerfana-la-derrota-panista","status":"publish","type":"post","link":"https:\/\/lospoliticosveracruz.com\/?p=126896","title":{"rendered":"SIGUE HU\u00c9RFANA LA DERROTA PANISTA"},"content":{"rendered":"\n<p><strong>Fanny Y\u00e9pez<\/strong><\/p>\n\n\n\n<p><em>La Columna<\/em><\/p>\n\n\n\n<p>Perdieron la compostura, se&nbsp;&nbsp;exaltaron, y se enfrascaron en una discusi\u00f3n sobre qui\u00e9n es el responsable de la reciente derrota panista, paternidad que nadie admiti\u00f3.&nbsp;&nbsp;<\/p>\n\n\n\n<p>Esto ocurri\u00f3 en v\u00edsperas de la\u00a0\u00a0renovaci\u00f3n de la dirigencia nacional. \u00c9ste acalorado debate lo escenificaron Javier Lozano y Marko Cortes, al que luego en redes sociales se les uni\u00f3 Felipe Calder\u00f3n.<\/p>\n\n\n<div class=\"wp-block-image\">\n<figure class=\"alignleft size-medium\"><a href=\"https:\/\/lospoliticosveracruz.com.mx\/wp-content\/uploads\/2021\/10\/Zacauilt.jpg\"><img decoding=\"async\" src=\"https:\/\/lospoliticosveracruz.com.mx\/wp-content\/uploads\/2021\/10\/Zacauilt-150x300.jpg\" alt=\"\" class=\"wp-image-80558\"\/><\/a><\/figure>\n<\/div>\n\n\n<p>El altercado se origin\u00f3 durante un programa de Atypical Te Ve en la emisi\u00f3n de este martes, ah\u00ed se&nbsp;&nbsp;enfrentaron en una disputa&nbsp;&nbsp;Marko Cort\u00e9s y Javier Lozano, quien fue Secretario del Trabajo durante el gobierno de Felipe Calder\u00f3n, en relaci\u00f3n a la lista plurinominal del PAN en el Senado. Panista.<\/p>\n\n\n\n<p>Posteriormente a la discusi\u00f3n entre Javier Lozano y Marko Cort\u00e9s, el ex presidente Felipe Calder\u00f3n se pronunci\u00f3 en redes sociales.<\/p>\n\n\n\n<p>Primero critic\u00f3 que Marko Cort\u00e9s se haya puesto primero en la lista de senadores plurinominales mientras que otros oradores como Jorge Triana se quedaron sin lugar. Adem\u00e1s lo catalog\u00f3 de ser el presidente del PAN que \u201cm\u00e1s da\u00f1o le ha hecho en la historia a ese partido, adem\u00e1s de su asistente, y otros de su camarilla\u201d.<\/p>\n\n\n\n<p>M\u00e1s tarde dijo que si el PAN ten\u00eda una ca\u00edda era por la dirigencia actual, ya que \u201csolo se han servido con la cuchara grande\u201d y a lo largo de seis a\u00f1os \u00fanicamente cubri\u00f3 el 39 por ciento de representantes de casilla.<\/p>\n\n\n\n<p>Felipe Calder\u00f3n aline\u00f3 con los comentarios de Javier Lozano, y dijo que el PAN a lo largo de la campa\u00f1a nunca destac\u00f3 los logros del partido en los gobiernos de Felipe Calder\u00f3n y de Vicente Fox, adem\u00e1s de que se dedicaron a deslindarse de figuras del pasado, y que si en vez de eso hubieran asumido una narrativa acorde con un gobierno panista \u201cotra cosa ser\u00eda\u201d.<\/p>\n\n\n\n<p>Javier Lozano le reproch\u00f3 a Cort\u00e9s por no defender al ex,secretario de Seguridad -con Calder\u00f3n Hinojosa- Genaro Garc\u00eda Luna en su papel de dirigente nacional del PAN.<\/p>\n\n\n\n<p>La discusi\u00f3n se traslad\u00f3 a las redes sociales, donde Calder\u00f3n Hinojosa reclam\u00f3 al PAN por no incluir a Jorge Triana, \u201cuno de los mejores tribunos\u201d del partido, en sus listas plurinominales para ocupar una curul en el Congreso de la Uni\u00f3n.<\/p>\n\n\n\n<p>\u201cEso s\u00ed, s\u00ed qued\u00f3 uno de sus peores oradores Marko Cort\u00e9s, el actual Presidente del PAN, y el que m\u00e1s da\u00f1o le ha hecho en la historia a ese partido, adem\u00e1s de su asistente, y otros de su camarilla\u201d.<\/p>\n\n\n\n<p>Marko Cort\u00e9s le respondi\u00f3 al ex presidente: pidi\u00f3 una explicaci\u00f3n sobre \u201cla peor ca\u00edda de votaci\u00f3n para PAN en la historia\u201c, cuando el albiazul postul\u00f3 a Josefina V\u00e1zquez Mota.<\/p>\n\n\n\n<p>\u201cAprovecho tambi\u00e9n para pedirte que nos expliques qu\u00e9 pas\u00f3 con Garc\u00eda Luna, porque sin tener ninguna responsabilidad, al PAN eso le provoc\u00f3 un enorme da\u00f1o en la campa\u00f1a, \u00bft\u00fa no te enterabas de lo que pasaba en tu gobierno o lo consent\u00edas?\u201d.&nbsp;&nbsp;Esta interrogante la asest\u00f3 como estocada a Felipe Calder\u00f3n el aun dirigente nacional panista, cuestionamiento que dejo callado a Calder\u00f3n Hinojosa.<\/p>\n\n\n\n<p>La discusi\u00f3n azul atraves\u00f3 el \u201ccharco\u201d a tal grado que el prestigiado peri\u00f3dico El Pa\u00eds, este este mi\u00e9rcoles resalt\u00f3 este encontronazo.&nbsp; &nbsp;<\/p>\n\n\n\n<p>\u201cLa carrera interna para renovar la dirigencia del Partido Acci\u00f3n Nacional (PAN) ha arrancado en medio de un incendio. La debacle en las elecciones del 2 de junio est\u00e1 arrastrando al partido conservador a una grave crisis que escala en cada episodio. Su presidente, Marko Cort\u00e9s, lleva meses atrincherados ante las numerosas cr\u00edticas dentro del partido que le exigen responsabilidades. La \u00faltima ha venido este martes del expresidente Felipe Calder\u00f3n, que ha cargado con dureza en las redes sociales acus\u00e1ndole de ser el dirigente que \u201cque m\u00e1s da\u00f1o le ha hecho en la historia a ese partido\u201d. El intercambio p\u00fablico de acusaciones ilustra la pendiente por la que se desliza el partido, que desde hace tres a\u00f1os forma parte de una cuestionada alianza opositora con el PRI y el PRD. En este contexto, un pu\u00f1ado de panistas han levantado la mano para postularse como los posibles sucesores de Marko Cort\u00e9s, al que le acusan tambi\u00e9n de maniobrar para colocar a un colaborador a f\u00edn en la nueva direcci\u00f3n\u201d.<\/p>\n\n\n\n<p>El crudo enfrentamiento entre Cort\u00e9s y Calder\u00f3n, que incluy\u00f3 menciones a Genaro Garc\u00eda Luna, el ex secretario de Seguridad de Calder\u00f3n condenado por narcotr\u00e1fico, ha servido de combustible a los cr\u00edticos de la Administraci\u00f3n panista sobre la necesidad urgente de renovar la dirigencia con un perfil totalmente diferente. \u201cLa nueva dirigencia tiene que hablar de reconciliaci\u00f3n, de entendimiento y la recuperaci\u00f3n del di\u00e1logo entre nosotros. Este cruce de acusaciones lo \u00fanico que evidencia es que no hay direcci\u00f3n, ni liderazgo\u201d.<\/p>\n\n\n\n<p>En resumen ninguno de los iracundos personajes acepto ser culpable de la debacle panista, misma que qued\u00f3 hu\u00e9rfana.<\/p>\n","protected":false},"excerpt":{"rendered":"<p>Fanny Y\u00e9pez La Columna Perdieron la compostura, se&nbsp;&nbsp;exaltaron, y se enfrascaron en una discusi\u00f3n sobre qui\u00e9n es el responsable de la reciente derrota panista, paternidad que nadie admiti\u00f3.&nbsp;&nbsp; Esto ocurri\u00f3 en v\u00edsperas de la\u00a0\u00a0renovaci\u00f3n de la dirigencia nacional. \u00c9ste acalorado debate lo escenificaron Javier Lozano y Marko Cortes, al que luego en redes sociales se [&hellip;]<\/p>\n","protected":false},"author":2,"featured_media":126076,"comment_status":"closed","ping_status":"closed","sticky":false,"template":"","format":"standard","meta":{"tdm_status":"","tdm_grid_status":"","footnotes":""},"categories":[70],"tags":[3398,3946,6569,31598],"class_list":{"0":"post-126896","1":"post","2":"type-post","3":"status-publish","4":"format-standard","5":"has-post-thumbnail","7":"category-de-opinion","8":"tag-fanny-yepez","9":"tag-felipe-calderon","10":"tag-javier-lozano","11":"tag-marko-cortes-2"},"yoast_head":"<!-- This site is optimized with the Yoast SEO plugin v27.4 - https:\/\/yoast.com\/product\/yoast-seo-wordpress\/ -->\n<title>SIGUE HU\u00c9RFANA LA DERROTA PANISTA - Los pol\u00edticos Veracruz<\/title>\n<meta name=\"robots\" content=\"index, follow, max-snippet:-1, max-image-preview:large, max-video-preview:-1\" \/>\n<link rel=\"canonical\" href=\"https:\/\/lospoliticosveracruz.com\/?p=126896\" \/>\n<meta property=\"og:locale\" content=\"es_ES\" \/>\n<meta property=\"og:type\" content=\"article\" \/>\n<meta property=\"og:title\" content=\"SIGUE HU\u00c9RFANA LA DERROTA PANISTA - Los pol\u00edticos Veracruz\" \/>\n<meta property=\"og:description\" content=\"Fanny Y\u00e9pez La Columna Perdieron la compostura, se&nbsp;&nbsp;exaltaron, y se enfrascaron en una discusi\u00f3n sobre qui\u00e9n es el responsable de la reciente derrota panista, paternidad que nadie admiti\u00f3.&nbsp;&nbsp; Esto ocurri\u00f3 en v\u00edsperas de la\u00a0\u00a0renovaci\u00f3n de la dirigencia nacional. \u00c9ste acalorado debate lo escenificaron Javier Lozano y Marko Cortes, al que luego en redes sociales se [&hellip;]\" \/>\n<meta property=\"og:url\" content=\"https:\/\/lospoliticosveracruz.com\/?p=126896\" \/>\n<meta property=\"og:site_name\" content=\"Los pol\u00edticos Veracruz\" \/>\n<meta property=\"article:publisher\" content=\"https:\/\/www.facebook.com\/people\/Notimemes-de-los-Polticos\/61565672886568\/\" \/>\n<meta property=\"article:published_time\" content=\"2024-07-03T17:24:26+00:00\" \/>\n<meta property=\"article:modified_time\" content=\"2024-07-03T17:24:34+00:00\" \/>\n<meta property=\"og:image\" content=\"https:\/\/lospoliticosveracruz.com\/wp-content\/uploads\/2024\/06\/Fanny-Yepez.jpg\" \/>\n\t<meta property=\"og:image:width\" content=\"1250\" \/>\n\t<meta property=\"og:image:height\" content=\"667\" \/>\n\t<meta property=\"og:image:type\" content=\"image\/jpeg\" \/>\n<meta name=\"author\" content=\"Lo viste en Los Pol\u00edticos\" \/>\n<meta name=\"twitter:card\" content=\"summary_large_image\" \/>\n<meta name=\"twitter:creator\" content=\"@LosPoliticosVer\" \/>\n<meta name=\"twitter:site\" content=\"@LosPoliticosVer\" \/>\n<meta name=\"twitter:label1\" content=\"Escrito por\" \/>\n\t<meta name=\"twitter:data1\" content=\"Lo viste en Los Pol\u00edticos\" \/>\n\t<meta name=\"twitter:label2\" content=\"Tiempo de lectura\" \/>\n\t<meta name=\"twitter:data2\" content=\"4 minutos\" \/>\n<script type=\"application\/ld+json\" class=\"yoast-schema-graph\">{\"@context\":\"https:\\\/\\\/schema.org\",\"@graph\":[{\"@type\":\"Article\",\"@id\":\"https:\\\/\\\/lospoliticosveracruz.com\\\/?p=126896#article\",\"isPartOf\":{\"@id\":\"https:\\\/\\\/lospoliticosveracruz.com\\\/?p=126896\"},\"author\":{\"name\":\"Lo viste en Los Pol\u00edticos\",\"@id\":\"https:\\\/\\\/lospoliticosveracruz.com\\\/#\\\/schema\\\/person\\\/b8702bb0e538456e6efd07080bf2a4a2\"},\"headline\":\"SIGUE HU\u00c9RFANA LA DERROTA PANISTA\",\"datePublished\":\"2024-07-03T17:24:26+00:00\",\"dateModified\":\"2024-07-03T17:24:34+00:00\",\"mainEntityOfPage\":{\"@id\":\"https:\\\/\\\/lospoliticosveracruz.com\\\/?p=126896\"},\"wordCount\":878,\"publisher\":{\"@id\":\"https:\\\/\\\/lospoliticosveracruz.com\\\/#organization\"},\"image\":{\"@id\":\"https:\\\/\\\/lospoliticosveracruz.com\\\/?p=126896#primaryimage\"},\"thumbnailUrl\":\"https:\\\/\\\/lospoliticosveracruz.com\\\/wp-content\\\/uploads\\\/2024\\\/06\\\/Fanny-Yepez.jpg\",\"keywords\":[\"Fanny Y\u00e9pez\",\"Felipe Calder\u00f3n\",\"Javier Lozano\",\"Marko Cortes\"],\"articleSection\":[\"De Opini\u00f3n\"],\"inLanguage\":\"es\"},{\"@type\":\"WebPage\",\"@id\":\"https:\\\/\\\/lospoliticosveracruz.com\\\/?p=126896\",\"url\":\"https:\\\/\\\/lospoliticosveracruz.com\\\/?p=126896\",\"name\":\"SIGUE HU\u00c9RFANA LA DERROTA PANISTA - Los pol\u00edticos Veracruz\",\"isPartOf\":{\"@id\":\"https:\\\/\\\/lospoliticosveracruz.com\\\/#website\"},\"primaryImageOfPage\":{\"@id\":\"https:\\\/\\\/lospoliticosveracruz.com\\\/?p=126896#primaryimage\"},\"image\":{\"@id\":\"https:\\\/\\\/lospoliticosveracruz.com\\\/?p=126896#primaryimage\"},\"thumbnailUrl\":\"https:\\\/\\\/lospoliticosveracruz.com\\\/wp-content\\\/uploads\\\/2024\\\/06\\\/Fanny-Yepez.jpg\",\"datePublished\":\"2024-07-03T17:24:26+00:00\",\"dateModified\":\"2024-07-03T17:24:34+00:00\",\"breadcrumb\":{\"@id\":\"https:\\\/\\\/lospoliticosveracruz.com\\\/?p=126896#breadcrumb\"},\"inLanguage\":\"es\",\"potentialAction\":[{\"@type\":\"ReadAction\",\"target\":[\"https:\\\/\\\/lospoliticosveracruz.com\\\/?p=126896\"]}]},{\"@type\":\"ImageObject\",\"inLanguage\":\"es\",\"@id\":\"https:\\\/\\\/lospoliticosveracruz.com\\\/?p=126896#primaryimage\",\"url\":\"https:\\\/\\\/lospoliticosveracruz.com\\\/wp-content\\\/uploads\\\/2024\\\/06\\\/Fanny-Yepez.jpg\",\"contentUrl\":\"https:\\\/\\\/lospoliticosveracruz.com\\\/wp-content\\\/uploads\\\/2024\\\/06\\\/Fanny-Yepez.jpg\",\"width\":1250,\"height\":667},{\"@type\":\"BreadcrumbList\",\"@id\":\"https:\\\/\\\/lospoliticosveracruz.com\\\/?p=126896#breadcrumb\",\"itemListElement\":[{\"@type\":\"ListItem\",\"position\":1,\"name\":\"Portada\",\"item\":\"https:\\\/\\\/lospoliticosveracruz.com\\\/\"},{\"@type\":\"ListItem\",\"position\":2,\"name\":\"SIGUE HU\u00c9RFANA LA DERROTA PANISTA\"}]},{\"@type\":\"WebSite\",\"@id\":\"https:\\\/\\\/lospoliticosveracruz.com\\\/#website\",\"url\":\"https:\\\/\\\/lospoliticosveracruz.com\\\/\",\"name\":\"Los pol\u00edticos Veracruz\",\"description\":\"\",\"publisher\":{\"@id\":\"https:\\\/\\\/lospoliticosveracruz.com\\\/#organization\"},\"potentialAction\":[{\"@type\":\"SearchAction\",\"target\":{\"@type\":\"EntryPoint\",\"urlTemplate\":\"https:\\\/\\\/lospoliticosveracruz.com\\\/?s={search_term_string}\"},\"query-input\":{\"@type\":\"PropertyValueSpecification\",\"valueRequired\":true,\"valueName\":\"search_term_string\"}}],\"inLanguage\":\"es\"},{\"@type\":\"Organization\",\"@id\":\"https:\\\/\\\/lospoliticosveracruz.com\\\/#organization\",\"name\":\"Los pol\u00edticos Veracruz\",\"url\":\"https:\\\/\\\/lospoliticosveracruz.com\\\/\",\"logo\":{\"@type\":\"ImageObject\",\"inLanguage\":\"es\",\"@id\":\"https:\\\/\\\/lospoliticosveracruz.com\\\/#\\\/schema\\\/logo\\\/image\\\/\",\"url\":\"https:\\\/\\\/lospoliticosveracruz.com\\\/wp-content\\\/uploads\\\/2025\\\/12\\\/Logo-Nuevo-LOS-POLITICOS-1.jpg\",\"contentUrl\":\"https:\\\/\\\/lospoliticosveracruz.com\\\/wp-content\\\/uploads\\\/2025\\\/12\\\/Logo-Nuevo-LOS-POLITICOS-1.jpg\",\"width\":260,\"height\":70,\"caption\":\"Los pol\u00edticos Veracruz\"},\"image\":{\"@id\":\"https:\\\/\\\/lospoliticosveracruz.com\\\/#\\\/schema\\\/logo\\\/image\\\/\"},\"sameAs\":[\"https:\\\/\\\/www.facebook.com\\\/people\\\/Notimemes-de-los-Polticos\\\/61565672886568\\\/\",\"https:\\\/\\\/x.com\\\/LosPoliticosVer\"]},{\"@type\":\"Person\",\"@id\":\"https:\\\/\\\/lospoliticosveracruz.com\\\/#\\\/schema\\\/person\\\/b8702bb0e538456e6efd07080bf2a4a2\",\"name\":\"Lo viste en Los Pol\u00edticos\",\"image\":{\"@type\":\"ImageObject\",\"inLanguage\":\"es\",\"@id\":\"https:\\\/\\\/secure.gravatar.com\\\/avatar\\\/3a8de04a2656d44082be478bd6c086daa447c4651605818287b9532d3d0bd435?s=96&d=mm&r=g\",\"url\":\"https:\\\/\\\/secure.gravatar.com\\\/avatar\\\/3a8de04a2656d44082be478bd6c086daa447c4651605818287b9532d3d0bd435?s=96&d=mm&r=g\",\"contentUrl\":\"https:\\\/\\\/secure.gravatar.com\\\/avatar\\\/3a8de04a2656d44082be478bd6c086daa447c4651605818287b9532d3d0bd435?s=96&d=mm&r=g\",\"caption\":\"Lo viste en Los Pol\u00edticos\"},\"url\":\"https:\\\/\\\/lospoliticosveracruz.com\\\/?author=2\"}]}<\/script>\n<!-- \/ Yoast SEO plugin. -->","yoast_head_json":{"title":"SIGUE HU\u00c9RFANA LA DERROTA PANISTA - Los pol\u00edticos Veracruz","robots":{"index":"index","follow":"follow","max-snippet":"max-snippet:-1","max-image-preview":"max-image-preview:large","max-video-preview":"max-video-preview:-1"},"canonical":"https:\/\/lospoliticosveracruz.com\/?p=126896","og_locale":"es_ES","og_type":"article","og_title":"SIGUE HU\u00c9RFANA LA DERROTA PANISTA - Los pol\u00edticos Veracruz","og_description":"Fanny Y\u00e9pez La Columna Perdieron la compostura, se&nbsp;&nbsp;exaltaron, y se enfrascaron en una discusi\u00f3n sobre qui\u00e9n es el responsable de la reciente derrota panista, paternidad que nadie admiti\u00f3.&nbsp;&nbsp; Esto ocurri\u00f3 en v\u00edsperas de la\u00a0\u00a0renovaci\u00f3n de la dirigencia nacional. \u00c9ste acalorado debate lo escenificaron Javier Lozano y Marko Cortes, al que luego en redes sociales se [&hellip;]","og_url":"https:\/\/lospoliticosveracruz.com\/?p=126896","og_site_name":"Los pol\u00edticos Veracruz","article_publisher":"https:\/\/www.facebook.com\/people\/Notimemes-de-los-Polticos\/61565672886568\/","article_published_time":"2024-07-03T17:24:26+00:00","article_modified_time":"2024-07-03T17:24:34+00:00","og_image":[{"width":1250,"height":667,"url":"https:\/\/lospoliticosveracruz.com\/wp-content\/uploads\/2024\/06\/Fanny-Yepez.jpg","type":"image\/jpeg"}],"author":"Lo viste en Los Pol\u00edticos","twitter_card":"summary_large_image","twitter_creator":"@LosPoliticosVer","twitter_site":"@LosPoliticosVer","twitter_misc":{"Escrito por":"Lo viste en Los Pol\u00edticos","Tiempo de lectura":"4 minutos"},"schema":{"@context":"https:\/\/schema.org","@graph":[{"@type":"Article","@id":"https:\/\/lospoliticosveracruz.com\/?p=126896#article","isPartOf":{"@id":"https:\/\/lospoliticosveracruz.com\/?p=126896"},"author":{"name":"Lo viste en Los Pol\u00edticos","@id":"https:\/\/lospoliticosveracruz.com\/#\/schema\/person\/b8702bb0e538456e6efd07080bf2a4a2"},"headline":"SIGUE HU\u00c9RFANA LA DERROTA PANISTA","datePublished":"2024-07-03T17:24:26+00:00","dateModified":"2024-07-03T17:24:34+00:00","mainEntityOfPage":{"@id":"https:\/\/lospoliticosveracruz.com\/?p=126896"},"wordCount":878,"publisher":{"@id":"https:\/\/lospoliticosveracruz.com\/#organization"},"image":{"@id":"https:\/\/lospoliticosveracruz.com\/?p=126896#primaryimage"},"thumbnailUrl":"https:\/\/lospoliticosveracruz.com\/wp-content\/uploads\/2024\/06\/Fanny-Yepez.jpg","keywords":["Fanny Y\u00e9pez","Felipe Calder\u00f3n","Javier Lozano","Marko Cortes"],"articleSection":["De Opini\u00f3n"],"inLanguage":"es"},{"@type":"WebPage","@id":"https:\/\/lospoliticosveracruz.com\/?p=126896","url":"https:\/\/lospoliticosveracruz.com\/?p=126896","name":"SIGUE HU\u00c9RFANA LA DERROTA PANISTA - Los pol\u00edticos Veracruz","isPartOf":{"@id":"https:\/\/lospoliticosveracruz.com\/#website"},"primaryImageOfPage":{"@id":"https:\/\/lospoliticosveracruz.com\/?p=126896#primaryimage"},"image":{"@id":"https:\/\/lospoliticosveracruz.com\/?p=126896#primaryimage"},"thumbnailUrl":"https:\/\/lospoliticosveracruz.com\/wp-content\/uploads\/2024\/06\/Fanny-Yepez.jpg","datePublished":"2024-07-03T17:24:26+00:00","dateModified":"2024-07-03T17:24:34+00:00","breadcrumb":{"@id":"https:\/\/lospoliticosveracruz.com\/?p=126896#breadcrumb"},"inLanguage":"es","potentialAction":[{"@type":"ReadAction","target":["https:\/\/lospoliticosveracruz.com\/?p=126896"]}]},{"@type":"ImageObject","inLanguage":"es","@id":"https:\/\/lospoliticosveracruz.com\/?p=126896#primaryimage","url":"https:\/\/lospoliticosveracruz.com\/wp-content\/uploads\/2024\/06\/Fanny-Yepez.jpg","contentUrl":"https:\/\/lospoliticosveracruz.com\/wp-content\/uploads\/2024\/06\/Fanny-Yepez.jpg","width":1250,"height":667},{"@type":"BreadcrumbList","@id":"https:\/\/lospoliticosveracruz.com\/?p=126896#breadcrumb","itemListElement":[{"@type":"ListItem","position":1,"name":"Portada","item":"https:\/\/lospoliticosveracruz.com\/"},{"@type":"ListItem","position":2,"name":"SIGUE HU\u00c9RFANA LA DERROTA PANISTA"}]},{"@type":"WebSite","@id":"https:\/\/lospoliticosveracruz.com\/#website","url":"https:\/\/lospoliticosveracruz.com\/","name":"Los pol\u00edticos Veracruz","description":"","publisher":{"@id":"https:\/\/lospoliticosveracruz.com\/#organization"},"potentialAction":[{"@type":"SearchAction","target":{"@type":"EntryPoint","urlTemplate":"https:\/\/lospoliticosveracruz.com\/?s={search_term_string}"},"query-input":{"@type":"PropertyValueSpecification","valueRequired":true,"valueName":"search_term_string"}}],"inLanguage":"es"},{"@type":"Organization","@id":"https:\/\/lospoliticosveracruz.com\/#organization","name":"Los pol\u00edticos Veracruz","url":"https:\/\/lospoliticosveracruz.com\/","logo":{"@type":"ImageObject","inLanguage":"es","@id":"https:\/\/lospoliticosveracruz.com\/#\/schema\/logo\/image\/","url":"https:\/\/lospoliticosveracruz.com\/wp-content\/uploads\/2025\/12\/Logo-Nuevo-LOS-POLITICOS-1.jpg","contentUrl":"https:\/\/lospoliticosveracruz.com\/wp-content\/uploads\/2025\/12\/Logo-Nuevo-LOS-POLITICOS-1.jpg","width":260,"height":70,"caption":"Los pol\u00edticos Veracruz"},"image":{"@id":"https:\/\/lospoliticosveracruz.com\/#\/schema\/logo\/image\/"},"sameAs":["https:\/\/www.facebook.com\/people\/Notimemes-de-los-Polticos\/61565672886568\/","https:\/\/x.com\/LosPoliticosVer"]},{"@type":"Person","@id":"https:\/\/lospoliticosveracruz.com\/#\/schema\/person\/b8702bb0e538456e6efd07080bf2a4a2","name":"Lo viste en Los Pol\u00edticos","image":{"@type":"ImageObject","inLanguage":"es","@id":"https:\/\/secure.gravatar.com\/avatar\/3a8de04a2656d44082be478bd6c086daa447c4651605818287b9532d3d0bd435?s=96&d=mm&r=g","url":"https:\/\/secure.gravatar.com\/avatar\/3a8de04a2656d44082be478bd6c086daa447c4651605818287b9532d3d0bd435?s=96&d=mm&r=g","contentUrl":"https:\/\/secure.gravatar.com\/avatar\/3a8de04a2656d44082be478bd6c086daa447c4651605818287b9532d3d0bd435?s=96&d=mm&r=g","caption":"Lo viste en Los Pol\u00edticos"},"url":"https:\/\/lospoliticosveracruz.com\/?author=2"}]}},"_links":{"self":[{"href":"https:\/\/lospoliticosveracruz.com\/index.php?rest_route=\/wp\/v2\/posts\/126896","targetHints":{"allow":["GET"]}}],"collection":[{"href":"https:\/\/lospoliticosveracruz.com\/index.php?rest_route=\/wp\/v2\/posts"}],"about":[{"href":"https:\/\/lospoliticosveracruz.com\/index.php?rest_route=\/wp\/v2\/types\/post"}],"author":[{"embeddable":true,"href":"https:\/\/lospoliticosveracruz.com\/index.php?rest_route=\/wp\/v2\/users\/2"}],"replies":[{"embeddable":true,"href":"https:\/\/lospoliticosveracruz.com\/index.php?rest_route=%2Fwp%2Fv2%2Fcomments&post=126896"}],"version-history":[{"count":1,"href":"https:\/\/lospoliticosveracruz.com\/index.php?rest_route=\/wp\/v2\/posts\/126896\/revisions"}],"predecessor-version":[{"id":126897,"href":"https:\/\/lospoliticosveracruz.com\/index.php?rest_route=\/wp\/v2\/posts\/126896\/revisions\/126897"}],"wp:featuredmedia":[{"embeddable":true,"href":"https:\/\/lospoliticosveracruz.com\/index.php?rest_route=\/wp\/v2\/media\/126076"}],"wp:attachment":[{"href":"https:\/\/lospoliticosveracruz.com\/index.php?rest_route=%2Fwp%2Fv2%2Fmedia&parent=126896"}],"wp:term":[{"taxonomy":"category","embeddable":true,"href":"https:\/\/lospoliticosveracruz.com\/index.php?rest_route=%2Fwp%2Fv2%2Fcategories&post=126896"},{"taxonomy":"post_tag","embeddable":true,"href":"https:\/\/lospoliticosveracruz.com\/index.php?rest_route=%2Fwp%2Fv2%2Ftags&post=126896"}],"curies":[{"name":"wp","href":"https:\/\/api.w.org\/{rel}","templated":true}]}}