{"id":127046,"date":"2024-07-05T20:11:09","date_gmt":"2024-07-06T01:11:09","guid":{"rendered":"https:\/\/lospoliticosveracruz.com.mx\/?p=127046"},"modified":"2024-07-05T20:11:31","modified_gmt":"2024-07-06T01:11:31","slug":"el-silencio-de-cuitlahuac-habla","status":"publish","type":"post","link":"https:\/\/lospoliticosveracruz.com\/?p=127046","title":{"rendered":"EL SILENCIO DE CUITL\u00c1HUAC HABLA"},"content":{"rendered":"\n<p><strong>Jos\u00e9 Luis Enr\u00edquez Ambell<br><\/strong><em>Caf\u00e9 de Ma\u00f1ana<\/em><\/p>\n\n\n\n<p><\/p>\n\n\n\n<p>En muchas ocasiones \u00abel silencio habla\u00bb, y siguiendo esa l\u00ednea de expresi\u00f3n, como escribe el autor alem\u00e1n Eckhart Tolle, en sus t\u00edtulos: El Silenci\u00f3 Habla y El Poder del Ahora, nos lleva al estatus que hasta el momento parece tener el Gobernador de Veracruz, Cuitl\u00e1huac Garc\u00eda.<\/p>\n\n\n<div class=\"wp-block-image\">\n<figure class=\"alignleft size-thumbnail\"><a href=\"https:\/\/lospoliticosveracruz.com.mx\/wp-content\/uploads\/2024\/05\/IMG_0341-e1716950925234.jpeg\"><img loading=\"lazy\" decoding=\"async\" width=\"150\" height=\"150\" src=\"https:\/\/lospoliticosveracruz.com.mx\/wp-content\/uploads\/2024\/05\/IMG_0341-150x150.jpeg\" alt=\"\" class=\"wp-image-125332\"\/><\/a><\/figure>\n<\/div>\n\n\n<p>El Ejecutivo a\u00fan en funciones &#8211; como casi todos sus antecesores &#8211; tratan de evitar la agon\u00eda del fin del poder sexenal a trav\u00e9s de los recursos a su alcance en busca de mudarse a otra oficina o un puesto p\u00fablico en t\u00e9rminos futuristas.<\/p>\n\n\n\n<p>En ese sentido su equipo cercano de trabajo &#8211; no los conozco, s\u00f3lo tengo esa impresi\u00f3n &#8211; poco le aportan o han aportado, como para que en este momento puedan tener el tiempo y las capacidades para maquillarle al menos escenarios venideros que le puedan evitar quedar desnudo de todo espacio en la administraci\u00f3n p\u00fablica, pues al menos un nivel de Subsecretario habr\u00e1 de obtener el Xalape\u00f1o.<\/p>\n\n\n\n<p>Los puestos en el gabinete de la Presidenta Electa Dra. Claudia Sheinbaum, parece agotar esa opci\u00f3n &#8211; no la esperanza &#8211; para que un sitio le aguarde en los d\u00edas por venir al Ingeniero Mec\u00e1nico El\u00e9ctrico Cuitl\u00e1huac Garc\u00eda Jim\u00e9nez, y graduado en 1991 por la (UV) Universidad Veracruzana.<\/p>\n\n\n\n<p>Los porristas y las porras a todo gobernante &#8211; caso Veracruz &#8211; les alcanza hasta la noche del D\u00eda 15 de Septiembre con el Grito de Dolores desde el Balc\u00f3n del Palacio de Gobierno, pero hasta ahora se aprecian lej\u00edsimos los festejos de la Independencia de M\u00e9xico, as\u00ed como la estaci\u00f3n del tren en su pr\u00f3xima parada en el r\u00e9gimen federal por iniciar su trayecto.<\/p>\n\n\n\n<p>La \u00abpreocupaci\u00f3n\u00bb de su equipo cercano por quedarse sin alg\u00fan empleo los deber\u00eda tener muy \u00abocupados\u00bb buscando conocer de la ley organica, reglamentos y lineamientos del Poder Ejecutivo Federal en su conjunto, y poder aportarle \u00e1nimos y por supuesto, informaci\u00f3n rica que le inyecte vitalidad, mientras no deja de cumplir el mandato para el que fue electo seis a\u00f1os, pues as\u00ed es como se le sirve y ayuda a todo superior en el servicio en las instituciones.<br><\/p>\n\n\n\n<p><strong>DE SOBREMESA<\/strong><\/p>\n\n\n\n<p>De algo estoy seguro, y es que Cuitl\u00e1huac Garc\u00eda estar\u00e1 en un puesto federal en pr\u00f3ximas fechas y que adem\u00e1s no ser\u00e1 ni en el mando militar o naval &#8211; en este \u00faltimo, ojal\u00e1 un veracruzano sea el que llegue &#8211; pero de que aparecer\u00e1 as\u00ed lo habr\u00e1 de ser, y se apuesta doble contra sencillo, que as\u00ed ser\u00e1.<\/p>\n\n\n\n<p><strong>UN CAF\u00c9 LECHERO LIGTH<\/strong><\/p>\n\n\n\n<p>La soledad en la parte final de un sexenio en el Palacio y en todo Gobierno es fr\u00eda.<\/p>\n\n\n\n<p>Otro texto bastante ilustrativo es \u00e9l de \u201csi el \u00e1guila hablara\u201d del ex Gobernador de Veracruz Don Miguel Alem\u00e1n Velasco, en el que hace posible catalogar cada uno de los a\u00f1os del sexenio con alg\u00fan s\u00edndrome que padezcan los Presidentes de la Rep\u00fablica, s\u00edndromes que van desde el sentirse Santa Claus hasta sentirse nominado al premio nobel y la incomprensi\u00f3n de que las seg\u00fan ellos son objetos.<\/p>\n\n\n\n<p>\u00a1 ES CUANTO !<\/p>\n","protected":false},"excerpt":{"rendered":"<p>Jos\u00e9 Luis Enr\u00edquez AmbellCaf\u00e9 de Ma\u00f1ana En muchas ocasiones \u00abel silencio habla\u00bb, y siguiendo esa l\u00ednea de expresi\u00f3n, como escribe el autor alem\u00e1n Eckhart Tolle, en sus t\u00edtulos: El Silenci\u00f3 Habla y El Poder del Ahora, nos lleva al estatus que hasta el momento parece tener el Gobernador de Veracruz, Cuitl\u00e1huac Garc\u00eda. El Ejecutivo a\u00fan [&hellip;]<\/p>\n","protected":false},"author":2,"featured_media":119814,"comment_status":"closed","ping_status":"closed","sticky":false,"template":"","format":"standard","meta":{"tdm_status":"","tdm_grid_status":"","footnotes":""},"categories":[70],"tags":[8383,1026,195],"class_list":{"0":"post-127046","1":"post","2":"type-post","3":"status-publish","4":"format-standard","5":"has-post-thumbnail","7":"category-de-opinion","8":"tag-jose-luis-enriquez-ambell","9":"tag-morena","10":"tag-veracruz"},"yoast_head":"<!-- This site is optimized with the Yoast SEO plugin v27.4 - https:\/\/yoast.com\/product\/yoast-seo-wordpress\/ -->\n<title>EL SILENCIO DE CUITL\u00c1HUAC HABLA - Los pol\u00edticos Veracruz<\/title>\n<meta name=\"robots\" content=\"index, follow, max-snippet:-1, max-image-preview:large, max-video-preview:-1\" \/>\n<link rel=\"canonical\" href=\"https:\/\/lospoliticosveracruz.com\/?p=127046\" \/>\n<meta property=\"og:locale\" content=\"es_ES\" \/>\n<meta property=\"og:type\" content=\"article\" \/>\n<meta property=\"og:title\" content=\"EL SILENCIO DE CUITL\u00c1HUAC HABLA - Los pol\u00edticos Veracruz\" \/>\n<meta property=\"og:description\" content=\"Jos\u00e9 Luis Enr\u00edquez AmbellCaf\u00e9 de Ma\u00f1ana En muchas ocasiones \u00abel silencio habla\u00bb, y siguiendo esa l\u00ednea de expresi\u00f3n, como escribe el autor alem\u00e1n Eckhart Tolle, en sus t\u00edtulos: El Silenci\u00f3 Habla y El Poder del Ahora, nos lleva al estatus que hasta el momento parece tener el Gobernador de Veracruz, Cuitl\u00e1huac Garc\u00eda. El Ejecutivo a\u00fan [&hellip;]\" \/>\n<meta property=\"og:url\" content=\"https:\/\/lospoliticosveracruz.com\/?p=127046\" \/>\n<meta property=\"og:site_name\" content=\"Los pol\u00edticos Veracruz\" \/>\n<meta property=\"article:publisher\" content=\"https:\/\/www.facebook.com\/people\/Notimemes-de-los-Polticos\/61565672886568\/\" \/>\n<meta property=\"article:published_time\" content=\"2024-07-06T01:11:09+00:00\" \/>\n<meta property=\"article:modified_time\" content=\"2024-07-06T01:11:31+00:00\" \/>\n<meta property=\"og:image\" content=\"https:\/\/lospoliticosveracruz.com\/wp-content\/uploads\/2024\/03\/Ambell.jpg\" \/>\n\t<meta property=\"og:image:width\" content=\"1250\" \/>\n\t<meta property=\"og:image:height\" content=\"667\" \/>\n\t<meta property=\"og:image:type\" content=\"image\/jpeg\" \/>\n<meta name=\"author\" content=\"Lo viste en Los Pol\u00edticos\" \/>\n<meta name=\"twitter:card\" content=\"summary_large_image\" \/>\n<meta name=\"twitter:creator\" content=\"@LosPoliticosVer\" \/>\n<meta name=\"twitter:site\" content=\"@LosPoliticosVer\" \/>\n<meta name=\"twitter:label1\" content=\"Escrito por\" \/>\n\t<meta name=\"twitter:data1\" content=\"Lo viste en Los Pol\u00edticos\" \/>\n\t<meta name=\"twitter:label2\" content=\"Tiempo de lectura\" \/>\n\t<meta name=\"twitter:data2\" content=\"3 minutos\" \/>\n<script type=\"application\/ld+json\" class=\"yoast-schema-graph\">{\"@context\":\"https:\\\/\\\/schema.org\",\"@graph\":[{\"@type\":\"Article\",\"@id\":\"https:\\\/\\\/lospoliticosveracruz.com\\\/?p=127046#article\",\"isPartOf\":{\"@id\":\"https:\\\/\\\/lospoliticosveracruz.com\\\/?p=127046\"},\"author\":{\"name\":\"Lo viste en Los Pol\u00edticos\",\"@id\":\"https:\\\/\\\/lospoliticosveracruz.com\\\/#\\\/schema\\\/person\\\/b8702bb0e538456e6efd07080bf2a4a2\"},\"headline\":\"EL SILENCIO DE CUITL\u00c1HUAC HABLA\",\"datePublished\":\"2024-07-06T01:11:09+00:00\",\"dateModified\":\"2024-07-06T01:11:31+00:00\",\"mainEntityOfPage\":{\"@id\":\"https:\\\/\\\/lospoliticosveracruz.com\\\/?p=127046\"},\"wordCount\":560,\"publisher\":{\"@id\":\"https:\\\/\\\/lospoliticosveracruz.com\\\/#organization\"},\"image\":{\"@id\":\"https:\\\/\\\/lospoliticosveracruz.com\\\/?p=127046#primaryimage\"},\"thumbnailUrl\":\"https:\\\/\\\/lospoliticosveracruz.com\\\/wp-content\\\/uploads\\\/2024\\\/03\\\/Ambell.jpg\",\"keywords\":[\"Jos\u00e9 Luis Enr\u00edquez Ambell\",\"Morena\",\"Veracruz\"],\"articleSection\":[\"De Opini\u00f3n\"],\"inLanguage\":\"es\"},{\"@type\":\"WebPage\",\"@id\":\"https:\\\/\\\/lospoliticosveracruz.com\\\/?p=127046\",\"url\":\"https:\\\/\\\/lospoliticosveracruz.com\\\/?p=127046\",\"name\":\"EL SILENCIO DE CUITL\u00c1HUAC HABLA - Los pol\u00edticos Veracruz\",\"isPartOf\":{\"@id\":\"https:\\\/\\\/lospoliticosveracruz.com\\\/#website\"},\"primaryImageOfPage\":{\"@id\":\"https:\\\/\\\/lospoliticosveracruz.com\\\/?p=127046#primaryimage\"},\"image\":{\"@id\":\"https:\\\/\\\/lospoliticosveracruz.com\\\/?p=127046#primaryimage\"},\"thumbnailUrl\":\"https:\\\/\\\/lospoliticosveracruz.com\\\/wp-content\\\/uploads\\\/2024\\\/03\\\/Ambell.jpg\",\"datePublished\":\"2024-07-06T01:11:09+00:00\",\"dateModified\":\"2024-07-06T01:11:31+00:00\",\"breadcrumb\":{\"@id\":\"https:\\\/\\\/lospoliticosveracruz.com\\\/?p=127046#breadcrumb\"},\"inLanguage\":\"es\",\"potentialAction\":[{\"@type\":\"ReadAction\",\"target\":[\"https:\\\/\\\/lospoliticosveracruz.com\\\/?p=127046\"]}]},{\"@type\":\"ImageObject\",\"inLanguage\":\"es\",\"@id\":\"https:\\\/\\\/lospoliticosveracruz.com\\\/?p=127046#primaryimage\",\"url\":\"https:\\\/\\\/lospoliticosveracruz.com\\\/wp-content\\\/uploads\\\/2024\\\/03\\\/Ambell.jpg\",\"contentUrl\":\"https:\\\/\\\/lospoliticosveracruz.com\\\/wp-content\\\/uploads\\\/2024\\\/03\\\/Ambell.jpg\",\"width\":1250,\"height\":667},{\"@type\":\"BreadcrumbList\",\"@id\":\"https:\\\/\\\/lospoliticosveracruz.com\\\/?p=127046#breadcrumb\",\"itemListElement\":[{\"@type\":\"ListItem\",\"position\":1,\"name\":\"Portada\",\"item\":\"https:\\\/\\\/lospoliticosveracruz.com\\\/\"},{\"@type\":\"ListItem\",\"position\":2,\"name\":\"EL SILENCIO DE CUITL\u00c1HUAC HABLA\"}]},{\"@type\":\"WebSite\",\"@id\":\"https:\\\/\\\/lospoliticosveracruz.com\\\/#website\",\"url\":\"https:\\\/\\\/lospoliticosveracruz.com\\\/\",\"name\":\"Los pol\u00edticos Veracruz\",\"description\":\"\",\"publisher\":{\"@id\":\"https:\\\/\\\/lospoliticosveracruz.com\\\/#organization\"},\"potentialAction\":[{\"@type\":\"SearchAction\",\"target\":{\"@type\":\"EntryPoint\",\"urlTemplate\":\"https:\\\/\\\/lospoliticosveracruz.com\\\/?s={search_term_string}\"},\"query-input\":{\"@type\":\"PropertyValueSpecification\",\"valueRequired\":true,\"valueName\":\"search_term_string\"}}],\"inLanguage\":\"es\"},{\"@type\":\"Organization\",\"@id\":\"https:\\\/\\\/lospoliticosveracruz.com\\\/#organization\",\"name\":\"Los pol\u00edticos Veracruz\",\"url\":\"https:\\\/\\\/lospoliticosveracruz.com\\\/\",\"logo\":{\"@type\":\"ImageObject\",\"inLanguage\":\"es\",\"@id\":\"https:\\\/\\\/lospoliticosveracruz.com\\\/#\\\/schema\\\/logo\\\/image\\\/\",\"url\":\"https:\\\/\\\/lospoliticosveracruz.com\\\/wp-content\\\/uploads\\\/2025\\\/12\\\/Logo-Nuevo-LOS-POLITICOS-1.jpg\",\"contentUrl\":\"https:\\\/\\\/lospoliticosveracruz.com\\\/wp-content\\\/uploads\\\/2025\\\/12\\\/Logo-Nuevo-LOS-POLITICOS-1.jpg\",\"width\":260,\"height\":70,\"caption\":\"Los pol\u00edticos Veracruz\"},\"image\":{\"@id\":\"https:\\\/\\\/lospoliticosveracruz.com\\\/#\\\/schema\\\/logo\\\/image\\\/\"},\"sameAs\":[\"https:\\\/\\\/www.facebook.com\\\/people\\\/Notimemes-de-los-Polticos\\\/61565672886568\\\/\",\"https:\\\/\\\/x.com\\\/LosPoliticosVer\"]},{\"@type\":\"Person\",\"@id\":\"https:\\\/\\\/lospoliticosveracruz.com\\\/#\\\/schema\\\/person\\\/b8702bb0e538456e6efd07080bf2a4a2\",\"name\":\"Lo viste en Los Pol\u00edticos\",\"image\":{\"@type\":\"ImageObject\",\"inLanguage\":\"es\",\"@id\":\"https:\\\/\\\/secure.gravatar.com\\\/avatar\\\/3a8de04a2656d44082be478bd6c086daa447c4651605818287b9532d3d0bd435?s=96&d=mm&r=g\",\"url\":\"https:\\\/\\\/secure.gravatar.com\\\/avatar\\\/3a8de04a2656d44082be478bd6c086daa447c4651605818287b9532d3d0bd435?s=96&d=mm&r=g\",\"contentUrl\":\"https:\\\/\\\/secure.gravatar.com\\\/avatar\\\/3a8de04a2656d44082be478bd6c086daa447c4651605818287b9532d3d0bd435?s=96&d=mm&r=g\",\"caption\":\"Lo viste en Los Pol\u00edticos\"},\"url\":\"https:\\\/\\\/lospoliticosveracruz.com\\\/?author=2\"}]}<\/script>\n<!-- \/ Yoast SEO plugin. -->","yoast_head_json":{"title":"EL SILENCIO DE CUITL\u00c1HUAC HABLA - Los pol\u00edticos Veracruz","robots":{"index":"index","follow":"follow","max-snippet":"max-snippet:-1","max-image-preview":"max-image-preview:large","max-video-preview":"max-video-preview:-1"},"canonical":"https:\/\/lospoliticosveracruz.com\/?p=127046","og_locale":"es_ES","og_type":"article","og_title":"EL SILENCIO DE CUITL\u00c1HUAC HABLA - Los pol\u00edticos Veracruz","og_description":"Jos\u00e9 Luis Enr\u00edquez AmbellCaf\u00e9 de Ma\u00f1ana En muchas ocasiones \u00abel silencio habla\u00bb, y siguiendo esa l\u00ednea de expresi\u00f3n, como escribe el autor alem\u00e1n Eckhart Tolle, en sus t\u00edtulos: El Silenci\u00f3 Habla y El Poder del Ahora, nos lleva al estatus que hasta el momento parece tener el Gobernador de Veracruz, Cuitl\u00e1huac Garc\u00eda. El Ejecutivo a\u00fan [&hellip;]","og_url":"https:\/\/lospoliticosveracruz.com\/?p=127046","og_site_name":"Los pol\u00edticos Veracruz","article_publisher":"https:\/\/www.facebook.com\/people\/Notimemes-de-los-Polticos\/61565672886568\/","article_published_time":"2024-07-06T01:11:09+00:00","article_modified_time":"2024-07-06T01:11:31+00:00","og_image":[{"width":1250,"height":667,"url":"https:\/\/lospoliticosveracruz.com\/wp-content\/uploads\/2024\/03\/Ambell.jpg","type":"image\/jpeg"}],"author":"Lo viste en Los Pol\u00edticos","twitter_card":"summary_large_image","twitter_creator":"@LosPoliticosVer","twitter_site":"@LosPoliticosVer","twitter_misc":{"Escrito por":"Lo viste en Los Pol\u00edticos","Tiempo de lectura":"3 minutos"},"schema":{"@context":"https:\/\/schema.org","@graph":[{"@type":"Article","@id":"https:\/\/lospoliticosveracruz.com\/?p=127046#article","isPartOf":{"@id":"https:\/\/lospoliticosveracruz.com\/?p=127046"},"author":{"name":"Lo viste en Los Pol\u00edticos","@id":"https:\/\/lospoliticosveracruz.com\/#\/schema\/person\/b8702bb0e538456e6efd07080bf2a4a2"},"headline":"EL SILENCIO DE CUITL\u00c1HUAC HABLA","datePublished":"2024-07-06T01:11:09+00:00","dateModified":"2024-07-06T01:11:31+00:00","mainEntityOfPage":{"@id":"https:\/\/lospoliticosveracruz.com\/?p=127046"},"wordCount":560,"publisher":{"@id":"https:\/\/lospoliticosveracruz.com\/#organization"},"image":{"@id":"https:\/\/lospoliticosveracruz.com\/?p=127046#primaryimage"},"thumbnailUrl":"https:\/\/lospoliticosveracruz.com\/wp-content\/uploads\/2024\/03\/Ambell.jpg","keywords":["Jos\u00e9 Luis Enr\u00edquez Ambell","Morena","Veracruz"],"articleSection":["De Opini\u00f3n"],"inLanguage":"es"},{"@type":"WebPage","@id":"https:\/\/lospoliticosveracruz.com\/?p=127046","url":"https:\/\/lospoliticosveracruz.com\/?p=127046","name":"EL SILENCIO DE CUITL\u00c1HUAC HABLA - Los pol\u00edticos Veracruz","isPartOf":{"@id":"https:\/\/lospoliticosveracruz.com\/#website"},"primaryImageOfPage":{"@id":"https:\/\/lospoliticosveracruz.com\/?p=127046#primaryimage"},"image":{"@id":"https:\/\/lospoliticosveracruz.com\/?p=127046#primaryimage"},"thumbnailUrl":"https:\/\/lospoliticosveracruz.com\/wp-content\/uploads\/2024\/03\/Ambell.jpg","datePublished":"2024-07-06T01:11:09+00:00","dateModified":"2024-07-06T01:11:31+00:00","breadcrumb":{"@id":"https:\/\/lospoliticosveracruz.com\/?p=127046#breadcrumb"},"inLanguage":"es","potentialAction":[{"@type":"ReadAction","target":["https:\/\/lospoliticosveracruz.com\/?p=127046"]}]},{"@type":"ImageObject","inLanguage":"es","@id":"https:\/\/lospoliticosveracruz.com\/?p=127046#primaryimage","url":"https:\/\/lospoliticosveracruz.com\/wp-content\/uploads\/2024\/03\/Ambell.jpg","contentUrl":"https:\/\/lospoliticosveracruz.com\/wp-content\/uploads\/2024\/03\/Ambell.jpg","width":1250,"height":667},{"@type":"BreadcrumbList","@id":"https:\/\/lospoliticosveracruz.com\/?p=127046#breadcrumb","itemListElement":[{"@type":"ListItem","position":1,"name":"Portada","item":"https:\/\/lospoliticosveracruz.com\/"},{"@type":"ListItem","position":2,"name":"EL SILENCIO DE CUITL\u00c1HUAC HABLA"}]},{"@type":"WebSite","@id":"https:\/\/lospoliticosveracruz.com\/#website","url":"https:\/\/lospoliticosveracruz.com\/","name":"Los pol\u00edticos Veracruz","description":"","publisher":{"@id":"https:\/\/lospoliticosveracruz.com\/#organization"},"potentialAction":[{"@type":"SearchAction","target":{"@type":"EntryPoint","urlTemplate":"https:\/\/lospoliticosveracruz.com\/?s={search_term_string}"},"query-input":{"@type":"PropertyValueSpecification","valueRequired":true,"valueName":"search_term_string"}}],"inLanguage":"es"},{"@type":"Organization","@id":"https:\/\/lospoliticosveracruz.com\/#organization","name":"Los pol\u00edticos Veracruz","url":"https:\/\/lospoliticosveracruz.com\/","logo":{"@type":"ImageObject","inLanguage":"es","@id":"https:\/\/lospoliticosveracruz.com\/#\/schema\/logo\/image\/","url":"https:\/\/lospoliticosveracruz.com\/wp-content\/uploads\/2025\/12\/Logo-Nuevo-LOS-POLITICOS-1.jpg","contentUrl":"https:\/\/lospoliticosveracruz.com\/wp-content\/uploads\/2025\/12\/Logo-Nuevo-LOS-POLITICOS-1.jpg","width":260,"height":70,"caption":"Los pol\u00edticos Veracruz"},"image":{"@id":"https:\/\/lospoliticosveracruz.com\/#\/schema\/logo\/image\/"},"sameAs":["https:\/\/www.facebook.com\/people\/Notimemes-de-los-Polticos\/61565672886568\/","https:\/\/x.com\/LosPoliticosVer"]},{"@type":"Person","@id":"https:\/\/lospoliticosveracruz.com\/#\/schema\/person\/b8702bb0e538456e6efd07080bf2a4a2","name":"Lo viste en Los Pol\u00edticos","image":{"@type":"ImageObject","inLanguage":"es","@id":"https:\/\/secure.gravatar.com\/avatar\/3a8de04a2656d44082be478bd6c086daa447c4651605818287b9532d3d0bd435?s=96&d=mm&r=g","url":"https:\/\/secure.gravatar.com\/avatar\/3a8de04a2656d44082be478bd6c086daa447c4651605818287b9532d3d0bd435?s=96&d=mm&r=g","contentUrl":"https:\/\/secure.gravatar.com\/avatar\/3a8de04a2656d44082be478bd6c086daa447c4651605818287b9532d3d0bd435?s=96&d=mm&r=g","caption":"Lo viste en Los Pol\u00edticos"},"url":"https:\/\/lospoliticosveracruz.com\/?author=2"}]}},"_links":{"self":[{"href":"https:\/\/lospoliticosveracruz.com\/index.php?rest_route=\/wp\/v2\/posts\/127046","targetHints":{"allow":["GET"]}}],"collection":[{"href":"https:\/\/lospoliticosveracruz.com\/index.php?rest_route=\/wp\/v2\/posts"}],"about":[{"href":"https:\/\/lospoliticosveracruz.com\/index.php?rest_route=\/wp\/v2\/types\/post"}],"author":[{"embeddable":true,"href":"https:\/\/lospoliticosveracruz.com\/index.php?rest_route=\/wp\/v2\/users\/2"}],"replies":[{"embeddable":true,"href":"https:\/\/lospoliticosveracruz.com\/index.php?rest_route=%2Fwp%2Fv2%2Fcomments&post=127046"}],"version-history":[{"count":2,"href":"https:\/\/lospoliticosveracruz.com\/index.php?rest_route=\/wp\/v2\/posts\/127046\/revisions"}],"predecessor-version":[{"id":127048,"href":"https:\/\/lospoliticosveracruz.com\/index.php?rest_route=\/wp\/v2\/posts\/127046\/revisions\/127048"}],"wp:featuredmedia":[{"embeddable":true,"href":"https:\/\/lospoliticosveracruz.com\/index.php?rest_route=\/wp\/v2\/media\/119814"}],"wp:attachment":[{"href":"https:\/\/lospoliticosveracruz.com\/index.php?rest_route=%2Fwp%2Fv2%2Fmedia&parent=127046"}],"wp:term":[{"taxonomy":"category","embeddable":true,"href":"https:\/\/lospoliticosveracruz.com\/index.php?rest_route=%2Fwp%2Fv2%2Fcategories&post=127046"},{"taxonomy":"post_tag","embeddable":true,"href":"https:\/\/lospoliticosveracruz.com\/index.php?rest_route=%2Fwp%2Fv2%2Ftags&post=127046"}],"curies":[{"name":"wp","href":"https:\/\/api.w.org\/{rel}","templated":true}]}}